{"id":134565,"date":"2023-07-24T10:21:12","date_gmt":"2023-07-24T13:21:12","guid":{"rendered":"https:\/\/folhapopular.info\/?p=134565"},"modified":"2023-07-24T10:21:16","modified_gmt":"2023-07-24T13:21:16","slug":"sancionada-lei-que-retoma-o-programa-de-aquisicao-de-alimentos","status":"publish","type":"post","link":"https:\/\/folhapopular.info\/index.php\/2023\/07\/24\/sancionada-lei-que-retoma-o-programa-de-aquisicao-de-alimentos\/","title":{"rendered":"Sancionada lei que retoma o Programa de Aquisi\u00e7\u00e3o de Alimentos"},"content":{"rendered":"\n<p>A san\u00e7\u00e3o da lei que retoma o Programa de Aquisi\u00e7\u00e3o de Alimentos (PAA) do Governo Federal foi publicada no\u00a0Di\u00e1rio Oficial da Uni\u00e3o desta sexta-feira (21\/7).<\/p>\n\n\n\n<p>De acordo com o texto, sempre que poss\u00edvel, um m\u00ednimo de 30% das compras p\u00fablicas de g\u00eaneros aliment\u00edcios dever\u00e1 ser direcionado \u00e0 aquisi\u00e7\u00e3o de produtos de agricultores familiares e de suas organiza\u00e7\u00f5es. <\/p>\n\n\n\n<p>Entidades p\u00fablicas e hospitais p\u00fablicos e privados sem fins lucrativos que integram a rede socioassistencial, preferencialmente de atendimento a pessoas idosas e com defici\u00eancia, podem ter as suas demandas de g\u00eaneros aliment\u00edcios atendidas pela administra\u00e7\u00e3o p\u00fablica com produtos do PAA. <\/p>\n\n\n\n<p>A Uni\u00e3o est\u00e1 autorizada a efetuar pagamentos aos executores do programa, nos termos de regulamento, com a finalidade de contribuir com as despesas de operacionaliza\u00e7\u00e3o das metas.<\/p>\n\n\n\n<p>A lei tamb\u00e9m prev\u00ea que o mesmo percentual de 30% de recursos para aquisi\u00e7\u00e3o de alimentos do Programa Cozinha Solid\u00e1ria ser\u00e1 destinado a pequenos agricultores. O objetivo \u00e9 distribuir alimenta\u00e7\u00e3o gratuita \u00e0 popula\u00e7\u00e3o em situa\u00e7\u00e3o de vulnerabilidade. <\/p>\n\n\n\n<p>Caber\u00e1 ao Minist\u00e9rio do Desenvolvimento e Assist\u00eancia Social, Fam\u00edlia e Combate \u00e0 Fome organizar e estruturar o programa, conforme crit\u00e9rios a serem estabelecidos em regulamento.<\/p>\n\n\n\n<h2 class=\"wp-block-heading\">Saiba mais<\/h2>\n\n\n\n<p>A norma teve origem no <a href=\"https:\/\/www25.senado.leg.br\/web\/atividade\/materias\/-\/materia\/158733\" target=\"_blank\" rel=\"noreferrer noopener\">PL 2.920\/2023<\/a>, <a href=\"\/noticias\/materias\/2023\/07\/12\/retomada-do-programa-de-aquisicao-de-alimentos-vai-a-sancao\" target=\"_blank\" rel=\"noreferrer noopener\">aprovado pelo Senado em 12 de julho<\/a>\u00a0com relatoria da senadora Teresa Leit\u00e3o (PT-PE). O texto tem o mesmo conte\u00fado da <a href=\"https:\/\/www.congressonacional.leg.br\/materias\/medidas-provisorias\/-\/mpv\/156433\" target=\"_blank\" rel=\"noreferrer noopener\">MP 1.166\/2023<\/a>, cuja vig\u00eancia acabaria no come\u00e7o de agosto. <\/p>\n\n\n\n<p>Em raz\u00e3o do prazo apertado, senadores fecharam acordo para promover apenas ajustes de reda\u00e7\u00e3o na mat\u00e9ria, que foi sancionada sem vetos.\u00a0A\u00a0<a href=\"https:\/\/normas.leg.br\/?urn=urn:lex:br:federal:lei:2023-07-20;14628\" target=\"_blank\" rel=\"noreferrer noopener\">Lei n\u00ba 14.628\/2023<\/a> extingue o Programa Alimenta Brasil, vers\u00e3o implementada no governo Bolsonaro.<\/p>\n\n\n\n<p>Fonte: Ag\u00eancia Senado<\/p>\n","protected":false},"excerpt":{"rendered":"<p>A san\u00e7\u00e3o da lei que retoma o Programa de Aquisi\u00e7\u00e3o de Alimentos (PAA) do Governo Federal foi publicada no\u00a0Di\u00e1rio Oficial da Uni\u00e3o desta sexta-feira (21\/7). De acordo com o texto, sempre que poss\u00edvel, um m\u00ednimo de 30% das compras p\u00fablicas de g\u00eaneros aliment\u00edcios dever\u00e1 ser direcionado \u00e0 aquisi\u00e7\u00e3o de produtos de agricultores familiares e de [&hellip;]<\/p>\n","protected":false},"author":8,"featured_media":134566,"comment_status":"open","ping_status":"open","sticky":false,"template":"","format":"standard","meta":{"pmpro_default_level":"","_jetpack_memberships_contains_paid_content":false,"footnotes":""},"categories":[2,10991,10994],"tags":[160,1308,11027],"class_list":{"0":"post-134565","1":"post","2":"type-post","3":"status-publish","4":"format-standard","5":"has-post-thumbnail","7":"category-featured","8":"category-economia","9":"category-rural","10":"tag-agricultura-familiar","11":"tag-programa-de-aquisicao-de-alimentos","12":"tag-rural","13":"pmpro-has-access"},"yoast_head":"<!-- This site is optimized with the Yoast SEO plugin v27.5 - https:\/\/yoast.com\/product\/yoast-seo-wordpress\/ -->\n<title>Sancionada lei que retoma o Programa de Aquisi\u00e7\u00e3o de Alimentos - Folha Popular<\/title>\n<meta name=\"robots\" content=\"index, follow, max-snippet:-1, max-image-preview:large, max-video-preview:-1\" \/>\n<link rel=\"canonical\" href=\"https:\/\/folhapopular.info\/index.php\/2023\/07\/24\/sancionada-lei-que-retoma-o-programa-de-aquisicao-de-alimentos\/\" \/>\n<meta property=\"og:locale\" content=\"pt_BR\" \/>\n<meta property=\"og:type\" content=\"article\" \/>\n<meta property=\"og:title\" content=\"Sancionada lei que retoma o Programa de Aquisi\u00e7\u00e3o de Alimentos - Folha Popular\" \/>\n<meta property=\"og:description\" content=\"A san\u00e7\u00e3o da lei que retoma o Programa de Aquisi\u00e7\u00e3o de Alimentos (PAA) do Governo Federal foi publicada no\u00a0Di\u00e1rio Oficial da Uni\u00e3o desta sexta-feira (21\/7). De acordo com o texto, sempre que poss\u00edvel, um m\u00ednimo de 30% das compras p\u00fablicas de g\u00eaneros aliment\u00edcios dever\u00e1 ser direcionado \u00e0 aquisi\u00e7\u00e3o de produtos de agricultores familiares e de [&hellip;]\" \/>\n<meta property=\"og:url\" content=\"https:\/\/folhapopular.info\/index.php\/2023\/07\/24\/sancionada-lei-que-retoma-o-programa-de-aquisicao-de-alimentos\/\" \/>\n<meta property=\"og:site_name\" content=\"Folha Popular\" \/>\n<meta property=\"article:published_time\" content=\"2023-07-24T13:21:12+00:00\" \/>\n<meta property=\"article:modified_time\" content=\"2023-07-24T13:21:16+00:00\" \/>\n<meta property=\"og:image\" content=\"http:\/\/folhapopular.info\/wp-content\/uploads\/2023\/07\/imagem_materia.jpg\" \/>\n\t<meta property=\"og:image:width\" content=\"860\" \/>\n\t<meta property=\"og:image:height\" content=\"570\" \/>\n\t<meta property=\"og:image:type\" content=\"image\/jpeg\" \/>\n<meta name=\"author\" content=\"Reda\u00e7\u00e3o Folha Popular\" \/>\n<meta name=\"twitter:card\" content=\"summary_large_image\" \/>\n<meta name=\"twitter:label1\" content=\"Escrito por\" \/>\n\t<meta name=\"twitter:data1\" content=\"Reda\u00e7\u00e3o Folha Popular\" \/>\n\t<meta name=\"twitter:label2\" content=\"Est. tempo de leitura\" \/>\n\t<meta name=\"twitter:data2\" content=\"2 minutos\" \/>\n<script type=\"application\/ld+json\" class=\"yoast-schema-graph\">{\"@context\":\"https:\\\/\\\/schema.org\",\"@graph\":[{\"@type\":\"Article\",\"@id\":\"https:\\\/\\\/folhapopular.info\\\/index.php\\\/2023\\\/07\\\/24\\\/sancionada-lei-que-retoma-o-programa-de-aquisicao-de-alimentos\\\/#article\",\"isPartOf\":{\"@id\":\"https:\\\/\\\/folhapopular.info\\\/index.php\\\/2023\\\/07\\\/24\\\/sancionada-lei-que-retoma-o-programa-de-aquisicao-de-alimentos\\\/\"},\"author\":{\"name\":\"Reda\u00e7\u00e3o Folha Popular\",\"@id\":\"https:\\\/\\\/folhapopular.info\\\/#\\\/schema\\\/person\\\/2814e8a0df7643585a9ca38bc6eb9d4b\"},\"headline\":\"Sancionada lei que retoma o Programa de Aquisi\u00e7\u00e3o de Alimentos\",\"datePublished\":\"2023-07-24T13:21:12+00:00\",\"dateModified\":\"2023-07-24T13:21:16+00:00\",\"mainEntityOfPage\":{\"@id\":\"https:\\\/\\\/folhapopular.info\\\/index.php\\\/2023\\\/07\\\/24\\\/sancionada-lei-que-retoma-o-programa-de-aquisicao-de-alimentos\\\/\"},\"wordCount\":303,\"commentCount\":0,\"image\":{\"@id\":\"https:\\\/\\\/folhapopular.info\\\/index.php\\\/2023\\\/07\\\/24\\\/sancionada-lei-que-retoma-o-programa-de-aquisicao-de-alimentos\\\/#primaryimage\"},\"thumbnailUrl\":\"https:\\\/\\\/folhapopular.info\\\/wp-content\\\/uploads\\\/2023\\\/07\\\/imagem_materia.jpg\",\"keywords\":[\"Agricultura Familiar\",\"Programa de Aquisi\u00e7\u00e3o de Alimentos\",\"rural\"],\"articleSection\":[\"Destaques\",\"Economia\",\"Rural\"],\"inLanguage\":\"pt-BR\",\"potentialAction\":[{\"@type\":\"CommentAction\",\"name\":\"Comment\",\"target\":[\"https:\\\/\\\/folhapopular.info\\\/index.php\\\/2023\\\/07\\\/24\\\/sancionada-lei-que-retoma-o-programa-de-aquisicao-de-alimentos\\\/#respond\"]}]},{\"@type\":\"WebPage\",\"@id\":\"https:\\\/\\\/folhapopular.info\\\/index.php\\\/2023\\\/07\\\/24\\\/sancionada-lei-que-retoma-o-programa-de-aquisicao-de-alimentos\\\/\",\"url\":\"https:\\\/\\\/folhapopular.info\\\/index.php\\\/2023\\\/07\\\/24\\\/sancionada-lei-que-retoma-o-programa-de-aquisicao-de-alimentos\\\/\",\"name\":\"Sancionada lei que retoma o Programa de Aquisi\u00e7\u00e3o de Alimentos - Folha Popular\",\"isPartOf\":{\"@id\":\"https:\\\/\\\/folhapopular.info\\\/#website\"},\"primaryImageOfPage\":{\"@id\":\"https:\\\/\\\/folhapopular.info\\\/index.php\\\/2023\\\/07\\\/24\\\/sancionada-lei-que-retoma-o-programa-de-aquisicao-de-alimentos\\\/#primaryimage\"},\"image\":{\"@id\":\"https:\\\/\\\/folhapopular.info\\\/index.php\\\/2023\\\/07\\\/24\\\/sancionada-lei-que-retoma-o-programa-de-aquisicao-de-alimentos\\\/#primaryimage\"},\"thumbnailUrl\":\"https:\\\/\\\/folhapopular.info\\\/wp-content\\\/uploads\\\/2023\\\/07\\\/imagem_materia.jpg\",\"datePublished\":\"2023-07-24T13:21:12+00:00\",\"dateModified\":\"2023-07-24T13:21:16+00:00\",\"author\":{\"@id\":\"https:\\\/\\\/folhapopular.info\\\/#\\\/schema\\\/person\\\/2814e8a0df7643585a9ca38bc6eb9d4b\"},\"breadcrumb\":{\"@id\":\"https:\\\/\\\/folhapopular.info\\\/index.php\\\/2023\\\/07\\\/24\\\/sancionada-lei-que-retoma-o-programa-de-aquisicao-de-alimentos\\\/#breadcrumb\"},\"inLanguage\":\"pt-BR\",\"potentialAction\":[{\"@type\":\"ReadAction\",\"target\":[\"https:\\\/\\\/folhapopular.info\\\/index.php\\\/2023\\\/07\\\/24\\\/sancionada-lei-que-retoma-o-programa-de-aquisicao-de-alimentos\\\/\"]}]},{\"@type\":\"ImageObject\",\"inLanguage\":\"pt-BR\",\"@id\":\"https:\\\/\\\/folhapopular.info\\\/index.php\\\/2023\\\/07\\\/24\\\/sancionada-lei-que-retoma-o-programa-de-aquisicao-de-alimentos\\\/#primaryimage\",\"url\":\"https:\\\/\\\/folhapopular.info\\\/wp-content\\\/uploads\\\/2023\\\/07\\\/imagem_materia.jpg\",\"contentUrl\":\"https:\\\/\\\/folhapopular.info\\\/wp-content\\\/uploads\\\/2023\\\/07\\\/imagem_materia.jpg\",\"width\":860,\"height\":570,\"caption\":\"Cr\u00e9dito: Jorge Etecheber \\\/ Sesc SP\"},{\"@type\":\"BreadcrumbList\",\"@id\":\"https:\\\/\\\/folhapopular.info\\\/index.php\\\/2023\\\/07\\\/24\\\/sancionada-lei-que-retoma-o-programa-de-aquisicao-de-alimentos\\\/#breadcrumb\",\"itemListElement\":[{\"@type\":\"ListItem\",\"position\":1,\"name\":\"In\u00edcio\",\"item\":\"https:\\\/\\\/folhapopular.info\\\/\"},{\"@type\":\"ListItem\",\"position\":2,\"name\":\"Sancionada lei que retoma o Programa de Aquisi\u00e7\u00e3o de Alimentos\"}]},{\"@type\":\"WebSite\",\"@id\":\"https:\\\/\\\/folhapopular.info\\\/#website\",\"url\":\"https:\\\/\\\/folhapopular.info\\\/\",\"name\":\"Folha Popular\",\"description\":\"Onde voc\u00ea tem vez e voz\",\"potentialAction\":[{\"@type\":\"SearchAction\",\"target\":{\"@type\":\"EntryPoint\",\"urlTemplate\":\"https:\\\/\\\/folhapopular.info\\\/?s={search_term_string}\"},\"query-input\":{\"@type\":\"PropertyValueSpecification\",\"valueRequired\":true,\"valueName\":\"search_term_string\"}}],\"inLanguage\":\"pt-BR\"},{\"@type\":\"Person\",\"@id\":\"https:\\\/\\\/folhapopular.info\\\/#\\\/schema\\\/person\\\/2814e8a0df7643585a9ca38bc6eb9d4b\",\"name\":\"Reda\u00e7\u00e3o Folha Popular\",\"image\":{\"@type\":\"ImageObject\",\"inLanguage\":\"pt-BR\",\"@id\":\"https:\\\/\\\/folhapopular.info\\\/wp-content\\\/uploads\\\/2026\\\/04\\\/Folha-1.webp\",\"url\":\"https:\\\/\\\/folhapopular.info\\\/wp-content\\\/uploads\\\/2026\\\/04\\\/Folha-1.webp\",\"contentUrl\":\"https:\\\/\\\/folhapopular.info\\\/wp-content\\\/uploads\\\/2026\\\/04\\\/Folha-1.webp\",\"caption\":\"Reda\u00e7\u00e3o Folha Popular\"},\"url\":\"https:\\\/\\\/folhapopular.info\\\/index.php\\\/author\\\/redacao\\\/\"}]}<\/script>\n<!-- \/ Yoast SEO plugin. -->","yoast_head_json":{"title":"Sancionada lei que retoma o Programa de Aquisi\u00e7\u00e3o de Alimentos - Folha Popular","robots":{"index":"index","follow":"follow","max-snippet":"max-snippet:-1","max-image-preview":"max-image-preview:large","max-video-preview":"max-video-preview:-1"},"canonical":"https:\/\/folhapopular.info\/index.php\/2023\/07\/24\/sancionada-lei-que-retoma-o-programa-de-aquisicao-de-alimentos\/","og_locale":"pt_BR","og_type":"article","og_title":"Sancionada lei que retoma o Programa de Aquisi\u00e7\u00e3o de Alimentos - Folha Popular","og_description":"A san\u00e7\u00e3o da lei que retoma o Programa de Aquisi\u00e7\u00e3o de Alimentos (PAA) do Governo Federal foi publicada no\u00a0Di\u00e1rio Oficial da Uni\u00e3o desta sexta-feira (21\/7). De acordo com o texto, sempre que poss\u00edvel, um m\u00ednimo de 30% das compras p\u00fablicas de g\u00eaneros aliment\u00edcios dever\u00e1 ser direcionado \u00e0 aquisi\u00e7\u00e3o de produtos de agricultores familiares e de [&hellip;]","og_url":"https:\/\/folhapopular.info\/index.php\/2023\/07\/24\/sancionada-lei-que-retoma-o-programa-de-aquisicao-de-alimentos\/","og_site_name":"Folha Popular","article_published_time":"2023-07-24T13:21:12+00:00","article_modified_time":"2023-07-24T13:21:16+00:00","og_image":[{"width":860,"height":570,"url":"http:\/\/folhapopular.info\/wp-content\/uploads\/2023\/07\/imagem_materia.jpg","type":"image\/jpeg"}],"author":"Reda\u00e7\u00e3o Folha Popular","twitter_card":"summary_large_image","twitter_misc":{"Escrito por":"Reda\u00e7\u00e3o Folha Popular","Est. tempo de leitura":"2 minutos"},"schema":{"@context":"https:\/\/schema.org","@graph":[{"@type":"Article","@id":"https:\/\/folhapopular.info\/index.php\/2023\/07\/24\/sancionada-lei-que-retoma-o-programa-de-aquisicao-de-alimentos\/#article","isPartOf":{"@id":"https:\/\/folhapopular.info\/index.php\/2023\/07\/24\/sancionada-lei-que-retoma-o-programa-de-aquisicao-de-alimentos\/"},"author":{"name":"Reda\u00e7\u00e3o Folha Popular","@id":"https:\/\/folhapopular.info\/#\/schema\/person\/2814e8a0df7643585a9ca38bc6eb9d4b"},"headline":"Sancionada lei que retoma o Programa de Aquisi\u00e7\u00e3o de Alimentos","datePublished":"2023-07-24T13:21:12+00:00","dateModified":"2023-07-24T13:21:16+00:00","mainEntityOfPage":{"@id":"https:\/\/folhapopular.info\/index.php\/2023\/07\/24\/sancionada-lei-que-retoma-o-programa-de-aquisicao-de-alimentos\/"},"wordCount":303,"commentCount":0,"image":{"@id":"https:\/\/folhapopular.info\/index.php\/2023\/07\/24\/sancionada-lei-que-retoma-o-programa-de-aquisicao-de-alimentos\/#primaryimage"},"thumbnailUrl":"https:\/\/folhapopular.info\/wp-content\/uploads\/2023\/07\/imagem_materia.jpg","keywords":["Agricultura Familiar","Programa de Aquisi\u00e7\u00e3o de Alimentos","rural"],"articleSection":["Destaques","Economia","Rural"],"inLanguage":"pt-BR","potentialAction":[{"@type":"CommentAction","name":"Comment","target":["https:\/\/folhapopular.info\/index.php\/2023\/07\/24\/sancionada-lei-que-retoma-o-programa-de-aquisicao-de-alimentos\/#respond"]}]},{"@type":"WebPage","@id":"https:\/\/folhapopular.info\/index.php\/2023\/07\/24\/sancionada-lei-que-retoma-o-programa-de-aquisicao-de-alimentos\/","url":"https:\/\/folhapopular.info\/index.php\/2023\/07\/24\/sancionada-lei-que-retoma-o-programa-de-aquisicao-de-alimentos\/","name":"Sancionada lei que retoma o Programa de Aquisi\u00e7\u00e3o de Alimentos - Folha Popular","isPartOf":{"@id":"https:\/\/folhapopular.info\/#website"},"primaryImageOfPage":{"@id":"https:\/\/folhapopular.info\/index.php\/2023\/07\/24\/sancionada-lei-que-retoma-o-programa-de-aquisicao-de-alimentos\/#primaryimage"},"image":{"@id":"https:\/\/folhapopular.info\/index.php\/2023\/07\/24\/sancionada-lei-que-retoma-o-programa-de-aquisicao-de-alimentos\/#primaryimage"},"thumbnailUrl":"https:\/\/folhapopular.info\/wp-content\/uploads\/2023\/07\/imagem_materia.jpg","datePublished":"2023-07-24T13:21:12+00:00","dateModified":"2023-07-24T13:21:16+00:00","author":{"@id":"https:\/\/folhapopular.info\/#\/schema\/person\/2814e8a0df7643585a9ca38bc6eb9d4b"},"breadcrumb":{"@id":"https:\/\/folhapopular.info\/index.php\/2023\/07\/24\/sancionada-lei-que-retoma-o-programa-de-aquisicao-de-alimentos\/#breadcrumb"},"inLanguage":"pt-BR","potentialAction":[{"@type":"ReadAction","target":["https:\/\/folhapopular.info\/index.php\/2023\/07\/24\/sancionada-lei-que-retoma-o-programa-de-aquisicao-de-alimentos\/"]}]},{"@type":"ImageObject","inLanguage":"pt-BR","@id":"https:\/\/folhapopular.info\/index.php\/2023\/07\/24\/sancionada-lei-que-retoma-o-programa-de-aquisicao-de-alimentos\/#primaryimage","url":"https:\/\/folhapopular.info\/wp-content\/uploads\/2023\/07\/imagem_materia.jpg","contentUrl":"https:\/\/folhapopular.info\/wp-content\/uploads\/2023\/07\/imagem_materia.jpg","width":860,"height":570,"caption":"Cr\u00e9dito: Jorge Etecheber \/ Sesc SP"},{"@type":"BreadcrumbList","@id":"https:\/\/folhapopular.info\/index.php\/2023\/07\/24\/sancionada-lei-que-retoma-o-programa-de-aquisicao-de-alimentos\/#breadcrumb","itemListElement":[{"@type":"ListItem","position":1,"name":"In\u00edcio","item":"https:\/\/folhapopular.info\/"},{"@type":"ListItem","position":2,"name":"Sancionada lei que retoma o Programa de Aquisi\u00e7\u00e3o de Alimentos"}]},{"@type":"WebSite","@id":"https:\/\/folhapopular.info\/#website","url":"https:\/\/folhapopular.info\/","name":"Folha Popular","description":"Onde voc\u00ea tem vez e voz","potentialAction":[{"@type":"SearchAction","target":{"@type":"EntryPoint","urlTemplate":"https:\/\/folhapopular.info\/?s={search_term_string}"},"query-input":{"@type":"PropertyValueSpecification","valueRequired":true,"valueName":"search_term_string"}}],"inLanguage":"pt-BR"},{"@type":"Person","@id":"https:\/\/folhapopular.info\/#\/schema\/person\/2814e8a0df7643585a9ca38bc6eb9d4b","name":"Reda\u00e7\u00e3o Folha Popular","image":{"@type":"ImageObject","inLanguage":"pt-BR","@id":"https:\/\/folhapopular.info\/wp-content\/uploads\/2026\/04\/Folha-1.webp","url":"https:\/\/folhapopular.info\/wp-content\/uploads\/2026\/04\/Folha-1.webp","contentUrl":"https:\/\/folhapopular.info\/wp-content\/uploads\/2026\/04\/Folha-1.webp","caption":"Reda\u00e7\u00e3o Folha Popular"},"url":"https:\/\/folhapopular.info\/index.php\/author\/redacao\/"}]}},"jetpack_featured_media_url":"https:\/\/folhapopular.info\/wp-content\/uploads\/2023\/07\/imagem_materia.jpg","jetpack_sharing_enabled":true,"amp_enabled":true,"_links":{"self":[{"href":"https:\/\/folhapopular.info\/index.php\/wp-json\/wp\/v2\/posts\/134565","targetHints":{"allow":["GET"]}}],"collection":[{"href":"https:\/\/folhapopular.info\/index.php\/wp-json\/wp\/v2\/posts"}],"about":[{"href":"https:\/\/folhapopular.info\/index.php\/wp-json\/wp\/v2\/types\/post"}],"author":[{"embeddable":true,"href":"https:\/\/folhapopular.info\/index.php\/wp-json\/wp\/v2\/users\/8"}],"replies":[{"embeddable":true,"href":"https:\/\/folhapopular.info\/index.php\/wp-json\/wp\/v2\/comments?post=134565"}],"version-history":[{"count":0,"href":"https:\/\/folhapopular.info\/index.php\/wp-json\/wp\/v2\/posts\/134565\/revisions"}],"wp:featuredmedia":[{"embeddable":true,"href":"https:\/\/folhapopular.info\/index.php\/wp-json\/wp\/v2\/media\/134566"}],"wp:attachment":[{"href":"https:\/\/folhapopular.info\/index.php\/wp-json\/wp\/v2\/media?parent=134565"}],"wp:term":[{"taxonomy":"category","embeddable":true,"href":"https:\/\/folhapopular.info\/index.php\/wp-json\/wp\/v2\/categories?post=134565"},{"taxonomy":"post_tag","embeddable":true,"href":"https:\/\/folhapopular.info\/index.php\/wp-json\/wp\/v2\/tags?post=134565"}],"curies":[{"name":"wp","href":"https:\/\/api.w.org\/{rel}","templated":true}]}}