{"id":134628,"date":"2023-07-24T17:15:00","date_gmt":"2023-07-24T20:15:00","guid":{"rendered":"https:\/\/folhapopular.info\/?p=134628"},"modified":"2023-07-24T16:07:23","modified_gmt":"2023-07-24T19:07:23","slug":"indice-de-inflacao-custos-de-producao-manteve-retracao-em-junho-segundo-farsul","status":"publish","type":"post","link":"https:\/\/folhapopular.info\/index.php\/2023\/07\/24\/indice-de-inflacao-custos-de-producao-manteve-retracao-em-junho-segundo-farsul\/","title":{"rendered":"\u00cdndice de Infla\u00e7\u00e3o Custos de Produ\u00e7\u00e3o manteve retra\u00e7\u00e3o em junho, segundo Farsul"},"content":{"rendered":"\n<p>O \u00cdndice de Infla\u00e7\u00e3o Custos de Produ\u00e7\u00e3o (IICP) de junho seguiu em queda, tendo registrado retra\u00e7\u00e3o de 5,51% em rela\u00e7\u00e3o ao m\u00eas anterior, e mantendo a sequ\u00eancia de quedas iniciada em junho de 2022. <\/p>\n\n\n\n<p>A informa\u00e7\u00e3o foi divulgada pela assessoria econ\u00f4mica da Federa\u00e7\u00e3o da Agricultura do Estado do Rio Grande do Sul (Farsul) nesta segunda-feira (24\/7).<\/p>\n\n\n\n<p>A taxa cambial tamb\u00e9m sofreu redu\u00e7\u00e3o, refletindo nos custos de fertilizantes e frete. Como reflexo dessa queda, o acumulado de 12 meses do IICP registrou -33,51% em junho de 2023, mas o pre\u00e7o dos fertilizantes ainda est\u00e1 em um patamar de custo superior \u00e0queles do come\u00e7o de 2021, conforme o relat\u00f3rio.<\/p>\n\n\n\n<p>O \u00cdndice de Infla\u00e7\u00e3o dos Pre\u00e7os Recebidos pelos Produtores (IIPR) tamb\u00e9m segue em defla\u00e7\u00e3o, registrando uma queda de 2,44% em compara\u00e7\u00e3o com o m\u00eas anterior. <\/p>\n\n\n\n<p>As proje\u00e7\u00f5es de aumento da safra de gr\u00e3os brasileiras t\u00eam pressionado o pre\u00e7o desses produtos, com destaque para o milho, que teve negocia\u00e7\u00f5es pontuais durante o m\u00eas. <\/p>\n\n\n\n<p>O leite, que normalmente tem seus pre\u00e7os valorizados no per\u00edodo gra\u00e7as \u00e0 diminui\u00e7\u00e3o sazonal da oferta, teve a primeira queda de pre\u00e7o em 2023, devido ao aumento das importa\u00e7\u00f5es e da estagna\u00e7\u00e3o da demanda.<\/p>\n\n\n\n<p>Enquanto o IIPR acumulado em 12 meses sofreu queda de 25,05%, o IPCA Alimentos inflacionou 4,01% no mesmo per\u00edodo. Conforme a nota, &#8220;isto refor\u00e7a que n\u00e3o existe rela\u00e7\u00e3o direta entre o \u00edndice e o pre\u00e7o dos alimentos no com\u00e9rcio. Custos como energia el\u00e9trica, m\u00e3o de obra, combust\u00edveis, entre outros, s\u00e3o fatores que contribuem para a varia\u00e7\u00e3o do pre\u00e7o que chega ao consumidor&#8221;.<\/p>\n\n\n\n<p>Confira o relat\u00f3rio completo <a href=\"https:\/\/www.farsul.org.br\/files\/ef35f45d62d323d4866d4db0acea1f8a\/midia_document\/20230724\/06.-RelatA-rio-IICP-IIPR-Jun23.pdf\" target=\"_blank\" rel=\"noreferrer noopener\">aqui<\/a>.<\/p>\n","protected":false},"excerpt":{"rendered":"<p>O \u00cdndice de Infla\u00e7\u00e3o Custos de Produ\u00e7\u00e3o (IICP) de junho seguiu em queda, tendo registrado retra\u00e7\u00e3o de 5,51% em rela\u00e7\u00e3o ao m\u00eas anterior, e mantendo a sequ\u00eancia de quedas iniciada em junho de 2022. A informa\u00e7\u00e3o foi divulgada pela assessoria econ\u00f4mica da Federa\u00e7\u00e3o da Agricultura do Estado do Rio Grande do Sul (Farsul) nesta segunda-feira [&hellip;]<\/p>\n","protected":false},"author":8,"featured_media":134646,"comment_status":"open","ping_status":"open","sticky":false,"template":"","format":"standard","meta":{"pmpro_default_level":"","_jetpack_memberships_contains_paid_content":false,"footnotes":""},"categories":[2,10991,10994],"tags":[235,10627,12725,12726],"class_list":{"0":"post-134628","1":"post","2":"type-post","3":"status-publish","4":"format-standard","5":"has-post-thumbnail","7":"category-featured","8":"category-economia","9":"category-rural","10":"tag-agricultura","11":"tag-farsul","12":"tag-indice-de-inflacao-custos-de-producao","13":"tag-indice-de-inflacao-dos-precos-recebidos-pelos-produtores","14":"pmpro-has-access"},"yoast_head":"<!-- This site is optimized with the Yoast SEO plugin v27.5 - https:\/\/yoast.com\/product\/yoast-seo-wordpress\/ -->\n<title>\u00cdndice de Infla\u00e7\u00e3o Custos de Produ\u00e7\u00e3o manteve retra\u00e7\u00e3o em junho, segundo Farsul - Folha Popular<\/title>\n<meta name=\"robots\" content=\"index, follow, max-snippet:-1, max-image-preview:large, max-video-preview:-1\" \/>\n<link rel=\"canonical\" href=\"https:\/\/folhapopular.info\/index.php\/2023\/07\/24\/indice-de-inflacao-custos-de-producao-manteve-retracao-em-junho-segundo-farsul\/\" \/>\n<meta property=\"og:locale\" content=\"pt_BR\" \/>\n<meta property=\"og:type\" content=\"article\" \/>\n<meta property=\"og:title\" content=\"\u00cdndice de Infla\u00e7\u00e3o Custos de Produ\u00e7\u00e3o manteve retra\u00e7\u00e3o em junho, segundo Farsul - Folha Popular\" \/>\n<meta property=\"og:description\" content=\"O \u00cdndice de Infla\u00e7\u00e3o Custos de Produ\u00e7\u00e3o (IICP) de junho seguiu em queda, tendo registrado retra\u00e7\u00e3o de 5,51% em rela\u00e7\u00e3o ao m\u00eas anterior, e mantendo a sequ\u00eancia de quedas iniciada em junho de 2022. A informa\u00e7\u00e3o foi divulgada pela assessoria econ\u00f4mica da Federa\u00e7\u00e3o da Agricultura do Estado do Rio Grande do Sul (Farsul) nesta segunda-feira [&hellip;]\" \/>\n<meta property=\"og:url\" content=\"https:\/\/folhapopular.info\/index.php\/2023\/07\/24\/indice-de-inflacao-custos-de-producao-manteve-retracao-em-junho-segundo-farsul\/\" \/>\n<meta property=\"og:site_name\" content=\"Folha Popular\" \/>\n<meta property=\"article:published_time\" content=\"2023-07-24T20:15:00+00:00\" \/>\n<meta property=\"og:image\" content=\"https:\/\/folhapopular.info\/wp-content\/uploads\/2023\/07\/pexels-mark-stebnicki-2749165.jpg\" \/>\n\t<meta property=\"og:image:width\" content=\"1920\" \/>\n\t<meta property=\"og:image:height\" content=\"1280\" \/>\n\t<meta property=\"og:image:type\" content=\"image\/jpeg\" \/>\n<meta name=\"author\" content=\"Reda\u00e7\u00e3o Folha Popular\" \/>\n<meta name=\"twitter:card\" content=\"summary_large_image\" \/>\n<meta name=\"twitter:label1\" content=\"Escrito por\" \/>\n\t<meta name=\"twitter:data1\" content=\"Reda\u00e7\u00e3o Folha Popular\" \/>\n\t<meta name=\"twitter:label2\" content=\"Est. tempo de leitura\" \/>\n\t<meta name=\"twitter:data2\" content=\"2 minutos\" \/>\n<script type=\"application\/ld+json\" class=\"yoast-schema-graph\">{\"@context\":\"https:\\\/\\\/schema.org\",\"@graph\":[{\"@type\":\"Article\",\"@id\":\"https:\\\/\\\/folhapopular.info\\\/index.php\\\/2023\\\/07\\\/24\\\/indice-de-inflacao-custos-de-producao-manteve-retracao-em-junho-segundo-farsul\\\/#article\",\"isPartOf\":{\"@id\":\"https:\\\/\\\/folhapopular.info\\\/index.php\\\/2023\\\/07\\\/24\\\/indice-de-inflacao-custos-de-producao-manteve-retracao-em-junho-segundo-farsul\\\/\"},\"author\":{\"name\":\"Reda\u00e7\u00e3o Folha Popular\",\"@id\":\"https:\\\/\\\/folhapopular.info\\\/#\\\/schema\\\/person\\\/2814e8a0df7643585a9ca38bc6eb9d4b\"},\"headline\":\"\u00cdndice de Infla\u00e7\u00e3o Custos de Produ\u00e7\u00e3o manteve retra\u00e7\u00e3o em junho, segundo Farsul\",\"datePublished\":\"2023-07-24T20:15:00+00:00\",\"mainEntityOfPage\":{\"@id\":\"https:\\\/\\\/folhapopular.info\\\/index.php\\\/2023\\\/07\\\/24\\\/indice-de-inflacao-custos-de-producao-manteve-retracao-em-junho-segundo-farsul\\\/\"},\"wordCount\":309,\"commentCount\":0,\"image\":{\"@id\":\"https:\\\/\\\/folhapopular.info\\\/index.php\\\/2023\\\/07\\\/24\\\/indice-de-inflacao-custos-de-producao-manteve-retracao-em-junho-segundo-farsul\\\/#primaryimage\"},\"thumbnailUrl\":\"https:\\\/\\\/folhapopular.info\\\/wp-content\\\/uploads\\\/2023\\\/07\\\/pexels-mark-stebnicki-2749165.jpg\",\"keywords\":[\"Agricultura\",\"FARSUL\",\"\u00edndice de infla\u00e7\u00e3o custos de produ\u00e7\u00e3o\",\"\u00edndice de infla\u00e7\u00e3o dos pre\u00e7os recebidos pelos produtores\"],\"articleSection\":[\"Destaques\",\"Economia\",\"Rural\"],\"inLanguage\":\"pt-BR\",\"potentialAction\":[{\"@type\":\"CommentAction\",\"name\":\"Comment\",\"target\":[\"https:\\\/\\\/folhapopular.info\\\/index.php\\\/2023\\\/07\\\/24\\\/indice-de-inflacao-custos-de-producao-manteve-retracao-em-junho-segundo-farsul\\\/#respond\"]}]},{\"@type\":\"WebPage\",\"@id\":\"https:\\\/\\\/folhapopular.info\\\/index.php\\\/2023\\\/07\\\/24\\\/indice-de-inflacao-custos-de-producao-manteve-retracao-em-junho-segundo-farsul\\\/\",\"url\":\"https:\\\/\\\/folhapopular.info\\\/index.php\\\/2023\\\/07\\\/24\\\/indice-de-inflacao-custos-de-producao-manteve-retracao-em-junho-segundo-farsul\\\/\",\"name\":\"\u00cdndice de Infla\u00e7\u00e3o Custos de Produ\u00e7\u00e3o manteve retra\u00e7\u00e3o em junho, segundo Farsul - Folha Popular\",\"isPartOf\":{\"@id\":\"https:\\\/\\\/folhapopular.info\\\/#website\"},\"primaryImageOfPage\":{\"@id\":\"https:\\\/\\\/folhapopular.info\\\/index.php\\\/2023\\\/07\\\/24\\\/indice-de-inflacao-custos-de-producao-manteve-retracao-em-junho-segundo-farsul\\\/#primaryimage\"},\"image\":{\"@id\":\"https:\\\/\\\/folhapopular.info\\\/index.php\\\/2023\\\/07\\\/24\\\/indice-de-inflacao-custos-de-producao-manteve-retracao-em-junho-segundo-farsul\\\/#primaryimage\"},\"thumbnailUrl\":\"https:\\\/\\\/folhapopular.info\\\/wp-content\\\/uploads\\\/2023\\\/07\\\/pexels-mark-stebnicki-2749165.jpg\",\"datePublished\":\"2023-07-24T20:15:00+00:00\",\"author\":{\"@id\":\"https:\\\/\\\/folhapopular.info\\\/#\\\/schema\\\/person\\\/2814e8a0df7643585a9ca38bc6eb9d4b\"},\"breadcrumb\":{\"@id\":\"https:\\\/\\\/folhapopular.info\\\/index.php\\\/2023\\\/07\\\/24\\\/indice-de-inflacao-custos-de-producao-manteve-retracao-em-junho-segundo-farsul\\\/#breadcrumb\"},\"inLanguage\":\"pt-BR\",\"potentialAction\":[{\"@type\":\"ReadAction\",\"target\":[\"https:\\\/\\\/folhapopular.info\\\/index.php\\\/2023\\\/07\\\/24\\\/indice-de-inflacao-custos-de-producao-manteve-retracao-em-junho-segundo-farsul\\\/\"]}]},{\"@type\":\"ImageObject\",\"inLanguage\":\"pt-BR\",\"@id\":\"https:\\\/\\\/folhapopular.info\\\/index.php\\\/2023\\\/07\\\/24\\\/indice-de-inflacao-custos-de-producao-manteve-retracao-em-junho-segundo-farsul\\\/#primaryimage\",\"url\":\"https:\\\/\\\/folhapopular.info\\\/wp-content\\\/uploads\\\/2023\\\/07\\\/pexels-mark-stebnicki-2749165.jpg\",\"contentUrl\":\"https:\\\/\\\/folhapopular.info\\\/wp-content\\\/uploads\\\/2023\\\/07\\\/pexels-mark-stebnicki-2749165.jpg\",\"width\":1920,\"height\":1280,\"caption\":\"Cr\u00e9dito: Mark Stebnicki \\\/ Pexels\"},{\"@type\":\"BreadcrumbList\",\"@id\":\"https:\\\/\\\/folhapopular.info\\\/index.php\\\/2023\\\/07\\\/24\\\/indice-de-inflacao-custos-de-producao-manteve-retracao-em-junho-segundo-farsul\\\/#breadcrumb\",\"itemListElement\":[{\"@type\":\"ListItem\",\"position\":1,\"name\":\"In\u00edcio\",\"item\":\"https:\\\/\\\/folhapopular.info\\\/\"},{\"@type\":\"ListItem\",\"position\":2,\"name\":\"\u00cdndice de Infla\u00e7\u00e3o Custos de Produ\u00e7\u00e3o manteve retra\u00e7\u00e3o em junho, segundo Farsul\"}]},{\"@type\":\"WebSite\",\"@id\":\"https:\\\/\\\/folhapopular.info\\\/#website\",\"url\":\"https:\\\/\\\/folhapopular.info\\\/\",\"name\":\"Folha Popular\",\"description\":\"Onde voc\u00ea tem vez e voz\",\"potentialAction\":[{\"@type\":\"SearchAction\",\"target\":{\"@type\":\"EntryPoint\",\"urlTemplate\":\"https:\\\/\\\/folhapopular.info\\\/?s={search_term_string}\"},\"query-input\":{\"@type\":\"PropertyValueSpecification\",\"valueRequired\":true,\"valueName\":\"search_term_string\"}}],\"inLanguage\":\"pt-BR\"},{\"@type\":\"Person\",\"@id\":\"https:\\\/\\\/folhapopular.info\\\/#\\\/schema\\\/person\\\/2814e8a0df7643585a9ca38bc6eb9d4b\",\"name\":\"Reda\u00e7\u00e3o Folha Popular\",\"image\":{\"@type\":\"ImageObject\",\"inLanguage\":\"pt-BR\",\"@id\":\"https:\\\/\\\/folhapopular.info\\\/wp-content\\\/uploads\\\/2026\\\/04\\\/Folha-1.webp\",\"url\":\"https:\\\/\\\/folhapopular.info\\\/wp-content\\\/uploads\\\/2026\\\/04\\\/Folha-1.webp\",\"contentUrl\":\"https:\\\/\\\/folhapopular.info\\\/wp-content\\\/uploads\\\/2026\\\/04\\\/Folha-1.webp\",\"caption\":\"Reda\u00e7\u00e3o Folha Popular\"},\"url\":\"https:\\\/\\\/folhapopular.info\\\/index.php\\\/author\\\/redacao\\\/\"}]}<\/script>\n<!-- \/ Yoast SEO plugin. -->","yoast_head_json":{"title":"\u00cdndice de Infla\u00e7\u00e3o Custos de Produ\u00e7\u00e3o manteve retra\u00e7\u00e3o em junho, segundo Farsul - Folha Popular","robots":{"index":"index","follow":"follow","max-snippet":"max-snippet:-1","max-image-preview":"max-image-preview:large","max-video-preview":"max-video-preview:-1"},"canonical":"https:\/\/folhapopular.info\/index.php\/2023\/07\/24\/indice-de-inflacao-custos-de-producao-manteve-retracao-em-junho-segundo-farsul\/","og_locale":"pt_BR","og_type":"article","og_title":"\u00cdndice de Infla\u00e7\u00e3o Custos de Produ\u00e7\u00e3o manteve retra\u00e7\u00e3o em junho, segundo Farsul - Folha Popular","og_description":"O \u00cdndice de Infla\u00e7\u00e3o Custos de Produ\u00e7\u00e3o (IICP) de junho seguiu em queda, tendo registrado retra\u00e7\u00e3o de 5,51% em rela\u00e7\u00e3o ao m\u00eas anterior, e mantendo a sequ\u00eancia de quedas iniciada em junho de 2022. A informa\u00e7\u00e3o foi divulgada pela assessoria econ\u00f4mica da Federa\u00e7\u00e3o da Agricultura do Estado do Rio Grande do Sul (Farsul) nesta segunda-feira [&hellip;]","og_url":"https:\/\/folhapopular.info\/index.php\/2023\/07\/24\/indice-de-inflacao-custos-de-producao-manteve-retracao-em-junho-segundo-farsul\/","og_site_name":"Folha Popular","article_published_time":"2023-07-24T20:15:00+00:00","og_image":[{"width":1920,"height":1280,"url":"https:\/\/folhapopular.info\/wp-content\/uploads\/2023\/07\/pexels-mark-stebnicki-2749165.jpg","type":"image\/jpeg"}],"author":"Reda\u00e7\u00e3o Folha Popular","twitter_card":"summary_large_image","twitter_misc":{"Escrito por":"Reda\u00e7\u00e3o Folha Popular","Est. tempo de leitura":"2 minutos"},"schema":{"@context":"https:\/\/schema.org","@graph":[{"@type":"Article","@id":"https:\/\/folhapopular.info\/index.php\/2023\/07\/24\/indice-de-inflacao-custos-de-producao-manteve-retracao-em-junho-segundo-farsul\/#article","isPartOf":{"@id":"https:\/\/folhapopular.info\/index.php\/2023\/07\/24\/indice-de-inflacao-custos-de-producao-manteve-retracao-em-junho-segundo-farsul\/"},"author":{"name":"Reda\u00e7\u00e3o Folha Popular","@id":"https:\/\/folhapopular.info\/#\/schema\/person\/2814e8a0df7643585a9ca38bc6eb9d4b"},"headline":"\u00cdndice de Infla\u00e7\u00e3o Custos de Produ\u00e7\u00e3o manteve retra\u00e7\u00e3o em junho, segundo Farsul","datePublished":"2023-07-24T20:15:00+00:00","mainEntityOfPage":{"@id":"https:\/\/folhapopular.info\/index.php\/2023\/07\/24\/indice-de-inflacao-custos-de-producao-manteve-retracao-em-junho-segundo-farsul\/"},"wordCount":309,"commentCount":0,"image":{"@id":"https:\/\/folhapopular.info\/index.php\/2023\/07\/24\/indice-de-inflacao-custos-de-producao-manteve-retracao-em-junho-segundo-farsul\/#primaryimage"},"thumbnailUrl":"https:\/\/folhapopular.info\/wp-content\/uploads\/2023\/07\/pexels-mark-stebnicki-2749165.jpg","keywords":["Agricultura","FARSUL","\u00edndice de infla\u00e7\u00e3o custos de produ\u00e7\u00e3o","\u00edndice de infla\u00e7\u00e3o dos pre\u00e7os recebidos pelos produtores"],"articleSection":["Destaques","Economia","Rural"],"inLanguage":"pt-BR","potentialAction":[{"@type":"CommentAction","name":"Comment","target":["https:\/\/folhapopular.info\/index.php\/2023\/07\/24\/indice-de-inflacao-custos-de-producao-manteve-retracao-em-junho-segundo-farsul\/#respond"]}]},{"@type":"WebPage","@id":"https:\/\/folhapopular.info\/index.php\/2023\/07\/24\/indice-de-inflacao-custos-de-producao-manteve-retracao-em-junho-segundo-farsul\/","url":"https:\/\/folhapopular.info\/index.php\/2023\/07\/24\/indice-de-inflacao-custos-de-producao-manteve-retracao-em-junho-segundo-farsul\/","name":"\u00cdndice de Infla\u00e7\u00e3o Custos de Produ\u00e7\u00e3o manteve retra\u00e7\u00e3o em junho, segundo Farsul - Folha Popular","isPartOf":{"@id":"https:\/\/folhapopular.info\/#website"},"primaryImageOfPage":{"@id":"https:\/\/folhapopular.info\/index.php\/2023\/07\/24\/indice-de-inflacao-custos-de-producao-manteve-retracao-em-junho-segundo-farsul\/#primaryimage"},"image":{"@id":"https:\/\/folhapopular.info\/index.php\/2023\/07\/24\/indice-de-inflacao-custos-de-producao-manteve-retracao-em-junho-segundo-farsul\/#primaryimage"},"thumbnailUrl":"https:\/\/folhapopular.info\/wp-content\/uploads\/2023\/07\/pexels-mark-stebnicki-2749165.jpg","datePublished":"2023-07-24T20:15:00+00:00","author":{"@id":"https:\/\/folhapopular.info\/#\/schema\/person\/2814e8a0df7643585a9ca38bc6eb9d4b"},"breadcrumb":{"@id":"https:\/\/folhapopular.info\/index.php\/2023\/07\/24\/indice-de-inflacao-custos-de-producao-manteve-retracao-em-junho-segundo-farsul\/#breadcrumb"},"inLanguage":"pt-BR","potentialAction":[{"@type":"ReadAction","target":["https:\/\/folhapopular.info\/index.php\/2023\/07\/24\/indice-de-inflacao-custos-de-producao-manteve-retracao-em-junho-segundo-farsul\/"]}]},{"@type":"ImageObject","inLanguage":"pt-BR","@id":"https:\/\/folhapopular.info\/index.php\/2023\/07\/24\/indice-de-inflacao-custos-de-producao-manteve-retracao-em-junho-segundo-farsul\/#primaryimage","url":"https:\/\/folhapopular.info\/wp-content\/uploads\/2023\/07\/pexels-mark-stebnicki-2749165.jpg","contentUrl":"https:\/\/folhapopular.info\/wp-content\/uploads\/2023\/07\/pexels-mark-stebnicki-2749165.jpg","width":1920,"height":1280,"caption":"Cr\u00e9dito: Mark Stebnicki \/ Pexels"},{"@type":"BreadcrumbList","@id":"https:\/\/folhapopular.info\/index.php\/2023\/07\/24\/indice-de-inflacao-custos-de-producao-manteve-retracao-em-junho-segundo-farsul\/#breadcrumb","itemListElement":[{"@type":"ListItem","position":1,"name":"In\u00edcio","item":"https:\/\/folhapopular.info\/"},{"@type":"ListItem","position":2,"name":"\u00cdndice de Infla\u00e7\u00e3o Custos de Produ\u00e7\u00e3o manteve retra\u00e7\u00e3o em junho, segundo Farsul"}]},{"@type":"WebSite","@id":"https:\/\/folhapopular.info\/#website","url":"https:\/\/folhapopular.info\/","name":"Folha Popular","description":"Onde voc\u00ea tem vez e voz","potentialAction":[{"@type":"SearchAction","target":{"@type":"EntryPoint","urlTemplate":"https:\/\/folhapopular.info\/?s={search_term_string}"},"query-input":{"@type":"PropertyValueSpecification","valueRequired":true,"valueName":"search_term_string"}}],"inLanguage":"pt-BR"},{"@type":"Person","@id":"https:\/\/folhapopular.info\/#\/schema\/person\/2814e8a0df7643585a9ca38bc6eb9d4b","name":"Reda\u00e7\u00e3o Folha Popular","image":{"@type":"ImageObject","inLanguage":"pt-BR","@id":"https:\/\/folhapopular.info\/wp-content\/uploads\/2026\/04\/Folha-1.webp","url":"https:\/\/folhapopular.info\/wp-content\/uploads\/2026\/04\/Folha-1.webp","contentUrl":"https:\/\/folhapopular.info\/wp-content\/uploads\/2026\/04\/Folha-1.webp","caption":"Reda\u00e7\u00e3o Folha Popular"},"url":"https:\/\/folhapopular.info\/index.php\/author\/redacao\/"}]}},"jetpack_featured_media_url":"https:\/\/folhapopular.info\/wp-content\/uploads\/2023\/07\/pexels-mark-stebnicki-2749165.jpg","jetpack_sharing_enabled":true,"amp_enabled":true,"_links":{"self":[{"href":"https:\/\/folhapopular.info\/index.php\/wp-json\/wp\/v2\/posts\/134628","targetHints":{"allow":["GET"]}}],"collection":[{"href":"https:\/\/folhapopular.info\/index.php\/wp-json\/wp\/v2\/posts"}],"about":[{"href":"https:\/\/folhapopular.info\/index.php\/wp-json\/wp\/v2\/types\/post"}],"author":[{"embeddable":true,"href":"https:\/\/folhapopular.info\/index.php\/wp-json\/wp\/v2\/users\/8"}],"replies":[{"embeddable":true,"href":"https:\/\/folhapopular.info\/index.php\/wp-json\/wp\/v2\/comments?post=134628"}],"version-history":[{"count":0,"href":"https:\/\/folhapopular.info\/index.php\/wp-json\/wp\/v2\/posts\/134628\/revisions"}],"wp:featuredmedia":[{"embeddable":true,"href":"https:\/\/folhapopular.info\/index.php\/wp-json\/wp\/v2\/media\/134646"}],"wp:attachment":[{"href":"https:\/\/folhapopular.info\/index.php\/wp-json\/wp\/v2\/media?parent=134628"}],"wp:term":[{"taxonomy":"category","embeddable":true,"href":"https:\/\/folhapopular.info\/index.php\/wp-json\/wp\/v2\/categories?post=134628"},{"taxonomy":"post_tag","embeddable":true,"href":"https:\/\/folhapopular.info\/index.php\/wp-json\/wp\/v2\/tags?post=134628"}],"curies":[{"name":"wp","href":"https:\/\/api.w.org\/{rel}","templated":true}]}}