{"id":135547,"date":"2023-07-29T10:57:31","date_gmt":"2023-07-29T13:57:31","guid":{"rendered":"https:\/\/folhapopular.info\/?p=135547"},"modified":"2023-07-29T10:57:35","modified_gmt":"2023-07-29T13:57:35","slug":"assinado-acordo-coletivo-para-comerciarios-da-languiru-em-teutonia-bom-retiro-do-sul-e-poco-das-antas","status":"publish","type":"post","link":"https:\/\/folhapopular.info\/index.php\/2023\/07\/29\/assinado-acordo-coletivo-para-comerciarios-da-languiru-em-teutonia-bom-retiro-do-sul-e-poco-das-antas\/","title":{"rendered":"Assinado acordo coletivo para com\u00e9rci\u00e1rios da Languiru em Teut\u00f4nia, Bom Retiro do Sul e Po\u00e7o das Antas"},"content":{"rendered":"\n<p>O Sindicomerci\u00e1rios de Taquari e Regi\u00e3o e a Languiru assinaram novo acordo coletivo para os trabalhadores do setor de com\u00e9rcio cooperativa nas cidades de Teut\u00f4nia, Bom Retiro do Sul e Po\u00e7o das Antas. <\/p>\n\n\n\n<p>O mesmo tem validade de 1\u00ba de junho de 2023 a 31 de maio de 2024 e foi aprovado pelos trabalhadores em consulta online realizada entre os dias 24 e 25 de julho.<\/p>\n\n\n\n<p>O piso salarial ser\u00e1 de R$ 1.694,74 a partir de 1\u00b0 de junho e de R$ 1.720 a partir de outubro, o que representa aumento real de 1,55% acima da infla\u00e7\u00e3o. Os demais sal\u00e1rios ter\u00e3o aumento de 3,74% a partir de junho, o que representa o \u00edndice de infla\u00e7\u00e3o acumulado nos \u00faltimos 12 meses.<\/p>\n\n\n\n<p>Tamb\u00e9m foi institu\u00eddo o chamado &#8220;abono anivers\u00e1rio&#8221;, que ser\u00e1 um dia de folga ao trabalhador no m\u00eas do seu anivers\u00e1rio.<\/p>\n\n\n\n<p>As demais cl\u00e1usulas sociais foram mantidas em rela\u00e7\u00e3o ao acordo passado. Entre elas est\u00e3o quebra de caixa, quinqu\u00eanio, PPR e estabilidade de gestante. Houve tamb\u00e9m reajuste dos aux\u00edlios creche e estudante, no pr\u00eamio assiduidade e no b\u00f4nus de feriado.<\/p>\n\n\n\n<p>Raul Cerveira, tesoureiro do Sindicato, comemora. &#8220;\u00c9 mais que uma vit\u00f3ria a conquista de um aumento real de sal\u00e1rios diante do cen\u00e1rio de reestrutura\u00e7\u00e3o da Cooperativa Languiru. Isso mostra a import\u00e2ncia dos trabalhadores, que devem ser sempre valorizados. Afinal, toda o resultado \u00e9 fruto do trabalho.&#8221;<\/p>\n\n\n\n<h2 class=\"wp-block-heading\">Como ficam os benef\u00edcios do acordo<\/h2>\n\n\n\n<ul class=\"wp-block-list\">\n<li><strong>Pr\u00eamio Assiduidade<\/strong>: R$ 350 para quem n\u00e3o faltar ou chegar atrasado no decorrer do m\u00eas. Creditados no cart\u00e3o vale-compras da Cooperativa Languiru.<\/li>\n<\/ul>\n\n\n\n<ul class=\"wp-block-list\">\n<li><strong>Feriados<\/strong>: B\u00f4nus de R$ 141 para jornada de 4 horas. As horas expedidas ser\u00e3o pagas como hora extra 100%.<\/li>\n<\/ul>\n\n\n\n<ul class=\"wp-block-list\">\n<li><strong>Pr\u00eamio Dia do Comerci\u00e1rio<\/strong>: Em 30 de outubro,\u00a0cada trabalhador receber\u00e1 uma premia\u00e7\u00e3o no valor equivalente a 1 dia de sal\u00e1rio no cart\u00e3o vale-compras da Coopetiva Languiru.<\/li>\n<\/ul>\n\n\n\n<ul class=\"wp-block-list\">\n<li><strong>Dia Abonado<\/strong>: Cada trabalhador ganhar\u00e1 uma folga extra no m\u00eas de anivers\u00e1rio. Para isso, dever\u00e1 ser feito um pedido \u00e0 ger\u00eancia da unidade. A folga dever\u00e1 ser preferencialmente no dia do anivers\u00e1rio.<\/li>\n<\/ul>\n\n\n\n<ul class=\"wp-block-list\">\n<li><strong>Aux\u00edlio Creche<\/strong>: Valor de R$ 244 para os pais com filhos de at\u00e9 6 anos de idade. O valor ser\u00e1 dividido entre a folha de pagamento e o cart\u00e3o vale-compras da Cooperativa Languiru.<\/li>\n<\/ul>\n\n\n\n<ul class=\"wp-block-list\">\n<li><strong>Aux\u00edlio Estudante<\/strong>: R$ 980 para o trabalhador estudante e mais R$ 245 para um segundo dependente. Pagamento em duas parcelas, nas folhas dos meses de agosto e fevereiro de 2024. \u00c9 necess\u00e1rio apresentar comprovante de frequ\u00eancia de, no m\u00ednimo, 75%.<\/li>\n<\/ul>\n","protected":false},"excerpt":{"rendered":"<p>O Sindicomerci\u00e1rios de Taquari e Regi\u00e3o e a Languiru assinaram novo acordo coletivo para os trabalhadores do setor de com\u00e9rcio cooperativa nas cidades de Teut\u00f4nia, Bom Retiro do Sul e Po\u00e7o das Antas. O mesmo tem validade de 1\u00ba de junho de 2023 a 31 de maio de 2024 e foi aprovado pelos trabalhadores em [&hellip;]<\/p>\n","protected":false},"author":8,"featured_media":135564,"comment_status":"open","ping_status":"open","sticky":false,"template":"","format":"standard","meta":{"pmpro_default_level":"","_jetpack_memberships_contains_paid_content":false,"footnotes":""},"categories":[2,10991],"tags":[12791,108,313,12790],"class_list":{"0":"post-135547","1":"post","2":"type-post","3":"status-publish","4":"format-standard","5":"has-post-thumbnail","7":"category-featured","8":"category-economia","9":"tag-acordo-coletivo","10":"tag-comercio","11":"tag-cooperativa-languiru","12":"tag-sindicomerciarios-taquari","13":"pmpro-has-access"},"yoast_head":"<!-- This site is optimized with the Yoast SEO plugin v27.5 - https:\/\/yoast.com\/product\/yoast-seo-wordpress\/ -->\n<title>Assinado acordo coletivo para com\u00e9rci\u00e1rios da Languiru em Teut\u00f4nia, Bom Retiro do Sul e Po\u00e7o das Antas - Folha Popular<\/title>\n<meta name=\"robots\" content=\"index, follow, max-snippet:-1, max-image-preview:large, max-video-preview:-1\" \/>\n<link rel=\"canonical\" href=\"https:\/\/folhapopular.info\/index.php\/2023\/07\/29\/assinado-acordo-coletivo-para-comerciarios-da-languiru-em-teutonia-bom-retiro-do-sul-e-poco-das-antas\/\" \/>\n<meta property=\"og:locale\" content=\"pt_BR\" \/>\n<meta property=\"og:type\" content=\"article\" \/>\n<meta property=\"og:title\" content=\"Assinado acordo coletivo para com\u00e9rci\u00e1rios da Languiru em Teut\u00f4nia, Bom Retiro do Sul e Po\u00e7o das Antas - Folha Popular\" \/>\n<meta property=\"og:description\" content=\"O Sindicomerci\u00e1rios de Taquari e Regi\u00e3o e a Languiru assinaram novo acordo coletivo para os trabalhadores do setor de com\u00e9rcio cooperativa nas cidades de Teut\u00f4nia, Bom Retiro do Sul e Po\u00e7o das Antas. O mesmo tem validade de 1\u00ba de junho de 2023 a 31 de maio de 2024 e foi aprovado pelos trabalhadores em [&hellip;]\" \/>\n<meta property=\"og:url\" content=\"https:\/\/folhapopular.info\/index.php\/2023\/07\/29\/assinado-acordo-coletivo-para-comerciarios-da-languiru-em-teutonia-bom-retiro-do-sul-e-poco-das-antas\/\" \/>\n<meta property=\"og:site_name\" content=\"Folha Popular\" \/>\n<meta property=\"article:published_time\" content=\"2023-07-29T13:57:31+00:00\" \/>\n<meta property=\"article:modified_time\" content=\"2023-07-29T13:57:35+00:00\" \/>\n<meta property=\"og:image\" content=\"http:\/\/folhapopular.info\/wp-content\/uploads\/2023\/07\/Assinado-novo-acordo-coletivo-para-o-setor-de-comercio-da-Cooperativa-Languiru-com-aumento-real-e1690638841666.png\" \/>\n\t<meta property=\"og:image:width\" content=\"1201\" \/>\n\t<meta property=\"og:image:height\" content=\"705\" \/>\n\t<meta property=\"og:image:type\" content=\"image\/png\" \/>\n<meta name=\"author\" content=\"Reda\u00e7\u00e3o Folha Popular\" \/>\n<meta name=\"twitter:card\" content=\"summary_large_image\" \/>\n<meta name=\"twitter:label1\" content=\"Escrito por\" \/>\n\t<meta name=\"twitter:data1\" content=\"Reda\u00e7\u00e3o Folha Popular\" \/>\n\t<meta name=\"twitter:label2\" content=\"Est. tempo de leitura\" \/>\n\t<meta name=\"twitter:data2\" content=\"3 minutos\" \/>\n<script type=\"application\/ld+json\" class=\"yoast-schema-graph\">{\"@context\":\"https:\\\/\\\/schema.org\",\"@graph\":[{\"@type\":\"Article\",\"@id\":\"https:\\\/\\\/folhapopular.info\\\/index.php\\\/2023\\\/07\\\/29\\\/assinado-acordo-coletivo-para-comerciarios-da-languiru-em-teutonia-bom-retiro-do-sul-e-poco-das-antas\\\/#article\",\"isPartOf\":{\"@id\":\"https:\\\/\\\/folhapopular.info\\\/index.php\\\/2023\\\/07\\\/29\\\/assinado-acordo-coletivo-para-comerciarios-da-languiru-em-teutonia-bom-retiro-do-sul-e-poco-das-antas\\\/\"},\"author\":{\"name\":\"Reda\u00e7\u00e3o Folha Popular\",\"@id\":\"https:\\\/\\\/folhapopular.info\\\/#\\\/schema\\\/person\\\/2814e8a0df7643585a9ca38bc6eb9d4b\"},\"headline\":\"Assinado acordo coletivo para com\u00e9rci\u00e1rios da Languiru em Teut\u00f4nia, Bom Retiro do Sul e Po\u00e7o das Antas\",\"datePublished\":\"2023-07-29T13:57:31+00:00\",\"dateModified\":\"2023-07-29T13:57:35+00:00\",\"mainEntityOfPage\":{\"@id\":\"https:\\\/\\\/folhapopular.info\\\/index.php\\\/2023\\\/07\\\/29\\\/assinado-acordo-coletivo-para-comerciarios-da-languiru-em-teutonia-bom-retiro-do-sul-e-poco-das-antas\\\/\"},\"wordCount\":446,\"commentCount\":0,\"image\":{\"@id\":\"https:\\\/\\\/folhapopular.info\\\/index.php\\\/2023\\\/07\\\/29\\\/assinado-acordo-coletivo-para-comerciarios-da-languiru-em-teutonia-bom-retiro-do-sul-e-poco-das-antas\\\/#primaryimage\"},\"thumbnailUrl\":\"https:\\\/\\\/folhapopular.info\\\/wp-content\\\/uploads\\\/2023\\\/07\\\/Assinado-novo-acordo-coletivo-para-o-setor-de-comercio-da-Cooperativa-Languiru-com-aumento-real-e1690638841666.png\",\"keywords\":[\"acordo coletivo\",\"Com\u00e9rcio\",\"Cooperativa Languiru\",\"sindicomerci\u00e1rios taquari\"],\"articleSection\":[\"Destaques\",\"Economia\"],\"inLanguage\":\"pt-BR\",\"potentialAction\":[{\"@type\":\"CommentAction\",\"name\":\"Comment\",\"target\":[\"https:\\\/\\\/folhapopular.info\\\/index.php\\\/2023\\\/07\\\/29\\\/assinado-acordo-coletivo-para-comerciarios-da-languiru-em-teutonia-bom-retiro-do-sul-e-poco-das-antas\\\/#respond\"]}]},{\"@type\":\"WebPage\",\"@id\":\"https:\\\/\\\/folhapopular.info\\\/index.php\\\/2023\\\/07\\\/29\\\/assinado-acordo-coletivo-para-comerciarios-da-languiru-em-teutonia-bom-retiro-do-sul-e-poco-das-antas\\\/\",\"url\":\"https:\\\/\\\/folhapopular.info\\\/index.php\\\/2023\\\/07\\\/29\\\/assinado-acordo-coletivo-para-comerciarios-da-languiru-em-teutonia-bom-retiro-do-sul-e-poco-das-antas\\\/\",\"name\":\"Assinado acordo coletivo para com\u00e9rci\u00e1rios da Languiru em Teut\u00f4nia, Bom Retiro do Sul e Po\u00e7o das Antas - Folha Popular\",\"isPartOf\":{\"@id\":\"https:\\\/\\\/folhapopular.info\\\/#website\"},\"primaryImageOfPage\":{\"@id\":\"https:\\\/\\\/folhapopular.info\\\/index.php\\\/2023\\\/07\\\/29\\\/assinado-acordo-coletivo-para-comerciarios-da-languiru-em-teutonia-bom-retiro-do-sul-e-poco-das-antas\\\/#primaryimage\"},\"image\":{\"@id\":\"https:\\\/\\\/folhapopular.info\\\/index.php\\\/2023\\\/07\\\/29\\\/assinado-acordo-coletivo-para-comerciarios-da-languiru-em-teutonia-bom-retiro-do-sul-e-poco-das-antas\\\/#primaryimage\"},\"thumbnailUrl\":\"https:\\\/\\\/folhapopular.info\\\/wp-content\\\/uploads\\\/2023\\\/07\\\/Assinado-novo-acordo-coletivo-para-o-setor-de-comercio-da-Cooperativa-Languiru-com-aumento-real-e1690638841666.png\",\"datePublished\":\"2023-07-29T13:57:31+00:00\",\"dateModified\":\"2023-07-29T13:57:35+00:00\",\"author\":{\"@id\":\"https:\\\/\\\/folhapopular.info\\\/#\\\/schema\\\/person\\\/2814e8a0df7643585a9ca38bc6eb9d4b\"},\"breadcrumb\":{\"@id\":\"https:\\\/\\\/folhapopular.info\\\/index.php\\\/2023\\\/07\\\/29\\\/assinado-acordo-coletivo-para-comerciarios-da-languiru-em-teutonia-bom-retiro-do-sul-e-poco-das-antas\\\/#breadcrumb\"},\"inLanguage\":\"pt-BR\",\"potentialAction\":[{\"@type\":\"ReadAction\",\"target\":[\"https:\\\/\\\/folhapopular.info\\\/index.php\\\/2023\\\/07\\\/29\\\/assinado-acordo-coletivo-para-comerciarios-da-languiru-em-teutonia-bom-retiro-do-sul-e-poco-das-antas\\\/\"]}]},{\"@type\":\"ImageObject\",\"inLanguage\":\"pt-BR\",\"@id\":\"https:\\\/\\\/folhapopular.info\\\/index.php\\\/2023\\\/07\\\/29\\\/assinado-acordo-coletivo-para-comerciarios-da-languiru-em-teutonia-bom-retiro-do-sul-e-poco-das-antas\\\/#primaryimage\",\"url\":\"https:\\\/\\\/folhapopular.info\\\/wp-content\\\/uploads\\\/2023\\\/07\\\/Assinado-novo-acordo-coletivo-para-o-setor-de-comercio-da-Cooperativa-Languiru-com-aumento-real-e1690638841666.png\",\"contentUrl\":\"https:\\\/\\\/folhapopular.info\\\/wp-content\\\/uploads\\\/2023\\\/07\\\/Assinado-novo-acordo-coletivo-para-o-setor-de-comercio-da-Cooperativa-Languiru-com-aumento-real-e1690638841666.png\",\"width\":1201,\"height\":705,\"caption\":\"Cr\u00e9dito: Divulga\u00e7\u00e3o\"},{\"@type\":\"BreadcrumbList\",\"@id\":\"https:\\\/\\\/folhapopular.info\\\/index.php\\\/2023\\\/07\\\/29\\\/assinado-acordo-coletivo-para-comerciarios-da-languiru-em-teutonia-bom-retiro-do-sul-e-poco-das-antas\\\/#breadcrumb\",\"itemListElement\":[{\"@type\":\"ListItem\",\"position\":1,\"name\":\"In\u00edcio\",\"item\":\"https:\\\/\\\/folhapopular.info\\\/\"},{\"@type\":\"ListItem\",\"position\":2,\"name\":\"Assinado acordo coletivo para com\u00e9rci\u00e1rios da Languiru em Teut\u00f4nia, Bom Retiro do Sul e Po\u00e7o das Antas\"}]},{\"@type\":\"WebSite\",\"@id\":\"https:\\\/\\\/folhapopular.info\\\/#website\",\"url\":\"https:\\\/\\\/folhapopular.info\\\/\",\"name\":\"Folha Popular\",\"description\":\"Onde voc\u00ea tem vez e voz\",\"potentialAction\":[{\"@type\":\"SearchAction\",\"target\":{\"@type\":\"EntryPoint\",\"urlTemplate\":\"https:\\\/\\\/folhapopular.info\\\/?s={search_term_string}\"},\"query-input\":{\"@type\":\"PropertyValueSpecification\",\"valueRequired\":true,\"valueName\":\"search_term_string\"}}],\"inLanguage\":\"pt-BR\"},{\"@type\":\"Person\",\"@id\":\"https:\\\/\\\/folhapopular.info\\\/#\\\/schema\\\/person\\\/2814e8a0df7643585a9ca38bc6eb9d4b\",\"name\":\"Reda\u00e7\u00e3o Folha Popular\",\"image\":{\"@type\":\"ImageObject\",\"inLanguage\":\"pt-BR\",\"@id\":\"https:\\\/\\\/folhapopular.info\\\/wp-content\\\/uploads\\\/2026\\\/04\\\/Folha-1.webp\",\"url\":\"https:\\\/\\\/folhapopular.info\\\/wp-content\\\/uploads\\\/2026\\\/04\\\/Folha-1.webp\",\"contentUrl\":\"https:\\\/\\\/folhapopular.info\\\/wp-content\\\/uploads\\\/2026\\\/04\\\/Folha-1.webp\",\"caption\":\"Reda\u00e7\u00e3o Folha Popular\"},\"url\":\"https:\\\/\\\/folhapopular.info\\\/index.php\\\/author\\\/redacao\\\/\"}]}<\/script>\n<!-- \/ Yoast SEO plugin. -->","yoast_head_json":{"title":"Assinado acordo coletivo para com\u00e9rci\u00e1rios da Languiru em Teut\u00f4nia, Bom Retiro do Sul e Po\u00e7o das Antas - Folha Popular","robots":{"index":"index","follow":"follow","max-snippet":"max-snippet:-1","max-image-preview":"max-image-preview:large","max-video-preview":"max-video-preview:-1"},"canonical":"https:\/\/folhapopular.info\/index.php\/2023\/07\/29\/assinado-acordo-coletivo-para-comerciarios-da-languiru-em-teutonia-bom-retiro-do-sul-e-poco-das-antas\/","og_locale":"pt_BR","og_type":"article","og_title":"Assinado acordo coletivo para com\u00e9rci\u00e1rios da Languiru em Teut\u00f4nia, Bom Retiro do Sul e Po\u00e7o das Antas - Folha Popular","og_description":"O Sindicomerci\u00e1rios de Taquari e Regi\u00e3o e a Languiru assinaram novo acordo coletivo para os trabalhadores do setor de com\u00e9rcio cooperativa nas cidades de Teut\u00f4nia, Bom Retiro do Sul e Po\u00e7o das Antas. O mesmo tem validade de 1\u00ba de junho de 2023 a 31 de maio de 2024 e foi aprovado pelos trabalhadores em [&hellip;]","og_url":"https:\/\/folhapopular.info\/index.php\/2023\/07\/29\/assinado-acordo-coletivo-para-comerciarios-da-languiru-em-teutonia-bom-retiro-do-sul-e-poco-das-antas\/","og_site_name":"Folha Popular","article_published_time":"2023-07-29T13:57:31+00:00","article_modified_time":"2023-07-29T13:57:35+00:00","og_image":[{"width":1201,"height":705,"url":"http:\/\/folhapopular.info\/wp-content\/uploads\/2023\/07\/Assinado-novo-acordo-coletivo-para-o-setor-de-comercio-da-Cooperativa-Languiru-com-aumento-real-e1690638841666.png","type":"image\/png"}],"author":"Reda\u00e7\u00e3o Folha Popular","twitter_card":"summary_large_image","twitter_misc":{"Escrito por":"Reda\u00e7\u00e3o Folha Popular","Est. tempo de leitura":"3 minutos"},"schema":{"@context":"https:\/\/schema.org","@graph":[{"@type":"Article","@id":"https:\/\/folhapopular.info\/index.php\/2023\/07\/29\/assinado-acordo-coletivo-para-comerciarios-da-languiru-em-teutonia-bom-retiro-do-sul-e-poco-das-antas\/#article","isPartOf":{"@id":"https:\/\/folhapopular.info\/index.php\/2023\/07\/29\/assinado-acordo-coletivo-para-comerciarios-da-languiru-em-teutonia-bom-retiro-do-sul-e-poco-das-antas\/"},"author":{"name":"Reda\u00e7\u00e3o Folha Popular","@id":"https:\/\/folhapopular.info\/#\/schema\/person\/2814e8a0df7643585a9ca38bc6eb9d4b"},"headline":"Assinado acordo coletivo para com\u00e9rci\u00e1rios da Languiru em Teut\u00f4nia, Bom Retiro do Sul e Po\u00e7o das Antas","datePublished":"2023-07-29T13:57:31+00:00","dateModified":"2023-07-29T13:57:35+00:00","mainEntityOfPage":{"@id":"https:\/\/folhapopular.info\/index.php\/2023\/07\/29\/assinado-acordo-coletivo-para-comerciarios-da-languiru-em-teutonia-bom-retiro-do-sul-e-poco-das-antas\/"},"wordCount":446,"commentCount":0,"image":{"@id":"https:\/\/folhapopular.info\/index.php\/2023\/07\/29\/assinado-acordo-coletivo-para-comerciarios-da-languiru-em-teutonia-bom-retiro-do-sul-e-poco-das-antas\/#primaryimage"},"thumbnailUrl":"https:\/\/folhapopular.info\/wp-content\/uploads\/2023\/07\/Assinado-novo-acordo-coletivo-para-o-setor-de-comercio-da-Cooperativa-Languiru-com-aumento-real-e1690638841666.png","keywords":["acordo coletivo","Com\u00e9rcio","Cooperativa Languiru","sindicomerci\u00e1rios taquari"],"articleSection":["Destaques","Economia"],"inLanguage":"pt-BR","potentialAction":[{"@type":"CommentAction","name":"Comment","target":["https:\/\/folhapopular.info\/index.php\/2023\/07\/29\/assinado-acordo-coletivo-para-comerciarios-da-languiru-em-teutonia-bom-retiro-do-sul-e-poco-das-antas\/#respond"]}]},{"@type":"WebPage","@id":"https:\/\/folhapopular.info\/index.php\/2023\/07\/29\/assinado-acordo-coletivo-para-comerciarios-da-languiru-em-teutonia-bom-retiro-do-sul-e-poco-das-antas\/","url":"https:\/\/folhapopular.info\/index.php\/2023\/07\/29\/assinado-acordo-coletivo-para-comerciarios-da-languiru-em-teutonia-bom-retiro-do-sul-e-poco-das-antas\/","name":"Assinado acordo coletivo para com\u00e9rci\u00e1rios da Languiru em Teut\u00f4nia, Bom Retiro do Sul e Po\u00e7o das Antas - Folha Popular","isPartOf":{"@id":"https:\/\/folhapopular.info\/#website"},"primaryImageOfPage":{"@id":"https:\/\/folhapopular.info\/index.php\/2023\/07\/29\/assinado-acordo-coletivo-para-comerciarios-da-languiru-em-teutonia-bom-retiro-do-sul-e-poco-das-antas\/#primaryimage"},"image":{"@id":"https:\/\/folhapopular.info\/index.php\/2023\/07\/29\/assinado-acordo-coletivo-para-comerciarios-da-languiru-em-teutonia-bom-retiro-do-sul-e-poco-das-antas\/#primaryimage"},"thumbnailUrl":"https:\/\/folhapopular.info\/wp-content\/uploads\/2023\/07\/Assinado-novo-acordo-coletivo-para-o-setor-de-comercio-da-Cooperativa-Languiru-com-aumento-real-e1690638841666.png","datePublished":"2023-07-29T13:57:31+00:00","dateModified":"2023-07-29T13:57:35+00:00","author":{"@id":"https:\/\/folhapopular.info\/#\/schema\/person\/2814e8a0df7643585a9ca38bc6eb9d4b"},"breadcrumb":{"@id":"https:\/\/folhapopular.info\/index.php\/2023\/07\/29\/assinado-acordo-coletivo-para-comerciarios-da-languiru-em-teutonia-bom-retiro-do-sul-e-poco-das-antas\/#breadcrumb"},"inLanguage":"pt-BR","potentialAction":[{"@type":"ReadAction","target":["https:\/\/folhapopular.info\/index.php\/2023\/07\/29\/assinado-acordo-coletivo-para-comerciarios-da-languiru-em-teutonia-bom-retiro-do-sul-e-poco-das-antas\/"]}]},{"@type":"ImageObject","inLanguage":"pt-BR","@id":"https:\/\/folhapopular.info\/index.php\/2023\/07\/29\/assinado-acordo-coletivo-para-comerciarios-da-languiru-em-teutonia-bom-retiro-do-sul-e-poco-das-antas\/#primaryimage","url":"https:\/\/folhapopular.info\/wp-content\/uploads\/2023\/07\/Assinado-novo-acordo-coletivo-para-o-setor-de-comercio-da-Cooperativa-Languiru-com-aumento-real-e1690638841666.png","contentUrl":"https:\/\/folhapopular.info\/wp-content\/uploads\/2023\/07\/Assinado-novo-acordo-coletivo-para-o-setor-de-comercio-da-Cooperativa-Languiru-com-aumento-real-e1690638841666.png","width":1201,"height":705,"caption":"Cr\u00e9dito: Divulga\u00e7\u00e3o"},{"@type":"BreadcrumbList","@id":"https:\/\/folhapopular.info\/index.php\/2023\/07\/29\/assinado-acordo-coletivo-para-comerciarios-da-languiru-em-teutonia-bom-retiro-do-sul-e-poco-das-antas\/#breadcrumb","itemListElement":[{"@type":"ListItem","position":1,"name":"In\u00edcio","item":"https:\/\/folhapopular.info\/"},{"@type":"ListItem","position":2,"name":"Assinado acordo coletivo para com\u00e9rci\u00e1rios da Languiru em Teut\u00f4nia, Bom Retiro do Sul e Po\u00e7o das Antas"}]},{"@type":"WebSite","@id":"https:\/\/folhapopular.info\/#website","url":"https:\/\/folhapopular.info\/","name":"Folha Popular","description":"Onde voc\u00ea tem vez e voz","potentialAction":[{"@type":"SearchAction","target":{"@type":"EntryPoint","urlTemplate":"https:\/\/folhapopular.info\/?s={search_term_string}"},"query-input":{"@type":"PropertyValueSpecification","valueRequired":true,"valueName":"search_term_string"}}],"inLanguage":"pt-BR"},{"@type":"Person","@id":"https:\/\/folhapopular.info\/#\/schema\/person\/2814e8a0df7643585a9ca38bc6eb9d4b","name":"Reda\u00e7\u00e3o Folha Popular","image":{"@type":"ImageObject","inLanguage":"pt-BR","@id":"https:\/\/folhapopular.info\/wp-content\/uploads\/2026\/04\/Folha-1.webp","url":"https:\/\/folhapopular.info\/wp-content\/uploads\/2026\/04\/Folha-1.webp","contentUrl":"https:\/\/folhapopular.info\/wp-content\/uploads\/2026\/04\/Folha-1.webp","caption":"Reda\u00e7\u00e3o Folha Popular"},"url":"https:\/\/folhapopular.info\/index.php\/author\/redacao\/"}]}},"jetpack_featured_media_url":"https:\/\/folhapopular.info\/wp-content\/uploads\/2023\/07\/Assinado-novo-acordo-coletivo-para-o-setor-de-comercio-da-Cooperativa-Languiru-com-aumento-real-e1690638841666.png","jetpack_sharing_enabled":true,"amp_enabled":true,"_links":{"self":[{"href":"https:\/\/folhapopular.info\/index.php\/wp-json\/wp\/v2\/posts\/135547","targetHints":{"allow":["GET"]}}],"collection":[{"href":"https:\/\/folhapopular.info\/index.php\/wp-json\/wp\/v2\/posts"}],"about":[{"href":"https:\/\/folhapopular.info\/index.php\/wp-json\/wp\/v2\/types\/post"}],"author":[{"embeddable":true,"href":"https:\/\/folhapopular.info\/index.php\/wp-json\/wp\/v2\/users\/8"}],"replies":[{"embeddable":true,"href":"https:\/\/folhapopular.info\/index.php\/wp-json\/wp\/v2\/comments?post=135547"}],"version-history":[{"count":0,"href":"https:\/\/folhapopular.info\/index.php\/wp-json\/wp\/v2\/posts\/135547\/revisions"}],"wp:featuredmedia":[{"embeddable":true,"href":"https:\/\/folhapopular.info\/index.php\/wp-json\/wp\/v2\/media\/135564"}],"wp:attachment":[{"href":"https:\/\/folhapopular.info\/index.php\/wp-json\/wp\/v2\/media?parent=135547"}],"wp:term":[{"taxonomy":"category","embeddable":true,"href":"https:\/\/folhapopular.info\/index.php\/wp-json\/wp\/v2\/categories?post=135547"},{"taxonomy":"post_tag","embeddable":true,"href":"https:\/\/folhapopular.info\/index.php\/wp-json\/wp\/v2\/tags?post=135547"}],"curies":[{"name":"wp","href":"https:\/\/api.w.org\/{rel}","templated":true}]}}