{"id":135655,"date":"2023-07-31T15:00:00","date_gmt":"2023-07-31T18:00:00","guid":{"rendered":"https:\/\/folhapopular.info\/?p=135655"},"modified":"2023-07-31T14:43:52","modified_gmt":"2023-07-31T17:43:52","slug":"promovido-pela-univates-pedal-retro-ocorre-dia-20-em-lajeado","status":"publish","type":"post","link":"https:\/\/folhapopular.info\/index.php\/2023\/07\/31\/promovido-pela-univates-pedal-retro-ocorre-dia-20-em-lajeado\/","title":{"rendered":"Promovido pela Univates, Pedal Retr\u00f4 ocorre dia 20 em Lajeado"},"content":{"rendered":"\n<p>O passeio cicl\u00edstico do 3\u00ba Aquece Crie Conex\u00f5es ser\u00e1 realizado no pr\u00f3ximo dia 20 e abordar\u00e1 a conex\u00e3o entre indiv\u00edduos para transformar as comunidades de forma criativa, sustent\u00e1vel e inspiradora. <\/p>\n\n\n\n<p>O Pedal Retr\u00f4 ir\u00e1 percorrer as principais ruas de Lajeado e ter\u00e1 paradas em pontos estrat\u00e9gicos da cidade. Todo o passeio ser\u00e1 acompanhado pelo professor Augusto Alves, do curso de Arquitetura e Urbanismo da Univates, que contextualizar\u00e1 a hist\u00f3ria do munic\u00edpio e a constru\u00e7\u00e3o de importantes espa\u00e7os e monumentos.<\/p>\n\n\n\n<p>Al\u00e9m do car\u00e1ter informativo, o evento tamb\u00e9m pretende estimular a criatividade dos participantes por meio do uso de figurinos <em>vintage<\/em> ou de acess\u00f3rios que remetam ao estilo retr\u00f4. O passeio cicl\u00edstico \u00e9 aberto a todos os interessados e as inscri\u00e7\u00f5es devem ser realizadas <a href=\"http:\/\/www.univates.br\/aquececrie\" target=\"_blank\" rel=\"noreferrer noopener\">neste link<\/a>.<\/p>\n\n\n\n<h2 class=\"wp-block-heading\">Itiner\u00e1rio<\/h2>\n\n\n\n<p>A concentra\u00e7\u00e3o dos ciclistas ser\u00e1 realizada \u00e0s 14h no gramado do Centro Cultural Univates. O passeio ter\u00e1 dura\u00e7\u00e3o de aproximadamente 2h30, com paradas nos seguintes locais: Parque Professor Theobaldo Dick, Casa Born, Belvedere, Orla do Taquari, Parque do Engenho e Parque Hist\u00f3rico. No retorno \u00e0 Univates, os participantes poder\u00e3o aproveitar a programa\u00e7\u00e3o do Gramado Cultural.<\/p>\n\n\n\n<p>As&nbsp;<a href=\"http:\/\/www.univates.br\/bicivates\" target=\"_blank\" rel=\"noreferrer noopener\">Bicivates<\/a>&nbsp;estar\u00e3o dispon\u00edveis para a comunidade acad\u00eamica. Em caso de chuva, o evento ser\u00e1 adiado para o domingo seguinte.<\/p>\n","protected":false},"excerpt":{"rendered":"<p>O passeio cicl\u00edstico do 3\u00ba Aquece Crie Conex\u00f5es ser\u00e1 realizado no pr\u00f3ximo dia 20 e abordar\u00e1 a conex\u00e3o entre indiv\u00edduos para transformar as comunidades de forma criativa, sustent\u00e1vel e inspiradora. O Pedal Retr\u00f4 ir\u00e1 percorrer as principais ruas de Lajeado e ter\u00e1 paradas em pontos estrat\u00e9gicos da cidade. Todo o passeio ser\u00e1 acompanhado pelo professor [&hellip;]<\/p>\n","protected":false},"author":8,"featured_media":135656,"comment_status":"open","ping_status":"open","sticky":false,"template":"","format":"standard","meta":{"pmpro_default_level":"","_jetpack_memberships_contains_paid_content":false,"footnotes":""},"categories":[10996,2,10999,6],"tags":[12804,27,12803],"class_list":{"0":"post-135655","1":"post","2":"type-post","3":"status-publish","4":"format-standard","5":"has-post-thumbnail","7":"category-cultura","8":"category-featured","9":"category-entretenimento","10":"category-inclusive","11":"tag-3o-aquece-crie-conexoes","12":"tag-lajeado","13":"tag-pedal-retro","14":"pmpro-has-access"},"yoast_head":"<!-- This site is optimized with the Yoast SEO plugin v27.5 - https:\/\/yoast.com\/product\/yoast-seo-wordpress\/ -->\n<title>Promovido pela Univates, Pedal Retr\u00f4 ocorre dia 20 em Lajeado - Folha Popular<\/title>\n<meta name=\"robots\" content=\"index, follow, max-snippet:-1, max-image-preview:large, max-video-preview:-1\" \/>\n<link rel=\"canonical\" href=\"https:\/\/folhapopular.info\/index.php\/2023\/07\/31\/promovido-pela-univates-pedal-retro-ocorre-dia-20-em-lajeado\/\" \/>\n<meta property=\"og:locale\" content=\"pt_BR\" \/>\n<meta property=\"og:type\" content=\"article\" \/>\n<meta property=\"og:title\" content=\"Promovido pela Univates, Pedal Retr\u00f4 ocorre dia 20 em Lajeado - Folha Popular\" \/>\n<meta property=\"og:description\" content=\"O passeio cicl\u00edstico do 3\u00ba Aquece Crie Conex\u00f5es ser\u00e1 realizado no pr\u00f3ximo dia 20 e abordar\u00e1 a conex\u00e3o entre indiv\u00edduos para transformar as comunidades de forma criativa, sustent\u00e1vel e inspiradora. O Pedal Retr\u00f4 ir\u00e1 percorrer as principais ruas de Lajeado e ter\u00e1 paradas em pontos estrat\u00e9gicos da cidade. Todo o passeio ser\u00e1 acompanhado pelo professor [&hellip;]\" \/>\n<meta property=\"og:url\" content=\"https:\/\/folhapopular.info\/index.php\/2023\/07\/31\/promovido-pela-univates-pedal-retro-ocorre-dia-20-em-lajeado\/\" \/>\n<meta property=\"og:site_name\" content=\"Folha Popular\" \/>\n<meta property=\"article:published_time\" content=\"2023-07-31T18:00:00+00:00\" \/>\n<meta property=\"og:image\" content=\"https:\/\/folhapopular.info\/wp-content\/uploads\/2023\/07\/pexels-pixabay-417059.jpg\" \/>\n\t<meta property=\"og:image:width\" content=\"1280\" \/>\n\t<meta property=\"og:image:height\" content=\"892\" \/>\n\t<meta property=\"og:image:type\" content=\"image\/jpeg\" \/>\n<meta name=\"author\" content=\"Reda\u00e7\u00e3o Folha Popular\" \/>\n<meta name=\"twitter:card\" content=\"summary_large_image\" \/>\n<meta name=\"twitter:label1\" content=\"Escrito por\" \/>\n\t<meta name=\"twitter:data1\" content=\"Reda\u00e7\u00e3o Folha Popular\" \/>\n\t<meta name=\"twitter:label2\" content=\"Est. tempo de leitura\" \/>\n\t<meta name=\"twitter:data2\" content=\"2 minutos\" \/>\n<script type=\"application\/ld+json\" class=\"yoast-schema-graph\">{\"@context\":\"https:\\\/\\\/schema.org\",\"@graph\":[{\"@type\":\"Article\",\"@id\":\"https:\\\/\\\/folhapopular.info\\\/index.php\\\/2023\\\/07\\\/31\\\/promovido-pela-univates-pedal-retro-ocorre-dia-20-em-lajeado\\\/#article\",\"isPartOf\":{\"@id\":\"https:\\\/\\\/folhapopular.info\\\/index.php\\\/2023\\\/07\\\/31\\\/promovido-pela-univates-pedal-retro-ocorre-dia-20-em-lajeado\\\/\"},\"author\":{\"name\":\"Reda\u00e7\u00e3o Folha Popular\",\"@id\":\"https:\\\/\\\/folhapopular.info\\\/#\\\/schema\\\/person\\\/2814e8a0df7643585a9ca38bc6eb9d4b\"},\"headline\":\"Promovido pela Univates, Pedal Retr\u00f4 ocorre dia 20 em Lajeado\",\"datePublished\":\"2023-07-31T18:00:00+00:00\",\"mainEntityOfPage\":{\"@id\":\"https:\\\/\\\/folhapopular.info\\\/index.php\\\/2023\\\/07\\\/31\\\/promovido-pela-univates-pedal-retro-ocorre-dia-20-em-lajeado\\\/\"},\"wordCount\":233,\"commentCount\":0,\"image\":{\"@id\":\"https:\\\/\\\/folhapopular.info\\\/index.php\\\/2023\\\/07\\\/31\\\/promovido-pela-univates-pedal-retro-ocorre-dia-20-em-lajeado\\\/#primaryimage\"},\"thumbnailUrl\":\"https:\\\/\\\/folhapopular.info\\\/wp-content\\\/uploads\\\/2023\\\/07\\\/pexels-pixabay-417059.jpg\",\"keywords\":[\"3\u00ba aquece crie conex\u00f5es\",\"Lajeado\",\"pedal retr\u00f4\"],\"articleSection\":[\"Cultura\",\"Destaques\",\"Entretenimento\",\"Inclusive\"],\"inLanguage\":\"pt-BR\",\"potentialAction\":[{\"@type\":\"CommentAction\",\"name\":\"Comment\",\"target\":[\"https:\\\/\\\/folhapopular.info\\\/index.php\\\/2023\\\/07\\\/31\\\/promovido-pela-univates-pedal-retro-ocorre-dia-20-em-lajeado\\\/#respond\"]}]},{\"@type\":\"WebPage\",\"@id\":\"https:\\\/\\\/folhapopular.info\\\/index.php\\\/2023\\\/07\\\/31\\\/promovido-pela-univates-pedal-retro-ocorre-dia-20-em-lajeado\\\/\",\"url\":\"https:\\\/\\\/folhapopular.info\\\/index.php\\\/2023\\\/07\\\/31\\\/promovido-pela-univates-pedal-retro-ocorre-dia-20-em-lajeado\\\/\",\"name\":\"Promovido pela Univates, Pedal Retr\u00f4 ocorre dia 20 em Lajeado - Folha Popular\",\"isPartOf\":{\"@id\":\"https:\\\/\\\/folhapopular.info\\\/#website\"},\"primaryImageOfPage\":{\"@id\":\"https:\\\/\\\/folhapopular.info\\\/index.php\\\/2023\\\/07\\\/31\\\/promovido-pela-univates-pedal-retro-ocorre-dia-20-em-lajeado\\\/#primaryimage\"},\"image\":{\"@id\":\"https:\\\/\\\/folhapopular.info\\\/index.php\\\/2023\\\/07\\\/31\\\/promovido-pela-univates-pedal-retro-ocorre-dia-20-em-lajeado\\\/#primaryimage\"},\"thumbnailUrl\":\"https:\\\/\\\/folhapopular.info\\\/wp-content\\\/uploads\\\/2023\\\/07\\\/pexels-pixabay-417059.jpg\",\"datePublished\":\"2023-07-31T18:00:00+00:00\",\"author\":{\"@id\":\"https:\\\/\\\/folhapopular.info\\\/#\\\/schema\\\/person\\\/2814e8a0df7643585a9ca38bc6eb9d4b\"},\"breadcrumb\":{\"@id\":\"https:\\\/\\\/folhapopular.info\\\/index.php\\\/2023\\\/07\\\/31\\\/promovido-pela-univates-pedal-retro-ocorre-dia-20-em-lajeado\\\/#breadcrumb\"},\"inLanguage\":\"pt-BR\",\"potentialAction\":[{\"@type\":\"ReadAction\",\"target\":[\"https:\\\/\\\/folhapopular.info\\\/index.php\\\/2023\\\/07\\\/31\\\/promovido-pela-univates-pedal-retro-ocorre-dia-20-em-lajeado\\\/\"]}]},{\"@type\":\"ImageObject\",\"inLanguage\":\"pt-BR\",\"@id\":\"https:\\\/\\\/folhapopular.info\\\/index.php\\\/2023\\\/07\\\/31\\\/promovido-pela-univates-pedal-retro-ocorre-dia-20-em-lajeado\\\/#primaryimage\",\"url\":\"https:\\\/\\\/folhapopular.info\\\/wp-content\\\/uploads\\\/2023\\\/07\\\/pexels-pixabay-417059.jpg\",\"contentUrl\":\"https:\\\/\\\/folhapopular.info\\\/wp-content\\\/uploads\\\/2023\\\/07\\\/pexels-pixabay-417059.jpg\",\"width\":1280,\"height\":892,\"caption\":\"Cr\u00e9dito: Pexels\"},{\"@type\":\"BreadcrumbList\",\"@id\":\"https:\\\/\\\/folhapopular.info\\\/index.php\\\/2023\\\/07\\\/31\\\/promovido-pela-univates-pedal-retro-ocorre-dia-20-em-lajeado\\\/#breadcrumb\",\"itemListElement\":[{\"@type\":\"ListItem\",\"position\":1,\"name\":\"In\u00edcio\",\"item\":\"https:\\\/\\\/folhapopular.info\\\/\"},{\"@type\":\"ListItem\",\"position\":2,\"name\":\"Promovido pela Univates, Pedal Retr\u00f4 ocorre dia 20 em Lajeado\"}]},{\"@type\":\"WebSite\",\"@id\":\"https:\\\/\\\/folhapopular.info\\\/#website\",\"url\":\"https:\\\/\\\/folhapopular.info\\\/\",\"name\":\"Folha Popular\",\"description\":\"Onde voc\u00ea tem vez e voz\",\"potentialAction\":[{\"@type\":\"SearchAction\",\"target\":{\"@type\":\"EntryPoint\",\"urlTemplate\":\"https:\\\/\\\/folhapopular.info\\\/?s={search_term_string}\"},\"query-input\":{\"@type\":\"PropertyValueSpecification\",\"valueRequired\":true,\"valueName\":\"search_term_string\"}}],\"inLanguage\":\"pt-BR\"},{\"@type\":\"Person\",\"@id\":\"https:\\\/\\\/folhapopular.info\\\/#\\\/schema\\\/person\\\/2814e8a0df7643585a9ca38bc6eb9d4b\",\"name\":\"Reda\u00e7\u00e3o Folha Popular\",\"image\":{\"@type\":\"ImageObject\",\"inLanguage\":\"pt-BR\",\"@id\":\"https:\\\/\\\/folhapopular.info\\\/wp-content\\\/uploads\\\/2026\\\/04\\\/Folha-1.webp\",\"url\":\"https:\\\/\\\/folhapopular.info\\\/wp-content\\\/uploads\\\/2026\\\/04\\\/Folha-1.webp\",\"contentUrl\":\"https:\\\/\\\/folhapopular.info\\\/wp-content\\\/uploads\\\/2026\\\/04\\\/Folha-1.webp\",\"caption\":\"Reda\u00e7\u00e3o Folha Popular\"},\"url\":\"https:\\\/\\\/folhapopular.info\\\/index.php\\\/author\\\/redacao\\\/\"}]}<\/script>\n<!-- \/ Yoast SEO plugin. -->","yoast_head_json":{"title":"Promovido pela Univates, Pedal Retr\u00f4 ocorre dia 20 em Lajeado - Folha Popular","robots":{"index":"index","follow":"follow","max-snippet":"max-snippet:-1","max-image-preview":"max-image-preview:large","max-video-preview":"max-video-preview:-1"},"canonical":"https:\/\/folhapopular.info\/index.php\/2023\/07\/31\/promovido-pela-univates-pedal-retro-ocorre-dia-20-em-lajeado\/","og_locale":"pt_BR","og_type":"article","og_title":"Promovido pela Univates, Pedal Retr\u00f4 ocorre dia 20 em Lajeado - Folha Popular","og_description":"O passeio cicl\u00edstico do 3\u00ba Aquece Crie Conex\u00f5es ser\u00e1 realizado no pr\u00f3ximo dia 20 e abordar\u00e1 a conex\u00e3o entre indiv\u00edduos para transformar as comunidades de forma criativa, sustent\u00e1vel e inspiradora. O Pedal Retr\u00f4 ir\u00e1 percorrer as principais ruas de Lajeado e ter\u00e1 paradas em pontos estrat\u00e9gicos da cidade. Todo o passeio ser\u00e1 acompanhado pelo professor [&hellip;]","og_url":"https:\/\/folhapopular.info\/index.php\/2023\/07\/31\/promovido-pela-univates-pedal-retro-ocorre-dia-20-em-lajeado\/","og_site_name":"Folha Popular","article_published_time":"2023-07-31T18:00:00+00:00","og_image":[{"width":1280,"height":892,"url":"https:\/\/folhapopular.info\/wp-content\/uploads\/2023\/07\/pexels-pixabay-417059.jpg","type":"image\/jpeg"}],"author":"Reda\u00e7\u00e3o Folha Popular","twitter_card":"summary_large_image","twitter_misc":{"Escrito por":"Reda\u00e7\u00e3o Folha Popular","Est. tempo de leitura":"2 minutos"},"schema":{"@context":"https:\/\/schema.org","@graph":[{"@type":"Article","@id":"https:\/\/folhapopular.info\/index.php\/2023\/07\/31\/promovido-pela-univates-pedal-retro-ocorre-dia-20-em-lajeado\/#article","isPartOf":{"@id":"https:\/\/folhapopular.info\/index.php\/2023\/07\/31\/promovido-pela-univates-pedal-retro-ocorre-dia-20-em-lajeado\/"},"author":{"name":"Reda\u00e7\u00e3o Folha Popular","@id":"https:\/\/folhapopular.info\/#\/schema\/person\/2814e8a0df7643585a9ca38bc6eb9d4b"},"headline":"Promovido pela Univates, Pedal Retr\u00f4 ocorre dia 20 em Lajeado","datePublished":"2023-07-31T18:00:00+00:00","mainEntityOfPage":{"@id":"https:\/\/folhapopular.info\/index.php\/2023\/07\/31\/promovido-pela-univates-pedal-retro-ocorre-dia-20-em-lajeado\/"},"wordCount":233,"commentCount":0,"image":{"@id":"https:\/\/folhapopular.info\/index.php\/2023\/07\/31\/promovido-pela-univates-pedal-retro-ocorre-dia-20-em-lajeado\/#primaryimage"},"thumbnailUrl":"https:\/\/folhapopular.info\/wp-content\/uploads\/2023\/07\/pexels-pixabay-417059.jpg","keywords":["3\u00ba aquece crie conex\u00f5es","Lajeado","pedal retr\u00f4"],"articleSection":["Cultura","Destaques","Entretenimento","Inclusive"],"inLanguage":"pt-BR","potentialAction":[{"@type":"CommentAction","name":"Comment","target":["https:\/\/folhapopular.info\/index.php\/2023\/07\/31\/promovido-pela-univates-pedal-retro-ocorre-dia-20-em-lajeado\/#respond"]}]},{"@type":"WebPage","@id":"https:\/\/folhapopular.info\/index.php\/2023\/07\/31\/promovido-pela-univates-pedal-retro-ocorre-dia-20-em-lajeado\/","url":"https:\/\/folhapopular.info\/index.php\/2023\/07\/31\/promovido-pela-univates-pedal-retro-ocorre-dia-20-em-lajeado\/","name":"Promovido pela Univates, Pedal Retr\u00f4 ocorre dia 20 em Lajeado - Folha Popular","isPartOf":{"@id":"https:\/\/folhapopular.info\/#website"},"primaryImageOfPage":{"@id":"https:\/\/folhapopular.info\/index.php\/2023\/07\/31\/promovido-pela-univates-pedal-retro-ocorre-dia-20-em-lajeado\/#primaryimage"},"image":{"@id":"https:\/\/folhapopular.info\/index.php\/2023\/07\/31\/promovido-pela-univates-pedal-retro-ocorre-dia-20-em-lajeado\/#primaryimage"},"thumbnailUrl":"https:\/\/folhapopular.info\/wp-content\/uploads\/2023\/07\/pexels-pixabay-417059.jpg","datePublished":"2023-07-31T18:00:00+00:00","author":{"@id":"https:\/\/folhapopular.info\/#\/schema\/person\/2814e8a0df7643585a9ca38bc6eb9d4b"},"breadcrumb":{"@id":"https:\/\/folhapopular.info\/index.php\/2023\/07\/31\/promovido-pela-univates-pedal-retro-ocorre-dia-20-em-lajeado\/#breadcrumb"},"inLanguage":"pt-BR","potentialAction":[{"@type":"ReadAction","target":["https:\/\/folhapopular.info\/index.php\/2023\/07\/31\/promovido-pela-univates-pedal-retro-ocorre-dia-20-em-lajeado\/"]}]},{"@type":"ImageObject","inLanguage":"pt-BR","@id":"https:\/\/folhapopular.info\/index.php\/2023\/07\/31\/promovido-pela-univates-pedal-retro-ocorre-dia-20-em-lajeado\/#primaryimage","url":"https:\/\/folhapopular.info\/wp-content\/uploads\/2023\/07\/pexels-pixabay-417059.jpg","contentUrl":"https:\/\/folhapopular.info\/wp-content\/uploads\/2023\/07\/pexels-pixabay-417059.jpg","width":1280,"height":892,"caption":"Cr\u00e9dito: Pexels"},{"@type":"BreadcrumbList","@id":"https:\/\/folhapopular.info\/index.php\/2023\/07\/31\/promovido-pela-univates-pedal-retro-ocorre-dia-20-em-lajeado\/#breadcrumb","itemListElement":[{"@type":"ListItem","position":1,"name":"In\u00edcio","item":"https:\/\/folhapopular.info\/"},{"@type":"ListItem","position":2,"name":"Promovido pela Univates, Pedal Retr\u00f4 ocorre dia 20 em Lajeado"}]},{"@type":"WebSite","@id":"https:\/\/folhapopular.info\/#website","url":"https:\/\/folhapopular.info\/","name":"Folha Popular","description":"Onde voc\u00ea tem vez e voz","potentialAction":[{"@type":"SearchAction","target":{"@type":"EntryPoint","urlTemplate":"https:\/\/folhapopular.info\/?s={search_term_string}"},"query-input":{"@type":"PropertyValueSpecification","valueRequired":true,"valueName":"search_term_string"}}],"inLanguage":"pt-BR"},{"@type":"Person","@id":"https:\/\/folhapopular.info\/#\/schema\/person\/2814e8a0df7643585a9ca38bc6eb9d4b","name":"Reda\u00e7\u00e3o Folha Popular","image":{"@type":"ImageObject","inLanguage":"pt-BR","@id":"https:\/\/folhapopular.info\/wp-content\/uploads\/2026\/04\/Folha-1.webp","url":"https:\/\/folhapopular.info\/wp-content\/uploads\/2026\/04\/Folha-1.webp","contentUrl":"https:\/\/folhapopular.info\/wp-content\/uploads\/2026\/04\/Folha-1.webp","caption":"Reda\u00e7\u00e3o Folha Popular"},"url":"https:\/\/folhapopular.info\/index.php\/author\/redacao\/"}]}},"jetpack_featured_media_url":"https:\/\/folhapopular.info\/wp-content\/uploads\/2023\/07\/pexels-pixabay-417059.jpg","jetpack_sharing_enabled":true,"amp_enabled":true,"_links":{"self":[{"href":"https:\/\/folhapopular.info\/index.php\/wp-json\/wp\/v2\/posts\/135655","targetHints":{"allow":["GET"]}}],"collection":[{"href":"https:\/\/folhapopular.info\/index.php\/wp-json\/wp\/v2\/posts"}],"about":[{"href":"https:\/\/folhapopular.info\/index.php\/wp-json\/wp\/v2\/types\/post"}],"author":[{"embeddable":true,"href":"https:\/\/folhapopular.info\/index.php\/wp-json\/wp\/v2\/users\/8"}],"replies":[{"embeddable":true,"href":"https:\/\/folhapopular.info\/index.php\/wp-json\/wp\/v2\/comments?post=135655"}],"version-history":[{"count":0,"href":"https:\/\/folhapopular.info\/index.php\/wp-json\/wp\/v2\/posts\/135655\/revisions"}],"wp:featuredmedia":[{"embeddable":true,"href":"https:\/\/folhapopular.info\/index.php\/wp-json\/wp\/v2\/media\/135656"}],"wp:attachment":[{"href":"https:\/\/folhapopular.info\/index.php\/wp-json\/wp\/v2\/media?parent=135655"}],"wp:term":[{"taxonomy":"category","embeddable":true,"href":"https:\/\/folhapopular.info\/index.php\/wp-json\/wp\/v2\/categories?post=135655"},{"taxonomy":"post_tag","embeddable":true,"href":"https:\/\/folhapopular.info\/index.php\/wp-json\/wp\/v2\/tags?post=135655"}],"curies":[{"name":"wp","href":"https:\/\/api.w.org\/{rel}","templated":true}]}}