{"id":136286,"date":"2023-08-03T10:21:02","date_gmt":"2023-08-03T13:21:02","guid":{"rendered":"https:\/\/folhapopular.info\/?p=136286"},"modified":"2023-08-03T10:41:06","modified_gmt":"2023-08-03T13:41:06","slug":"copom-reduz-taxa-selic-para-1325-ao-ano","status":"publish","type":"post","link":"https:\/\/folhapopular.info\/index.php\/2023\/08\/03\/copom-reduz-taxa-selic-para-1325-ao-ano\/","title":{"rendered":"Copom reduz taxa Selic para 13,25% ao ano"},"content":{"rendered":"\n<p>A forte queda da infla\u00e7\u00e3o fez o Banco Central (BC) cortar os juros pela primeira vez em tr\u00eas anos. Por cinco votos a quatro, o Comit\u00ea de Pol\u00edtica Monet\u00e1ria (Copom) reduziu a taxa Selic, juros b\u00e1sicos da economia, em 0,5 ponto percentual, para 13,25% ao ano. A decis\u00e3o surpreendeu o mercado financeiro, que esperava um\u00a0corte de 0,25 ponto.<img decoding=\"async\" src=\"https:\/\/agenciabrasil.ebc.com.br\/ebc.png?id=1547073&amp;o=node\"><img decoding=\"async\" src=\"https:\/\/agenciabrasil.ebc.com.br\/ebc.gif?id=1547073&amp;o=node\"><\/p>\n\n\n\n<p>Em comunicado, o Copom informou que a queda da infla\u00e7\u00e3o possibilitou a redu\u00e7\u00e3o nos juros. \u201cO comit\u00ea avalia que a melhora do quadro inflacion\u00e1rio, refletindo em parte os impactos defasados da pol\u00edtica monet\u00e1ria, aliada \u00e0 queda das expectativas de infla\u00e7\u00e3o para prazos mais longos ap\u00f3s decis\u00e3o recente do Conselho Monet\u00e1rio Nacional sobre a meta para a infla\u00e7\u00e3o, permitiram acumular a confian\u00e7a necess\u00e1ria para iniciar um ciclo gradual de flexibiliza\u00e7\u00e3o monet\u00e1ria\u201d, destacou o texto.<\/p>\n\n\n\n<p>O Copom tamb\u00e9m informou que os membros do colegiado preveem, por unanimidade, cortes de 0,5 ponto nas pr\u00f3ximas reuni\u00f5es. Segundo o comunicado, o \u00f3rg\u00e3o avalia que esse ser\u00e1 o ritmo adequado para manter a pol\u00edtica monet\u00e1ria contracionista (juros que desestimulam a economia) necess\u00e1ria para controlar a infla\u00e7\u00e3o.<\/p>\n\n\n\n<h2 class=\"wp-block-heading\">Relembre<\/h2>\n\n\n\n<p>A \u00faltima vez em que o BC tinha reduzido a Selic foi em agosto de 2020, quando a taxa caiu de 2,25% para 2% ao ano. Depois disso, o Copom elevou a Selic por 12 vezes consecutivas, num ciclo que come\u00e7ou em meio \u00e0 alta dos pre\u00e7os de alimentos, de energia e de combust\u00edveis e, a partir de agosto do ano passado, manteve a taxa em 13,75% ao ano por sete vezes seguidas.<\/p>\n\n\n\n<p>Antes do in\u00edcio do ciclo de alta, a Selic tinha sido reduzida para 2% ao ano, no n\u00edvel mais baixo da s\u00e9rie hist\u00f3rica iniciada em 1986. Por causa da contra\u00e7\u00e3o econ\u00f4mica gerada pela pandemia de covid-19, o Banco Central tinha derrubado a taxa para estimular a produ\u00e7\u00e3o e o consumo. A taxa ficou no menor patamar da hist\u00f3ria de agosto de 2020 a mar\u00e7o de 2021.<\/p>\n\n\n\n<h2 class=\"wp-block-heading\">Infla\u00e7\u00e3o<\/h2>\n\n\n\n<p>No\u00a0<em>Relat\u00f3rio de Infla\u00e7\u00e3o<\/em>\u00a0divulgado no fim de junho pelo Banco Central, a autoridade monet\u00e1ria estimava que o IPCA fecharia 2023\u00a0em 5% no cen\u00e1rio base. A proje\u00e7\u00e3o, no entanto, pode ser revista para baixo na nova vers\u00e3o do relat\u00f3rio, que ser\u00e1 divulgada no fim de setembro.<\/p>\n\n\n\n<p>As previs\u00f5es do mercado est\u00e3o mais otimistas que as oficiais. De acordo com o boletim\u00a0<em>Focus<\/em>, pesquisa semanal com institui\u00e7\u00f5es financeiras divulgada pelo BC, a infla\u00e7\u00e3o oficial dever\u00e1 fechar o\u00a0ano em 4,84%. H\u00e1 um m\u00eas, as estimativas do mercado estavam em 4,98%.<\/p>\n\n\n\n<h2 class=\"wp-block-heading\">Cr\u00e9dito mais caro<\/h2>\n\n\n\n<p>A redu\u00e7\u00e3o da taxa Selic ajuda a estimular a economia. Isso porque juros mais baixos barateiam o cr\u00e9dito e incentivam a produ\u00e7\u00e3o e o consumo. Por outro lado, taxas mais baixas dificultam o controle da infla\u00e7\u00e3o. No \u00faltimo\u00a0<em>Relat\u00f3rio de Infla\u00e7\u00e3o<\/em>, o Banco Central projetava\u00a0crescimento de 2%\u00a0para a economia em 2023.<\/p>\n\n\n\n<p>O mercado projeta crescimento maior, principalmente ap\u00f3s a divulga\u00e7\u00e3o de que o Produto Interno Bruto (PIB, soma das riquezas produzidas) cresceu 1,9% no primeiro trimestre\u00a0. Segundo a \u00faltima edi\u00e7\u00e3o do boletim\u00a0<em>Focus<\/em>, os analistas econ\u00f4micos preveem\u00a0expans\u00e3o de 2,24%\u00a0do PIB em 2023.<\/p>\n\n\n\n<p><em>Com informa\u00e7\u00f5es da Ag\u00eancia Brasil<\/em><\/p>\n","protected":false},"excerpt":{"rendered":"<p>A forte queda da infla\u00e7\u00e3o fez o Banco Central (BC) cortar os juros pela primeira vez em tr\u00eas anos. Por cinco votos a quatro, o Comit\u00ea de Pol\u00edtica Monet\u00e1ria (Copom) reduziu a taxa Selic, juros b\u00e1sicos da economia, em 0,5 ponto percentual, para 13,25% ao ano. A decis\u00e3o surpreendeu o mercado financeiro, que esperava um\u00a0corte [&hellip;]<\/p>\n","protected":false},"author":8,"featured_media":136300,"comment_status":"open","ping_status":"open","sticky":false,"template":"","format":"standard","meta":{"pmpro_default_level":"","_jetpack_memberships_contains_paid_content":false,"footnotes":""},"categories":[2,10991],"tags":[7447,12838,746,10604,12837],"class_list":{"0":"post-136286","1":"post","2":"type-post","3":"status-publish","4":"format-standard","5":"has-post-thumbnail","7":"category-featured","8":"category-economia","9":"tag-banco-central","10":"tag-copom","11":"tag-economia","12":"tag-juros","13":"tag-taxa-selic","14":"pmpro-has-access"},"yoast_head":"<!-- This site is optimized with the Yoast SEO plugin v27.5 - https:\/\/yoast.com\/product\/yoast-seo-wordpress\/ -->\n<title>Copom reduz taxa Selic para 13,25% ao ano - Folha Popular<\/title>\n<meta name=\"robots\" content=\"index, follow, max-snippet:-1, max-image-preview:large, max-video-preview:-1\" \/>\n<link rel=\"canonical\" href=\"https:\/\/folhapopular.info\/index.php\/2023\/08\/03\/copom-reduz-taxa-selic-para-1325-ao-ano\/\" \/>\n<meta property=\"og:locale\" content=\"pt_BR\" \/>\n<meta property=\"og:type\" content=\"article\" \/>\n<meta property=\"og:title\" content=\"Copom reduz taxa Selic para 13,25% ao ano - Folha Popular\" \/>\n<meta property=\"og:description\" content=\"A forte queda da infla\u00e7\u00e3o fez o Banco Central (BC) cortar os juros pela primeira vez em tr\u00eas anos. Por cinco votos a quatro, o Comit\u00ea de Pol\u00edtica Monet\u00e1ria (Copom) reduziu a taxa Selic, juros b\u00e1sicos da economia, em 0,5 ponto percentual, para 13,25% ao ano. A decis\u00e3o surpreendeu o mercado financeiro, que esperava um\u00a0corte [&hellip;]\" \/>\n<meta property=\"og:url\" content=\"https:\/\/folhapopular.info\/index.php\/2023\/08\/03\/copom-reduz-taxa-selic-para-1325-ao-ano\/\" \/>\n<meta property=\"og:site_name\" content=\"Folha Popular\" \/>\n<meta property=\"article:published_time\" content=\"2023-08-03T13:21:02+00:00\" \/>\n<meta property=\"article:modified_time\" content=\"2023-08-03T13:41:06+00:00\" \/>\n<meta property=\"og:image\" content=\"http:\/\/folhapopular.info\/wp-content\/uploads\/2023\/08\/banco_central_economia_0413202009.jpg\" \/>\n\t<meta property=\"og:image:width\" content=\"1170\" \/>\n\t<meta property=\"og:image:height\" content=\"700\" \/>\n\t<meta property=\"og:image:type\" content=\"image\/jpeg\" \/>\n<meta name=\"author\" content=\"Reda\u00e7\u00e3o Folha Popular\" \/>\n<meta name=\"twitter:card\" content=\"summary_large_image\" \/>\n<meta name=\"twitter:label1\" content=\"Escrito por\" \/>\n\t<meta name=\"twitter:data1\" content=\"Reda\u00e7\u00e3o Folha Popular\" \/>\n\t<meta name=\"twitter:label2\" content=\"Est. tempo de leitura\" \/>\n\t<meta name=\"twitter:data2\" content=\"4 minutos\" \/>\n<script type=\"application\/ld+json\" class=\"yoast-schema-graph\">{\"@context\":\"https:\\\/\\\/schema.org\",\"@graph\":[{\"@type\":\"Article\",\"@id\":\"https:\\\/\\\/folhapopular.info\\\/index.php\\\/2023\\\/08\\\/03\\\/copom-reduz-taxa-selic-para-1325-ao-ano\\\/#article\",\"isPartOf\":{\"@id\":\"https:\\\/\\\/folhapopular.info\\\/index.php\\\/2023\\\/08\\\/03\\\/copom-reduz-taxa-selic-para-1325-ao-ano\\\/\"},\"author\":{\"name\":\"Reda\u00e7\u00e3o Folha Popular\",\"@id\":\"https:\\\/\\\/folhapopular.info\\\/#\\\/schema\\\/person\\\/2814e8a0df7643585a9ca38bc6eb9d4b\"},\"headline\":\"Copom reduz taxa Selic para 13,25% ao ano\",\"datePublished\":\"2023-08-03T13:21:02+00:00\",\"dateModified\":\"2023-08-03T13:41:06+00:00\",\"mainEntityOfPage\":{\"@id\":\"https:\\\/\\\/folhapopular.info\\\/index.php\\\/2023\\\/08\\\/03\\\/copom-reduz-taxa-selic-para-1325-ao-ano\\\/\"},\"wordCount\":564,\"commentCount\":0,\"image\":{\"@id\":\"https:\\\/\\\/folhapopular.info\\\/index.php\\\/2023\\\/08\\\/03\\\/copom-reduz-taxa-selic-para-1325-ao-ano\\\/#primaryimage\"},\"thumbnailUrl\":\"https:\\\/\\\/folhapopular.info\\\/wp-content\\\/uploads\\\/2023\\\/08\\\/banco_central_economia_0413202009.jpg\",\"keywords\":[\"Banco Central\",\"copom\",\"Economia\",\"juros\",\"taxa selic\"],\"articleSection\":[\"Destaques\",\"Economia\"],\"inLanguage\":\"pt-BR\",\"potentialAction\":[{\"@type\":\"CommentAction\",\"name\":\"Comment\",\"target\":[\"https:\\\/\\\/folhapopular.info\\\/index.php\\\/2023\\\/08\\\/03\\\/copom-reduz-taxa-selic-para-1325-ao-ano\\\/#respond\"]}]},{\"@type\":\"WebPage\",\"@id\":\"https:\\\/\\\/folhapopular.info\\\/index.php\\\/2023\\\/08\\\/03\\\/copom-reduz-taxa-selic-para-1325-ao-ano\\\/\",\"url\":\"https:\\\/\\\/folhapopular.info\\\/index.php\\\/2023\\\/08\\\/03\\\/copom-reduz-taxa-selic-para-1325-ao-ano\\\/\",\"name\":\"Copom reduz taxa Selic para 13,25% ao ano - Folha Popular\",\"isPartOf\":{\"@id\":\"https:\\\/\\\/folhapopular.info\\\/#website\"},\"primaryImageOfPage\":{\"@id\":\"https:\\\/\\\/folhapopular.info\\\/index.php\\\/2023\\\/08\\\/03\\\/copom-reduz-taxa-selic-para-1325-ao-ano\\\/#primaryimage\"},\"image\":{\"@id\":\"https:\\\/\\\/folhapopular.info\\\/index.php\\\/2023\\\/08\\\/03\\\/copom-reduz-taxa-selic-para-1325-ao-ano\\\/#primaryimage\"},\"thumbnailUrl\":\"https:\\\/\\\/folhapopular.info\\\/wp-content\\\/uploads\\\/2023\\\/08\\\/banco_central_economia_0413202009.jpg\",\"datePublished\":\"2023-08-03T13:21:02+00:00\",\"dateModified\":\"2023-08-03T13:41:06+00:00\",\"author\":{\"@id\":\"https:\\\/\\\/folhapopular.info\\\/#\\\/schema\\\/person\\\/2814e8a0df7643585a9ca38bc6eb9d4b\"},\"breadcrumb\":{\"@id\":\"https:\\\/\\\/folhapopular.info\\\/index.php\\\/2023\\\/08\\\/03\\\/copom-reduz-taxa-selic-para-1325-ao-ano\\\/#breadcrumb\"},\"inLanguage\":\"pt-BR\",\"potentialAction\":[{\"@type\":\"ReadAction\",\"target\":[\"https:\\\/\\\/folhapopular.info\\\/index.php\\\/2023\\\/08\\\/03\\\/copom-reduz-taxa-selic-para-1325-ao-ano\\\/\"]}]},{\"@type\":\"ImageObject\",\"inLanguage\":\"pt-BR\",\"@id\":\"https:\\\/\\\/folhapopular.info\\\/index.php\\\/2023\\\/08\\\/03\\\/copom-reduz-taxa-selic-para-1325-ao-ano\\\/#primaryimage\",\"url\":\"https:\\\/\\\/folhapopular.info\\\/wp-content\\\/uploads\\\/2023\\\/08\\\/banco_central_economia_0413202009.jpg\",\"contentUrl\":\"https:\\\/\\\/folhapopular.info\\\/wp-content\\\/uploads\\\/2023\\\/08\\\/banco_central_economia_0413202009.jpg\",\"width\":1170,\"height\":700,\"caption\":\"Cr\u00e9dito: Divulga\u00e7\u00e3o \\\/ Ag\u00eancia Brasil\"},{\"@type\":\"BreadcrumbList\",\"@id\":\"https:\\\/\\\/folhapopular.info\\\/index.php\\\/2023\\\/08\\\/03\\\/copom-reduz-taxa-selic-para-1325-ao-ano\\\/#breadcrumb\",\"itemListElement\":[{\"@type\":\"ListItem\",\"position\":1,\"name\":\"In\u00edcio\",\"item\":\"https:\\\/\\\/folhapopular.info\\\/\"},{\"@type\":\"ListItem\",\"position\":2,\"name\":\"Copom reduz taxa Selic para 13,25% ao ano\"}]},{\"@type\":\"WebSite\",\"@id\":\"https:\\\/\\\/folhapopular.info\\\/#website\",\"url\":\"https:\\\/\\\/folhapopular.info\\\/\",\"name\":\"Folha Popular\",\"description\":\"Onde voc\u00ea tem vez e voz\",\"potentialAction\":[{\"@type\":\"SearchAction\",\"target\":{\"@type\":\"EntryPoint\",\"urlTemplate\":\"https:\\\/\\\/folhapopular.info\\\/?s={search_term_string}\"},\"query-input\":{\"@type\":\"PropertyValueSpecification\",\"valueRequired\":true,\"valueName\":\"search_term_string\"}}],\"inLanguage\":\"pt-BR\"},{\"@type\":\"Person\",\"@id\":\"https:\\\/\\\/folhapopular.info\\\/#\\\/schema\\\/person\\\/2814e8a0df7643585a9ca38bc6eb9d4b\",\"name\":\"Reda\u00e7\u00e3o Folha Popular\",\"image\":{\"@type\":\"ImageObject\",\"inLanguage\":\"pt-BR\",\"@id\":\"https:\\\/\\\/folhapopular.info\\\/wp-content\\\/uploads\\\/2026\\\/04\\\/Folha-1.webp\",\"url\":\"https:\\\/\\\/folhapopular.info\\\/wp-content\\\/uploads\\\/2026\\\/04\\\/Folha-1.webp\",\"contentUrl\":\"https:\\\/\\\/folhapopular.info\\\/wp-content\\\/uploads\\\/2026\\\/04\\\/Folha-1.webp\",\"caption\":\"Reda\u00e7\u00e3o Folha Popular\"},\"url\":\"https:\\\/\\\/folhapopular.info\\\/index.php\\\/author\\\/redacao\\\/\"}]}<\/script>\n<!-- \/ Yoast SEO plugin. -->","yoast_head_json":{"title":"Copom reduz taxa Selic para 13,25% ao ano - Folha Popular","robots":{"index":"index","follow":"follow","max-snippet":"max-snippet:-1","max-image-preview":"max-image-preview:large","max-video-preview":"max-video-preview:-1"},"canonical":"https:\/\/folhapopular.info\/index.php\/2023\/08\/03\/copom-reduz-taxa-selic-para-1325-ao-ano\/","og_locale":"pt_BR","og_type":"article","og_title":"Copom reduz taxa Selic para 13,25% ao ano - Folha Popular","og_description":"A forte queda da infla\u00e7\u00e3o fez o Banco Central (BC) cortar os juros pela primeira vez em tr\u00eas anos. Por cinco votos a quatro, o Comit\u00ea de Pol\u00edtica Monet\u00e1ria (Copom) reduziu a taxa Selic, juros b\u00e1sicos da economia, em 0,5 ponto percentual, para 13,25% ao ano. A decis\u00e3o surpreendeu o mercado financeiro, que esperava um\u00a0corte [&hellip;]","og_url":"https:\/\/folhapopular.info\/index.php\/2023\/08\/03\/copom-reduz-taxa-selic-para-1325-ao-ano\/","og_site_name":"Folha Popular","article_published_time":"2023-08-03T13:21:02+00:00","article_modified_time":"2023-08-03T13:41:06+00:00","og_image":[{"width":1170,"height":700,"url":"http:\/\/folhapopular.info\/wp-content\/uploads\/2023\/08\/banco_central_economia_0413202009.jpg","type":"image\/jpeg"}],"author":"Reda\u00e7\u00e3o Folha Popular","twitter_card":"summary_large_image","twitter_misc":{"Escrito por":"Reda\u00e7\u00e3o Folha Popular","Est. tempo de leitura":"4 minutos"},"schema":{"@context":"https:\/\/schema.org","@graph":[{"@type":"Article","@id":"https:\/\/folhapopular.info\/index.php\/2023\/08\/03\/copom-reduz-taxa-selic-para-1325-ao-ano\/#article","isPartOf":{"@id":"https:\/\/folhapopular.info\/index.php\/2023\/08\/03\/copom-reduz-taxa-selic-para-1325-ao-ano\/"},"author":{"name":"Reda\u00e7\u00e3o Folha Popular","@id":"https:\/\/folhapopular.info\/#\/schema\/person\/2814e8a0df7643585a9ca38bc6eb9d4b"},"headline":"Copom reduz taxa Selic para 13,25% ao ano","datePublished":"2023-08-03T13:21:02+00:00","dateModified":"2023-08-03T13:41:06+00:00","mainEntityOfPage":{"@id":"https:\/\/folhapopular.info\/index.php\/2023\/08\/03\/copom-reduz-taxa-selic-para-1325-ao-ano\/"},"wordCount":564,"commentCount":0,"image":{"@id":"https:\/\/folhapopular.info\/index.php\/2023\/08\/03\/copom-reduz-taxa-selic-para-1325-ao-ano\/#primaryimage"},"thumbnailUrl":"https:\/\/folhapopular.info\/wp-content\/uploads\/2023\/08\/banco_central_economia_0413202009.jpg","keywords":["Banco Central","copom","Economia","juros","taxa selic"],"articleSection":["Destaques","Economia"],"inLanguage":"pt-BR","potentialAction":[{"@type":"CommentAction","name":"Comment","target":["https:\/\/folhapopular.info\/index.php\/2023\/08\/03\/copom-reduz-taxa-selic-para-1325-ao-ano\/#respond"]}]},{"@type":"WebPage","@id":"https:\/\/folhapopular.info\/index.php\/2023\/08\/03\/copom-reduz-taxa-selic-para-1325-ao-ano\/","url":"https:\/\/folhapopular.info\/index.php\/2023\/08\/03\/copom-reduz-taxa-selic-para-1325-ao-ano\/","name":"Copom reduz taxa Selic para 13,25% ao ano - Folha Popular","isPartOf":{"@id":"https:\/\/folhapopular.info\/#website"},"primaryImageOfPage":{"@id":"https:\/\/folhapopular.info\/index.php\/2023\/08\/03\/copom-reduz-taxa-selic-para-1325-ao-ano\/#primaryimage"},"image":{"@id":"https:\/\/folhapopular.info\/index.php\/2023\/08\/03\/copom-reduz-taxa-selic-para-1325-ao-ano\/#primaryimage"},"thumbnailUrl":"https:\/\/folhapopular.info\/wp-content\/uploads\/2023\/08\/banco_central_economia_0413202009.jpg","datePublished":"2023-08-03T13:21:02+00:00","dateModified":"2023-08-03T13:41:06+00:00","author":{"@id":"https:\/\/folhapopular.info\/#\/schema\/person\/2814e8a0df7643585a9ca38bc6eb9d4b"},"breadcrumb":{"@id":"https:\/\/folhapopular.info\/index.php\/2023\/08\/03\/copom-reduz-taxa-selic-para-1325-ao-ano\/#breadcrumb"},"inLanguage":"pt-BR","potentialAction":[{"@type":"ReadAction","target":["https:\/\/folhapopular.info\/index.php\/2023\/08\/03\/copom-reduz-taxa-selic-para-1325-ao-ano\/"]}]},{"@type":"ImageObject","inLanguage":"pt-BR","@id":"https:\/\/folhapopular.info\/index.php\/2023\/08\/03\/copom-reduz-taxa-selic-para-1325-ao-ano\/#primaryimage","url":"https:\/\/folhapopular.info\/wp-content\/uploads\/2023\/08\/banco_central_economia_0413202009.jpg","contentUrl":"https:\/\/folhapopular.info\/wp-content\/uploads\/2023\/08\/banco_central_economia_0413202009.jpg","width":1170,"height":700,"caption":"Cr\u00e9dito: Divulga\u00e7\u00e3o \/ Ag\u00eancia Brasil"},{"@type":"BreadcrumbList","@id":"https:\/\/folhapopular.info\/index.php\/2023\/08\/03\/copom-reduz-taxa-selic-para-1325-ao-ano\/#breadcrumb","itemListElement":[{"@type":"ListItem","position":1,"name":"In\u00edcio","item":"https:\/\/folhapopular.info\/"},{"@type":"ListItem","position":2,"name":"Copom reduz taxa Selic para 13,25% ao ano"}]},{"@type":"WebSite","@id":"https:\/\/folhapopular.info\/#website","url":"https:\/\/folhapopular.info\/","name":"Folha Popular","description":"Onde voc\u00ea tem vez e voz","potentialAction":[{"@type":"SearchAction","target":{"@type":"EntryPoint","urlTemplate":"https:\/\/folhapopular.info\/?s={search_term_string}"},"query-input":{"@type":"PropertyValueSpecification","valueRequired":true,"valueName":"search_term_string"}}],"inLanguage":"pt-BR"},{"@type":"Person","@id":"https:\/\/folhapopular.info\/#\/schema\/person\/2814e8a0df7643585a9ca38bc6eb9d4b","name":"Reda\u00e7\u00e3o Folha Popular","image":{"@type":"ImageObject","inLanguage":"pt-BR","@id":"https:\/\/folhapopular.info\/wp-content\/uploads\/2026\/04\/Folha-1.webp","url":"https:\/\/folhapopular.info\/wp-content\/uploads\/2026\/04\/Folha-1.webp","contentUrl":"https:\/\/folhapopular.info\/wp-content\/uploads\/2026\/04\/Folha-1.webp","caption":"Reda\u00e7\u00e3o Folha Popular"},"url":"https:\/\/folhapopular.info\/index.php\/author\/redacao\/"}]}},"jetpack_featured_media_url":"https:\/\/folhapopular.info\/wp-content\/uploads\/2023\/08\/banco_central_economia_0413202009.jpg","jetpack_sharing_enabled":true,"amp_enabled":true,"_links":{"self":[{"href":"https:\/\/folhapopular.info\/index.php\/wp-json\/wp\/v2\/posts\/136286","targetHints":{"allow":["GET"]}}],"collection":[{"href":"https:\/\/folhapopular.info\/index.php\/wp-json\/wp\/v2\/posts"}],"about":[{"href":"https:\/\/folhapopular.info\/index.php\/wp-json\/wp\/v2\/types\/post"}],"author":[{"embeddable":true,"href":"https:\/\/folhapopular.info\/index.php\/wp-json\/wp\/v2\/users\/8"}],"replies":[{"embeddable":true,"href":"https:\/\/folhapopular.info\/index.php\/wp-json\/wp\/v2\/comments?post=136286"}],"version-history":[{"count":0,"href":"https:\/\/folhapopular.info\/index.php\/wp-json\/wp\/v2\/posts\/136286\/revisions"}],"wp:featuredmedia":[{"embeddable":true,"href":"https:\/\/folhapopular.info\/index.php\/wp-json\/wp\/v2\/media\/136300"}],"wp:attachment":[{"href":"https:\/\/folhapopular.info\/index.php\/wp-json\/wp\/v2\/media?parent=136286"}],"wp:term":[{"taxonomy":"category","embeddable":true,"href":"https:\/\/folhapopular.info\/index.php\/wp-json\/wp\/v2\/categories?post=136286"},{"taxonomy":"post_tag","embeddable":true,"href":"https:\/\/folhapopular.info\/index.php\/wp-json\/wp\/v2\/tags?post=136286"}],"curies":[{"name":"wp","href":"https:\/\/api.w.org\/{rel}","templated":true}]}}