{"id":136305,"date":"2023-08-03T16:30:00","date_gmt":"2023-08-03T19:30:00","guid":{"rendered":"https:\/\/folhapopular.info\/?p=136305"},"modified":"2023-08-03T15:53:19","modified_gmt":"2023-08-03T18:53:19","slug":"presidentes-do-sebrae-e-da-fecomercio-rs-comentam-reducao-da-selic","status":"publish","type":"post","link":"https:\/\/folhapopular.info\/index.php\/2023\/08\/03\/presidentes-do-sebrae-e-da-fecomercio-rs-comentam-reducao-da-selic\/","title":{"rendered":"Presidentes do Sebrae e da Fecom\u00e9rcio RS comentam redu\u00e7\u00e3o da Selic"},"content":{"rendered":"\n<p>O Comit\u00ea de Pol\u00edtica Monet\u00e1ria (Copom) do Banco Central anunciou, nesta quarta-feira (2\/8), <a href=\"https:\/\/folhapopular.info\/index.php\/2023\/08\/03\/copom-reduz-taxa-selic-para-1325-ao-ano\/\" target=\"_blank\" rel=\"noreferrer noopener\">o primeiro corte na taxa Selic no per\u00edodo de tr\u00eas anos<\/a>. Com a redu\u00e7\u00e3o de 0,5 ponto percentual, a nova taxa Selic passa a ser de 13,25%.<\/p>\n\n\n\n<p>Conforme o presidente nacional do Sebrae, D\u00e9cio Lima, a medida vai ao encontro de uma demanda geral do governo e dos empres\u00e1rios, mas ainda \u00e9 um patamar considerado insuficiente para aqueles que enxergavam nos indicadores da economia espa\u00e7o para uma redu\u00e7\u00e3o mais significativa. Ele considera que o patamar ainda elevado da taxa de juros \u00e9 uma falta de sensibilidade para com os donos de pequenos neg\u00f3cios&nbsp;no&nbsp;Brasil.<\/p>\n\n\n\n<p>Segundo Lima, a economia brasileira tem respondido positivamente. &#8220;O pa\u00eds teve o quarto maior crescimento do PIB no primeiro trimestre entre todas as economias globais. Somamos um volume de US$ 166,5 bilh\u00f5es em exporta\u00e7\u00f5es, com super\u00e1vit de US$ 45,5 bilh\u00f5es, o maior da nossa hist\u00f3ria. Al\u00e9m disso temos mantido, de modo consistente, a retomada dos empregos formais\u201d, comenta.<\/p>\n\n\n\n<p>Nesse contexto, segundo o presidente, \u00e9 injustific\u00e1vel que os donos de pequenos neg\u00f3cios precisem pedir empr\u00e9stimos com uma taxa de juros t\u00e3o elevada. \u201cO empreendedor precisa ter acesso a cr\u00e9dito a um custo vi\u00e1vel para poder investir e ajudar o pa\u00eds a retomar o crescimento. Mas, com as condi\u00e7\u00f5es atuais, \u00e9 pegar um empr\u00e9stimo para falir ou quebrar amanh\u00e3\u201d, avalia.<\/p>\n\n\n\n<h2 class=\"wp-block-heading\">D\u00edvidas<\/h2>\n\n\n\n<p>Conforme um levantamento feito pelo Sebrae em parceria com o Instituto Brasileiro de Geografia e Estat\u00edstica (IBGE), 63% dos pequenos neg\u00f3cios tinham d\u00edvidas ou empr\u00e9stimos em abril, sendo que pouco mais da metade dos empreendedores (52%) tinham 30% ou mais do seu custo representado pelo pagamento dessas d\u00edvidas.<\/p>\n\n\n\n<p>\u201cOs pequenos neg\u00f3cios t\u00eam respondido por sete em cada 10 novas vagas de empregos formais e contribuem diretamente para a vida de 85 milh\u00f5es de pessoas, um contingente maior do que a popula\u00e7\u00e3o de pa\u00edses como Fran\u00e7a, Reino Unido, \u00c1frica do Sul e Argentina. Com essa import\u00e2ncia para a economia, as MPE precisavam ter assegurado o acesso a taxas de juros mais favor\u00e1veis e que n\u00e3o representassem um risco futuro \u00e0 sa\u00fade financeira das empresas\u201d,\u00a0avalia Lima.<\/p>\n\n\n\n<h2 class=\"wp-block-heading\">Fecom\u00e9rcio-RS<\/h2>\n\n\n\n<p>Para o presidente da Fecom\u00e9rcio-RS, Luiz Carlos Bohn, a decis\u00e3o do Copom foi bem-recebida. &#8220;Ainda que muitos acreditassem em\u00a0uma posi\u00e7\u00e3o mais cautelosa, dado o perfil do comit\u00ea, a queda de 0,5 pontos percentuais sinaliza a\u00a0confian\u00e7a do comit\u00ea num comportamento mais benigno da infla\u00e7\u00e3o no horizonte relevante. Nos \u00faltimos 45 dias, apesar do aumento da incerteza no cen\u00e1rio internacional, especialmente ligado \u00e0 evolu\u00e7\u00e3o do pre\u00e7o dos alimentos, em linhas gerais acumulou-se uma s\u00e9rie de elementos que sustentavam uma redu\u00e7\u00e3o mais intensa da Selic&#8221;, cita. <\/p>\n\n\n\n<p>Segundo Bohn, sabe-se que uma taxa de juros real t\u00e3o elevada por um longo per\u00edodo de tempo pode impactar negativamente\u00a0a\u00a0economia, especialmente aquelas atividades que s\u00e3o mais sens\u00edveis \u00e0 din\u00e2mica dos juros, como \u00e9 o caso da ind\u00fastria e do com\u00e9rcio. <\/p>\n\n\n\n<p>Ele enfatiza que, apesar do in\u00edcio de um ciclo de queda, espera-se que a redu\u00e7\u00e3o da taxa de juros impulsione a atividade no curto prazo. &#8220;Temos ci\u00eancia de que a queda estrutural das taxas de juros no pa\u00eds est\u00e1 condicionada necessariamente a um controle mais efetivo das contas p\u00fablicas e a outras reformas que\u00a0enderecem\u00a0aumento da produtividade da economia brasileira no m\u00e9dio e longo prazo&#8221;, cita.<\/p>\n\n\n\n<p><em>Com informa\u00e7\u00f5es da Ag\u00eancia Sebrae e Fecom\u00e9rcio-RS<\/em><\/p>\n","protected":false},"excerpt":{"rendered":"<p>O Comit\u00ea de Pol\u00edtica Monet\u00e1ria (Copom) do Banco Central anunciou, nesta quarta-feira (2\/8), o primeiro corte na taxa Selic no per\u00edodo de tr\u00eas anos. Com a redu\u00e7\u00e3o de 0,5 ponto percentual, a nova taxa Selic passa a ser de 13,25%. Conforme o presidente nacional do Sebrae, D\u00e9cio Lima, a medida vai ao encontro de uma [&hellip;]<\/p>\n","protected":false},"author":8,"featured_media":136306,"comment_status":"open","ping_status":"open","sticky":false,"template":"","format":"standard","meta":{"pmpro_default_level":"","_jetpack_memberships_contains_paid_content":false,"footnotes":""},"categories":[2,10991,12473],"tags":[10604,12404,12842,3123,12837],"class_list":{"0":"post-136305","1":"post","2":"type-post","3":"status-publish","4":"format-standard","5":"has-post-thumbnail","7":"category-featured","8":"category-economia","9":"category-negocios","10":"tag-juros","11":"tag-micro-e-pequenas-empresas","12":"tag-pequenos-negocios","13":"tag-sebrae","14":"tag-taxa-selic","15":"pmpro-has-access"},"yoast_head":"<!-- This site is optimized with the Yoast SEO plugin v27.5 - https:\/\/yoast.com\/product\/yoast-seo-wordpress\/ -->\n<title>Presidentes do Sebrae e da Fecom\u00e9rcio RS comentam redu\u00e7\u00e3o da Selic - Folha Popular<\/title>\n<meta name=\"robots\" content=\"index, follow, max-snippet:-1, max-image-preview:large, max-video-preview:-1\" \/>\n<link rel=\"canonical\" href=\"https:\/\/folhapopular.info\/index.php\/2023\/08\/03\/presidentes-do-sebrae-e-da-fecomercio-rs-comentam-reducao-da-selic\/\" \/>\n<meta property=\"og:locale\" content=\"pt_BR\" \/>\n<meta property=\"og:type\" content=\"article\" \/>\n<meta property=\"og:title\" content=\"Presidentes do Sebrae e da Fecom\u00e9rcio RS comentam redu\u00e7\u00e3o da Selic - Folha Popular\" \/>\n<meta property=\"og:description\" content=\"O Comit\u00ea de Pol\u00edtica Monet\u00e1ria (Copom) do Banco Central anunciou, nesta quarta-feira (2\/8), o primeiro corte na taxa Selic no per\u00edodo de tr\u00eas anos. Com a redu\u00e7\u00e3o de 0,5 ponto percentual, a nova taxa Selic passa a ser de 13,25%. Conforme o presidente nacional do Sebrae, D\u00e9cio Lima, a medida vai ao encontro de uma [&hellip;]\" \/>\n<meta property=\"og:url\" content=\"https:\/\/folhapopular.info\/index.php\/2023\/08\/03\/presidentes-do-sebrae-e-da-fecomercio-rs-comentam-reducao-da-selic\/\" \/>\n<meta property=\"og:site_name\" content=\"Folha Popular\" \/>\n<meta property=\"article:published_time\" content=\"2023-08-03T19:30:00+00:00\" \/>\n<meta property=\"og:image\" content=\"https:\/\/folhapopular.info\/wp-content\/uploads\/2023\/08\/real_moeda_dinheiro_mcajr_2904223671.jpg\" \/>\n\t<meta property=\"og:image:width\" content=\"1170\" \/>\n\t<meta property=\"og:image:height\" content=\"700\" \/>\n\t<meta property=\"og:image:type\" content=\"image\/jpeg\" \/>\n<meta name=\"author\" content=\"Reda\u00e7\u00e3o Folha Popular\" \/>\n<meta name=\"twitter:card\" content=\"summary_large_image\" \/>\n<meta name=\"twitter:label1\" content=\"Escrito por\" \/>\n\t<meta name=\"twitter:data1\" content=\"Reda\u00e7\u00e3o Folha Popular\" \/>\n\t<meta name=\"twitter:label2\" content=\"Est. tempo de leitura\" \/>\n\t<meta name=\"twitter:data2\" content=\"4 minutos\" \/>\n<script type=\"application\/ld+json\" class=\"yoast-schema-graph\">{\"@context\":\"https:\\\/\\\/schema.org\",\"@graph\":[{\"@type\":\"Article\",\"@id\":\"https:\\\/\\\/folhapopular.info\\\/index.php\\\/2023\\\/08\\\/03\\\/presidentes-do-sebrae-e-da-fecomercio-rs-comentam-reducao-da-selic\\\/#article\",\"isPartOf\":{\"@id\":\"https:\\\/\\\/folhapopular.info\\\/index.php\\\/2023\\\/08\\\/03\\\/presidentes-do-sebrae-e-da-fecomercio-rs-comentam-reducao-da-selic\\\/\"},\"author\":{\"name\":\"Reda\u00e7\u00e3o Folha Popular\",\"@id\":\"https:\\\/\\\/folhapopular.info\\\/#\\\/schema\\\/person\\\/2814e8a0df7643585a9ca38bc6eb9d4b\"},\"headline\":\"Presidentes do Sebrae e da Fecom\u00e9rcio RS comentam redu\u00e7\u00e3o da Selic\",\"datePublished\":\"2023-08-03T19:30:00+00:00\",\"mainEntityOfPage\":{\"@id\":\"https:\\\/\\\/folhapopular.info\\\/index.php\\\/2023\\\/08\\\/03\\\/presidentes-do-sebrae-e-da-fecomercio-rs-comentam-reducao-da-selic\\\/\"},\"wordCount\":618,\"commentCount\":0,\"image\":{\"@id\":\"https:\\\/\\\/folhapopular.info\\\/index.php\\\/2023\\\/08\\\/03\\\/presidentes-do-sebrae-e-da-fecomercio-rs-comentam-reducao-da-selic\\\/#primaryimage\"},\"thumbnailUrl\":\"https:\\\/\\\/folhapopular.info\\\/wp-content\\\/uploads\\\/2023\\\/08\\\/real_moeda_dinheiro_mcajr_2904223671.jpg\",\"keywords\":[\"juros\",\"micro e pequenas empresas\",\"pequenos neg\u00f3cios\",\"Sebrae\",\"taxa selic\"],\"articleSection\":[\"Destaques\",\"Economia\",\"Neg\u00f3cios\"],\"inLanguage\":\"pt-BR\",\"potentialAction\":[{\"@type\":\"CommentAction\",\"name\":\"Comment\",\"target\":[\"https:\\\/\\\/folhapopular.info\\\/index.php\\\/2023\\\/08\\\/03\\\/presidentes-do-sebrae-e-da-fecomercio-rs-comentam-reducao-da-selic\\\/#respond\"]}]},{\"@type\":\"WebPage\",\"@id\":\"https:\\\/\\\/folhapopular.info\\\/index.php\\\/2023\\\/08\\\/03\\\/presidentes-do-sebrae-e-da-fecomercio-rs-comentam-reducao-da-selic\\\/\",\"url\":\"https:\\\/\\\/folhapopular.info\\\/index.php\\\/2023\\\/08\\\/03\\\/presidentes-do-sebrae-e-da-fecomercio-rs-comentam-reducao-da-selic\\\/\",\"name\":\"Presidentes do Sebrae e da Fecom\u00e9rcio RS comentam redu\u00e7\u00e3o da Selic - Folha Popular\",\"isPartOf\":{\"@id\":\"https:\\\/\\\/folhapopular.info\\\/#website\"},\"primaryImageOfPage\":{\"@id\":\"https:\\\/\\\/folhapopular.info\\\/index.php\\\/2023\\\/08\\\/03\\\/presidentes-do-sebrae-e-da-fecomercio-rs-comentam-reducao-da-selic\\\/#primaryimage\"},\"image\":{\"@id\":\"https:\\\/\\\/folhapopular.info\\\/index.php\\\/2023\\\/08\\\/03\\\/presidentes-do-sebrae-e-da-fecomercio-rs-comentam-reducao-da-selic\\\/#primaryimage\"},\"thumbnailUrl\":\"https:\\\/\\\/folhapopular.info\\\/wp-content\\\/uploads\\\/2023\\\/08\\\/real_moeda_dinheiro_mcajr_2904223671.jpg\",\"datePublished\":\"2023-08-03T19:30:00+00:00\",\"author\":{\"@id\":\"https:\\\/\\\/folhapopular.info\\\/#\\\/schema\\\/person\\\/2814e8a0df7643585a9ca38bc6eb9d4b\"},\"breadcrumb\":{\"@id\":\"https:\\\/\\\/folhapopular.info\\\/index.php\\\/2023\\\/08\\\/03\\\/presidentes-do-sebrae-e-da-fecomercio-rs-comentam-reducao-da-selic\\\/#breadcrumb\"},\"inLanguage\":\"pt-BR\",\"potentialAction\":[{\"@type\":\"ReadAction\",\"target\":[\"https:\\\/\\\/folhapopular.info\\\/index.php\\\/2023\\\/08\\\/03\\\/presidentes-do-sebrae-e-da-fecomercio-rs-comentam-reducao-da-selic\\\/\"]}]},{\"@type\":\"ImageObject\",\"inLanguage\":\"pt-BR\",\"@id\":\"https:\\\/\\\/folhapopular.info\\\/index.php\\\/2023\\\/08\\\/03\\\/presidentes-do-sebrae-e-da-fecomercio-rs-comentam-reducao-da-selic\\\/#primaryimage\",\"url\":\"https:\\\/\\\/folhapopular.info\\\/wp-content\\\/uploads\\\/2023\\\/08\\\/real_moeda_dinheiro_mcajr_2904223671.jpg\",\"contentUrl\":\"https:\\\/\\\/folhapopular.info\\\/wp-content\\\/uploads\\\/2023\\\/08\\\/real_moeda_dinheiro_mcajr_2904223671.jpg\",\"width\":1170,\"height\":700,\"caption\":\"Cr\u00e9dito: Marcello Casal Jr \\\/ Ag\u00eancia Brasil\"},{\"@type\":\"BreadcrumbList\",\"@id\":\"https:\\\/\\\/folhapopular.info\\\/index.php\\\/2023\\\/08\\\/03\\\/presidentes-do-sebrae-e-da-fecomercio-rs-comentam-reducao-da-selic\\\/#breadcrumb\",\"itemListElement\":[{\"@type\":\"ListItem\",\"position\":1,\"name\":\"In\u00edcio\",\"item\":\"https:\\\/\\\/folhapopular.info\\\/\"},{\"@type\":\"ListItem\",\"position\":2,\"name\":\"Presidentes do Sebrae e da Fecom\u00e9rcio RS comentam redu\u00e7\u00e3o da Selic\"}]},{\"@type\":\"WebSite\",\"@id\":\"https:\\\/\\\/folhapopular.info\\\/#website\",\"url\":\"https:\\\/\\\/folhapopular.info\\\/\",\"name\":\"Folha Popular\",\"description\":\"Onde voc\u00ea tem vez e voz\",\"potentialAction\":[{\"@type\":\"SearchAction\",\"target\":{\"@type\":\"EntryPoint\",\"urlTemplate\":\"https:\\\/\\\/folhapopular.info\\\/?s={search_term_string}\"},\"query-input\":{\"@type\":\"PropertyValueSpecification\",\"valueRequired\":true,\"valueName\":\"search_term_string\"}}],\"inLanguage\":\"pt-BR\"},{\"@type\":\"Person\",\"@id\":\"https:\\\/\\\/folhapopular.info\\\/#\\\/schema\\\/person\\\/2814e8a0df7643585a9ca38bc6eb9d4b\",\"name\":\"Reda\u00e7\u00e3o Folha Popular\",\"image\":{\"@type\":\"ImageObject\",\"inLanguage\":\"pt-BR\",\"@id\":\"https:\\\/\\\/folhapopular.info\\\/wp-content\\\/uploads\\\/2026\\\/04\\\/Folha-1.webp\",\"url\":\"https:\\\/\\\/folhapopular.info\\\/wp-content\\\/uploads\\\/2026\\\/04\\\/Folha-1.webp\",\"contentUrl\":\"https:\\\/\\\/folhapopular.info\\\/wp-content\\\/uploads\\\/2026\\\/04\\\/Folha-1.webp\",\"caption\":\"Reda\u00e7\u00e3o Folha Popular\"},\"url\":\"https:\\\/\\\/folhapopular.info\\\/index.php\\\/author\\\/redacao\\\/\"}]}<\/script>\n<!-- \/ Yoast SEO plugin. -->","yoast_head_json":{"title":"Presidentes do Sebrae e da Fecom\u00e9rcio RS comentam redu\u00e7\u00e3o da Selic - Folha Popular","robots":{"index":"index","follow":"follow","max-snippet":"max-snippet:-1","max-image-preview":"max-image-preview:large","max-video-preview":"max-video-preview:-1"},"canonical":"https:\/\/folhapopular.info\/index.php\/2023\/08\/03\/presidentes-do-sebrae-e-da-fecomercio-rs-comentam-reducao-da-selic\/","og_locale":"pt_BR","og_type":"article","og_title":"Presidentes do Sebrae e da Fecom\u00e9rcio RS comentam redu\u00e7\u00e3o da Selic - Folha Popular","og_description":"O Comit\u00ea de Pol\u00edtica Monet\u00e1ria (Copom) do Banco Central anunciou, nesta quarta-feira (2\/8), o primeiro corte na taxa Selic no per\u00edodo de tr\u00eas anos. Com a redu\u00e7\u00e3o de 0,5 ponto percentual, a nova taxa Selic passa a ser de 13,25%. Conforme o presidente nacional do Sebrae, D\u00e9cio Lima, a medida vai ao encontro de uma [&hellip;]","og_url":"https:\/\/folhapopular.info\/index.php\/2023\/08\/03\/presidentes-do-sebrae-e-da-fecomercio-rs-comentam-reducao-da-selic\/","og_site_name":"Folha Popular","article_published_time":"2023-08-03T19:30:00+00:00","og_image":[{"width":1170,"height":700,"url":"https:\/\/folhapopular.info\/wp-content\/uploads\/2023\/08\/real_moeda_dinheiro_mcajr_2904223671.jpg","type":"image\/jpeg"}],"author":"Reda\u00e7\u00e3o Folha Popular","twitter_card":"summary_large_image","twitter_misc":{"Escrito por":"Reda\u00e7\u00e3o Folha Popular","Est. tempo de leitura":"4 minutos"},"schema":{"@context":"https:\/\/schema.org","@graph":[{"@type":"Article","@id":"https:\/\/folhapopular.info\/index.php\/2023\/08\/03\/presidentes-do-sebrae-e-da-fecomercio-rs-comentam-reducao-da-selic\/#article","isPartOf":{"@id":"https:\/\/folhapopular.info\/index.php\/2023\/08\/03\/presidentes-do-sebrae-e-da-fecomercio-rs-comentam-reducao-da-selic\/"},"author":{"name":"Reda\u00e7\u00e3o Folha Popular","@id":"https:\/\/folhapopular.info\/#\/schema\/person\/2814e8a0df7643585a9ca38bc6eb9d4b"},"headline":"Presidentes do Sebrae e da Fecom\u00e9rcio RS comentam redu\u00e7\u00e3o da Selic","datePublished":"2023-08-03T19:30:00+00:00","mainEntityOfPage":{"@id":"https:\/\/folhapopular.info\/index.php\/2023\/08\/03\/presidentes-do-sebrae-e-da-fecomercio-rs-comentam-reducao-da-selic\/"},"wordCount":618,"commentCount":0,"image":{"@id":"https:\/\/folhapopular.info\/index.php\/2023\/08\/03\/presidentes-do-sebrae-e-da-fecomercio-rs-comentam-reducao-da-selic\/#primaryimage"},"thumbnailUrl":"https:\/\/folhapopular.info\/wp-content\/uploads\/2023\/08\/real_moeda_dinheiro_mcajr_2904223671.jpg","keywords":["juros","micro e pequenas empresas","pequenos neg\u00f3cios","Sebrae","taxa selic"],"articleSection":["Destaques","Economia","Neg\u00f3cios"],"inLanguage":"pt-BR","potentialAction":[{"@type":"CommentAction","name":"Comment","target":["https:\/\/folhapopular.info\/index.php\/2023\/08\/03\/presidentes-do-sebrae-e-da-fecomercio-rs-comentam-reducao-da-selic\/#respond"]}]},{"@type":"WebPage","@id":"https:\/\/folhapopular.info\/index.php\/2023\/08\/03\/presidentes-do-sebrae-e-da-fecomercio-rs-comentam-reducao-da-selic\/","url":"https:\/\/folhapopular.info\/index.php\/2023\/08\/03\/presidentes-do-sebrae-e-da-fecomercio-rs-comentam-reducao-da-selic\/","name":"Presidentes do Sebrae e da Fecom\u00e9rcio RS comentam redu\u00e7\u00e3o da Selic - Folha Popular","isPartOf":{"@id":"https:\/\/folhapopular.info\/#website"},"primaryImageOfPage":{"@id":"https:\/\/folhapopular.info\/index.php\/2023\/08\/03\/presidentes-do-sebrae-e-da-fecomercio-rs-comentam-reducao-da-selic\/#primaryimage"},"image":{"@id":"https:\/\/folhapopular.info\/index.php\/2023\/08\/03\/presidentes-do-sebrae-e-da-fecomercio-rs-comentam-reducao-da-selic\/#primaryimage"},"thumbnailUrl":"https:\/\/folhapopular.info\/wp-content\/uploads\/2023\/08\/real_moeda_dinheiro_mcajr_2904223671.jpg","datePublished":"2023-08-03T19:30:00+00:00","author":{"@id":"https:\/\/folhapopular.info\/#\/schema\/person\/2814e8a0df7643585a9ca38bc6eb9d4b"},"breadcrumb":{"@id":"https:\/\/folhapopular.info\/index.php\/2023\/08\/03\/presidentes-do-sebrae-e-da-fecomercio-rs-comentam-reducao-da-selic\/#breadcrumb"},"inLanguage":"pt-BR","potentialAction":[{"@type":"ReadAction","target":["https:\/\/folhapopular.info\/index.php\/2023\/08\/03\/presidentes-do-sebrae-e-da-fecomercio-rs-comentam-reducao-da-selic\/"]}]},{"@type":"ImageObject","inLanguage":"pt-BR","@id":"https:\/\/folhapopular.info\/index.php\/2023\/08\/03\/presidentes-do-sebrae-e-da-fecomercio-rs-comentam-reducao-da-selic\/#primaryimage","url":"https:\/\/folhapopular.info\/wp-content\/uploads\/2023\/08\/real_moeda_dinheiro_mcajr_2904223671.jpg","contentUrl":"https:\/\/folhapopular.info\/wp-content\/uploads\/2023\/08\/real_moeda_dinheiro_mcajr_2904223671.jpg","width":1170,"height":700,"caption":"Cr\u00e9dito: Marcello Casal Jr \/ Ag\u00eancia Brasil"},{"@type":"BreadcrumbList","@id":"https:\/\/folhapopular.info\/index.php\/2023\/08\/03\/presidentes-do-sebrae-e-da-fecomercio-rs-comentam-reducao-da-selic\/#breadcrumb","itemListElement":[{"@type":"ListItem","position":1,"name":"In\u00edcio","item":"https:\/\/folhapopular.info\/"},{"@type":"ListItem","position":2,"name":"Presidentes do Sebrae e da Fecom\u00e9rcio RS comentam redu\u00e7\u00e3o da Selic"}]},{"@type":"WebSite","@id":"https:\/\/folhapopular.info\/#website","url":"https:\/\/folhapopular.info\/","name":"Folha Popular","description":"Onde voc\u00ea tem vez e voz","potentialAction":[{"@type":"SearchAction","target":{"@type":"EntryPoint","urlTemplate":"https:\/\/folhapopular.info\/?s={search_term_string}"},"query-input":{"@type":"PropertyValueSpecification","valueRequired":true,"valueName":"search_term_string"}}],"inLanguage":"pt-BR"},{"@type":"Person","@id":"https:\/\/folhapopular.info\/#\/schema\/person\/2814e8a0df7643585a9ca38bc6eb9d4b","name":"Reda\u00e7\u00e3o Folha Popular","image":{"@type":"ImageObject","inLanguage":"pt-BR","@id":"https:\/\/folhapopular.info\/wp-content\/uploads\/2026\/04\/Folha-1.webp","url":"https:\/\/folhapopular.info\/wp-content\/uploads\/2026\/04\/Folha-1.webp","contentUrl":"https:\/\/folhapopular.info\/wp-content\/uploads\/2026\/04\/Folha-1.webp","caption":"Reda\u00e7\u00e3o Folha Popular"},"url":"https:\/\/folhapopular.info\/index.php\/author\/redacao\/"}]}},"jetpack_featured_media_url":"https:\/\/folhapopular.info\/wp-content\/uploads\/2023\/08\/real_moeda_dinheiro_mcajr_2904223671.jpg","jetpack_sharing_enabled":true,"amp_enabled":true,"_links":{"self":[{"href":"https:\/\/folhapopular.info\/index.php\/wp-json\/wp\/v2\/posts\/136305","targetHints":{"allow":["GET"]}}],"collection":[{"href":"https:\/\/folhapopular.info\/index.php\/wp-json\/wp\/v2\/posts"}],"about":[{"href":"https:\/\/folhapopular.info\/index.php\/wp-json\/wp\/v2\/types\/post"}],"author":[{"embeddable":true,"href":"https:\/\/folhapopular.info\/index.php\/wp-json\/wp\/v2\/users\/8"}],"replies":[{"embeddable":true,"href":"https:\/\/folhapopular.info\/index.php\/wp-json\/wp\/v2\/comments?post=136305"}],"version-history":[{"count":0,"href":"https:\/\/folhapopular.info\/index.php\/wp-json\/wp\/v2\/posts\/136305\/revisions"}],"wp:featuredmedia":[{"embeddable":true,"href":"https:\/\/folhapopular.info\/index.php\/wp-json\/wp\/v2\/media\/136306"}],"wp:attachment":[{"href":"https:\/\/folhapopular.info\/index.php\/wp-json\/wp\/v2\/media?parent=136305"}],"wp:term":[{"taxonomy":"category","embeddable":true,"href":"https:\/\/folhapopular.info\/index.php\/wp-json\/wp\/v2\/categories?post=136305"},{"taxonomy":"post_tag","embeddable":true,"href":"https:\/\/folhapopular.info\/index.php\/wp-json\/wp\/v2\/tags?post=136305"}],"curies":[{"name":"wp","href":"https:\/\/api.w.org\/{rel}","templated":true}]}}