{"id":136874,"date":"2023-08-07T12:30:00","date_gmt":"2023-08-07T15:30:00","guid":{"rendered":"https:\/\/folhapopular.info\/?p=136874"},"modified":"2023-08-07T09:54:26","modified_gmt":"2023-08-07T12:54:26","slug":"embarques-de-carne-de-frango-crescem-66-em-julho","status":"publish","type":"post","link":"https:\/\/folhapopular.info\/index.php\/2023\/08\/07\/embarques-de-carne-de-frango-crescem-66-em-julho\/","title":{"rendered":"Embarques de carne de frango crescem 6,6% em julho"},"content":{"rendered":"\n<p>Os levantamentos da Associa\u00e7\u00e3o Brasileira de Prote\u00edna Animal (ABPA) mostram que as exporta\u00e7\u00f5es brasileiras de carne de frango (considerando todos os produtos, entre\u00a0<em>in natura<\/em>\u00a0e processados) totalizaram 432,1 mil toneladas em julho. O n\u00famero supera em 6,6% o volume embarcado no s\u00e9timo m\u00eas de 2022, com 405,3 mil toneladas.\u00a0<\/p>\n\n\n\n<p>A receita gerada pelos embarques chegou a US$ 858,7 milh\u00f5es, n\u00famero 3,7% menor que o registrado no mesmo per\u00edodo do ano passado, com US$ 892 milh\u00f5es.<\/p>\n\n\n\n<p>No acumulado do ano (janeiro a julho), as exporta\u00e7\u00f5es de carne de frango totalizaram 3,061 milh\u00f5es de toneladas, volume 8,2% maior que o saldo registrado em 2022, com 2,828 milh\u00f5es de toneladas.&nbsp;&nbsp;<\/p>\n\n\n\n<p>Em receita, as vendas do setor nos sete primeiros meses do ano chegam a US$ 6,027 bilh\u00f5es, desempenho 7,2% maior que o total registrado em 2022, com US$ 5,620 bilh\u00f5es.&nbsp;<\/p>\n\n\n\n<h2 class=\"wp-block-heading\">Principal destino<\/h2>\n\n\n\n<p>A China importou 50,8 mil toneladas no m\u00eas de julho, n\u00famero 35% superior ao registrado no mesmo per\u00edodo do ano passado. Em seguida vieram os Emirados \u00c1rabes Unidos importaram 46,4 mil toneladas (+23%) e Jap\u00e3o, com 37,5 mil toneladas (+7%).\u00a0 Tamb\u00e9m foram destaque no m\u00eas as vendas para a \u00c1frica do Sul, com total de 25,7 mil toneladas (+73%).<\/p>\n\n\n\n<p>\u201cO fluxo para os principais mercados da carne de frango do Brasil segue em ritmo positivo e com perspectiva de saldos hist\u00f3ricos. Temos registrado embarques mensais m\u00e9dios acima de 435 mil toneladas e receita mensal acima de US$ 860 milh\u00f5es. S\u00e3o n\u00fameros que confirmam as expectativas da ABPA para o ano\u201d, ressalta o presidente da ABPA, Ricardo Santin.\u00a0<\/p>\n\n\n\n<p>Maior exportador do Brasil, o Paran\u00e1 embarcou 179,3 mil toneladas em julho, n\u00famero 14,6% maior em rela\u00e7\u00e3o ao mesmo per\u00edodo de 2022. Em segundo lugar, Santa Catarina exportou 90,3 mil toneladas (+3,4%). Em seguida, vieram Rio Grande do Sul, com 63,8 mil toneladas (+3,5%), S\u00e3o Paulo, com 23 mil toneladas (-3,1%), Goi\u00e1s, com 18,9 mil toneladas (+12,9%) e Mato Grosso do Sul, com 13,5 mil toneladas (-1,7%).<\/p>\n","protected":false},"excerpt":{"rendered":"<p>Os levantamentos da Associa\u00e7\u00e3o Brasileira de Prote\u00edna Animal (ABPA) mostram que as exporta\u00e7\u00f5es brasileiras de carne de frango (considerando todos os produtos, entre\u00a0in natura\u00a0e processados) totalizaram 432,1 mil toneladas em julho. O n\u00famero supera em 6,6% o volume embarcado no s\u00e9timo m\u00eas de 2022, com 405,3 mil toneladas.\u00a0 A receita gerada pelos embarques chegou a [&hellip;]<\/p>\n","protected":false},"author":8,"featured_media":136876,"comment_status":"open","ping_status":"open","sticky":false,"template":"","format":"standard","meta":{"pmpro_default_level":"","_jetpack_memberships_contains_paid_content":false,"footnotes":""},"categories":[2,10991],"tags":[9134,11142,9196,10688],"class_list":{"0":"post-136874","1":"post","2":"type-post","3":"status-publish","4":"format-standard","5":"has-post-thumbnail","7":"category-featured","8":"category-economia","9":"tag-abpa","10":"tag-carne-de-frango","11":"tag-exportacao","12":"tag-proteina-animal","13":"pmpro-has-access"},"yoast_head":"<!-- This site is optimized with the Yoast SEO plugin v27.5 - https:\/\/yoast.com\/product\/yoast-seo-wordpress\/ -->\n<title>Embarques de carne de frango crescem 6,6% em julho - Folha Popular<\/title>\n<meta name=\"robots\" content=\"index, follow, max-snippet:-1, max-image-preview:large, max-video-preview:-1\" \/>\n<link rel=\"canonical\" href=\"https:\/\/folhapopular.info\/index.php\/2023\/08\/07\/embarques-de-carne-de-frango-crescem-66-em-julho\/\" \/>\n<meta property=\"og:locale\" content=\"pt_BR\" \/>\n<meta property=\"og:type\" content=\"article\" \/>\n<meta property=\"og:title\" content=\"Embarques de carne de frango crescem 6,6% em julho - Folha Popular\" \/>\n<meta property=\"og:description\" content=\"Os levantamentos da Associa\u00e7\u00e3o Brasileira de Prote\u00edna Animal (ABPA) mostram que as exporta\u00e7\u00f5es brasileiras de carne de frango (considerando todos os produtos, entre\u00a0in natura\u00a0e processados) totalizaram 432,1 mil toneladas em julho. O n\u00famero supera em 6,6% o volume embarcado no s\u00e9timo m\u00eas de 2022, com 405,3 mil toneladas.\u00a0 A receita gerada pelos embarques chegou a [&hellip;]\" \/>\n<meta property=\"og:url\" content=\"https:\/\/folhapopular.info\/index.php\/2023\/08\/07\/embarques-de-carne-de-frango-crescem-66-em-julho\/\" \/>\n<meta property=\"og:site_name\" content=\"Folha Popular\" \/>\n<meta property=\"article:published_time\" content=\"2023-08-07T15:30:00+00:00\" \/>\n<meta property=\"og:image\" content=\"https:\/\/folhapopular.info\/wp-content\/uploads\/2023\/08\/Foto-Manoel-Petry-Divulgacao-ABPA-4.jpg\" \/>\n\t<meta property=\"og:image:width\" content=\"1063\" \/>\n\t<meta property=\"og:image:height\" content=\"707\" \/>\n\t<meta property=\"og:image:type\" content=\"image\/jpeg\" \/>\n<meta name=\"author\" content=\"Reda\u00e7\u00e3o Folha Popular\" \/>\n<meta name=\"twitter:card\" content=\"summary_large_image\" \/>\n<meta name=\"twitter:label1\" content=\"Escrito por\" \/>\n\t<meta name=\"twitter:data1\" content=\"Reda\u00e7\u00e3o Folha Popular\" \/>\n\t<meta name=\"twitter:label2\" content=\"Est. tempo de leitura\" \/>\n\t<meta name=\"twitter:data2\" content=\"2 minutos\" \/>\n<script type=\"application\/ld+json\" class=\"yoast-schema-graph\">{\"@context\":\"https:\\\/\\\/schema.org\",\"@graph\":[{\"@type\":\"Article\",\"@id\":\"https:\\\/\\\/folhapopular.info\\\/index.php\\\/2023\\\/08\\\/07\\\/embarques-de-carne-de-frango-crescem-66-em-julho\\\/#article\",\"isPartOf\":{\"@id\":\"https:\\\/\\\/folhapopular.info\\\/index.php\\\/2023\\\/08\\\/07\\\/embarques-de-carne-de-frango-crescem-66-em-julho\\\/\"},\"author\":{\"name\":\"Reda\u00e7\u00e3o Folha Popular\",\"@id\":\"https:\\\/\\\/folhapopular.info\\\/#\\\/schema\\\/person\\\/2814e8a0df7643585a9ca38bc6eb9d4b\"},\"headline\":\"Embarques de carne de frango crescem 6,6% em julho\",\"datePublished\":\"2023-08-07T15:30:00+00:00\",\"mainEntityOfPage\":{\"@id\":\"https:\\\/\\\/folhapopular.info\\\/index.php\\\/2023\\\/08\\\/07\\\/embarques-de-carne-de-frango-crescem-66-em-julho\\\/\"},\"wordCount\":330,\"commentCount\":0,\"image\":{\"@id\":\"https:\\\/\\\/folhapopular.info\\\/index.php\\\/2023\\\/08\\\/07\\\/embarques-de-carne-de-frango-crescem-66-em-julho\\\/#primaryimage\"},\"thumbnailUrl\":\"https:\\\/\\\/folhapopular.info\\\/wp-content\\\/uploads\\\/2023\\\/08\\\/Foto-Manoel-Petry-Divulgacao-ABPA-4.jpg\",\"keywords\":[\"ABPA\",\"carne de frango\",\"Exporta\u00e7\u00e3o\",\"Prote\u00edna animal\"],\"articleSection\":[\"Destaques\",\"Economia\"],\"inLanguage\":\"pt-BR\",\"potentialAction\":[{\"@type\":\"CommentAction\",\"name\":\"Comment\",\"target\":[\"https:\\\/\\\/folhapopular.info\\\/index.php\\\/2023\\\/08\\\/07\\\/embarques-de-carne-de-frango-crescem-66-em-julho\\\/#respond\"]}]},{\"@type\":\"WebPage\",\"@id\":\"https:\\\/\\\/folhapopular.info\\\/index.php\\\/2023\\\/08\\\/07\\\/embarques-de-carne-de-frango-crescem-66-em-julho\\\/\",\"url\":\"https:\\\/\\\/folhapopular.info\\\/index.php\\\/2023\\\/08\\\/07\\\/embarques-de-carne-de-frango-crescem-66-em-julho\\\/\",\"name\":\"Embarques de carne de frango crescem 6,6% em julho - Folha Popular\",\"isPartOf\":{\"@id\":\"https:\\\/\\\/folhapopular.info\\\/#website\"},\"primaryImageOfPage\":{\"@id\":\"https:\\\/\\\/folhapopular.info\\\/index.php\\\/2023\\\/08\\\/07\\\/embarques-de-carne-de-frango-crescem-66-em-julho\\\/#primaryimage\"},\"image\":{\"@id\":\"https:\\\/\\\/folhapopular.info\\\/index.php\\\/2023\\\/08\\\/07\\\/embarques-de-carne-de-frango-crescem-66-em-julho\\\/#primaryimage\"},\"thumbnailUrl\":\"https:\\\/\\\/folhapopular.info\\\/wp-content\\\/uploads\\\/2023\\\/08\\\/Foto-Manoel-Petry-Divulgacao-ABPA-4.jpg\",\"datePublished\":\"2023-08-07T15:30:00+00:00\",\"author\":{\"@id\":\"https:\\\/\\\/folhapopular.info\\\/#\\\/schema\\\/person\\\/2814e8a0df7643585a9ca38bc6eb9d4b\"},\"breadcrumb\":{\"@id\":\"https:\\\/\\\/folhapopular.info\\\/index.php\\\/2023\\\/08\\\/07\\\/embarques-de-carne-de-frango-crescem-66-em-julho\\\/#breadcrumb\"},\"inLanguage\":\"pt-BR\",\"potentialAction\":[{\"@type\":\"ReadAction\",\"target\":[\"https:\\\/\\\/folhapopular.info\\\/index.php\\\/2023\\\/08\\\/07\\\/embarques-de-carne-de-frango-crescem-66-em-julho\\\/\"]}]},{\"@type\":\"ImageObject\",\"inLanguage\":\"pt-BR\",\"@id\":\"https:\\\/\\\/folhapopular.info\\\/index.php\\\/2023\\\/08\\\/07\\\/embarques-de-carne-de-frango-crescem-66-em-julho\\\/#primaryimage\",\"url\":\"https:\\\/\\\/folhapopular.info\\\/wp-content\\\/uploads\\\/2023\\\/08\\\/Foto-Manoel-Petry-Divulgacao-ABPA-4.jpg\",\"contentUrl\":\"https:\\\/\\\/folhapopular.info\\\/wp-content\\\/uploads\\\/2023\\\/08\\\/Foto-Manoel-Petry-Divulgacao-ABPA-4.jpg\",\"width\":1063,\"height\":707,\"caption\":\"Cr\u00e9dito: Manoel Petry \\\/ Divulga\u00e7\u00e3o ABPA\"},{\"@type\":\"BreadcrumbList\",\"@id\":\"https:\\\/\\\/folhapopular.info\\\/index.php\\\/2023\\\/08\\\/07\\\/embarques-de-carne-de-frango-crescem-66-em-julho\\\/#breadcrumb\",\"itemListElement\":[{\"@type\":\"ListItem\",\"position\":1,\"name\":\"In\u00edcio\",\"item\":\"https:\\\/\\\/folhapopular.info\\\/\"},{\"@type\":\"ListItem\",\"position\":2,\"name\":\"Embarques de carne de frango crescem 6,6% em julho\"}]},{\"@type\":\"WebSite\",\"@id\":\"https:\\\/\\\/folhapopular.info\\\/#website\",\"url\":\"https:\\\/\\\/folhapopular.info\\\/\",\"name\":\"Folha Popular\",\"description\":\"Onde voc\u00ea tem vez e voz\",\"potentialAction\":[{\"@type\":\"SearchAction\",\"target\":{\"@type\":\"EntryPoint\",\"urlTemplate\":\"https:\\\/\\\/folhapopular.info\\\/?s={search_term_string}\"},\"query-input\":{\"@type\":\"PropertyValueSpecification\",\"valueRequired\":true,\"valueName\":\"search_term_string\"}}],\"inLanguage\":\"pt-BR\"},{\"@type\":\"Person\",\"@id\":\"https:\\\/\\\/folhapopular.info\\\/#\\\/schema\\\/person\\\/2814e8a0df7643585a9ca38bc6eb9d4b\",\"name\":\"Reda\u00e7\u00e3o Folha Popular\",\"image\":{\"@type\":\"ImageObject\",\"inLanguage\":\"pt-BR\",\"@id\":\"https:\\\/\\\/folhapopular.info\\\/wp-content\\\/uploads\\\/2026\\\/04\\\/Folha-1.webp\",\"url\":\"https:\\\/\\\/folhapopular.info\\\/wp-content\\\/uploads\\\/2026\\\/04\\\/Folha-1.webp\",\"contentUrl\":\"https:\\\/\\\/folhapopular.info\\\/wp-content\\\/uploads\\\/2026\\\/04\\\/Folha-1.webp\",\"caption\":\"Reda\u00e7\u00e3o Folha Popular\"},\"url\":\"https:\\\/\\\/folhapopular.info\\\/index.php\\\/author\\\/redacao\\\/\"}]}<\/script>\n<!-- \/ Yoast SEO plugin. -->","yoast_head_json":{"title":"Embarques de carne de frango crescem 6,6% em julho - Folha Popular","robots":{"index":"index","follow":"follow","max-snippet":"max-snippet:-1","max-image-preview":"max-image-preview:large","max-video-preview":"max-video-preview:-1"},"canonical":"https:\/\/folhapopular.info\/index.php\/2023\/08\/07\/embarques-de-carne-de-frango-crescem-66-em-julho\/","og_locale":"pt_BR","og_type":"article","og_title":"Embarques de carne de frango crescem 6,6% em julho - Folha Popular","og_description":"Os levantamentos da Associa\u00e7\u00e3o Brasileira de Prote\u00edna Animal (ABPA) mostram que as exporta\u00e7\u00f5es brasileiras de carne de frango (considerando todos os produtos, entre\u00a0in natura\u00a0e processados) totalizaram 432,1 mil toneladas em julho. O n\u00famero supera em 6,6% o volume embarcado no s\u00e9timo m\u00eas de 2022, com 405,3 mil toneladas.\u00a0 A receita gerada pelos embarques chegou a [&hellip;]","og_url":"https:\/\/folhapopular.info\/index.php\/2023\/08\/07\/embarques-de-carne-de-frango-crescem-66-em-julho\/","og_site_name":"Folha Popular","article_published_time":"2023-08-07T15:30:00+00:00","og_image":[{"width":1063,"height":707,"url":"https:\/\/folhapopular.info\/wp-content\/uploads\/2023\/08\/Foto-Manoel-Petry-Divulgacao-ABPA-4.jpg","type":"image\/jpeg"}],"author":"Reda\u00e7\u00e3o Folha Popular","twitter_card":"summary_large_image","twitter_misc":{"Escrito por":"Reda\u00e7\u00e3o Folha Popular","Est. tempo de leitura":"2 minutos"},"schema":{"@context":"https:\/\/schema.org","@graph":[{"@type":"Article","@id":"https:\/\/folhapopular.info\/index.php\/2023\/08\/07\/embarques-de-carne-de-frango-crescem-66-em-julho\/#article","isPartOf":{"@id":"https:\/\/folhapopular.info\/index.php\/2023\/08\/07\/embarques-de-carne-de-frango-crescem-66-em-julho\/"},"author":{"name":"Reda\u00e7\u00e3o Folha Popular","@id":"https:\/\/folhapopular.info\/#\/schema\/person\/2814e8a0df7643585a9ca38bc6eb9d4b"},"headline":"Embarques de carne de frango crescem 6,6% em julho","datePublished":"2023-08-07T15:30:00+00:00","mainEntityOfPage":{"@id":"https:\/\/folhapopular.info\/index.php\/2023\/08\/07\/embarques-de-carne-de-frango-crescem-66-em-julho\/"},"wordCount":330,"commentCount":0,"image":{"@id":"https:\/\/folhapopular.info\/index.php\/2023\/08\/07\/embarques-de-carne-de-frango-crescem-66-em-julho\/#primaryimage"},"thumbnailUrl":"https:\/\/folhapopular.info\/wp-content\/uploads\/2023\/08\/Foto-Manoel-Petry-Divulgacao-ABPA-4.jpg","keywords":["ABPA","carne de frango","Exporta\u00e7\u00e3o","Prote\u00edna animal"],"articleSection":["Destaques","Economia"],"inLanguage":"pt-BR","potentialAction":[{"@type":"CommentAction","name":"Comment","target":["https:\/\/folhapopular.info\/index.php\/2023\/08\/07\/embarques-de-carne-de-frango-crescem-66-em-julho\/#respond"]}]},{"@type":"WebPage","@id":"https:\/\/folhapopular.info\/index.php\/2023\/08\/07\/embarques-de-carne-de-frango-crescem-66-em-julho\/","url":"https:\/\/folhapopular.info\/index.php\/2023\/08\/07\/embarques-de-carne-de-frango-crescem-66-em-julho\/","name":"Embarques de carne de frango crescem 6,6% em julho - Folha Popular","isPartOf":{"@id":"https:\/\/folhapopular.info\/#website"},"primaryImageOfPage":{"@id":"https:\/\/folhapopular.info\/index.php\/2023\/08\/07\/embarques-de-carne-de-frango-crescem-66-em-julho\/#primaryimage"},"image":{"@id":"https:\/\/folhapopular.info\/index.php\/2023\/08\/07\/embarques-de-carne-de-frango-crescem-66-em-julho\/#primaryimage"},"thumbnailUrl":"https:\/\/folhapopular.info\/wp-content\/uploads\/2023\/08\/Foto-Manoel-Petry-Divulgacao-ABPA-4.jpg","datePublished":"2023-08-07T15:30:00+00:00","author":{"@id":"https:\/\/folhapopular.info\/#\/schema\/person\/2814e8a0df7643585a9ca38bc6eb9d4b"},"breadcrumb":{"@id":"https:\/\/folhapopular.info\/index.php\/2023\/08\/07\/embarques-de-carne-de-frango-crescem-66-em-julho\/#breadcrumb"},"inLanguage":"pt-BR","potentialAction":[{"@type":"ReadAction","target":["https:\/\/folhapopular.info\/index.php\/2023\/08\/07\/embarques-de-carne-de-frango-crescem-66-em-julho\/"]}]},{"@type":"ImageObject","inLanguage":"pt-BR","@id":"https:\/\/folhapopular.info\/index.php\/2023\/08\/07\/embarques-de-carne-de-frango-crescem-66-em-julho\/#primaryimage","url":"https:\/\/folhapopular.info\/wp-content\/uploads\/2023\/08\/Foto-Manoel-Petry-Divulgacao-ABPA-4.jpg","contentUrl":"https:\/\/folhapopular.info\/wp-content\/uploads\/2023\/08\/Foto-Manoel-Petry-Divulgacao-ABPA-4.jpg","width":1063,"height":707,"caption":"Cr\u00e9dito: Manoel Petry \/ Divulga\u00e7\u00e3o ABPA"},{"@type":"BreadcrumbList","@id":"https:\/\/folhapopular.info\/index.php\/2023\/08\/07\/embarques-de-carne-de-frango-crescem-66-em-julho\/#breadcrumb","itemListElement":[{"@type":"ListItem","position":1,"name":"In\u00edcio","item":"https:\/\/folhapopular.info\/"},{"@type":"ListItem","position":2,"name":"Embarques de carne de frango crescem 6,6% em julho"}]},{"@type":"WebSite","@id":"https:\/\/folhapopular.info\/#website","url":"https:\/\/folhapopular.info\/","name":"Folha Popular","description":"Onde voc\u00ea tem vez e voz","potentialAction":[{"@type":"SearchAction","target":{"@type":"EntryPoint","urlTemplate":"https:\/\/folhapopular.info\/?s={search_term_string}"},"query-input":{"@type":"PropertyValueSpecification","valueRequired":true,"valueName":"search_term_string"}}],"inLanguage":"pt-BR"},{"@type":"Person","@id":"https:\/\/folhapopular.info\/#\/schema\/person\/2814e8a0df7643585a9ca38bc6eb9d4b","name":"Reda\u00e7\u00e3o Folha Popular","image":{"@type":"ImageObject","inLanguage":"pt-BR","@id":"https:\/\/folhapopular.info\/wp-content\/uploads\/2026\/04\/Folha-1.webp","url":"https:\/\/folhapopular.info\/wp-content\/uploads\/2026\/04\/Folha-1.webp","contentUrl":"https:\/\/folhapopular.info\/wp-content\/uploads\/2026\/04\/Folha-1.webp","caption":"Reda\u00e7\u00e3o Folha Popular"},"url":"https:\/\/folhapopular.info\/index.php\/author\/redacao\/"}]}},"jetpack_featured_media_url":"https:\/\/folhapopular.info\/wp-content\/uploads\/2023\/08\/Foto-Manoel-Petry-Divulgacao-ABPA-4.jpg","jetpack_sharing_enabled":true,"amp_enabled":true,"_links":{"self":[{"href":"https:\/\/folhapopular.info\/index.php\/wp-json\/wp\/v2\/posts\/136874","targetHints":{"allow":["GET"]}}],"collection":[{"href":"https:\/\/folhapopular.info\/index.php\/wp-json\/wp\/v2\/posts"}],"about":[{"href":"https:\/\/folhapopular.info\/index.php\/wp-json\/wp\/v2\/types\/post"}],"author":[{"embeddable":true,"href":"https:\/\/folhapopular.info\/index.php\/wp-json\/wp\/v2\/users\/8"}],"replies":[{"embeddable":true,"href":"https:\/\/folhapopular.info\/index.php\/wp-json\/wp\/v2\/comments?post=136874"}],"version-history":[{"count":0,"href":"https:\/\/folhapopular.info\/index.php\/wp-json\/wp\/v2\/posts\/136874\/revisions"}],"wp:featuredmedia":[{"embeddable":true,"href":"https:\/\/folhapopular.info\/index.php\/wp-json\/wp\/v2\/media\/136876"}],"wp:attachment":[{"href":"https:\/\/folhapopular.info\/index.php\/wp-json\/wp\/v2\/media?parent=136874"}],"wp:term":[{"taxonomy":"category","embeddable":true,"href":"https:\/\/folhapopular.info\/index.php\/wp-json\/wp\/v2\/categories?post=136874"},{"taxonomy":"post_tag","embeddable":true,"href":"https:\/\/folhapopular.info\/index.php\/wp-json\/wp\/v2\/tags?post=136874"}],"curies":[{"name":"wp","href":"https:\/\/api.w.org\/{rel}","templated":true}]}}