{"id":136986,"date":"2023-08-09T07:00:00","date_gmt":"2023-08-09T10:00:00","guid":{"rendered":"https:\/\/folhapopular.info\/?p=136986"},"modified":"2023-08-08T17:22:46","modified_gmt":"2023-08-08T20:22:46","slug":"emef-edgar-da-rosa-cardoso-de-fazenda-vilanova-e-uma-das-vencedoras-de-concurso-do-instituto-ccr","status":"publish","type":"post","link":"https:\/\/folhapopular.info\/index.php\/2023\/08\/09\/emef-edgar-da-rosa-cardoso-de-fazenda-vilanova-e-uma-das-vencedoras-de-concurso-do-instituto-ccr\/","title":{"rendered":"Emef Edgar da Rosa Cardoso, de Fazenda Vilanova, \u00e9 uma das vencedoras de concurso do Instituto CCR"},"content":{"rendered":"\n<p>O munic\u00edpio de Fazenda Vilanova tem mais um motivo para comemorar quando o quesito \u00e9 Educa\u00e7\u00e3o. Isso porque nesta segunda-feira (7\/8) foi divulgado pelo Instituto CCR que a Escola Municipal de Ensino Fundamental Edgar da Rosa Cardoso \u00e9 uma das 10 vencedoras do concurso cultural do programa Caminhos para a Cidadania de 2023.<\/p>\n\n\n\n<p>Ao todo, foram 81 projetos inscritos. Conforme Janete Beatriz Rodrigues, coordenadora pedag\u00f3gica da Secretaria Municipal de Educa\u00e7\u00e3o de Fazenda Vilanova, a cidade ficou entre os 30 finalistas com tr\u00eas projetos em cada uma das escolas de ensino municipal, e dentre os 10 vencedores esteve o projeto \u201cO Meio Ambiente \u00e9 o que fazemos com ele\u201d, cuja representante foi a professora J\u00e9ssica Reis Brand\u00e3o. \u201c\u00c9 uma conquista para escola e para todo o munic\u00edpio\u201d, explica.<\/p>\n\n\n\n<h2 class=\"wp-block-heading\">No caminho certo<\/h2>\n\n\n\n<p>A professora J\u00e9ssica, de apenas 25 anos, rec\u00e9m deixou o cargo de monitora para se tornar efetivamente professora dos anos iniciais. O pr\u00eamio, segundo ela, \u00e9 resultado do seu otimismo e do olhar para os pequenos detalhes. \u201cSou muito otimista, e quando decidi ser professora pensava em mudan\u00e7a. Tudo o que me dedico a fazer penso em como posso fazer diferente para impactar mais, desde uma simples atividade em sala de aula. Esse projeto \u00e9 um pouco do que eu queria fazer no mundo inteiro, e quando vem uma premia\u00e7\u00e3o por ele, a gente v\u00ea que est\u00e1 no caminho certo. Os pr\u00f3prios alunos sentiram o impacto de que, se pudermos fazer um pouco pelo meio ambiente, valer\u00e1 a pena, n\u00e3o sempre em forma de pr\u00eamio, mas sim no pensar sobre o que estamos fazendo pelo mundo em que vivemos\u201d, explica.<\/p>\n\n\n\n<p>Ela refor\u00e7a que as crian\u00e7as s\u00e3o o futuro, e que \u00e9 preciso depositar otimismo nelas para que se sintam capazes de fazer a diferen\u00e7a e que tenham consci\u00eancia de que tudo o que far\u00e3o ter\u00e1 um resultado. Um pr\u00eamio como este, segundo ela, motiva ainda mais. \u201cPoder representar o munic\u00edpio em um projeto nacional foi muito importante e emocionante.<\/p>\n\n\n\n<p>Marlene Cristiane Zanini, supervisora dos anos iniciais da Emef Edgar da Rosa Cardoso, explanou que primeiramente o instituto ofertou um curso para todas as escolas interessadas, e ent\u00e3o os professores concluintes poderiam se inscrever para o programa. Segundo ela, apesar de ser desafiador, o projeto foi muito gratificante. \u201cNo munic\u00edpio as professoras pensam muito no aluno e est\u00e3o sempre dispostas a novas propostas. Logo que abrimos a oportunidade a professora J\u00e9ssica disse que tinha um projeto que poderia adaptar, e ent\u00e3o nos unimos e o colocamos em pr\u00e1tica. Enquanto faz\u00edamos, j\u00e1 pens\u00e1vamos que o pr\u00eamio seria nosso. Foi muito bom trazer essa visibilidade para o munic\u00edpio, foi um pr\u00eamio para todos\u201d, finaliza.<\/p>\n\n\n\n<figure class=\"wp-block-image size-large is-resized\"><img loading=\"lazy\" decoding=\"async\" src=\"https:\/\/folhapopular.info\/wp-content\/uploads\/2023\/08\/IMG-4930-1024x768.jpg\" alt=\"\" class=\"wp-image-137076\" width=\"738\" height=\"569\"\/><figcaption class=\"wp-element-caption\">Professora J\u00e9ssica Reis Brand\u00e3o foi a representante da escola. Cr\u00e9dito: Camille Lenz da Silva<\/figcaption><\/figure>\n\n\n\n<h2 class=\"wp-block-heading\">Sobre o concurso<\/h2>\n\n\n\n<p>O concurso envolve as cidades lindeiras a rodovias administradas pela CCR, sendo que Fazenda Vilanova est\u00e1 junto \u00e0 BR-386. Teve como premissa valorizar e identificar ideias e experi\u00eancias dos educadores das redes municipais de ensino, com materiais alinhados \u00e0 Base Nacional Comum Curricular (BNCC) e \u00e0s Metodologias Ativas.<\/p>\n\n\n\n<p>A escola de Fazenda Vilanova e outra de Pelotas foram as \u00fanicas do RS e compartilham a vit\u00f3ria com outros oito educand\u00e1rios do Ensino Fundamental I (1\u00ba ao 5\u00ba ano) do Rio de Janeiro, S\u00e3o Paulo, Bahia e Santa Catarina. Cada um deles receber\u00e1 R$ 30 mil em benfeitorias na institui\u00e7\u00e3o de ensino, al\u00e9m de mentorias por um per\u00edodo de 5 meses at\u00e9 a implementa\u00e7\u00e3o na unidade escolar e um notebook para o professor representante.<\/p>\n\n\n\n<p>Nesta ter\u00e7a-feira (8\/8) os 10 finalistas se reuniram de forma on-line com os membros do Instituto CCR para discutir as propostas do que cada escola far\u00e1 com o pr\u00eamio e tamb\u00e9m para dar in\u00edcio \u00e0s monitorias. Os educand\u00e1rios t\u00eam at\u00e9 novembro para por o projeto em pr\u00e1tica. Na Emef de Fazenda Vilanova, ser\u00e3o implantadas composteira e lixeira seletiva, al\u00e9m de palestra referente \u00e0 conscientiza\u00e7\u00e3o sobre o meio ambiente.<\/p>\n","protected":false},"excerpt":{"rendered":"<p>O munic\u00edpio de Fazenda Vilanova tem mais um motivo para comemorar quando o quesito \u00e9 Educa\u00e7\u00e3o. Isso porque nesta segunda-feira (7\/8) foi divulgado pelo Instituto CCR que a Escola Municipal de Ensino Fundamental Edgar da Rosa Cardoso \u00e9 uma das 10 vencedoras do concurso cultural do programa Caminhos para a Cidadania de 2023. Ao todo, [&hellip;]<\/p>\n","protected":false},"author":639,"featured_media":137126,"comment_status":"open","ping_status":"open","sticky":false,"template":"","format":"standard","meta":{"pmpro_default_level":"","_jetpack_memberships_contains_paid_content":false,"footnotes":""},"categories":[2,10988,3,11025],"tags":[73,12417,4890,801,12737,57],"class_list":{"0":"post-136986","1":"post","2":"type-post","3":"status-publish","4":"format-standard","5":"has-post-thumbnail","7":"category-featured","8":"category-educacao","9":"category-geral","10":"category-meio-ambiente","11":"tag-educacao","12":"tag-emef-edgar-da-rosa-cardoso","13":"tag-ensino","14":"tag-fazenda-vilanova","15":"tag-instituto-ccr","16":"tag-meio-ambiente","17":"pmpro-has-access"},"yoast_head":"<!-- This site is optimized with the Yoast SEO plugin v27.4 - https:\/\/yoast.com\/product\/yoast-seo-wordpress\/ -->\n<title>Emef Edgar da Rosa Cardoso, de Fazenda Vilanova, \u00e9 uma das vencedoras de concurso do Instituto CCR - Folha Popular<\/title>\n<meta name=\"robots\" content=\"index, follow, max-snippet:-1, max-image-preview:large, max-video-preview:-1\" \/>\n<link rel=\"canonical\" href=\"https:\/\/folhapopular.info\/index.php\/2023\/08\/09\/emef-edgar-da-rosa-cardoso-de-fazenda-vilanova-e-uma-das-vencedoras-de-concurso-do-instituto-ccr\/\" \/>\n<meta property=\"og:locale\" content=\"pt_BR\" \/>\n<meta property=\"og:type\" content=\"article\" \/>\n<meta property=\"og:title\" content=\"Emef Edgar da Rosa Cardoso, de Fazenda Vilanova, \u00e9 uma das vencedoras de concurso do Instituto CCR - Folha Popular\" \/>\n<meta property=\"og:description\" content=\"O munic\u00edpio de Fazenda Vilanova tem mais um motivo para comemorar quando o quesito \u00e9 Educa\u00e7\u00e3o. Isso porque nesta segunda-feira (7\/8) foi divulgado pelo Instituto CCR que a Escola Municipal de Ensino Fundamental Edgar da Rosa Cardoso \u00e9 uma das 10 vencedoras do concurso cultural do programa Caminhos para a Cidadania de 2023. Ao todo, [&hellip;]\" \/>\n<meta property=\"og:url\" content=\"https:\/\/folhapopular.info\/index.php\/2023\/08\/09\/emef-edgar-da-rosa-cardoso-de-fazenda-vilanova-e-uma-das-vencedoras-de-concurso-do-instituto-ccr\/\" \/>\n<meta property=\"og:site_name\" content=\"Folha Popular\" \/>\n<meta property=\"article:published_time\" content=\"2023-08-09T10:00:00+00:00\" \/>\n<meta property=\"og:image\" content=\"https:\/\/folhapopular.info\/wp-content\/uploads\/2023\/08\/2023_08_08_FAZENDA-VILANOVA_Emef-vencedora-Instituto-CCR_CLS.jpeg\" \/>\n\t<meta property=\"og:image:width\" content=\"2048\" \/>\n\t<meta property=\"og:image:height\" content=\"1536\" \/>\n\t<meta property=\"og:image:type\" content=\"image\/jpeg\" \/>\n<meta name=\"author\" content=\"Camille Lenz da Silva\" \/>\n<meta name=\"twitter:card\" content=\"summary_large_image\" \/>\n<meta name=\"twitter:label1\" content=\"Escrito por\" \/>\n\t<meta name=\"twitter:data1\" content=\"Camille Lenz da Silva\" \/>\n\t<meta name=\"twitter:label2\" content=\"Est. tempo de leitura\" \/>\n\t<meta name=\"twitter:data2\" content=\"4 minutos\" \/>\n<script type=\"application\/ld+json\" class=\"yoast-schema-graph\">{\"@context\":\"https:\\\/\\\/schema.org\",\"@graph\":[{\"@type\":\"Article\",\"@id\":\"https:\\\/\\\/folhapopular.info\\\/index.php\\\/2023\\\/08\\\/09\\\/emef-edgar-da-rosa-cardoso-de-fazenda-vilanova-e-uma-das-vencedoras-de-concurso-do-instituto-ccr\\\/#article\",\"isPartOf\":{\"@id\":\"https:\\\/\\\/folhapopular.info\\\/index.php\\\/2023\\\/08\\\/09\\\/emef-edgar-da-rosa-cardoso-de-fazenda-vilanova-e-uma-das-vencedoras-de-concurso-do-instituto-ccr\\\/\"},\"author\":{\"name\":\"Camille Lenz da Silva\",\"@id\":\"https:\\\/\\\/folhapopular.info\\\/#\\\/schema\\\/person\\\/f0b811f932ef2505faf473ffaef49df5\"},\"headline\":\"Emef Edgar da Rosa Cardoso, de Fazenda Vilanova, \u00e9 uma das vencedoras de concurso do Instituto CCR\",\"datePublished\":\"2023-08-09T10:00:00+00:00\",\"mainEntityOfPage\":{\"@id\":\"https:\\\/\\\/folhapopular.info\\\/index.php\\\/2023\\\/08\\\/09\\\/emef-edgar-da-rosa-cardoso-de-fazenda-vilanova-e-uma-das-vencedoras-de-concurso-do-instituto-ccr\\\/\"},\"wordCount\":698,\"commentCount\":0,\"image\":{\"@id\":\"https:\\\/\\\/folhapopular.info\\\/index.php\\\/2023\\\/08\\\/09\\\/emef-edgar-da-rosa-cardoso-de-fazenda-vilanova-e-uma-das-vencedoras-de-concurso-do-instituto-ccr\\\/#primaryimage\"},\"thumbnailUrl\":\"https:\\\/\\\/folhapopular.info\\\/wp-content\\\/uploads\\\/2023\\\/08\\\/2023_08_08_FAZENDA-VILANOVA_Emef-vencedora-Instituto-CCR_CLS.jpeg\",\"keywords\":[\"Educa\u00e7\u00e3o\",\"emef edgar da rosa cardoso\",\"Ensino\",\"Fazenda Vilanova\",\"instituto ccr\",\"Meio Ambiente\"],\"articleSection\":[\"Destaques\",\"Educa\u00e7\u00e3o\",\"Geral\",\"Meio Ambiente\"],\"inLanguage\":\"pt-BR\",\"potentialAction\":[{\"@type\":\"CommentAction\",\"name\":\"Comment\",\"target\":[\"https:\\\/\\\/folhapopular.info\\\/index.php\\\/2023\\\/08\\\/09\\\/emef-edgar-da-rosa-cardoso-de-fazenda-vilanova-e-uma-das-vencedoras-de-concurso-do-instituto-ccr\\\/#respond\"]}]},{\"@type\":\"WebPage\",\"@id\":\"https:\\\/\\\/folhapopular.info\\\/index.php\\\/2023\\\/08\\\/09\\\/emef-edgar-da-rosa-cardoso-de-fazenda-vilanova-e-uma-das-vencedoras-de-concurso-do-instituto-ccr\\\/\",\"url\":\"https:\\\/\\\/folhapopular.info\\\/index.php\\\/2023\\\/08\\\/09\\\/emef-edgar-da-rosa-cardoso-de-fazenda-vilanova-e-uma-das-vencedoras-de-concurso-do-instituto-ccr\\\/\",\"name\":\"Emef Edgar da Rosa Cardoso, de Fazenda Vilanova, \u00e9 uma das vencedoras de concurso do Instituto CCR - Folha Popular\",\"isPartOf\":{\"@id\":\"https:\\\/\\\/folhapopular.info\\\/#website\"},\"primaryImageOfPage\":{\"@id\":\"https:\\\/\\\/folhapopular.info\\\/index.php\\\/2023\\\/08\\\/09\\\/emef-edgar-da-rosa-cardoso-de-fazenda-vilanova-e-uma-das-vencedoras-de-concurso-do-instituto-ccr\\\/#primaryimage\"},\"image\":{\"@id\":\"https:\\\/\\\/folhapopular.info\\\/index.php\\\/2023\\\/08\\\/09\\\/emef-edgar-da-rosa-cardoso-de-fazenda-vilanova-e-uma-das-vencedoras-de-concurso-do-instituto-ccr\\\/#primaryimage\"},\"thumbnailUrl\":\"https:\\\/\\\/folhapopular.info\\\/wp-content\\\/uploads\\\/2023\\\/08\\\/2023_08_08_FAZENDA-VILANOVA_Emef-vencedora-Instituto-CCR_CLS.jpeg\",\"datePublished\":\"2023-08-09T10:00:00+00:00\",\"author\":{\"@id\":\"https:\\\/\\\/folhapopular.info\\\/#\\\/schema\\\/person\\\/f0b811f932ef2505faf473ffaef49df5\"},\"breadcrumb\":{\"@id\":\"https:\\\/\\\/folhapopular.info\\\/index.php\\\/2023\\\/08\\\/09\\\/emef-edgar-da-rosa-cardoso-de-fazenda-vilanova-e-uma-das-vencedoras-de-concurso-do-instituto-ccr\\\/#breadcrumb\"},\"inLanguage\":\"pt-BR\",\"potentialAction\":[{\"@type\":\"ReadAction\",\"target\":[\"https:\\\/\\\/folhapopular.info\\\/index.php\\\/2023\\\/08\\\/09\\\/emef-edgar-da-rosa-cardoso-de-fazenda-vilanova-e-uma-das-vencedoras-de-concurso-do-instituto-ccr\\\/\"]}]},{\"@type\":\"ImageObject\",\"inLanguage\":\"pt-BR\",\"@id\":\"https:\\\/\\\/folhapopular.info\\\/index.php\\\/2023\\\/08\\\/09\\\/emef-edgar-da-rosa-cardoso-de-fazenda-vilanova-e-uma-das-vencedoras-de-concurso-do-instituto-ccr\\\/#primaryimage\",\"url\":\"https:\\\/\\\/folhapopular.info\\\/wp-content\\\/uploads\\\/2023\\\/08\\\/2023_08_08_FAZENDA-VILANOVA_Emef-vencedora-Instituto-CCR_CLS.jpeg\",\"contentUrl\":\"https:\\\/\\\/folhapopular.info\\\/wp-content\\\/uploads\\\/2023\\\/08\\\/2023_08_08_FAZENDA-VILANOVA_Emef-vencedora-Instituto-CCR_CLS.jpeg\",\"width\":2048,\"height\":1536,\"caption\":\"Membros da escola e da Smec com alunos do 4\u00ba ano. Cr\u00e9dito: Camille Lenz da Silva\"},{\"@type\":\"BreadcrumbList\",\"@id\":\"https:\\\/\\\/folhapopular.info\\\/index.php\\\/2023\\\/08\\\/09\\\/emef-edgar-da-rosa-cardoso-de-fazenda-vilanova-e-uma-das-vencedoras-de-concurso-do-instituto-ccr\\\/#breadcrumb\",\"itemListElement\":[{\"@type\":\"ListItem\",\"position\":1,\"name\":\"In\u00edcio\",\"item\":\"https:\\\/\\\/folhapopular.info\\\/\"},{\"@type\":\"ListItem\",\"position\":2,\"name\":\"Emef Edgar da Rosa Cardoso, de Fazenda Vilanova, \u00e9 uma das vencedoras de concurso do Instituto CCR\"}]},{\"@type\":\"WebSite\",\"@id\":\"https:\\\/\\\/folhapopular.info\\\/#website\",\"url\":\"https:\\\/\\\/folhapopular.info\\\/\",\"name\":\"Folha Popular\",\"description\":\"Onde voc\u00ea tem vez e voz\",\"potentialAction\":[{\"@type\":\"SearchAction\",\"target\":{\"@type\":\"EntryPoint\",\"urlTemplate\":\"https:\\\/\\\/folhapopular.info\\\/?s={search_term_string}\"},\"query-input\":{\"@type\":\"PropertyValueSpecification\",\"valueRequired\":true,\"valueName\":\"search_term_string\"}}],\"inLanguage\":\"pt-BR\"},{\"@type\":\"Person\",\"@id\":\"https:\\\/\\\/folhapopular.info\\\/#\\\/schema\\\/person\\\/f0b811f932ef2505faf473ffaef49df5\",\"name\":\"Camille Lenz da Silva\",\"image\":{\"@type\":\"ImageObject\",\"inLanguage\":\"pt-BR\",\"@id\":\"https:\\\/\\\/secure.gravatar.com\\\/avatar\\\/50be826d73ca259ec0e0a88a407f5de800c576c46cfdc57e50ef28551e216fff?s=96&d=mm&r=g\",\"url\":\"https:\\\/\\\/secure.gravatar.com\\\/avatar\\\/50be826d73ca259ec0e0a88a407f5de800c576c46cfdc57e50ef28551e216fff?s=96&d=mm&r=g\",\"contentUrl\":\"https:\\\/\\\/secure.gravatar.com\\\/avatar\\\/50be826d73ca259ec0e0a88a407f5de800c576c46cfdc57e50ef28551e216fff?s=96&d=mm&r=g\",\"caption\":\"Camille Lenz da Silva\"},\"url\":\"https:\\\/\\\/folhapopular.info\\\/index.php\\\/author\\\/camillelenzgmail-com\\\/\"}]}<\/script>\n<!-- \/ Yoast SEO plugin. -->","yoast_head_json":{"title":"Emef Edgar da Rosa Cardoso, de Fazenda Vilanova, \u00e9 uma das vencedoras de concurso do Instituto CCR - Folha Popular","robots":{"index":"index","follow":"follow","max-snippet":"max-snippet:-1","max-image-preview":"max-image-preview:large","max-video-preview":"max-video-preview:-1"},"canonical":"https:\/\/folhapopular.info\/index.php\/2023\/08\/09\/emef-edgar-da-rosa-cardoso-de-fazenda-vilanova-e-uma-das-vencedoras-de-concurso-do-instituto-ccr\/","og_locale":"pt_BR","og_type":"article","og_title":"Emef Edgar da Rosa Cardoso, de Fazenda Vilanova, \u00e9 uma das vencedoras de concurso do Instituto CCR - Folha Popular","og_description":"O munic\u00edpio de Fazenda Vilanova tem mais um motivo para comemorar quando o quesito \u00e9 Educa\u00e7\u00e3o. Isso porque nesta segunda-feira (7\/8) foi divulgado pelo Instituto CCR que a Escola Municipal de Ensino Fundamental Edgar da Rosa Cardoso \u00e9 uma das 10 vencedoras do concurso cultural do programa Caminhos para a Cidadania de 2023. Ao todo, [&hellip;]","og_url":"https:\/\/folhapopular.info\/index.php\/2023\/08\/09\/emef-edgar-da-rosa-cardoso-de-fazenda-vilanova-e-uma-das-vencedoras-de-concurso-do-instituto-ccr\/","og_site_name":"Folha Popular","article_published_time":"2023-08-09T10:00:00+00:00","og_image":[{"width":2048,"height":1536,"url":"https:\/\/folhapopular.info\/wp-content\/uploads\/2023\/08\/2023_08_08_FAZENDA-VILANOVA_Emef-vencedora-Instituto-CCR_CLS.jpeg","type":"image\/jpeg"}],"author":"Camille Lenz da Silva","twitter_card":"summary_large_image","twitter_misc":{"Escrito por":"Camille Lenz da Silva","Est. tempo de leitura":"4 minutos"},"schema":{"@context":"https:\/\/schema.org","@graph":[{"@type":"Article","@id":"https:\/\/folhapopular.info\/index.php\/2023\/08\/09\/emef-edgar-da-rosa-cardoso-de-fazenda-vilanova-e-uma-das-vencedoras-de-concurso-do-instituto-ccr\/#article","isPartOf":{"@id":"https:\/\/folhapopular.info\/index.php\/2023\/08\/09\/emef-edgar-da-rosa-cardoso-de-fazenda-vilanova-e-uma-das-vencedoras-de-concurso-do-instituto-ccr\/"},"author":{"name":"Camille Lenz da Silva","@id":"https:\/\/folhapopular.info\/#\/schema\/person\/f0b811f932ef2505faf473ffaef49df5"},"headline":"Emef Edgar da Rosa Cardoso, de Fazenda Vilanova, \u00e9 uma das vencedoras de concurso do Instituto CCR","datePublished":"2023-08-09T10:00:00+00:00","mainEntityOfPage":{"@id":"https:\/\/folhapopular.info\/index.php\/2023\/08\/09\/emef-edgar-da-rosa-cardoso-de-fazenda-vilanova-e-uma-das-vencedoras-de-concurso-do-instituto-ccr\/"},"wordCount":698,"commentCount":0,"image":{"@id":"https:\/\/folhapopular.info\/index.php\/2023\/08\/09\/emef-edgar-da-rosa-cardoso-de-fazenda-vilanova-e-uma-das-vencedoras-de-concurso-do-instituto-ccr\/#primaryimage"},"thumbnailUrl":"https:\/\/folhapopular.info\/wp-content\/uploads\/2023\/08\/2023_08_08_FAZENDA-VILANOVA_Emef-vencedora-Instituto-CCR_CLS.jpeg","keywords":["Educa\u00e7\u00e3o","emef edgar da rosa cardoso","Ensino","Fazenda Vilanova","instituto ccr","Meio Ambiente"],"articleSection":["Destaques","Educa\u00e7\u00e3o","Geral","Meio Ambiente"],"inLanguage":"pt-BR","potentialAction":[{"@type":"CommentAction","name":"Comment","target":["https:\/\/folhapopular.info\/index.php\/2023\/08\/09\/emef-edgar-da-rosa-cardoso-de-fazenda-vilanova-e-uma-das-vencedoras-de-concurso-do-instituto-ccr\/#respond"]}]},{"@type":"WebPage","@id":"https:\/\/folhapopular.info\/index.php\/2023\/08\/09\/emef-edgar-da-rosa-cardoso-de-fazenda-vilanova-e-uma-das-vencedoras-de-concurso-do-instituto-ccr\/","url":"https:\/\/folhapopular.info\/index.php\/2023\/08\/09\/emef-edgar-da-rosa-cardoso-de-fazenda-vilanova-e-uma-das-vencedoras-de-concurso-do-instituto-ccr\/","name":"Emef Edgar da Rosa Cardoso, de Fazenda Vilanova, \u00e9 uma das vencedoras de concurso do Instituto CCR - Folha Popular","isPartOf":{"@id":"https:\/\/folhapopular.info\/#website"},"primaryImageOfPage":{"@id":"https:\/\/folhapopular.info\/index.php\/2023\/08\/09\/emef-edgar-da-rosa-cardoso-de-fazenda-vilanova-e-uma-das-vencedoras-de-concurso-do-instituto-ccr\/#primaryimage"},"image":{"@id":"https:\/\/folhapopular.info\/index.php\/2023\/08\/09\/emef-edgar-da-rosa-cardoso-de-fazenda-vilanova-e-uma-das-vencedoras-de-concurso-do-instituto-ccr\/#primaryimage"},"thumbnailUrl":"https:\/\/folhapopular.info\/wp-content\/uploads\/2023\/08\/2023_08_08_FAZENDA-VILANOVA_Emef-vencedora-Instituto-CCR_CLS.jpeg","datePublished":"2023-08-09T10:00:00+00:00","author":{"@id":"https:\/\/folhapopular.info\/#\/schema\/person\/f0b811f932ef2505faf473ffaef49df5"},"breadcrumb":{"@id":"https:\/\/folhapopular.info\/index.php\/2023\/08\/09\/emef-edgar-da-rosa-cardoso-de-fazenda-vilanova-e-uma-das-vencedoras-de-concurso-do-instituto-ccr\/#breadcrumb"},"inLanguage":"pt-BR","potentialAction":[{"@type":"ReadAction","target":["https:\/\/folhapopular.info\/index.php\/2023\/08\/09\/emef-edgar-da-rosa-cardoso-de-fazenda-vilanova-e-uma-das-vencedoras-de-concurso-do-instituto-ccr\/"]}]},{"@type":"ImageObject","inLanguage":"pt-BR","@id":"https:\/\/folhapopular.info\/index.php\/2023\/08\/09\/emef-edgar-da-rosa-cardoso-de-fazenda-vilanova-e-uma-das-vencedoras-de-concurso-do-instituto-ccr\/#primaryimage","url":"https:\/\/folhapopular.info\/wp-content\/uploads\/2023\/08\/2023_08_08_FAZENDA-VILANOVA_Emef-vencedora-Instituto-CCR_CLS.jpeg","contentUrl":"https:\/\/folhapopular.info\/wp-content\/uploads\/2023\/08\/2023_08_08_FAZENDA-VILANOVA_Emef-vencedora-Instituto-CCR_CLS.jpeg","width":2048,"height":1536,"caption":"Membros da escola e da Smec com alunos do 4\u00ba ano. Cr\u00e9dito: Camille Lenz da Silva"},{"@type":"BreadcrumbList","@id":"https:\/\/folhapopular.info\/index.php\/2023\/08\/09\/emef-edgar-da-rosa-cardoso-de-fazenda-vilanova-e-uma-das-vencedoras-de-concurso-do-instituto-ccr\/#breadcrumb","itemListElement":[{"@type":"ListItem","position":1,"name":"In\u00edcio","item":"https:\/\/folhapopular.info\/"},{"@type":"ListItem","position":2,"name":"Emef Edgar da Rosa Cardoso, de Fazenda Vilanova, \u00e9 uma das vencedoras de concurso do Instituto CCR"}]},{"@type":"WebSite","@id":"https:\/\/folhapopular.info\/#website","url":"https:\/\/folhapopular.info\/","name":"Folha Popular","description":"Onde voc\u00ea tem vez e voz","potentialAction":[{"@type":"SearchAction","target":{"@type":"EntryPoint","urlTemplate":"https:\/\/folhapopular.info\/?s={search_term_string}"},"query-input":{"@type":"PropertyValueSpecification","valueRequired":true,"valueName":"search_term_string"}}],"inLanguage":"pt-BR"},{"@type":"Person","@id":"https:\/\/folhapopular.info\/#\/schema\/person\/f0b811f932ef2505faf473ffaef49df5","name":"Camille Lenz da Silva","image":{"@type":"ImageObject","inLanguage":"pt-BR","@id":"https:\/\/secure.gravatar.com\/avatar\/50be826d73ca259ec0e0a88a407f5de800c576c46cfdc57e50ef28551e216fff?s=96&d=mm&r=g","url":"https:\/\/secure.gravatar.com\/avatar\/50be826d73ca259ec0e0a88a407f5de800c576c46cfdc57e50ef28551e216fff?s=96&d=mm&r=g","contentUrl":"https:\/\/secure.gravatar.com\/avatar\/50be826d73ca259ec0e0a88a407f5de800c576c46cfdc57e50ef28551e216fff?s=96&d=mm&r=g","caption":"Camille Lenz da Silva"},"url":"https:\/\/folhapopular.info\/index.php\/author\/camillelenzgmail-com\/"}]}},"jetpack_featured_media_url":"https:\/\/folhapopular.info\/wp-content\/uploads\/2023\/08\/2023_08_08_FAZENDA-VILANOVA_Emef-vencedora-Instituto-CCR_CLS.jpeg","jetpack_sharing_enabled":true,"amp_enabled":true,"_links":{"self":[{"href":"https:\/\/folhapopular.info\/index.php\/wp-json\/wp\/v2\/posts\/136986","targetHints":{"allow":["GET"]}}],"collection":[{"href":"https:\/\/folhapopular.info\/index.php\/wp-json\/wp\/v2\/posts"}],"about":[{"href":"https:\/\/folhapopular.info\/index.php\/wp-json\/wp\/v2\/types\/post"}],"author":[{"embeddable":true,"href":"https:\/\/folhapopular.info\/index.php\/wp-json\/wp\/v2\/users\/639"}],"replies":[{"embeddable":true,"href":"https:\/\/folhapopular.info\/index.php\/wp-json\/wp\/v2\/comments?post=136986"}],"version-history":[{"count":0,"href":"https:\/\/folhapopular.info\/index.php\/wp-json\/wp\/v2\/posts\/136986\/revisions"}],"wp:featuredmedia":[{"embeddable":true,"href":"https:\/\/folhapopular.info\/index.php\/wp-json\/wp\/v2\/media\/137126"}],"wp:attachment":[{"href":"https:\/\/folhapopular.info\/index.php\/wp-json\/wp\/v2\/media?parent=136986"}],"wp:term":[{"taxonomy":"category","embeddable":true,"href":"https:\/\/folhapopular.info\/index.php\/wp-json\/wp\/v2\/categories?post=136986"},{"taxonomy":"post_tag","embeddable":true,"href":"https:\/\/folhapopular.info\/index.php\/wp-json\/wp\/v2\/tags?post=136986"}],"curies":[{"name":"wp","href":"https:\/\/api.w.org\/{rel}","templated":true}]}}