{"id":137233,"date":"2023-08-10T08:54:58","date_gmt":"2023-08-10T11:54:58","guid":{"rendered":"https:\/\/folhapopular.info\/?p=137233"},"modified":"2023-08-10T08:55:03","modified_gmt":"2023-08-10T11:55:03","slug":"convencao-regional-da-cdl-tera-palestra-de-oscar-schmidt","status":"publish","type":"post","link":"https:\/\/folhapopular.info\/index.php\/2023\/08\/10\/convencao-regional-da-cdl-tera-palestra-de-oscar-schmidt\/","title":{"rendered":"Conven\u00e7\u00e3o Regional da CDL ter\u00e1 palestra de Oscar Schmidt"},"content":{"rendered":"\n<p>A 4\u00aa edi\u00e7\u00e3o da Conven\u00e7\u00e3o Regional da CDL est\u00e1 marcada para o dia 21 de novembro no Pavilh\u00e3o Central do Parque da Oktoberfest, em Santa Cruz do Sul. Um dos maiores \u00eddolos do basquete nacional, Oscar Schmidt, o m\u00e3o santa, vai ser uma das atra\u00e7\u00f5es principais. <\/p>\n\n\n\n<p>Al\u00e9m dele, outros dois nomes foram confirmados durante o lan\u00e7amento do evento, na noite desta quarta-feira (9\/8): Fabiano Zort\u00e9a e Artur Vasconcellos. A tem\u00e1tica deste ano ser\u00e1 \u201cTreinar a mente para inovar o futuro\u201d. A CDL Santa Cruz come\u00e7ou a vender primeiro lote de ingressos nesta quarta-feira, ao valor de R$ 85 para associados e R$ 100 para n\u00e3o s\u00f3cios. A compra pode ser feita <a href=\"https:\/\/click.presskit.com.br\/url\/9625282bde\/5483299b293\" target=\"_blank\" rel=\"noreferrer noopener\">clicando aqui<\/a>. O evento ocorre das 13h30 \u00e0s 19h.<\/p>\n\n\n\n<p>A expectativa, segundo o presidente da CDL Santa Cruz, Ricardo Fernando Bartz, \u00e9 de superar as edi\u00e7\u00f5es realizadas at\u00e9 o momento. \u201cO Oscar Schmidt dispensa apresenta\u00e7\u00e3o. Tem uma grande hist\u00f3ria de vida como esportista e de supera\u00e7\u00e3o, depois que passou por um c\u00e2ncer\u201d, observou. Ele completou que, al\u00e9m dele, as outras duas atra\u00e7\u00f5es s\u00e3o importantes dentro do cen\u00e1rio do empreendedorismo e do marketing nacional.<\/p>\n\n\n\n<h2 class=\"wp-block-heading\">Os palestrantes<\/h2>\n\n\n\n<h3 class=\"wp-block-heading\">Fabiano Zort\u00e9a<\/h3>\n\n\n\n<p>Fabiano Zort\u00e9a \u00e9 administrador com MBA em Gerenciamento de Projetos e p\u00f3s-gradua\u00e7\u00e3o em Gest\u00e3o de Pequenos Neg\u00f3cios. Estudou na Universidade da Calif\u00f3rnia, nos Estados Unidos, e atualmente articula e desenvolve estrat\u00e9gias para o varejo no Sebrae. Ele tamb\u00e9m organiza <em>workshops<\/em> e acompanha visitas t\u00e9cnicas para grupos de empres\u00e1rios ga\u00fachos que frequentam a NRF, em Nova Iorque.<\/p>\n\n\n\n<h3 class=\"wp-block-heading\">Artur Vasconcellos<\/h3>\n\n\n\n<p>Artur Vasconcellos j\u00e1 realizou mais de 100 eventos de diferentes portes e formatos para empresas em todo o Brasil. Possui s\u00f3lida forma\u00e7\u00e3o acad\u00eamica e experi\u00eancia como professor de MBA. \u00c9 coordenador dos Programas de P\u00f3s-Gradua\u00e7\u00e3o da ESPM\/Sul e professor titular das disciplinas de Planejamento Estrat\u00e9gico e Marketing Estrat\u00e9gico do MBA. Consultor e palestrante nas \u00e1reas de Planejamento e Marketing, \u00e9 Mestre em Administra\u00e7\u00e3o e Neg\u00f3cios pela PUCRS, tem MBA em Gest\u00e3o Empresarial pela FGV-RJ, MBA Executivo em Marketing pela ESPM e \u00e9 Administrador de Empresas pela PUCRS. <\/p>\n\n\n\n<p>Consultor associado da Estrategeria, empresa que atua nas \u00e1reas de Estrat\u00e9gia, Marketing e <em>Branding<\/em>, tendo realizado projetos para organiza\u00e7\u00f5es como Emp\u00f3rio Body Store, Grupo RBS, SLC Alimentos, Hospital Moinhos de Vento, Jorge Bischoff, Abical\u00e7ados, entre outras. Foi executivo de Marketing do Sicredi, Vivo e Dell.<\/p>\n\n\n\n<h2 class=\"wp-block-heading\">Oscar Schmidt<\/h2>\n\n\n\n<p>Tem 2,05 de altura, mais de 500 empresas atendidas, 800 palestras realizadas e quatro pr\u00eamios Top of Mind de Melhor Palestrante ganhos. \u201cDurante 32 anos me dediquei ao basquete. Foram milhares de horas em quadra, treinando, jogando e quebrando incont\u00e1veis barreiras. Quando me aposentei das quadras, percebi que gostaria de transmitir aquilo que aprendi com o esporte para o maior n\u00famero de pessoas poss\u00edveis, para motiv\u00e1-las, ajud\u00e1-las a sair do status quo e ter for\u00e7a para alcan\u00e7ar os seus sonhos. Com isso, descobri uma nova voca\u00e7\u00e3o: dar palestras motivacionais. Hoje, fa\u00e7o disso minha paix\u00e3o&#8221;, diz Schmidt.<\/p>\n\n\n\n<p>Ele apresentar\u00e1 a palestra &#8220;Paix\u00e3o&#8221;, na qual procura explicar de forma l\u00fadica, bem humorada e criativa a import\u00e2ncia de haver paix\u00e3o, dedica\u00e7\u00e3o e obstina\u00e7\u00e3o em tudo que se faz. Para tanto, convida o p\u00fablico a entrar com ele em um t\u00fanel do tempo, no qual relembra sua trajet\u00f3ria, fala daquilo que foi marcante em sua vida, conta uma s\u00e9rie de anedotas e mostra diversas fotos de seu arquivo pessoal, garantindo que o p\u00fablico tenha acesso a um lado menos conhecido, por\u00e9m n\u00e3o menos fascinante de sua hist\u00f3ria.<\/p>\n","protected":false},"excerpt":{"rendered":"<p>A 4\u00aa edi\u00e7\u00e3o da Conven\u00e7\u00e3o Regional da CDL est\u00e1 marcada para o dia 21 de novembro no Pavilh\u00e3o Central do Parque da Oktoberfest, em Santa Cruz do Sul. Um dos maiores \u00eddolos do basquete nacional, Oscar Schmidt, o m\u00e3o santa, vai ser uma das atra\u00e7\u00f5es principais. Al\u00e9m dele, outros dois nomes foram confirmados durante o [&hellip;]<\/p>\n","protected":false},"author":8,"featured_media":137234,"comment_status":"open","ping_status":"open","sticky":false,"template":"","format":"standard","meta":{"pmpro_default_level":"","_jetpack_memberships_contains_paid_content":false,"footnotes":""},"categories":[2,10991,12473],"tags":[108,12892,326,45,543],"class_list":{"0":"post-137233","1":"post","2":"type-post","3":"status-publish","4":"format-standard","5":"has-post-thumbnail","7":"category-featured","8":"category-economia","9":"category-negocios","10":"tag-comercio","11":"tag-convencao-regional-da-cdl","12":"tag-negocios","13":"tag-palestra","14":"tag-santa-cruz-do-sul","15":"pmpro-has-access"},"yoast_head":"<!-- This site is optimized with the Yoast SEO plugin v27.5 - https:\/\/yoast.com\/product\/yoast-seo-wordpress\/ -->\n<title>Conven\u00e7\u00e3o Regional da CDL ter\u00e1 palestra de Oscar Schmidt - Folha Popular<\/title>\n<meta name=\"robots\" content=\"index, follow, max-snippet:-1, max-image-preview:large, max-video-preview:-1\" \/>\n<link rel=\"canonical\" href=\"https:\/\/folhapopular.info\/index.php\/2023\/08\/10\/convencao-regional-da-cdl-tera-palestra-de-oscar-schmidt\/\" \/>\n<meta property=\"og:locale\" content=\"pt_BR\" \/>\n<meta property=\"og:type\" content=\"article\" \/>\n<meta property=\"og:title\" content=\"Conven\u00e7\u00e3o Regional da CDL ter\u00e1 palestra de Oscar Schmidt - Folha Popular\" \/>\n<meta property=\"og:description\" content=\"A 4\u00aa edi\u00e7\u00e3o da Conven\u00e7\u00e3o Regional da CDL est\u00e1 marcada para o dia 21 de novembro no Pavilh\u00e3o Central do Parque da Oktoberfest, em Santa Cruz do Sul. Um dos maiores \u00eddolos do basquete nacional, Oscar Schmidt, o m\u00e3o santa, vai ser uma das atra\u00e7\u00f5es principais. Al\u00e9m dele, outros dois nomes foram confirmados durante o [&hellip;]\" \/>\n<meta property=\"og:url\" content=\"https:\/\/folhapopular.info\/index.php\/2023\/08\/10\/convencao-regional-da-cdl-tera-palestra-de-oscar-schmidt\/\" \/>\n<meta property=\"og:site_name\" content=\"Folha Popular\" \/>\n<meta property=\"article:published_time\" content=\"2023-08-10T11:54:58+00:00\" \/>\n<meta property=\"article:modified_time\" content=\"2023-08-10T11:55:03+00:00\" \/>\n<meta property=\"og:image\" content=\"http:\/\/folhapopular.info\/wp-content\/uploads\/2023\/08\/311874722_525119299620948_3459042571977001752_n.jpeg\" \/>\n\t<meta property=\"og:image:width\" content=\"748\" \/>\n\t<meta property=\"og:image:height\" content=\"410\" \/>\n\t<meta property=\"og:image:type\" content=\"image\/jpeg\" \/>\n<meta name=\"author\" content=\"Reda\u00e7\u00e3o Folha Popular\" \/>\n<meta name=\"twitter:card\" content=\"summary_large_image\" \/>\n<meta name=\"twitter:label1\" content=\"Escrito por\" \/>\n\t<meta name=\"twitter:data1\" content=\"Reda\u00e7\u00e3o Folha Popular\" \/>\n\t<meta name=\"twitter:label2\" content=\"Est. tempo de leitura\" \/>\n\t<meta name=\"twitter:data2\" content=\"4 minutos\" \/>\n<script type=\"application\/ld+json\" class=\"yoast-schema-graph\">{\"@context\":\"https:\\\/\\\/schema.org\",\"@graph\":[{\"@type\":\"Article\",\"@id\":\"https:\\\/\\\/folhapopular.info\\\/index.php\\\/2023\\\/08\\\/10\\\/convencao-regional-da-cdl-tera-palestra-de-oscar-schmidt\\\/#article\",\"isPartOf\":{\"@id\":\"https:\\\/\\\/folhapopular.info\\\/index.php\\\/2023\\\/08\\\/10\\\/convencao-regional-da-cdl-tera-palestra-de-oscar-schmidt\\\/\"},\"author\":{\"name\":\"Reda\u00e7\u00e3o Folha Popular\",\"@id\":\"https:\\\/\\\/folhapopular.info\\\/#\\\/schema\\\/person\\\/2814e8a0df7643585a9ca38bc6eb9d4b\"},\"headline\":\"Conven\u00e7\u00e3o Regional da CDL ter\u00e1 palestra de Oscar Schmidt\",\"datePublished\":\"2023-08-10T11:54:58+00:00\",\"dateModified\":\"2023-08-10T11:55:03+00:00\",\"mainEntityOfPage\":{\"@id\":\"https:\\\/\\\/folhapopular.info\\\/index.php\\\/2023\\\/08\\\/10\\\/convencao-regional-da-cdl-tera-palestra-de-oscar-schmidt\\\/\"},\"wordCount\":632,\"commentCount\":0,\"image\":{\"@id\":\"https:\\\/\\\/folhapopular.info\\\/index.php\\\/2023\\\/08\\\/10\\\/convencao-regional-da-cdl-tera-palestra-de-oscar-schmidt\\\/#primaryimage\"},\"thumbnailUrl\":\"https:\\\/\\\/folhapopular.info\\\/wp-content\\\/uploads\\\/2023\\\/08\\\/311874722_525119299620948_3459042571977001752_n.jpeg\",\"keywords\":[\"Com\u00e9rcio\",\"conven\u00e7\u00e3o regional da CDL\",\"Neg\u00f3cios\",\"palestra\",\"Santa Cruz do Sul\"],\"articleSection\":[\"Destaques\",\"Economia\",\"Neg\u00f3cios\"],\"inLanguage\":\"pt-BR\",\"potentialAction\":[{\"@type\":\"CommentAction\",\"name\":\"Comment\",\"target\":[\"https:\\\/\\\/folhapopular.info\\\/index.php\\\/2023\\\/08\\\/10\\\/convencao-regional-da-cdl-tera-palestra-de-oscar-schmidt\\\/#respond\"]}]},{\"@type\":\"WebPage\",\"@id\":\"https:\\\/\\\/folhapopular.info\\\/index.php\\\/2023\\\/08\\\/10\\\/convencao-regional-da-cdl-tera-palestra-de-oscar-schmidt\\\/\",\"url\":\"https:\\\/\\\/folhapopular.info\\\/index.php\\\/2023\\\/08\\\/10\\\/convencao-regional-da-cdl-tera-palestra-de-oscar-schmidt\\\/\",\"name\":\"Conven\u00e7\u00e3o Regional da CDL ter\u00e1 palestra de Oscar Schmidt - Folha Popular\",\"isPartOf\":{\"@id\":\"https:\\\/\\\/folhapopular.info\\\/#website\"},\"primaryImageOfPage\":{\"@id\":\"https:\\\/\\\/folhapopular.info\\\/index.php\\\/2023\\\/08\\\/10\\\/convencao-regional-da-cdl-tera-palestra-de-oscar-schmidt\\\/#primaryimage\"},\"image\":{\"@id\":\"https:\\\/\\\/folhapopular.info\\\/index.php\\\/2023\\\/08\\\/10\\\/convencao-regional-da-cdl-tera-palestra-de-oscar-schmidt\\\/#primaryimage\"},\"thumbnailUrl\":\"https:\\\/\\\/folhapopular.info\\\/wp-content\\\/uploads\\\/2023\\\/08\\\/311874722_525119299620948_3459042571977001752_n.jpeg\",\"datePublished\":\"2023-08-10T11:54:58+00:00\",\"dateModified\":\"2023-08-10T11:55:03+00:00\",\"author\":{\"@id\":\"https:\\\/\\\/folhapopular.info\\\/#\\\/schema\\\/person\\\/2814e8a0df7643585a9ca38bc6eb9d4b\"},\"breadcrumb\":{\"@id\":\"https:\\\/\\\/folhapopular.info\\\/index.php\\\/2023\\\/08\\\/10\\\/convencao-regional-da-cdl-tera-palestra-de-oscar-schmidt\\\/#breadcrumb\"},\"inLanguage\":\"pt-BR\",\"potentialAction\":[{\"@type\":\"ReadAction\",\"target\":[\"https:\\\/\\\/folhapopular.info\\\/index.php\\\/2023\\\/08\\\/10\\\/convencao-regional-da-cdl-tera-palestra-de-oscar-schmidt\\\/\"]}]},{\"@type\":\"ImageObject\",\"inLanguage\":\"pt-BR\",\"@id\":\"https:\\\/\\\/folhapopular.info\\\/index.php\\\/2023\\\/08\\\/10\\\/convencao-regional-da-cdl-tera-palestra-de-oscar-schmidt\\\/#primaryimage\",\"url\":\"https:\\\/\\\/folhapopular.info\\\/wp-content\\\/uploads\\\/2023\\\/08\\\/311874722_525119299620948_3459042571977001752_n.jpeg\",\"contentUrl\":\"https:\\\/\\\/folhapopular.info\\\/wp-content\\\/uploads\\\/2023\\\/08\\\/311874722_525119299620948_3459042571977001752_n.jpeg\",\"width\":748,\"height\":410,\"caption\":\"Cr\u00e9dito: Divulga\u00e7\u00e3o\"},{\"@type\":\"BreadcrumbList\",\"@id\":\"https:\\\/\\\/folhapopular.info\\\/index.php\\\/2023\\\/08\\\/10\\\/convencao-regional-da-cdl-tera-palestra-de-oscar-schmidt\\\/#breadcrumb\",\"itemListElement\":[{\"@type\":\"ListItem\",\"position\":1,\"name\":\"In\u00edcio\",\"item\":\"https:\\\/\\\/folhapopular.info\\\/\"},{\"@type\":\"ListItem\",\"position\":2,\"name\":\"Conven\u00e7\u00e3o Regional da CDL ter\u00e1 palestra de Oscar Schmidt\"}]},{\"@type\":\"WebSite\",\"@id\":\"https:\\\/\\\/folhapopular.info\\\/#website\",\"url\":\"https:\\\/\\\/folhapopular.info\\\/\",\"name\":\"Folha Popular\",\"description\":\"Onde voc\u00ea tem vez e voz\",\"potentialAction\":[{\"@type\":\"SearchAction\",\"target\":{\"@type\":\"EntryPoint\",\"urlTemplate\":\"https:\\\/\\\/folhapopular.info\\\/?s={search_term_string}\"},\"query-input\":{\"@type\":\"PropertyValueSpecification\",\"valueRequired\":true,\"valueName\":\"search_term_string\"}}],\"inLanguage\":\"pt-BR\"},{\"@type\":\"Person\",\"@id\":\"https:\\\/\\\/folhapopular.info\\\/#\\\/schema\\\/person\\\/2814e8a0df7643585a9ca38bc6eb9d4b\",\"name\":\"Reda\u00e7\u00e3o Folha Popular\",\"image\":{\"@type\":\"ImageObject\",\"inLanguage\":\"pt-BR\",\"@id\":\"https:\\\/\\\/folhapopular.info\\\/wp-content\\\/uploads\\\/2026\\\/04\\\/Folha-1.webp\",\"url\":\"https:\\\/\\\/folhapopular.info\\\/wp-content\\\/uploads\\\/2026\\\/04\\\/Folha-1.webp\",\"contentUrl\":\"https:\\\/\\\/folhapopular.info\\\/wp-content\\\/uploads\\\/2026\\\/04\\\/Folha-1.webp\",\"caption\":\"Reda\u00e7\u00e3o Folha Popular\"},\"url\":\"https:\\\/\\\/folhapopular.info\\\/index.php\\\/author\\\/redacao\\\/\"}]}<\/script>\n<!-- \/ Yoast SEO plugin. -->","yoast_head_json":{"title":"Conven\u00e7\u00e3o Regional da CDL ter\u00e1 palestra de Oscar Schmidt - Folha Popular","robots":{"index":"index","follow":"follow","max-snippet":"max-snippet:-1","max-image-preview":"max-image-preview:large","max-video-preview":"max-video-preview:-1"},"canonical":"https:\/\/folhapopular.info\/index.php\/2023\/08\/10\/convencao-regional-da-cdl-tera-palestra-de-oscar-schmidt\/","og_locale":"pt_BR","og_type":"article","og_title":"Conven\u00e7\u00e3o Regional da CDL ter\u00e1 palestra de Oscar Schmidt - Folha Popular","og_description":"A 4\u00aa edi\u00e7\u00e3o da Conven\u00e7\u00e3o Regional da CDL est\u00e1 marcada para o dia 21 de novembro no Pavilh\u00e3o Central do Parque da Oktoberfest, em Santa Cruz do Sul. Um dos maiores \u00eddolos do basquete nacional, Oscar Schmidt, o m\u00e3o santa, vai ser uma das atra\u00e7\u00f5es principais. Al\u00e9m dele, outros dois nomes foram confirmados durante o [&hellip;]","og_url":"https:\/\/folhapopular.info\/index.php\/2023\/08\/10\/convencao-regional-da-cdl-tera-palestra-de-oscar-schmidt\/","og_site_name":"Folha Popular","article_published_time":"2023-08-10T11:54:58+00:00","article_modified_time":"2023-08-10T11:55:03+00:00","og_image":[{"width":748,"height":410,"url":"http:\/\/folhapopular.info\/wp-content\/uploads\/2023\/08\/311874722_525119299620948_3459042571977001752_n.jpeg","type":"image\/jpeg"}],"author":"Reda\u00e7\u00e3o Folha Popular","twitter_card":"summary_large_image","twitter_misc":{"Escrito por":"Reda\u00e7\u00e3o Folha Popular","Est. tempo de leitura":"4 minutos"},"schema":{"@context":"https:\/\/schema.org","@graph":[{"@type":"Article","@id":"https:\/\/folhapopular.info\/index.php\/2023\/08\/10\/convencao-regional-da-cdl-tera-palestra-de-oscar-schmidt\/#article","isPartOf":{"@id":"https:\/\/folhapopular.info\/index.php\/2023\/08\/10\/convencao-regional-da-cdl-tera-palestra-de-oscar-schmidt\/"},"author":{"name":"Reda\u00e7\u00e3o Folha Popular","@id":"https:\/\/folhapopular.info\/#\/schema\/person\/2814e8a0df7643585a9ca38bc6eb9d4b"},"headline":"Conven\u00e7\u00e3o Regional da CDL ter\u00e1 palestra de Oscar Schmidt","datePublished":"2023-08-10T11:54:58+00:00","dateModified":"2023-08-10T11:55:03+00:00","mainEntityOfPage":{"@id":"https:\/\/folhapopular.info\/index.php\/2023\/08\/10\/convencao-regional-da-cdl-tera-palestra-de-oscar-schmidt\/"},"wordCount":632,"commentCount":0,"image":{"@id":"https:\/\/folhapopular.info\/index.php\/2023\/08\/10\/convencao-regional-da-cdl-tera-palestra-de-oscar-schmidt\/#primaryimage"},"thumbnailUrl":"https:\/\/folhapopular.info\/wp-content\/uploads\/2023\/08\/311874722_525119299620948_3459042571977001752_n.jpeg","keywords":["Com\u00e9rcio","conven\u00e7\u00e3o regional da CDL","Neg\u00f3cios","palestra","Santa Cruz do Sul"],"articleSection":["Destaques","Economia","Neg\u00f3cios"],"inLanguage":"pt-BR","potentialAction":[{"@type":"CommentAction","name":"Comment","target":["https:\/\/folhapopular.info\/index.php\/2023\/08\/10\/convencao-regional-da-cdl-tera-palestra-de-oscar-schmidt\/#respond"]}]},{"@type":"WebPage","@id":"https:\/\/folhapopular.info\/index.php\/2023\/08\/10\/convencao-regional-da-cdl-tera-palestra-de-oscar-schmidt\/","url":"https:\/\/folhapopular.info\/index.php\/2023\/08\/10\/convencao-regional-da-cdl-tera-palestra-de-oscar-schmidt\/","name":"Conven\u00e7\u00e3o Regional da CDL ter\u00e1 palestra de Oscar Schmidt - Folha Popular","isPartOf":{"@id":"https:\/\/folhapopular.info\/#website"},"primaryImageOfPage":{"@id":"https:\/\/folhapopular.info\/index.php\/2023\/08\/10\/convencao-regional-da-cdl-tera-palestra-de-oscar-schmidt\/#primaryimage"},"image":{"@id":"https:\/\/folhapopular.info\/index.php\/2023\/08\/10\/convencao-regional-da-cdl-tera-palestra-de-oscar-schmidt\/#primaryimage"},"thumbnailUrl":"https:\/\/folhapopular.info\/wp-content\/uploads\/2023\/08\/311874722_525119299620948_3459042571977001752_n.jpeg","datePublished":"2023-08-10T11:54:58+00:00","dateModified":"2023-08-10T11:55:03+00:00","author":{"@id":"https:\/\/folhapopular.info\/#\/schema\/person\/2814e8a0df7643585a9ca38bc6eb9d4b"},"breadcrumb":{"@id":"https:\/\/folhapopular.info\/index.php\/2023\/08\/10\/convencao-regional-da-cdl-tera-palestra-de-oscar-schmidt\/#breadcrumb"},"inLanguage":"pt-BR","potentialAction":[{"@type":"ReadAction","target":["https:\/\/folhapopular.info\/index.php\/2023\/08\/10\/convencao-regional-da-cdl-tera-palestra-de-oscar-schmidt\/"]}]},{"@type":"ImageObject","inLanguage":"pt-BR","@id":"https:\/\/folhapopular.info\/index.php\/2023\/08\/10\/convencao-regional-da-cdl-tera-palestra-de-oscar-schmidt\/#primaryimage","url":"https:\/\/folhapopular.info\/wp-content\/uploads\/2023\/08\/311874722_525119299620948_3459042571977001752_n.jpeg","contentUrl":"https:\/\/folhapopular.info\/wp-content\/uploads\/2023\/08\/311874722_525119299620948_3459042571977001752_n.jpeg","width":748,"height":410,"caption":"Cr\u00e9dito: Divulga\u00e7\u00e3o"},{"@type":"BreadcrumbList","@id":"https:\/\/folhapopular.info\/index.php\/2023\/08\/10\/convencao-regional-da-cdl-tera-palestra-de-oscar-schmidt\/#breadcrumb","itemListElement":[{"@type":"ListItem","position":1,"name":"In\u00edcio","item":"https:\/\/folhapopular.info\/"},{"@type":"ListItem","position":2,"name":"Conven\u00e7\u00e3o Regional da CDL ter\u00e1 palestra de Oscar Schmidt"}]},{"@type":"WebSite","@id":"https:\/\/folhapopular.info\/#website","url":"https:\/\/folhapopular.info\/","name":"Folha Popular","description":"Onde voc\u00ea tem vez e voz","potentialAction":[{"@type":"SearchAction","target":{"@type":"EntryPoint","urlTemplate":"https:\/\/folhapopular.info\/?s={search_term_string}"},"query-input":{"@type":"PropertyValueSpecification","valueRequired":true,"valueName":"search_term_string"}}],"inLanguage":"pt-BR"},{"@type":"Person","@id":"https:\/\/folhapopular.info\/#\/schema\/person\/2814e8a0df7643585a9ca38bc6eb9d4b","name":"Reda\u00e7\u00e3o Folha Popular","image":{"@type":"ImageObject","inLanguage":"pt-BR","@id":"https:\/\/folhapopular.info\/wp-content\/uploads\/2026\/04\/Folha-1.webp","url":"https:\/\/folhapopular.info\/wp-content\/uploads\/2026\/04\/Folha-1.webp","contentUrl":"https:\/\/folhapopular.info\/wp-content\/uploads\/2026\/04\/Folha-1.webp","caption":"Reda\u00e7\u00e3o Folha Popular"},"url":"https:\/\/folhapopular.info\/index.php\/author\/redacao\/"}]}},"jetpack_featured_media_url":"https:\/\/folhapopular.info\/wp-content\/uploads\/2023\/08\/311874722_525119299620948_3459042571977001752_n.jpeg","jetpack_sharing_enabled":true,"amp_enabled":true,"_links":{"self":[{"href":"https:\/\/folhapopular.info\/index.php\/wp-json\/wp\/v2\/posts\/137233","targetHints":{"allow":["GET"]}}],"collection":[{"href":"https:\/\/folhapopular.info\/index.php\/wp-json\/wp\/v2\/posts"}],"about":[{"href":"https:\/\/folhapopular.info\/index.php\/wp-json\/wp\/v2\/types\/post"}],"author":[{"embeddable":true,"href":"https:\/\/folhapopular.info\/index.php\/wp-json\/wp\/v2\/users\/8"}],"replies":[{"embeddable":true,"href":"https:\/\/folhapopular.info\/index.php\/wp-json\/wp\/v2\/comments?post=137233"}],"version-history":[{"count":0,"href":"https:\/\/folhapopular.info\/index.php\/wp-json\/wp\/v2\/posts\/137233\/revisions"}],"wp:featuredmedia":[{"embeddable":true,"href":"https:\/\/folhapopular.info\/index.php\/wp-json\/wp\/v2\/media\/137234"}],"wp:attachment":[{"href":"https:\/\/folhapopular.info\/index.php\/wp-json\/wp\/v2\/media?parent=137233"}],"wp:term":[{"taxonomy":"category","embeddable":true,"href":"https:\/\/folhapopular.info\/index.php\/wp-json\/wp\/v2\/categories?post=137233"},{"taxonomy":"post_tag","embeddable":true,"href":"https:\/\/folhapopular.info\/index.php\/wp-json\/wp\/v2\/tags?post=137233"}],"curies":[{"name":"wp","href":"https:\/\/api.w.org\/{rel}","templated":true}]}}