{"id":137308,"date":"2023-08-10T16:15:00","date_gmt":"2023-08-10T19:15:00","guid":{"rendered":"https:\/\/folhapopular.info\/?p=137308"},"modified":"2023-08-10T15:51:53","modified_gmt":"2023-08-10T18:51:53","slug":"esf-02-morada-do-sol-nao-abrira-na-tarde-desta-sexta-feira","status":"publish","type":"post","link":"https:\/\/folhapopular.info\/index.php\/2023\/08\/10\/esf-02-morada-do-sol-nao-abrira-na-tarde-desta-sexta-feira\/","title":{"rendered":"ESF 02 Morada do Sol n\u00e3o abrir\u00e1 na tarde desta sexta-feira"},"content":{"rendered":"\n<p>Nesta sexta-feira (11\/8) o Posto de Sa\u00fade ESF 02 Morada do Sol, no Loteamento 8, estar\u00e1 fechado no turno da tarde. O motivo s\u00e3o obras na estrutura externa. Durante a manh\u00e3, o atendimento ocorre normalmente.<\/p>\n","protected":false},"excerpt":{"rendered":"<p>Nesta sexta-feira (11\/8) o Posto de Sa\u00fade ESF 02 Morada do Sol, no Loteamento 8, estar\u00e1 fechado no turno da tarde. O motivo s\u00e3o obras na estrutura externa. Durante a manh\u00e3, o atendimento ocorre normalmente.<\/p>\n","protected":false},"author":8,"featured_media":137309,"comment_status":"open","ping_status":"open","sticky":false,"template":"","format":"standard","meta":{"pmpro_default_level":"","_jetpack_memberships_contains_paid_content":false,"footnotes":""},"categories":[2,3,11091],"tags":[12903,3311,203],"class_list":{"0":"post-137308","1":"post","2":"type-post","3":"status-publish","4":"format-standard","5":"has-post-thumbnail","7":"category-featured","8":"category-geral","9":"category-servicos","10":"tag-esf-02-morada-do-sol","11":"tag-loteamento-8","12":"tag-posto-de-saude","13":"pmpro-has-access"},"yoast_head":"<!-- This site is optimized with the Yoast SEO plugin v27.5 - https:\/\/yoast.com\/product\/yoast-seo-wordpress\/ -->\n<title>ESF 02 Morada do Sol n\u00e3o abrir\u00e1 na tarde desta sexta-feira - Folha Popular<\/title>\n<meta name=\"robots\" content=\"index, follow, max-snippet:-1, max-image-preview:large, max-video-preview:-1\" \/>\n<link rel=\"canonical\" href=\"https:\/\/folhapopular.info\/index.php\/2023\/08\/10\/esf-02-morada-do-sol-nao-abrira-na-tarde-desta-sexta-feira\/\" \/>\n<meta property=\"og:locale\" content=\"pt_BR\" \/>\n<meta property=\"og:type\" content=\"article\" \/>\n<meta property=\"og:title\" content=\"ESF 02 Morada do Sol n\u00e3o abrir\u00e1 na tarde desta sexta-feira - Folha Popular\" \/>\n<meta property=\"og:description\" content=\"Nesta sexta-feira (11\/8) o Posto de Sa\u00fade ESF 02 Morada do Sol, no Loteamento 8, estar\u00e1 fechado no turno da tarde. O motivo s\u00e3o obras na estrutura externa. Durante a manh\u00e3, o atendimento ocorre normalmente.\" \/>\n<meta property=\"og:url\" content=\"https:\/\/folhapopular.info\/index.php\/2023\/08\/10\/esf-02-morada-do-sol-nao-abrira-na-tarde-desta-sexta-feira\/\" \/>\n<meta property=\"og:site_name\" content=\"Folha Popular\" \/>\n<meta property=\"article:published_time\" content=\"2023-08-10T19:15:00+00:00\" \/>\n<meta property=\"og:image\" content=\"https:\/\/folhapopular.info\/wp-content\/uploads\/2023\/08\/ESF-lot.-8.png\" \/>\n\t<meta property=\"og:image:width\" content=\"560\" \/>\n\t<meta property=\"og:image:height\" content=\"312\" \/>\n\t<meta property=\"og:image:type\" content=\"image\/png\" \/>\n<meta name=\"author\" content=\"Reda\u00e7\u00e3o Folha Popular\" \/>\n<meta name=\"twitter:card\" content=\"summary_large_image\" \/>\n<meta name=\"twitter:label1\" content=\"Escrito por\" \/>\n\t<meta name=\"twitter:data1\" content=\"Reda\u00e7\u00e3o Folha Popular\" \/>\n\t<meta name=\"twitter:label2\" content=\"Est. tempo de leitura\" \/>\n\t<meta name=\"twitter:data2\" content=\"1 minuto\" \/>\n<script type=\"application\/ld+json\" class=\"yoast-schema-graph\">{\"@context\":\"https:\\\/\\\/schema.org\",\"@graph\":[{\"@type\":\"Article\",\"@id\":\"https:\\\/\\\/folhapopular.info\\\/index.php\\\/2023\\\/08\\\/10\\\/esf-02-morada-do-sol-nao-abrira-na-tarde-desta-sexta-feira\\\/#article\",\"isPartOf\":{\"@id\":\"https:\\\/\\\/folhapopular.info\\\/index.php\\\/2023\\\/08\\\/10\\\/esf-02-morada-do-sol-nao-abrira-na-tarde-desta-sexta-feira\\\/\"},\"author\":{\"name\":\"Reda\u00e7\u00e3o Folha Popular\",\"@id\":\"https:\\\/\\\/folhapopular.info\\\/#\\\/schema\\\/person\\\/2814e8a0df7643585a9ca38bc6eb9d4b\"},\"headline\":\"ESF 02 Morada do Sol n\u00e3o abrir\u00e1 na tarde desta sexta-feira\",\"datePublished\":\"2023-08-10T19:15:00+00:00\",\"mainEntityOfPage\":{\"@id\":\"https:\\\/\\\/folhapopular.info\\\/index.php\\\/2023\\\/08\\\/10\\\/esf-02-morada-do-sol-nao-abrira-na-tarde-desta-sexta-feira\\\/\"},\"wordCount\":45,\"commentCount\":0,\"image\":{\"@id\":\"https:\\\/\\\/folhapopular.info\\\/index.php\\\/2023\\\/08\\\/10\\\/esf-02-morada-do-sol-nao-abrira-na-tarde-desta-sexta-feira\\\/#primaryimage\"},\"thumbnailUrl\":\"https:\\\/\\\/folhapopular.info\\\/wp-content\\\/uploads\\\/2023\\\/08\\\/ESF-lot.-8.png\",\"keywords\":[\"ESF 02 Morada do Sol\",\"Loteamento 8\",\"Posto de Sa\u00fade\"],\"articleSection\":[\"Destaques\",\"Geral\",\"Servi\u00e7os\"],\"inLanguage\":\"pt-BR\",\"potentialAction\":[{\"@type\":\"CommentAction\",\"name\":\"Comment\",\"target\":[\"https:\\\/\\\/folhapopular.info\\\/index.php\\\/2023\\\/08\\\/10\\\/esf-02-morada-do-sol-nao-abrira-na-tarde-desta-sexta-feira\\\/#respond\"]}]},{\"@type\":\"WebPage\",\"@id\":\"https:\\\/\\\/folhapopular.info\\\/index.php\\\/2023\\\/08\\\/10\\\/esf-02-morada-do-sol-nao-abrira-na-tarde-desta-sexta-feira\\\/\",\"url\":\"https:\\\/\\\/folhapopular.info\\\/index.php\\\/2023\\\/08\\\/10\\\/esf-02-morada-do-sol-nao-abrira-na-tarde-desta-sexta-feira\\\/\",\"name\":\"ESF 02 Morada do Sol n\u00e3o abrir\u00e1 na tarde desta sexta-feira - Folha Popular\",\"isPartOf\":{\"@id\":\"https:\\\/\\\/folhapopular.info\\\/#website\"},\"primaryImageOfPage\":{\"@id\":\"https:\\\/\\\/folhapopular.info\\\/index.php\\\/2023\\\/08\\\/10\\\/esf-02-morada-do-sol-nao-abrira-na-tarde-desta-sexta-feira\\\/#primaryimage\"},\"image\":{\"@id\":\"https:\\\/\\\/folhapopular.info\\\/index.php\\\/2023\\\/08\\\/10\\\/esf-02-morada-do-sol-nao-abrira-na-tarde-desta-sexta-feira\\\/#primaryimage\"},\"thumbnailUrl\":\"https:\\\/\\\/folhapopular.info\\\/wp-content\\\/uploads\\\/2023\\\/08\\\/ESF-lot.-8.png\",\"datePublished\":\"2023-08-10T19:15:00+00:00\",\"author\":{\"@id\":\"https:\\\/\\\/folhapopular.info\\\/#\\\/schema\\\/person\\\/2814e8a0df7643585a9ca38bc6eb9d4b\"},\"breadcrumb\":{\"@id\":\"https:\\\/\\\/folhapopular.info\\\/index.php\\\/2023\\\/08\\\/10\\\/esf-02-morada-do-sol-nao-abrira-na-tarde-desta-sexta-feira\\\/#breadcrumb\"},\"inLanguage\":\"pt-BR\",\"potentialAction\":[{\"@type\":\"ReadAction\",\"target\":[\"https:\\\/\\\/folhapopular.info\\\/index.php\\\/2023\\\/08\\\/10\\\/esf-02-morada-do-sol-nao-abrira-na-tarde-desta-sexta-feira\\\/\"]}]},{\"@type\":\"ImageObject\",\"inLanguage\":\"pt-BR\",\"@id\":\"https:\\\/\\\/folhapopular.info\\\/index.php\\\/2023\\\/08\\\/10\\\/esf-02-morada-do-sol-nao-abrira-na-tarde-desta-sexta-feira\\\/#primaryimage\",\"url\":\"https:\\\/\\\/folhapopular.info\\\/wp-content\\\/uploads\\\/2023\\\/08\\\/ESF-lot.-8.png\",\"contentUrl\":\"https:\\\/\\\/folhapopular.info\\\/wp-content\\\/uploads\\\/2023\\\/08\\\/ESF-lot.-8.png\",\"width\":560,\"height\":312,\"caption\":\"Cr\u00e9dito: Divulga\u00e7\u00e3o\"},{\"@type\":\"BreadcrumbList\",\"@id\":\"https:\\\/\\\/folhapopular.info\\\/index.php\\\/2023\\\/08\\\/10\\\/esf-02-morada-do-sol-nao-abrira-na-tarde-desta-sexta-feira\\\/#breadcrumb\",\"itemListElement\":[{\"@type\":\"ListItem\",\"position\":1,\"name\":\"In\u00edcio\",\"item\":\"https:\\\/\\\/folhapopular.info\\\/\"},{\"@type\":\"ListItem\",\"position\":2,\"name\":\"ESF 02 Morada do Sol n\u00e3o abrir\u00e1 na tarde desta sexta-feira\"}]},{\"@type\":\"WebSite\",\"@id\":\"https:\\\/\\\/folhapopular.info\\\/#website\",\"url\":\"https:\\\/\\\/folhapopular.info\\\/\",\"name\":\"Folha Popular\",\"description\":\"Onde voc\u00ea tem vez e voz\",\"potentialAction\":[{\"@type\":\"SearchAction\",\"target\":{\"@type\":\"EntryPoint\",\"urlTemplate\":\"https:\\\/\\\/folhapopular.info\\\/?s={search_term_string}\"},\"query-input\":{\"@type\":\"PropertyValueSpecification\",\"valueRequired\":true,\"valueName\":\"search_term_string\"}}],\"inLanguage\":\"pt-BR\"},{\"@type\":\"Person\",\"@id\":\"https:\\\/\\\/folhapopular.info\\\/#\\\/schema\\\/person\\\/2814e8a0df7643585a9ca38bc6eb9d4b\",\"name\":\"Reda\u00e7\u00e3o Folha Popular\",\"image\":{\"@type\":\"ImageObject\",\"inLanguage\":\"pt-BR\",\"@id\":\"https:\\\/\\\/folhapopular.info\\\/wp-content\\\/uploads\\\/2026\\\/04\\\/Folha-1.webp\",\"url\":\"https:\\\/\\\/folhapopular.info\\\/wp-content\\\/uploads\\\/2026\\\/04\\\/Folha-1.webp\",\"contentUrl\":\"https:\\\/\\\/folhapopular.info\\\/wp-content\\\/uploads\\\/2026\\\/04\\\/Folha-1.webp\",\"caption\":\"Reda\u00e7\u00e3o Folha Popular\"},\"url\":\"https:\\\/\\\/folhapopular.info\\\/index.php\\\/author\\\/redacao\\\/\"}]}<\/script>\n<!-- \/ Yoast SEO plugin. -->","yoast_head_json":{"title":"ESF 02 Morada do Sol n\u00e3o abrir\u00e1 na tarde desta sexta-feira - Folha Popular","robots":{"index":"index","follow":"follow","max-snippet":"max-snippet:-1","max-image-preview":"max-image-preview:large","max-video-preview":"max-video-preview:-1"},"canonical":"https:\/\/folhapopular.info\/index.php\/2023\/08\/10\/esf-02-morada-do-sol-nao-abrira-na-tarde-desta-sexta-feira\/","og_locale":"pt_BR","og_type":"article","og_title":"ESF 02 Morada do Sol n\u00e3o abrir\u00e1 na tarde desta sexta-feira - Folha Popular","og_description":"Nesta sexta-feira (11\/8) o Posto de Sa\u00fade ESF 02 Morada do Sol, no Loteamento 8, estar\u00e1 fechado no turno da tarde. O motivo s\u00e3o obras na estrutura externa. Durante a manh\u00e3, o atendimento ocorre normalmente.","og_url":"https:\/\/folhapopular.info\/index.php\/2023\/08\/10\/esf-02-morada-do-sol-nao-abrira-na-tarde-desta-sexta-feira\/","og_site_name":"Folha Popular","article_published_time":"2023-08-10T19:15:00+00:00","og_image":[{"width":560,"height":312,"url":"https:\/\/folhapopular.info\/wp-content\/uploads\/2023\/08\/ESF-lot.-8.png","type":"image\/png"}],"author":"Reda\u00e7\u00e3o Folha Popular","twitter_card":"summary_large_image","twitter_misc":{"Escrito por":"Reda\u00e7\u00e3o Folha Popular","Est. tempo de leitura":"1 minuto"},"schema":{"@context":"https:\/\/schema.org","@graph":[{"@type":"Article","@id":"https:\/\/folhapopular.info\/index.php\/2023\/08\/10\/esf-02-morada-do-sol-nao-abrira-na-tarde-desta-sexta-feira\/#article","isPartOf":{"@id":"https:\/\/folhapopular.info\/index.php\/2023\/08\/10\/esf-02-morada-do-sol-nao-abrira-na-tarde-desta-sexta-feira\/"},"author":{"name":"Reda\u00e7\u00e3o Folha Popular","@id":"https:\/\/folhapopular.info\/#\/schema\/person\/2814e8a0df7643585a9ca38bc6eb9d4b"},"headline":"ESF 02 Morada do Sol n\u00e3o abrir\u00e1 na tarde desta sexta-feira","datePublished":"2023-08-10T19:15:00+00:00","mainEntityOfPage":{"@id":"https:\/\/folhapopular.info\/index.php\/2023\/08\/10\/esf-02-morada-do-sol-nao-abrira-na-tarde-desta-sexta-feira\/"},"wordCount":45,"commentCount":0,"image":{"@id":"https:\/\/folhapopular.info\/index.php\/2023\/08\/10\/esf-02-morada-do-sol-nao-abrira-na-tarde-desta-sexta-feira\/#primaryimage"},"thumbnailUrl":"https:\/\/folhapopular.info\/wp-content\/uploads\/2023\/08\/ESF-lot.-8.png","keywords":["ESF 02 Morada do Sol","Loteamento 8","Posto de Sa\u00fade"],"articleSection":["Destaques","Geral","Servi\u00e7os"],"inLanguage":"pt-BR","potentialAction":[{"@type":"CommentAction","name":"Comment","target":["https:\/\/folhapopular.info\/index.php\/2023\/08\/10\/esf-02-morada-do-sol-nao-abrira-na-tarde-desta-sexta-feira\/#respond"]}]},{"@type":"WebPage","@id":"https:\/\/folhapopular.info\/index.php\/2023\/08\/10\/esf-02-morada-do-sol-nao-abrira-na-tarde-desta-sexta-feira\/","url":"https:\/\/folhapopular.info\/index.php\/2023\/08\/10\/esf-02-morada-do-sol-nao-abrira-na-tarde-desta-sexta-feira\/","name":"ESF 02 Morada do Sol n\u00e3o abrir\u00e1 na tarde desta sexta-feira - Folha Popular","isPartOf":{"@id":"https:\/\/folhapopular.info\/#website"},"primaryImageOfPage":{"@id":"https:\/\/folhapopular.info\/index.php\/2023\/08\/10\/esf-02-morada-do-sol-nao-abrira-na-tarde-desta-sexta-feira\/#primaryimage"},"image":{"@id":"https:\/\/folhapopular.info\/index.php\/2023\/08\/10\/esf-02-morada-do-sol-nao-abrira-na-tarde-desta-sexta-feira\/#primaryimage"},"thumbnailUrl":"https:\/\/folhapopular.info\/wp-content\/uploads\/2023\/08\/ESF-lot.-8.png","datePublished":"2023-08-10T19:15:00+00:00","author":{"@id":"https:\/\/folhapopular.info\/#\/schema\/person\/2814e8a0df7643585a9ca38bc6eb9d4b"},"breadcrumb":{"@id":"https:\/\/folhapopular.info\/index.php\/2023\/08\/10\/esf-02-morada-do-sol-nao-abrira-na-tarde-desta-sexta-feira\/#breadcrumb"},"inLanguage":"pt-BR","potentialAction":[{"@type":"ReadAction","target":["https:\/\/folhapopular.info\/index.php\/2023\/08\/10\/esf-02-morada-do-sol-nao-abrira-na-tarde-desta-sexta-feira\/"]}]},{"@type":"ImageObject","inLanguage":"pt-BR","@id":"https:\/\/folhapopular.info\/index.php\/2023\/08\/10\/esf-02-morada-do-sol-nao-abrira-na-tarde-desta-sexta-feira\/#primaryimage","url":"https:\/\/folhapopular.info\/wp-content\/uploads\/2023\/08\/ESF-lot.-8.png","contentUrl":"https:\/\/folhapopular.info\/wp-content\/uploads\/2023\/08\/ESF-lot.-8.png","width":560,"height":312,"caption":"Cr\u00e9dito: Divulga\u00e7\u00e3o"},{"@type":"BreadcrumbList","@id":"https:\/\/folhapopular.info\/index.php\/2023\/08\/10\/esf-02-morada-do-sol-nao-abrira-na-tarde-desta-sexta-feira\/#breadcrumb","itemListElement":[{"@type":"ListItem","position":1,"name":"In\u00edcio","item":"https:\/\/folhapopular.info\/"},{"@type":"ListItem","position":2,"name":"ESF 02 Morada do Sol n\u00e3o abrir\u00e1 na tarde desta sexta-feira"}]},{"@type":"WebSite","@id":"https:\/\/folhapopular.info\/#website","url":"https:\/\/folhapopular.info\/","name":"Folha Popular","description":"Onde voc\u00ea tem vez e voz","potentialAction":[{"@type":"SearchAction","target":{"@type":"EntryPoint","urlTemplate":"https:\/\/folhapopular.info\/?s={search_term_string}"},"query-input":{"@type":"PropertyValueSpecification","valueRequired":true,"valueName":"search_term_string"}}],"inLanguage":"pt-BR"},{"@type":"Person","@id":"https:\/\/folhapopular.info\/#\/schema\/person\/2814e8a0df7643585a9ca38bc6eb9d4b","name":"Reda\u00e7\u00e3o Folha Popular","image":{"@type":"ImageObject","inLanguage":"pt-BR","@id":"https:\/\/folhapopular.info\/wp-content\/uploads\/2026\/04\/Folha-1.webp","url":"https:\/\/folhapopular.info\/wp-content\/uploads\/2026\/04\/Folha-1.webp","contentUrl":"https:\/\/folhapopular.info\/wp-content\/uploads\/2026\/04\/Folha-1.webp","caption":"Reda\u00e7\u00e3o Folha Popular"},"url":"https:\/\/folhapopular.info\/index.php\/author\/redacao\/"}]}},"jetpack_featured_media_url":"https:\/\/folhapopular.info\/wp-content\/uploads\/2023\/08\/ESF-lot.-8.png","jetpack_sharing_enabled":true,"amp_enabled":true,"_links":{"self":[{"href":"https:\/\/folhapopular.info\/index.php\/wp-json\/wp\/v2\/posts\/137308","targetHints":{"allow":["GET"]}}],"collection":[{"href":"https:\/\/folhapopular.info\/index.php\/wp-json\/wp\/v2\/posts"}],"about":[{"href":"https:\/\/folhapopular.info\/index.php\/wp-json\/wp\/v2\/types\/post"}],"author":[{"embeddable":true,"href":"https:\/\/folhapopular.info\/index.php\/wp-json\/wp\/v2\/users\/8"}],"replies":[{"embeddable":true,"href":"https:\/\/folhapopular.info\/index.php\/wp-json\/wp\/v2\/comments?post=137308"}],"version-history":[{"count":0,"href":"https:\/\/folhapopular.info\/index.php\/wp-json\/wp\/v2\/posts\/137308\/revisions"}],"wp:featuredmedia":[{"embeddable":true,"href":"https:\/\/folhapopular.info\/index.php\/wp-json\/wp\/v2\/media\/137309"}],"wp:attachment":[{"href":"https:\/\/folhapopular.info\/index.php\/wp-json\/wp\/v2\/media?parent=137308"}],"wp:term":[{"taxonomy":"category","embeddable":true,"href":"https:\/\/folhapopular.info\/index.php\/wp-json\/wp\/v2\/categories?post=137308"},{"taxonomy":"post_tag","embeddable":true,"href":"https:\/\/folhapopular.info\/index.php\/wp-json\/wp\/v2\/tags?post=137308"}],"curies":[{"name":"wp","href":"https:\/\/api.w.org\/{rel}","templated":true}]}}