{"id":137326,"date":"2023-08-11T07:00:00","date_gmt":"2023-08-11T10:00:00","guid":{"rendered":"https:\/\/folhapopular.info\/?p=137326"},"modified":"2023-08-10T17:04:10","modified_gmt":"2023-08-10T20:04:10","slug":"subchefe-da-defesa-civil-estadual-participa-de-encontro-com-representantes-do-vale-do-taquari","status":"publish","type":"post","link":"https:\/\/folhapopular.info\/index.php\/2023\/08\/11\/subchefe-da-defesa-civil-estadual-participa-de-encontro-com-representantes-do-vale-do-taquari\/","title":{"rendered":"Subchefe da Defesa Civil Estadual participa de encontro com representantes do Vale do Taquari"},"content":{"rendered":"\n<p>O subchefe da Defesa Civil Estadual, Marcos Vin\u00edcius Gon\u00e7alves Oliveira, participou de um encontro entre representantes da microrregi\u00e3o do Vale do Taquari, em Cruzeiro do Sul, na tarde desta quinta-feira (10\/8). <\/p>\n\n\n\n<p>O encontro foi destinado a prefeitos, secret\u00e1rios municipais e representantes da Defesa Civil para debater formas de preven\u00e7\u00e3o em situa\u00e7\u00f5es adversas e a cria\u00e7\u00e3o de um cons\u00f3rcio entre os munic\u00edpios.<\/p>\n\n\n\n<p>Estiveram presentes representantes de Lajeado, Cruzeiro do Sul, Bom Retiro do Sul, Arroio do Meio, Ven\u00e2ncio Aires, Estrela e Roca Sales.\u00a0O objetivo do encontro foi compartilhar as boas pr\u00e1ticas da Defesa Civil Estadual diante de diferentes eventos adversos e o debate sobre a forma\u00e7\u00e3o de um cons\u00f3rcio.<\/p>\n\n\n\n<p>O subchefe da Defesa Civil Estadual, Marcos Vin\u00edcius Gon\u00e7alves Oliveira, pontuou que \u00e9 necess\u00e1rio investir em preven\u00e7\u00e3o e tentar minimizar os efeitos de secas, cheias, enxurradas e situa\u00e7\u00f5es que colocam em risco a vida da nossa comunidade.<\/p>\n\n\n\n<p>&#8220;No ano passado, o Rio Grande do Sul, em quest\u00f5es proporcionais, foi o estado que mais recebeu valores da Uni\u00e3o para atender a\u00e7\u00f5es de resposta aos eventos adversos. Neste ano, queremos ser o estado que mais recebe recursos para qualificar a preven\u00e7\u00e3o&#8221;, destacou Oliveira.<\/p>\n","protected":false},"excerpt":{"rendered":"<p>O subchefe da Defesa Civil Estadual, Marcos Vin\u00edcius Gon\u00e7alves Oliveira, participou de um encontro entre representantes da microrregi\u00e3o do Vale do Taquari, em Cruzeiro do Sul, na tarde desta quinta-feira (10\/8). O encontro foi destinado a prefeitos, secret\u00e1rios municipais e representantes da Defesa Civil para debater formas de preven\u00e7\u00e3o em situa\u00e7\u00f5es adversas e a cria\u00e7\u00e3o [&hellip;]<\/p>\n","protected":false},"author":8,"featured_media":137327,"comment_status":"open","ping_status":"open","sticky":false,"template":"","format":"standard","meta":{"pmpro_default_level":"","_jetpack_memberships_contains_paid_content":false,"footnotes":""},"categories":[2,3],"tags":[],"class_list":{"0":"post-137326","1":"post","2":"type-post","3":"status-publish","4":"format-standard","5":"has-post-thumbnail","7":"category-featured","8":"category-geral","9":"pmpro-has-access"},"yoast_head":"<!-- This site is optimized with the Yoast SEO plugin v27.4 - https:\/\/yoast.com\/product\/yoast-seo-wordpress\/ -->\n<title>Subchefe da Defesa Civil Estadual participa de encontro com representantes do Vale do Taquari - Folha Popular<\/title>\n<meta name=\"robots\" content=\"index, follow, max-snippet:-1, max-image-preview:large, max-video-preview:-1\" \/>\n<link rel=\"canonical\" href=\"https:\/\/folhapopular.info\/index.php\/2023\/08\/11\/subchefe-da-defesa-civil-estadual-participa-de-encontro-com-representantes-do-vale-do-taquari\/\" \/>\n<meta property=\"og:locale\" content=\"pt_BR\" \/>\n<meta property=\"og:type\" content=\"article\" \/>\n<meta property=\"og:title\" content=\"Subchefe da Defesa Civil Estadual participa de encontro com representantes do Vale do Taquari - Folha Popular\" \/>\n<meta property=\"og:description\" content=\"O subchefe da Defesa Civil Estadual, Marcos Vin\u00edcius Gon\u00e7alves Oliveira, participou de um encontro entre representantes da microrregi\u00e3o do Vale do Taquari, em Cruzeiro do Sul, na tarde desta quinta-feira (10\/8). O encontro foi destinado a prefeitos, secret\u00e1rios municipais e representantes da Defesa Civil para debater formas de preven\u00e7\u00e3o em situa\u00e7\u00f5es adversas e a cria\u00e7\u00e3o [&hellip;]\" \/>\n<meta property=\"og:url\" content=\"https:\/\/folhapopular.info\/index.php\/2023\/08\/11\/subchefe-da-defesa-civil-estadual-participa-de-encontro-com-representantes-do-vale-do-taquari\/\" \/>\n<meta property=\"og:site_name\" content=\"Folha Popular\" \/>\n<meta property=\"article:published_time\" content=\"2023-08-11T10:00:00+00:00\" \/>\n<meta property=\"og:image\" content=\"https:\/\/folhapopular.info\/wp-content\/uploads\/2023\/08\/Reuniao-Defesa-Civil-1-scaled.jpg\" \/>\n\t<meta property=\"og:image:width\" content=\"2560\" \/>\n\t<meta property=\"og:image:height\" content=\"1707\" \/>\n\t<meta property=\"og:image:type\" content=\"image\/jpeg\" \/>\n<meta name=\"author\" content=\"Reda\u00e7\u00e3o Folha Popular\" \/>\n<meta name=\"twitter:card\" content=\"summary_large_image\" \/>\n<meta name=\"twitter:label1\" content=\"Escrito por\" \/>\n\t<meta name=\"twitter:data1\" content=\"Reda\u00e7\u00e3o Folha Popular\" \/>\n\t<meta name=\"twitter:label2\" content=\"Est. tempo de leitura\" \/>\n\t<meta name=\"twitter:data2\" content=\"2 minutos\" \/>\n<script type=\"application\/ld+json\" class=\"yoast-schema-graph\">{\"@context\":\"https:\\\/\\\/schema.org\",\"@graph\":[{\"@type\":\"Article\",\"@id\":\"https:\\\/\\\/folhapopular.info\\\/index.php\\\/2023\\\/08\\\/11\\\/subchefe-da-defesa-civil-estadual-participa-de-encontro-com-representantes-do-vale-do-taquari\\\/#article\",\"isPartOf\":{\"@id\":\"https:\\\/\\\/folhapopular.info\\\/index.php\\\/2023\\\/08\\\/11\\\/subchefe-da-defesa-civil-estadual-participa-de-encontro-com-representantes-do-vale-do-taquari\\\/\"},\"author\":{\"name\":\"Reda\u00e7\u00e3o Folha Popular\",\"@id\":\"https:\\\/\\\/folhapopular.info\\\/#\\\/schema\\\/person\\\/2814e8a0df7643585a9ca38bc6eb9d4b\"},\"headline\":\"Subchefe da Defesa Civil Estadual participa de encontro com representantes do Vale do Taquari\",\"datePublished\":\"2023-08-11T10:00:00+00:00\",\"mainEntityOfPage\":{\"@id\":\"https:\\\/\\\/folhapopular.info\\\/index.php\\\/2023\\\/08\\\/11\\\/subchefe-da-defesa-civil-estadual-participa-de-encontro-com-representantes-do-vale-do-taquari\\\/\"},\"wordCount\":224,\"commentCount\":0,\"image\":{\"@id\":\"https:\\\/\\\/folhapopular.info\\\/index.php\\\/2023\\\/08\\\/11\\\/subchefe-da-defesa-civil-estadual-participa-de-encontro-com-representantes-do-vale-do-taquari\\\/#primaryimage\"},\"thumbnailUrl\":\"https:\\\/\\\/folhapopular.info\\\/wp-content\\\/uploads\\\/2023\\\/08\\\/Reuniao-Defesa-Civil-1-scaled.jpg\",\"articleSection\":[\"Destaques\",\"Geral\"],\"inLanguage\":\"pt-BR\",\"potentialAction\":[{\"@type\":\"CommentAction\",\"name\":\"Comment\",\"target\":[\"https:\\\/\\\/folhapopular.info\\\/index.php\\\/2023\\\/08\\\/11\\\/subchefe-da-defesa-civil-estadual-participa-de-encontro-com-representantes-do-vale-do-taquari\\\/#respond\"]}]},{\"@type\":\"WebPage\",\"@id\":\"https:\\\/\\\/folhapopular.info\\\/index.php\\\/2023\\\/08\\\/11\\\/subchefe-da-defesa-civil-estadual-participa-de-encontro-com-representantes-do-vale-do-taquari\\\/\",\"url\":\"https:\\\/\\\/folhapopular.info\\\/index.php\\\/2023\\\/08\\\/11\\\/subchefe-da-defesa-civil-estadual-participa-de-encontro-com-representantes-do-vale-do-taquari\\\/\",\"name\":\"Subchefe da Defesa Civil Estadual participa de encontro com representantes do Vale do Taquari - Folha Popular\",\"isPartOf\":{\"@id\":\"https:\\\/\\\/folhapopular.info\\\/#website\"},\"primaryImageOfPage\":{\"@id\":\"https:\\\/\\\/folhapopular.info\\\/index.php\\\/2023\\\/08\\\/11\\\/subchefe-da-defesa-civil-estadual-participa-de-encontro-com-representantes-do-vale-do-taquari\\\/#primaryimage\"},\"image\":{\"@id\":\"https:\\\/\\\/folhapopular.info\\\/index.php\\\/2023\\\/08\\\/11\\\/subchefe-da-defesa-civil-estadual-participa-de-encontro-com-representantes-do-vale-do-taquari\\\/#primaryimage\"},\"thumbnailUrl\":\"https:\\\/\\\/folhapopular.info\\\/wp-content\\\/uploads\\\/2023\\\/08\\\/Reuniao-Defesa-Civil-1-scaled.jpg\",\"datePublished\":\"2023-08-11T10:00:00+00:00\",\"author\":{\"@id\":\"https:\\\/\\\/folhapopular.info\\\/#\\\/schema\\\/person\\\/2814e8a0df7643585a9ca38bc6eb9d4b\"},\"breadcrumb\":{\"@id\":\"https:\\\/\\\/folhapopular.info\\\/index.php\\\/2023\\\/08\\\/11\\\/subchefe-da-defesa-civil-estadual-participa-de-encontro-com-representantes-do-vale-do-taquari\\\/#breadcrumb\"},\"inLanguage\":\"pt-BR\",\"potentialAction\":[{\"@type\":\"ReadAction\",\"target\":[\"https:\\\/\\\/folhapopular.info\\\/index.php\\\/2023\\\/08\\\/11\\\/subchefe-da-defesa-civil-estadual-participa-de-encontro-com-representantes-do-vale-do-taquari\\\/\"]}]},{\"@type\":\"ImageObject\",\"inLanguage\":\"pt-BR\",\"@id\":\"https:\\\/\\\/folhapopular.info\\\/index.php\\\/2023\\\/08\\\/11\\\/subchefe-da-defesa-civil-estadual-participa-de-encontro-com-representantes-do-vale-do-taquari\\\/#primaryimage\",\"url\":\"https:\\\/\\\/folhapopular.info\\\/wp-content\\\/uploads\\\/2023\\\/08\\\/Reuniao-Defesa-Civil-1-scaled.jpg\",\"contentUrl\":\"https:\\\/\\\/folhapopular.info\\\/wp-content\\\/uploads\\\/2023\\\/08\\\/Reuniao-Defesa-Civil-1-scaled.jpg\",\"width\":2560,\"height\":1707,\"caption\":\"Cr\u00e9dito: AI Prefeitura de Lajeado \\\/ Divulga\u00e7\u00e3o\"},{\"@type\":\"BreadcrumbList\",\"@id\":\"https:\\\/\\\/folhapopular.info\\\/index.php\\\/2023\\\/08\\\/11\\\/subchefe-da-defesa-civil-estadual-participa-de-encontro-com-representantes-do-vale-do-taquari\\\/#breadcrumb\",\"itemListElement\":[{\"@type\":\"ListItem\",\"position\":1,\"name\":\"In\u00edcio\",\"item\":\"https:\\\/\\\/folhapopular.info\\\/\"},{\"@type\":\"ListItem\",\"position\":2,\"name\":\"Subchefe da Defesa Civil Estadual participa de encontro com representantes do Vale do Taquari\"}]},{\"@type\":\"WebSite\",\"@id\":\"https:\\\/\\\/folhapopular.info\\\/#website\",\"url\":\"https:\\\/\\\/folhapopular.info\\\/\",\"name\":\"Folha Popular\",\"description\":\"Onde voc\u00ea tem vez e voz\",\"potentialAction\":[{\"@type\":\"SearchAction\",\"target\":{\"@type\":\"EntryPoint\",\"urlTemplate\":\"https:\\\/\\\/folhapopular.info\\\/?s={search_term_string}\"},\"query-input\":{\"@type\":\"PropertyValueSpecification\",\"valueRequired\":true,\"valueName\":\"search_term_string\"}}],\"inLanguage\":\"pt-BR\"},{\"@type\":\"Person\",\"@id\":\"https:\\\/\\\/folhapopular.info\\\/#\\\/schema\\\/person\\\/2814e8a0df7643585a9ca38bc6eb9d4b\",\"name\":\"Reda\u00e7\u00e3o Folha Popular\",\"image\":{\"@type\":\"ImageObject\",\"inLanguage\":\"pt-BR\",\"@id\":\"https:\\\/\\\/folhapopular.info\\\/wp-content\\\/uploads\\\/2026\\\/04\\\/Folha-1.webp\",\"url\":\"https:\\\/\\\/folhapopular.info\\\/wp-content\\\/uploads\\\/2026\\\/04\\\/Folha-1.webp\",\"contentUrl\":\"https:\\\/\\\/folhapopular.info\\\/wp-content\\\/uploads\\\/2026\\\/04\\\/Folha-1.webp\",\"caption\":\"Reda\u00e7\u00e3o Folha Popular\"},\"url\":\"https:\\\/\\\/folhapopular.info\\\/index.php\\\/author\\\/redacao\\\/\"}]}<\/script>\n<!-- \/ Yoast SEO plugin. -->","yoast_head_json":{"title":"Subchefe da Defesa Civil Estadual participa de encontro com representantes do Vale do Taquari - Folha Popular","robots":{"index":"index","follow":"follow","max-snippet":"max-snippet:-1","max-image-preview":"max-image-preview:large","max-video-preview":"max-video-preview:-1"},"canonical":"https:\/\/folhapopular.info\/index.php\/2023\/08\/11\/subchefe-da-defesa-civil-estadual-participa-de-encontro-com-representantes-do-vale-do-taquari\/","og_locale":"pt_BR","og_type":"article","og_title":"Subchefe da Defesa Civil Estadual participa de encontro com representantes do Vale do Taquari - Folha Popular","og_description":"O subchefe da Defesa Civil Estadual, Marcos Vin\u00edcius Gon\u00e7alves Oliveira, participou de um encontro entre representantes da microrregi\u00e3o do Vale do Taquari, em Cruzeiro do Sul, na tarde desta quinta-feira (10\/8). O encontro foi destinado a prefeitos, secret\u00e1rios municipais e representantes da Defesa Civil para debater formas de preven\u00e7\u00e3o em situa\u00e7\u00f5es adversas e a cria\u00e7\u00e3o [&hellip;]","og_url":"https:\/\/folhapopular.info\/index.php\/2023\/08\/11\/subchefe-da-defesa-civil-estadual-participa-de-encontro-com-representantes-do-vale-do-taquari\/","og_site_name":"Folha Popular","article_published_time":"2023-08-11T10:00:00+00:00","og_image":[{"width":2560,"height":1707,"url":"https:\/\/folhapopular.info\/wp-content\/uploads\/2023\/08\/Reuniao-Defesa-Civil-1-scaled.jpg","type":"image\/jpeg"}],"author":"Reda\u00e7\u00e3o Folha Popular","twitter_card":"summary_large_image","twitter_misc":{"Escrito por":"Reda\u00e7\u00e3o Folha Popular","Est. tempo de leitura":"2 minutos"},"schema":{"@context":"https:\/\/schema.org","@graph":[{"@type":"Article","@id":"https:\/\/folhapopular.info\/index.php\/2023\/08\/11\/subchefe-da-defesa-civil-estadual-participa-de-encontro-com-representantes-do-vale-do-taquari\/#article","isPartOf":{"@id":"https:\/\/folhapopular.info\/index.php\/2023\/08\/11\/subchefe-da-defesa-civil-estadual-participa-de-encontro-com-representantes-do-vale-do-taquari\/"},"author":{"name":"Reda\u00e7\u00e3o Folha Popular","@id":"https:\/\/folhapopular.info\/#\/schema\/person\/2814e8a0df7643585a9ca38bc6eb9d4b"},"headline":"Subchefe da Defesa Civil Estadual participa de encontro com representantes do Vale do Taquari","datePublished":"2023-08-11T10:00:00+00:00","mainEntityOfPage":{"@id":"https:\/\/folhapopular.info\/index.php\/2023\/08\/11\/subchefe-da-defesa-civil-estadual-participa-de-encontro-com-representantes-do-vale-do-taquari\/"},"wordCount":224,"commentCount":0,"image":{"@id":"https:\/\/folhapopular.info\/index.php\/2023\/08\/11\/subchefe-da-defesa-civil-estadual-participa-de-encontro-com-representantes-do-vale-do-taquari\/#primaryimage"},"thumbnailUrl":"https:\/\/folhapopular.info\/wp-content\/uploads\/2023\/08\/Reuniao-Defesa-Civil-1-scaled.jpg","articleSection":["Destaques","Geral"],"inLanguage":"pt-BR","potentialAction":[{"@type":"CommentAction","name":"Comment","target":["https:\/\/folhapopular.info\/index.php\/2023\/08\/11\/subchefe-da-defesa-civil-estadual-participa-de-encontro-com-representantes-do-vale-do-taquari\/#respond"]}]},{"@type":"WebPage","@id":"https:\/\/folhapopular.info\/index.php\/2023\/08\/11\/subchefe-da-defesa-civil-estadual-participa-de-encontro-com-representantes-do-vale-do-taquari\/","url":"https:\/\/folhapopular.info\/index.php\/2023\/08\/11\/subchefe-da-defesa-civil-estadual-participa-de-encontro-com-representantes-do-vale-do-taquari\/","name":"Subchefe da Defesa Civil Estadual participa de encontro com representantes do Vale do Taquari - Folha Popular","isPartOf":{"@id":"https:\/\/folhapopular.info\/#website"},"primaryImageOfPage":{"@id":"https:\/\/folhapopular.info\/index.php\/2023\/08\/11\/subchefe-da-defesa-civil-estadual-participa-de-encontro-com-representantes-do-vale-do-taquari\/#primaryimage"},"image":{"@id":"https:\/\/folhapopular.info\/index.php\/2023\/08\/11\/subchefe-da-defesa-civil-estadual-participa-de-encontro-com-representantes-do-vale-do-taquari\/#primaryimage"},"thumbnailUrl":"https:\/\/folhapopular.info\/wp-content\/uploads\/2023\/08\/Reuniao-Defesa-Civil-1-scaled.jpg","datePublished":"2023-08-11T10:00:00+00:00","author":{"@id":"https:\/\/folhapopular.info\/#\/schema\/person\/2814e8a0df7643585a9ca38bc6eb9d4b"},"breadcrumb":{"@id":"https:\/\/folhapopular.info\/index.php\/2023\/08\/11\/subchefe-da-defesa-civil-estadual-participa-de-encontro-com-representantes-do-vale-do-taquari\/#breadcrumb"},"inLanguage":"pt-BR","potentialAction":[{"@type":"ReadAction","target":["https:\/\/folhapopular.info\/index.php\/2023\/08\/11\/subchefe-da-defesa-civil-estadual-participa-de-encontro-com-representantes-do-vale-do-taquari\/"]}]},{"@type":"ImageObject","inLanguage":"pt-BR","@id":"https:\/\/folhapopular.info\/index.php\/2023\/08\/11\/subchefe-da-defesa-civil-estadual-participa-de-encontro-com-representantes-do-vale-do-taquari\/#primaryimage","url":"https:\/\/folhapopular.info\/wp-content\/uploads\/2023\/08\/Reuniao-Defesa-Civil-1-scaled.jpg","contentUrl":"https:\/\/folhapopular.info\/wp-content\/uploads\/2023\/08\/Reuniao-Defesa-Civil-1-scaled.jpg","width":2560,"height":1707,"caption":"Cr\u00e9dito: AI Prefeitura de Lajeado \/ Divulga\u00e7\u00e3o"},{"@type":"BreadcrumbList","@id":"https:\/\/folhapopular.info\/index.php\/2023\/08\/11\/subchefe-da-defesa-civil-estadual-participa-de-encontro-com-representantes-do-vale-do-taquari\/#breadcrumb","itemListElement":[{"@type":"ListItem","position":1,"name":"In\u00edcio","item":"https:\/\/folhapopular.info\/"},{"@type":"ListItem","position":2,"name":"Subchefe da Defesa Civil Estadual participa de encontro com representantes do Vale do Taquari"}]},{"@type":"WebSite","@id":"https:\/\/folhapopular.info\/#website","url":"https:\/\/folhapopular.info\/","name":"Folha Popular","description":"Onde voc\u00ea tem vez e voz","potentialAction":[{"@type":"SearchAction","target":{"@type":"EntryPoint","urlTemplate":"https:\/\/folhapopular.info\/?s={search_term_string}"},"query-input":{"@type":"PropertyValueSpecification","valueRequired":true,"valueName":"search_term_string"}}],"inLanguage":"pt-BR"},{"@type":"Person","@id":"https:\/\/folhapopular.info\/#\/schema\/person\/2814e8a0df7643585a9ca38bc6eb9d4b","name":"Reda\u00e7\u00e3o Folha Popular","image":{"@type":"ImageObject","inLanguage":"pt-BR","@id":"https:\/\/folhapopular.info\/wp-content\/uploads\/2026\/04\/Folha-1.webp","url":"https:\/\/folhapopular.info\/wp-content\/uploads\/2026\/04\/Folha-1.webp","contentUrl":"https:\/\/folhapopular.info\/wp-content\/uploads\/2026\/04\/Folha-1.webp","caption":"Reda\u00e7\u00e3o Folha Popular"},"url":"https:\/\/folhapopular.info\/index.php\/author\/redacao\/"}]}},"jetpack_featured_media_url":"https:\/\/folhapopular.info\/wp-content\/uploads\/2023\/08\/Reuniao-Defesa-Civil-1-scaled.jpg","jetpack_sharing_enabled":true,"amp_enabled":true,"_links":{"self":[{"href":"https:\/\/folhapopular.info\/index.php\/wp-json\/wp\/v2\/posts\/137326","targetHints":{"allow":["GET"]}}],"collection":[{"href":"https:\/\/folhapopular.info\/index.php\/wp-json\/wp\/v2\/posts"}],"about":[{"href":"https:\/\/folhapopular.info\/index.php\/wp-json\/wp\/v2\/types\/post"}],"author":[{"embeddable":true,"href":"https:\/\/folhapopular.info\/index.php\/wp-json\/wp\/v2\/users\/8"}],"replies":[{"embeddable":true,"href":"https:\/\/folhapopular.info\/index.php\/wp-json\/wp\/v2\/comments?post=137326"}],"version-history":[{"count":0,"href":"https:\/\/folhapopular.info\/index.php\/wp-json\/wp\/v2\/posts\/137326\/revisions"}],"wp:featuredmedia":[{"embeddable":true,"href":"https:\/\/folhapopular.info\/index.php\/wp-json\/wp\/v2\/media\/137327"}],"wp:attachment":[{"href":"https:\/\/folhapopular.info\/index.php\/wp-json\/wp\/v2\/media?parent=137326"}],"wp:term":[{"taxonomy":"category","embeddable":true,"href":"https:\/\/folhapopular.info\/index.php\/wp-json\/wp\/v2\/categories?post=137326"},{"taxonomy":"post_tag","embeddable":true,"href":"https:\/\/folhapopular.info\/index.php\/wp-json\/wp\/v2\/tags?post=137326"}],"curies":[{"name":"wp","href":"https:\/\/api.w.org\/{rel}","templated":true}]}}