{"id":137442,"date":"2023-08-11T17:20:00","date_gmt":"2023-08-11T20:20:00","guid":{"rendered":"https:\/\/folhapopular.info\/?p=137442"},"modified":"2023-08-11T16:46:09","modified_gmt":"2023-08-11T19:46:09","slug":"apesar-de-subir-em-valor-volume-das-exportacoes-gauchas-em-julho-diminuiu-segundo-farsul","status":"publish","type":"post","link":"https:\/\/folhapopular.info\/index.php\/2023\/08\/11\/apesar-de-subir-em-valor-volume-das-exportacoes-gauchas-em-julho-diminuiu-segundo-farsul\/","title":{"rendered":"Apesar de subir em valor, volume das exporta\u00e7\u00f5es ga\u00fachas em julho diminuiu, segundo Farsul"},"content":{"rendered":"\n<p>A Federa\u00e7\u00e3o da Agricultura do Estado do Rio Grande do Sul\u00a0(Farsul) divulgou, nesta quinta-feira (10\/8), os <a href=\"https:\/\/www.farsul.org.br\/files\/ef35f45d62d323d4866d4db0acea1f8a\/midia_document\/20230810\/FARSUL-RelatA-rio-Comex-07-Julho-2023.pdf\" target=\"_blank\" rel=\"noreferrer noopener\">resultados das exporta\u00e7\u00f5es ga\u00fachas do m\u00eas de julho<\/a>. Conforme o Relat\u00f3rio de Com\u00e9rcio Exterior do Agroneg\u00f3cio, em compara\u00e7\u00e3o com o m\u00eas anterior (junho), houve um aumento de 4% no valor das exporta\u00e7\u00f5es, mas uma queda de 2% no volume exportado pelo agroneg\u00f3cio ga\u00facho.<\/p>\n\n\n\n<p>Na rela\u00e7\u00e3o com o mesmo per\u00edodo de 2022, houve queda de 4% no valor exportado (US$ 1,2 bilh\u00e3o em 2023, contra US$1,3 bilh\u00e3o em 2022) e uma diminui\u00e7\u00e3o no volume (1,5 milh\u00e3o de toneladas em 2023 contra 1,6 milh\u00e3o de toneladas em 2022). <\/p>\n\n\n\n<p>O agroneg\u00f3cio respondeu por 69% do valor total exportado pelo Estado, e 88% do volume. O acumulado do ano \u00e9 de US$ 8,1 bilh\u00f5es, valor 1% superior ao per\u00edodo no ano passado. Em volume, no acumulado, houve queda de 2%, totalizando 11,7 milh\u00f5es de toneladas.<\/p>\n\n\n\n<p>Os principais parceiros comerciais do Rio Grande do Sul no per\u00edodo foram a \u00c1sia (sem o Oriente M\u00e9dio), com US$ 565 milh\u00f5es e 853 mil toneladas, e a Europa, que atingiu US$ 301 milh\u00f5es, sendo US$ 249 milh\u00f5es para a Uni\u00e3o Europeia. Em seguida esteve o Oriente M\u00e9dio, com US$ 87 milh\u00f5es, a Am\u00e9rica do Norte, com US$ 106 milh\u00f5es, a Am\u00e9rica do Sul com US$ 80 milh\u00f5es, a \u00c1frica com US$ 59 milh\u00f5es, a Oceania com US$ 2 milh\u00f5es e a Am\u00e9rica Central e Caribe, com US$ 32 milh\u00f5es.<\/p>\n\n\n\n<p>Quanto aos pa\u00edses, a China aparece em primeiro lugar com US$ 331 milh\u00f5es e participa\u00e7\u00e3o de 26,7% no valor. Em segundo lugar temos Estados Unidos com 6,9%, B\u00e9lgica com 6,2%, Vietn\u00e3 com 6,1% e Coreia do Sul com 4,7%.<\/p>\n\n\n\n<p>As importa\u00e7\u00f5es feitas pelo setor apontam que o grupo dos adubos (fertilizantes) e seus ingredientes passou de US$ 433 milh\u00f5es em julho de 2022 para US$ 257 milh\u00f5es em julho de 2023, queda de 41% no valor. J\u00e1 no volume, passou de 566 mil para 741 mil toneladas, um aumento de 31%. No comparativo com o m\u00eas anterior, houve aumento de 41% no valor e 57% no volume.<\/p>\n","protected":false},"excerpt":{"rendered":"<p>A Federa\u00e7\u00e3o da Agricultura do Estado do Rio Grande do Sul\u00a0(Farsul) divulgou, nesta quinta-feira (10\/8), os resultados das exporta\u00e7\u00f5es ga\u00fachas do m\u00eas de julho. Conforme o Relat\u00f3rio de Com\u00e9rcio Exterior do Agroneg\u00f3cio, em compara\u00e7\u00e3o com o m\u00eas anterior (junho), houve um aumento de 4% no valor das exporta\u00e7\u00f5es, mas uma queda de 2% no volume [&hellip;]<\/p>\n","protected":false},"author":8,"featured_media":137443,"comment_status":"open","ping_status":"open","sticky":false,"template":"","format":"standard","meta":{"pmpro_default_level":"","_jetpack_memberships_contains_paid_content":false,"footnotes":""},"categories":[2,10991,12473],"tags":[6040,12923,10627],"class_list":{"0":"post-137442","1":"post","2":"type-post","3":"status-publish","4":"format-standard","5":"has-post-thumbnail","7":"category-featured","8":"category-economia","9":"category-negocios","10":"tag-agronegocio","11":"tag-exportacoes-gauchas","12":"tag-farsul","13":"pmpro-has-access"},"yoast_head":"<!-- This site is optimized with the Yoast SEO plugin v27.5 - https:\/\/yoast.com\/product\/yoast-seo-wordpress\/ -->\n<title>Apesar de subir em valor, volume das exporta\u00e7\u00f5es ga\u00fachas em julho diminuiu, segundo Farsul - Folha Popular<\/title>\n<meta name=\"robots\" content=\"index, follow, max-snippet:-1, max-image-preview:large, max-video-preview:-1\" \/>\n<link rel=\"canonical\" href=\"https:\/\/folhapopular.info\/index.php\/2023\/08\/11\/apesar-de-subir-em-valor-volume-das-exportacoes-gauchas-em-julho-diminuiu-segundo-farsul\/\" \/>\n<meta property=\"og:locale\" content=\"pt_BR\" \/>\n<meta property=\"og:type\" content=\"article\" \/>\n<meta property=\"og:title\" content=\"Apesar de subir em valor, volume das exporta\u00e7\u00f5es ga\u00fachas em julho diminuiu, segundo Farsul - Folha Popular\" \/>\n<meta property=\"og:description\" content=\"A Federa\u00e7\u00e3o da Agricultura do Estado do Rio Grande do Sul\u00a0(Farsul) divulgou, nesta quinta-feira (10\/8), os resultados das exporta\u00e7\u00f5es ga\u00fachas do m\u00eas de julho. Conforme o Relat\u00f3rio de Com\u00e9rcio Exterior do Agroneg\u00f3cio, em compara\u00e7\u00e3o com o m\u00eas anterior (junho), houve um aumento de 4% no valor das exporta\u00e7\u00f5es, mas uma queda de 2% no volume [&hellip;]\" \/>\n<meta property=\"og:url\" content=\"https:\/\/folhapopular.info\/index.php\/2023\/08\/11\/apesar-de-subir-em-valor-volume-das-exportacoes-gauchas-em-julho-diminuiu-segundo-farsul\/\" \/>\n<meta property=\"og:site_name\" content=\"Folha Popular\" \/>\n<meta property=\"article:published_time\" content=\"2023-08-11T20:20:00+00:00\" \/>\n<meta property=\"og:image\" content=\"https:\/\/folhapopular.info\/wp-content\/uploads\/2023\/08\/pexels-jan-van-der-wolf-9694390.jpg\" \/>\n\t<meta property=\"og:image:width\" content=\"1280\" \/>\n\t<meta property=\"og:image:height\" content=\"853\" \/>\n\t<meta property=\"og:image:type\" content=\"image\/jpeg\" \/>\n<meta name=\"author\" content=\"Reda\u00e7\u00e3o Folha Popular\" \/>\n<meta name=\"twitter:card\" content=\"summary_large_image\" \/>\n<meta name=\"twitter:label1\" content=\"Escrito por\" \/>\n\t<meta name=\"twitter:data1\" content=\"Reda\u00e7\u00e3o Folha Popular\" \/>\n\t<meta name=\"twitter:label2\" content=\"Est. tempo de leitura\" \/>\n\t<meta name=\"twitter:data2\" content=\"2 minutos\" \/>\n<script type=\"application\/ld+json\" class=\"yoast-schema-graph\">{\"@context\":\"https:\\\/\\\/schema.org\",\"@graph\":[{\"@type\":\"Article\",\"@id\":\"https:\\\/\\\/folhapopular.info\\\/index.php\\\/2023\\\/08\\\/11\\\/apesar-de-subir-em-valor-volume-das-exportacoes-gauchas-em-julho-diminuiu-segundo-farsul\\\/#article\",\"isPartOf\":{\"@id\":\"https:\\\/\\\/folhapopular.info\\\/index.php\\\/2023\\\/08\\\/11\\\/apesar-de-subir-em-valor-volume-das-exportacoes-gauchas-em-julho-diminuiu-segundo-farsul\\\/\"},\"author\":{\"name\":\"Reda\u00e7\u00e3o Folha Popular\",\"@id\":\"https:\\\/\\\/folhapopular.info\\\/#\\\/schema\\\/person\\\/2814e8a0df7643585a9ca38bc6eb9d4b\"},\"headline\":\"Apesar de subir em valor, volume das exporta\u00e7\u00f5es ga\u00fachas em julho diminuiu, segundo Farsul\",\"datePublished\":\"2023-08-11T20:20:00+00:00\",\"mainEntityOfPage\":{\"@id\":\"https:\\\/\\\/folhapopular.info\\\/index.php\\\/2023\\\/08\\\/11\\\/apesar-de-subir-em-valor-volume-das-exportacoes-gauchas-em-julho-diminuiu-segundo-farsul\\\/\"},\"wordCount\":363,\"commentCount\":0,\"image\":{\"@id\":\"https:\\\/\\\/folhapopular.info\\\/index.php\\\/2023\\\/08\\\/11\\\/apesar-de-subir-em-valor-volume-das-exportacoes-gauchas-em-julho-diminuiu-segundo-farsul\\\/#primaryimage\"},\"thumbnailUrl\":\"https:\\\/\\\/folhapopular.info\\\/wp-content\\\/uploads\\\/2023\\\/08\\\/pexels-jan-van-der-wolf-9694390.jpg\",\"keywords\":[\"Agroneg\u00f3cio\",\"exporta\u00e7\u00f5es ga\u00fachas\",\"FARSUL\"],\"articleSection\":[\"Destaques\",\"Economia\",\"Neg\u00f3cios\"],\"inLanguage\":\"pt-BR\",\"potentialAction\":[{\"@type\":\"CommentAction\",\"name\":\"Comment\",\"target\":[\"https:\\\/\\\/folhapopular.info\\\/index.php\\\/2023\\\/08\\\/11\\\/apesar-de-subir-em-valor-volume-das-exportacoes-gauchas-em-julho-diminuiu-segundo-farsul\\\/#respond\"]}]},{\"@type\":\"WebPage\",\"@id\":\"https:\\\/\\\/folhapopular.info\\\/index.php\\\/2023\\\/08\\\/11\\\/apesar-de-subir-em-valor-volume-das-exportacoes-gauchas-em-julho-diminuiu-segundo-farsul\\\/\",\"url\":\"https:\\\/\\\/folhapopular.info\\\/index.php\\\/2023\\\/08\\\/11\\\/apesar-de-subir-em-valor-volume-das-exportacoes-gauchas-em-julho-diminuiu-segundo-farsul\\\/\",\"name\":\"Apesar de subir em valor, volume das exporta\u00e7\u00f5es ga\u00fachas em julho diminuiu, segundo Farsul - Folha Popular\",\"isPartOf\":{\"@id\":\"https:\\\/\\\/folhapopular.info\\\/#website\"},\"primaryImageOfPage\":{\"@id\":\"https:\\\/\\\/folhapopular.info\\\/index.php\\\/2023\\\/08\\\/11\\\/apesar-de-subir-em-valor-volume-das-exportacoes-gauchas-em-julho-diminuiu-segundo-farsul\\\/#primaryimage\"},\"image\":{\"@id\":\"https:\\\/\\\/folhapopular.info\\\/index.php\\\/2023\\\/08\\\/11\\\/apesar-de-subir-em-valor-volume-das-exportacoes-gauchas-em-julho-diminuiu-segundo-farsul\\\/#primaryimage\"},\"thumbnailUrl\":\"https:\\\/\\\/folhapopular.info\\\/wp-content\\\/uploads\\\/2023\\\/08\\\/pexels-jan-van-der-wolf-9694390.jpg\",\"datePublished\":\"2023-08-11T20:20:00+00:00\",\"author\":{\"@id\":\"https:\\\/\\\/folhapopular.info\\\/#\\\/schema\\\/person\\\/2814e8a0df7643585a9ca38bc6eb9d4b\"},\"breadcrumb\":{\"@id\":\"https:\\\/\\\/folhapopular.info\\\/index.php\\\/2023\\\/08\\\/11\\\/apesar-de-subir-em-valor-volume-das-exportacoes-gauchas-em-julho-diminuiu-segundo-farsul\\\/#breadcrumb\"},\"inLanguage\":\"pt-BR\",\"potentialAction\":[{\"@type\":\"ReadAction\",\"target\":[\"https:\\\/\\\/folhapopular.info\\\/index.php\\\/2023\\\/08\\\/11\\\/apesar-de-subir-em-valor-volume-das-exportacoes-gauchas-em-julho-diminuiu-segundo-farsul\\\/\"]}]},{\"@type\":\"ImageObject\",\"inLanguage\":\"pt-BR\",\"@id\":\"https:\\\/\\\/folhapopular.info\\\/index.php\\\/2023\\\/08\\\/11\\\/apesar-de-subir-em-valor-volume-das-exportacoes-gauchas-em-julho-diminuiu-segundo-farsul\\\/#primaryimage\",\"url\":\"https:\\\/\\\/folhapopular.info\\\/wp-content\\\/uploads\\\/2023\\\/08\\\/pexels-jan-van-der-wolf-9694390.jpg\",\"contentUrl\":\"https:\\\/\\\/folhapopular.info\\\/wp-content\\\/uploads\\\/2023\\\/08\\\/pexels-jan-van-der-wolf-9694390.jpg\",\"width\":1280,\"height\":853,\"caption\":\"Cr\u00e9dito: Jan van der Wolf \\\/ Pexels\"},{\"@type\":\"BreadcrumbList\",\"@id\":\"https:\\\/\\\/folhapopular.info\\\/index.php\\\/2023\\\/08\\\/11\\\/apesar-de-subir-em-valor-volume-das-exportacoes-gauchas-em-julho-diminuiu-segundo-farsul\\\/#breadcrumb\",\"itemListElement\":[{\"@type\":\"ListItem\",\"position\":1,\"name\":\"In\u00edcio\",\"item\":\"https:\\\/\\\/folhapopular.info\\\/\"},{\"@type\":\"ListItem\",\"position\":2,\"name\":\"Apesar de subir em valor, volume das exporta\u00e7\u00f5es ga\u00fachas em julho diminuiu, segundo Farsul\"}]},{\"@type\":\"WebSite\",\"@id\":\"https:\\\/\\\/folhapopular.info\\\/#website\",\"url\":\"https:\\\/\\\/folhapopular.info\\\/\",\"name\":\"Folha Popular\",\"description\":\"Onde voc\u00ea tem vez e voz\",\"potentialAction\":[{\"@type\":\"SearchAction\",\"target\":{\"@type\":\"EntryPoint\",\"urlTemplate\":\"https:\\\/\\\/folhapopular.info\\\/?s={search_term_string}\"},\"query-input\":{\"@type\":\"PropertyValueSpecification\",\"valueRequired\":true,\"valueName\":\"search_term_string\"}}],\"inLanguage\":\"pt-BR\"},{\"@type\":\"Person\",\"@id\":\"https:\\\/\\\/folhapopular.info\\\/#\\\/schema\\\/person\\\/2814e8a0df7643585a9ca38bc6eb9d4b\",\"name\":\"Reda\u00e7\u00e3o Folha Popular\",\"image\":{\"@type\":\"ImageObject\",\"inLanguage\":\"pt-BR\",\"@id\":\"https:\\\/\\\/folhapopular.info\\\/wp-content\\\/uploads\\\/2026\\\/04\\\/Folha-1.webp\",\"url\":\"https:\\\/\\\/folhapopular.info\\\/wp-content\\\/uploads\\\/2026\\\/04\\\/Folha-1.webp\",\"contentUrl\":\"https:\\\/\\\/folhapopular.info\\\/wp-content\\\/uploads\\\/2026\\\/04\\\/Folha-1.webp\",\"caption\":\"Reda\u00e7\u00e3o Folha Popular\"},\"url\":\"https:\\\/\\\/folhapopular.info\\\/index.php\\\/author\\\/redacao\\\/\"}]}<\/script>\n<!-- \/ Yoast SEO plugin. -->","yoast_head_json":{"title":"Apesar de subir em valor, volume das exporta\u00e7\u00f5es ga\u00fachas em julho diminuiu, segundo Farsul - Folha Popular","robots":{"index":"index","follow":"follow","max-snippet":"max-snippet:-1","max-image-preview":"max-image-preview:large","max-video-preview":"max-video-preview:-1"},"canonical":"https:\/\/folhapopular.info\/index.php\/2023\/08\/11\/apesar-de-subir-em-valor-volume-das-exportacoes-gauchas-em-julho-diminuiu-segundo-farsul\/","og_locale":"pt_BR","og_type":"article","og_title":"Apesar de subir em valor, volume das exporta\u00e7\u00f5es ga\u00fachas em julho diminuiu, segundo Farsul - Folha Popular","og_description":"A Federa\u00e7\u00e3o da Agricultura do Estado do Rio Grande do Sul\u00a0(Farsul) divulgou, nesta quinta-feira (10\/8), os resultados das exporta\u00e7\u00f5es ga\u00fachas do m\u00eas de julho. Conforme o Relat\u00f3rio de Com\u00e9rcio Exterior do Agroneg\u00f3cio, em compara\u00e7\u00e3o com o m\u00eas anterior (junho), houve um aumento de 4% no valor das exporta\u00e7\u00f5es, mas uma queda de 2% no volume [&hellip;]","og_url":"https:\/\/folhapopular.info\/index.php\/2023\/08\/11\/apesar-de-subir-em-valor-volume-das-exportacoes-gauchas-em-julho-diminuiu-segundo-farsul\/","og_site_name":"Folha Popular","article_published_time":"2023-08-11T20:20:00+00:00","og_image":[{"width":1280,"height":853,"url":"https:\/\/folhapopular.info\/wp-content\/uploads\/2023\/08\/pexels-jan-van-der-wolf-9694390.jpg","type":"image\/jpeg"}],"author":"Reda\u00e7\u00e3o Folha Popular","twitter_card":"summary_large_image","twitter_misc":{"Escrito por":"Reda\u00e7\u00e3o Folha Popular","Est. tempo de leitura":"2 minutos"},"schema":{"@context":"https:\/\/schema.org","@graph":[{"@type":"Article","@id":"https:\/\/folhapopular.info\/index.php\/2023\/08\/11\/apesar-de-subir-em-valor-volume-das-exportacoes-gauchas-em-julho-diminuiu-segundo-farsul\/#article","isPartOf":{"@id":"https:\/\/folhapopular.info\/index.php\/2023\/08\/11\/apesar-de-subir-em-valor-volume-das-exportacoes-gauchas-em-julho-diminuiu-segundo-farsul\/"},"author":{"name":"Reda\u00e7\u00e3o Folha Popular","@id":"https:\/\/folhapopular.info\/#\/schema\/person\/2814e8a0df7643585a9ca38bc6eb9d4b"},"headline":"Apesar de subir em valor, volume das exporta\u00e7\u00f5es ga\u00fachas em julho diminuiu, segundo Farsul","datePublished":"2023-08-11T20:20:00+00:00","mainEntityOfPage":{"@id":"https:\/\/folhapopular.info\/index.php\/2023\/08\/11\/apesar-de-subir-em-valor-volume-das-exportacoes-gauchas-em-julho-diminuiu-segundo-farsul\/"},"wordCount":363,"commentCount":0,"image":{"@id":"https:\/\/folhapopular.info\/index.php\/2023\/08\/11\/apesar-de-subir-em-valor-volume-das-exportacoes-gauchas-em-julho-diminuiu-segundo-farsul\/#primaryimage"},"thumbnailUrl":"https:\/\/folhapopular.info\/wp-content\/uploads\/2023\/08\/pexels-jan-van-der-wolf-9694390.jpg","keywords":["Agroneg\u00f3cio","exporta\u00e7\u00f5es ga\u00fachas","FARSUL"],"articleSection":["Destaques","Economia","Neg\u00f3cios"],"inLanguage":"pt-BR","potentialAction":[{"@type":"CommentAction","name":"Comment","target":["https:\/\/folhapopular.info\/index.php\/2023\/08\/11\/apesar-de-subir-em-valor-volume-das-exportacoes-gauchas-em-julho-diminuiu-segundo-farsul\/#respond"]}]},{"@type":"WebPage","@id":"https:\/\/folhapopular.info\/index.php\/2023\/08\/11\/apesar-de-subir-em-valor-volume-das-exportacoes-gauchas-em-julho-diminuiu-segundo-farsul\/","url":"https:\/\/folhapopular.info\/index.php\/2023\/08\/11\/apesar-de-subir-em-valor-volume-das-exportacoes-gauchas-em-julho-diminuiu-segundo-farsul\/","name":"Apesar de subir em valor, volume das exporta\u00e7\u00f5es ga\u00fachas em julho diminuiu, segundo Farsul - Folha Popular","isPartOf":{"@id":"https:\/\/folhapopular.info\/#website"},"primaryImageOfPage":{"@id":"https:\/\/folhapopular.info\/index.php\/2023\/08\/11\/apesar-de-subir-em-valor-volume-das-exportacoes-gauchas-em-julho-diminuiu-segundo-farsul\/#primaryimage"},"image":{"@id":"https:\/\/folhapopular.info\/index.php\/2023\/08\/11\/apesar-de-subir-em-valor-volume-das-exportacoes-gauchas-em-julho-diminuiu-segundo-farsul\/#primaryimage"},"thumbnailUrl":"https:\/\/folhapopular.info\/wp-content\/uploads\/2023\/08\/pexels-jan-van-der-wolf-9694390.jpg","datePublished":"2023-08-11T20:20:00+00:00","author":{"@id":"https:\/\/folhapopular.info\/#\/schema\/person\/2814e8a0df7643585a9ca38bc6eb9d4b"},"breadcrumb":{"@id":"https:\/\/folhapopular.info\/index.php\/2023\/08\/11\/apesar-de-subir-em-valor-volume-das-exportacoes-gauchas-em-julho-diminuiu-segundo-farsul\/#breadcrumb"},"inLanguage":"pt-BR","potentialAction":[{"@type":"ReadAction","target":["https:\/\/folhapopular.info\/index.php\/2023\/08\/11\/apesar-de-subir-em-valor-volume-das-exportacoes-gauchas-em-julho-diminuiu-segundo-farsul\/"]}]},{"@type":"ImageObject","inLanguage":"pt-BR","@id":"https:\/\/folhapopular.info\/index.php\/2023\/08\/11\/apesar-de-subir-em-valor-volume-das-exportacoes-gauchas-em-julho-diminuiu-segundo-farsul\/#primaryimage","url":"https:\/\/folhapopular.info\/wp-content\/uploads\/2023\/08\/pexels-jan-van-der-wolf-9694390.jpg","contentUrl":"https:\/\/folhapopular.info\/wp-content\/uploads\/2023\/08\/pexels-jan-van-der-wolf-9694390.jpg","width":1280,"height":853,"caption":"Cr\u00e9dito: Jan van der Wolf \/ Pexels"},{"@type":"BreadcrumbList","@id":"https:\/\/folhapopular.info\/index.php\/2023\/08\/11\/apesar-de-subir-em-valor-volume-das-exportacoes-gauchas-em-julho-diminuiu-segundo-farsul\/#breadcrumb","itemListElement":[{"@type":"ListItem","position":1,"name":"In\u00edcio","item":"https:\/\/folhapopular.info\/"},{"@type":"ListItem","position":2,"name":"Apesar de subir em valor, volume das exporta\u00e7\u00f5es ga\u00fachas em julho diminuiu, segundo Farsul"}]},{"@type":"WebSite","@id":"https:\/\/folhapopular.info\/#website","url":"https:\/\/folhapopular.info\/","name":"Folha Popular","description":"Onde voc\u00ea tem vez e voz","potentialAction":[{"@type":"SearchAction","target":{"@type":"EntryPoint","urlTemplate":"https:\/\/folhapopular.info\/?s={search_term_string}"},"query-input":{"@type":"PropertyValueSpecification","valueRequired":true,"valueName":"search_term_string"}}],"inLanguage":"pt-BR"},{"@type":"Person","@id":"https:\/\/folhapopular.info\/#\/schema\/person\/2814e8a0df7643585a9ca38bc6eb9d4b","name":"Reda\u00e7\u00e3o Folha Popular","image":{"@type":"ImageObject","inLanguage":"pt-BR","@id":"https:\/\/folhapopular.info\/wp-content\/uploads\/2026\/04\/Folha-1.webp","url":"https:\/\/folhapopular.info\/wp-content\/uploads\/2026\/04\/Folha-1.webp","contentUrl":"https:\/\/folhapopular.info\/wp-content\/uploads\/2026\/04\/Folha-1.webp","caption":"Reda\u00e7\u00e3o Folha Popular"},"url":"https:\/\/folhapopular.info\/index.php\/author\/redacao\/"}]}},"jetpack_featured_media_url":"https:\/\/folhapopular.info\/wp-content\/uploads\/2023\/08\/pexels-jan-van-der-wolf-9694390.jpg","jetpack_sharing_enabled":true,"amp_enabled":true,"_links":{"self":[{"href":"https:\/\/folhapopular.info\/index.php\/wp-json\/wp\/v2\/posts\/137442","targetHints":{"allow":["GET"]}}],"collection":[{"href":"https:\/\/folhapopular.info\/index.php\/wp-json\/wp\/v2\/posts"}],"about":[{"href":"https:\/\/folhapopular.info\/index.php\/wp-json\/wp\/v2\/types\/post"}],"author":[{"embeddable":true,"href":"https:\/\/folhapopular.info\/index.php\/wp-json\/wp\/v2\/users\/8"}],"replies":[{"embeddable":true,"href":"https:\/\/folhapopular.info\/index.php\/wp-json\/wp\/v2\/comments?post=137442"}],"version-history":[{"count":0,"href":"https:\/\/folhapopular.info\/index.php\/wp-json\/wp\/v2\/posts\/137442\/revisions"}],"wp:featuredmedia":[{"embeddable":true,"href":"https:\/\/folhapopular.info\/index.php\/wp-json\/wp\/v2\/media\/137443"}],"wp:attachment":[{"href":"https:\/\/folhapopular.info\/index.php\/wp-json\/wp\/v2\/media?parent=137442"}],"wp:term":[{"taxonomy":"category","embeddable":true,"href":"https:\/\/folhapopular.info\/index.php\/wp-json\/wp\/v2\/categories?post=137442"},{"taxonomy":"post_tag","embeddable":true,"href":"https:\/\/folhapopular.info\/index.php\/wp-json\/wp\/v2\/tags?post=137442"}],"curies":[{"name":"wp","href":"https:\/\/api.w.org\/{rel}","templated":true}]}}