{"id":137662,"date":"2023-08-15T10:48:22","date_gmt":"2023-08-15T13:48:22","guid":{"rendered":"https:\/\/folhapopular.info\/?p=137662"},"modified":"2023-08-15T13:24:41","modified_gmt":"2023-08-15T16:24:41","slug":"comercio-westfaliano-recebe-identificacao-de-estabelecimentos-amigos-dos-autistas","status":"publish","type":"post","link":"https:\/\/folhapopular.info\/index.php\/2023\/08\/15\/comercio-westfaliano-recebe-identificacao-de-estabelecimentos-amigos-dos-autistas\/","title":{"rendered":"Com\u00e9rcio westfaliano recebe identifica\u00e7\u00e3o de estabelecimentos amigos dos autistas"},"content":{"rendered":"\n<p>A primeira a\u00e7\u00e3o da 10\u00aa Campanha Municipal de Mobiliza\u00e7\u00e3o para o M\u00eas da Pessoa com Defici\u00eancia foi realizada na sexta-feira (11\/8) em Westf\u00e1lia. Na ocasi\u00e3o, o com\u00e9rcio westfaliano recebeu os materiais de identifica\u00e7\u00e3o de Estabelecimento Amigo dos Autistas, que prev\u00ea atendimento priorit\u00e1rio ao p\u00fablico com Transtorno do Espectro Autista (TEA).<\/p>\n\n\n\n<p>A a\u00e7\u00e3o iniciou pela Prefeitura, oportunidade em que o prefeito Joacir Ant\u00f4nio Docena recebeu o material de representantes das secretarias de Educa\u00e7\u00e3o, Cultura, Turismo e Desporto e de Sa\u00fade, Trabalho, Habita\u00e7\u00e3o e Assist\u00eancia Social. Ap\u00f3s, os estabelecimentos comerciais foram visitados e receberam a placa de identifica\u00e7\u00e3o, bem como a legisla\u00e7\u00e3o correspondente.<\/p>\n\n\n\n<p>A Administra\u00e7\u00e3o Municipal agradeceu a todos os estabelecimentos que receberam as servidoras e prontamente abra\u00e7aram a iniciativa. &#8220;A ades\u00e3o foi integral e, hoje, todos est\u00e3o aptos para oferecer o atendimento preferencial&#8221;, comunica.<\/p>\n\n\n\n<p>A campanha segue at\u00e9 o fim de agosto. Dentre as atividades a serem realizadas ainda neste m\u00eas est\u00e3o:<\/p>\n\n\n\n<ul class=\"wp-block-list\">\n<li>23 de agosto \u2013 Equoterapia em Encantado;<\/li>\n\n\n\n<li>25 de agosto \u2013 Baile da APAE &#8211; Teut\u00f4nia;<\/li>\n\n\n\n<li>31 de agosto \u2013 Reuni\u00e3o com as fam\u00edlias do TEA referente \u00e0 legisla\u00e7\u00e3o.<\/li>\n<\/ul>\n","protected":false},"excerpt":{"rendered":"<p>A primeira a\u00e7\u00e3o da 10\u00aa Campanha Municipal de Mobiliza\u00e7\u00e3o para o M\u00eas da Pessoa com Defici\u00eancia foi realizada na sexta-feira (11\/8) em Westf\u00e1lia. Na ocasi\u00e3o, o com\u00e9rcio westfaliano recebeu os materiais de identifica\u00e7\u00e3o de Estabelecimento Amigo dos Autistas, que prev\u00ea atendimento priorit\u00e1rio ao p\u00fablico com Transtorno do Espectro Autista (TEA). A a\u00e7\u00e3o iniciou pela Prefeitura, [&hellip;]<\/p>\n","protected":false},"author":8,"featured_media":137666,"comment_status":"open","ping_status":"open","sticky":false,"template":"","format":"standard","meta":{"pmpro_default_level":"","_jetpack_memberships_contains_paid_content":false,"footnotes":""},"categories":[2,3],"tags":[12946],"class_list":{"0":"post-137662","1":"post","2":"type-post","3":"status-publish","4":"format-standard","5":"has-post-thumbnail","7":"category-featured","8":"category-geral","9":"tag-10a-campanha-municipal-de-mobilizacao-para-o-mes-da-pessoa-com-deficiencia","10":"pmpro-has-access"},"yoast_head":"<!-- This site is optimized with the Yoast SEO plugin v27.4 - https:\/\/yoast.com\/product\/yoast-seo-wordpress\/ -->\n<title>Com\u00e9rcio westfaliano recebe identifica\u00e7\u00e3o de estabelecimentos amigos dos autistas - Folha Popular<\/title>\n<meta name=\"robots\" content=\"index, follow, max-snippet:-1, max-image-preview:large, max-video-preview:-1\" \/>\n<link rel=\"canonical\" href=\"https:\/\/folhapopular.info\/index.php\/2023\/08\/15\/comercio-westfaliano-recebe-identificacao-de-estabelecimentos-amigos-dos-autistas\/\" \/>\n<meta property=\"og:locale\" content=\"pt_BR\" \/>\n<meta property=\"og:type\" content=\"article\" \/>\n<meta property=\"og:title\" content=\"Com\u00e9rcio westfaliano recebe identifica\u00e7\u00e3o de estabelecimentos amigos dos autistas - Folha Popular\" \/>\n<meta property=\"og:description\" content=\"A primeira a\u00e7\u00e3o da 10\u00aa Campanha Municipal de Mobiliza\u00e7\u00e3o para o M\u00eas da Pessoa com Defici\u00eancia foi realizada na sexta-feira (11\/8) em Westf\u00e1lia. Na ocasi\u00e3o, o com\u00e9rcio westfaliano recebeu os materiais de identifica\u00e7\u00e3o de Estabelecimento Amigo dos Autistas, que prev\u00ea atendimento priorit\u00e1rio ao p\u00fablico com Transtorno do Espectro Autista (TEA). A a\u00e7\u00e3o iniciou pela Prefeitura, [&hellip;]\" \/>\n<meta property=\"og:url\" content=\"https:\/\/folhapopular.info\/index.php\/2023\/08\/15\/comercio-westfaliano-recebe-identificacao-de-estabelecimentos-amigos-dos-autistas\/\" \/>\n<meta property=\"og:site_name\" content=\"Folha Popular\" \/>\n<meta property=\"article:published_time\" content=\"2023-08-15T13:48:22+00:00\" \/>\n<meta property=\"article:modified_time\" content=\"2023-08-15T16:24:41+00:00\" \/>\n<meta property=\"og:image\" content=\"http:\/\/folhapopular.info\/wp-content\/uploads\/2023\/08\/DSC2091-scaled.jpg\" \/>\n\t<meta property=\"og:image:width\" content=\"2560\" \/>\n\t<meta property=\"og:image:height\" content=\"1711\" \/>\n\t<meta property=\"og:image:type\" content=\"image\/jpeg\" \/>\n<meta name=\"author\" content=\"Reda\u00e7\u00e3o Folha Popular\" \/>\n<meta name=\"twitter:card\" content=\"summary_large_image\" \/>\n<meta name=\"twitter:label1\" content=\"Escrito por\" \/>\n\t<meta name=\"twitter:data1\" content=\"Reda\u00e7\u00e3o Folha Popular\" \/>\n\t<meta name=\"twitter:label2\" content=\"Est. tempo de leitura\" \/>\n\t<meta name=\"twitter:data2\" content=\"1 minuto\" \/>\n<script type=\"application\/ld+json\" class=\"yoast-schema-graph\">{\"@context\":\"https:\\\/\\\/schema.org\",\"@graph\":[{\"@type\":\"Article\",\"@id\":\"https:\\\/\\\/folhapopular.info\\\/index.php\\\/2023\\\/08\\\/15\\\/comercio-westfaliano-recebe-identificacao-de-estabelecimentos-amigos-dos-autistas\\\/#article\",\"isPartOf\":{\"@id\":\"https:\\\/\\\/folhapopular.info\\\/index.php\\\/2023\\\/08\\\/15\\\/comercio-westfaliano-recebe-identificacao-de-estabelecimentos-amigos-dos-autistas\\\/\"},\"author\":{\"name\":\"Reda\u00e7\u00e3o Folha Popular\",\"@id\":\"https:\\\/\\\/folhapopular.info\\\/#\\\/schema\\\/person\\\/2814e8a0df7643585a9ca38bc6eb9d4b\"},\"headline\":\"Com\u00e9rcio westfaliano recebe identifica\u00e7\u00e3o de estabelecimentos amigos dos autistas\",\"datePublished\":\"2023-08-15T13:48:22+00:00\",\"dateModified\":\"2023-08-15T16:24:41+00:00\",\"mainEntityOfPage\":{\"@id\":\"https:\\\/\\\/folhapopular.info\\\/index.php\\\/2023\\\/08\\\/15\\\/comercio-westfaliano-recebe-identificacao-de-estabelecimentos-amigos-dos-autistas\\\/\"},\"wordCount\":211,\"commentCount\":0,\"image\":{\"@id\":\"https:\\\/\\\/folhapopular.info\\\/index.php\\\/2023\\\/08\\\/15\\\/comercio-westfaliano-recebe-identificacao-de-estabelecimentos-amigos-dos-autistas\\\/#primaryimage\"},\"thumbnailUrl\":\"https:\\\/\\\/folhapopular.info\\\/wp-content\\\/uploads\\\/2023\\\/08\\\/DSC2091-scaled.jpg\",\"keywords\":[\"10\u00aa Campanha Municipal de Mobiliza\u00e7\u00e3o para o M\u00eas da Pessoa com Defici\u00eancia\"],\"articleSection\":[\"Destaques\",\"Geral\"],\"inLanguage\":\"pt-BR\",\"potentialAction\":[{\"@type\":\"CommentAction\",\"name\":\"Comment\",\"target\":[\"https:\\\/\\\/folhapopular.info\\\/index.php\\\/2023\\\/08\\\/15\\\/comercio-westfaliano-recebe-identificacao-de-estabelecimentos-amigos-dos-autistas\\\/#respond\"]}]},{\"@type\":\"WebPage\",\"@id\":\"https:\\\/\\\/folhapopular.info\\\/index.php\\\/2023\\\/08\\\/15\\\/comercio-westfaliano-recebe-identificacao-de-estabelecimentos-amigos-dos-autistas\\\/\",\"url\":\"https:\\\/\\\/folhapopular.info\\\/index.php\\\/2023\\\/08\\\/15\\\/comercio-westfaliano-recebe-identificacao-de-estabelecimentos-amigos-dos-autistas\\\/\",\"name\":\"Com\u00e9rcio westfaliano recebe identifica\u00e7\u00e3o de estabelecimentos amigos dos autistas - Folha Popular\",\"isPartOf\":{\"@id\":\"https:\\\/\\\/folhapopular.info\\\/#website\"},\"primaryImageOfPage\":{\"@id\":\"https:\\\/\\\/folhapopular.info\\\/index.php\\\/2023\\\/08\\\/15\\\/comercio-westfaliano-recebe-identificacao-de-estabelecimentos-amigos-dos-autistas\\\/#primaryimage\"},\"image\":{\"@id\":\"https:\\\/\\\/folhapopular.info\\\/index.php\\\/2023\\\/08\\\/15\\\/comercio-westfaliano-recebe-identificacao-de-estabelecimentos-amigos-dos-autistas\\\/#primaryimage\"},\"thumbnailUrl\":\"https:\\\/\\\/folhapopular.info\\\/wp-content\\\/uploads\\\/2023\\\/08\\\/DSC2091-scaled.jpg\",\"datePublished\":\"2023-08-15T13:48:22+00:00\",\"dateModified\":\"2023-08-15T16:24:41+00:00\",\"author\":{\"@id\":\"https:\\\/\\\/folhapopular.info\\\/#\\\/schema\\\/person\\\/2814e8a0df7643585a9ca38bc6eb9d4b\"},\"breadcrumb\":{\"@id\":\"https:\\\/\\\/folhapopular.info\\\/index.php\\\/2023\\\/08\\\/15\\\/comercio-westfaliano-recebe-identificacao-de-estabelecimentos-amigos-dos-autistas\\\/#breadcrumb\"},\"inLanguage\":\"pt-BR\",\"potentialAction\":[{\"@type\":\"ReadAction\",\"target\":[\"https:\\\/\\\/folhapopular.info\\\/index.php\\\/2023\\\/08\\\/15\\\/comercio-westfaliano-recebe-identificacao-de-estabelecimentos-amigos-dos-autistas\\\/\"]}]},{\"@type\":\"ImageObject\",\"inLanguage\":\"pt-BR\",\"@id\":\"https:\\\/\\\/folhapopular.info\\\/index.php\\\/2023\\\/08\\\/15\\\/comercio-westfaliano-recebe-identificacao-de-estabelecimentos-amigos-dos-autistas\\\/#primaryimage\",\"url\":\"https:\\\/\\\/folhapopular.info\\\/wp-content\\\/uploads\\\/2023\\\/08\\\/DSC2091-scaled.jpg\",\"contentUrl\":\"https:\\\/\\\/folhapopular.info\\\/wp-content\\\/uploads\\\/2023\\\/08\\\/DSC2091-scaled.jpg\",\"width\":2560,\"height\":1711,\"caption\":\"Cr\u00e9dito: Paloma Driemeyer Valandro \\\/ AI Prefeitura de Westf\u00e1lia\"},{\"@type\":\"BreadcrumbList\",\"@id\":\"https:\\\/\\\/folhapopular.info\\\/index.php\\\/2023\\\/08\\\/15\\\/comercio-westfaliano-recebe-identificacao-de-estabelecimentos-amigos-dos-autistas\\\/#breadcrumb\",\"itemListElement\":[{\"@type\":\"ListItem\",\"position\":1,\"name\":\"In\u00edcio\",\"item\":\"https:\\\/\\\/folhapopular.info\\\/\"},{\"@type\":\"ListItem\",\"position\":2,\"name\":\"Com\u00e9rcio westfaliano recebe identifica\u00e7\u00e3o de estabelecimentos amigos dos autistas\"}]},{\"@type\":\"WebSite\",\"@id\":\"https:\\\/\\\/folhapopular.info\\\/#website\",\"url\":\"https:\\\/\\\/folhapopular.info\\\/\",\"name\":\"Folha Popular\",\"description\":\"Onde voc\u00ea tem vez e voz\",\"potentialAction\":[{\"@type\":\"SearchAction\",\"target\":{\"@type\":\"EntryPoint\",\"urlTemplate\":\"https:\\\/\\\/folhapopular.info\\\/?s={search_term_string}\"},\"query-input\":{\"@type\":\"PropertyValueSpecification\",\"valueRequired\":true,\"valueName\":\"search_term_string\"}}],\"inLanguage\":\"pt-BR\"},{\"@type\":\"Person\",\"@id\":\"https:\\\/\\\/folhapopular.info\\\/#\\\/schema\\\/person\\\/2814e8a0df7643585a9ca38bc6eb9d4b\",\"name\":\"Reda\u00e7\u00e3o Folha Popular\",\"image\":{\"@type\":\"ImageObject\",\"inLanguage\":\"pt-BR\",\"@id\":\"https:\\\/\\\/folhapopular.info\\\/wp-content\\\/uploads\\\/2026\\\/04\\\/Folha-1.webp\",\"url\":\"https:\\\/\\\/folhapopular.info\\\/wp-content\\\/uploads\\\/2026\\\/04\\\/Folha-1.webp\",\"contentUrl\":\"https:\\\/\\\/folhapopular.info\\\/wp-content\\\/uploads\\\/2026\\\/04\\\/Folha-1.webp\",\"caption\":\"Reda\u00e7\u00e3o Folha Popular\"},\"url\":\"https:\\\/\\\/folhapopular.info\\\/index.php\\\/author\\\/redacao\\\/\"}]}<\/script>\n<!-- \/ Yoast SEO plugin. -->","yoast_head_json":{"title":"Com\u00e9rcio westfaliano recebe identifica\u00e7\u00e3o de estabelecimentos amigos dos autistas - Folha Popular","robots":{"index":"index","follow":"follow","max-snippet":"max-snippet:-1","max-image-preview":"max-image-preview:large","max-video-preview":"max-video-preview:-1"},"canonical":"https:\/\/folhapopular.info\/index.php\/2023\/08\/15\/comercio-westfaliano-recebe-identificacao-de-estabelecimentos-amigos-dos-autistas\/","og_locale":"pt_BR","og_type":"article","og_title":"Com\u00e9rcio westfaliano recebe identifica\u00e7\u00e3o de estabelecimentos amigos dos autistas - Folha Popular","og_description":"A primeira a\u00e7\u00e3o da 10\u00aa Campanha Municipal de Mobiliza\u00e7\u00e3o para o M\u00eas da Pessoa com Defici\u00eancia foi realizada na sexta-feira (11\/8) em Westf\u00e1lia. Na ocasi\u00e3o, o com\u00e9rcio westfaliano recebeu os materiais de identifica\u00e7\u00e3o de Estabelecimento Amigo dos Autistas, que prev\u00ea atendimento priorit\u00e1rio ao p\u00fablico com Transtorno do Espectro Autista (TEA). A a\u00e7\u00e3o iniciou pela Prefeitura, [&hellip;]","og_url":"https:\/\/folhapopular.info\/index.php\/2023\/08\/15\/comercio-westfaliano-recebe-identificacao-de-estabelecimentos-amigos-dos-autistas\/","og_site_name":"Folha Popular","article_published_time":"2023-08-15T13:48:22+00:00","article_modified_time":"2023-08-15T16:24:41+00:00","og_image":[{"width":2560,"height":1711,"url":"http:\/\/folhapopular.info\/wp-content\/uploads\/2023\/08\/DSC2091-scaled.jpg","type":"image\/jpeg"}],"author":"Reda\u00e7\u00e3o Folha Popular","twitter_card":"summary_large_image","twitter_misc":{"Escrito por":"Reda\u00e7\u00e3o Folha Popular","Est. tempo de leitura":"1 minuto"},"schema":{"@context":"https:\/\/schema.org","@graph":[{"@type":"Article","@id":"https:\/\/folhapopular.info\/index.php\/2023\/08\/15\/comercio-westfaliano-recebe-identificacao-de-estabelecimentos-amigos-dos-autistas\/#article","isPartOf":{"@id":"https:\/\/folhapopular.info\/index.php\/2023\/08\/15\/comercio-westfaliano-recebe-identificacao-de-estabelecimentos-amigos-dos-autistas\/"},"author":{"name":"Reda\u00e7\u00e3o Folha Popular","@id":"https:\/\/folhapopular.info\/#\/schema\/person\/2814e8a0df7643585a9ca38bc6eb9d4b"},"headline":"Com\u00e9rcio westfaliano recebe identifica\u00e7\u00e3o de estabelecimentos amigos dos autistas","datePublished":"2023-08-15T13:48:22+00:00","dateModified":"2023-08-15T16:24:41+00:00","mainEntityOfPage":{"@id":"https:\/\/folhapopular.info\/index.php\/2023\/08\/15\/comercio-westfaliano-recebe-identificacao-de-estabelecimentos-amigos-dos-autistas\/"},"wordCount":211,"commentCount":0,"image":{"@id":"https:\/\/folhapopular.info\/index.php\/2023\/08\/15\/comercio-westfaliano-recebe-identificacao-de-estabelecimentos-amigos-dos-autistas\/#primaryimage"},"thumbnailUrl":"https:\/\/folhapopular.info\/wp-content\/uploads\/2023\/08\/DSC2091-scaled.jpg","keywords":["10\u00aa Campanha Municipal de Mobiliza\u00e7\u00e3o para o M\u00eas da Pessoa com Defici\u00eancia"],"articleSection":["Destaques","Geral"],"inLanguage":"pt-BR","potentialAction":[{"@type":"CommentAction","name":"Comment","target":["https:\/\/folhapopular.info\/index.php\/2023\/08\/15\/comercio-westfaliano-recebe-identificacao-de-estabelecimentos-amigos-dos-autistas\/#respond"]}]},{"@type":"WebPage","@id":"https:\/\/folhapopular.info\/index.php\/2023\/08\/15\/comercio-westfaliano-recebe-identificacao-de-estabelecimentos-amigos-dos-autistas\/","url":"https:\/\/folhapopular.info\/index.php\/2023\/08\/15\/comercio-westfaliano-recebe-identificacao-de-estabelecimentos-amigos-dos-autistas\/","name":"Com\u00e9rcio westfaliano recebe identifica\u00e7\u00e3o de estabelecimentos amigos dos autistas - Folha Popular","isPartOf":{"@id":"https:\/\/folhapopular.info\/#website"},"primaryImageOfPage":{"@id":"https:\/\/folhapopular.info\/index.php\/2023\/08\/15\/comercio-westfaliano-recebe-identificacao-de-estabelecimentos-amigos-dos-autistas\/#primaryimage"},"image":{"@id":"https:\/\/folhapopular.info\/index.php\/2023\/08\/15\/comercio-westfaliano-recebe-identificacao-de-estabelecimentos-amigos-dos-autistas\/#primaryimage"},"thumbnailUrl":"https:\/\/folhapopular.info\/wp-content\/uploads\/2023\/08\/DSC2091-scaled.jpg","datePublished":"2023-08-15T13:48:22+00:00","dateModified":"2023-08-15T16:24:41+00:00","author":{"@id":"https:\/\/folhapopular.info\/#\/schema\/person\/2814e8a0df7643585a9ca38bc6eb9d4b"},"breadcrumb":{"@id":"https:\/\/folhapopular.info\/index.php\/2023\/08\/15\/comercio-westfaliano-recebe-identificacao-de-estabelecimentos-amigos-dos-autistas\/#breadcrumb"},"inLanguage":"pt-BR","potentialAction":[{"@type":"ReadAction","target":["https:\/\/folhapopular.info\/index.php\/2023\/08\/15\/comercio-westfaliano-recebe-identificacao-de-estabelecimentos-amigos-dos-autistas\/"]}]},{"@type":"ImageObject","inLanguage":"pt-BR","@id":"https:\/\/folhapopular.info\/index.php\/2023\/08\/15\/comercio-westfaliano-recebe-identificacao-de-estabelecimentos-amigos-dos-autistas\/#primaryimage","url":"https:\/\/folhapopular.info\/wp-content\/uploads\/2023\/08\/DSC2091-scaled.jpg","contentUrl":"https:\/\/folhapopular.info\/wp-content\/uploads\/2023\/08\/DSC2091-scaled.jpg","width":2560,"height":1711,"caption":"Cr\u00e9dito: Paloma Driemeyer Valandro \/ AI Prefeitura de Westf\u00e1lia"},{"@type":"BreadcrumbList","@id":"https:\/\/folhapopular.info\/index.php\/2023\/08\/15\/comercio-westfaliano-recebe-identificacao-de-estabelecimentos-amigos-dos-autistas\/#breadcrumb","itemListElement":[{"@type":"ListItem","position":1,"name":"In\u00edcio","item":"https:\/\/folhapopular.info\/"},{"@type":"ListItem","position":2,"name":"Com\u00e9rcio westfaliano recebe identifica\u00e7\u00e3o de estabelecimentos amigos dos autistas"}]},{"@type":"WebSite","@id":"https:\/\/folhapopular.info\/#website","url":"https:\/\/folhapopular.info\/","name":"Folha Popular","description":"Onde voc\u00ea tem vez e voz","potentialAction":[{"@type":"SearchAction","target":{"@type":"EntryPoint","urlTemplate":"https:\/\/folhapopular.info\/?s={search_term_string}"},"query-input":{"@type":"PropertyValueSpecification","valueRequired":true,"valueName":"search_term_string"}}],"inLanguage":"pt-BR"},{"@type":"Person","@id":"https:\/\/folhapopular.info\/#\/schema\/person\/2814e8a0df7643585a9ca38bc6eb9d4b","name":"Reda\u00e7\u00e3o Folha Popular","image":{"@type":"ImageObject","inLanguage":"pt-BR","@id":"https:\/\/folhapopular.info\/wp-content\/uploads\/2026\/04\/Folha-1.webp","url":"https:\/\/folhapopular.info\/wp-content\/uploads\/2026\/04\/Folha-1.webp","contentUrl":"https:\/\/folhapopular.info\/wp-content\/uploads\/2026\/04\/Folha-1.webp","caption":"Reda\u00e7\u00e3o Folha Popular"},"url":"https:\/\/folhapopular.info\/index.php\/author\/redacao\/"}]}},"jetpack_featured_media_url":"https:\/\/folhapopular.info\/wp-content\/uploads\/2023\/08\/DSC2091-scaled.jpg","jetpack_sharing_enabled":true,"amp_enabled":true,"_links":{"self":[{"href":"https:\/\/folhapopular.info\/index.php\/wp-json\/wp\/v2\/posts\/137662","targetHints":{"allow":["GET"]}}],"collection":[{"href":"https:\/\/folhapopular.info\/index.php\/wp-json\/wp\/v2\/posts"}],"about":[{"href":"https:\/\/folhapopular.info\/index.php\/wp-json\/wp\/v2\/types\/post"}],"author":[{"embeddable":true,"href":"https:\/\/folhapopular.info\/index.php\/wp-json\/wp\/v2\/users\/8"}],"replies":[{"embeddable":true,"href":"https:\/\/folhapopular.info\/index.php\/wp-json\/wp\/v2\/comments?post=137662"}],"version-history":[{"count":0,"href":"https:\/\/folhapopular.info\/index.php\/wp-json\/wp\/v2\/posts\/137662\/revisions"}],"wp:featuredmedia":[{"embeddable":true,"href":"https:\/\/folhapopular.info\/index.php\/wp-json\/wp\/v2\/media\/137666"}],"wp:attachment":[{"href":"https:\/\/folhapopular.info\/index.php\/wp-json\/wp\/v2\/media?parent=137662"}],"wp:term":[{"taxonomy":"category","embeddable":true,"href":"https:\/\/folhapopular.info\/index.php\/wp-json\/wp\/v2\/categories?post=137662"},{"taxonomy":"post_tag","embeddable":true,"href":"https:\/\/folhapopular.info\/index.php\/wp-json\/wp\/v2\/tags?post=137662"}],"curies":[{"name":"wp","href":"https:\/\/api.w.org\/{rel}","templated":true}]}}