{"id":137708,"date":"2023-08-15T14:41:27","date_gmt":"2023-08-15T17:41:27","guid":{"rendered":"https:\/\/folhapopular.info\/?p=137708"},"modified":"2023-08-15T14:41:30","modified_gmt":"2023-08-15T17:41:30","slug":"atletas-do-colegio-teutonia-conquistam-medalhas-de-bronze-no-campeonato-brasileiro-de-atletismo","status":"publish","type":"post","link":"https:\/\/folhapopular.info\/index.php\/2023\/08\/15\/atletas-do-colegio-teutonia-conquistam-medalhas-de-bronze-no-campeonato-brasileiro-de-atletismo\/","title":{"rendered":"Atletas do Col\u00e9gio Teut\u00f4nia conquistam medalhas de bronze no Campeonato Brasileiro de Atletismo"},"content":{"rendered":"\n<p>A Equipe de Atletismo Col\u00e9gio Teut\u00f4nia\/Languiru\/Sicredi, que tamb\u00e9m conta com o apoio das Prefeituras de Teut\u00f4nia e Westf\u00e1lia, esteve representada no Campeonato Brasileiro de Atletismo Sub-18. A competi\u00e7\u00e3o ocorreu entre os dias 11, 12 e 13 de agosto, em Aracaju, no Sergipe. <\/p>\n\n\n\n<p>Na bagagem de volta ao Rio Grande do Sul, duas medalhas de bronze. Pedro Henrique Ramos Dutra ficou em 3\u00ba lugar na prova dos 100m rasos. Correndo eliminat\u00f3ria, semifinal e final, ele foi evoluindo a cada etapa e, na disputa de medalha, conseguiu o tempo de 11min02seg, o que lhe garantiu a medalha de bronze com a diferen\u00e7a de quatro mil\u00e9simos para o 4\u00ba colocado. Pedro tamb\u00e9m disputou tr\u00eas baterias na prova dos 110m com barreiras, classificando para a final e terminando a competi\u00e7\u00e3o na 8\u00aa coloca\u00e7\u00e3o.<\/p>\n\n\n\n<p>O outro medalhista foi Matheus Bloemker Carvalho, bronze nos 2000m com obst\u00e1culos. Ele registrou sua melhor marca pessoal, com 6min18seg. Com uma prova estrat\u00e9gica, manteve-se o tempo todo no grupo de frente para estar na disputa por medalhas. Com essa marca, Matheus assume a 3\u00aa coloca\u00e7\u00e3o do ranking brasileiro da prova. Ele ainda correu os 3000m rasos, registrando seu melhor tempo e conquistando a 9\u00aa coloca\u00e7\u00e3o.<\/p>\n\n\n\n<p>Davi M\u00fcller K\u00e4fer correu as provas de 200m rasos, chegando at\u00e9 a disputa das semifinais; e 400m rasos, terminando em 13\u00ba lugar geral na competi\u00e7\u00e3o, ficando de fora da final com disputa de medalhas por apenas 25 cent\u00e9simos.<\/p>\n\n\n\n<p>O professor e treinador Iurquen Roese, que acompanhou o trio no Nordeste, avalia o desempenho como muito positivo. \u201cOs resultados foram muito bons e importantes, est\u00e1vamos na expectativa de conquistar medalhas, pois as chances eram reais. Estamos felizes com as conquistas, competiram muito bem. As medalhas foram ganhas nos detalhes\u201d, destaca.<\/p>\n\n\n\n<p>O professor e treinador Laudenor Brune lembra que esses atletas integram a Equipe de Atletismo Col\u00e9gio Teut\u00f4nia\/Languiru\/Sicredi por meio da parceria com a Prefeitura de Westf\u00e1lia. \u201cAs fam\u00edlias est\u00e3o muito felizes e agradecidas pelo apoio\u201d, ressalta.<\/p>\n\n\n\n<p>O diretor do Col\u00e9gio Teut\u00f4nia, Mauro Alberto N\u00fcske, tamb\u00e9m valoriza a dedica\u00e7\u00e3o da equipe t\u00e9cnica. \u201cDescobrir e lapidar talentos tamb\u00e9m t\u00eam o seu valor, e merece ser reconhecido&#8221;. <\/p>\n\n\n\n<p><strong>Agenda<\/strong><\/p>\n\n\n\n<p>Os atletas, agora, seguem com a prepara\u00e7\u00e3o para os Jogos Escolares Brasileiros, que ser\u00e3o disputados em Ribeir\u00e3o Preto\/SP no in\u00edcio de setembro. Matheus est\u00e1 classificado para as provas de 800m e 3000m rasos; e Pedro para as provas de 100m e 110m com barreiras.<\/p>\n\n\n\n<p>Os demais atletas da equipe teutoniense ter\u00e3o pela frente uma sequ\u00eancia de competi\u00e7\u00f5es. Neste s\u00e1bado (19\/8) acontece o Trof\u00e9u Lajeado de Atletismo, na Pista Atl\u00e9tica da Univates; no fim de semana seguinte, dia 26, estar\u00e3o em Novo Hamburgo na disputa do Trof\u00e9u IENH; e no dia 2 de setembro ocorre o Campeonato Estadual Sub-16, na Sogipa, em Porto Alegre.<\/p>\n","protected":false},"excerpt":{"rendered":"<p>A Equipe de Atletismo Col\u00e9gio Teut\u00f4nia\/Languiru\/Sicredi, que tamb\u00e9m conta com o apoio das Prefeituras de Teut\u00f4nia e Westf\u00e1lia, esteve representada no Campeonato Brasileiro de Atletismo Sub-18. A competi\u00e7\u00e3o ocorreu entre os dias 11, 12 e 13 de agosto, em Aracaju, no Sergipe. Na bagagem de volta ao Rio Grande do Sul, duas medalhas de bronze. [&hellip;]<\/p>\n","protected":false},"author":8,"featured_media":137712,"comment_status":"open","ping_status":"open","sticky":false,"template":"","format":"standard","meta":{"pmpro_default_level":"","_jetpack_memberships_contains_paid_content":false,"footnotes":""},"categories":[5],"tags":[80,10115,131,137,12948],"class_list":{"0":"post-137708","1":"post","2":"type-post","3":"status-publish","4":"format-standard","5":"has-post-thumbnail","7":"category-esportes","8":"tag-atletismo","9":"tag-campeonato-brasileiro","10":"tag-colegio-teutonia","11":"tag-esporte","12":"tag-medalha-de-bronze","13":"pmpro-has-access"},"yoast_head":"<!-- This site is optimized with the Yoast SEO plugin v27.4 - https:\/\/yoast.com\/product\/yoast-seo-wordpress\/ -->\n<title>Atletas do Col\u00e9gio Teut\u00f4nia conquistam medalhas de bronze no Campeonato Brasileiro de Atletismo - Folha Popular<\/title>\n<meta name=\"robots\" content=\"index, follow, max-snippet:-1, max-image-preview:large, max-video-preview:-1\" \/>\n<link rel=\"canonical\" href=\"https:\/\/folhapopular.info\/index.php\/2023\/08\/15\/atletas-do-colegio-teutonia-conquistam-medalhas-de-bronze-no-campeonato-brasileiro-de-atletismo\/\" \/>\n<meta property=\"og:locale\" content=\"pt_BR\" \/>\n<meta property=\"og:type\" content=\"article\" \/>\n<meta property=\"og:title\" content=\"Atletas do Col\u00e9gio Teut\u00f4nia conquistam medalhas de bronze no Campeonato Brasileiro de Atletismo - Folha Popular\" \/>\n<meta property=\"og:description\" content=\"A Equipe de Atletismo Col\u00e9gio Teut\u00f4nia\/Languiru\/Sicredi, que tamb\u00e9m conta com o apoio das Prefeituras de Teut\u00f4nia e Westf\u00e1lia, esteve representada no Campeonato Brasileiro de Atletismo Sub-18. A competi\u00e7\u00e3o ocorreu entre os dias 11, 12 e 13 de agosto, em Aracaju, no Sergipe. Na bagagem de volta ao Rio Grande do Sul, duas medalhas de bronze. [&hellip;]\" \/>\n<meta property=\"og:url\" content=\"https:\/\/folhapopular.info\/index.php\/2023\/08\/15\/atletas-do-colegio-teutonia-conquistam-medalhas-de-bronze-no-campeonato-brasileiro-de-atletismo\/\" \/>\n<meta property=\"og:site_name\" content=\"Folha Popular\" \/>\n<meta property=\"article:published_time\" content=\"2023-08-15T17:41:27+00:00\" \/>\n<meta property=\"article:modified_time\" content=\"2023-08-15T17:41:30+00:00\" \/>\n<meta property=\"og:image\" content=\"http:\/\/folhapopular.info\/wp-content\/uploads\/2023\/08\/brasileiro-sub-18-1-e1692121281673.jpeg\" \/>\n\t<meta property=\"og:image:width\" content=\"963\" \/>\n\t<meta property=\"og:image:height\" content=\"931\" \/>\n\t<meta property=\"og:image:type\" content=\"image\/jpeg\" \/>\n<meta name=\"author\" content=\"Reda\u00e7\u00e3o Folha Popular\" \/>\n<meta name=\"twitter:card\" content=\"summary_large_image\" \/>\n<meta name=\"twitter:label1\" content=\"Escrito por\" \/>\n\t<meta name=\"twitter:data1\" content=\"Reda\u00e7\u00e3o Folha Popular\" \/>\n\t<meta name=\"twitter:label2\" content=\"Est. tempo de leitura\" \/>\n\t<meta name=\"twitter:data2\" content=\"3 minutos\" \/>\n<script type=\"application\/ld+json\" class=\"yoast-schema-graph\">{\"@context\":\"https:\\\/\\\/schema.org\",\"@graph\":[{\"@type\":\"Article\",\"@id\":\"https:\\\/\\\/folhapopular.info\\\/index.php\\\/2023\\\/08\\\/15\\\/atletas-do-colegio-teutonia-conquistam-medalhas-de-bronze-no-campeonato-brasileiro-de-atletismo\\\/#article\",\"isPartOf\":{\"@id\":\"https:\\\/\\\/folhapopular.info\\\/index.php\\\/2023\\\/08\\\/15\\\/atletas-do-colegio-teutonia-conquistam-medalhas-de-bronze-no-campeonato-brasileiro-de-atletismo\\\/\"},\"author\":{\"name\":\"Reda\u00e7\u00e3o Folha Popular\",\"@id\":\"https:\\\/\\\/folhapopular.info\\\/#\\\/schema\\\/person\\\/2814e8a0df7643585a9ca38bc6eb9d4b\"},\"headline\":\"Atletas do Col\u00e9gio Teut\u00f4nia conquistam medalhas de bronze no Campeonato Brasileiro de Atletismo\",\"datePublished\":\"2023-08-15T17:41:27+00:00\",\"dateModified\":\"2023-08-15T17:41:30+00:00\",\"mainEntityOfPage\":{\"@id\":\"https:\\\/\\\/folhapopular.info\\\/index.php\\\/2023\\\/08\\\/15\\\/atletas-do-colegio-teutonia-conquistam-medalhas-de-bronze-no-campeonato-brasileiro-de-atletismo\\\/\"},\"wordCount\":508,\"commentCount\":0,\"image\":{\"@id\":\"https:\\\/\\\/folhapopular.info\\\/index.php\\\/2023\\\/08\\\/15\\\/atletas-do-colegio-teutonia-conquistam-medalhas-de-bronze-no-campeonato-brasileiro-de-atletismo\\\/#primaryimage\"},\"thumbnailUrl\":\"https:\\\/\\\/folhapopular.info\\\/wp-content\\\/uploads\\\/2023\\\/08\\\/brasileiro-sub-18-1-e1692121281673.jpeg\",\"keywords\":[\"Atletismo\",\"Campeonato Brasileiro\",\"Col\u00e9gio Teut\u00f4nia\",\"Esporte\",\"Medalha de bronze\"],\"articleSection\":[\"Esportes\"],\"inLanguage\":\"pt-BR\",\"potentialAction\":[{\"@type\":\"CommentAction\",\"name\":\"Comment\",\"target\":[\"https:\\\/\\\/folhapopular.info\\\/index.php\\\/2023\\\/08\\\/15\\\/atletas-do-colegio-teutonia-conquistam-medalhas-de-bronze-no-campeonato-brasileiro-de-atletismo\\\/#respond\"]}]},{\"@type\":\"WebPage\",\"@id\":\"https:\\\/\\\/folhapopular.info\\\/index.php\\\/2023\\\/08\\\/15\\\/atletas-do-colegio-teutonia-conquistam-medalhas-de-bronze-no-campeonato-brasileiro-de-atletismo\\\/\",\"url\":\"https:\\\/\\\/folhapopular.info\\\/index.php\\\/2023\\\/08\\\/15\\\/atletas-do-colegio-teutonia-conquistam-medalhas-de-bronze-no-campeonato-brasileiro-de-atletismo\\\/\",\"name\":\"Atletas do Col\u00e9gio Teut\u00f4nia conquistam medalhas de bronze no Campeonato Brasileiro de Atletismo - Folha Popular\",\"isPartOf\":{\"@id\":\"https:\\\/\\\/folhapopular.info\\\/#website\"},\"primaryImageOfPage\":{\"@id\":\"https:\\\/\\\/folhapopular.info\\\/index.php\\\/2023\\\/08\\\/15\\\/atletas-do-colegio-teutonia-conquistam-medalhas-de-bronze-no-campeonato-brasileiro-de-atletismo\\\/#primaryimage\"},\"image\":{\"@id\":\"https:\\\/\\\/folhapopular.info\\\/index.php\\\/2023\\\/08\\\/15\\\/atletas-do-colegio-teutonia-conquistam-medalhas-de-bronze-no-campeonato-brasileiro-de-atletismo\\\/#primaryimage\"},\"thumbnailUrl\":\"https:\\\/\\\/folhapopular.info\\\/wp-content\\\/uploads\\\/2023\\\/08\\\/brasileiro-sub-18-1-e1692121281673.jpeg\",\"datePublished\":\"2023-08-15T17:41:27+00:00\",\"dateModified\":\"2023-08-15T17:41:30+00:00\",\"author\":{\"@id\":\"https:\\\/\\\/folhapopular.info\\\/#\\\/schema\\\/person\\\/2814e8a0df7643585a9ca38bc6eb9d4b\"},\"breadcrumb\":{\"@id\":\"https:\\\/\\\/folhapopular.info\\\/index.php\\\/2023\\\/08\\\/15\\\/atletas-do-colegio-teutonia-conquistam-medalhas-de-bronze-no-campeonato-brasileiro-de-atletismo\\\/#breadcrumb\"},\"inLanguage\":\"pt-BR\",\"potentialAction\":[{\"@type\":\"ReadAction\",\"target\":[\"https:\\\/\\\/folhapopular.info\\\/index.php\\\/2023\\\/08\\\/15\\\/atletas-do-colegio-teutonia-conquistam-medalhas-de-bronze-no-campeonato-brasileiro-de-atletismo\\\/\"]}]},{\"@type\":\"ImageObject\",\"inLanguage\":\"pt-BR\",\"@id\":\"https:\\\/\\\/folhapopular.info\\\/index.php\\\/2023\\\/08\\\/15\\\/atletas-do-colegio-teutonia-conquistam-medalhas-de-bronze-no-campeonato-brasileiro-de-atletismo\\\/#primaryimage\",\"url\":\"https:\\\/\\\/folhapopular.info\\\/wp-content\\\/uploads\\\/2023\\\/08\\\/brasileiro-sub-18-1-e1692121281673.jpeg\",\"contentUrl\":\"https:\\\/\\\/folhapopular.info\\\/wp-content\\\/uploads\\\/2023\\\/08\\\/brasileiro-sub-18-1-e1692121281673.jpeg\",\"width\":963,\"height\":931,\"caption\":\"O trio: Matheus Bloemker Carvalho (e), Davi M\u00fcller K\u00e4fer e Pedro Henrique Ramos Dutra \\\/ Cr\u00e9dito: Iurquen Roese \\\/ Col\u00e9gio Teut\u00f4nia \\\/ Divulga\u00e7\u00e3o\"},{\"@type\":\"BreadcrumbList\",\"@id\":\"https:\\\/\\\/folhapopular.info\\\/index.php\\\/2023\\\/08\\\/15\\\/atletas-do-colegio-teutonia-conquistam-medalhas-de-bronze-no-campeonato-brasileiro-de-atletismo\\\/#breadcrumb\",\"itemListElement\":[{\"@type\":\"ListItem\",\"position\":1,\"name\":\"In\u00edcio\",\"item\":\"https:\\\/\\\/folhapopular.info\\\/\"},{\"@type\":\"ListItem\",\"position\":2,\"name\":\"Atletas do Col\u00e9gio Teut\u00f4nia conquistam medalhas de bronze no Campeonato Brasileiro de Atletismo\"}]},{\"@type\":\"WebSite\",\"@id\":\"https:\\\/\\\/folhapopular.info\\\/#website\",\"url\":\"https:\\\/\\\/folhapopular.info\\\/\",\"name\":\"Folha Popular\",\"description\":\"Onde voc\u00ea tem vez e voz\",\"potentialAction\":[{\"@type\":\"SearchAction\",\"target\":{\"@type\":\"EntryPoint\",\"urlTemplate\":\"https:\\\/\\\/folhapopular.info\\\/?s={search_term_string}\"},\"query-input\":{\"@type\":\"PropertyValueSpecification\",\"valueRequired\":true,\"valueName\":\"search_term_string\"}}],\"inLanguage\":\"pt-BR\"},{\"@type\":\"Person\",\"@id\":\"https:\\\/\\\/folhapopular.info\\\/#\\\/schema\\\/person\\\/2814e8a0df7643585a9ca38bc6eb9d4b\",\"name\":\"Reda\u00e7\u00e3o Folha Popular\",\"image\":{\"@type\":\"ImageObject\",\"inLanguage\":\"pt-BR\",\"@id\":\"https:\\\/\\\/folhapopular.info\\\/wp-content\\\/uploads\\\/2026\\\/04\\\/Folha-1.webp\",\"url\":\"https:\\\/\\\/folhapopular.info\\\/wp-content\\\/uploads\\\/2026\\\/04\\\/Folha-1.webp\",\"contentUrl\":\"https:\\\/\\\/folhapopular.info\\\/wp-content\\\/uploads\\\/2026\\\/04\\\/Folha-1.webp\",\"caption\":\"Reda\u00e7\u00e3o Folha Popular\"},\"url\":\"https:\\\/\\\/folhapopular.info\\\/index.php\\\/author\\\/redacao\\\/\"}]}<\/script>\n<!-- \/ Yoast SEO plugin. -->","yoast_head_json":{"title":"Atletas do Col\u00e9gio Teut\u00f4nia conquistam medalhas de bronze no Campeonato Brasileiro de Atletismo - Folha Popular","robots":{"index":"index","follow":"follow","max-snippet":"max-snippet:-1","max-image-preview":"max-image-preview:large","max-video-preview":"max-video-preview:-1"},"canonical":"https:\/\/folhapopular.info\/index.php\/2023\/08\/15\/atletas-do-colegio-teutonia-conquistam-medalhas-de-bronze-no-campeonato-brasileiro-de-atletismo\/","og_locale":"pt_BR","og_type":"article","og_title":"Atletas do Col\u00e9gio Teut\u00f4nia conquistam medalhas de bronze no Campeonato Brasileiro de Atletismo - Folha Popular","og_description":"A Equipe de Atletismo Col\u00e9gio Teut\u00f4nia\/Languiru\/Sicredi, que tamb\u00e9m conta com o apoio das Prefeituras de Teut\u00f4nia e Westf\u00e1lia, esteve representada no Campeonato Brasileiro de Atletismo Sub-18. A competi\u00e7\u00e3o ocorreu entre os dias 11, 12 e 13 de agosto, em Aracaju, no Sergipe. Na bagagem de volta ao Rio Grande do Sul, duas medalhas de bronze. [&hellip;]","og_url":"https:\/\/folhapopular.info\/index.php\/2023\/08\/15\/atletas-do-colegio-teutonia-conquistam-medalhas-de-bronze-no-campeonato-brasileiro-de-atletismo\/","og_site_name":"Folha Popular","article_published_time":"2023-08-15T17:41:27+00:00","article_modified_time":"2023-08-15T17:41:30+00:00","og_image":[{"width":963,"height":931,"url":"http:\/\/folhapopular.info\/wp-content\/uploads\/2023\/08\/brasileiro-sub-18-1-e1692121281673.jpeg","type":"image\/jpeg"}],"author":"Reda\u00e7\u00e3o Folha Popular","twitter_card":"summary_large_image","twitter_misc":{"Escrito por":"Reda\u00e7\u00e3o Folha Popular","Est. tempo de leitura":"3 minutos"},"schema":{"@context":"https:\/\/schema.org","@graph":[{"@type":"Article","@id":"https:\/\/folhapopular.info\/index.php\/2023\/08\/15\/atletas-do-colegio-teutonia-conquistam-medalhas-de-bronze-no-campeonato-brasileiro-de-atletismo\/#article","isPartOf":{"@id":"https:\/\/folhapopular.info\/index.php\/2023\/08\/15\/atletas-do-colegio-teutonia-conquistam-medalhas-de-bronze-no-campeonato-brasileiro-de-atletismo\/"},"author":{"name":"Reda\u00e7\u00e3o Folha Popular","@id":"https:\/\/folhapopular.info\/#\/schema\/person\/2814e8a0df7643585a9ca38bc6eb9d4b"},"headline":"Atletas do Col\u00e9gio Teut\u00f4nia conquistam medalhas de bronze no Campeonato Brasileiro de Atletismo","datePublished":"2023-08-15T17:41:27+00:00","dateModified":"2023-08-15T17:41:30+00:00","mainEntityOfPage":{"@id":"https:\/\/folhapopular.info\/index.php\/2023\/08\/15\/atletas-do-colegio-teutonia-conquistam-medalhas-de-bronze-no-campeonato-brasileiro-de-atletismo\/"},"wordCount":508,"commentCount":0,"image":{"@id":"https:\/\/folhapopular.info\/index.php\/2023\/08\/15\/atletas-do-colegio-teutonia-conquistam-medalhas-de-bronze-no-campeonato-brasileiro-de-atletismo\/#primaryimage"},"thumbnailUrl":"https:\/\/folhapopular.info\/wp-content\/uploads\/2023\/08\/brasileiro-sub-18-1-e1692121281673.jpeg","keywords":["Atletismo","Campeonato Brasileiro","Col\u00e9gio Teut\u00f4nia","Esporte","Medalha de bronze"],"articleSection":["Esportes"],"inLanguage":"pt-BR","potentialAction":[{"@type":"CommentAction","name":"Comment","target":["https:\/\/folhapopular.info\/index.php\/2023\/08\/15\/atletas-do-colegio-teutonia-conquistam-medalhas-de-bronze-no-campeonato-brasileiro-de-atletismo\/#respond"]}]},{"@type":"WebPage","@id":"https:\/\/folhapopular.info\/index.php\/2023\/08\/15\/atletas-do-colegio-teutonia-conquistam-medalhas-de-bronze-no-campeonato-brasileiro-de-atletismo\/","url":"https:\/\/folhapopular.info\/index.php\/2023\/08\/15\/atletas-do-colegio-teutonia-conquistam-medalhas-de-bronze-no-campeonato-brasileiro-de-atletismo\/","name":"Atletas do Col\u00e9gio Teut\u00f4nia conquistam medalhas de bronze no Campeonato Brasileiro de Atletismo - Folha Popular","isPartOf":{"@id":"https:\/\/folhapopular.info\/#website"},"primaryImageOfPage":{"@id":"https:\/\/folhapopular.info\/index.php\/2023\/08\/15\/atletas-do-colegio-teutonia-conquistam-medalhas-de-bronze-no-campeonato-brasileiro-de-atletismo\/#primaryimage"},"image":{"@id":"https:\/\/folhapopular.info\/index.php\/2023\/08\/15\/atletas-do-colegio-teutonia-conquistam-medalhas-de-bronze-no-campeonato-brasileiro-de-atletismo\/#primaryimage"},"thumbnailUrl":"https:\/\/folhapopular.info\/wp-content\/uploads\/2023\/08\/brasileiro-sub-18-1-e1692121281673.jpeg","datePublished":"2023-08-15T17:41:27+00:00","dateModified":"2023-08-15T17:41:30+00:00","author":{"@id":"https:\/\/folhapopular.info\/#\/schema\/person\/2814e8a0df7643585a9ca38bc6eb9d4b"},"breadcrumb":{"@id":"https:\/\/folhapopular.info\/index.php\/2023\/08\/15\/atletas-do-colegio-teutonia-conquistam-medalhas-de-bronze-no-campeonato-brasileiro-de-atletismo\/#breadcrumb"},"inLanguage":"pt-BR","potentialAction":[{"@type":"ReadAction","target":["https:\/\/folhapopular.info\/index.php\/2023\/08\/15\/atletas-do-colegio-teutonia-conquistam-medalhas-de-bronze-no-campeonato-brasileiro-de-atletismo\/"]}]},{"@type":"ImageObject","inLanguage":"pt-BR","@id":"https:\/\/folhapopular.info\/index.php\/2023\/08\/15\/atletas-do-colegio-teutonia-conquistam-medalhas-de-bronze-no-campeonato-brasileiro-de-atletismo\/#primaryimage","url":"https:\/\/folhapopular.info\/wp-content\/uploads\/2023\/08\/brasileiro-sub-18-1-e1692121281673.jpeg","contentUrl":"https:\/\/folhapopular.info\/wp-content\/uploads\/2023\/08\/brasileiro-sub-18-1-e1692121281673.jpeg","width":963,"height":931,"caption":"O trio: Matheus Bloemker Carvalho (e), Davi M\u00fcller K\u00e4fer e Pedro Henrique Ramos Dutra \/ Cr\u00e9dito: Iurquen Roese \/ Col\u00e9gio Teut\u00f4nia \/ Divulga\u00e7\u00e3o"},{"@type":"BreadcrumbList","@id":"https:\/\/folhapopular.info\/index.php\/2023\/08\/15\/atletas-do-colegio-teutonia-conquistam-medalhas-de-bronze-no-campeonato-brasileiro-de-atletismo\/#breadcrumb","itemListElement":[{"@type":"ListItem","position":1,"name":"In\u00edcio","item":"https:\/\/folhapopular.info\/"},{"@type":"ListItem","position":2,"name":"Atletas do Col\u00e9gio Teut\u00f4nia conquistam medalhas de bronze no Campeonato Brasileiro de Atletismo"}]},{"@type":"WebSite","@id":"https:\/\/folhapopular.info\/#website","url":"https:\/\/folhapopular.info\/","name":"Folha Popular","description":"Onde voc\u00ea tem vez e voz","potentialAction":[{"@type":"SearchAction","target":{"@type":"EntryPoint","urlTemplate":"https:\/\/folhapopular.info\/?s={search_term_string}"},"query-input":{"@type":"PropertyValueSpecification","valueRequired":true,"valueName":"search_term_string"}}],"inLanguage":"pt-BR"},{"@type":"Person","@id":"https:\/\/folhapopular.info\/#\/schema\/person\/2814e8a0df7643585a9ca38bc6eb9d4b","name":"Reda\u00e7\u00e3o Folha Popular","image":{"@type":"ImageObject","inLanguage":"pt-BR","@id":"https:\/\/folhapopular.info\/wp-content\/uploads\/2026\/04\/Folha-1.webp","url":"https:\/\/folhapopular.info\/wp-content\/uploads\/2026\/04\/Folha-1.webp","contentUrl":"https:\/\/folhapopular.info\/wp-content\/uploads\/2026\/04\/Folha-1.webp","caption":"Reda\u00e7\u00e3o Folha Popular"},"url":"https:\/\/folhapopular.info\/index.php\/author\/redacao\/"}]}},"jetpack_featured_media_url":"https:\/\/folhapopular.info\/wp-content\/uploads\/2023\/08\/brasileiro-sub-18-1-e1692121281673.jpeg","jetpack_sharing_enabled":true,"amp_enabled":true,"_links":{"self":[{"href":"https:\/\/folhapopular.info\/index.php\/wp-json\/wp\/v2\/posts\/137708","targetHints":{"allow":["GET"]}}],"collection":[{"href":"https:\/\/folhapopular.info\/index.php\/wp-json\/wp\/v2\/posts"}],"about":[{"href":"https:\/\/folhapopular.info\/index.php\/wp-json\/wp\/v2\/types\/post"}],"author":[{"embeddable":true,"href":"https:\/\/folhapopular.info\/index.php\/wp-json\/wp\/v2\/users\/8"}],"replies":[{"embeddable":true,"href":"https:\/\/folhapopular.info\/index.php\/wp-json\/wp\/v2\/comments?post=137708"}],"version-history":[{"count":0,"href":"https:\/\/folhapopular.info\/index.php\/wp-json\/wp\/v2\/posts\/137708\/revisions"}],"wp:featuredmedia":[{"embeddable":true,"href":"https:\/\/folhapopular.info\/index.php\/wp-json\/wp\/v2\/media\/137712"}],"wp:attachment":[{"href":"https:\/\/folhapopular.info\/index.php\/wp-json\/wp\/v2\/media?parent=137708"}],"wp:term":[{"taxonomy":"category","embeddable":true,"href":"https:\/\/folhapopular.info\/index.php\/wp-json\/wp\/v2\/categories?post=137708"},{"taxonomy":"post_tag","embeddable":true,"href":"https:\/\/folhapopular.info\/index.php\/wp-json\/wp\/v2\/tags?post=137708"}],"curies":[{"name":"wp","href":"https:\/\/api.w.org\/{rel}","templated":true}]}}