{"id":137744,"date":"2023-08-15T16:10:00","date_gmt":"2023-08-15T19:10:00","guid":{"rendered":"https:\/\/folhapopular.info\/?p=137744"},"modified":"2023-08-15T15:53:57","modified_gmt":"2023-08-15T18:53:57","slug":"em-sessao-solene-lotada-juiza-caren-pereira-recebe-o-titulo-de-cidada-estrelense","status":"publish","type":"post","link":"https:\/\/folhapopular.info\/index.php\/2023\/08\/15\/em-sessao-solene-lotada-juiza-caren-pereira-recebe-o-titulo-de-cidada-estrelense\/","title":{"rendered":"Em sess\u00e3o solene lotada, ju\u00edza Caren Pereira recebe o t\u00edtulo de Cidad\u00e3 Estrelense"},"content":{"rendered":"\n<p>A C\u00e2mara de Vereadores de Estrela realizou, na noite desta segunda-feira (14\/8), sess\u00e3o solene para a entrega do T\u00edtulo de Cidad\u00e3 Estrelense \u00e0 ju\u00edza da Comarca de Estrela, Caren Let\u00edcia Castro Pereira. <\/p>\n\n\n\n<p>A homenagem veio por iniciativa do vereador Douglas Daroit (PTB) e teve a assinatura de todos os vereadores. Segundo Daroit, a homenagem diz respeito a todo o servi\u00e7o prestado pela ju\u00edza no Munic\u00edpio \u00e0 frente da Comarca e pela ajuda prestada a Estrela para o seu desenvolvimento, tomando decis\u00f5es importantes principalmente em rela\u00e7\u00e3o \u00e0 \u00e1rea de registro de im\u00f3veis. &#8220;\u00c9 uma pessoa que sempre lidou bem com todas as frentes municipais e acabou criando uma identidade com Estrela&#8221;, justificou.<\/p>\n\n\n\n<p>Ap\u00f3s receber das m\u00e3os do presidente do Legislativo, Felipe Schossler (PTB), a placa que representa o t\u00edtulo de Cidad\u00e3 Estrelense, Caren foi at\u00e9 a tribuna. \u201cFico emocionada vendo aqui os meus filhos, inclusive se pronunciando e me homenageando, e tamb\u00e9m a presen\u00e7a da minha fam\u00edlia e dos meus colegas de trabalho\u201d, disse. <\/p>\n\n\n\n<p>\u201cTenho um carinho muito grande por Estrela e em dados momentos tivemos situa\u00e7\u00f5es em que foi necess\u00e1rio muito trabalho para enfrentar os desafios. E o munic\u00edpio homenagear uma ju\u00edza \u00e9 algo at\u00e9 peculiar, porque nem sempre as nossas decis\u00f5es acabam agradando a toda a sociedade. Assim, receber um t\u00edtulo como esse para mim \u00e9 um motivo de orgulho muito grande\u201d, manifestou.<\/p>\n\n\n\n<h2 class=\"wp-block-heading\">Sobre a ju\u00edza<\/h2>\n\n\n\n<p>Nascida em Santana do Livramento, a magistrada de 47 anos assumiu seu cargo como Ju\u00edza de Direito em outubro de 2001, na Comarca da Uruguaiana. Em 2015, Caren assumiu a 2\u00aa Vara Judicial da Comarca de Estrela e, atualmente, \u00e9 a titular da 1\u00aa Vara C\u00edvel. <\/p>\n\n\n\n<figure class=\"wp-block-image size-large is-resized\"><img loading=\"lazy\" decoding=\"async\" src=\"https:\/\/folhapopular.info\/wp-content\/uploads\/2023\/08\/Caren-Cidada-Estrelense-2-1024x576.jpg\" alt=\"\" class=\"wp-image-137752\" width=\"658\" height=\"384\"\/><figcaption class=\"wp-element-caption\">Cr\u00e9dito: J\u00falio C\u00e9sar Lenhard \/ AI Prefeitura de Estrela<\/figcaption><\/figure>\n","protected":false},"excerpt":{"rendered":"<p>A C\u00e2mara de Vereadores de Estrela realizou, na noite desta segunda-feira (14\/8), sess\u00e3o solene para a entrega do T\u00edtulo de Cidad\u00e3 Estrelense \u00e0 ju\u00edza da Comarca de Estrela, Caren Let\u00edcia Castro Pereira. A homenagem veio por iniciativa do vereador Douglas Daroit (PTB) e teve a assinatura de todos os vereadores. Segundo Daroit, a homenagem diz [&hellip;]<\/p>\n","protected":false},"author":8,"featured_media":137746,"comment_status":"open","ping_status":"open","sticky":false,"template":"","format":"standard","meta":{"pmpro_default_level":"","_jetpack_memberships_contains_paid_content":false,"footnotes":""},"categories":[2,3],"tags":[12951,2802],"class_list":{"0":"post-137744","1":"post","2":"type-post","3":"status-publish","4":"format-standard","5":"has-post-thumbnail","7":"category-featured","8":"category-geral","9":"tag-cidada-estrelense","10":"tag-sessao-solene","11":"pmpro-has-access"},"yoast_head":"<!-- This site is optimized with the Yoast SEO plugin v27.4 - https:\/\/yoast.com\/product\/yoast-seo-wordpress\/ -->\n<title>Em sess\u00e3o solene lotada, ju\u00edza Caren Pereira recebe o t\u00edtulo de Cidad\u00e3 Estrelense - Folha Popular<\/title>\n<meta name=\"robots\" content=\"index, follow, max-snippet:-1, max-image-preview:large, max-video-preview:-1\" \/>\n<link rel=\"canonical\" href=\"https:\/\/folhapopular.info\/index.php\/2023\/08\/15\/em-sessao-solene-lotada-juiza-caren-pereira-recebe-o-titulo-de-cidada-estrelense\/\" \/>\n<meta property=\"og:locale\" content=\"pt_BR\" \/>\n<meta property=\"og:type\" content=\"article\" \/>\n<meta property=\"og:title\" content=\"Em sess\u00e3o solene lotada, ju\u00edza Caren Pereira recebe o t\u00edtulo de Cidad\u00e3 Estrelense - Folha Popular\" \/>\n<meta property=\"og:description\" content=\"A C\u00e2mara de Vereadores de Estrela realizou, na noite desta segunda-feira (14\/8), sess\u00e3o solene para a entrega do T\u00edtulo de Cidad\u00e3 Estrelense \u00e0 ju\u00edza da Comarca de Estrela, Caren Let\u00edcia Castro Pereira. A homenagem veio por iniciativa do vereador Douglas Daroit (PTB) e teve a assinatura de todos os vereadores. Segundo Daroit, a homenagem diz [&hellip;]\" \/>\n<meta property=\"og:url\" content=\"https:\/\/folhapopular.info\/index.php\/2023\/08\/15\/em-sessao-solene-lotada-juiza-caren-pereira-recebe-o-titulo-de-cidada-estrelense\/\" \/>\n<meta property=\"og:site_name\" content=\"Folha Popular\" \/>\n<meta property=\"article:published_time\" content=\"2023-08-15T19:10:00+00:00\" \/>\n<meta property=\"og:image\" content=\"https:\/\/folhapopular.info\/wp-content\/uploads\/2023\/08\/Caren-Cidada-Estrelense-1.jpg\" \/>\n\t<meta property=\"og:image:width\" content=\"1600\" \/>\n\t<meta property=\"og:image:height\" content=\"1066\" \/>\n\t<meta property=\"og:image:type\" content=\"image\/jpeg\" \/>\n<meta name=\"author\" content=\"Reda\u00e7\u00e3o Folha Popular\" \/>\n<meta name=\"twitter:card\" content=\"summary_large_image\" \/>\n<meta name=\"twitter:label1\" content=\"Escrito por\" \/>\n\t<meta name=\"twitter:data1\" content=\"Reda\u00e7\u00e3o Folha Popular\" \/>\n\t<meta name=\"twitter:label2\" content=\"Est. tempo de leitura\" \/>\n\t<meta name=\"twitter:data2\" content=\"2 minutos\" \/>\n<script type=\"application\/ld+json\" class=\"yoast-schema-graph\">{\"@context\":\"https:\\\/\\\/schema.org\",\"@graph\":[{\"@type\":\"Article\",\"@id\":\"https:\\\/\\\/folhapopular.info\\\/index.php\\\/2023\\\/08\\\/15\\\/em-sessao-solene-lotada-juiza-caren-pereira-recebe-o-titulo-de-cidada-estrelense\\\/#article\",\"isPartOf\":{\"@id\":\"https:\\\/\\\/folhapopular.info\\\/index.php\\\/2023\\\/08\\\/15\\\/em-sessao-solene-lotada-juiza-caren-pereira-recebe-o-titulo-de-cidada-estrelense\\\/\"},\"author\":{\"name\":\"Reda\u00e7\u00e3o Folha Popular\",\"@id\":\"https:\\\/\\\/folhapopular.info\\\/#\\\/schema\\\/person\\\/2814e8a0df7643585a9ca38bc6eb9d4b\"},\"headline\":\"Em sess\u00e3o solene lotada, ju\u00edza Caren Pereira recebe o t\u00edtulo de Cidad\u00e3 Estrelense\",\"datePublished\":\"2023-08-15T19:10:00+00:00\",\"mainEntityOfPage\":{\"@id\":\"https:\\\/\\\/folhapopular.info\\\/index.php\\\/2023\\\/08\\\/15\\\/em-sessao-solene-lotada-juiza-caren-pereira-recebe-o-titulo-de-cidada-estrelense\\\/\"},\"wordCount\":313,\"commentCount\":0,\"image\":{\"@id\":\"https:\\\/\\\/folhapopular.info\\\/index.php\\\/2023\\\/08\\\/15\\\/em-sessao-solene-lotada-juiza-caren-pereira-recebe-o-titulo-de-cidada-estrelense\\\/#primaryimage\"},\"thumbnailUrl\":\"https:\\\/\\\/folhapopular.info\\\/wp-content\\\/uploads\\\/2023\\\/08\\\/Caren-Cidada-Estrelense-1.jpg\",\"keywords\":[\"Cidad\u00e3 Estrelense\",\"Sess\u00e3o Solene\"],\"articleSection\":[\"Destaques\",\"Geral\"],\"inLanguage\":\"pt-BR\",\"potentialAction\":[{\"@type\":\"CommentAction\",\"name\":\"Comment\",\"target\":[\"https:\\\/\\\/folhapopular.info\\\/index.php\\\/2023\\\/08\\\/15\\\/em-sessao-solene-lotada-juiza-caren-pereira-recebe-o-titulo-de-cidada-estrelense\\\/#respond\"]}]},{\"@type\":\"WebPage\",\"@id\":\"https:\\\/\\\/folhapopular.info\\\/index.php\\\/2023\\\/08\\\/15\\\/em-sessao-solene-lotada-juiza-caren-pereira-recebe-o-titulo-de-cidada-estrelense\\\/\",\"url\":\"https:\\\/\\\/folhapopular.info\\\/index.php\\\/2023\\\/08\\\/15\\\/em-sessao-solene-lotada-juiza-caren-pereira-recebe-o-titulo-de-cidada-estrelense\\\/\",\"name\":\"Em sess\u00e3o solene lotada, ju\u00edza Caren Pereira recebe o t\u00edtulo de Cidad\u00e3 Estrelense - Folha Popular\",\"isPartOf\":{\"@id\":\"https:\\\/\\\/folhapopular.info\\\/#website\"},\"primaryImageOfPage\":{\"@id\":\"https:\\\/\\\/folhapopular.info\\\/index.php\\\/2023\\\/08\\\/15\\\/em-sessao-solene-lotada-juiza-caren-pereira-recebe-o-titulo-de-cidada-estrelense\\\/#primaryimage\"},\"image\":{\"@id\":\"https:\\\/\\\/folhapopular.info\\\/index.php\\\/2023\\\/08\\\/15\\\/em-sessao-solene-lotada-juiza-caren-pereira-recebe-o-titulo-de-cidada-estrelense\\\/#primaryimage\"},\"thumbnailUrl\":\"https:\\\/\\\/folhapopular.info\\\/wp-content\\\/uploads\\\/2023\\\/08\\\/Caren-Cidada-Estrelense-1.jpg\",\"datePublished\":\"2023-08-15T19:10:00+00:00\",\"author\":{\"@id\":\"https:\\\/\\\/folhapopular.info\\\/#\\\/schema\\\/person\\\/2814e8a0df7643585a9ca38bc6eb9d4b\"},\"breadcrumb\":{\"@id\":\"https:\\\/\\\/folhapopular.info\\\/index.php\\\/2023\\\/08\\\/15\\\/em-sessao-solene-lotada-juiza-caren-pereira-recebe-o-titulo-de-cidada-estrelense\\\/#breadcrumb\"},\"inLanguage\":\"pt-BR\",\"potentialAction\":[{\"@type\":\"ReadAction\",\"target\":[\"https:\\\/\\\/folhapopular.info\\\/index.php\\\/2023\\\/08\\\/15\\\/em-sessao-solene-lotada-juiza-caren-pereira-recebe-o-titulo-de-cidada-estrelense\\\/\"]}]},{\"@type\":\"ImageObject\",\"inLanguage\":\"pt-BR\",\"@id\":\"https:\\\/\\\/folhapopular.info\\\/index.php\\\/2023\\\/08\\\/15\\\/em-sessao-solene-lotada-juiza-caren-pereira-recebe-o-titulo-de-cidada-estrelense\\\/#primaryimage\",\"url\":\"https:\\\/\\\/folhapopular.info\\\/wp-content\\\/uploads\\\/2023\\\/08\\\/Caren-Cidada-Estrelense-1.jpg\",\"contentUrl\":\"https:\\\/\\\/folhapopular.info\\\/wp-content\\\/uploads\\\/2023\\\/08\\\/Caren-Cidada-Estrelense-1.jpg\",\"width\":1600,\"height\":1066,\"caption\":\"Cr\u00e9dito: J\u00falio C\u00e9sar Lenhard \\\/ AI Prefeitura de Estrela\"},{\"@type\":\"BreadcrumbList\",\"@id\":\"https:\\\/\\\/folhapopular.info\\\/index.php\\\/2023\\\/08\\\/15\\\/em-sessao-solene-lotada-juiza-caren-pereira-recebe-o-titulo-de-cidada-estrelense\\\/#breadcrumb\",\"itemListElement\":[{\"@type\":\"ListItem\",\"position\":1,\"name\":\"In\u00edcio\",\"item\":\"https:\\\/\\\/folhapopular.info\\\/\"},{\"@type\":\"ListItem\",\"position\":2,\"name\":\"Em sess\u00e3o solene lotada, ju\u00edza Caren Pereira recebe o t\u00edtulo de Cidad\u00e3 Estrelense\"}]},{\"@type\":\"WebSite\",\"@id\":\"https:\\\/\\\/folhapopular.info\\\/#website\",\"url\":\"https:\\\/\\\/folhapopular.info\\\/\",\"name\":\"Folha Popular\",\"description\":\"Onde voc\u00ea tem vez e voz\",\"potentialAction\":[{\"@type\":\"SearchAction\",\"target\":{\"@type\":\"EntryPoint\",\"urlTemplate\":\"https:\\\/\\\/folhapopular.info\\\/?s={search_term_string}\"},\"query-input\":{\"@type\":\"PropertyValueSpecification\",\"valueRequired\":true,\"valueName\":\"search_term_string\"}}],\"inLanguage\":\"pt-BR\"},{\"@type\":\"Person\",\"@id\":\"https:\\\/\\\/folhapopular.info\\\/#\\\/schema\\\/person\\\/2814e8a0df7643585a9ca38bc6eb9d4b\",\"name\":\"Reda\u00e7\u00e3o Folha Popular\",\"image\":{\"@type\":\"ImageObject\",\"inLanguage\":\"pt-BR\",\"@id\":\"https:\\\/\\\/folhapopular.info\\\/wp-content\\\/uploads\\\/2026\\\/04\\\/Folha-1.webp\",\"url\":\"https:\\\/\\\/folhapopular.info\\\/wp-content\\\/uploads\\\/2026\\\/04\\\/Folha-1.webp\",\"contentUrl\":\"https:\\\/\\\/folhapopular.info\\\/wp-content\\\/uploads\\\/2026\\\/04\\\/Folha-1.webp\",\"caption\":\"Reda\u00e7\u00e3o Folha Popular\"},\"url\":\"https:\\\/\\\/folhapopular.info\\\/index.php\\\/author\\\/redacao\\\/\"}]}<\/script>\n<!-- \/ Yoast SEO plugin. -->","yoast_head_json":{"title":"Em sess\u00e3o solene lotada, ju\u00edza Caren Pereira recebe o t\u00edtulo de Cidad\u00e3 Estrelense - Folha Popular","robots":{"index":"index","follow":"follow","max-snippet":"max-snippet:-1","max-image-preview":"max-image-preview:large","max-video-preview":"max-video-preview:-1"},"canonical":"https:\/\/folhapopular.info\/index.php\/2023\/08\/15\/em-sessao-solene-lotada-juiza-caren-pereira-recebe-o-titulo-de-cidada-estrelense\/","og_locale":"pt_BR","og_type":"article","og_title":"Em sess\u00e3o solene lotada, ju\u00edza Caren Pereira recebe o t\u00edtulo de Cidad\u00e3 Estrelense - Folha Popular","og_description":"A C\u00e2mara de Vereadores de Estrela realizou, na noite desta segunda-feira (14\/8), sess\u00e3o solene para a entrega do T\u00edtulo de Cidad\u00e3 Estrelense \u00e0 ju\u00edza da Comarca de Estrela, Caren Let\u00edcia Castro Pereira. A homenagem veio por iniciativa do vereador Douglas Daroit (PTB) e teve a assinatura de todos os vereadores. Segundo Daroit, a homenagem diz [&hellip;]","og_url":"https:\/\/folhapopular.info\/index.php\/2023\/08\/15\/em-sessao-solene-lotada-juiza-caren-pereira-recebe-o-titulo-de-cidada-estrelense\/","og_site_name":"Folha Popular","article_published_time":"2023-08-15T19:10:00+00:00","og_image":[{"width":1600,"height":1066,"url":"https:\/\/folhapopular.info\/wp-content\/uploads\/2023\/08\/Caren-Cidada-Estrelense-1.jpg","type":"image\/jpeg"}],"author":"Reda\u00e7\u00e3o Folha Popular","twitter_card":"summary_large_image","twitter_misc":{"Escrito por":"Reda\u00e7\u00e3o Folha Popular","Est. tempo de leitura":"2 minutos"},"schema":{"@context":"https:\/\/schema.org","@graph":[{"@type":"Article","@id":"https:\/\/folhapopular.info\/index.php\/2023\/08\/15\/em-sessao-solene-lotada-juiza-caren-pereira-recebe-o-titulo-de-cidada-estrelense\/#article","isPartOf":{"@id":"https:\/\/folhapopular.info\/index.php\/2023\/08\/15\/em-sessao-solene-lotada-juiza-caren-pereira-recebe-o-titulo-de-cidada-estrelense\/"},"author":{"name":"Reda\u00e7\u00e3o Folha Popular","@id":"https:\/\/folhapopular.info\/#\/schema\/person\/2814e8a0df7643585a9ca38bc6eb9d4b"},"headline":"Em sess\u00e3o solene lotada, ju\u00edza Caren Pereira recebe o t\u00edtulo de Cidad\u00e3 Estrelense","datePublished":"2023-08-15T19:10:00+00:00","mainEntityOfPage":{"@id":"https:\/\/folhapopular.info\/index.php\/2023\/08\/15\/em-sessao-solene-lotada-juiza-caren-pereira-recebe-o-titulo-de-cidada-estrelense\/"},"wordCount":313,"commentCount":0,"image":{"@id":"https:\/\/folhapopular.info\/index.php\/2023\/08\/15\/em-sessao-solene-lotada-juiza-caren-pereira-recebe-o-titulo-de-cidada-estrelense\/#primaryimage"},"thumbnailUrl":"https:\/\/folhapopular.info\/wp-content\/uploads\/2023\/08\/Caren-Cidada-Estrelense-1.jpg","keywords":["Cidad\u00e3 Estrelense","Sess\u00e3o Solene"],"articleSection":["Destaques","Geral"],"inLanguage":"pt-BR","potentialAction":[{"@type":"CommentAction","name":"Comment","target":["https:\/\/folhapopular.info\/index.php\/2023\/08\/15\/em-sessao-solene-lotada-juiza-caren-pereira-recebe-o-titulo-de-cidada-estrelense\/#respond"]}]},{"@type":"WebPage","@id":"https:\/\/folhapopular.info\/index.php\/2023\/08\/15\/em-sessao-solene-lotada-juiza-caren-pereira-recebe-o-titulo-de-cidada-estrelense\/","url":"https:\/\/folhapopular.info\/index.php\/2023\/08\/15\/em-sessao-solene-lotada-juiza-caren-pereira-recebe-o-titulo-de-cidada-estrelense\/","name":"Em sess\u00e3o solene lotada, ju\u00edza Caren Pereira recebe o t\u00edtulo de Cidad\u00e3 Estrelense - Folha Popular","isPartOf":{"@id":"https:\/\/folhapopular.info\/#website"},"primaryImageOfPage":{"@id":"https:\/\/folhapopular.info\/index.php\/2023\/08\/15\/em-sessao-solene-lotada-juiza-caren-pereira-recebe-o-titulo-de-cidada-estrelense\/#primaryimage"},"image":{"@id":"https:\/\/folhapopular.info\/index.php\/2023\/08\/15\/em-sessao-solene-lotada-juiza-caren-pereira-recebe-o-titulo-de-cidada-estrelense\/#primaryimage"},"thumbnailUrl":"https:\/\/folhapopular.info\/wp-content\/uploads\/2023\/08\/Caren-Cidada-Estrelense-1.jpg","datePublished":"2023-08-15T19:10:00+00:00","author":{"@id":"https:\/\/folhapopular.info\/#\/schema\/person\/2814e8a0df7643585a9ca38bc6eb9d4b"},"breadcrumb":{"@id":"https:\/\/folhapopular.info\/index.php\/2023\/08\/15\/em-sessao-solene-lotada-juiza-caren-pereira-recebe-o-titulo-de-cidada-estrelense\/#breadcrumb"},"inLanguage":"pt-BR","potentialAction":[{"@type":"ReadAction","target":["https:\/\/folhapopular.info\/index.php\/2023\/08\/15\/em-sessao-solene-lotada-juiza-caren-pereira-recebe-o-titulo-de-cidada-estrelense\/"]}]},{"@type":"ImageObject","inLanguage":"pt-BR","@id":"https:\/\/folhapopular.info\/index.php\/2023\/08\/15\/em-sessao-solene-lotada-juiza-caren-pereira-recebe-o-titulo-de-cidada-estrelense\/#primaryimage","url":"https:\/\/folhapopular.info\/wp-content\/uploads\/2023\/08\/Caren-Cidada-Estrelense-1.jpg","contentUrl":"https:\/\/folhapopular.info\/wp-content\/uploads\/2023\/08\/Caren-Cidada-Estrelense-1.jpg","width":1600,"height":1066,"caption":"Cr\u00e9dito: J\u00falio C\u00e9sar Lenhard \/ AI Prefeitura de Estrela"},{"@type":"BreadcrumbList","@id":"https:\/\/folhapopular.info\/index.php\/2023\/08\/15\/em-sessao-solene-lotada-juiza-caren-pereira-recebe-o-titulo-de-cidada-estrelense\/#breadcrumb","itemListElement":[{"@type":"ListItem","position":1,"name":"In\u00edcio","item":"https:\/\/folhapopular.info\/"},{"@type":"ListItem","position":2,"name":"Em sess\u00e3o solene lotada, ju\u00edza Caren Pereira recebe o t\u00edtulo de Cidad\u00e3 Estrelense"}]},{"@type":"WebSite","@id":"https:\/\/folhapopular.info\/#website","url":"https:\/\/folhapopular.info\/","name":"Folha Popular","description":"Onde voc\u00ea tem vez e voz","potentialAction":[{"@type":"SearchAction","target":{"@type":"EntryPoint","urlTemplate":"https:\/\/folhapopular.info\/?s={search_term_string}"},"query-input":{"@type":"PropertyValueSpecification","valueRequired":true,"valueName":"search_term_string"}}],"inLanguage":"pt-BR"},{"@type":"Person","@id":"https:\/\/folhapopular.info\/#\/schema\/person\/2814e8a0df7643585a9ca38bc6eb9d4b","name":"Reda\u00e7\u00e3o Folha Popular","image":{"@type":"ImageObject","inLanguage":"pt-BR","@id":"https:\/\/folhapopular.info\/wp-content\/uploads\/2026\/04\/Folha-1.webp","url":"https:\/\/folhapopular.info\/wp-content\/uploads\/2026\/04\/Folha-1.webp","contentUrl":"https:\/\/folhapopular.info\/wp-content\/uploads\/2026\/04\/Folha-1.webp","caption":"Reda\u00e7\u00e3o Folha Popular"},"url":"https:\/\/folhapopular.info\/index.php\/author\/redacao\/"}]}},"jetpack_featured_media_url":"https:\/\/folhapopular.info\/wp-content\/uploads\/2023\/08\/Caren-Cidada-Estrelense-1.jpg","jetpack_sharing_enabled":true,"amp_enabled":true,"_links":{"self":[{"href":"https:\/\/folhapopular.info\/index.php\/wp-json\/wp\/v2\/posts\/137744","targetHints":{"allow":["GET"]}}],"collection":[{"href":"https:\/\/folhapopular.info\/index.php\/wp-json\/wp\/v2\/posts"}],"about":[{"href":"https:\/\/folhapopular.info\/index.php\/wp-json\/wp\/v2\/types\/post"}],"author":[{"embeddable":true,"href":"https:\/\/folhapopular.info\/index.php\/wp-json\/wp\/v2\/users\/8"}],"replies":[{"embeddable":true,"href":"https:\/\/folhapopular.info\/index.php\/wp-json\/wp\/v2\/comments?post=137744"}],"version-history":[{"count":0,"href":"https:\/\/folhapopular.info\/index.php\/wp-json\/wp\/v2\/posts\/137744\/revisions"}],"wp:featuredmedia":[{"embeddable":true,"href":"https:\/\/folhapopular.info\/index.php\/wp-json\/wp\/v2\/media\/137746"}],"wp:attachment":[{"href":"https:\/\/folhapopular.info\/index.php\/wp-json\/wp\/v2\/media?parent=137744"}],"wp:term":[{"taxonomy":"category","embeddable":true,"href":"https:\/\/folhapopular.info\/index.php\/wp-json\/wp\/v2\/categories?post=137744"},{"taxonomy":"post_tag","embeddable":true,"href":"https:\/\/folhapopular.info\/index.php\/wp-json\/wp\/v2\/tags?post=137744"}],"curies":[{"name":"wp","href":"https:\/\/api.w.org\/{rel}","templated":true}]}}