{"id":137840,"date":"2023-08-16T17:15:00","date_gmt":"2023-08-16T20:15:00","guid":{"rendered":"https:\/\/folhapopular.info\/?p=137840"},"modified":"2023-08-16T16:41:59","modified_gmt":"2023-08-16T19:41:59","slug":"buffon-abrira-posto-no-bairro-languiru","status":"publish","type":"post","link":"https:\/\/folhapopular.info\/index.php\/2023\/08\/16\/buffon-abrira-posto-no-bairro-languiru\/","title":{"rendered":"Buffon abrir\u00e1 posto no Bairro Languiru"},"content":{"rendered":"\n<p>O posto de combust\u00edveis situado no trevo de acesso aos bairros Languiru e Alesgut reabrir\u00e1 em breve sob nova dire\u00e7\u00e3o. A rede de Postos Buffon instalou <em>banner<\/em> junto ao pr\u00e9dio para anunciar a novidade. <\/p>\n\n\n\n<p>A negocia\u00e7\u00e3o passou pelo novo locat\u00e1rio do espa\u00e7o, pelo propriet\u00e1rio do im\u00f3vel e pela pr\u00f3pria Languiru, que tinha o uso do posto. O im\u00f3vel \u00e9 de propriedade particular e j\u00e1 abrigou postos de diferentes donos. <\/p>\n\n\n\n<p>Na d\u00e9cada de 90 era Posto Unidos. Depois, foi pioneiro da rede de Postos Fascina. Recentemente, a Cooperativa Languiru operou o posto de combust\u00edveis at\u00e9 o fechamento deste segmento em fun\u00e7\u00e3o da grave crise econ\u00f4mica da cooperativa.<\/p>\n\n\n\n<p>A rede de Postos Buffon possui cerca de 100 postos espalhados pelo Rio Grande do Sul e Santa Catarina, conforme ilustra o site do grupo.<\/p>\n","protected":false},"excerpt":{"rendered":"<p>O posto de combust\u00edveis situado no trevo de acesso aos bairros Languiru e Alesgut reabrir\u00e1 em breve sob nova dire\u00e7\u00e3o. A rede de Postos Buffon instalou banner junto ao pr\u00e9dio para anunciar a novidade. A negocia\u00e7\u00e3o passou pelo novo locat\u00e1rio do espa\u00e7o, pelo propriet\u00e1rio do im\u00f3vel e pela pr\u00f3pria Languiru, que tinha o uso do [&hellip;]<\/p>\n","protected":false},"author":7,"featured_media":137841,"comment_status":"open","ping_status":"open","sticky":false,"template":"","format":"standard","meta":{"pmpro_default_level":"","_jetpack_memberships_contains_paid_content":false,"footnotes":""},"categories":[2,3],"tags":[217,12966],"class_list":{"0":"post-137840","1":"post","2":"type-post","3":"status-publish","4":"format-standard","5":"has-post-thumbnail","7":"category-featured","8":"category-geral","9":"tag-bairro-languiru","10":"tag-buffon","11":"pmpro-has-access"},"yoast_head":"<!-- This site is optimized with the Yoast SEO plugin v27.4 - https:\/\/yoast.com\/product\/yoast-seo-wordpress\/ -->\n<title>Buffon abrir\u00e1 posto no Bairro Languiru - Folha Popular<\/title>\n<meta name=\"robots\" content=\"index, follow, max-snippet:-1, max-image-preview:large, max-video-preview:-1\" \/>\n<link rel=\"canonical\" href=\"https:\/\/folhapopular.info\/index.php\/2023\/08\/16\/buffon-abrira-posto-no-bairro-languiru\/\" \/>\n<meta property=\"og:locale\" content=\"pt_BR\" \/>\n<meta property=\"og:type\" content=\"article\" \/>\n<meta property=\"og:title\" content=\"Buffon abrir\u00e1 posto no Bairro Languiru - Folha Popular\" \/>\n<meta property=\"og:description\" content=\"O posto de combust\u00edveis situado no trevo de acesso aos bairros Languiru e Alesgut reabrir\u00e1 em breve sob nova dire\u00e7\u00e3o. A rede de Postos Buffon instalou banner junto ao pr\u00e9dio para anunciar a novidade. A negocia\u00e7\u00e3o passou pelo novo locat\u00e1rio do espa\u00e7o, pelo propriet\u00e1rio do im\u00f3vel e pela pr\u00f3pria Languiru, que tinha o uso do [&hellip;]\" \/>\n<meta property=\"og:url\" content=\"https:\/\/folhapopular.info\/index.php\/2023\/08\/16\/buffon-abrira-posto-no-bairro-languiru\/\" \/>\n<meta property=\"og:site_name\" content=\"Folha Popular\" \/>\n<meta property=\"article:published_time\" content=\"2023-08-16T20:15:00+00:00\" \/>\n<meta property=\"og:image\" content=\"https:\/\/folhapopular.info\/wp-content\/uploads\/2023\/08\/WhatsApp-Image-2023-08-16-at-16.27.40.jpeg\" \/>\n\t<meta property=\"og:image:width\" content=\"1024\" \/>\n\t<meta property=\"og:image:height\" content=\"768\" \/>\n\t<meta property=\"og:image:type\" content=\"image\/jpeg\" \/>\n<meta name=\"author\" content=\"Lucas Leandro Brune\" \/>\n<meta name=\"twitter:card\" content=\"summary_large_image\" \/>\n<meta name=\"twitter:label1\" content=\"Escrito por\" \/>\n\t<meta name=\"twitter:data1\" content=\"Lucas Leandro Brune\" \/>\n\t<meta name=\"twitter:label2\" content=\"Est. tempo de leitura\" \/>\n\t<meta name=\"twitter:data2\" content=\"1 minuto\" \/>\n<script type=\"application\/ld+json\" class=\"yoast-schema-graph\">{\"@context\":\"https:\\\/\\\/schema.org\",\"@graph\":[{\"@type\":\"Article\",\"@id\":\"https:\\\/\\\/folhapopular.info\\\/index.php\\\/2023\\\/08\\\/16\\\/buffon-abrira-posto-no-bairro-languiru\\\/#article\",\"isPartOf\":{\"@id\":\"https:\\\/\\\/folhapopular.info\\\/index.php\\\/2023\\\/08\\\/16\\\/buffon-abrira-posto-no-bairro-languiru\\\/\"},\"author\":{\"name\":\"Lucas Leandro Brune\",\"@id\":\"https:\\\/\\\/folhapopular.info\\\/#\\\/schema\\\/person\\\/533a15f60cd49e81ab3a90b4ca33cb36\"},\"headline\":\"Buffon abrir\u00e1 posto no Bairro Languiru\",\"datePublished\":\"2023-08-16T20:15:00+00:00\",\"mainEntityOfPage\":{\"@id\":\"https:\\\/\\\/folhapopular.info\\\/index.php\\\/2023\\\/08\\\/16\\\/buffon-abrira-posto-no-bairro-languiru\\\/\"},\"wordCount\":148,\"commentCount\":0,\"image\":{\"@id\":\"https:\\\/\\\/folhapopular.info\\\/index.php\\\/2023\\\/08\\\/16\\\/buffon-abrira-posto-no-bairro-languiru\\\/#primaryimage\"},\"thumbnailUrl\":\"https:\\\/\\\/folhapopular.info\\\/wp-content\\\/uploads\\\/2023\\\/08\\\/WhatsApp-Image-2023-08-16-at-16.27.40.jpeg\",\"keywords\":[\"Bairro Languiru\",\"Buffon\"],\"articleSection\":[\"Destaques\",\"Geral\"],\"inLanguage\":\"pt-BR\",\"potentialAction\":[{\"@type\":\"CommentAction\",\"name\":\"Comment\",\"target\":[\"https:\\\/\\\/folhapopular.info\\\/index.php\\\/2023\\\/08\\\/16\\\/buffon-abrira-posto-no-bairro-languiru\\\/#respond\"]}]},{\"@type\":\"WebPage\",\"@id\":\"https:\\\/\\\/folhapopular.info\\\/index.php\\\/2023\\\/08\\\/16\\\/buffon-abrira-posto-no-bairro-languiru\\\/\",\"url\":\"https:\\\/\\\/folhapopular.info\\\/index.php\\\/2023\\\/08\\\/16\\\/buffon-abrira-posto-no-bairro-languiru\\\/\",\"name\":\"Buffon abrir\u00e1 posto no Bairro Languiru - Folha Popular\",\"isPartOf\":{\"@id\":\"https:\\\/\\\/folhapopular.info\\\/#website\"},\"primaryImageOfPage\":{\"@id\":\"https:\\\/\\\/folhapopular.info\\\/index.php\\\/2023\\\/08\\\/16\\\/buffon-abrira-posto-no-bairro-languiru\\\/#primaryimage\"},\"image\":{\"@id\":\"https:\\\/\\\/folhapopular.info\\\/index.php\\\/2023\\\/08\\\/16\\\/buffon-abrira-posto-no-bairro-languiru\\\/#primaryimage\"},\"thumbnailUrl\":\"https:\\\/\\\/folhapopular.info\\\/wp-content\\\/uploads\\\/2023\\\/08\\\/WhatsApp-Image-2023-08-16-at-16.27.40.jpeg\",\"datePublished\":\"2023-08-16T20:15:00+00:00\",\"author\":{\"@id\":\"https:\\\/\\\/folhapopular.info\\\/#\\\/schema\\\/person\\\/533a15f60cd49e81ab3a90b4ca33cb36\"},\"breadcrumb\":{\"@id\":\"https:\\\/\\\/folhapopular.info\\\/index.php\\\/2023\\\/08\\\/16\\\/buffon-abrira-posto-no-bairro-languiru\\\/#breadcrumb\"},\"inLanguage\":\"pt-BR\",\"potentialAction\":[{\"@type\":\"ReadAction\",\"target\":[\"https:\\\/\\\/folhapopular.info\\\/index.php\\\/2023\\\/08\\\/16\\\/buffon-abrira-posto-no-bairro-languiru\\\/\"]}]},{\"@type\":\"ImageObject\",\"inLanguage\":\"pt-BR\",\"@id\":\"https:\\\/\\\/folhapopular.info\\\/index.php\\\/2023\\\/08\\\/16\\\/buffon-abrira-posto-no-bairro-languiru\\\/#primaryimage\",\"url\":\"https:\\\/\\\/folhapopular.info\\\/wp-content\\\/uploads\\\/2023\\\/08\\\/WhatsApp-Image-2023-08-16-at-16.27.40.jpeg\",\"contentUrl\":\"https:\\\/\\\/folhapopular.info\\\/wp-content\\\/uploads\\\/2023\\\/08\\\/WhatsApp-Image-2023-08-16-at-16.27.40.jpeg\",\"width\":1024,\"height\":768,\"caption\":\"Buffon j\u00e1 anunciou que abrir\u00e1 posto de combust\u00edveis em Teut\u00f4nia. Cr\u00e9dito: Lucas Leandro Brune\"},{\"@type\":\"BreadcrumbList\",\"@id\":\"https:\\\/\\\/folhapopular.info\\\/index.php\\\/2023\\\/08\\\/16\\\/buffon-abrira-posto-no-bairro-languiru\\\/#breadcrumb\",\"itemListElement\":[{\"@type\":\"ListItem\",\"position\":1,\"name\":\"In\u00edcio\",\"item\":\"https:\\\/\\\/folhapopular.info\\\/\"},{\"@type\":\"ListItem\",\"position\":2,\"name\":\"Buffon abrir\u00e1 posto no Bairro Languiru\"}]},{\"@type\":\"WebSite\",\"@id\":\"https:\\\/\\\/folhapopular.info\\\/#website\",\"url\":\"https:\\\/\\\/folhapopular.info\\\/\",\"name\":\"Folha Popular\",\"description\":\"Onde voc\u00ea tem vez e voz\",\"potentialAction\":[{\"@type\":\"SearchAction\",\"target\":{\"@type\":\"EntryPoint\",\"urlTemplate\":\"https:\\\/\\\/folhapopular.info\\\/?s={search_term_string}\"},\"query-input\":{\"@type\":\"PropertyValueSpecification\",\"valueRequired\":true,\"valueName\":\"search_term_string\"}}],\"inLanguage\":\"pt-BR\"},{\"@type\":\"Person\",\"@id\":\"https:\\\/\\\/folhapopular.info\\\/#\\\/schema\\\/person\\\/533a15f60cd49e81ab3a90b4ca33cb36\",\"name\":\"Lucas Leandro Brune\",\"image\":{\"@type\":\"ImageObject\",\"inLanguage\":\"pt-BR\",\"@id\":\"https:\\\/\\\/folhapopular.info\\\/wp-content\\\/uploads\\\/2026\\\/04\\\/LUCAS-1-1.webp\",\"url\":\"https:\\\/\\\/folhapopular.info\\\/wp-content\\\/uploads\\\/2026\\\/04\\\/LUCAS-1-1.webp\",\"contentUrl\":\"https:\\\/\\\/folhapopular.info\\\/wp-content\\\/uploads\\\/2026\\\/04\\\/LUCAS-1-1.webp\",\"caption\":\"Lucas Leandro Brune\"},\"description\":\"Jornalista Profissional Diplomado MTB\\\/RS 14.333\",\"url\":\"https:\\\/\\\/folhapopular.info\\\/index.php\\\/author\\\/lucas-brune\\\/\"}]}<\/script>\n<!-- \/ Yoast SEO plugin. -->","yoast_head_json":{"title":"Buffon abrir\u00e1 posto no Bairro Languiru - Folha Popular","robots":{"index":"index","follow":"follow","max-snippet":"max-snippet:-1","max-image-preview":"max-image-preview:large","max-video-preview":"max-video-preview:-1"},"canonical":"https:\/\/folhapopular.info\/index.php\/2023\/08\/16\/buffon-abrira-posto-no-bairro-languiru\/","og_locale":"pt_BR","og_type":"article","og_title":"Buffon abrir\u00e1 posto no Bairro Languiru - Folha Popular","og_description":"O posto de combust\u00edveis situado no trevo de acesso aos bairros Languiru e Alesgut reabrir\u00e1 em breve sob nova dire\u00e7\u00e3o. A rede de Postos Buffon instalou banner junto ao pr\u00e9dio para anunciar a novidade. A negocia\u00e7\u00e3o passou pelo novo locat\u00e1rio do espa\u00e7o, pelo propriet\u00e1rio do im\u00f3vel e pela pr\u00f3pria Languiru, que tinha o uso do [&hellip;]","og_url":"https:\/\/folhapopular.info\/index.php\/2023\/08\/16\/buffon-abrira-posto-no-bairro-languiru\/","og_site_name":"Folha Popular","article_published_time":"2023-08-16T20:15:00+00:00","og_image":[{"width":1024,"height":768,"url":"https:\/\/folhapopular.info\/wp-content\/uploads\/2023\/08\/WhatsApp-Image-2023-08-16-at-16.27.40.jpeg","type":"image\/jpeg"}],"author":"Lucas Leandro Brune","twitter_card":"summary_large_image","twitter_misc":{"Escrito por":"Lucas Leandro Brune","Est. tempo de leitura":"1 minuto"},"schema":{"@context":"https:\/\/schema.org","@graph":[{"@type":"Article","@id":"https:\/\/folhapopular.info\/index.php\/2023\/08\/16\/buffon-abrira-posto-no-bairro-languiru\/#article","isPartOf":{"@id":"https:\/\/folhapopular.info\/index.php\/2023\/08\/16\/buffon-abrira-posto-no-bairro-languiru\/"},"author":{"name":"Lucas Leandro Brune","@id":"https:\/\/folhapopular.info\/#\/schema\/person\/533a15f60cd49e81ab3a90b4ca33cb36"},"headline":"Buffon abrir\u00e1 posto no Bairro Languiru","datePublished":"2023-08-16T20:15:00+00:00","mainEntityOfPage":{"@id":"https:\/\/folhapopular.info\/index.php\/2023\/08\/16\/buffon-abrira-posto-no-bairro-languiru\/"},"wordCount":148,"commentCount":0,"image":{"@id":"https:\/\/folhapopular.info\/index.php\/2023\/08\/16\/buffon-abrira-posto-no-bairro-languiru\/#primaryimage"},"thumbnailUrl":"https:\/\/folhapopular.info\/wp-content\/uploads\/2023\/08\/WhatsApp-Image-2023-08-16-at-16.27.40.jpeg","keywords":["Bairro Languiru","Buffon"],"articleSection":["Destaques","Geral"],"inLanguage":"pt-BR","potentialAction":[{"@type":"CommentAction","name":"Comment","target":["https:\/\/folhapopular.info\/index.php\/2023\/08\/16\/buffon-abrira-posto-no-bairro-languiru\/#respond"]}]},{"@type":"WebPage","@id":"https:\/\/folhapopular.info\/index.php\/2023\/08\/16\/buffon-abrira-posto-no-bairro-languiru\/","url":"https:\/\/folhapopular.info\/index.php\/2023\/08\/16\/buffon-abrira-posto-no-bairro-languiru\/","name":"Buffon abrir\u00e1 posto no Bairro Languiru - Folha Popular","isPartOf":{"@id":"https:\/\/folhapopular.info\/#website"},"primaryImageOfPage":{"@id":"https:\/\/folhapopular.info\/index.php\/2023\/08\/16\/buffon-abrira-posto-no-bairro-languiru\/#primaryimage"},"image":{"@id":"https:\/\/folhapopular.info\/index.php\/2023\/08\/16\/buffon-abrira-posto-no-bairro-languiru\/#primaryimage"},"thumbnailUrl":"https:\/\/folhapopular.info\/wp-content\/uploads\/2023\/08\/WhatsApp-Image-2023-08-16-at-16.27.40.jpeg","datePublished":"2023-08-16T20:15:00+00:00","author":{"@id":"https:\/\/folhapopular.info\/#\/schema\/person\/533a15f60cd49e81ab3a90b4ca33cb36"},"breadcrumb":{"@id":"https:\/\/folhapopular.info\/index.php\/2023\/08\/16\/buffon-abrira-posto-no-bairro-languiru\/#breadcrumb"},"inLanguage":"pt-BR","potentialAction":[{"@type":"ReadAction","target":["https:\/\/folhapopular.info\/index.php\/2023\/08\/16\/buffon-abrira-posto-no-bairro-languiru\/"]}]},{"@type":"ImageObject","inLanguage":"pt-BR","@id":"https:\/\/folhapopular.info\/index.php\/2023\/08\/16\/buffon-abrira-posto-no-bairro-languiru\/#primaryimage","url":"https:\/\/folhapopular.info\/wp-content\/uploads\/2023\/08\/WhatsApp-Image-2023-08-16-at-16.27.40.jpeg","contentUrl":"https:\/\/folhapopular.info\/wp-content\/uploads\/2023\/08\/WhatsApp-Image-2023-08-16-at-16.27.40.jpeg","width":1024,"height":768,"caption":"Buffon j\u00e1 anunciou que abrir\u00e1 posto de combust\u00edveis em Teut\u00f4nia. Cr\u00e9dito: Lucas Leandro Brune"},{"@type":"BreadcrumbList","@id":"https:\/\/folhapopular.info\/index.php\/2023\/08\/16\/buffon-abrira-posto-no-bairro-languiru\/#breadcrumb","itemListElement":[{"@type":"ListItem","position":1,"name":"In\u00edcio","item":"https:\/\/folhapopular.info\/"},{"@type":"ListItem","position":2,"name":"Buffon abrir\u00e1 posto no Bairro Languiru"}]},{"@type":"WebSite","@id":"https:\/\/folhapopular.info\/#website","url":"https:\/\/folhapopular.info\/","name":"Folha Popular","description":"Onde voc\u00ea tem vez e voz","potentialAction":[{"@type":"SearchAction","target":{"@type":"EntryPoint","urlTemplate":"https:\/\/folhapopular.info\/?s={search_term_string}"},"query-input":{"@type":"PropertyValueSpecification","valueRequired":true,"valueName":"search_term_string"}}],"inLanguage":"pt-BR"},{"@type":"Person","@id":"https:\/\/folhapopular.info\/#\/schema\/person\/533a15f60cd49e81ab3a90b4ca33cb36","name":"Lucas Leandro Brune","image":{"@type":"ImageObject","inLanguage":"pt-BR","@id":"https:\/\/folhapopular.info\/wp-content\/uploads\/2026\/04\/LUCAS-1-1.webp","url":"https:\/\/folhapopular.info\/wp-content\/uploads\/2026\/04\/LUCAS-1-1.webp","contentUrl":"https:\/\/folhapopular.info\/wp-content\/uploads\/2026\/04\/LUCAS-1-1.webp","caption":"Lucas Leandro Brune"},"description":"Jornalista Profissional Diplomado MTB\/RS 14.333","url":"https:\/\/folhapopular.info\/index.php\/author\/lucas-brune\/"}]}},"jetpack_featured_media_url":"https:\/\/folhapopular.info\/wp-content\/uploads\/2023\/08\/WhatsApp-Image-2023-08-16-at-16.27.40.jpeg","jetpack_sharing_enabled":true,"amp_enabled":true,"_links":{"self":[{"href":"https:\/\/folhapopular.info\/index.php\/wp-json\/wp\/v2\/posts\/137840","targetHints":{"allow":["GET"]}}],"collection":[{"href":"https:\/\/folhapopular.info\/index.php\/wp-json\/wp\/v2\/posts"}],"about":[{"href":"https:\/\/folhapopular.info\/index.php\/wp-json\/wp\/v2\/types\/post"}],"author":[{"embeddable":true,"href":"https:\/\/folhapopular.info\/index.php\/wp-json\/wp\/v2\/users\/7"}],"replies":[{"embeddable":true,"href":"https:\/\/folhapopular.info\/index.php\/wp-json\/wp\/v2\/comments?post=137840"}],"version-history":[{"count":0,"href":"https:\/\/folhapopular.info\/index.php\/wp-json\/wp\/v2\/posts\/137840\/revisions"}],"wp:featuredmedia":[{"embeddable":true,"href":"https:\/\/folhapopular.info\/index.php\/wp-json\/wp\/v2\/media\/137841"}],"wp:attachment":[{"href":"https:\/\/folhapopular.info\/index.php\/wp-json\/wp\/v2\/media?parent=137840"}],"wp:term":[{"taxonomy":"category","embeddable":true,"href":"https:\/\/folhapopular.info\/index.php\/wp-json\/wp\/v2\/categories?post=137840"},{"taxonomy":"post_tag","embeddable":true,"href":"https:\/\/folhapopular.info\/index.php\/wp-json\/wp\/v2\/tags?post=137840"}],"curies":[{"name":"wp","href":"https:\/\/api.w.org\/{rel}","templated":true}]}}