{"id":138059,"date":"2023-08-20T21:51:17","date_gmt":"2023-08-21T00:51:17","guid":{"rendered":"https:\/\/folhapopular.info\/?p=138059"},"modified":"2023-08-20T22:00:07","modified_gmt":"2023-08-21T01:00:07","slug":"comunidade-presente-na-chegada-do-fogo-simbolico-da-patria-a-teutonia","status":"publish","type":"post","link":"https:\/\/folhapopular.info\/index.php\/2023\/08\/20\/comunidade-presente-na-chegada-do-fogo-simbolico-da-patria-a-teutonia\/","title":{"rendered":"Comunidade presente na chegada do Fogo Simb\u00f3lico da P\u00e1tria a Teut\u00f4nia"},"content":{"rendered":"\n<p>A 86\u00aa Edi\u00e7\u00e3o da Corrida do Fogo Simb\u00f3lico da P\u00e1tria chegou neste domingo (20\/8) a Teut\u00f4nia. Buscando incentivar o amor \u00e0 p\u00e1tria, resgatar valores e o civismo, esta \u00e9 a segunda vez consecutiva que a chama vem ao munic\u00edpio. A atividade busca propagar o lema \u201cA alma de uma na\u00e7\u00e3o \u00e9 o esp\u00edrito patri\u00f3tico de seu povo\u201d, com tema nacional homenageando Rui Barbosa, e tema estadual, a Revolu\u00e7\u00e3o de 1923. <\/p>\n\n\n\n<p>A corrida \u00e9 uma realiza\u00e7\u00e3o da Liga de Defesa Nacional, organizada pela Associa\u00e7\u00e3o dos Veteranos e Amigos da 1\u00aa Companhia de Guardas, patroc\u00ednio da empresa Vi\u00e9vi Autom\u00f3veis e apoio da prefeitura e Mercado Frederico.<\/p>\n\n\n\n<p>O fogo simb\u00f3lico foi conduzido pela Pol\u00edcia Rodovi\u00e1ria Estadual (PRE), Brigada Militar, Corpo de Bombeiros Volunt\u00e1rios e Departamento Municipal de Tr\u00e2nsito, em carreata pela ERS-128 (Via L\u00e1ctea) at\u00e9 o trevo da Rua Major Bandeira, no Bairro Languiru. Ap\u00f3s, ingressou na Avenida Um Leste. Ciclistas e cavaleiros do movimento tradicionalista participaram do trajeto, que iniciou pr\u00f3ximo ao CTG Rinc\u00e3o das Coxilhas e seguiu at\u00e9 a Prefeitura.<\/p>\n\n\n\n<p>Durante a solenidade, a Orquestra Henrique Uebel, sob reg\u00eancia do maestro Lucas Eduardo Grave, realizou a recep\u00e7\u00e3o ao p\u00fablico e interpretou o Hino Nacional Brasileiro. A Brigada Mirim se fez presente novamente neste ano, sob coordena\u00e7\u00e3o do Soldado Valdoir Teixeira dos Santos. Eles realizaram a ordem unida seguida de uma can\u00e7\u00e3o. Os Gide\u00f5es Mirins tamb\u00e9m fizeram sua apresenta\u00e7\u00e3o.<\/p>\n\n\n\n<h2 class=\"wp-block-heading\">Homenagens<\/h2>\n\n\n\n<p>O Munic\u00edpio e os representantes da Associa\u00e7\u00e3o dos Veteranos e Amigos da 1\u00aa Companhia de Guardas homenagearam a Defesa Civil e o Corpo de Bombeiros Volunt\u00e1rios de Teut\u00f4nia pelo trabalho desenvolvido na cidade, em especial no dia 16 de junho, quando mais de 50 fam\u00edlias tiveram suas casas atingidas por uma das maiores enchentes da hist\u00f3ria do munic\u00edpio.<\/p>\n\n\n\n<p>Ap\u00f3s, os representantes da Liga de Defesa Nacional homenagearam o prefeito Celso Forneck, em nome de todos os mun\u00edcipes, com medalha e certificado pela participa\u00e7\u00e3o da corrida em 2022. <\/p>\n\n\n\n<figure class=\"wp-block-gallery has-nested-images columns-default is-cropped wp-block-gallery-1 is-layout-flex wp-block-gallery-is-layout-flex\">\n<figure class=\"wp-block-image size-large is-style-default\"><img loading=\"lazy\" decoding=\"async\" width=\"1024\" height=\"768\" data-id=\"138060\" src=\"https:\/\/folhapopular.info\/wp-content\/uploads\/2023\/08\/IMG_5430-1024x768.png\" alt=\"\" class=\"wp-image-138060\" srcset=\"https:\/\/folhapopular.info\/wp-content\/uploads\/2023\/08\/IMG_5430-1024x768.png 1024w, https:\/\/folhapopular.info\/wp-content\/uploads\/2023\/08\/IMG_5430-300x225.png 300w, https:\/\/folhapopular.info\/wp-content\/uploads\/2023\/08\/IMG_5430-768x576.png 768w, https:\/\/folhapopular.info\/wp-content\/uploads\/2023\/08\/IMG_5430-1536x1152.png 1536w, https:\/\/folhapopular.info\/wp-content\/uploads\/2023\/08\/IMG_5430-2048x1536.png 2048w, https:\/\/folhapopular.info\/wp-content\/uploads\/2023\/08\/IMG_5430-696x522.png 696w, https:\/\/folhapopular.info\/wp-content\/uploads\/2023\/08\/IMG_5430-1068x801.png 1068w, https:\/\/folhapopular.info\/wp-content\/uploads\/2023\/08\/IMG_5430-1920x1440.png 1920w\" sizes=\"auto, (max-width: 1024px) 100vw, 1024px\" \/><figcaption class=\"wp-element-caption\">Chegada do fogo ao Centro Administrativo. Cr\u00e9dito: Camille Lenz da Silva<\/figcaption><\/figure>\n\n\n\n<figure class=\"wp-block-image size-large\"><img loading=\"lazy\" decoding=\"async\" width=\"768\" height=\"1024\" data-id=\"138061\" src=\"https:\/\/folhapopular.info\/wp-content\/uploads\/2023\/08\/IMG_5439-768x1024.png\" alt=\"\" class=\"wp-image-138061\" srcset=\"https:\/\/folhapopular.info\/wp-content\/uploads\/2023\/08\/IMG_5439-768x1024.png 768w, https:\/\/folhapopular.info\/wp-content\/uploads\/2023\/08\/IMG_5439-225x300.png 225w, https:\/\/folhapopular.info\/wp-content\/uploads\/2023\/08\/IMG_5439-1152x1536.png 1152w, https:\/\/folhapopular.info\/wp-content\/uploads\/2023\/08\/IMG_5439-1536x2048.png 1536w, https:\/\/folhapopular.info\/wp-content\/uploads\/2023\/08\/IMG_5439-696x928.png 696w, https:\/\/folhapopular.info\/wp-content\/uploads\/2023\/08\/IMG_5439-1068x1424.png 1068w, https:\/\/folhapopular.info\/wp-content\/uploads\/2023\/08\/IMG_5439-1920x2560.png 1920w\" sizes=\"auto, (max-width: 768px) 100vw, 768px\" \/><figcaption class=\"wp-element-caption\">Membros da Liga de Defesa Nacional com o fogo simb\u00f3lico. Cr\u00e9dito: Camille Lenz da Silva<\/figcaption><\/figure>\n\n\n\n<figure class=\"wp-block-image size-large\"><img loading=\"lazy\" decoding=\"async\" width=\"678\" height=\"1024\" data-id=\"138066\" src=\"https:\/\/folhapopular.info\/wp-content\/uploads\/2023\/08\/IMG_5665-678x1024.jpg\" alt=\"\" class=\"wp-image-138066\" srcset=\"https:\/\/folhapopular.info\/wp-content\/uploads\/2023\/08\/IMG_5665-678x1024.jpg 678w, https:\/\/folhapopular.info\/wp-content\/uploads\/2023\/08\/IMG_5665-199x300.jpg 199w, https:\/\/folhapopular.info\/wp-content\/uploads\/2023\/08\/IMG_5665-768x1159.jpg 768w, https:\/\/folhapopular.info\/wp-content\/uploads\/2023\/08\/IMG_5665-696x1051.jpg 696w, https:\/\/folhapopular.info\/wp-content\/uploads\/2023\/08\/IMG_5665.jpg 828w\" sizes=\"auto, (max-width: 678px) 100vw, 678px\" \/><\/figure>\n\n\n\n<figure class=\"wp-block-image size-large\"><img loading=\"lazy\" decoding=\"async\" width=\"1024\" height=\"768\" data-id=\"138062\" src=\"https:\/\/folhapopular.info\/wp-content\/uploads\/2023\/08\/IMG_5541-1024x768.png\" alt=\"\" class=\"wp-image-138062\" srcset=\"https:\/\/folhapopular.info\/wp-content\/uploads\/2023\/08\/IMG_5541-1024x768.png 1024w, https:\/\/folhapopular.info\/wp-content\/uploads\/2023\/08\/IMG_5541-300x225.png 300w, https:\/\/folhapopular.info\/wp-content\/uploads\/2023\/08\/IMG_5541-768x576.png 768w, https:\/\/folhapopular.info\/wp-content\/uploads\/2023\/08\/IMG_5541-1536x1152.png 1536w, https:\/\/folhapopular.info\/wp-content\/uploads\/2023\/08\/IMG_5541-2048x1536.png 2048w, https:\/\/folhapopular.info\/wp-content\/uploads\/2023\/08\/IMG_5541-696x522.png 696w, https:\/\/folhapopular.info\/wp-content\/uploads\/2023\/08\/IMG_5541-1068x801.png 1068w, https:\/\/folhapopular.info\/wp-content\/uploads\/2023\/08\/IMG_5541-1920x1440.png 1920w\" sizes=\"auto, (max-width: 1024px) 100vw, 1024px\" \/><figcaption class=\"wp-element-caption\">Secret\u00e1rio de Planejamento e Mobilidade Urbana e coordenador da Defesa Civil, Pablo Jeremias Chrestani, recebeu homenagem. Cr\u00e9dito: Camille Lenz da Silva<\/figcaption><\/figure>\n\n\n\n<figure class=\"wp-block-image size-large\"><img loading=\"lazy\" decoding=\"async\" width=\"1024\" height=\"768\" data-id=\"138063\" src=\"https:\/\/folhapopular.info\/wp-content\/uploads\/2023\/08\/IMG_5547-1024x768.png\" alt=\"\" class=\"wp-image-138063\" srcset=\"https:\/\/folhapopular.info\/wp-content\/uploads\/2023\/08\/IMG_5547-1024x768.png 1024w, https:\/\/folhapopular.info\/wp-content\/uploads\/2023\/08\/IMG_5547-300x225.png 300w, https:\/\/folhapopular.info\/wp-content\/uploads\/2023\/08\/IMG_5547-768x576.png 768w, https:\/\/folhapopular.info\/wp-content\/uploads\/2023\/08\/IMG_5547-1536x1152.png 1536w, https:\/\/folhapopular.info\/wp-content\/uploads\/2023\/08\/IMG_5547-2048x1536.png 2048w, https:\/\/folhapopular.info\/wp-content\/uploads\/2023\/08\/IMG_5547-696x522.png 696w, https:\/\/folhapopular.info\/wp-content\/uploads\/2023\/08\/IMG_5547-1068x801.png 1068w, https:\/\/folhapopular.info\/wp-content\/uploads\/2023\/08\/IMG_5547-1920x1440.png 1920w\" sizes=\"auto, (max-width: 1024px) 100vw, 1024px\" \/><figcaption class=\"wp-element-caption\">CBVT recebeu homenagem. Cr\u00e9dito: Camille Lenz da Silva<\/figcaption><\/figure>\n\n\n\n<figure class=\"wp-block-image size-large\"><img loading=\"lazy\" decoding=\"async\" width=\"768\" height=\"1024\" data-id=\"138064\" src=\"https:\/\/folhapopular.info\/wp-content\/uploads\/2023\/08\/IMG_5559-768x1024.png\" alt=\"\" class=\"wp-image-138064\" srcset=\"https:\/\/folhapopular.info\/wp-content\/uploads\/2023\/08\/IMG_5559-768x1024.png 768w, https:\/\/folhapopular.info\/wp-content\/uploads\/2023\/08\/IMG_5559-225x300.png 225w, https:\/\/folhapopular.info\/wp-content\/uploads\/2023\/08\/IMG_5559-1152x1536.png 1152w, https:\/\/folhapopular.info\/wp-content\/uploads\/2023\/08\/IMG_5559-1536x2048.png 1536w, https:\/\/folhapopular.info\/wp-content\/uploads\/2023\/08\/IMG_5559-696x928.png 696w, https:\/\/folhapopular.info\/wp-content\/uploads\/2023\/08\/IMG_5559-1068x1424.png 1068w, https:\/\/folhapopular.info\/wp-content\/uploads\/2023\/08\/IMG_5559-1920x2560.png 1920w\" sizes=\"auto, (max-width: 768px) 100vw, 768px\" \/><figcaption class=\"wp-element-caption\">Forneck recebeu a medalha Paladino do Civismo. Cr\u00e9dito: Camille Lenz da Silva<\/figcaption><\/figure>\n\n\n\n<figure class=\"wp-block-image size-large\"><img loading=\"lazy\" decoding=\"async\" width=\"1024\" height=\"768\" data-id=\"138067\" src=\"https:\/\/folhapopular.info\/wp-content\/uploads\/2023\/08\/IMG_5564-1024x768.png\" alt=\"\" class=\"wp-image-138067\" srcset=\"https:\/\/folhapopular.info\/wp-content\/uploads\/2023\/08\/IMG_5564-1024x768.png 1024w, https:\/\/folhapopular.info\/wp-content\/uploads\/2023\/08\/IMG_5564-300x225.png 300w, https:\/\/folhapopular.info\/wp-content\/uploads\/2023\/08\/IMG_5564-768x576.png 768w, https:\/\/folhapopular.info\/wp-content\/uploads\/2023\/08\/IMG_5564-1536x1152.png 1536w, https:\/\/folhapopular.info\/wp-content\/uploads\/2023\/08\/IMG_5564-2048x1536.png 2048w, https:\/\/folhapopular.info\/wp-content\/uploads\/2023\/08\/IMG_5564-696x522.png 696w, https:\/\/folhapopular.info\/wp-content\/uploads\/2023\/08\/IMG_5564-1068x801.png 1068w, https:\/\/folhapopular.info\/wp-content\/uploads\/2023\/08\/IMG_5564-1920x1440.png 1920w\" sizes=\"auto, (max-width: 1024px) 100vw, 1024px\" \/><figcaption class=\"wp-element-caption\">Apresenta\u00e7\u00e3o da Brigada Mirim. Cr\u00e9dito: Camille Lenz da Silva<\/figcaption><\/figure>\n\n\n\n<figure class=\"wp-block-image size-large\"><img loading=\"lazy\" decoding=\"async\" width=\"1024\" height=\"768\" data-id=\"138068\" src=\"https:\/\/folhapopular.info\/wp-content\/uploads\/2023\/08\/IMG_5577-1024x768.png\" alt=\"\" class=\"wp-image-138068\" srcset=\"https:\/\/folhapopular.info\/wp-content\/uploads\/2023\/08\/IMG_5577-1024x768.png 1024w, https:\/\/folhapopular.info\/wp-content\/uploads\/2023\/08\/IMG_5577-300x225.png 300w, https:\/\/folhapopular.info\/wp-content\/uploads\/2023\/08\/IMG_5577-768x576.png 768w, https:\/\/folhapopular.info\/wp-content\/uploads\/2023\/08\/IMG_5577-1536x1152.png 1536w, https:\/\/folhapopular.info\/wp-content\/uploads\/2023\/08\/IMG_5577-2048x1536.png 2048w, https:\/\/folhapopular.info\/wp-content\/uploads\/2023\/08\/IMG_5577-696x522.png 696w, https:\/\/folhapopular.info\/wp-content\/uploads\/2023\/08\/IMG_5577-1068x801.png 1068w, https:\/\/folhapopular.info\/wp-content\/uploads\/2023\/08\/IMG_5577-1920x1440.png 1920w\" sizes=\"auto, (max-width: 1024px) 100vw, 1024px\" \/><figcaption class=\"wp-element-caption\">Apresenta\u00e7\u00e3o dos Gide\u00f5es Mirins. Cr\u00e9dito: Camille Lenz da Silva<\/figcaption><\/figure>\n\n\n\n<figure class=\"wp-block-image size-large\"><img loading=\"lazy\" decoding=\"async\" width=\"1024\" height=\"768\" data-id=\"138070\" src=\"https:\/\/folhapopular.info\/wp-content\/uploads\/2023\/08\/IMG_5521-1024x768.png\" alt=\"\" class=\"wp-image-138070\" srcset=\"https:\/\/folhapopular.info\/wp-content\/uploads\/2023\/08\/IMG_5521-1024x768.png 1024w, https:\/\/folhapopular.info\/wp-content\/uploads\/2023\/08\/IMG_5521-300x225.png 300w, https:\/\/folhapopular.info\/wp-content\/uploads\/2023\/08\/IMG_5521-768x576.png 768w, https:\/\/folhapopular.info\/wp-content\/uploads\/2023\/08\/IMG_5521-1536x1152.png 1536w, https:\/\/folhapopular.info\/wp-content\/uploads\/2023\/08\/IMG_5521-2048x1536.png 2048w, https:\/\/folhapopular.info\/wp-content\/uploads\/2023\/08\/IMG_5521-696x522.png 696w, https:\/\/folhapopular.info\/wp-content\/uploads\/2023\/08\/IMG_5521-1068x801.png 1068w, https:\/\/folhapopular.info\/wp-content\/uploads\/2023\/08\/IMG_5521-1920x1440.png 1920w\" sizes=\"auto, (max-width: 1024px) 100vw, 1024px\" \/><figcaption class=\"wp-element-caption\">Mais de 200 pessoas estiveram no local. Cr\u00e9dito: Camille Lenz da Silva<\/figcaption><\/figure>\n<\/figure>\n","protected":false},"excerpt":{"rendered":"<p>A 86\u00aa Edi\u00e7\u00e3o da Corrida do Fogo Simb\u00f3lico da P\u00e1tria chegou neste domingo (20\/8) a Teut\u00f4nia. Buscando incentivar o amor \u00e0 p\u00e1tria, resgatar valores e o civismo, esta \u00e9 a segunda vez consecutiva que a chama vem ao munic\u00edpio. A atividade busca propagar o lema \u201cA alma de uma na\u00e7\u00e3o \u00e9 o esp\u00edrito patri\u00f3tico de [&hellip;]<\/p>\n","protected":false},"author":8,"featured_media":138065,"comment_status":"open","ping_status":"open","sticky":false,"template":"","format":"standard","meta":{"pmpro_default_level":"","_jetpack_memberships_contains_paid_content":false,"footnotes":""},"categories":[2,3],"tags":[12986,12856,10571,208,12987,491,26],"class_list":{"0":"post-138059","1":"post","2":"type-post","3":"status-publish","4":"format-standard","5":"has-post-thumbnail","7":"category-featured","8":"category-geral","9":"tag-1a-companhia-de-guardas","10":"tag-86a-corrida-do-fogo-simbolico-da-patria","11":"tag-cbvt","12":"tag-defesa-civil","13":"tag-liga-de-defesa-nacional","14":"tag-semana-da-patria","15":"tag-teutonia","16":"pmpro-has-access"},"yoast_head":"<!-- This site is optimized with the Yoast SEO plugin v27.5 - https:\/\/yoast.com\/product\/yoast-seo-wordpress\/ -->\n<title>Comunidade presente na chegada do Fogo Simb\u00f3lico da P\u00e1tria a Teut\u00f4nia - Folha Popular<\/title>\n<meta name=\"robots\" content=\"index, follow, max-snippet:-1, max-image-preview:large, max-video-preview:-1\" \/>\n<link rel=\"canonical\" href=\"https:\/\/folhapopular.info\/index.php\/2023\/08\/20\/comunidade-presente-na-chegada-do-fogo-simbolico-da-patria-a-teutonia\/\" \/>\n<meta property=\"og:locale\" content=\"pt_BR\" \/>\n<meta property=\"og:type\" content=\"article\" \/>\n<meta property=\"og:title\" content=\"Comunidade presente na chegada do Fogo Simb\u00f3lico da P\u00e1tria a Teut\u00f4nia - Folha Popular\" \/>\n<meta property=\"og:description\" content=\"A 86\u00aa Edi\u00e7\u00e3o da Corrida do Fogo Simb\u00f3lico da P\u00e1tria chegou neste domingo (20\/8) a Teut\u00f4nia. Buscando incentivar o amor \u00e0 p\u00e1tria, resgatar valores e o civismo, esta \u00e9 a segunda vez consecutiva que a chama vem ao munic\u00edpio. A atividade busca propagar o lema \u201cA alma de uma na\u00e7\u00e3o \u00e9 o esp\u00edrito patri\u00f3tico de [&hellip;]\" \/>\n<meta property=\"og:url\" content=\"https:\/\/folhapopular.info\/index.php\/2023\/08\/20\/comunidade-presente-na-chegada-do-fogo-simbolico-da-patria-a-teutonia\/\" \/>\n<meta property=\"og:site_name\" content=\"Folha Popular\" \/>\n<meta property=\"article:published_time\" content=\"2023-08-21T00:51:17+00:00\" \/>\n<meta property=\"article:modified_time\" content=\"2023-08-21T01:00:07+00:00\" \/>\n<meta property=\"og:image\" content=\"http:\/\/folhapopular.info\/wp-content\/uploads\/2023\/08\/IMG_5597-e1692579052129-1024x829.png\" \/>\n\t<meta property=\"og:image:width\" content=\"1024\" \/>\n\t<meta property=\"og:image:height\" content=\"829\" \/>\n\t<meta property=\"og:image:type\" content=\"image\/png\" \/>\n<meta name=\"author\" content=\"Reda\u00e7\u00e3o Folha Popular\" \/>\n<meta name=\"twitter:card\" content=\"summary_large_image\" \/>\n<meta name=\"twitter:label1\" content=\"Escrito por\" \/>\n\t<meta name=\"twitter:data1\" content=\"Reda\u00e7\u00e3o Folha Popular\" \/>\n\t<meta name=\"twitter:label2\" content=\"Est. tempo de leitura\" \/>\n\t<meta name=\"twitter:data2\" content=\"5 minutos\" \/>\n<script type=\"application\/ld+json\" class=\"yoast-schema-graph\">{\"@context\":\"https:\\\/\\\/schema.org\",\"@graph\":[{\"@type\":\"Article\",\"@id\":\"https:\\\/\\\/folhapopular.info\\\/index.php\\\/2023\\\/08\\\/20\\\/comunidade-presente-na-chegada-do-fogo-simbolico-da-patria-a-teutonia\\\/#article\",\"isPartOf\":{\"@id\":\"https:\\\/\\\/folhapopular.info\\\/index.php\\\/2023\\\/08\\\/20\\\/comunidade-presente-na-chegada-do-fogo-simbolico-da-patria-a-teutonia\\\/\"},\"author\":{\"name\":\"Reda\u00e7\u00e3o Folha Popular\",\"@id\":\"https:\\\/\\\/folhapopular.info\\\/#\\\/schema\\\/person\\\/2814e8a0df7643585a9ca38bc6eb9d4b\"},\"headline\":\"Comunidade presente na chegada do Fogo Simb\u00f3lico da P\u00e1tria a Teut\u00f4nia\",\"datePublished\":\"2023-08-21T00:51:17+00:00\",\"dateModified\":\"2023-08-21T01:00:07+00:00\",\"mainEntityOfPage\":{\"@id\":\"https:\\\/\\\/folhapopular.info\\\/index.php\\\/2023\\\/08\\\/20\\\/comunidade-presente-na-chegada-do-fogo-simbolico-da-patria-a-teutonia\\\/\"},\"wordCount\":468,\"commentCount\":0,\"image\":{\"@id\":\"https:\\\/\\\/folhapopular.info\\\/index.php\\\/2023\\\/08\\\/20\\\/comunidade-presente-na-chegada-do-fogo-simbolico-da-patria-a-teutonia\\\/#primaryimage\"},\"thumbnailUrl\":\"https:\\\/\\\/folhapopular.info\\\/wp-content\\\/uploads\\\/2023\\\/08\\\/IMG_5597-e1692579052129.png\",\"keywords\":[\"1\u00aa Companhia de Guardas\",\"86\u00aa corrida do fogo simb\u00f3lico da p\u00e1tria\",\"cbvt\",\"Defesa Civil\",\"Liga de Defesa Nacional\",\"Semana da P\u00e1tria\",\"Teut\u00f4nia\"],\"articleSection\":[\"Destaques\",\"Geral\"],\"inLanguage\":\"pt-BR\",\"potentialAction\":[{\"@type\":\"CommentAction\",\"name\":\"Comment\",\"target\":[\"https:\\\/\\\/folhapopular.info\\\/index.php\\\/2023\\\/08\\\/20\\\/comunidade-presente-na-chegada-do-fogo-simbolico-da-patria-a-teutonia\\\/#respond\"]}]},{\"@type\":\"WebPage\",\"@id\":\"https:\\\/\\\/folhapopular.info\\\/index.php\\\/2023\\\/08\\\/20\\\/comunidade-presente-na-chegada-do-fogo-simbolico-da-patria-a-teutonia\\\/\",\"url\":\"https:\\\/\\\/folhapopular.info\\\/index.php\\\/2023\\\/08\\\/20\\\/comunidade-presente-na-chegada-do-fogo-simbolico-da-patria-a-teutonia\\\/\",\"name\":\"Comunidade presente na chegada do Fogo Simb\u00f3lico da P\u00e1tria a Teut\u00f4nia - Folha Popular\",\"isPartOf\":{\"@id\":\"https:\\\/\\\/folhapopular.info\\\/#website\"},\"primaryImageOfPage\":{\"@id\":\"https:\\\/\\\/folhapopular.info\\\/index.php\\\/2023\\\/08\\\/20\\\/comunidade-presente-na-chegada-do-fogo-simbolico-da-patria-a-teutonia\\\/#primaryimage\"},\"image\":{\"@id\":\"https:\\\/\\\/folhapopular.info\\\/index.php\\\/2023\\\/08\\\/20\\\/comunidade-presente-na-chegada-do-fogo-simbolico-da-patria-a-teutonia\\\/#primaryimage\"},\"thumbnailUrl\":\"https:\\\/\\\/folhapopular.info\\\/wp-content\\\/uploads\\\/2023\\\/08\\\/IMG_5597-e1692579052129.png\",\"datePublished\":\"2023-08-21T00:51:17+00:00\",\"dateModified\":\"2023-08-21T01:00:07+00:00\",\"author\":{\"@id\":\"https:\\\/\\\/folhapopular.info\\\/#\\\/schema\\\/person\\\/2814e8a0df7643585a9ca38bc6eb9d4b\"},\"breadcrumb\":{\"@id\":\"https:\\\/\\\/folhapopular.info\\\/index.php\\\/2023\\\/08\\\/20\\\/comunidade-presente-na-chegada-do-fogo-simbolico-da-patria-a-teutonia\\\/#breadcrumb\"},\"inLanguage\":\"pt-BR\",\"potentialAction\":[{\"@type\":\"ReadAction\",\"target\":[\"https:\\\/\\\/folhapopular.info\\\/index.php\\\/2023\\\/08\\\/20\\\/comunidade-presente-na-chegada-do-fogo-simbolico-da-patria-a-teutonia\\\/\"]}]},{\"@type\":\"ImageObject\",\"inLanguage\":\"pt-BR\",\"@id\":\"https:\\\/\\\/folhapopular.info\\\/index.php\\\/2023\\\/08\\\/20\\\/comunidade-presente-na-chegada-do-fogo-simbolico-da-patria-a-teutonia\\\/#primaryimage\",\"url\":\"https:\\\/\\\/folhapopular.info\\\/wp-content\\\/uploads\\\/2023\\\/08\\\/IMG_5597-e1692579052129.png\",\"contentUrl\":\"https:\\\/\\\/folhapopular.info\\\/wp-content\\\/uploads\\\/2023\\\/08\\\/IMG_5597-e1692579052129.png\",\"width\":3024,\"height\":2449,\"caption\":\"Fogo simb\u00f3lico permanece aceso at\u00e9 7 de setembro. Cr\u00e9dito: Camille Lenz da Silva\"},{\"@type\":\"BreadcrumbList\",\"@id\":\"https:\\\/\\\/folhapopular.info\\\/index.php\\\/2023\\\/08\\\/20\\\/comunidade-presente-na-chegada-do-fogo-simbolico-da-patria-a-teutonia\\\/#breadcrumb\",\"itemListElement\":[{\"@type\":\"ListItem\",\"position\":1,\"name\":\"In\u00edcio\",\"item\":\"https:\\\/\\\/folhapopular.info\\\/\"},{\"@type\":\"ListItem\",\"position\":2,\"name\":\"Comunidade presente na chegada do Fogo Simb\u00f3lico da P\u00e1tria a Teut\u00f4nia\"}]},{\"@type\":\"WebSite\",\"@id\":\"https:\\\/\\\/folhapopular.info\\\/#website\",\"url\":\"https:\\\/\\\/folhapopular.info\\\/\",\"name\":\"Folha Popular\",\"description\":\"Onde voc\u00ea tem vez e voz\",\"potentialAction\":[{\"@type\":\"SearchAction\",\"target\":{\"@type\":\"EntryPoint\",\"urlTemplate\":\"https:\\\/\\\/folhapopular.info\\\/?s={search_term_string}\"},\"query-input\":{\"@type\":\"PropertyValueSpecification\",\"valueRequired\":true,\"valueName\":\"search_term_string\"}}],\"inLanguage\":\"pt-BR\"},{\"@type\":\"Person\",\"@id\":\"https:\\\/\\\/folhapopular.info\\\/#\\\/schema\\\/person\\\/2814e8a0df7643585a9ca38bc6eb9d4b\",\"name\":\"Reda\u00e7\u00e3o Folha Popular\",\"image\":{\"@type\":\"ImageObject\",\"inLanguage\":\"pt-BR\",\"@id\":\"https:\\\/\\\/folhapopular.info\\\/wp-content\\\/uploads\\\/2026\\\/04\\\/Folha-1.webp\",\"url\":\"https:\\\/\\\/folhapopular.info\\\/wp-content\\\/uploads\\\/2026\\\/04\\\/Folha-1.webp\",\"contentUrl\":\"https:\\\/\\\/folhapopular.info\\\/wp-content\\\/uploads\\\/2026\\\/04\\\/Folha-1.webp\",\"caption\":\"Reda\u00e7\u00e3o Folha Popular\"},\"url\":\"https:\\\/\\\/folhapopular.info\\\/index.php\\\/author\\\/redacao\\\/\"}]}<\/script>\n<!-- \/ Yoast SEO plugin. -->","yoast_head_json":{"title":"Comunidade presente na chegada do Fogo Simb\u00f3lico da P\u00e1tria a Teut\u00f4nia - Folha Popular","robots":{"index":"index","follow":"follow","max-snippet":"max-snippet:-1","max-image-preview":"max-image-preview:large","max-video-preview":"max-video-preview:-1"},"canonical":"https:\/\/folhapopular.info\/index.php\/2023\/08\/20\/comunidade-presente-na-chegada-do-fogo-simbolico-da-patria-a-teutonia\/","og_locale":"pt_BR","og_type":"article","og_title":"Comunidade presente na chegada do Fogo Simb\u00f3lico da P\u00e1tria a Teut\u00f4nia - Folha Popular","og_description":"A 86\u00aa Edi\u00e7\u00e3o da Corrida do Fogo Simb\u00f3lico da P\u00e1tria chegou neste domingo (20\/8) a Teut\u00f4nia. Buscando incentivar o amor \u00e0 p\u00e1tria, resgatar valores e o civismo, esta \u00e9 a segunda vez consecutiva que a chama vem ao munic\u00edpio. A atividade busca propagar o lema \u201cA alma de uma na\u00e7\u00e3o \u00e9 o esp\u00edrito patri\u00f3tico de [&hellip;]","og_url":"https:\/\/folhapopular.info\/index.php\/2023\/08\/20\/comunidade-presente-na-chegada-do-fogo-simbolico-da-patria-a-teutonia\/","og_site_name":"Folha Popular","article_published_time":"2023-08-21T00:51:17+00:00","article_modified_time":"2023-08-21T01:00:07+00:00","og_image":[{"width":1024,"height":829,"url":"http:\/\/folhapopular.info\/wp-content\/uploads\/2023\/08\/IMG_5597-e1692579052129-1024x829.png","type":"image\/png"}],"author":"Reda\u00e7\u00e3o Folha Popular","twitter_card":"summary_large_image","twitter_misc":{"Escrito por":"Reda\u00e7\u00e3o Folha Popular","Est. tempo de leitura":"5 minutos"},"schema":{"@context":"https:\/\/schema.org","@graph":[{"@type":"Article","@id":"https:\/\/folhapopular.info\/index.php\/2023\/08\/20\/comunidade-presente-na-chegada-do-fogo-simbolico-da-patria-a-teutonia\/#article","isPartOf":{"@id":"https:\/\/folhapopular.info\/index.php\/2023\/08\/20\/comunidade-presente-na-chegada-do-fogo-simbolico-da-patria-a-teutonia\/"},"author":{"name":"Reda\u00e7\u00e3o Folha Popular","@id":"https:\/\/folhapopular.info\/#\/schema\/person\/2814e8a0df7643585a9ca38bc6eb9d4b"},"headline":"Comunidade presente na chegada do Fogo Simb\u00f3lico da P\u00e1tria a Teut\u00f4nia","datePublished":"2023-08-21T00:51:17+00:00","dateModified":"2023-08-21T01:00:07+00:00","mainEntityOfPage":{"@id":"https:\/\/folhapopular.info\/index.php\/2023\/08\/20\/comunidade-presente-na-chegada-do-fogo-simbolico-da-patria-a-teutonia\/"},"wordCount":468,"commentCount":0,"image":{"@id":"https:\/\/folhapopular.info\/index.php\/2023\/08\/20\/comunidade-presente-na-chegada-do-fogo-simbolico-da-patria-a-teutonia\/#primaryimage"},"thumbnailUrl":"https:\/\/folhapopular.info\/wp-content\/uploads\/2023\/08\/IMG_5597-e1692579052129.png","keywords":["1\u00aa Companhia de Guardas","86\u00aa corrida do fogo simb\u00f3lico da p\u00e1tria","cbvt","Defesa Civil","Liga de Defesa Nacional","Semana da P\u00e1tria","Teut\u00f4nia"],"articleSection":["Destaques","Geral"],"inLanguage":"pt-BR","potentialAction":[{"@type":"CommentAction","name":"Comment","target":["https:\/\/folhapopular.info\/index.php\/2023\/08\/20\/comunidade-presente-na-chegada-do-fogo-simbolico-da-patria-a-teutonia\/#respond"]}]},{"@type":"WebPage","@id":"https:\/\/folhapopular.info\/index.php\/2023\/08\/20\/comunidade-presente-na-chegada-do-fogo-simbolico-da-patria-a-teutonia\/","url":"https:\/\/folhapopular.info\/index.php\/2023\/08\/20\/comunidade-presente-na-chegada-do-fogo-simbolico-da-patria-a-teutonia\/","name":"Comunidade presente na chegada do Fogo Simb\u00f3lico da P\u00e1tria a Teut\u00f4nia - Folha Popular","isPartOf":{"@id":"https:\/\/folhapopular.info\/#website"},"primaryImageOfPage":{"@id":"https:\/\/folhapopular.info\/index.php\/2023\/08\/20\/comunidade-presente-na-chegada-do-fogo-simbolico-da-patria-a-teutonia\/#primaryimage"},"image":{"@id":"https:\/\/folhapopular.info\/index.php\/2023\/08\/20\/comunidade-presente-na-chegada-do-fogo-simbolico-da-patria-a-teutonia\/#primaryimage"},"thumbnailUrl":"https:\/\/folhapopular.info\/wp-content\/uploads\/2023\/08\/IMG_5597-e1692579052129.png","datePublished":"2023-08-21T00:51:17+00:00","dateModified":"2023-08-21T01:00:07+00:00","author":{"@id":"https:\/\/folhapopular.info\/#\/schema\/person\/2814e8a0df7643585a9ca38bc6eb9d4b"},"breadcrumb":{"@id":"https:\/\/folhapopular.info\/index.php\/2023\/08\/20\/comunidade-presente-na-chegada-do-fogo-simbolico-da-patria-a-teutonia\/#breadcrumb"},"inLanguage":"pt-BR","potentialAction":[{"@type":"ReadAction","target":["https:\/\/folhapopular.info\/index.php\/2023\/08\/20\/comunidade-presente-na-chegada-do-fogo-simbolico-da-patria-a-teutonia\/"]}]},{"@type":"ImageObject","inLanguage":"pt-BR","@id":"https:\/\/folhapopular.info\/index.php\/2023\/08\/20\/comunidade-presente-na-chegada-do-fogo-simbolico-da-patria-a-teutonia\/#primaryimage","url":"https:\/\/folhapopular.info\/wp-content\/uploads\/2023\/08\/IMG_5597-e1692579052129.png","contentUrl":"https:\/\/folhapopular.info\/wp-content\/uploads\/2023\/08\/IMG_5597-e1692579052129.png","width":3024,"height":2449,"caption":"Fogo simb\u00f3lico permanece aceso at\u00e9 7 de setembro. Cr\u00e9dito: Camille Lenz da Silva"},{"@type":"BreadcrumbList","@id":"https:\/\/folhapopular.info\/index.php\/2023\/08\/20\/comunidade-presente-na-chegada-do-fogo-simbolico-da-patria-a-teutonia\/#breadcrumb","itemListElement":[{"@type":"ListItem","position":1,"name":"In\u00edcio","item":"https:\/\/folhapopular.info\/"},{"@type":"ListItem","position":2,"name":"Comunidade presente na chegada do Fogo Simb\u00f3lico da P\u00e1tria a Teut\u00f4nia"}]},{"@type":"WebSite","@id":"https:\/\/folhapopular.info\/#website","url":"https:\/\/folhapopular.info\/","name":"Folha Popular","description":"Onde voc\u00ea tem vez e voz","potentialAction":[{"@type":"SearchAction","target":{"@type":"EntryPoint","urlTemplate":"https:\/\/folhapopular.info\/?s={search_term_string}"},"query-input":{"@type":"PropertyValueSpecification","valueRequired":true,"valueName":"search_term_string"}}],"inLanguage":"pt-BR"},{"@type":"Person","@id":"https:\/\/folhapopular.info\/#\/schema\/person\/2814e8a0df7643585a9ca38bc6eb9d4b","name":"Reda\u00e7\u00e3o Folha Popular","image":{"@type":"ImageObject","inLanguage":"pt-BR","@id":"https:\/\/folhapopular.info\/wp-content\/uploads\/2026\/04\/Folha-1.webp","url":"https:\/\/folhapopular.info\/wp-content\/uploads\/2026\/04\/Folha-1.webp","contentUrl":"https:\/\/folhapopular.info\/wp-content\/uploads\/2026\/04\/Folha-1.webp","caption":"Reda\u00e7\u00e3o Folha Popular"},"url":"https:\/\/folhapopular.info\/index.php\/author\/redacao\/"}]}},"jetpack_featured_media_url":"https:\/\/folhapopular.info\/wp-content\/uploads\/2023\/08\/IMG_5597-e1692579052129.png","jetpack_sharing_enabled":true,"amp_enabled":true,"_links":{"self":[{"href":"https:\/\/folhapopular.info\/index.php\/wp-json\/wp\/v2\/posts\/138059","targetHints":{"allow":["GET"]}}],"collection":[{"href":"https:\/\/folhapopular.info\/index.php\/wp-json\/wp\/v2\/posts"}],"about":[{"href":"https:\/\/folhapopular.info\/index.php\/wp-json\/wp\/v2\/types\/post"}],"author":[{"embeddable":true,"href":"https:\/\/folhapopular.info\/index.php\/wp-json\/wp\/v2\/users\/8"}],"replies":[{"embeddable":true,"href":"https:\/\/folhapopular.info\/index.php\/wp-json\/wp\/v2\/comments?post=138059"}],"version-history":[{"count":0,"href":"https:\/\/folhapopular.info\/index.php\/wp-json\/wp\/v2\/posts\/138059\/revisions"}],"wp:featuredmedia":[{"embeddable":true,"href":"https:\/\/folhapopular.info\/index.php\/wp-json\/wp\/v2\/media\/138065"}],"wp:attachment":[{"href":"https:\/\/folhapopular.info\/index.php\/wp-json\/wp\/v2\/media?parent=138059"}],"wp:term":[{"taxonomy":"category","embeddable":true,"href":"https:\/\/folhapopular.info\/index.php\/wp-json\/wp\/v2\/categories?post=138059"},{"taxonomy":"post_tag","embeddable":true,"href":"https:\/\/folhapopular.info\/index.php\/wp-json\/wp\/v2\/tags?post=138059"}],"curies":[{"name":"wp","href":"https:\/\/api.w.org\/{rel}","templated":true}]}}