{"id":138229,"date":"2023-08-21T16:27:51","date_gmt":"2023-08-21T19:27:51","guid":{"rendered":"https:\/\/folhapopular.info\/?p=138229"},"modified":"2023-08-21T16:27:54","modified_gmt":"2023-08-21T19:27:54","slug":"lajeado-sedia-seminario-de-gestao-e-desenvolvimento-do-crcrs","status":"publish","type":"post","link":"https:\/\/folhapopular.info\/index.php\/2023\/08\/21\/lajeado-sedia-seminario-de-gestao-e-desenvolvimento-do-crcrs\/","title":{"rendered":"Lajeado sedia Semin\u00e1rio de Gest\u00e3o e Desenvolvimento do CRCRS"},"content":{"rendered":"\n<p>A regi\u00e3o do Vale do Taquari recebe, no dia 5 de setembro, o Semin\u00e1rio de Gest\u00e3o e Desenvolvimento, promovido pelo Conselho de Contabilidade do RS (CRCRS). O evento ser\u00e1 realizado no Sincovat, em Lajeado (Rua Wenceslau Br\u00e1s, n\u00ba 55, Bairro S\u00e3o Crist\u00f3v\u00e3o)\u00a0das 13h30 (credenciamento) \u00e0s 18h30, e reunir\u00e1 especialistas em suas respectivas \u00e1reas para trocar informa\u00e7\u00f5es sobre temas variados do setor. <\/p>\n\n\n\n<p>Entre eles, a contribui\u00e7\u00e3o do contador no desenvolvimento da sociedade, a forma\u00e7\u00e3o profissional em tempos de mudan\u00e7a, protagonismo e sustentabilidade e tecnologia aplicada \u00e0 contabilidade. A edi\u00e7\u00e3o ser\u00e1 a d\u00e9cima no ano, sendo a mais recente sediada por Santa Maria.<\/p>\n\n\n\n<p>As inscri\u00e7\u00f5es s\u00e3o gratuitas. O Conselho solicita apenas a doa\u00e7\u00e3o de um quilo de alimento n\u00e3o perec\u00edvel. Aos participantes, ser\u00e1 concedido certificado e pontua\u00e7\u00e3o para o Programa de Educa\u00e7\u00e3o Profissional Continuada. A programa\u00e7\u00e3o completa e as inscri\u00e7\u00f5es est\u00e3o dispon\u00edveis <a href=\"https:\/\/www.crcrs.org.br\/seminario-lajeado\/\" target=\"_blank\" rel=\"noreferrer noopener\">clicando aqui.<\/a><\/p>\n","protected":false},"excerpt":{"rendered":"<p>A regi\u00e3o do Vale do Taquari recebe, no dia 5 de setembro, o Semin\u00e1rio de Gest\u00e3o e Desenvolvimento, promovido pelo Conselho de Contabilidade do RS (CRCRS). O evento ser\u00e1 realizado no Sincovat, em Lajeado (Rua Wenceslau Br\u00e1s, n\u00ba 55, Bairro S\u00e3o Crist\u00f3v\u00e3o)\u00a0das 13h30 (credenciamento) \u00e0s 18h30, e reunir\u00e1 especialistas em suas respectivas \u00e1reas para trocar [&hellip;]<\/p>\n","protected":false},"author":8,"featured_media":138230,"comment_status":"open","ping_status":"open","sticky":false,"template":"","format":"standard","meta":{"pmpro_default_level":"","_jetpack_memberships_contains_paid_content":false,"footnotes":""},"categories":[2,3],"tags":[13000,27,12999,750],"class_list":{"0":"post-138229","1":"post","2":"type-post","3":"status-publish","4":"format-standard","5":"has-post-thumbnail","7":"category-featured","8":"category-geral","9":"tag-conselho-de-contabilidade-do-rs","10":"tag-lajeado","11":"tag-seminario-de-gestao-e-desenvolvimento","12":"tag-sincovat","13":"pmpro-has-access"},"yoast_head":"<!-- This site is optimized with the Yoast SEO plugin v27.5 - https:\/\/yoast.com\/product\/yoast-seo-wordpress\/ -->\n<title>Lajeado sedia Semin\u00e1rio de Gest\u00e3o e Desenvolvimento do CRCRS - Folha Popular<\/title>\n<meta name=\"robots\" content=\"index, follow, max-snippet:-1, max-image-preview:large, max-video-preview:-1\" \/>\n<link rel=\"canonical\" href=\"https:\/\/folhapopular.info\/index.php\/2023\/08\/21\/lajeado-sedia-seminario-de-gestao-e-desenvolvimento-do-crcrs\/\" \/>\n<meta property=\"og:locale\" content=\"pt_BR\" \/>\n<meta property=\"og:type\" content=\"article\" \/>\n<meta property=\"og:title\" content=\"Lajeado sedia Semin\u00e1rio de Gest\u00e3o e Desenvolvimento do CRCRS - Folha Popular\" \/>\n<meta property=\"og:description\" content=\"A regi\u00e3o do Vale do Taquari recebe, no dia 5 de setembro, o Semin\u00e1rio de Gest\u00e3o e Desenvolvimento, promovido pelo Conselho de Contabilidade do RS (CRCRS). O evento ser\u00e1 realizado no Sincovat, em Lajeado (Rua Wenceslau Br\u00e1s, n\u00ba 55, Bairro S\u00e3o Crist\u00f3v\u00e3o)\u00a0das 13h30 (credenciamento) \u00e0s 18h30, e reunir\u00e1 especialistas em suas respectivas \u00e1reas para trocar [&hellip;]\" \/>\n<meta property=\"og:url\" content=\"https:\/\/folhapopular.info\/index.php\/2023\/08\/21\/lajeado-sedia-seminario-de-gestao-e-desenvolvimento-do-crcrs\/\" \/>\n<meta property=\"og:site_name\" content=\"Folha Popular\" \/>\n<meta property=\"article:published_time\" content=\"2023-08-21T19:27:51+00:00\" \/>\n<meta property=\"article:modified_time\" content=\"2023-08-21T19:27:54+00:00\" \/>\n<meta property=\"og:image\" content=\"http:\/\/folhapopular.info\/wp-content\/uploads\/2023\/08\/427217_1074170_seminA_rio.png\" \/>\n\t<meta property=\"og:image:width\" content=\"886\" \/>\n\t<meta property=\"og:image:height\" content=\"591\" \/>\n\t<meta property=\"og:image:type\" content=\"image\/png\" \/>\n<meta name=\"author\" content=\"Reda\u00e7\u00e3o Folha Popular\" \/>\n<meta name=\"twitter:card\" content=\"summary_large_image\" \/>\n<meta name=\"twitter:label1\" content=\"Escrito por\" \/>\n\t<meta name=\"twitter:data1\" content=\"Reda\u00e7\u00e3o Folha Popular\" \/>\n\t<meta name=\"twitter:label2\" content=\"Est. tempo de leitura\" \/>\n\t<meta name=\"twitter:data2\" content=\"1 minuto\" \/>\n<script type=\"application\/ld+json\" class=\"yoast-schema-graph\">{\"@context\":\"https:\\\/\\\/schema.org\",\"@graph\":[{\"@type\":\"Article\",\"@id\":\"https:\\\/\\\/folhapopular.info\\\/index.php\\\/2023\\\/08\\\/21\\\/lajeado-sedia-seminario-de-gestao-e-desenvolvimento-do-crcrs\\\/#article\",\"isPartOf\":{\"@id\":\"https:\\\/\\\/folhapopular.info\\\/index.php\\\/2023\\\/08\\\/21\\\/lajeado-sedia-seminario-de-gestao-e-desenvolvimento-do-crcrs\\\/\"},\"author\":{\"name\":\"Reda\u00e7\u00e3o Folha Popular\",\"@id\":\"https:\\\/\\\/folhapopular.info\\\/#\\\/schema\\\/person\\\/2814e8a0df7643585a9ca38bc6eb9d4b\"},\"headline\":\"Lajeado sedia Semin\u00e1rio de Gest\u00e3o e Desenvolvimento do CRCRS\",\"datePublished\":\"2023-08-21T19:27:51+00:00\",\"dateModified\":\"2023-08-21T19:27:54+00:00\",\"mainEntityOfPage\":{\"@id\":\"https:\\\/\\\/folhapopular.info\\\/index.php\\\/2023\\\/08\\\/21\\\/lajeado-sedia-seminario-de-gestao-e-desenvolvimento-do-crcrs\\\/\"},\"wordCount\":175,\"commentCount\":0,\"image\":{\"@id\":\"https:\\\/\\\/folhapopular.info\\\/index.php\\\/2023\\\/08\\\/21\\\/lajeado-sedia-seminario-de-gestao-e-desenvolvimento-do-crcrs\\\/#primaryimage\"},\"thumbnailUrl\":\"https:\\\/\\\/folhapopular.info\\\/wp-content\\\/uploads\\\/2023\\\/08\\\/427217_1074170_seminA_rio.png\",\"keywords\":[\"Conselho de Contabilidade do RS\",\"Lajeado\",\"Semin\u00e1rio de Gest\u00e3o e Desenvolvimento\",\"Sincovat\"],\"articleSection\":[\"Destaques\",\"Geral\"],\"inLanguage\":\"pt-BR\",\"potentialAction\":[{\"@type\":\"CommentAction\",\"name\":\"Comment\",\"target\":[\"https:\\\/\\\/folhapopular.info\\\/index.php\\\/2023\\\/08\\\/21\\\/lajeado-sedia-seminario-de-gestao-e-desenvolvimento-do-crcrs\\\/#respond\"]}]},{\"@type\":\"WebPage\",\"@id\":\"https:\\\/\\\/folhapopular.info\\\/index.php\\\/2023\\\/08\\\/21\\\/lajeado-sedia-seminario-de-gestao-e-desenvolvimento-do-crcrs\\\/\",\"url\":\"https:\\\/\\\/folhapopular.info\\\/index.php\\\/2023\\\/08\\\/21\\\/lajeado-sedia-seminario-de-gestao-e-desenvolvimento-do-crcrs\\\/\",\"name\":\"Lajeado sedia Semin\u00e1rio de Gest\u00e3o e Desenvolvimento do CRCRS - Folha Popular\",\"isPartOf\":{\"@id\":\"https:\\\/\\\/folhapopular.info\\\/#website\"},\"primaryImageOfPage\":{\"@id\":\"https:\\\/\\\/folhapopular.info\\\/index.php\\\/2023\\\/08\\\/21\\\/lajeado-sedia-seminario-de-gestao-e-desenvolvimento-do-crcrs\\\/#primaryimage\"},\"image\":{\"@id\":\"https:\\\/\\\/folhapopular.info\\\/index.php\\\/2023\\\/08\\\/21\\\/lajeado-sedia-seminario-de-gestao-e-desenvolvimento-do-crcrs\\\/#primaryimage\"},\"thumbnailUrl\":\"https:\\\/\\\/folhapopular.info\\\/wp-content\\\/uploads\\\/2023\\\/08\\\/427217_1074170_seminA_rio.png\",\"datePublished\":\"2023-08-21T19:27:51+00:00\",\"dateModified\":\"2023-08-21T19:27:54+00:00\",\"author\":{\"@id\":\"https:\\\/\\\/folhapopular.info\\\/#\\\/schema\\\/person\\\/2814e8a0df7643585a9ca38bc6eb9d4b\"},\"breadcrumb\":{\"@id\":\"https:\\\/\\\/folhapopular.info\\\/index.php\\\/2023\\\/08\\\/21\\\/lajeado-sedia-seminario-de-gestao-e-desenvolvimento-do-crcrs\\\/#breadcrumb\"},\"inLanguage\":\"pt-BR\",\"potentialAction\":[{\"@type\":\"ReadAction\",\"target\":[\"https:\\\/\\\/folhapopular.info\\\/index.php\\\/2023\\\/08\\\/21\\\/lajeado-sedia-seminario-de-gestao-e-desenvolvimento-do-crcrs\\\/\"]}]},{\"@type\":\"ImageObject\",\"inLanguage\":\"pt-BR\",\"@id\":\"https:\\\/\\\/folhapopular.info\\\/index.php\\\/2023\\\/08\\\/21\\\/lajeado-sedia-seminario-de-gestao-e-desenvolvimento-do-crcrs\\\/#primaryimage\",\"url\":\"https:\\\/\\\/folhapopular.info\\\/wp-content\\\/uploads\\\/2023\\\/08\\\/427217_1074170_seminA_rio.png\",\"contentUrl\":\"https:\\\/\\\/folhapopular.info\\\/wp-content\\\/uploads\\\/2023\\\/08\\\/427217_1074170_seminA_rio.png\",\"width\":886,\"height\":591,\"caption\":\"\u00daltima edi\u00e7\u00e3o ocorreu em Santa Maria. Cr\u00e9dito: Divulga\u00e7\u00e3o\"},{\"@type\":\"BreadcrumbList\",\"@id\":\"https:\\\/\\\/folhapopular.info\\\/index.php\\\/2023\\\/08\\\/21\\\/lajeado-sedia-seminario-de-gestao-e-desenvolvimento-do-crcrs\\\/#breadcrumb\",\"itemListElement\":[{\"@type\":\"ListItem\",\"position\":1,\"name\":\"In\u00edcio\",\"item\":\"https:\\\/\\\/folhapopular.info\\\/\"},{\"@type\":\"ListItem\",\"position\":2,\"name\":\"Lajeado sedia Semin\u00e1rio de Gest\u00e3o e Desenvolvimento do CRCRS\"}]},{\"@type\":\"WebSite\",\"@id\":\"https:\\\/\\\/folhapopular.info\\\/#website\",\"url\":\"https:\\\/\\\/folhapopular.info\\\/\",\"name\":\"Folha Popular\",\"description\":\"Onde voc\u00ea tem vez e voz\",\"potentialAction\":[{\"@type\":\"SearchAction\",\"target\":{\"@type\":\"EntryPoint\",\"urlTemplate\":\"https:\\\/\\\/folhapopular.info\\\/?s={search_term_string}\"},\"query-input\":{\"@type\":\"PropertyValueSpecification\",\"valueRequired\":true,\"valueName\":\"search_term_string\"}}],\"inLanguage\":\"pt-BR\"},{\"@type\":\"Person\",\"@id\":\"https:\\\/\\\/folhapopular.info\\\/#\\\/schema\\\/person\\\/2814e8a0df7643585a9ca38bc6eb9d4b\",\"name\":\"Reda\u00e7\u00e3o Folha Popular\",\"image\":{\"@type\":\"ImageObject\",\"inLanguage\":\"pt-BR\",\"@id\":\"https:\\\/\\\/folhapopular.info\\\/wp-content\\\/uploads\\\/2026\\\/04\\\/Folha-1.webp\",\"url\":\"https:\\\/\\\/folhapopular.info\\\/wp-content\\\/uploads\\\/2026\\\/04\\\/Folha-1.webp\",\"contentUrl\":\"https:\\\/\\\/folhapopular.info\\\/wp-content\\\/uploads\\\/2026\\\/04\\\/Folha-1.webp\",\"caption\":\"Reda\u00e7\u00e3o Folha Popular\"},\"url\":\"https:\\\/\\\/folhapopular.info\\\/index.php\\\/author\\\/redacao\\\/\"}]}<\/script>\n<!-- \/ Yoast SEO plugin. -->","yoast_head_json":{"title":"Lajeado sedia Semin\u00e1rio de Gest\u00e3o e Desenvolvimento do CRCRS - Folha Popular","robots":{"index":"index","follow":"follow","max-snippet":"max-snippet:-1","max-image-preview":"max-image-preview:large","max-video-preview":"max-video-preview:-1"},"canonical":"https:\/\/folhapopular.info\/index.php\/2023\/08\/21\/lajeado-sedia-seminario-de-gestao-e-desenvolvimento-do-crcrs\/","og_locale":"pt_BR","og_type":"article","og_title":"Lajeado sedia Semin\u00e1rio de Gest\u00e3o e Desenvolvimento do CRCRS - Folha Popular","og_description":"A regi\u00e3o do Vale do Taquari recebe, no dia 5 de setembro, o Semin\u00e1rio de Gest\u00e3o e Desenvolvimento, promovido pelo Conselho de Contabilidade do RS (CRCRS). O evento ser\u00e1 realizado no Sincovat, em Lajeado (Rua Wenceslau Br\u00e1s, n\u00ba 55, Bairro S\u00e3o Crist\u00f3v\u00e3o)\u00a0das 13h30 (credenciamento) \u00e0s 18h30, e reunir\u00e1 especialistas em suas respectivas \u00e1reas para trocar [&hellip;]","og_url":"https:\/\/folhapopular.info\/index.php\/2023\/08\/21\/lajeado-sedia-seminario-de-gestao-e-desenvolvimento-do-crcrs\/","og_site_name":"Folha Popular","article_published_time":"2023-08-21T19:27:51+00:00","article_modified_time":"2023-08-21T19:27:54+00:00","og_image":[{"width":886,"height":591,"url":"http:\/\/folhapopular.info\/wp-content\/uploads\/2023\/08\/427217_1074170_seminA_rio.png","type":"image\/png"}],"author":"Reda\u00e7\u00e3o Folha Popular","twitter_card":"summary_large_image","twitter_misc":{"Escrito por":"Reda\u00e7\u00e3o Folha Popular","Est. tempo de leitura":"1 minuto"},"schema":{"@context":"https:\/\/schema.org","@graph":[{"@type":"Article","@id":"https:\/\/folhapopular.info\/index.php\/2023\/08\/21\/lajeado-sedia-seminario-de-gestao-e-desenvolvimento-do-crcrs\/#article","isPartOf":{"@id":"https:\/\/folhapopular.info\/index.php\/2023\/08\/21\/lajeado-sedia-seminario-de-gestao-e-desenvolvimento-do-crcrs\/"},"author":{"name":"Reda\u00e7\u00e3o Folha Popular","@id":"https:\/\/folhapopular.info\/#\/schema\/person\/2814e8a0df7643585a9ca38bc6eb9d4b"},"headline":"Lajeado sedia Semin\u00e1rio de Gest\u00e3o e Desenvolvimento do CRCRS","datePublished":"2023-08-21T19:27:51+00:00","dateModified":"2023-08-21T19:27:54+00:00","mainEntityOfPage":{"@id":"https:\/\/folhapopular.info\/index.php\/2023\/08\/21\/lajeado-sedia-seminario-de-gestao-e-desenvolvimento-do-crcrs\/"},"wordCount":175,"commentCount":0,"image":{"@id":"https:\/\/folhapopular.info\/index.php\/2023\/08\/21\/lajeado-sedia-seminario-de-gestao-e-desenvolvimento-do-crcrs\/#primaryimage"},"thumbnailUrl":"https:\/\/folhapopular.info\/wp-content\/uploads\/2023\/08\/427217_1074170_seminA_rio.png","keywords":["Conselho de Contabilidade do RS","Lajeado","Semin\u00e1rio de Gest\u00e3o e Desenvolvimento","Sincovat"],"articleSection":["Destaques","Geral"],"inLanguage":"pt-BR","potentialAction":[{"@type":"CommentAction","name":"Comment","target":["https:\/\/folhapopular.info\/index.php\/2023\/08\/21\/lajeado-sedia-seminario-de-gestao-e-desenvolvimento-do-crcrs\/#respond"]}]},{"@type":"WebPage","@id":"https:\/\/folhapopular.info\/index.php\/2023\/08\/21\/lajeado-sedia-seminario-de-gestao-e-desenvolvimento-do-crcrs\/","url":"https:\/\/folhapopular.info\/index.php\/2023\/08\/21\/lajeado-sedia-seminario-de-gestao-e-desenvolvimento-do-crcrs\/","name":"Lajeado sedia Semin\u00e1rio de Gest\u00e3o e Desenvolvimento do CRCRS - Folha Popular","isPartOf":{"@id":"https:\/\/folhapopular.info\/#website"},"primaryImageOfPage":{"@id":"https:\/\/folhapopular.info\/index.php\/2023\/08\/21\/lajeado-sedia-seminario-de-gestao-e-desenvolvimento-do-crcrs\/#primaryimage"},"image":{"@id":"https:\/\/folhapopular.info\/index.php\/2023\/08\/21\/lajeado-sedia-seminario-de-gestao-e-desenvolvimento-do-crcrs\/#primaryimage"},"thumbnailUrl":"https:\/\/folhapopular.info\/wp-content\/uploads\/2023\/08\/427217_1074170_seminA_rio.png","datePublished":"2023-08-21T19:27:51+00:00","dateModified":"2023-08-21T19:27:54+00:00","author":{"@id":"https:\/\/folhapopular.info\/#\/schema\/person\/2814e8a0df7643585a9ca38bc6eb9d4b"},"breadcrumb":{"@id":"https:\/\/folhapopular.info\/index.php\/2023\/08\/21\/lajeado-sedia-seminario-de-gestao-e-desenvolvimento-do-crcrs\/#breadcrumb"},"inLanguage":"pt-BR","potentialAction":[{"@type":"ReadAction","target":["https:\/\/folhapopular.info\/index.php\/2023\/08\/21\/lajeado-sedia-seminario-de-gestao-e-desenvolvimento-do-crcrs\/"]}]},{"@type":"ImageObject","inLanguage":"pt-BR","@id":"https:\/\/folhapopular.info\/index.php\/2023\/08\/21\/lajeado-sedia-seminario-de-gestao-e-desenvolvimento-do-crcrs\/#primaryimage","url":"https:\/\/folhapopular.info\/wp-content\/uploads\/2023\/08\/427217_1074170_seminA_rio.png","contentUrl":"https:\/\/folhapopular.info\/wp-content\/uploads\/2023\/08\/427217_1074170_seminA_rio.png","width":886,"height":591,"caption":"\u00daltima edi\u00e7\u00e3o ocorreu em Santa Maria. Cr\u00e9dito: Divulga\u00e7\u00e3o"},{"@type":"BreadcrumbList","@id":"https:\/\/folhapopular.info\/index.php\/2023\/08\/21\/lajeado-sedia-seminario-de-gestao-e-desenvolvimento-do-crcrs\/#breadcrumb","itemListElement":[{"@type":"ListItem","position":1,"name":"In\u00edcio","item":"https:\/\/folhapopular.info\/"},{"@type":"ListItem","position":2,"name":"Lajeado sedia Semin\u00e1rio de Gest\u00e3o e Desenvolvimento do CRCRS"}]},{"@type":"WebSite","@id":"https:\/\/folhapopular.info\/#website","url":"https:\/\/folhapopular.info\/","name":"Folha Popular","description":"Onde voc\u00ea tem vez e voz","potentialAction":[{"@type":"SearchAction","target":{"@type":"EntryPoint","urlTemplate":"https:\/\/folhapopular.info\/?s={search_term_string}"},"query-input":{"@type":"PropertyValueSpecification","valueRequired":true,"valueName":"search_term_string"}}],"inLanguage":"pt-BR"},{"@type":"Person","@id":"https:\/\/folhapopular.info\/#\/schema\/person\/2814e8a0df7643585a9ca38bc6eb9d4b","name":"Reda\u00e7\u00e3o Folha Popular","image":{"@type":"ImageObject","inLanguage":"pt-BR","@id":"https:\/\/folhapopular.info\/wp-content\/uploads\/2026\/04\/Folha-1.webp","url":"https:\/\/folhapopular.info\/wp-content\/uploads\/2026\/04\/Folha-1.webp","contentUrl":"https:\/\/folhapopular.info\/wp-content\/uploads\/2026\/04\/Folha-1.webp","caption":"Reda\u00e7\u00e3o Folha Popular"},"url":"https:\/\/folhapopular.info\/index.php\/author\/redacao\/"}]}},"jetpack_featured_media_url":"https:\/\/folhapopular.info\/wp-content\/uploads\/2023\/08\/427217_1074170_seminA_rio.png","jetpack_sharing_enabled":true,"amp_enabled":true,"_links":{"self":[{"href":"https:\/\/folhapopular.info\/index.php\/wp-json\/wp\/v2\/posts\/138229","targetHints":{"allow":["GET"]}}],"collection":[{"href":"https:\/\/folhapopular.info\/index.php\/wp-json\/wp\/v2\/posts"}],"about":[{"href":"https:\/\/folhapopular.info\/index.php\/wp-json\/wp\/v2\/types\/post"}],"author":[{"embeddable":true,"href":"https:\/\/folhapopular.info\/index.php\/wp-json\/wp\/v2\/users\/8"}],"replies":[{"embeddable":true,"href":"https:\/\/folhapopular.info\/index.php\/wp-json\/wp\/v2\/comments?post=138229"}],"version-history":[{"count":0,"href":"https:\/\/folhapopular.info\/index.php\/wp-json\/wp\/v2\/posts\/138229\/revisions"}],"wp:featuredmedia":[{"embeddable":true,"href":"https:\/\/folhapopular.info\/index.php\/wp-json\/wp\/v2\/media\/138230"}],"wp:attachment":[{"href":"https:\/\/folhapopular.info\/index.php\/wp-json\/wp\/v2\/media?parent=138229"}],"wp:term":[{"taxonomy":"category","embeddable":true,"href":"https:\/\/folhapopular.info\/index.php\/wp-json\/wp\/v2\/categories?post=138229"},{"taxonomy":"post_tag","embeddable":true,"href":"https:\/\/folhapopular.info\/index.php\/wp-json\/wp\/v2\/tags?post=138229"}],"curies":[{"name":"wp","href":"https:\/\/api.w.org\/{rel}","templated":true}]}}