{"id":138348,"date":"2023-08-22T17:45:00","date_gmt":"2023-08-22T20:45:00","guid":{"rendered":"https:\/\/folhapopular.info\/?p=138348"},"modified":"2023-08-22T17:18:10","modified_gmt":"2023-08-22T20:18:10","slug":"ubs-de-colinas-recebe-encontro-do-grupo-bem-gestar","status":"publish","type":"post","link":"https:\/\/folhapopular.info\/index.php\/2023\/08\/22\/ubs-de-colinas-recebe-encontro-do-grupo-bem-gestar\/","title":{"rendered":"UBS de Colinas recebe encontro do Grupo Bem Gestar"},"content":{"rendered":"\n<p>Na noite de quinta-feira (17\/8), a Unidade B\u00e1sica de Sa\u00fade de Colinas recebeu o encontro do Grupo Bem Gestar, que neste m\u00eas abordou o Agosto Dourado e o fundamental papel dos pais na jornada da amamenta\u00e7\u00e3o. O evento trouxe \u00e0 luz a import\u00e2ncia do aleitamento materno e a colabora\u00e7\u00e3o familiar para promover uma base s\u00f3lida de sa\u00fade para os pequenos.<\/p>\n\n\n\n<p>O m\u00eas de agosto, que recebe a cor dourada como s\u00edmbolo, destaca a luta pelo incentivo \u00e0 amamenta\u00e7\u00e3o, e, coincidentemente, abriga o Dia Nacional de Conscientiza\u00e7\u00e3o sobre a Paternidade Respons\u00e1vel. Em meio a essa sinergia, a roda de conversa reuniu futuros pais e m\u00e3es no grupo Bem Gestar, explorando a experi\u00eancia da amamenta\u00e7\u00e3o e o vital engajamento dos parceiros nesse momento.<\/p>\n\n\n\n<p>Profissionais da \u00e1rea, com profundo conhecimento sobre a import\u00e2ncia da amamenta\u00e7\u00e3o, guiaram a discuss\u00e3o. Al\u00e9m disso, o encontro contou com a participa\u00e7\u00e3o valiosa de Ang\u00e9lica e Astor Jair Meyring, pais da pequena Ava. O casal compartilhou a viv\u00eancia da amamenta\u00e7\u00e3o, enfatizando a influ\u00eancia positiva do pai nesse processo, reafirmando a uni\u00e3o e apoio familiar durante essa fase t\u00e3o crucial.<\/p>\n\n\n\n<figure class=\"wp-block-image size-large is-resized\"><img loading=\"lazy\" decoding=\"async\" src=\"https:\/\/folhapopular.info\/wp-content\/uploads\/2023\/08\/roda-de-conversa-sobre-amamentacao02-1-1024x711.jpg\" alt=\"\" class=\"wp-image-138352\" width=\"555\" height=\"397\"\/><figcaption class=\"wp-element-caption\">Cr\u00e9dito da foto: Fabr\u00edcio Fiel<\/figcaption><\/figure>\n\n\n\n<p>O evento foi um verdadeiro momento de compartilhamento de experi\u00eancias, de acolhimento e esclarecimento de d\u00favidas relacionadas \u00e0 amamenta\u00e7\u00e3o para todos os presentes.<\/p>\n\n\n\n<p>Essa iniciativa est\u00e1 alinhada com a programa\u00e7\u00e3o do M\u00eas da Primeira Inf\u00e2ncia, que visa trazer \u00e0 tona quest\u00f5es fundamentais relacionadas aos cuidados e ao desenvolvimento das crian\u00e7as nos primeiros anos de vida. O encontro na UBS de Colinas refor\u00e7a a compreens\u00e3o de que o apoio e a participa\u00e7\u00e3o ativa dos pais desempenham um papel vital na promo\u00e7\u00e3o da amamenta\u00e7\u00e3o e, por consequ\u00eancia, no estabelecimento de um futuro saud\u00e1vel e feliz para os pequenos cidad\u00e3os de Colinas.<\/p>\n","protected":false},"excerpt":{"rendered":"<p>Na noite de quinta-feira (17\/8), a Unidade B\u00e1sica de Sa\u00fade de Colinas recebeu o encontro do Grupo Bem Gestar, que neste m\u00eas abordou o Agosto Dourado e o fundamental papel dos pais na jornada da amamenta\u00e7\u00e3o. O evento trouxe \u00e0 luz a import\u00e2ncia do aleitamento materno e a colabora\u00e7\u00e3o familiar para promover uma base s\u00f3lida [&hellip;]<\/p>\n","protected":false},"author":8,"featured_media":138351,"comment_status":"open","ping_status":"open","sticky":false,"template":"","format":"standard","meta":{"pmpro_default_level":"","_jetpack_memberships_contains_paid_content":false,"footnotes":""},"categories":[2,3,10986],"tags":[183,13008],"class_list":{"0":"post-138348","1":"post","2":"type-post","3":"status-publish","4":"format-standard","5":"has-post-thumbnail","7":"category-featured","8":"category-geral","9":"category-saude","10":"tag-colinas","11":"tag-grupo-bem-gestar","12":"pmpro-has-access"},"yoast_head":"<!-- This site is optimized with the Yoast SEO plugin v27.4 - https:\/\/yoast.com\/product\/yoast-seo-wordpress\/ -->\n<title>UBS de Colinas recebe encontro do Grupo Bem Gestar - Folha Popular<\/title>\n<meta name=\"robots\" content=\"index, follow, max-snippet:-1, max-image-preview:large, max-video-preview:-1\" \/>\n<link rel=\"canonical\" href=\"https:\/\/folhapopular.info\/index.php\/2023\/08\/22\/ubs-de-colinas-recebe-encontro-do-grupo-bem-gestar\/\" \/>\n<meta property=\"og:locale\" content=\"pt_BR\" \/>\n<meta property=\"og:type\" content=\"article\" \/>\n<meta property=\"og:title\" content=\"UBS de Colinas recebe encontro do Grupo Bem Gestar - Folha Popular\" \/>\n<meta property=\"og:description\" content=\"Na noite de quinta-feira (17\/8), a Unidade B\u00e1sica de Sa\u00fade de Colinas recebeu o encontro do Grupo Bem Gestar, que neste m\u00eas abordou o Agosto Dourado e o fundamental papel dos pais na jornada da amamenta\u00e7\u00e3o. O evento trouxe \u00e0 luz a import\u00e2ncia do aleitamento materno e a colabora\u00e7\u00e3o familiar para promover uma base s\u00f3lida [&hellip;]\" \/>\n<meta property=\"og:url\" content=\"https:\/\/folhapopular.info\/index.php\/2023\/08\/22\/ubs-de-colinas-recebe-encontro-do-grupo-bem-gestar\/\" \/>\n<meta property=\"og:site_name\" content=\"Folha Popular\" \/>\n<meta property=\"article:published_time\" content=\"2023-08-22T20:45:00+00:00\" \/>\n<meta property=\"og:image\" content=\"https:\/\/folhapopular.info\/wp-content\/uploads\/2023\/08\/roda-de-conversa-sobre-amamentacao01.jpg\" \/>\n\t<meta property=\"og:image:width\" content=\"1276\" \/>\n\t<meta property=\"og:image:height\" content=\"886\" \/>\n\t<meta property=\"og:image:type\" content=\"image\/jpeg\" \/>\n<meta name=\"author\" content=\"Reda\u00e7\u00e3o Folha Popular\" \/>\n<meta name=\"twitter:card\" content=\"summary_large_image\" \/>\n<meta name=\"twitter:label1\" content=\"Escrito por\" \/>\n\t<meta name=\"twitter:data1\" content=\"Reda\u00e7\u00e3o Folha Popular\" \/>\n\t<meta name=\"twitter:label2\" content=\"Est. tempo de leitura\" \/>\n\t<meta name=\"twitter:data2\" content=\"2 minutos\" \/>\n<script type=\"application\/ld+json\" class=\"yoast-schema-graph\">{\"@context\":\"https:\\\/\\\/schema.org\",\"@graph\":[{\"@type\":\"Article\",\"@id\":\"https:\\\/\\\/folhapopular.info\\\/index.php\\\/2023\\\/08\\\/22\\\/ubs-de-colinas-recebe-encontro-do-grupo-bem-gestar\\\/#article\",\"isPartOf\":{\"@id\":\"https:\\\/\\\/folhapopular.info\\\/index.php\\\/2023\\\/08\\\/22\\\/ubs-de-colinas-recebe-encontro-do-grupo-bem-gestar\\\/\"},\"author\":{\"name\":\"Reda\u00e7\u00e3o Folha Popular\",\"@id\":\"https:\\\/\\\/folhapopular.info\\\/#\\\/schema\\\/person\\\/2814e8a0df7643585a9ca38bc6eb9d4b\"},\"headline\":\"UBS de Colinas recebe encontro do Grupo Bem Gestar\",\"datePublished\":\"2023-08-22T20:45:00+00:00\",\"mainEntityOfPage\":{\"@id\":\"https:\\\/\\\/folhapopular.info\\\/index.php\\\/2023\\\/08\\\/22\\\/ubs-de-colinas-recebe-encontro-do-grupo-bem-gestar\\\/\"},\"wordCount\":333,\"commentCount\":0,\"image\":{\"@id\":\"https:\\\/\\\/folhapopular.info\\\/index.php\\\/2023\\\/08\\\/22\\\/ubs-de-colinas-recebe-encontro-do-grupo-bem-gestar\\\/#primaryimage\"},\"thumbnailUrl\":\"https:\\\/\\\/folhapopular.info\\\/wp-content\\\/uploads\\\/2023\\\/08\\\/roda-de-conversa-sobre-amamentacao01.jpg\",\"keywords\":[\"Colinas\",\"Grupo Bem Gestar\"],\"articleSection\":[\"Destaques\",\"Geral\",\"Sa\u00fade\"],\"inLanguage\":\"pt-BR\",\"potentialAction\":[{\"@type\":\"CommentAction\",\"name\":\"Comment\",\"target\":[\"https:\\\/\\\/folhapopular.info\\\/index.php\\\/2023\\\/08\\\/22\\\/ubs-de-colinas-recebe-encontro-do-grupo-bem-gestar\\\/#respond\"]}]},{\"@type\":\"WebPage\",\"@id\":\"https:\\\/\\\/folhapopular.info\\\/index.php\\\/2023\\\/08\\\/22\\\/ubs-de-colinas-recebe-encontro-do-grupo-bem-gestar\\\/\",\"url\":\"https:\\\/\\\/folhapopular.info\\\/index.php\\\/2023\\\/08\\\/22\\\/ubs-de-colinas-recebe-encontro-do-grupo-bem-gestar\\\/\",\"name\":\"UBS de Colinas recebe encontro do Grupo Bem Gestar - Folha Popular\",\"isPartOf\":{\"@id\":\"https:\\\/\\\/folhapopular.info\\\/#website\"},\"primaryImageOfPage\":{\"@id\":\"https:\\\/\\\/folhapopular.info\\\/index.php\\\/2023\\\/08\\\/22\\\/ubs-de-colinas-recebe-encontro-do-grupo-bem-gestar\\\/#primaryimage\"},\"image\":{\"@id\":\"https:\\\/\\\/folhapopular.info\\\/index.php\\\/2023\\\/08\\\/22\\\/ubs-de-colinas-recebe-encontro-do-grupo-bem-gestar\\\/#primaryimage\"},\"thumbnailUrl\":\"https:\\\/\\\/folhapopular.info\\\/wp-content\\\/uploads\\\/2023\\\/08\\\/roda-de-conversa-sobre-amamentacao01.jpg\",\"datePublished\":\"2023-08-22T20:45:00+00:00\",\"author\":{\"@id\":\"https:\\\/\\\/folhapopular.info\\\/#\\\/schema\\\/person\\\/2814e8a0df7643585a9ca38bc6eb9d4b\"},\"breadcrumb\":{\"@id\":\"https:\\\/\\\/folhapopular.info\\\/index.php\\\/2023\\\/08\\\/22\\\/ubs-de-colinas-recebe-encontro-do-grupo-bem-gestar\\\/#breadcrumb\"},\"inLanguage\":\"pt-BR\",\"potentialAction\":[{\"@type\":\"ReadAction\",\"target\":[\"https:\\\/\\\/folhapopular.info\\\/index.php\\\/2023\\\/08\\\/22\\\/ubs-de-colinas-recebe-encontro-do-grupo-bem-gestar\\\/\"]}]},{\"@type\":\"ImageObject\",\"inLanguage\":\"pt-BR\",\"@id\":\"https:\\\/\\\/folhapopular.info\\\/index.php\\\/2023\\\/08\\\/22\\\/ubs-de-colinas-recebe-encontro-do-grupo-bem-gestar\\\/#primaryimage\",\"url\":\"https:\\\/\\\/folhapopular.info\\\/wp-content\\\/uploads\\\/2023\\\/08\\\/roda-de-conversa-sobre-amamentacao01.jpg\",\"contentUrl\":\"https:\\\/\\\/folhapopular.info\\\/wp-content\\\/uploads\\\/2023\\\/08\\\/roda-de-conversa-sobre-amamentacao01.jpg\",\"width\":1276,\"height\":886,\"caption\":\"Cr\u00e9dito da foto: Fabr\u00edcio Fiel\"},{\"@type\":\"BreadcrumbList\",\"@id\":\"https:\\\/\\\/folhapopular.info\\\/index.php\\\/2023\\\/08\\\/22\\\/ubs-de-colinas-recebe-encontro-do-grupo-bem-gestar\\\/#breadcrumb\",\"itemListElement\":[{\"@type\":\"ListItem\",\"position\":1,\"name\":\"In\u00edcio\",\"item\":\"https:\\\/\\\/folhapopular.info\\\/\"},{\"@type\":\"ListItem\",\"position\":2,\"name\":\"UBS de Colinas recebe encontro do Grupo Bem Gestar\"}]},{\"@type\":\"WebSite\",\"@id\":\"https:\\\/\\\/folhapopular.info\\\/#website\",\"url\":\"https:\\\/\\\/folhapopular.info\\\/\",\"name\":\"Folha Popular\",\"description\":\"Onde voc\u00ea tem vez e voz\",\"potentialAction\":[{\"@type\":\"SearchAction\",\"target\":{\"@type\":\"EntryPoint\",\"urlTemplate\":\"https:\\\/\\\/folhapopular.info\\\/?s={search_term_string}\"},\"query-input\":{\"@type\":\"PropertyValueSpecification\",\"valueRequired\":true,\"valueName\":\"search_term_string\"}}],\"inLanguage\":\"pt-BR\"},{\"@type\":\"Person\",\"@id\":\"https:\\\/\\\/folhapopular.info\\\/#\\\/schema\\\/person\\\/2814e8a0df7643585a9ca38bc6eb9d4b\",\"name\":\"Reda\u00e7\u00e3o Folha Popular\",\"image\":{\"@type\":\"ImageObject\",\"inLanguage\":\"pt-BR\",\"@id\":\"https:\\\/\\\/folhapopular.info\\\/wp-content\\\/uploads\\\/2026\\\/04\\\/Folha-1.webp\",\"url\":\"https:\\\/\\\/folhapopular.info\\\/wp-content\\\/uploads\\\/2026\\\/04\\\/Folha-1.webp\",\"contentUrl\":\"https:\\\/\\\/folhapopular.info\\\/wp-content\\\/uploads\\\/2026\\\/04\\\/Folha-1.webp\",\"caption\":\"Reda\u00e7\u00e3o Folha Popular\"},\"url\":\"https:\\\/\\\/folhapopular.info\\\/index.php\\\/author\\\/redacao\\\/\"}]}<\/script>\n<!-- \/ Yoast SEO plugin. -->","yoast_head_json":{"title":"UBS de Colinas recebe encontro do Grupo Bem Gestar - Folha Popular","robots":{"index":"index","follow":"follow","max-snippet":"max-snippet:-1","max-image-preview":"max-image-preview:large","max-video-preview":"max-video-preview:-1"},"canonical":"https:\/\/folhapopular.info\/index.php\/2023\/08\/22\/ubs-de-colinas-recebe-encontro-do-grupo-bem-gestar\/","og_locale":"pt_BR","og_type":"article","og_title":"UBS de Colinas recebe encontro do Grupo Bem Gestar - Folha Popular","og_description":"Na noite de quinta-feira (17\/8), a Unidade B\u00e1sica de Sa\u00fade de Colinas recebeu o encontro do Grupo Bem Gestar, que neste m\u00eas abordou o Agosto Dourado e o fundamental papel dos pais na jornada da amamenta\u00e7\u00e3o. O evento trouxe \u00e0 luz a import\u00e2ncia do aleitamento materno e a colabora\u00e7\u00e3o familiar para promover uma base s\u00f3lida [&hellip;]","og_url":"https:\/\/folhapopular.info\/index.php\/2023\/08\/22\/ubs-de-colinas-recebe-encontro-do-grupo-bem-gestar\/","og_site_name":"Folha Popular","article_published_time":"2023-08-22T20:45:00+00:00","og_image":[{"width":1276,"height":886,"url":"https:\/\/folhapopular.info\/wp-content\/uploads\/2023\/08\/roda-de-conversa-sobre-amamentacao01.jpg","type":"image\/jpeg"}],"author":"Reda\u00e7\u00e3o Folha Popular","twitter_card":"summary_large_image","twitter_misc":{"Escrito por":"Reda\u00e7\u00e3o Folha Popular","Est. tempo de leitura":"2 minutos"},"schema":{"@context":"https:\/\/schema.org","@graph":[{"@type":"Article","@id":"https:\/\/folhapopular.info\/index.php\/2023\/08\/22\/ubs-de-colinas-recebe-encontro-do-grupo-bem-gestar\/#article","isPartOf":{"@id":"https:\/\/folhapopular.info\/index.php\/2023\/08\/22\/ubs-de-colinas-recebe-encontro-do-grupo-bem-gestar\/"},"author":{"name":"Reda\u00e7\u00e3o Folha Popular","@id":"https:\/\/folhapopular.info\/#\/schema\/person\/2814e8a0df7643585a9ca38bc6eb9d4b"},"headline":"UBS de Colinas recebe encontro do Grupo Bem Gestar","datePublished":"2023-08-22T20:45:00+00:00","mainEntityOfPage":{"@id":"https:\/\/folhapopular.info\/index.php\/2023\/08\/22\/ubs-de-colinas-recebe-encontro-do-grupo-bem-gestar\/"},"wordCount":333,"commentCount":0,"image":{"@id":"https:\/\/folhapopular.info\/index.php\/2023\/08\/22\/ubs-de-colinas-recebe-encontro-do-grupo-bem-gestar\/#primaryimage"},"thumbnailUrl":"https:\/\/folhapopular.info\/wp-content\/uploads\/2023\/08\/roda-de-conversa-sobre-amamentacao01.jpg","keywords":["Colinas","Grupo Bem Gestar"],"articleSection":["Destaques","Geral","Sa\u00fade"],"inLanguage":"pt-BR","potentialAction":[{"@type":"CommentAction","name":"Comment","target":["https:\/\/folhapopular.info\/index.php\/2023\/08\/22\/ubs-de-colinas-recebe-encontro-do-grupo-bem-gestar\/#respond"]}]},{"@type":"WebPage","@id":"https:\/\/folhapopular.info\/index.php\/2023\/08\/22\/ubs-de-colinas-recebe-encontro-do-grupo-bem-gestar\/","url":"https:\/\/folhapopular.info\/index.php\/2023\/08\/22\/ubs-de-colinas-recebe-encontro-do-grupo-bem-gestar\/","name":"UBS de Colinas recebe encontro do Grupo Bem Gestar - Folha Popular","isPartOf":{"@id":"https:\/\/folhapopular.info\/#website"},"primaryImageOfPage":{"@id":"https:\/\/folhapopular.info\/index.php\/2023\/08\/22\/ubs-de-colinas-recebe-encontro-do-grupo-bem-gestar\/#primaryimage"},"image":{"@id":"https:\/\/folhapopular.info\/index.php\/2023\/08\/22\/ubs-de-colinas-recebe-encontro-do-grupo-bem-gestar\/#primaryimage"},"thumbnailUrl":"https:\/\/folhapopular.info\/wp-content\/uploads\/2023\/08\/roda-de-conversa-sobre-amamentacao01.jpg","datePublished":"2023-08-22T20:45:00+00:00","author":{"@id":"https:\/\/folhapopular.info\/#\/schema\/person\/2814e8a0df7643585a9ca38bc6eb9d4b"},"breadcrumb":{"@id":"https:\/\/folhapopular.info\/index.php\/2023\/08\/22\/ubs-de-colinas-recebe-encontro-do-grupo-bem-gestar\/#breadcrumb"},"inLanguage":"pt-BR","potentialAction":[{"@type":"ReadAction","target":["https:\/\/folhapopular.info\/index.php\/2023\/08\/22\/ubs-de-colinas-recebe-encontro-do-grupo-bem-gestar\/"]}]},{"@type":"ImageObject","inLanguage":"pt-BR","@id":"https:\/\/folhapopular.info\/index.php\/2023\/08\/22\/ubs-de-colinas-recebe-encontro-do-grupo-bem-gestar\/#primaryimage","url":"https:\/\/folhapopular.info\/wp-content\/uploads\/2023\/08\/roda-de-conversa-sobre-amamentacao01.jpg","contentUrl":"https:\/\/folhapopular.info\/wp-content\/uploads\/2023\/08\/roda-de-conversa-sobre-amamentacao01.jpg","width":1276,"height":886,"caption":"Cr\u00e9dito da foto: Fabr\u00edcio Fiel"},{"@type":"BreadcrumbList","@id":"https:\/\/folhapopular.info\/index.php\/2023\/08\/22\/ubs-de-colinas-recebe-encontro-do-grupo-bem-gestar\/#breadcrumb","itemListElement":[{"@type":"ListItem","position":1,"name":"In\u00edcio","item":"https:\/\/folhapopular.info\/"},{"@type":"ListItem","position":2,"name":"UBS de Colinas recebe encontro do Grupo Bem Gestar"}]},{"@type":"WebSite","@id":"https:\/\/folhapopular.info\/#website","url":"https:\/\/folhapopular.info\/","name":"Folha Popular","description":"Onde voc\u00ea tem vez e voz","potentialAction":[{"@type":"SearchAction","target":{"@type":"EntryPoint","urlTemplate":"https:\/\/folhapopular.info\/?s={search_term_string}"},"query-input":{"@type":"PropertyValueSpecification","valueRequired":true,"valueName":"search_term_string"}}],"inLanguage":"pt-BR"},{"@type":"Person","@id":"https:\/\/folhapopular.info\/#\/schema\/person\/2814e8a0df7643585a9ca38bc6eb9d4b","name":"Reda\u00e7\u00e3o Folha Popular","image":{"@type":"ImageObject","inLanguage":"pt-BR","@id":"https:\/\/folhapopular.info\/wp-content\/uploads\/2026\/04\/Folha-1.webp","url":"https:\/\/folhapopular.info\/wp-content\/uploads\/2026\/04\/Folha-1.webp","contentUrl":"https:\/\/folhapopular.info\/wp-content\/uploads\/2026\/04\/Folha-1.webp","caption":"Reda\u00e7\u00e3o Folha Popular"},"url":"https:\/\/folhapopular.info\/index.php\/author\/redacao\/"}]}},"jetpack_featured_media_url":"https:\/\/folhapopular.info\/wp-content\/uploads\/2023\/08\/roda-de-conversa-sobre-amamentacao01.jpg","jetpack_sharing_enabled":true,"amp_enabled":true,"_links":{"self":[{"href":"https:\/\/folhapopular.info\/index.php\/wp-json\/wp\/v2\/posts\/138348","targetHints":{"allow":["GET"]}}],"collection":[{"href":"https:\/\/folhapopular.info\/index.php\/wp-json\/wp\/v2\/posts"}],"about":[{"href":"https:\/\/folhapopular.info\/index.php\/wp-json\/wp\/v2\/types\/post"}],"author":[{"embeddable":true,"href":"https:\/\/folhapopular.info\/index.php\/wp-json\/wp\/v2\/users\/8"}],"replies":[{"embeddable":true,"href":"https:\/\/folhapopular.info\/index.php\/wp-json\/wp\/v2\/comments?post=138348"}],"version-history":[{"count":0,"href":"https:\/\/folhapopular.info\/index.php\/wp-json\/wp\/v2\/posts\/138348\/revisions"}],"wp:featuredmedia":[{"embeddable":true,"href":"https:\/\/folhapopular.info\/index.php\/wp-json\/wp\/v2\/media\/138351"}],"wp:attachment":[{"href":"https:\/\/folhapopular.info\/index.php\/wp-json\/wp\/v2\/media?parent=138348"}],"wp:term":[{"taxonomy":"category","embeddable":true,"href":"https:\/\/folhapopular.info\/index.php\/wp-json\/wp\/v2\/categories?post=138348"},{"taxonomy":"post_tag","embeddable":true,"href":"https:\/\/folhapopular.info\/index.php\/wp-json\/wp\/v2\/tags?post=138348"}],"curies":[{"name":"wp","href":"https:\/\/api.w.org\/{rel}","templated":true}]}}