{"id":138381,"date":"2023-08-23T09:24:43","date_gmt":"2023-08-23T12:24:43","guid":{"rendered":"https:\/\/folhapopular.info\/?p=138381"},"modified":"2023-08-23T10:57:18","modified_gmt":"2023-08-23T13:57:18","slug":"apae-teutonia-promove-acoes-da-semana-nacional-da-pessoa-com-deficiencia-intelectual-e-multipla","status":"publish","type":"post","link":"https:\/\/folhapopular.info\/index.php\/2023\/08\/23\/apae-teutonia-promove-acoes-da-semana-nacional-da-pessoa-com-deficiencia-intelectual-e-multipla\/","title":{"rendered":"Apae Teut\u00f4nia promove a\u00e7\u00f5es da Semana Nacional da Pessoa com Defici\u00eancia Intelectual e M\u00faltipla"},"content":{"rendered":"\n<p>Iniciou na segunda-feira (21\/8) mais uma edi\u00e7\u00e3o da Semana Nacional da Pessoa com Defici\u00eancia Intelectual e M\u00faltipla. Para marcar a data, a Apae de Teut\u00f4nia realiza uma semana cheia de atividades e eventos. \u201c\u00c9 uma semana sempre muito especial para o movimento Apaeano. Nos preparamos para fazer atividades diferentes. N\u00e3o \u00e9 uma semana para comemorar a defici\u00eancia, mas uma semana que temos a oportunidade de mostrar nosso trabalho e, principalmente, a potencialidade e capacidade das pessoas que frequentam a entidade\u201d, destaca a diretora da Apae Teut\u00f4nia, Raquel Brackmann.<\/p>\n\n\n\n<p>As atividades diferenciadas s\u00e3o voltadas para os alunos e usu\u00e1rios da Apae, mas tamb\u00e9m busca-se envolver as fam\u00edlias e comunidade. A semana iniciou com a divulga\u00e7\u00e3o, por meio das redes sociais, das atividades da semana. Este ano o tema da semana \u00e9 \u201cConectar e Somar para Construir a Inclus\u00e3o\u201d.<\/p>\n\n\n\n<p>Na ter\u00e7a-feira (22\/8), ocorreu o Encontro das Apaes, reunindo as nove entidades da regi\u00e3o. \u201cNos reunimos para pensar sobre os cuidados do cuidador. Um dia em que paramos para olhar um pouco para o profissional\u201d, explica.<\/p>\n\n\n\n<p>Nesta quarta-feira (23\/8), no turno da manh\u00e3, as turmas dos alunos mais novos participam de uma Hora do Conto. O dia tamb\u00e9m contar\u00e1 com apresenta\u00e7\u00f5es do Grupo de Dan\u00e7as Contempor\u00e2neas. \u201cEles v\u00e3o se apresentar na escola 24 de Maio, onde temos bastante alunos inclu\u00eddos, tanto no turno da manh\u00e3, quanto da tarde\u201d, refor\u00e7a.<\/p>\n\n\n\n<p>Na quinta-feira (24\/8) o foco ser\u00e1 o tema da semana. \u201cNesse dia temos uma programa\u00e7\u00e3o interna e a aula \u00e9 voltada para esse tema\u201d, complementa.<\/p>\n\n\n\n<p>A sexta-feira (25\/8), ser\u00e1 de atividades diferenciadas de recrea\u00e7\u00e3o. Na parte da manh\u00e3, as crian\u00e7as menores v\u00e3o para a Casa de Festas Brinqued\u00e3o, em Canabarro. \u201cPara proporcionar um momento diferente para os alunos\u201d, salienta.<\/p>\n\n\n\n<p>\u00c0 tarde acontece um dos momentos mais esperados pelos alunos mais velhos: a Balada Especial. Este ano, a festa acontece no Canabarrense. \u201cPara n\u00f3s \u00e9 comum sair, para nossos alunos o sair, muitas vezes, \u00e9 ir para a Apae. Ent\u00e3o temos proporcionar uma balada como aquelas em que a gente vai\u201d, explica. O momento deve contar com a visita de outras Apaes da regi\u00e3o. \u201cNossos alunos n\u00e3o querem fazer baile entre eles, eles querem conhecer pessoas novas, e eles gostam muito desse momento\u201d, pontua.<\/p>\n\n\n\n<p>No s\u00e1bado (26\/8), a semana vai se encaminhando para o fim. Em parceria com a Sicredi, a Apae realiza palestra com a atleta paral\u00edmpica Larissa Rodrigues, que integra a sele\u00e7\u00e3o brasileira paral\u00edmpica de nata\u00e7\u00e3o. \u201cEla vai falar sobre a experi\u00eancia dela. \u00c9 um momento que abrimos para as fam\u00edlias, para a comunidade. Ela vai falar sobre onde ela chegou. Porque muitas vezes as fam\u00edlias chegam \u00e0 Apae e acham que \u00e9 uma senten\u00e7a, mas a Apae abre um leque de possibilidades, abrem-se portas. N\u00e3o s\u00f3 batalhamos por inclus\u00e3o no meio social e escola, mas tamb\u00e9m no mercado de trabalho e da pessoa como um todo\u201d, declara.<\/p>\n\n\n\n<p>Na segunda-feira (28\/8), a entidade far\u00e1 um resgate dos melhores momentos da semana divulgando nas redes sociais. \u201c\u00c9 uma semana bem intensa, com v\u00e1rias atividades. Mas que para o movimento Apaeano \u00e9 de extrema import\u00e2ncia\u201d, refor\u00e7a.<\/p>\n\n\n\n<p><strong>Inclus\u00e3o para o mundo<\/strong><\/p>\n\n\n\n<p>Raquel refor\u00e7a que a inten\u00e7\u00e3o da Apae \u00e9 proporcionar estes e outros momentos e projetos para que os alunos saiam da Apae e se integram \u00e0 sociedade. \u201cN\u00e3o queremos que eles v\u00e3o para a Apae e permane\u00e7am l\u00e1 dentro. Investimos no mercado de trabalho, na quest\u00e3o do esporte. Proporcionamos aquilo que a gente tem na nossa vida, de se destacar, de viajar. \u00c9 uma forma deles estarem envolvido no mundo. Batalhamos para que eles tenham os mesmos direitos que a gente. N\u00f3s temos uma lei de inclus\u00e3o que \u00e9 t\u00e3o ampla e bonita, mas que na pr\u00e1tica a gente ainda tem que lutar\u201d, defende.<\/p>\n\n\n\n<p>Segundo ela, apesar de vivermos em um era de muita informa\u00e7\u00e3o, a inclus\u00e3o ainda n\u00e3o \u00e9 plena. \u201cAinda precisamos lutar por isso, se a gente n\u00e3o precisasse, n\u00e3o estaria aqui falando tanto em inclus\u00e3o, porque n\u00e3o precisaria, estaria acontecendo. Precisamos desse tema, porque precisamos somar e conectar para que cada vez mais essa inclus\u00e3o se torne, de fato, do conhecimento de todos e a gente n\u00e3o precise mais brigar por isso\u201d, pontua.<\/p>\n","protected":false},"excerpt":{"rendered":"<p>Iniciou na segunda-feira (21\/8) mais uma edi\u00e7\u00e3o da Semana Nacional da Pessoa com Defici\u00eancia Intelectual e M\u00faltipla. Para marcar a data, a Apae de Teut\u00f4nia realiza uma semana cheia de atividades e eventos. \u201c\u00c9 uma semana sempre muito especial para o movimento Apaeano. Nos preparamos para fazer atividades diferentes. N\u00e3o \u00e9 uma semana para comemorar [&hellip;]<\/p>\n","protected":false},"author":5,"featured_media":138382,"comment_status":"open","ping_status":"open","sticky":false,"template":"","format":"standard","meta":{"pmpro_default_level":"","_jetpack_memberships_contains_paid_content":false,"footnotes":""},"categories":[2,3],"tags":[],"class_list":{"0":"post-138381","1":"post","2":"type-post","3":"status-publish","4":"format-standard","5":"has-post-thumbnail","7":"category-featured","8":"category-geral","9":"pmpro-has-access"},"yoast_head":"<!-- This site is optimized with the Yoast SEO plugin v27.4 - https:\/\/yoast.com\/product\/yoast-seo-wordpress\/ -->\n<title>Apae Teut\u00f4nia promove a\u00e7\u00f5es da Semana Nacional da Pessoa com Defici\u00eancia Intelectual e M\u00faltipla - Folha Popular<\/title>\n<meta name=\"robots\" content=\"index, follow, max-snippet:-1, max-image-preview:large, max-video-preview:-1\" \/>\n<link rel=\"canonical\" href=\"https:\/\/folhapopular.info\/index.php\/2023\/08\/23\/apae-teutonia-promove-acoes-da-semana-nacional-da-pessoa-com-deficiencia-intelectual-e-multipla\/\" \/>\n<meta property=\"og:locale\" content=\"pt_BR\" \/>\n<meta property=\"og:type\" content=\"article\" \/>\n<meta property=\"og:title\" content=\"Apae Teut\u00f4nia promove a\u00e7\u00f5es da Semana Nacional da Pessoa com Defici\u00eancia Intelectual e M\u00faltipla - Folha Popular\" \/>\n<meta property=\"og:description\" content=\"Iniciou na segunda-feira (21\/8) mais uma edi\u00e7\u00e3o da Semana Nacional da Pessoa com Defici\u00eancia Intelectual e M\u00faltipla. Para marcar a data, a Apae de Teut\u00f4nia realiza uma semana cheia de atividades e eventos. \u201c\u00c9 uma semana sempre muito especial para o movimento Apaeano. Nos preparamos para fazer atividades diferentes. N\u00e3o \u00e9 uma semana para comemorar [&hellip;]\" \/>\n<meta property=\"og:url\" content=\"https:\/\/folhapopular.info\/index.php\/2023\/08\/23\/apae-teutonia-promove-acoes-da-semana-nacional-da-pessoa-com-deficiencia-intelectual-e-multipla\/\" \/>\n<meta property=\"og:site_name\" content=\"Folha Popular\" \/>\n<meta property=\"article:published_time\" content=\"2023-08-23T12:24:43+00:00\" \/>\n<meta property=\"article:modified_time\" content=\"2023-08-23T13:57:18+00:00\" \/>\n<meta property=\"og:image\" content=\"http:\/\/folhapopular.info\/wp-content\/uploads\/2023\/08\/Apae_Div.jpeg\" \/>\n\t<meta property=\"og:image:width\" content=\"1280\" \/>\n\t<meta property=\"og:image:height\" content=\"720\" \/>\n\t<meta property=\"og:image:type\" content=\"image\/jpeg\" \/>\n<meta name=\"author\" content=\"Paloma Cristine Griesang\" \/>\n<meta name=\"twitter:card\" content=\"summary_large_image\" \/>\n<meta name=\"twitter:label1\" content=\"Escrito por\" \/>\n\t<meta name=\"twitter:data1\" content=\"Paloma Cristine Griesang\" \/>\n\t<meta name=\"twitter:label2\" content=\"Est. tempo de leitura\" \/>\n\t<meta name=\"twitter:data2\" content=\"4 minutos\" \/>\n<script type=\"application\/ld+json\" class=\"yoast-schema-graph\">{\"@context\":\"https:\\\/\\\/schema.org\",\"@graph\":[{\"@type\":\"Article\",\"@id\":\"https:\\\/\\\/folhapopular.info\\\/index.php\\\/2023\\\/08\\\/23\\\/apae-teutonia-promove-acoes-da-semana-nacional-da-pessoa-com-deficiencia-intelectual-e-multipla\\\/#article\",\"isPartOf\":{\"@id\":\"https:\\\/\\\/folhapopular.info\\\/index.php\\\/2023\\\/08\\\/23\\\/apae-teutonia-promove-acoes-da-semana-nacional-da-pessoa-com-deficiencia-intelectual-e-multipla\\\/\"},\"author\":{\"name\":\"Paloma Cristine Griesang\",\"@id\":\"https:\\\/\\\/folhapopular.info\\\/#\\\/schema\\\/person\\\/6441c3adb14a6337552a9700ef5698d2\"},\"headline\":\"Apae Teut\u00f4nia promove a\u00e7\u00f5es da Semana Nacional da Pessoa com Defici\u00eancia Intelectual e M\u00faltipla\",\"datePublished\":\"2023-08-23T12:24:43+00:00\",\"dateModified\":\"2023-08-23T13:57:18+00:00\",\"mainEntityOfPage\":{\"@id\":\"https:\\\/\\\/folhapopular.info\\\/index.php\\\/2023\\\/08\\\/23\\\/apae-teutonia-promove-acoes-da-semana-nacional-da-pessoa-com-deficiencia-intelectual-e-multipla\\\/\"},\"wordCount\":750,\"commentCount\":0,\"image\":{\"@id\":\"https:\\\/\\\/folhapopular.info\\\/index.php\\\/2023\\\/08\\\/23\\\/apae-teutonia-promove-acoes-da-semana-nacional-da-pessoa-com-deficiencia-intelectual-e-multipla\\\/#primaryimage\"},\"thumbnailUrl\":\"https:\\\/\\\/folhapopular.info\\\/wp-content\\\/uploads\\\/2023\\\/08\\\/Apae_Div.jpeg\",\"articleSection\":[\"Destaques\",\"Geral\"],\"inLanguage\":\"pt-BR\",\"potentialAction\":[{\"@type\":\"CommentAction\",\"name\":\"Comment\",\"target\":[\"https:\\\/\\\/folhapopular.info\\\/index.php\\\/2023\\\/08\\\/23\\\/apae-teutonia-promove-acoes-da-semana-nacional-da-pessoa-com-deficiencia-intelectual-e-multipla\\\/#respond\"]}]},{\"@type\":\"WebPage\",\"@id\":\"https:\\\/\\\/folhapopular.info\\\/index.php\\\/2023\\\/08\\\/23\\\/apae-teutonia-promove-acoes-da-semana-nacional-da-pessoa-com-deficiencia-intelectual-e-multipla\\\/\",\"url\":\"https:\\\/\\\/folhapopular.info\\\/index.php\\\/2023\\\/08\\\/23\\\/apae-teutonia-promove-acoes-da-semana-nacional-da-pessoa-com-deficiencia-intelectual-e-multipla\\\/\",\"name\":\"Apae Teut\u00f4nia promove a\u00e7\u00f5es da Semana Nacional da Pessoa com Defici\u00eancia Intelectual e M\u00faltipla - Folha Popular\",\"isPartOf\":{\"@id\":\"https:\\\/\\\/folhapopular.info\\\/#website\"},\"primaryImageOfPage\":{\"@id\":\"https:\\\/\\\/folhapopular.info\\\/index.php\\\/2023\\\/08\\\/23\\\/apae-teutonia-promove-acoes-da-semana-nacional-da-pessoa-com-deficiencia-intelectual-e-multipla\\\/#primaryimage\"},\"image\":{\"@id\":\"https:\\\/\\\/folhapopular.info\\\/index.php\\\/2023\\\/08\\\/23\\\/apae-teutonia-promove-acoes-da-semana-nacional-da-pessoa-com-deficiencia-intelectual-e-multipla\\\/#primaryimage\"},\"thumbnailUrl\":\"https:\\\/\\\/folhapopular.info\\\/wp-content\\\/uploads\\\/2023\\\/08\\\/Apae_Div.jpeg\",\"datePublished\":\"2023-08-23T12:24:43+00:00\",\"dateModified\":\"2023-08-23T13:57:18+00:00\",\"author\":{\"@id\":\"https:\\\/\\\/folhapopular.info\\\/#\\\/schema\\\/person\\\/6441c3adb14a6337552a9700ef5698d2\"},\"breadcrumb\":{\"@id\":\"https:\\\/\\\/folhapopular.info\\\/index.php\\\/2023\\\/08\\\/23\\\/apae-teutonia-promove-acoes-da-semana-nacional-da-pessoa-com-deficiencia-intelectual-e-multipla\\\/#breadcrumb\"},\"inLanguage\":\"pt-BR\",\"potentialAction\":[{\"@type\":\"ReadAction\",\"target\":[\"https:\\\/\\\/folhapopular.info\\\/index.php\\\/2023\\\/08\\\/23\\\/apae-teutonia-promove-acoes-da-semana-nacional-da-pessoa-com-deficiencia-intelectual-e-multipla\\\/\"]}]},{\"@type\":\"ImageObject\",\"inLanguage\":\"pt-BR\",\"@id\":\"https:\\\/\\\/folhapopular.info\\\/index.php\\\/2023\\\/08\\\/23\\\/apae-teutonia-promove-acoes-da-semana-nacional-da-pessoa-com-deficiencia-intelectual-e-multipla\\\/#primaryimage\",\"url\":\"https:\\\/\\\/folhapopular.info\\\/wp-content\\\/uploads\\\/2023\\\/08\\\/Apae_Div.jpeg\",\"contentUrl\":\"https:\\\/\\\/folhapopular.info\\\/wp-content\\\/uploads\\\/2023\\\/08\\\/Apae_Div.jpeg\",\"width\":1280,\"height\":720,\"caption\":\"Cr\u00e9dito: Ariana de Oliveira\"},{\"@type\":\"BreadcrumbList\",\"@id\":\"https:\\\/\\\/folhapopular.info\\\/index.php\\\/2023\\\/08\\\/23\\\/apae-teutonia-promove-acoes-da-semana-nacional-da-pessoa-com-deficiencia-intelectual-e-multipla\\\/#breadcrumb\",\"itemListElement\":[{\"@type\":\"ListItem\",\"position\":1,\"name\":\"In\u00edcio\",\"item\":\"https:\\\/\\\/folhapopular.info\\\/\"},{\"@type\":\"ListItem\",\"position\":2,\"name\":\"Apae Teut\u00f4nia promove a\u00e7\u00f5es da Semana Nacional da Pessoa com Defici\u00eancia Intelectual e M\u00faltipla\"}]},{\"@type\":\"WebSite\",\"@id\":\"https:\\\/\\\/folhapopular.info\\\/#website\",\"url\":\"https:\\\/\\\/folhapopular.info\\\/\",\"name\":\"Folha Popular\",\"description\":\"Onde voc\u00ea tem vez e voz\",\"potentialAction\":[{\"@type\":\"SearchAction\",\"target\":{\"@type\":\"EntryPoint\",\"urlTemplate\":\"https:\\\/\\\/folhapopular.info\\\/?s={search_term_string}\"},\"query-input\":{\"@type\":\"PropertyValueSpecification\",\"valueRequired\":true,\"valueName\":\"search_term_string\"}}],\"inLanguage\":\"pt-BR\"},{\"@type\":\"Person\",\"@id\":\"https:\\\/\\\/folhapopular.info\\\/#\\\/schema\\\/person\\\/6441c3adb14a6337552a9700ef5698d2\",\"name\":\"Paloma Cristine Griesang\",\"image\":{\"@type\":\"ImageObject\",\"inLanguage\":\"pt-BR\",\"@id\":\"https:\\\/\\\/secure.gravatar.com\\\/avatar\\\/7a1c3f1e1b05846882a13987cf3bd04239fe0ea8fd472d7d16d7f21c265005a5?s=96&d=mm&r=g\",\"url\":\"https:\\\/\\\/secure.gravatar.com\\\/avatar\\\/7a1c3f1e1b05846882a13987cf3bd04239fe0ea8fd472d7d16d7f21c265005a5?s=96&d=mm&r=g\",\"contentUrl\":\"https:\\\/\\\/secure.gravatar.com\\\/avatar\\\/7a1c3f1e1b05846882a13987cf3bd04239fe0ea8fd472d7d16d7f21c265005a5?s=96&d=mm&r=g\",\"caption\":\"Paloma Cristine Griesang\"},\"url\":\"https:\\\/\\\/folhapopular.info\\\/index.php\\\/author\\\/paloma-griesang\\\/\"}]}<\/script>\n<!-- \/ Yoast SEO plugin. -->","yoast_head_json":{"title":"Apae Teut\u00f4nia promove a\u00e7\u00f5es da Semana Nacional da Pessoa com Defici\u00eancia Intelectual e M\u00faltipla - Folha Popular","robots":{"index":"index","follow":"follow","max-snippet":"max-snippet:-1","max-image-preview":"max-image-preview:large","max-video-preview":"max-video-preview:-1"},"canonical":"https:\/\/folhapopular.info\/index.php\/2023\/08\/23\/apae-teutonia-promove-acoes-da-semana-nacional-da-pessoa-com-deficiencia-intelectual-e-multipla\/","og_locale":"pt_BR","og_type":"article","og_title":"Apae Teut\u00f4nia promove a\u00e7\u00f5es da Semana Nacional da Pessoa com Defici\u00eancia Intelectual e M\u00faltipla - Folha Popular","og_description":"Iniciou na segunda-feira (21\/8) mais uma edi\u00e7\u00e3o da Semana Nacional da Pessoa com Defici\u00eancia Intelectual e M\u00faltipla. Para marcar a data, a Apae de Teut\u00f4nia realiza uma semana cheia de atividades e eventos. \u201c\u00c9 uma semana sempre muito especial para o movimento Apaeano. Nos preparamos para fazer atividades diferentes. N\u00e3o \u00e9 uma semana para comemorar [&hellip;]","og_url":"https:\/\/folhapopular.info\/index.php\/2023\/08\/23\/apae-teutonia-promove-acoes-da-semana-nacional-da-pessoa-com-deficiencia-intelectual-e-multipla\/","og_site_name":"Folha Popular","article_published_time":"2023-08-23T12:24:43+00:00","article_modified_time":"2023-08-23T13:57:18+00:00","og_image":[{"width":1280,"height":720,"url":"http:\/\/folhapopular.info\/wp-content\/uploads\/2023\/08\/Apae_Div.jpeg","type":"image\/jpeg"}],"author":"Paloma Cristine Griesang","twitter_card":"summary_large_image","twitter_misc":{"Escrito por":"Paloma Cristine Griesang","Est. tempo de leitura":"4 minutos"},"schema":{"@context":"https:\/\/schema.org","@graph":[{"@type":"Article","@id":"https:\/\/folhapopular.info\/index.php\/2023\/08\/23\/apae-teutonia-promove-acoes-da-semana-nacional-da-pessoa-com-deficiencia-intelectual-e-multipla\/#article","isPartOf":{"@id":"https:\/\/folhapopular.info\/index.php\/2023\/08\/23\/apae-teutonia-promove-acoes-da-semana-nacional-da-pessoa-com-deficiencia-intelectual-e-multipla\/"},"author":{"name":"Paloma Cristine Griesang","@id":"https:\/\/folhapopular.info\/#\/schema\/person\/6441c3adb14a6337552a9700ef5698d2"},"headline":"Apae Teut\u00f4nia promove a\u00e7\u00f5es da Semana Nacional da Pessoa com Defici\u00eancia Intelectual e M\u00faltipla","datePublished":"2023-08-23T12:24:43+00:00","dateModified":"2023-08-23T13:57:18+00:00","mainEntityOfPage":{"@id":"https:\/\/folhapopular.info\/index.php\/2023\/08\/23\/apae-teutonia-promove-acoes-da-semana-nacional-da-pessoa-com-deficiencia-intelectual-e-multipla\/"},"wordCount":750,"commentCount":0,"image":{"@id":"https:\/\/folhapopular.info\/index.php\/2023\/08\/23\/apae-teutonia-promove-acoes-da-semana-nacional-da-pessoa-com-deficiencia-intelectual-e-multipla\/#primaryimage"},"thumbnailUrl":"https:\/\/folhapopular.info\/wp-content\/uploads\/2023\/08\/Apae_Div.jpeg","articleSection":["Destaques","Geral"],"inLanguage":"pt-BR","potentialAction":[{"@type":"CommentAction","name":"Comment","target":["https:\/\/folhapopular.info\/index.php\/2023\/08\/23\/apae-teutonia-promove-acoes-da-semana-nacional-da-pessoa-com-deficiencia-intelectual-e-multipla\/#respond"]}]},{"@type":"WebPage","@id":"https:\/\/folhapopular.info\/index.php\/2023\/08\/23\/apae-teutonia-promove-acoes-da-semana-nacional-da-pessoa-com-deficiencia-intelectual-e-multipla\/","url":"https:\/\/folhapopular.info\/index.php\/2023\/08\/23\/apae-teutonia-promove-acoes-da-semana-nacional-da-pessoa-com-deficiencia-intelectual-e-multipla\/","name":"Apae Teut\u00f4nia promove a\u00e7\u00f5es da Semana Nacional da Pessoa com Defici\u00eancia Intelectual e M\u00faltipla - Folha Popular","isPartOf":{"@id":"https:\/\/folhapopular.info\/#website"},"primaryImageOfPage":{"@id":"https:\/\/folhapopular.info\/index.php\/2023\/08\/23\/apae-teutonia-promove-acoes-da-semana-nacional-da-pessoa-com-deficiencia-intelectual-e-multipla\/#primaryimage"},"image":{"@id":"https:\/\/folhapopular.info\/index.php\/2023\/08\/23\/apae-teutonia-promove-acoes-da-semana-nacional-da-pessoa-com-deficiencia-intelectual-e-multipla\/#primaryimage"},"thumbnailUrl":"https:\/\/folhapopular.info\/wp-content\/uploads\/2023\/08\/Apae_Div.jpeg","datePublished":"2023-08-23T12:24:43+00:00","dateModified":"2023-08-23T13:57:18+00:00","author":{"@id":"https:\/\/folhapopular.info\/#\/schema\/person\/6441c3adb14a6337552a9700ef5698d2"},"breadcrumb":{"@id":"https:\/\/folhapopular.info\/index.php\/2023\/08\/23\/apae-teutonia-promove-acoes-da-semana-nacional-da-pessoa-com-deficiencia-intelectual-e-multipla\/#breadcrumb"},"inLanguage":"pt-BR","potentialAction":[{"@type":"ReadAction","target":["https:\/\/folhapopular.info\/index.php\/2023\/08\/23\/apae-teutonia-promove-acoes-da-semana-nacional-da-pessoa-com-deficiencia-intelectual-e-multipla\/"]}]},{"@type":"ImageObject","inLanguage":"pt-BR","@id":"https:\/\/folhapopular.info\/index.php\/2023\/08\/23\/apae-teutonia-promove-acoes-da-semana-nacional-da-pessoa-com-deficiencia-intelectual-e-multipla\/#primaryimage","url":"https:\/\/folhapopular.info\/wp-content\/uploads\/2023\/08\/Apae_Div.jpeg","contentUrl":"https:\/\/folhapopular.info\/wp-content\/uploads\/2023\/08\/Apae_Div.jpeg","width":1280,"height":720,"caption":"Cr\u00e9dito: Ariana de Oliveira"},{"@type":"BreadcrumbList","@id":"https:\/\/folhapopular.info\/index.php\/2023\/08\/23\/apae-teutonia-promove-acoes-da-semana-nacional-da-pessoa-com-deficiencia-intelectual-e-multipla\/#breadcrumb","itemListElement":[{"@type":"ListItem","position":1,"name":"In\u00edcio","item":"https:\/\/folhapopular.info\/"},{"@type":"ListItem","position":2,"name":"Apae Teut\u00f4nia promove a\u00e7\u00f5es da Semana Nacional da Pessoa com Defici\u00eancia Intelectual e M\u00faltipla"}]},{"@type":"WebSite","@id":"https:\/\/folhapopular.info\/#website","url":"https:\/\/folhapopular.info\/","name":"Folha Popular","description":"Onde voc\u00ea tem vez e voz","potentialAction":[{"@type":"SearchAction","target":{"@type":"EntryPoint","urlTemplate":"https:\/\/folhapopular.info\/?s={search_term_string}"},"query-input":{"@type":"PropertyValueSpecification","valueRequired":true,"valueName":"search_term_string"}}],"inLanguage":"pt-BR"},{"@type":"Person","@id":"https:\/\/folhapopular.info\/#\/schema\/person\/6441c3adb14a6337552a9700ef5698d2","name":"Paloma Cristine Griesang","image":{"@type":"ImageObject","inLanguage":"pt-BR","@id":"https:\/\/secure.gravatar.com\/avatar\/7a1c3f1e1b05846882a13987cf3bd04239fe0ea8fd472d7d16d7f21c265005a5?s=96&d=mm&r=g","url":"https:\/\/secure.gravatar.com\/avatar\/7a1c3f1e1b05846882a13987cf3bd04239fe0ea8fd472d7d16d7f21c265005a5?s=96&d=mm&r=g","contentUrl":"https:\/\/secure.gravatar.com\/avatar\/7a1c3f1e1b05846882a13987cf3bd04239fe0ea8fd472d7d16d7f21c265005a5?s=96&d=mm&r=g","caption":"Paloma Cristine Griesang"},"url":"https:\/\/folhapopular.info\/index.php\/author\/paloma-griesang\/"}]}},"jetpack_featured_media_url":"https:\/\/folhapopular.info\/wp-content\/uploads\/2023\/08\/Apae_Div.jpeg","jetpack_sharing_enabled":true,"amp_enabled":true,"_links":{"self":[{"href":"https:\/\/folhapopular.info\/index.php\/wp-json\/wp\/v2\/posts\/138381","targetHints":{"allow":["GET"]}}],"collection":[{"href":"https:\/\/folhapopular.info\/index.php\/wp-json\/wp\/v2\/posts"}],"about":[{"href":"https:\/\/folhapopular.info\/index.php\/wp-json\/wp\/v2\/types\/post"}],"author":[{"embeddable":true,"href":"https:\/\/folhapopular.info\/index.php\/wp-json\/wp\/v2\/users\/5"}],"replies":[{"embeddable":true,"href":"https:\/\/folhapopular.info\/index.php\/wp-json\/wp\/v2\/comments?post=138381"}],"version-history":[{"count":0,"href":"https:\/\/folhapopular.info\/index.php\/wp-json\/wp\/v2\/posts\/138381\/revisions"}],"wp:featuredmedia":[{"embeddable":true,"href":"https:\/\/folhapopular.info\/index.php\/wp-json\/wp\/v2\/media\/138382"}],"wp:attachment":[{"href":"https:\/\/folhapopular.info\/index.php\/wp-json\/wp\/v2\/media?parent=138381"}],"wp:term":[{"taxonomy":"category","embeddable":true,"href":"https:\/\/folhapopular.info\/index.php\/wp-json\/wp\/v2\/categories?post=138381"},{"taxonomy":"post_tag","embeddable":true,"href":"https:\/\/folhapopular.info\/index.php\/wp-json\/wp\/v2\/tags?post=138381"}],"curies":[{"name":"wp","href":"https:\/\/api.w.org\/{rel}","templated":true}]}}