{"id":138397,"date":"2023-08-23T12:00:00","date_gmt":"2023-08-23T15:00:00","guid":{"rendered":"https:\/\/folhapopular.info\/?p=138397"},"modified":"2023-08-23T15:04:36","modified_gmt":"2023-08-23T18:04:36","slug":"seminario-pela-primeira-infancia-de-colinas-debatera-politicas-publicas-para-as-criancas-nesta-quinta-feira","status":"publish","type":"post","link":"https:\/\/folhapopular.info\/index.php\/2023\/08\/23\/seminario-pela-primeira-infancia-de-colinas-debatera-politicas-publicas-para-as-criancas-nesta-quinta-feira\/","title":{"rendered":"Semin\u00e1rio pela Primeira Inf\u00e2ncia de Colinas debater\u00e1 pol\u00edticas p\u00fablicas para as crian\u00e7as nesta quinta-feira"},"content":{"rendered":"\n<p>Colinas realizar\u00e1, nesta quinta-feira (24\/8), o 1\u00ba Semin\u00e1rio pela Primeira Inf\u00e2ncia. A atividade ocorrer\u00e1 no audit\u00f3rio da Escola Ipiranga a partir das 8h, seguindo at\u00e9 as 17h. O ponto alto do semin\u00e1rio ser\u00e1 a palestra magna \u201cOs desafios da inf\u00e2ncia na atualidade: Possibilidades de enfrentamento\u201d, com o pediatra, sanitarista, palestrante e escritor Daniel Becker. <\/p>\n\n\n\n<p>Al\u00e9m disso, o semin\u00e1rio incluir\u00e1 outros momentos importantes, como a san\u00e7\u00e3o do Plano Municipal pela Primeira Inf\u00e2ncia (PMPI), a ades\u00e3o ao Pacto Nacional pela Primeira Inf\u00e2ncia e \u00e0 Rede Nacional Primeira Inf\u00e2ncia, bem como a assinatura da carta compromisso da campanha P\u00e9 de Inf\u00e2ncia.<\/p>\n\n\n\n<p>A secret\u00e1ria de Sa\u00fade, Assist\u00eancia Social e Habita\u00e7\u00e3o de Colinas, Angelita Herrmann, explica que desde 2017 o munic\u00edpio tem um olhar especial para a primeira inf\u00e2ncia. \u201cRealizamos reuni\u00f5es t\u00e9cnicas intersetoriais, encontros para debater o assunto. Em 2023, aderimos \u00e0 Urban 95, estrat\u00e9gia que pensa como uma crian\u00e7a de 95cm enxerga a cidade. A cidade inteira tem pensado no tema, e sabemos que o que fizermos para crian\u00e7as de 0 a 6 anos influencia diretamente no presente e no futuro\u201d, conta.<\/p>\n\n\n\n<p>Segundo ela, a proposta do semin\u00e1rio \u00e9 debater com a regi\u00e3o a import\u00e2ncia da primeira inf\u00e2ncia, compartilhar o que est\u00e1 sendo realizado no munic\u00edpio e estudar quais s\u00e3o os pr\u00f3ximos passos para que o Vale do Taquari olhe para o tema a partir da neuroci\u00eancia e do conhecimento cient\u00edfico. \u201cJ\u00e1 foi comprovado, inclusive pelo Nobel da Economia que, a cada d\u00f3lar investido na primeira inf\u00e2ncia, o retorno para qualquer comunidade \u00e9 de 7 d\u00f3lares. \u00c9 um investimento inteligente\u201d, pontua.<\/p>\n\n\n\n<p>A programa\u00e7\u00e3o ainda ter\u00e1 a entrega pelas m\u00e3os da secret\u00e1ria estadual de Sa\u00fade, Arita Bergmann, dos Selos da Rede Bem Cuidar aos munic\u00edpios das Regi\u00f5es 29 e 30, Ciclo da Pessoa Idosa. Segundo Angelita, esse reconhecimento \u00e9 um testemunho do comprometimento desses munic\u00edpios com a aten\u00e7\u00e3o \u00e0s pessoas idosas e tem tudo a ver com a programa\u00e7\u00e3o, uma vez que a intergeracionalidade \u00e9 muito presente em Colinas e na vida das pessoas. <\/p>\n\n\n\n<p>Podem participar interessados de todas as \u00e1reas, que queiram aprender ou que lidam com a primeira inf\u00e2ncia. No dia seguinte, o munic\u00edpio sediar\u00e1 a primeira reuni\u00e3o da Rede Estadual da Primeira Inf\u00e2ncia.<\/p>\n\n\n\n<h2 class=\"wp-block-heading\">Colinas Mil Dias<\/h2>\n\n\n\n<p>Angelita se diz emocionada com o trabalho realizado pelo Programa Mil Dias para Mudar uma Vida Inteira, institu\u00eddo em 2017 com o objetivo de qualificar o atendimento de gestantes e fam\u00edlias com crian\u00e7as de at\u00e9 2 anos de vida. Ela aponta a visita a Benevides, cidade paraense, e a Alcin\u00f3polis, no Mato Grosso do Sul, para apoiar a cria\u00e7\u00e3o de programas similares baseados no Colinas Mil Dias.<\/p>\n\n\n\n<p>\u201cEstamos nos tornando refer\u00eancia, sendo observados por outros atores. Em Passo Fundo, fomos convidados a pedido do Minist\u00e9rio da Educa\u00e7\u00e3o para explicar sobre como trabalhamos a intersetorialidade, que envolve sentarmos todos &#8211; Educa\u00e7\u00e3o, Sa\u00fade, Assist\u00eancia Social \u2013 ao redor de uma mesa sem outro objetivo que n\u00e3o seja a primeira inf\u00e2ncia, olhar para a fam\u00edlia com foco na crian\u00e7a. As crian\u00e7as precisam ser o centro, e junto delas, as fam\u00edlias. Nosso papel \u00e9 fortalec\u00ea-las para que forne\u00e7am ao menos o m\u00ednimo para as crian\u00e7as, dentro de suas particularidades\u201d, indica.<\/p>\n\n\n\n<p>Como benef\u00edcios j\u00e1 colhidos com este e outros projetos, Angelita pontua que no munic\u00edpio 80% dos homens participam do pr\u00e9-natal, 70% dos partos s\u00e3o vaginais e mais de 70% das crian\u00e7as s\u00e3o alimentadas exclusivamente no peito at\u00e9 os seis primeiros meses de idade.<\/p>\n\n\n\n<h2 class=\"wp-block-heading\">Confira a programa\u00e7\u00e3o<\/h2>\n\n\n\n<p>8h \u2013 Acolhimento<\/p>\n\n\n\n<p>9h &#8211; Abertura oficial, com san\u00e7\u00e3o do Plano Municipal pela Primeira inf\u00e2ncia (PMPI), ades\u00e3o ao Pacto Nacional pela Primeira Inf\u00e2ncia e \u00e0 Rede Nacional Primeira Inf\u00e2ncia e assinatura da carta compromisso da campanha P\u00e9 de Inf\u00e2ncia<\/p>\n\n\n\n<p>10h \u2013 Palestra &#8220;Os Desafios da Inf\u00e2ncia na Atualidade: Possibilidades de Enfrentamento&#8221;, com o dr. Daniel Becker &#8211; pediatra, sanitarista, palestrante e escritor, mestre em Sa\u00fade P\u00fablica pela Fiocruz<\/p>\n\n\n\n<p>11h30 &#8211; Pausa para almo\u00e7o<\/p>\n\n\n\n<p>13h15 &#8211; Colinas 1.000 Dias Para Mudar Uma Vida Inteira &#8211; &#8220;Como Nos Tornamos<br>Uma Cidade Para as Crian\u00e7as&#8221; &#8211; Ana Jasper, do Comit\u00ea Intersetorial Pela Primeira<br>Inf\u00e2ncia de Colinas<\/p>\n\n\n\n<p>14h15 &#8211; Aten\u00e7\u00e3o \u00e0 Primeira Inf\u00e2ncia no RS \/ Desafios e Avan\u00e7os &#8211;<br>Comit\u00ea Estadual Intersetorial pela Primeira Inf\u00e2ncia &#8211; Antonio Paulo Cargnin<\/p>\n\n\n\n<p>15h &#8211; Entrega dos Selos da Rede Bem Cuidar aos munic\u00edpios das Regi\u00f5es 29 e 30 &#8211; Ciclo da Pessoa Idosa &#8211; Secret\u00e1ria estadual de Sa\u00fade, Arita Bergmann<\/p>\n\n\n\n<p>16h30 &#8211; Inaugura\u00e7\u00e3o da Pra\u00e7a Naturalizada Iria Scheer, da Tremeca (APM Emei Pequeno Mundo) e da Rua de Brincar<\/p>\n","protected":false},"excerpt":{"rendered":"<p>Colinas realizar\u00e1, nesta quinta-feira (24\/8), o 1\u00ba Semin\u00e1rio pela Primeira Inf\u00e2ncia. A atividade ocorrer\u00e1 no audit\u00f3rio da Escola Ipiranga a partir das 8h, seguindo at\u00e9 as 17h. O ponto alto do semin\u00e1rio ser\u00e1 a palestra magna \u201cOs desafios da inf\u00e2ncia na atualidade: Possibilidades de enfrentamento\u201d, com o pediatra, sanitarista, palestrante e escritor Daniel Becker. Al\u00e9m [&hellip;]<\/p>\n","protected":false},"author":639,"featured_media":138398,"comment_status":"open","ping_status":"open","sticky":false,"template":"","format":"standard","meta":{"pmpro_default_level":"","_jetpack_memberships_contains_paid_content":false,"footnotes":""},"categories":[2,10988,3,10986],"tags":[12858,183,73,11534,10689,89],"class_list":{"0":"post-138397","1":"post","2":"type-post","3":"status-publish","4":"format-standard","5":"has-post-thumbnail","7":"category-featured","8":"category-educacao","9":"category-geral","10":"category-saude","11":"tag-1o-seminario-pela-primeira-infancia","12":"tag-colinas","13":"tag-educacao","14":"tag-infancia","15":"tag-politicas-publicas","16":"tag-saude","17":"pmpro-has-access"},"yoast_head":"<!-- This site is optimized with the Yoast SEO plugin v27.5 - https:\/\/yoast.com\/product\/yoast-seo-wordpress\/ -->\n<title>Semin\u00e1rio pela Primeira Inf\u00e2ncia de Colinas debater\u00e1 pol\u00edticas p\u00fablicas para as crian\u00e7as nesta quinta-feira - Folha Popular<\/title>\n<meta name=\"robots\" content=\"index, follow, max-snippet:-1, max-image-preview:large, max-video-preview:-1\" \/>\n<link rel=\"canonical\" href=\"https:\/\/folhapopular.info\/index.php\/2023\/08\/23\/seminario-pela-primeira-infancia-de-colinas-debatera-politicas-publicas-para-as-criancas-nesta-quinta-feira\/\" \/>\n<meta property=\"og:locale\" content=\"pt_BR\" \/>\n<meta property=\"og:type\" content=\"article\" \/>\n<meta property=\"og:title\" content=\"Semin\u00e1rio pela Primeira Inf\u00e2ncia de Colinas debater\u00e1 pol\u00edticas p\u00fablicas para as crian\u00e7as nesta quinta-feira - Folha Popular\" \/>\n<meta property=\"og:description\" content=\"Colinas realizar\u00e1, nesta quinta-feira (24\/8), o 1\u00ba Semin\u00e1rio pela Primeira Inf\u00e2ncia. A atividade ocorrer\u00e1 no audit\u00f3rio da Escola Ipiranga a partir das 8h, seguindo at\u00e9 as 17h. O ponto alto do semin\u00e1rio ser\u00e1 a palestra magna \u201cOs desafios da inf\u00e2ncia na atualidade: Possibilidades de enfrentamento\u201d, com o pediatra, sanitarista, palestrante e escritor Daniel Becker. Al\u00e9m [&hellip;]\" \/>\n<meta property=\"og:url\" content=\"https:\/\/folhapopular.info\/index.php\/2023\/08\/23\/seminario-pela-primeira-infancia-de-colinas-debatera-politicas-publicas-para-as-criancas-nesta-quinta-feira\/\" \/>\n<meta property=\"og:site_name\" content=\"Folha Popular\" \/>\n<meta property=\"article:published_time\" content=\"2023-08-23T15:00:00+00:00\" \/>\n<meta property=\"article:modified_time\" content=\"2023-08-23T18:04:36+00:00\" \/>\n<meta property=\"og:image\" content=\"http:\/\/folhapopular.info\/wp-content\/uploads\/2023\/08\/JESSICA-TICOZZELLI_Pexels.jpg\" \/>\n\t<meta property=\"og:image:width\" content=\"1920\" \/>\n\t<meta property=\"og:image:height\" content=\"1280\" \/>\n\t<meta property=\"og:image:type\" content=\"image\/jpeg\" \/>\n<meta name=\"author\" content=\"Camille Lenz da Silva\" \/>\n<meta name=\"twitter:card\" content=\"summary_large_image\" \/>\n<meta name=\"twitter:label1\" content=\"Escrito por\" \/>\n\t<meta name=\"twitter:data1\" content=\"Camille Lenz da Silva\" \/>\n\t<meta name=\"twitter:label2\" content=\"Est. tempo de leitura\" \/>\n\t<meta name=\"twitter:data2\" content=\"4 minutos\" \/>\n<script type=\"application\/ld+json\" class=\"yoast-schema-graph\">{\"@context\":\"https:\\\/\\\/schema.org\",\"@graph\":[{\"@type\":\"Article\",\"@id\":\"https:\\\/\\\/folhapopular.info\\\/index.php\\\/2023\\\/08\\\/23\\\/seminario-pela-primeira-infancia-de-colinas-debatera-politicas-publicas-para-as-criancas-nesta-quinta-feira\\\/#article\",\"isPartOf\":{\"@id\":\"https:\\\/\\\/folhapopular.info\\\/index.php\\\/2023\\\/08\\\/23\\\/seminario-pela-primeira-infancia-de-colinas-debatera-politicas-publicas-para-as-criancas-nesta-quinta-feira\\\/\"},\"author\":{\"name\":\"Camille Lenz da Silva\",\"@id\":\"https:\\\/\\\/folhapopular.info\\\/#\\\/schema\\\/person\\\/f0b811f932ef2505faf473ffaef49df5\"},\"headline\":\"Semin\u00e1rio pela Primeira Inf\u00e2ncia de Colinas debater\u00e1 pol\u00edticas p\u00fablicas para as crian\u00e7as nesta quinta-feira\",\"datePublished\":\"2023-08-23T15:00:00+00:00\",\"dateModified\":\"2023-08-23T18:04:36+00:00\",\"mainEntityOfPage\":{\"@id\":\"https:\\\/\\\/folhapopular.info\\\/index.php\\\/2023\\\/08\\\/23\\\/seminario-pela-primeira-infancia-de-colinas-debatera-politicas-publicas-para-as-criancas-nesta-quinta-feira\\\/\"},\"wordCount\":822,\"commentCount\":0,\"image\":{\"@id\":\"https:\\\/\\\/folhapopular.info\\\/index.php\\\/2023\\\/08\\\/23\\\/seminario-pela-primeira-infancia-de-colinas-debatera-politicas-publicas-para-as-criancas-nesta-quinta-feira\\\/#primaryimage\"},\"thumbnailUrl\":\"https:\\\/\\\/folhapopular.info\\\/wp-content\\\/uploads\\\/2023\\\/08\\\/JESSICA-TICOZZELLI_Pexels.jpg\",\"keywords\":[\"1\u00ba semin\u00e1rio pela primeira inf\u00e2ncia\",\"Colinas\",\"Educa\u00e7\u00e3o\",\"inf\u00e2ncia\",\"Pol\u00edticas p\u00fablicas\",\"Sa\u00fade\"],\"articleSection\":[\"Destaques\",\"Educa\u00e7\u00e3o\",\"Geral\",\"Sa\u00fade\"],\"inLanguage\":\"pt-BR\",\"potentialAction\":[{\"@type\":\"CommentAction\",\"name\":\"Comment\",\"target\":[\"https:\\\/\\\/folhapopular.info\\\/index.php\\\/2023\\\/08\\\/23\\\/seminario-pela-primeira-infancia-de-colinas-debatera-politicas-publicas-para-as-criancas-nesta-quinta-feira\\\/#respond\"]}]},{\"@type\":\"WebPage\",\"@id\":\"https:\\\/\\\/folhapopular.info\\\/index.php\\\/2023\\\/08\\\/23\\\/seminario-pela-primeira-infancia-de-colinas-debatera-politicas-publicas-para-as-criancas-nesta-quinta-feira\\\/\",\"url\":\"https:\\\/\\\/folhapopular.info\\\/index.php\\\/2023\\\/08\\\/23\\\/seminario-pela-primeira-infancia-de-colinas-debatera-politicas-publicas-para-as-criancas-nesta-quinta-feira\\\/\",\"name\":\"Semin\u00e1rio pela Primeira Inf\u00e2ncia de Colinas debater\u00e1 pol\u00edticas p\u00fablicas para as crian\u00e7as nesta quinta-feira - Folha Popular\",\"isPartOf\":{\"@id\":\"https:\\\/\\\/folhapopular.info\\\/#website\"},\"primaryImageOfPage\":{\"@id\":\"https:\\\/\\\/folhapopular.info\\\/index.php\\\/2023\\\/08\\\/23\\\/seminario-pela-primeira-infancia-de-colinas-debatera-politicas-publicas-para-as-criancas-nesta-quinta-feira\\\/#primaryimage\"},\"image\":{\"@id\":\"https:\\\/\\\/folhapopular.info\\\/index.php\\\/2023\\\/08\\\/23\\\/seminario-pela-primeira-infancia-de-colinas-debatera-politicas-publicas-para-as-criancas-nesta-quinta-feira\\\/#primaryimage\"},\"thumbnailUrl\":\"https:\\\/\\\/folhapopular.info\\\/wp-content\\\/uploads\\\/2023\\\/08\\\/JESSICA-TICOZZELLI_Pexels.jpg\",\"datePublished\":\"2023-08-23T15:00:00+00:00\",\"dateModified\":\"2023-08-23T18:04:36+00:00\",\"author\":{\"@id\":\"https:\\\/\\\/folhapopular.info\\\/#\\\/schema\\\/person\\\/f0b811f932ef2505faf473ffaef49df5\"},\"breadcrumb\":{\"@id\":\"https:\\\/\\\/folhapopular.info\\\/index.php\\\/2023\\\/08\\\/23\\\/seminario-pela-primeira-infancia-de-colinas-debatera-politicas-publicas-para-as-criancas-nesta-quinta-feira\\\/#breadcrumb\"},\"inLanguage\":\"pt-BR\",\"potentialAction\":[{\"@type\":\"ReadAction\",\"target\":[\"https:\\\/\\\/folhapopular.info\\\/index.php\\\/2023\\\/08\\\/23\\\/seminario-pela-primeira-infancia-de-colinas-debatera-politicas-publicas-para-as-criancas-nesta-quinta-feira\\\/\"]}]},{\"@type\":\"ImageObject\",\"inLanguage\":\"pt-BR\",\"@id\":\"https:\\\/\\\/folhapopular.info\\\/index.php\\\/2023\\\/08\\\/23\\\/seminario-pela-primeira-infancia-de-colinas-debatera-politicas-publicas-para-as-criancas-nesta-quinta-feira\\\/#primaryimage\",\"url\":\"https:\\\/\\\/folhapopular.info\\\/wp-content\\\/uploads\\\/2023\\\/08\\\/JESSICA-TICOZZELLI_Pexels.jpg\",\"contentUrl\":\"https:\\\/\\\/folhapopular.info\\\/wp-content\\\/uploads\\\/2023\\\/08\\\/JESSICA-TICOZZELLI_Pexels.jpg\",\"width\":1920,\"height\":1280,\"caption\":\"Cr\u00e9dito: Jessica Ticozzelli \\\/ Pexels\"},{\"@type\":\"BreadcrumbList\",\"@id\":\"https:\\\/\\\/folhapopular.info\\\/index.php\\\/2023\\\/08\\\/23\\\/seminario-pela-primeira-infancia-de-colinas-debatera-politicas-publicas-para-as-criancas-nesta-quinta-feira\\\/#breadcrumb\",\"itemListElement\":[{\"@type\":\"ListItem\",\"position\":1,\"name\":\"In\u00edcio\",\"item\":\"https:\\\/\\\/folhapopular.info\\\/\"},{\"@type\":\"ListItem\",\"position\":2,\"name\":\"Semin\u00e1rio pela Primeira Inf\u00e2ncia de Colinas debater\u00e1 pol\u00edticas p\u00fablicas para as crian\u00e7as nesta quinta-feira\"}]},{\"@type\":\"WebSite\",\"@id\":\"https:\\\/\\\/folhapopular.info\\\/#website\",\"url\":\"https:\\\/\\\/folhapopular.info\\\/\",\"name\":\"Folha Popular\",\"description\":\"Onde voc\u00ea tem vez e voz\",\"potentialAction\":[{\"@type\":\"SearchAction\",\"target\":{\"@type\":\"EntryPoint\",\"urlTemplate\":\"https:\\\/\\\/folhapopular.info\\\/?s={search_term_string}\"},\"query-input\":{\"@type\":\"PropertyValueSpecification\",\"valueRequired\":true,\"valueName\":\"search_term_string\"}}],\"inLanguage\":\"pt-BR\"},{\"@type\":\"Person\",\"@id\":\"https:\\\/\\\/folhapopular.info\\\/#\\\/schema\\\/person\\\/f0b811f932ef2505faf473ffaef49df5\",\"name\":\"Camille Lenz da Silva\",\"image\":{\"@type\":\"ImageObject\",\"inLanguage\":\"pt-BR\",\"@id\":\"https:\\\/\\\/secure.gravatar.com\\\/avatar\\\/50be826d73ca259ec0e0a88a407f5de800c576c46cfdc57e50ef28551e216fff?s=96&d=mm&r=g\",\"url\":\"https:\\\/\\\/secure.gravatar.com\\\/avatar\\\/50be826d73ca259ec0e0a88a407f5de800c576c46cfdc57e50ef28551e216fff?s=96&d=mm&r=g\",\"contentUrl\":\"https:\\\/\\\/secure.gravatar.com\\\/avatar\\\/50be826d73ca259ec0e0a88a407f5de800c576c46cfdc57e50ef28551e216fff?s=96&d=mm&r=g\",\"caption\":\"Camille Lenz da Silva\"},\"url\":\"https:\\\/\\\/folhapopular.info\\\/index.php\\\/author\\\/camillelenzgmail-com\\\/\"}]}<\/script>\n<!-- \/ Yoast SEO plugin. -->","yoast_head_json":{"title":"Semin\u00e1rio pela Primeira Inf\u00e2ncia de Colinas debater\u00e1 pol\u00edticas p\u00fablicas para as crian\u00e7as nesta quinta-feira - Folha Popular","robots":{"index":"index","follow":"follow","max-snippet":"max-snippet:-1","max-image-preview":"max-image-preview:large","max-video-preview":"max-video-preview:-1"},"canonical":"https:\/\/folhapopular.info\/index.php\/2023\/08\/23\/seminario-pela-primeira-infancia-de-colinas-debatera-politicas-publicas-para-as-criancas-nesta-quinta-feira\/","og_locale":"pt_BR","og_type":"article","og_title":"Semin\u00e1rio pela Primeira Inf\u00e2ncia de Colinas debater\u00e1 pol\u00edticas p\u00fablicas para as crian\u00e7as nesta quinta-feira - Folha Popular","og_description":"Colinas realizar\u00e1, nesta quinta-feira (24\/8), o 1\u00ba Semin\u00e1rio pela Primeira Inf\u00e2ncia. A atividade ocorrer\u00e1 no audit\u00f3rio da Escola Ipiranga a partir das 8h, seguindo at\u00e9 as 17h. O ponto alto do semin\u00e1rio ser\u00e1 a palestra magna \u201cOs desafios da inf\u00e2ncia na atualidade: Possibilidades de enfrentamento\u201d, com o pediatra, sanitarista, palestrante e escritor Daniel Becker. Al\u00e9m [&hellip;]","og_url":"https:\/\/folhapopular.info\/index.php\/2023\/08\/23\/seminario-pela-primeira-infancia-de-colinas-debatera-politicas-publicas-para-as-criancas-nesta-quinta-feira\/","og_site_name":"Folha Popular","article_published_time":"2023-08-23T15:00:00+00:00","article_modified_time":"2023-08-23T18:04:36+00:00","og_image":[{"width":1920,"height":1280,"url":"http:\/\/folhapopular.info\/wp-content\/uploads\/2023\/08\/JESSICA-TICOZZELLI_Pexels.jpg","type":"image\/jpeg"}],"author":"Camille Lenz da Silva","twitter_card":"summary_large_image","twitter_misc":{"Escrito por":"Camille Lenz da Silva","Est. tempo de leitura":"4 minutos"},"schema":{"@context":"https:\/\/schema.org","@graph":[{"@type":"Article","@id":"https:\/\/folhapopular.info\/index.php\/2023\/08\/23\/seminario-pela-primeira-infancia-de-colinas-debatera-politicas-publicas-para-as-criancas-nesta-quinta-feira\/#article","isPartOf":{"@id":"https:\/\/folhapopular.info\/index.php\/2023\/08\/23\/seminario-pela-primeira-infancia-de-colinas-debatera-politicas-publicas-para-as-criancas-nesta-quinta-feira\/"},"author":{"name":"Camille Lenz da Silva","@id":"https:\/\/folhapopular.info\/#\/schema\/person\/f0b811f932ef2505faf473ffaef49df5"},"headline":"Semin\u00e1rio pela Primeira Inf\u00e2ncia de Colinas debater\u00e1 pol\u00edticas p\u00fablicas para as crian\u00e7as nesta quinta-feira","datePublished":"2023-08-23T15:00:00+00:00","dateModified":"2023-08-23T18:04:36+00:00","mainEntityOfPage":{"@id":"https:\/\/folhapopular.info\/index.php\/2023\/08\/23\/seminario-pela-primeira-infancia-de-colinas-debatera-politicas-publicas-para-as-criancas-nesta-quinta-feira\/"},"wordCount":822,"commentCount":0,"image":{"@id":"https:\/\/folhapopular.info\/index.php\/2023\/08\/23\/seminario-pela-primeira-infancia-de-colinas-debatera-politicas-publicas-para-as-criancas-nesta-quinta-feira\/#primaryimage"},"thumbnailUrl":"https:\/\/folhapopular.info\/wp-content\/uploads\/2023\/08\/JESSICA-TICOZZELLI_Pexels.jpg","keywords":["1\u00ba semin\u00e1rio pela primeira inf\u00e2ncia","Colinas","Educa\u00e7\u00e3o","inf\u00e2ncia","Pol\u00edticas p\u00fablicas","Sa\u00fade"],"articleSection":["Destaques","Educa\u00e7\u00e3o","Geral","Sa\u00fade"],"inLanguage":"pt-BR","potentialAction":[{"@type":"CommentAction","name":"Comment","target":["https:\/\/folhapopular.info\/index.php\/2023\/08\/23\/seminario-pela-primeira-infancia-de-colinas-debatera-politicas-publicas-para-as-criancas-nesta-quinta-feira\/#respond"]}]},{"@type":"WebPage","@id":"https:\/\/folhapopular.info\/index.php\/2023\/08\/23\/seminario-pela-primeira-infancia-de-colinas-debatera-politicas-publicas-para-as-criancas-nesta-quinta-feira\/","url":"https:\/\/folhapopular.info\/index.php\/2023\/08\/23\/seminario-pela-primeira-infancia-de-colinas-debatera-politicas-publicas-para-as-criancas-nesta-quinta-feira\/","name":"Semin\u00e1rio pela Primeira Inf\u00e2ncia de Colinas debater\u00e1 pol\u00edticas p\u00fablicas para as crian\u00e7as nesta quinta-feira - Folha Popular","isPartOf":{"@id":"https:\/\/folhapopular.info\/#website"},"primaryImageOfPage":{"@id":"https:\/\/folhapopular.info\/index.php\/2023\/08\/23\/seminario-pela-primeira-infancia-de-colinas-debatera-politicas-publicas-para-as-criancas-nesta-quinta-feira\/#primaryimage"},"image":{"@id":"https:\/\/folhapopular.info\/index.php\/2023\/08\/23\/seminario-pela-primeira-infancia-de-colinas-debatera-politicas-publicas-para-as-criancas-nesta-quinta-feira\/#primaryimage"},"thumbnailUrl":"https:\/\/folhapopular.info\/wp-content\/uploads\/2023\/08\/JESSICA-TICOZZELLI_Pexels.jpg","datePublished":"2023-08-23T15:00:00+00:00","dateModified":"2023-08-23T18:04:36+00:00","author":{"@id":"https:\/\/folhapopular.info\/#\/schema\/person\/f0b811f932ef2505faf473ffaef49df5"},"breadcrumb":{"@id":"https:\/\/folhapopular.info\/index.php\/2023\/08\/23\/seminario-pela-primeira-infancia-de-colinas-debatera-politicas-publicas-para-as-criancas-nesta-quinta-feira\/#breadcrumb"},"inLanguage":"pt-BR","potentialAction":[{"@type":"ReadAction","target":["https:\/\/folhapopular.info\/index.php\/2023\/08\/23\/seminario-pela-primeira-infancia-de-colinas-debatera-politicas-publicas-para-as-criancas-nesta-quinta-feira\/"]}]},{"@type":"ImageObject","inLanguage":"pt-BR","@id":"https:\/\/folhapopular.info\/index.php\/2023\/08\/23\/seminario-pela-primeira-infancia-de-colinas-debatera-politicas-publicas-para-as-criancas-nesta-quinta-feira\/#primaryimage","url":"https:\/\/folhapopular.info\/wp-content\/uploads\/2023\/08\/JESSICA-TICOZZELLI_Pexels.jpg","contentUrl":"https:\/\/folhapopular.info\/wp-content\/uploads\/2023\/08\/JESSICA-TICOZZELLI_Pexels.jpg","width":1920,"height":1280,"caption":"Cr\u00e9dito: Jessica Ticozzelli \/ Pexels"},{"@type":"BreadcrumbList","@id":"https:\/\/folhapopular.info\/index.php\/2023\/08\/23\/seminario-pela-primeira-infancia-de-colinas-debatera-politicas-publicas-para-as-criancas-nesta-quinta-feira\/#breadcrumb","itemListElement":[{"@type":"ListItem","position":1,"name":"In\u00edcio","item":"https:\/\/folhapopular.info\/"},{"@type":"ListItem","position":2,"name":"Semin\u00e1rio pela Primeira Inf\u00e2ncia de Colinas debater\u00e1 pol\u00edticas p\u00fablicas para as crian\u00e7as nesta quinta-feira"}]},{"@type":"WebSite","@id":"https:\/\/folhapopular.info\/#website","url":"https:\/\/folhapopular.info\/","name":"Folha Popular","description":"Onde voc\u00ea tem vez e voz","potentialAction":[{"@type":"SearchAction","target":{"@type":"EntryPoint","urlTemplate":"https:\/\/folhapopular.info\/?s={search_term_string}"},"query-input":{"@type":"PropertyValueSpecification","valueRequired":true,"valueName":"search_term_string"}}],"inLanguage":"pt-BR"},{"@type":"Person","@id":"https:\/\/folhapopular.info\/#\/schema\/person\/f0b811f932ef2505faf473ffaef49df5","name":"Camille Lenz da Silva","image":{"@type":"ImageObject","inLanguage":"pt-BR","@id":"https:\/\/secure.gravatar.com\/avatar\/50be826d73ca259ec0e0a88a407f5de800c576c46cfdc57e50ef28551e216fff?s=96&d=mm&r=g","url":"https:\/\/secure.gravatar.com\/avatar\/50be826d73ca259ec0e0a88a407f5de800c576c46cfdc57e50ef28551e216fff?s=96&d=mm&r=g","contentUrl":"https:\/\/secure.gravatar.com\/avatar\/50be826d73ca259ec0e0a88a407f5de800c576c46cfdc57e50ef28551e216fff?s=96&d=mm&r=g","caption":"Camille Lenz da Silva"},"url":"https:\/\/folhapopular.info\/index.php\/author\/camillelenzgmail-com\/"}]}},"jetpack_featured_media_url":"https:\/\/folhapopular.info\/wp-content\/uploads\/2023\/08\/JESSICA-TICOZZELLI_Pexels.jpg","jetpack_sharing_enabled":true,"amp_enabled":true,"_links":{"self":[{"href":"https:\/\/folhapopular.info\/index.php\/wp-json\/wp\/v2\/posts\/138397","targetHints":{"allow":["GET"]}}],"collection":[{"href":"https:\/\/folhapopular.info\/index.php\/wp-json\/wp\/v2\/posts"}],"about":[{"href":"https:\/\/folhapopular.info\/index.php\/wp-json\/wp\/v2\/types\/post"}],"author":[{"embeddable":true,"href":"https:\/\/folhapopular.info\/index.php\/wp-json\/wp\/v2\/users\/639"}],"replies":[{"embeddable":true,"href":"https:\/\/folhapopular.info\/index.php\/wp-json\/wp\/v2\/comments?post=138397"}],"version-history":[{"count":0,"href":"https:\/\/folhapopular.info\/index.php\/wp-json\/wp\/v2\/posts\/138397\/revisions"}],"wp:featuredmedia":[{"embeddable":true,"href":"https:\/\/folhapopular.info\/index.php\/wp-json\/wp\/v2\/media\/138398"}],"wp:attachment":[{"href":"https:\/\/folhapopular.info\/index.php\/wp-json\/wp\/v2\/media?parent=138397"}],"wp:term":[{"taxonomy":"category","embeddable":true,"href":"https:\/\/folhapopular.info\/index.php\/wp-json\/wp\/v2\/categories?post=138397"},{"taxonomy":"post_tag","embeddable":true,"href":"https:\/\/folhapopular.info\/index.php\/wp-json\/wp\/v2\/tags?post=138397"}],"curies":[{"name":"wp","href":"https:\/\/api.w.org\/{rel}","templated":true}]}}