{"id":138403,"date":"2023-08-23T14:22:36","date_gmt":"2023-08-23T17:22:36","guid":{"rendered":"https:\/\/folhapopular.info\/?p=138403"},"modified":"2023-08-23T14:22:39","modified_gmt":"2023-08-23T17:22:39","slug":"floriculturas-podem-se-inscrever-para-participar-no-8-concerto-da-primavera-de-lajeado","status":"publish","type":"post","link":"https:\/\/folhapopular.info\/index.php\/2023\/08\/23\/floriculturas-podem-se-inscrever-para-participar-no-8-concerto-da-primavera-de-lajeado\/","title":{"rendered":"Floriculturas podem se inscrever para participar no 8\u00b0 Concerto da Primavera de Lajeado"},"content":{"rendered":"\n<p>Para celebrar a chegada da primavera, no dia 23 de setembro, a Secretaria de Meio Ambiente, Saneamento e Sustentabilidade (Sema) de Lajeado organiza a 8\u00b0 edi\u00e7\u00e3o do Concerto da Primavera. O evento que celebra a troca de esta\u00e7\u00e3o ocorrer\u00e1 no dia 24 de setembro no Jardim Bot\u00e2nico de Lajeado e contar\u00e1 com apresenta\u00e7\u00f5es e exposi\u00e7\u00f5es de floriculturas do munic\u00edpio.<\/p>\n\n\n\n<p>Al\u00e9m de celebrar a chegada da primavera, o evento tamb\u00e9m marca o anivers\u00e1rio de 28 anos do Jardim Bot\u00e2nico, comemorado no dia 18 de setembro.<\/p>\n\n\n\n<p>Durante o evento haver\u00e1 apresenta\u00e7\u00e3o de orquestra, \u00e1rea de alimenta\u00e7\u00e3o, pintura facial para crian\u00e7as e adultos, brinquedos (ingresso ser\u00e1 1kg de alimento), atividades recreativas e um cen\u00e1rio florido.<\/p>\n\n\n\n<p>Conforme a bi\u00f3loga e coordenadora do JBL, Edith Ester Zago de Mello, o grupo est\u00e1 entusiasmado em oferecer um dia repleto de alegria para todas as fam\u00edlias. &#8220;Este evento j\u00e1 se tornou uma tradi\u00e7\u00e3o em nossa cidade. Estimamos a presen\u00e7a de aproximadamente 3.000 pessoas e estamos ansiosos para que a comunidade aproveite este espa\u00e7o para se conectar com a natureza e explorar um pouco da riqueza da nossa biodiversidade local&#8221;, comenta. <\/p>\n\n\n\n<h2 class=\"wp-block-heading\">Exposi\u00e7\u00f5es de floriculturas<\/h2>\n\n\n\n<p>Para esta edi\u00e7\u00e3o, o Jardim Bot\u00e2nico abre espa\u00e7o para as floriculturas do munic\u00edpio realizarem uma exposi\u00e7\u00e3o durante o evento. N\u00e3o h\u00e1 custos para participar, e cada floricultura poder\u00e1 utilizar um espa\u00e7o de 3x3m, onde poder\u00e1 instalar mesa ou gazebo. Edith explica que a estrutura para exposi\u00e7\u00e3o e venda de flores \u00e9 de responsabilidade do interessado.<\/p>\n\n\n\n<p>Os interessados podem se inscrever por meio de formul\u00e1rio <strong><a href=\"https:\/\/forms.gle\/K2rR8evaEZ1YSAvj6\" target=\"_blank\" rel=\"noreferrer noopener\">clicando aqui<\/a>.<\/strong> Para mais informa\u00e7\u00f5es, as floriculturas interessadas podem entrar em contato pelo telefone (51) 3982-1099.<\/p>\n","protected":false},"excerpt":{"rendered":"<p>Para celebrar a chegada da primavera, no dia 23 de setembro, a Secretaria de Meio Ambiente, Saneamento e Sustentabilidade (Sema) de Lajeado organiza a 8\u00b0 edi\u00e7\u00e3o do Concerto da Primavera. O evento que celebra a troca de esta\u00e7\u00e3o ocorrer\u00e1 no dia 24 de setembro no Jardim Bot\u00e2nico de Lajeado e contar\u00e1 com apresenta\u00e7\u00f5es e exposi\u00e7\u00f5es [&hellip;]<\/p>\n","protected":false},"author":8,"featured_media":138404,"comment_status":"open","ping_status":"open","sticky":false,"template":"","format":"standard","meta":{"pmpro_default_level":"","_jetpack_memberships_contains_paid_content":false,"footnotes":""},"categories":[10996,2,10999,6],"tags":[13013,13012,11489,27],"class_list":{"0":"post-138403","1":"post","2":"type-post","3":"status-publish","4":"format-standard","5":"has-post-thumbnail","7":"category-cultura","8":"category-featured","9":"category-entretenimento","10":"category-inclusive","11":"tag-8o-concerto-da-primavera-de-lajeado","12":"tag-floriculturas","13":"tag-jardim-botanico-de-lajeado","14":"tag-lajeado","15":"pmpro-has-access"},"yoast_head":"<!-- This site is optimized with the Yoast SEO plugin v27.5 - https:\/\/yoast.com\/product\/yoast-seo-wordpress\/ -->\n<title>Floriculturas podem se inscrever para participar no 8\u00b0 Concerto da Primavera de Lajeado - Folha Popular<\/title>\n<meta name=\"robots\" content=\"index, follow, max-snippet:-1, max-image-preview:large, max-video-preview:-1\" \/>\n<link rel=\"canonical\" href=\"https:\/\/folhapopular.info\/index.php\/2023\/08\/23\/floriculturas-podem-se-inscrever-para-participar-no-8-concerto-da-primavera-de-lajeado\/\" \/>\n<meta property=\"og:locale\" content=\"pt_BR\" \/>\n<meta property=\"og:type\" content=\"article\" \/>\n<meta property=\"og:title\" content=\"Floriculturas podem se inscrever para participar no 8\u00b0 Concerto da Primavera de Lajeado - Folha Popular\" \/>\n<meta property=\"og:description\" content=\"Para celebrar a chegada da primavera, no dia 23 de setembro, a Secretaria de Meio Ambiente, Saneamento e Sustentabilidade (Sema) de Lajeado organiza a 8\u00b0 edi\u00e7\u00e3o do Concerto da Primavera. O evento que celebra a troca de esta\u00e7\u00e3o ocorrer\u00e1 no dia 24 de setembro no Jardim Bot\u00e2nico de Lajeado e contar\u00e1 com apresenta\u00e7\u00f5es e exposi\u00e7\u00f5es [&hellip;]\" \/>\n<meta property=\"og:url\" content=\"https:\/\/folhapopular.info\/index.php\/2023\/08\/23\/floriculturas-podem-se-inscrever-para-participar-no-8-concerto-da-primavera-de-lajeado\/\" \/>\n<meta property=\"og:site_name\" content=\"Folha Popular\" \/>\n<meta property=\"article:published_time\" content=\"2023-08-23T17:22:36+00:00\" \/>\n<meta property=\"article:modified_time\" content=\"2023-08-23T17:22:39+00:00\" \/>\n<meta property=\"og:image\" content=\"http:\/\/folhapopular.info\/wp-content\/uploads\/2023\/08\/Rafael-Grun_7\u00b0-Edicao_2022-scaled.jpg\" \/>\n\t<meta property=\"og:image:width\" content=\"2560\" \/>\n\t<meta property=\"og:image:height\" content=\"1441\" \/>\n\t<meta property=\"og:image:type\" content=\"image\/jpeg\" \/>\n<meta name=\"author\" content=\"Reda\u00e7\u00e3o Folha Popular\" \/>\n<meta name=\"twitter:card\" content=\"summary_large_image\" \/>\n<meta name=\"twitter:label1\" content=\"Escrito por\" \/>\n\t<meta name=\"twitter:data1\" content=\"Reda\u00e7\u00e3o Folha Popular\" \/>\n\t<meta name=\"twitter:label2\" content=\"Est. tempo de leitura\" \/>\n\t<meta name=\"twitter:data2\" content=\"2 minutos\" \/>\n<script type=\"application\/ld+json\" class=\"yoast-schema-graph\">{\"@context\":\"https:\\\/\\\/schema.org\",\"@graph\":[{\"@type\":\"Article\",\"@id\":\"https:\\\/\\\/folhapopular.info\\\/index.php\\\/2023\\\/08\\\/23\\\/floriculturas-podem-se-inscrever-para-participar-no-8-concerto-da-primavera-de-lajeado\\\/#article\",\"isPartOf\":{\"@id\":\"https:\\\/\\\/folhapopular.info\\\/index.php\\\/2023\\\/08\\\/23\\\/floriculturas-podem-se-inscrever-para-participar-no-8-concerto-da-primavera-de-lajeado\\\/\"},\"author\":{\"name\":\"Reda\u00e7\u00e3o Folha Popular\",\"@id\":\"https:\\\/\\\/folhapopular.info\\\/#\\\/schema\\\/person\\\/2814e8a0df7643585a9ca38bc6eb9d4b\"},\"headline\":\"Floriculturas podem se inscrever para participar no 8\u00b0 Concerto da Primavera de Lajeado\",\"datePublished\":\"2023-08-23T17:22:36+00:00\",\"dateModified\":\"2023-08-23T17:22:39+00:00\",\"mainEntityOfPage\":{\"@id\":\"https:\\\/\\\/folhapopular.info\\\/index.php\\\/2023\\\/08\\\/23\\\/floriculturas-podem-se-inscrever-para-participar-no-8-concerto-da-primavera-de-lajeado\\\/\"},\"wordCount\":301,\"commentCount\":0,\"image\":{\"@id\":\"https:\\\/\\\/folhapopular.info\\\/index.php\\\/2023\\\/08\\\/23\\\/floriculturas-podem-se-inscrever-para-participar-no-8-concerto-da-primavera-de-lajeado\\\/#primaryimage\"},\"thumbnailUrl\":\"https:\\\/\\\/folhapopular.info\\\/wp-content\\\/uploads\\\/2023\\\/08\\\/Rafael-Grun_7\u00b0-Edicao_2022-scaled.jpg\",\"keywords\":[\"8\u00ba Concerto da Primavera de Lajeado\",\"floriculturas\",\"jardim bot\u00e2nico de lajeado\",\"Lajeado\"],\"articleSection\":[\"Cultura\",\"Destaques\",\"Entretenimento\",\"Inclusive\"],\"inLanguage\":\"pt-BR\",\"potentialAction\":[{\"@type\":\"CommentAction\",\"name\":\"Comment\",\"target\":[\"https:\\\/\\\/folhapopular.info\\\/index.php\\\/2023\\\/08\\\/23\\\/floriculturas-podem-se-inscrever-para-participar-no-8-concerto-da-primavera-de-lajeado\\\/#respond\"]}]},{\"@type\":\"WebPage\",\"@id\":\"https:\\\/\\\/folhapopular.info\\\/index.php\\\/2023\\\/08\\\/23\\\/floriculturas-podem-se-inscrever-para-participar-no-8-concerto-da-primavera-de-lajeado\\\/\",\"url\":\"https:\\\/\\\/folhapopular.info\\\/index.php\\\/2023\\\/08\\\/23\\\/floriculturas-podem-se-inscrever-para-participar-no-8-concerto-da-primavera-de-lajeado\\\/\",\"name\":\"Floriculturas podem se inscrever para participar no 8\u00b0 Concerto da Primavera de Lajeado - Folha Popular\",\"isPartOf\":{\"@id\":\"https:\\\/\\\/folhapopular.info\\\/#website\"},\"primaryImageOfPage\":{\"@id\":\"https:\\\/\\\/folhapopular.info\\\/index.php\\\/2023\\\/08\\\/23\\\/floriculturas-podem-se-inscrever-para-participar-no-8-concerto-da-primavera-de-lajeado\\\/#primaryimage\"},\"image\":{\"@id\":\"https:\\\/\\\/folhapopular.info\\\/index.php\\\/2023\\\/08\\\/23\\\/floriculturas-podem-se-inscrever-para-participar-no-8-concerto-da-primavera-de-lajeado\\\/#primaryimage\"},\"thumbnailUrl\":\"https:\\\/\\\/folhapopular.info\\\/wp-content\\\/uploads\\\/2023\\\/08\\\/Rafael-Grun_7\u00b0-Edicao_2022-scaled.jpg\",\"datePublished\":\"2023-08-23T17:22:36+00:00\",\"dateModified\":\"2023-08-23T17:22:39+00:00\",\"author\":{\"@id\":\"https:\\\/\\\/folhapopular.info\\\/#\\\/schema\\\/person\\\/2814e8a0df7643585a9ca38bc6eb9d4b\"},\"breadcrumb\":{\"@id\":\"https:\\\/\\\/folhapopular.info\\\/index.php\\\/2023\\\/08\\\/23\\\/floriculturas-podem-se-inscrever-para-participar-no-8-concerto-da-primavera-de-lajeado\\\/#breadcrumb\"},\"inLanguage\":\"pt-BR\",\"potentialAction\":[{\"@type\":\"ReadAction\",\"target\":[\"https:\\\/\\\/folhapopular.info\\\/index.php\\\/2023\\\/08\\\/23\\\/floriculturas-podem-se-inscrever-para-participar-no-8-concerto-da-primavera-de-lajeado\\\/\"]}]},{\"@type\":\"ImageObject\",\"inLanguage\":\"pt-BR\",\"@id\":\"https:\\\/\\\/folhapopular.info\\\/index.php\\\/2023\\\/08\\\/23\\\/floriculturas-podem-se-inscrever-para-participar-no-8-concerto-da-primavera-de-lajeado\\\/#primaryimage\",\"url\":\"https:\\\/\\\/folhapopular.info\\\/wp-content\\\/uploads\\\/2023\\\/08\\\/Rafael-Grun_7\u00b0-Edicao_2022-scaled.jpg\",\"contentUrl\":\"https:\\\/\\\/folhapopular.info\\\/wp-content\\\/uploads\\\/2023\\\/08\\\/Rafael-Grun_7\u00b0-Edicao_2022-scaled.jpg\",\"width\":2560,\"height\":1441,\"caption\":\"Cr\u00e9dito: Rafael Gr\u00fcn \\\/ AI Prefeitura de Lajeado\"},{\"@type\":\"BreadcrumbList\",\"@id\":\"https:\\\/\\\/folhapopular.info\\\/index.php\\\/2023\\\/08\\\/23\\\/floriculturas-podem-se-inscrever-para-participar-no-8-concerto-da-primavera-de-lajeado\\\/#breadcrumb\",\"itemListElement\":[{\"@type\":\"ListItem\",\"position\":1,\"name\":\"In\u00edcio\",\"item\":\"https:\\\/\\\/folhapopular.info\\\/\"},{\"@type\":\"ListItem\",\"position\":2,\"name\":\"Floriculturas podem se inscrever para participar no 8\u00b0 Concerto da Primavera de Lajeado\"}]},{\"@type\":\"WebSite\",\"@id\":\"https:\\\/\\\/folhapopular.info\\\/#website\",\"url\":\"https:\\\/\\\/folhapopular.info\\\/\",\"name\":\"Folha Popular\",\"description\":\"Onde voc\u00ea tem vez e voz\",\"potentialAction\":[{\"@type\":\"SearchAction\",\"target\":{\"@type\":\"EntryPoint\",\"urlTemplate\":\"https:\\\/\\\/folhapopular.info\\\/?s={search_term_string}\"},\"query-input\":{\"@type\":\"PropertyValueSpecification\",\"valueRequired\":true,\"valueName\":\"search_term_string\"}}],\"inLanguage\":\"pt-BR\"},{\"@type\":\"Person\",\"@id\":\"https:\\\/\\\/folhapopular.info\\\/#\\\/schema\\\/person\\\/2814e8a0df7643585a9ca38bc6eb9d4b\",\"name\":\"Reda\u00e7\u00e3o Folha Popular\",\"image\":{\"@type\":\"ImageObject\",\"inLanguage\":\"pt-BR\",\"@id\":\"https:\\\/\\\/folhapopular.info\\\/wp-content\\\/uploads\\\/2026\\\/04\\\/Folha-1.webp\",\"url\":\"https:\\\/\\\/folhapopular.info\\\/wp-content\\\/uploads\\\/2026\\\/04\\\/Folha-1.webp\",\"contentUrl\":\"https:\\\/\\\/folhapopular.info\\\/wp-content\\\/uploads\\\/2026\\\/04\\\/Folha-1.webp\",\"caption\":\"Reda\u00e7\u00e3o Folha Popular\"},\"url\":\"https:\\\/\\\/folhapopular.info\\\/index.php\\\/author\\\/redacao\\\/\"}]}<\/script>\n<!-- \/ Yoast SEO plugin. -->","yoast_head_json":{"title":"Floriculturas podem se inscrever para participar no 8\u00b0 Concerto da Primavera de Lajeado - Folha Popular","robots":{"index":"index","follow":"follow","max-snippet":"max-snippet:-1","max-image-preview":"max-image-preview:large","max-video-preview":"max-video-preview:-1"},"canonical":"https:\/\/folhapopular.info\/index.php\/2023\/08\/23\/floriculturas-podem-se-inscrever-para-participar-no-8-concerto-da-primavera-de-lajeado\/","og_locale":"pt_BR","og_type":"article","og_title":"Floriculturas podem se inscrever para participar no 8\u00b0 Concerto da Primavera de Lajeado - Folha Popular","og_description":"Para celebrar a chegada da primavera, no dia 23 de setembro, a Secretaria de Meio Ambiente, Saneamento e Sustentabilidade (Sema) de Lajeado organiza a 8\u00b0 edi\u00e7\u00e3o do Concerto da Primavera. O evento que celebra a troca de esta\u00e7\u00e3o ocorrer\u00e1 no dia 24 de setembro no Jardim Bot\u00e2nico de Lajeado e contar\u00e1 com apresenta\u00e7\u00f5es e exposi\u00e7\u00f5es [&hellip;]","og_url":"https:\/\/folhapopular.info\/index.php\/2023\/08\/23\/floriculturas-podem-se-inscrever-para-participar-no-8-concerto-da-primavera-de-lajeado\/","og_site_name":"Folha Popular","article_published_time":"2023-08-23T17:22:36+00:00","article_modified_time":"2023-08-23T17:22:39+00:00","og_image":[{"width":2560,"height":1441,"url":"http:\/\/folhapopular.info\/wp-content\/uploads\/2023\/08\/Rafael-Grun_7\u00b0-Edicao_2022-scaled.jpg","type":"image\/jpeg"}],"author":"Reda\u00e7\u00e3o Folha Popular","twitter_card":"summary_large_image","twitter_misc":{"Escrito por":"Reda\u00e7\u00e3o Folha Popular","Est. tempo de leitura":"2 minutos"},"schema":{"@context":"https:\/\/schema.org","@graph":[{"@type":"Article","@id":"https:\/\/folhapopular.info\/index.php\/2023\/08\/23\/floriculturas-podem-se-inscrever-para-participar-no-8-concerto-da-primavera-de-lajeado\/#article","isPartOf":{"@id":"https:\/\/folhapopular.info\/index.php\/2023\/08\/23\/floriculturas-podem-se-inscrever-para-participar-no-8-concerto-da-primavera-de-lajeado\/"},"author":{"name":"Reda\u00e7\u00e3o Folha Popular","@id":"https:\/\/folhapopular.info\/#\/schema\/person\/2814e8a0df7643585a9ca38bc6eb9d4b"},"headline":"Floriculturas podem se inscrever para participar no 8\u00b0 Concerto da Primavera de Lajeado","datePublished":"2023-08-23T17:22:36+00:00","dateModified":"2023-08-23T17:22:39+00:00","mainEntityOfPage":{"@id":"https:\/\/folhapopular.info\/index.php\/2023\/08\/23\/floriculturas-podem-se-inscrever-para-participar-no-8-concerto-da-primavera-de-lajeado\/"},"wordCount":301,"commentCount":0,"image":{"@id":"https:\/\/folhapopular.info\/index.php\/2023\/08\/23\/floriculturas-podem-se-inscrever-para-participar-no-8-concerto-da-primavera-de-lajeado\/#primaryimage"},"thumbnailUrl":"https:\/\/folhapopular.info\/wp-content\/uploads\/2023\/08\/Rafael-Grun_7\u00b0-Edicao_2022-scaled.jpg","keywords":["8\u00ba Concerto da Primavera de Lajeado","floriculturas","jardim bot\u00e2nico de lajeado","Lajeado"],"articleSection":["Cultura","Destaques","Entretenimento","Inclusive"],"inLanguage":"pt-BR","potentialAction":[{"@type":"CommentAction","name":"Comment","target":["https:\/\/folhapopular.info\/index.php\/2023\/08\/23\/floriculturas-podem-se-inscrever-para-participar-no-8-concerto-da-primavera-de-lajeado\/#respond"]}]},{"@type":"WebPage","@id":"https:\/\/folhapopular.info\/index.php\/2023\/08\/23\/floriculturas-podem-se-inscrever-para-participar-no-8-concerto-da-primavera-de-lajeado\/","url":"https:\/\/folhapopular.info\/index.php\/2023\/08\/23\/floriculturas-podem-se-inscrever-para-participar-no-8-concerto-da-primavera-de-lajeado\/","name":"Floriculturas podem se inscrever para participar no 8\u00b0 Concerto da Primavera de Lajeado - Folha Popular","isPartOf":{"@id":"https:\/\/folhapopular.info\/#website"},"primaryImageOfPage":{"@id":"https:\/\/folhapopular.info\/index.php\/2023\/08\/23\/floriculturas-podem-se-inscrever-para-participar-no-8-concerto-da-primavera-de-lajeado\/#primaryimage"},"image":{"@id":"https:\/\/folhapopular.info\/index.php\/2023\/08\/23\/floriculturas-podem-se-inscrever-para-participar-no-8-concerto-da-primavera-de-lajeado\/#primaryimage"},"thumbnailUrl":"https:\/\/folhapopular.info\/wp-content\/uploads\/2023\/08\/Rafael-Grun_7\u00b0-Edicao_2022-scaled.jpg","datePublished":"2023-08-23T17:22:36+00:00","dateModified":"2023-08-23T17:22:39+00:00","author":{"@id":"https:\/\/folhapopular.info\/#\/schema\/person\/2814e8a0df7643585a9ca38bc6eb9d4b"},"breadcrumb":{"@id":"https:\/\/folhapopular.info\/index.php\/2023\/08\/23\/floriculturas-podem-se-inscrever-para-participar-no-8-concerto-da-primavera-de-lajeado\/#breadcrumb"},"inLanguage":"pt-BR","potentialAction":[{"@type":"ReadAction","target":["https:\/\/folhapopular.info\/index.php\/2023\/08\/23\/floriculturas-podem-se-inscrever-para-participar-no-8-concerto-da-primavera-de-lajeado\/"]}]},{"@type":"ImageObject","inLanguage":"pt-BR","@id":"https:\/\/folhapopular.info\/index.php\/2023\/08\/23\/floriculturas-podem-se-inscrever-para-participar-no-8-concerto-da-primavera-de-lajeado\/#primaryimage","url":"https:\/\/folhapopular.info\/wp-content\/uploads\/2023\/08\/Rafael-Grun_7\u00b0-Edicao_2022-scaled.jpg","contentUrl":"https:\/\/folhapopular.info\/wp-content\/uploads\/2023\/08\/Rafael-Grun_7\u00b0-Edicao_2022-scaled.jpg","width":2560,"height":1441,"caption":"Cr\u00e9dito: Rafael Gr\u00fcn \/ AI Prefeitura de Lajeado"},{"@type":"BreadcrumbList","@id":"https:\/\/folhapopular.info\/index.php\/2023\/08\/23\/floriculturas-podem-se-inscrever-para-participar-no-8-concerto-da-primavera-de-lajeado\/#breadcrumb","itemListElement":[{"@type":"ListItem","position":1,"name":"In\u00edcio","item":"https:\/\/folhapopular.info\/"},{"@type":"ListItem","position":2,"name":"Floriculturas podem se inscrever para participar no 8\u00b0 Concerto da Primavera de Lajeado"}]},{"@type":"WebSite","@id":"https:\/\/folhapopular.info\/#website","url":"https:\/\/folhapopular.info\/","name":"Folha Popular","description":"Onde voc\u00ea tem vez e voz","potentialAction":[{"@type":"SearchAction","target":{"@type":"EntryPoint","urlTemplate":"https:\/\/folhapopular.info\/?s={search_term_string}"},"query-input":{"@type":"PropertyValueSpecification","valueRequired":true,"valueName":"search_term_string"}}],"inLanguage":"pt-BR"},{"@type":"Person","@id":"https:\/\/folhapopular.info\/#\/schema\/person\/2814e8a0df7643585a9ca38bc6eb9d4b","name":"Reda\u00e7\u00e3o Folha Popular","image":{"@type":"ImageObject","inLanguage":"pt-BR","@id":"https:\/\/folhapopular.info\/wp-content\/uploads\/2026\/04\/Folha-1.webp","url":"https:\/\/folhapopular.info\/wp-content\/uploads\/2026\/04\/Folha-1.webp","contentUrl":"https:\/\/folhapopular.info\/wp-content\/uploads\/2026\/04\/Folha-1.webp","caption":"Reda\u00e7\u00e3o Folha Popular"},"url":"https:\/\/folhapopular.info\/index.php\/author\/redacao\/"}]}},"jetpack_featured_media_url":"https:\/\/folhapopular.info\/wp-content\/uploads\/2023\/08\/Rafael-Grun_7\u00b0-Edicao_2022-scaled.jpg","jetpack_sharing_enabled":true,"amp_enabled":true,"_links":{"self":[{"href":"https:\/\/folhapopular.info\/index.php\/wp-json\/wp\/v2\/posts\/138403","targetHints":{"allow":["GET"]}}],"collection":[{"href":"https:\/\/folhapopular.info\/index.php\/wp-json\/wp\/v2\/posts"}],"about":[{"href":"https:\/\/folhapopular.info\/index.php\/wp-json\/wp\/v2\/types\/post"}],"author":[{"embeddable":true,"href":"https:\/\/folhapopular.info\/index.php\/wp-json\/wp\/v2\/users\/8"}],"replies":[{"embeddable":true,"href":"https:\/\/folhapopular.info\/index.php\/wp-json\/wp\/v2\/comments?post=138403"}],"version-history":[{"count":0,"href":"https:\/\/folhapopular.info\/index.php\/wp-json\/wp\/v2\/posts\/138403\/revisions"}],"wp:featuredmedia":[{"embeddable":true,"href":"https:\/\/folhapopular.info\/index.php\/wp-json\/wp\/v2\/media\/138404"}],"wp:attachment":[{"href":"https:\/\/folhapopular.info\/index.php\/wp-json\/wp\/v2\/media?parent=138403"}],"wp:term":[{"taxonomy":"category","embeddable":true,"href":"https:\/\/folhapopular.info\/index.php\/wp-json\/wp\/v2\/categories?post=138403"},{"taxonomy":"post_tag","embeddable":true,"href":"https:\/\/folhapopular.info\/index.php\/wp-json\/wp\/v2\/tags?post=138403"}],"curies":[{"name":"wp","href":"https:\/\/api.w.org\/{rel}","templated":true}]}}