{"id":138463,"date":"2023-08-24T15:00:00","date_gmt":"2023-08-24T18:00:00","guid":{"rendered":"https:\/\/folhapopular.info\/?p=138463"},"modified":"2023-08-24T14:32:00","modified_gmt":"2023-08-24T17:32:00","slug":"acao-de-descarte-de-lixo-eletronico-acontece-neste-sabado-em-teutonia","status":"publish","type":"post","link":"https:\/\/folhapopular.info\/index.php\/2023\/08\/24\/acao-de-descarte-de-lixo-eletronico-acontece-neste-sabado-em-teutonia\/","title":{"rendered":"A\u00e7\u00e3o de descarte de lixo eletr\u00f4nico acontece neste s\u00e1bado em Teut\u00f4nia"},"content":{"rendered":"\n<p>Neste s\u00e1bado (26\/8), das 8h \u00e0s 12h, ocorre mais uma edi\u00e7\u00e3o de descarte consciente de lixo eletr\u00f4nico, iniciativa que integra a a\u00e7\u00e3o socioambiental teutoniense Revive Boa Vista. O posto de coleta estar\u00e1 localizado junto \u00e0 CIC Teut\u00f4nia, no Centro Administrativo Municipal.<\/p>\n\n\n\n<p>Exclusivo para materiais oriundos de Pessoa F\u00edsica, na oportunidade ser\u00e3o recebidos eletr\u00f4nicos, sucatas, cart\u00f5es magn\u00e9ticos, celulares e baterias (exceto de ve\u00edculos), al\u00e9m de \u00f3leo de cozinha. Os materiais ser\u00e3o coletados por empresa especializada e parceira da a\u00e7\u00e3o, que dar\u00e1 o destino final correto.<\/p>\n\n\n\n<figure class=\"wp-block-image size-large is-resized\"><img loading=\"lazy\" decoding=\"async\" src=\"https:\/\/folhapopular.info\/wp-content\/uploads\/2023\/08\/2-JORNAL-1024x768.jpg\" alt=\"\" class=\"wp-image-138464\" width=\"445\" height=\"343\"\/><figcaption class=\"wp-element-caption\">Materiais ser\u00e3o coletados por empresa especializada e parceira da a\u00e7\u00e3o, que<br>dar\u00e1 o destino final correto \/ Cr\u00e9dito da foto: Leandro Augusto Hamester<\/figcaption><\/figure>\n\n\n\n<p>A iniciativa tem por objetivo a preserva\u00e7\u00e3o do meio ambiente e a conscientiza\u00e7\u00e3o da popula\u00e7\u00e3o para cuidados com a natureza e a correta destina\u00e7\u00e3o do lixo. \u00c9 uma realiza\u00e7\u00e3o da Unidade Parceiros Volunt\u00e1rios de Teut\u00f4nia, que tem como mantenedoras CIC Teut\u00f4nia, Certel, Couros Bom Retiro, Seccare, Languiru e Sicredi.<\/p>\n\n\n\n<p>Mais informa\u00e7\u00f5es podem ser obtidas pelo fone (51) 3762-1233 e WhatsApp (51) 99538-5080.<\/p>\n","protected":false},"excerpt":{"rendered":"<p>Neste s\u00e1bado (26\/8), das 8h \u00e0s 12h, ocorre mais uma edi\u00e7\u00e3o de descarte consciente de lixo eletr\u00f4nico, iniciativa que integra a a\u00e7\u00e3o socioambiental teutoniense Revive Boa Vista. O posto de coleta estar\u00e1 localizado junto \u00e0 CIC Teut\u00f4nia, no Centro Administrativo Municipal. Exclusivo para materiais oriundos de Pessoa F\u00edsica, na oportunidade ser\u00e3o recebidos eletr\u00f4nicos, sucatas, cart\u00f5es [&hellip;]<\/p>\n","protected":false},"author":8,"featured_media":138465,"comment_status":"open","ping_status":"open","sticky":false,"template":"","format":"standard","meta":{"pmpro_default_level":"","_jetpack_memberships_contains_paid_content":false,"footnotes":""},"categories":[2,3,11025],"tags":[6251,26],"class_list":{"0":"post-138463","1":"post","2":"type-post","3":"status-publish","4":"format-standard","5":"has-post-thumbnail","7":"category-featured","8":"category-geral","9":"category-meio-ambiente","10":"tag-descarte-consciente-de-lixo-eletronico","11":"tag-teutonia","12":"pmpro-has-access"},"yoast_head":"<!-- This site is optimized with the Yoast SEO plugin v27.4 - https:\/\/yoast.com\/product\/yoast-seo-wordpress\/ -->\n<title>A\u00e7\u00e3o de descarte de lixo eletr\u00f4nico acontece neste s\u00e1bado em Teut\u00f4nia - Folha Popular<\/title>\n<meta name=\"robots\" content=\"index, follow, max-snippet:-1, max-image-preview:large, max-video-preview:-1\" \/>\n<link rel=\"canonical\" href=\"https:\/\/folhapopular.info\/index.php\/2023\/08\/24\/acao-de-descarte-de-lixo-eletronico-acontece-neste-sabado-em-teutonia\/\" \/>\n<meta property=\"og:locale\" content=\"pt_BR\" \/>\n<meta property=\"og:type\" content=\"article\" \/>\n<meta property=\"og:title\" content=\"A\u00e7\u00e3o de descarte de lixo eletr\u00f4nico acontece neste s\u00e1bado em Teut\u00f4nia - Folha Popular\" \/>\n<meta property=\"og:description\" content=\"Neste s\u00e1bado (26\/8), das 8h \u00e0s 12h, ocorre mais uma edi\u00e7\u00e3o de descarte consciente de lixo eletr\u00f4nico, iniciativa que integra a a\u00e7\u00e3o socioambiental teutoniense Revive Boa Vista. O posto de coleta estar\u00e1 localizado junto \u00e0 CIC Teut\u00f4nia, no Centro Administrativo Municipal. Exclusivo para materiais oriundos de Pessoa F\u00edsica, na oportunidade ser\u00e3o recebidos eletr\u00f4nicos, sucatas, cart\u00f5es [&hellip;]\" \/>\n<meta property=\"og:url\" content=\"https:\/\/folhapopular.info\/index.php\/2023\/08\/24\/acao-de-descarte-de-lixo-eletronico-acontece-neste-sabado-em-teutonia\/\" \/>\n<meta property=\"og:site_name\" content=\"Folha Popular\" \/>\n<meta property=\"article:published_time\" content=\"2023-08-24T18:00:00+00:00\" \/>\n<meta property=\"og:image\" content=\"https:\/\/folhapopular.info\/wp-content\/uploads\/2023\/08\/Lixo-eletronico-26-08-23-scaled.jpg\" \/>\n\t<meta property=\"og:image:width\" content=\"2106\" \/>\n\t<meta property=\"og:image:height\" content=\"2560\" \/>\n\t<meta property=\"og:image:type\" content=\"image\/jpeg\" \/>\n<meta name=\"author\" content=\"Reda\u00e7\u00e3o Folha Popular\" \/>\n<meta name=\"twitter:card\" content=\"summary_large_image\" \/>\n<meta name=\"twitter:label1\" content=\"Escrito por\" \/>\n\t<meta name=\"twitter:data1\" content=\"Reda\u00e7\u00e3o Folha Popular\" \/>\n\t<meta name=\"twitter:label2\" content=\"Est. tempo de leitura\" \/>\n\t<meta name=\"twitter:data2\" content=\"2 minutos\" \/>\n<script type=\"application\/ld+json\" class=\"yoast-schema-graph\">{\"@context\":\"https:\\\/\\\/schema.org\",\"@graph\":[{\"@type\":\"Article\",\"@id\":\"https:\\\/\\\/folhapopular.info\\\/index.php\\\/2023\\\/08\\\/24\\\/acao-de-descarte-de-lixo-eletronico-acontece-neste-sabado-em-teutonia\\\/#article\",\"isPartOf\":{\"@id\":\"https:\\\/\\\/folhapopular.info\\\/index.php\\\/2023\\\/08\\\/24\\\/acao-de-descarte-de-lixo-eletronico-acontece-neste-sabado-em-teutonia\\\/\"},\"author\":{\"name\":\"Reda\u00e7\u00e3o Folha Popular\",\"@id\":\"https:\\\/\\\/folhapopular.info\\\/#\\\/schema\\\/person\\\/2814e8a0df7643585a9ca38bc6eb9d4b\"},\"headline\":\"A\u00e7\u00e3o de descarte de lixo eletr\u00f4nico acontece neste s\u00e1bado em Teut\u00f4nia\",\"datePublished\":\"2023-08-24T18:00:00+00:00\",\"mainEntityOfPage\":{\"@id\":\"https:\\\/\\\/folhapopular.info\\\/index.php\\\/2023\\\/08\\\/24\\\/acao-de-descarte-de-lixo-eletronico-acontece-neste-sabado-em-teutonia\\\/\"},\"wordCount\":203,\"commentCount\":0,\"image\":{\"@id\":\"https:\\\/\\\/folhapopular.info\\\/index.php\\\/2023\\\/08\\\/24\\\/acao-de-descarte-de-lixo-eletronico-acontece-neste-sabado-em-teutonia\\\/#primaryimage\"},\"thumbnailUrl\":\"https:\\\/\\\/folhapopular.info\\\/wp-content\\\/uploads\\\/2023\\\/08\\\/Lixo-eletronico-26-08-23-scaled.jpg\",\"keywords\":[\"Descarte consciente de lixo eletr\u00f4nico\",\"Teut\u00f4nia\"],\"articleSection\":[\"Destaques\",\"Geral\",\"Meio Ambiente\"],\"inLanguage\":\"pt-BR\",\"potentialAction\":[{\"@type\":\"CommentAction\",\"name\":\"Comment\",\"target\":[\"https:\\\/\\\/folhapopular.info\\\/index.php\\\/2023\\\/08\\\/24\\\/acao-de-descarte-de-lixo-eletronico-acontece-neste-sabado-em-teutonia\\\/#respond\"]}]},{\"@type\":\"WebPage\",\"@id\":\"https:\\\/\\\/folhapopular.info\\\/index.php\\\/2023\\\/08\\\/24\\\/acao-de-descarte-de-lixo-eletronico-acontece-neste-sabado-em-teutonia\\\/\",\"url\":\"https:\\\/\\\/folhapopular.info\\\/index.php\\\/2023\\\/08\\\/24\\\/acao-de-descarte-de-lixo-eletronico-acontece-neste-sabado-em-teutonia\\\/\",\"name\":\"A\u00e7\u00e3o de descarte de lixo eletr\u00f4nico acontece neste s\u00e1bado em Teut\u00f4nia - Folha Popular\",\"isPartOf\":{\"@id\":\"https:\\\/\\\/folhapopular.info\\\/#website\"},\"primaryImageOfPage\":{\"@id\":\"https:\\\/\\\/folhapopular.info\\\/index.php\\\/2023\\\/08\\\/24\\\/acao-de-descarte-de-lixo-eletronico-acontece-neste-sabado-em-teutonia\\\/#primaryimage\"},\"image\":{\"@id\":\"https:\\\/\\\/folhapopular.info\\\/index.php\\\/2023\\\/08\\\/24\\\/acao-de-descarte-de-lixo-eletronico-acontece-neste-sabado-em-teutonia\\\/#primaryimage\"},\"thumbnailUrl\":\"https:\\\/\\\/folhapopular.info\\\/wp-content\\\/uploads\\\/2023\\\/08\\\/Lixo-eletronico-26-08-23-scaled.jpg\",\"datePublished\":\"2023-08-24T18:00:00+00:00\",\"author\":{\"@id\":\"https:\\\/\\\/folhapopular.info\\\/#\\\/schema\\\/person\\\/2814e8a0df7643585a9ca38bc6eb9d4b\"},\"breadcrumb\":{\"@id\":\"https:\\\/\\\/folhapopular.info\\\/index.php\\\/2023\\\/08\\\/24\\\/acao-de-descarte-de-lixo-eletronico-acontece-neste-sabado-em-teutonia\\\/#breadcrumb\"},\"inLanguage\":\"pt-BR\",\"potentialAction\":[{\"@type\":\"ReadAction\",\"target\":[\"https:\\\/\\\/folhapopular.info\\\/index.php\\\/2023\\\/08\\\/24\\\/acao-de-descarte-de-lixo-eletronico-acontece-neste-sabado-em-teutonia\\\/\"]}]},{\"@type\":\"ImageObject\",\"inLanguage\":\"pt-BR\",\"@id\":\"https:\\\/\\\/folhapopular.info\\\/index.php\\\/2023\\\/08\\\/24\\\/acao-de-descarte-de-lixo-eletronico-acontece-neste-sabado-em-teutonia\\\/#primaryimage\",\"url\":\"https:\\\/\\\/folhapopular.info\\\/wp-content\\\/uploads\\\/2023\\\/08\\\/Lixo-eletronico-26-08-23-scaled.jpg\",\"contentUrl\":\"https:\\\/\\\/folhapopular.info\\\/wp-content\\\/uploads\\\/2023\\\/08\\\/Lixo-eletronico-26-08-23-scaled.jpg\",\"width\":2106,\"height\":2560,\"caption\":\"Cr\u00e9dito: Divulga\u00e7\u00e3o\"},{\"@type\":\"BreadcrumbList\",\"@id\":\"https:\\\/\\\/folhapopular.info\\\/index.php\\\/2023\\\/08\\\/24\\\/acao-de-descarte-de-lixo-eletronico-acontece-neste-sabado-em-teutonia\\\/#breadcrumb\",\"itemListElement\":[{\"@type\":\"ListItem\",\"position\":1,\"name\":\"In\u00edcio\",\"item\":\"https:\\\/\\\/folhapopular.info\\\/\"},{\"@type\":\"ListItem\",\"position\":2,\"name\":\"A\u00e7\u00e3o de descarte de lixo eletr\u00f4nico acontece neste s\u00e1bado em Teut\u00f4nia\"}]},{\"@type\":\"WebSite\",\"@id\":\"https:\\\/\\\/folhapopular.info\\\/#website\",\"url\":\"https:\\\/\\\/folhapopular.info\\\/\",\"name\":\"Folha Popular\",\"description\":\"Onde voc\u00ea tem vez e voz\",\"potentialAction\":[{\"@type\":\"SearchAction\",\"target\":{\"@type\":\"EntryPoint\",\"urlTemplate\":\"https:\\\/\\\/folhapopular.info\\\/?s={search_term_string}\"},\"query-input\":{\"@type\":\"PropertyValueSpecification\",\"valueRequired\":true,\"valueName\":\"search_term_string\"}}],\"inLanguage\":\"pt-BR\"},{\"@type\":\"Person\",\"@id\":\"https:\\\/\\\/folhapopular.info\\\/#\\\/schema\\\/person\\\/2814e8a0df7643585a9ca38bc6eb9d4b\",\"name\":\"Reda\u00e7\u00e3o Folha Popular\",\"image\":{\"@type\":\"ImageObject\",\"inLanguage\":\"pt-BR\",\"@id\":\"https:\\\/\\\/folhapopular.info\\\/wp-content\\\/uploads\\\/2026\\\/04\\\/Folha-1.webp\",\"url\":\"https:\\\/\\\/folhapopular.info\\\/wp-content\\\/uploads\\\/2026\\\/04\\\/Folha-1.webp\",\"contentUrl\":\"https:\\\/\\\/folhapopular.info\\\/wp-content\\\/uploads\\\/2026\\\/04\\\/Folha-1.webp\",\"caption\":\"Reda\u00e7\u00e3o Folha Popular\"},\"url\":\"https:\\\/\\\/folhapopular.info\\\/index.php\\\/author\\\/redacao\\\/\"}]}<\/script>\n<!-- \/ Yoast SEO plugin. -->","yoast_head_json":{"title":"A\u00e7\u00e3o de descarte de lixo eletr\u00f4nico acontece neste s\u00e1bado em Teut\u00f4nia - Folha Popular","robots":{"index":"index","follow":"follow","max-snippet":"max-snippet:-1","max-image-preview":"max-image-preview:large","max-video-preview":"max-video-preview:-1"},"canonical":"https:\/\/folhapopular.info\/index.php\/2023\/08\/24\/acao-de-descarte-de-lixo-eletronico-acontece-neste-sabado-em-teutonia\/","og_locale":"pt_BR","og_type":"article","og_title":"A\u00e7\u00e3o de descarte de lixo eletr\u00f4nico acontece neste s\u00e1bado em Teut\u00f4nia - Folha Popular","og_description":"Neste s\u00e1bado (26\/8), das 8h \u00e0s 12h, ocorre mais uma edi\u00e7\u00e3o de descarte consciente de lixo eletr\u00f4nico, iniciativa que integra a a\u00e7\u00e3o socioambiental teutoniense Revive Boa Vista. O posto de coleta estar\u00e1 localizado junto \u00e0 CIC Teut\u00f4nia, no Centro Administrativo Municipal. Exclusivo para materiais oriundos de Pessoa F\u00edsica, na oportunidade ser\u00e3o recebidos eletr\u00f4nicos, sucatas, cart\u00f5es [&hellip;]","og_url":"https:\/\/folhapopular.info\/index.php\/2023\/08\/24\/acao-de-descarte-de-lixo-eletronico-acontece-neste-sabado-em-teutonia\/","og_site_name":"Folha Popular","article_published_time":"2023-08-24T18:00:00+00:00","og_image":[{"width":2106,"height":2560,"url":"https:\/\/folhapopular.info\/wp-content\/uploads\/2023\/08\/Lixo-eletronico-26-08-23-scaled.jpg","type":"image\/jpeg"}],"author":"Reda\u00e7\u00e3o Folha Popular","twitter_card":"summary_large_image","twitter_misc":{"Escrito por":"Reda\u00e7\u00e3o Folha Popular","Est. tempo de leitura":"2 minutos"},"schema":{"@context":"https:\/\/schema.org","@graph":[{"@type":"Article","@id":"https:\/\/folhapopular.info\/index.php\/2023\/08\/24\/acao-de-descarte-de-lixo-eletronico-acontece-neste-sabado-em-teutonia\/#article","isPartOf":{"@id":"https:\/\/folhapopular.info\/index.php\/2023\/08\/24\/acao-de-descarte-de-lixo-eletronico-acontece-neste-sabado-em-teutonia\/"},"author":{"name":"Reda\u00e7\u00e3o Folha Popular","@id":"https:\/\/folhapopular.info\/#\/schema\/person\/2814e8a0df7643585a9ca38bc6eb9d4b"},"headline":"A\u00e7\u00e3o de descarte de lixo eletr\u00f4nico acontece neste s\u00e1bado em Teut\u00f4nia","datePublished":"2023-08-24T18:00:00+00:00","mainEntityOfPage":{"@id":"https:\/\/folhapopular.info\/index.php\/2023\/08\/24\/acao-de-descarte-de-lixo-eletronico-acontece-neste-sabado-em-teutonia\/"},"wordCount":203,"commentCount":0,"image":{"@id":"https:\/\/folhapopular.info\/index.php\/2023\/08\/24\/acao-de-descarte-de-lixo-eletronico-acontece-neste-sabado-em-teutonia\/#primaryimage"},"thumbnailUrl":"https:\/\/folhapopular.info\/wp-content\/uploads\/2023\/08\/Lixo-eletronico-26-08-23-scaled.jpg","keywords":["Descarte consciente de lixo eletr\u00f4nico","Teut\u00f4nia"],"articleSection":["Destaques","Geral","Meio Ambiente"],"inLanguage":"pt-BR","potentialAction":[{"@type":"CommentAction","name":"Comment","target":["https:\/\/folhapopular.info\/index.php\/2023\/08\/24\/acao-de-descarte-de-lixo-eletronico-acontece-neste-sabado-em-teutonia\/#respond"]}]},{"@type":"WebPage","@id":"https:\/\/folhapopular.info\/index.php\/2023\/08\/24\/acao-de-descarte-de-lixo-eletronico-acontece-neste-sabado-em-teutonia\/","url":"https:\/\/folhapopular.info\/index.php\/2023\/08\/24\/acao-de-descarte-de-lixo-eletronico-acontece-neste-sabado-em-teutonia\/","name":"A\u00e7\u00e3o de descarte de lixo eletr\u00f4nico acontece neste s\u00e1bado em Teut\u00f4nia - Folha Popular","isPartOf":{"@id":"https:\/\/folhapopular.info\/#website"},"primaryImageOfPage":{"@id":"https:\/\/folhapopular.info\/index.php\/2023\/08\/24\/acao-de-descarte-de-lixo-eletronico-acontece-neste-sabado-em-teutonia\/#primaryimage"},"image":{"@id":"https:\/\/folhapopular.info\/index.php\/2023\/08\/24\/acao-de-descarte-de-lixo-eletronico-acontece-neste-sabado-em-teutonia\/#primaryimage"},"thumbnailUrl":"https:\/\/folhapopular.info\/wp-content\/uploads\/2023\/08\/Lixo-eletronico-26-08-23-scaled.jpg","datePublished":"2023-08-24T18:00:00+00:00","author":{"@id":"https:\/\/folhapopular.info\/#\/schema\/person\/2814e8a0df7643585a9ca38bc6eb9d4b"},"breadcrumb":{"@id":"https:\/\/folhapopular.info\/index.php\/2023\/08\/24\/acao-de-descarte-de-lixo-eletronico-acontece-neste-sabado-em-teutonia\/#breadcrumb"},"inLanguage":"pt-BR","potentialAction":[{"@type":"ReadAction","target":["https:\/\/folhapopular.info\/index.php\/2023\/08\/24\/acao-de-descarte-de-lixo-eletronico-acontece-neste-sabado-em-teutonia\/"]}]},{"@type":"ImageObject","inLanguage":"pt-BR","@id":"https:\/\/folhapopular.info\/index.php\/2023\/08\/24\/acao-de-descarte-de-lixo-eletronico-acontece-neste-sabado-em-teutonia\/#primaryimage","url":"https:\/\/folhapopular.info\/wp-content\/uploads\/2023\/08\/Lixo-eletronico-26-08-23-scaled.jpg","contentUrl":"https:\/\/folhapopular.info\/wp-content\/uploads\/2023\/08\/Lixo-eletronico-26-08-23-scaled.jpg","width":2106,"height":2560,"caption":"Cr\u00e9dito: Divulga\u00e7\u00e3o"},{"@type":"BreadcrumbList","@id":"https:\/\/folhapopular.info\/index.php\/2023\/08\/24\/acao-de-descarte-de-lixo-eletronico-acontece-neste-sabado-em-teutonia\/#breadcrumb","itemListElement":[{"@type":"ListItem","position":1,"name":"In\u00edcio","item":"https:\/\/folhapopular.info\/"},{"@type":"ListItem","position":2,"name":"A\u00e7\u00e3o de descarte de lixo eletr\u00f4nico acontece neste s\u00e1bado em Teut\u00f4nia"}]},{"@type":"WebSite","@id":"https:\/\/folhapopular.info\/#website","url":"https:\/\/folhapopular.info\/","name":"Folha Popular","description":"Onde voc\u00ea tem vez e voz","potentialAction":[{"@type":"SearchAction","target":{"@type":"EntryPoint","urlTemplate":"https:\/\/folhapopular.info\/?s={search_term_string}"},"query-input":{"@type":"PropertyValueSpecification","valueRequired":true,"valueName":"search_term_string"}}],"inLanguage":"pt-BR"},{"@type":"Person","@id":"https:\/\/folhapopular.info\/#\/schema\/person\/2814e8a0df7643585a9ca38bc6eb9d4b","name":"Reda\u00e7\u00e3o Folha Popular","image":{"@type":"ImageObject","inLanguage":"pt-BR","@id":"https:\/\/folhapopular.info\/wp-content\/uploads\/2026\/04\/Folha-1.webp","url":"https:\/\/folhapopular.info\/wp-content\/uploads\/2026\/04\/Folha-1.webp","contentUrl":"https:\/\/folhapopular.info\/wp-content\/uploads\/2026\/04\/Folha-1.webp","caption":"Reda\u00e7\u00e3o Folha Popular"},"url":"https:\/\/folhapopular.info\/index.php\/author\/redacao\/"}]}},"jetpack_featured_media_url":"https:\/\/folhapopular.info\/wp-content\/uploads\/2023\/08\/Lixo-eletronico-26-08-23-scaled.jpg","jetpack_sharing_enabled":true,"amp_enabled":true,"_links":{"self":[{"href":"https:\/\/folhapopular.info\/index.php\/wp-json\/wp\/v2\/posts\/138463","targetHints":{"allow":["GET"]}}],"collection":[{"href":"https:\/\/folhapopular.info\/index.php\/wp-json\/wp\/v2\/posts"}],"about":[{"href":"https:\/\/folhapopular.info\/index.php\/wp-json\/wp\/v2\/types\/post"}],"author":[{"embeddable":true,"href":"https:\/\/folhapopular.info\/index.php\/wp-json\/wp\/v2\/users\/8"}],"replies":[{"embeddable":true,"href":"https:\/\/folhapopular.info\/index.php\/wp-json\/wp\/v2\/comments?post=138463"}],"version-history":[{"count":0,"href":"https:\/\/folhapopular.info\/index.php\/wp-json\/wp\/v2\/posts\/138463\/revisions"}],"wp:featuredmedia":[{"embeddable":true,"href":"https:\/\/folhapopular.info\/index.php\/wp-json\/wp\/v2\/media\/138465"}],"wp:attachment":[{"href":"https:\/\/folhapopular.info\/index.php\/wp-json\/wp\/v2\/media?parent=138463"}],"wp:term":[{"taxonomy":"category","embeddable":true,"href":"https:\/\/folhapopular.info\/index.php\/wp-json\/wp\/v2\/categories?post=138463"},{"taxonomy":"post_tag","embeddable":true,"href":"https:\/\/folhapopular.info\/index.php\/wp-json\/wp\/v2\/tags?post=138463"}],"curies":[{"name":"wp","href":"https:\/\/api.w.org\/{rel}","templated":true}]}}