{"id":138467,"date":"2023-08-24T14:30:19","date_gmt":"2023-08-24T17:30:19","guid":{"rendered":"https:\/\/folhapopular.info\/?p=138467"},"modified":"2023-08-24T14:30:33","modified_gmt":"2023-08-24T17:30:33","slug":"investir-na-1a-infancia-e-a-melhor-maneira-de-reduzir-desigualdades-diz-medico-sanitarista-daniel-becker","status":"publish","type":"post","link":"https:\/\/folhapopular.info\/index.php\/2023\/08\/24\/investir-na-1a-infancia-e-a-melhor-maneira-de-reduzir-desigualdades-diz-medico-sanitarista-daniel-becker\/","title":{"rendered":"&#8220;Investir na 1\u00aa inf\u00e2ncia \u00e9 a melhor maneira de reduzir desigualdades&#8221;, diz m\u00e9dico sanitarista Daniel Becker"},"content":{"rendered":"\n<p>Colinas realiza, ao longo desta quinta-feira (24\/8), o 1\u00ba Semin\u00e1rio pela Primeira Inf\u00e2ncia. As atividades iniciaram \u00e0s 9h com a apresenta\u00e7\u00e3o do Coral Infanto, da Emef Ipiranga. Depois, seguiu com a categoria Kinder do Centro Cultural Morgenstern. Ap\u00f3s, houve a san\u00e7\u00e3o do Plano Municipal pela Primeira inf\u00e2ncia (PMPI), ades\u00e3o ao Pacto Nacional pela Primeira Inf\u00e2ncia e \u00e0 Rede Nacional Primeira Inf\u00e2ncia e assinatura da carta compromisso da campanha P\u00e9 de Inf\u00e2ncia.<\/p>\n\n\n\n<p>Al\u00e9m do prefeito Sandro Ranieri Herrmann, estiveram presentes o presidente da C\u00e2mara de Vereadores de Colinas, Rodrigo Horn, a representante da Undime, Elis\u00e2ngela Mendes, a promotora do Minist\u00e9rio P\u00fablico de Estrela, Andreia Almeida Barros, a secret\u00e1ria executiva da Rede Nacional Primeira Inf\u00e2ncia, Solidade Menezes, a representante da Urban 95, Cice Galoro, a representante da Uncme, Fabiane Bittelo, a reitora da Univates, Evania Schneider e a representante do Conselho Municipal dos Direitos da Crian\u00e7a e do Adolescente, Fernanda Joriz.<\/p>\n\n\n\n<p>Em seu discurso, a secret\u00e1ria de Sa\u00fade, Assist\u00eancia Social e Habita\u00e7\u00e3o de Colinas, Angelita Herrmann, refor\u00e7ou: \u201cFa\u00e7am com temperinho de voc\u00eas, mas fa\u00e7am. Coloquem as crian\u00e7as como prioridade absoluta. Aquilo que a gente faz pelas nossas crian\u00e7as hoje, vale para amanh\u00e3, para depois de amanh\u00e3 e para a vida inteira. Obrigada a todos que vieram assinar conosco esse pacto pela vida, pelo cuidado e pelas fam\u00edlias.\u201d<\/p>\n\n\n\n<p>Cice Galoro, da Urban 95, explicou que Colinas \u00e9 um dos 24 munic\u00edpios no pa\u00eds que contam com a rede. \u201cE quando escolhemos uma cidade para participar, \u00e9 porque ela j\u00e1 tem essa voca\u00e7\u00e3o, esse compromisso dos gestores p\u00fablicos para fazer com que a crian\u00e7a esteja no centro das discuss\u00f5es\u201d, disse.<\/p>\n\n\n\n<h2 class=\"wp-block-heading\">Palestra magna<\/h2>\n\n\n\n<p>Mais de 300 pessoas estiveram presentes para ouvir a palestra magna com o doutor Daniel Becker, pediatra, sanitarista, palestrante, escritor e mestre em Sa\u00fade P\u00fablica pela Fiocruz. Ele falou sobre os desafios da inf\u00e2ncia na atualidade e as possibilidades de enfrentamento. Segundo ele, a qualidade de vida de Colinas contrasta muito com as centenas de favelas e refugiados com as quais trabalhou no Rio de Janeiro e no M\u00e9dico sem Fronteiras.<\/p>\n\n\n\n<p>\u201cContrasta tamb\u00e9m n\u00e3o s\u00f3 com a mis\u00e9ria, mas com essas m\u00faltiplas inf\u00e2ncias vividas no nosso pa\u00eds e com as m\u00faltiplas possibilidades de gest\u00e3o. Colinas se contrasta com uma gest\u00e3o onde se v\u00ea todas as secretarias, a Prefeitura e toda uma regi\u00e3o determinada, envolvida, comprometida na participa\u00e7\u00e3o das crian\u00e7as\u201d, pontuou.<\/p>\n\n\n\n<p>Ele esclareceu que, apesar de Colinas estar \u00e0 frente de in\u00fameras iniciativas pela primeira inf\u00e2ncia, no Brasil o cen\u00e1rio n\u00e3o vai t\u00e3o bem, com direitos fundamentais sendo negados e enfrentando neglig\u00eancia, viol\u00eancia e extrema pobreza. \u201cEm munic\u00edpios com crian\u00e7as, a fome do Brasil dobrou em dois anos, em 2020 a 2022, e n\u00e3o \u00e9 s\u00f3 de falta de comida que estamos falando\u201d, disse, citando baixas nos n\u00fameros de vacina\u00e7\u00e3o, aumento nos \u00edndices de viol\u00eancia, entre outros.<\/p>\n\n\n\n<p>\u201cA gente sabe que para se contrapor a um quadro desse n\u00f3s precisamos, essencialmente, de educa\u00e7\u00e3o, sa\u00fade, investimento em crian\u00e7as e em pol\u00edticas sociais, renda e combate \u00e0 pobreza. \u00a0Mas a coisa tamb\u00e9m n\u00e3o fica s\u00f3 no n\u00edvel da sociedade e das pol\u00edticas. Tamb\u00e9m na vida da fam\u00edlia, a coisa n\u00e3o anda muito f\u00e1cil. A gente sabe, por exemplo, que o v\u00ednculo entre pais e filhos \u00e9 a base de todo o desenvolvimento infantil\u201d, completou.<\/p>\n\n\n\n<h2 class=\"wp-block-heading\">Programa\u00e7\u00e3o da tarde<\/h2>\n\n\n\n<p>Na parte da tarde, haver\u00e1 a palestra \u201cColinas 1.000 Dias para mudar uma vida inteira &#8211; Como nos tornamos uma cidade para as crian\u00e7as&#8221;, com Ana Jasper, do Comit\u00ea Intersetorial Pela Primeira Inf\u00e2ncia de Colinas. Ap\u00f3s, falar\u00e1 sobre a aten\u00e7\u00e3o \u00e0 Primeira Inf\u00e2ncia no RS \/ Desafios e Avan\u00e7os \u2013 Antonio Paulo Cargnin, do Comit\u00ea Estadual Intersetorial pela Primeira Inf\u00e2ncia.<\/p>\n\n\n\n<p>A secret\u00e1ria estadual de Sa\u00fade, Arita Bergmann, se faz presente no evento e realizar\u00e1 a entrega dos Selos da Rede Bem Cuidar aos munic\u00edpios das Regi\u00f5es 29 e 30 &#8211; Ciclo da Pessoa Idosa. Ap\u00f3s, ser\u00e1 inaugurada a Pra\u00e7a Naturalizada Iria Scheer, da Tremeca (APM Emei Pequeno Mundo) e da Rua de Brincar.<\/p>\n\n\n\n<p>Mais detalhes na edi\u00e7\u00e3o impressa da Folha Popular deste s\u00e1bado, 26 de agosto.<\/p>\n","protected":false},"excerpt":{"rendered":"<p>Colinas realiza, ao longo desta quinta-feira (24\/8), o 1\u00ba Semin\u00e1rio pela Primeira Inf\u00e2ncia. As atividades iniciaram \u00e0s 9h com a apresenta\u00e7\u00e3o do Coral Infanto, da Emef Ipiranga. Depois, seguiu com a categoria Kinder do Centro Cultural Morgenstern. Ap\u00f3s, houve a san\u00e7\u00e3o do Plano Municipal pela Primeira inf\u00e2ncia (PMPI), ades\u00e3o ao Pacto Nacional pela Primeira Inf\u00e2ncia [&hellip;]<\/p>\n","protected":false},"author":639,"featured_media":138469,"comment_status":"open","ping_status":"open","sticky":false,"template":"","format":"standard","meta":{"pmpro_default_level":"","_jetpack_memberships_contains_paid_content":false,"footnotes":""},"categories":[2,3],"tags":[12858,183,11955],"class_list":{"0":"post-138467","1":"post","2":"type-post","3":"status-publish","4":"format-standard","5":"has-post-thumbnail","7":"category-featured","8":"category-geral","9":"tag-1o-seminario-pela-primeira-infancia","10":"tag-colinas","11":"tag-primeira-infancia","12":"pmpro-has-access"},"yoast_head":"<!-- This site is optimized with the Yoast SEO plugin v27.5 - https:\/\/yoast.com\/product\/yoast-seo-wordpress\/ -->\n<title>&quot;Investir na 1\u00aa inf\u00e2ncia \u00e9 a melhor maneira de reduzir desigualdades&quot;, diz m\u00e9dico sanitarista Daniel Becker - Folha Popular<\/title>\n<meta name=\"robots\" content=\"index, follow, max-snippet:-1, max-image-preview:large, max-video-preview:-1\" \/>\n<link rel=\"canonical\" href=\"https:\/\/folhapopular.info\/index.php\/2023\/08\/24\/investir-na-1a-infancia-e-a-melhor-maneira-de-reduzir-desigualdades-diz-medico-sanitarista-daniel-becker\/\" \/>\n<meta property=\"og:locale\" content=\"pt_BR\" \/>\n<meta property=\"og:type\" content=\"article\" \/>\n<meta property=\"og:title\" content=\"&quot;Investir na 1\u00aa inf\u00e2ncia \u00e9 a melhor maneira de reduzir desigualdades&quot;, diz m\u00e9dico sanitarista Daniel Becker - Folha Popular\" \/>\n<meta property=\"og:description\" content=\"Colinas realiza, ao longo desta quinta-feira (24\/8), o 1\u00ba Semin\u00e1rio pela Primeira Inf\u00e2ncia. As atividades iniciaram \u00e0s 9h com a apresenta\u00e7\u00e3o do Coral Infanto, da Emef Ipiranga. Depois, seguiu com a categoria Kinder do Centro Cultural Morgenstern. Ap\u00f3s, houve a san\u00e7\u00e3o do Plano Municipal pela Primeira inf\u00e2ncia (PMPI), ades\u00e3o ao Pacto Nacional pela Primeira Inf\u00e2ncia [&hellip;]\" \/>\n<meta property=\"og:url\" content=\"https:\/\/folhapopular.info\/index.php\/2023\/08\/24\/investir-na-1a-infancia-e-a-melhor-maneira-de-reduzir-desigualdades-diz-medico-sanitarista-daniel-becker\/\" \/>\n<meta property=\"og:site_name\" content=\"Folha Popular\" \/>\n<meta property=\"article:published_time\" content=\"2023-08-24T17:30:19+00:00\" \/>\n<meta property=\"article:modified_time\" content=\"2023-08-24T17:30:33+00:00\" \/>\n<meta property=\"og:image\" content=\"http:\/\/folhapopular.info\/wp-content\/uploads\/2023\/08\/IMG_5829.png\" \/>\n\t<meta property=\"og:image:width\" content=\"1032\" \/>\n\t<meta property=\"og:image:height\" content=\"774\" \/>\n\t<meta property=\"og:image:type\" content=\"image\/png\" \/>\n<meta name=\"author\" content=\"Camille Lenz da Silva\" \/>\n<meta name=\"twitter:card\" content=\"summary_large_image\" \/>\n<meta name=\"twitter:label1\" content=\"Escrito por\" \/>\n\t<meta name=\"twitter:data1\" content=\"Camille Lenz da Silva\" \/>\n\t<meta name=\"twitter:label2\" content=\"Est. tempo de leitura\" \/>\n\t<meta name=\"twitter:data2\" content=\"4 minutos\" \/>\n<script type=\"application\/ld+json\" class=\"yoast-schema-graph\">{\"@context\":\"https:\\\/\\\/schema.org\",\"@graph\":[{\"@type\":\"Article\",\"@id\":\"https:\\\/\\\/folhapopular.info\\\/index.php\\\/2023\\\/08\\\/24\\\/investir-na-1a-infancia-e-a-melhor-maneira-de-reduzir-desigualdades-diz-medico-sanitarista-daniel-becker\\\/#article\",\"isPartOf\":{\"@id\":\"https:\\\/\\\/folhapopular.info\\\/index.php\\\/2023\\\/08\\\/24\\\/investir-na-1a-infancia-e-a-melhor-maneira-de-reduzir-desigualdades-diz-medico-sanitarista-daniel-becker\\\/\"},\"author\":{\"name\":\"Camille Lenz da Silva\",\"@id\":\"https:\\\/\\\/folhapopular.info\\\/#\\\/schema\\\/person\\\/f0b811f932ef2505faf473ffaef49df5\"},\"headline\":\"&#8220;Investir na 1\u00aa inf\u00e2ncia \u00e9 a melhor maneira de reduzir desigualdades&#8221;, diz m\u00e9dico sanitarista Daniel Becker\",\"datePublished\":\"2023-08-24T17:30:19+00:00\",\"dateModified\":\"2023-08-24T17:30:33+00:00\",\"mainEntityOfPage\":{\"@id\":\"https:\\\/\\\/folhapopular.info\\\/index.php\\\/2023\\\/08\\\/24\\\/investir-na-1a-infancia-e-a-melhor-maneira-de-reduzir-desigualdades-diz-medico-sanitarista-daniel-becker\\\/\"},\"wordCount\":756,\"commentCount\":0,\"image\":{\"@id\":\"https:\\\/\\\/folhapopular.info\\\/index.php\\\/2023\\\/08\\\/24\\\/investir-na-1a-infancia-e-a-melhor-maneira-de-reduzir-desigualdades-diz-medico-sanitarista-daniel-becker\\\/#primaryimage\"},\"thumbnailUrl\":\"https:\\\/\\\/folhapopular.info\\\/wp-content\\\/uploads\\\/2023\\\/08\\\/IMG_5829.png\",\"keywords\":[\"1\u00ba semin\u00e1rio pela primeira inf\u00e2ncia\",\"Colinas\",\"primeira inf\u00e2ncia\"],\"articleSection\":[\"Destaques\",\"Geral\"],\"inLanguage\":\"pt-BR\",\"potentialAction\":[{\"@type\":\"CommentAction\",\"name\":\"Comment\",\"target\":[\"https:\\\/\\\/folhapopular.info\\\/index.php\\\/2023\\\/08\\\/24\\\/investir-na-1a-infancia-e-a-melhor-maneira-de-reduzir-desigualdades-diz-medico-sanitarista-daniel-becker\\\/#respond\"]}]},{\"@type\":\"WebPage\",\"@id\":\"https:\\\/\\\/folhapopular.info\\\/index.php\\\/2023\\\/08\\\/24\\\/investir-na-1a-infancia-e-a-melhor-maneira-de-reduzir-desigualdades-diz-medico-sanitarista-daniel-becker\\\/\",\"url\":\"https:\\\/\\\/folhapopular.info\\\/index.php\\\/2023\\\/08\\\/24\\\/investir-na-1a-infancia-e-a-melhor-maneira-de-reduzir-desigualdades-diz-medico-sanitarista-daniel-becker\\\/\",\"name\":\"\\\"Investir na 1\u00aa inf\u00e2ncia \u00e9 a melhor maneira de reduzir desigualdades\\\", diz m\u00e9dico sanitarista Daniel Becker - Folha Popular\",\"isPartOf\":{\"@id\":\"https:\\\/\\\/folhapopular.info\\\/#website\"},\"primaryImageOfPage\":{\"@id\":\"https:\\\/\\\/folhapopular.info\\\/index.php\\\/2023\\\/08\\\/24\\\/investir-na-1a-infancia-e-a-melhor-maneira-de-reduzir-desigualdades-diz-medico-sanitarista-daniel-becker\\\/#primaryimage\"},\"image\":{\"@id\":\"https:\\\/\\\/folhapopular.info\\\/index.php\\\/2023\\\/08\\\/24\\\/investir-na-1a-infancia-e-a-melhor-maneira-de-reduzir-desigualdades-diz-medico-sanitarista-daniel-becker\\\/#primaryimage\"},\"thumbnailUrl\":\"https:\\\/\\\/folhapopular.info\\\/wp-content\\\/uploads\\\/2023\\\/08\\\/IMG_5829.png\",\"datePublished\":\"2023-08-24T17:30:19+00:00\",\"dateModified\":\"2023-08-24T17:30:33+00:00\",\"author\":{\"@id\":\"https:\\\/\\\/folhapopular.info\\\/#\\\/schema\\\/person\\\/f0b811f932ef2505faf473ffaef49df5\"},\"breadcrumb\":{\"@id\":\"https:\\\/\\\/folhapopular.info\\\/index.php\\\/2023\\\/08\\\/24\\\/investir-na-1a-infancia-e-a-melhor-maneira-de-reduzir-desigualdades-diz-medico-sanitarista-daniel-becker\\\/#breadcrumb\"},\"inLanguage\":\"pt-BR\",\"potentialAction\":[{\"@type\":\"ReadAction\",\"target\":[\"https:\\\/\\\/folhapopular.info\\\/index.php\\\/2023\\\/08\\\/24\\\/investir-na-1a-infancia-e-a-melhor-maneira-de-reduzir-desigualdades-diz-medico-sanitarista-daniel-becker\\\/\"]}]},{\"@type\":\"ImageObject\",\"inLanguage\":\"pt-BR\",\"@id\":\"https:\\\/\\\/folhapopular.info\\\/index.php\\\/2023\\\/08\\\/24\\\/investir-na-1a-infancia-e-a-melhor-maneira-de-reduzir-desigualdades-diz-medico-sanitarista-daniel-becker\\\/#primaryimage\",\"url\":\"https:\\\/\\\/folhapopular.info\\\/wp-content\\\/uploads\\\/2023\\\/08\\\/IMG_5829.png\",\"contentUrl\":\"https:\\\/\\\/folhapopular.info\\\/wp-content\\\/uploads\\\/2023\\\/08\\\/IMG_5829.png\",\"width\":1032,\"height\":774,\"caption\":\"Cr\u00e9dito: Camille Lenz da Silva\"},{\"@type\":\"BreadcrumbList\",\"@id\":\"https:\\\/\\\/folhapopular.info\\\/index.php\\\/2023\\\/08\\\/24\\\/investir-na-1a-infancia-e-a-melhor-maneira-de-reduzir-desigualdades-diz-medico-sanitarista-daniel-becker\\\/#breadcrumb\",\"itemListElement\":[{\"@type\":\"ListItem\",\"position\":1,\"name\":\"In\u00edcio\",\"item\":\"https:\\\/\\\/folhapopular.info\\\/\"},{\"@type\":\"ListItem\",\"position\":2,\"name\":\"&#8220;Investir na 1\u00aa inf\u00e2ncia \u00e9 a melhor maneira de reduzir desigualdades&#8221;, diz m\u00e9dico sanitarista Daniel Becker\"}]},{\"@type\":\"WebSite\",\"@id\":\"https:\\\/\\\/folhapopular.info\\\/#website\",\"url\":\"https:\\\/\\\/folhapopular.info\\\/\",\"name\":\"Folha Popular\",\"description\":\"Onde voc\u00ea tem vez e voz\",\"potentialAction\":[{\"@type\":\"SearchAction\",\"target\":{\"@type\":\"EntryPoint\",\"urlTemplate\":\"https:\\\/\\\/folhapopular.info\\\/?s={search_term_string}\"},\"query-input\":{\"@type\":\"PropertyValueSpecification\",\"valueRequired\":true,\"valueName\":\"search_term_string\"}}],\"inLanguage\":\"pt-BR\"},{\"@type\":\"Person\",\"@id\":\"https:\\\/\\\/folhapopular.info\\\/#\\\/schema\\\/person\\\/f0b811f932ef2505faf473ffaef49df5\",\"name\":\"Camille Lenz da Silva\",\"image\":{\"@type\":\"ImageObject\",\"inLanguage\":\"pt-BR\",\"@id\":\"https:\\\/\\\/secure.gravatar.com\\\/avatar\\\/50be826d73ca259ec0e0a88a407f5de800c576c46cfdc57e50ef28551e216fff?s=96&d=mm&r=g\",\"url\":\"https:\\\/\\\/secure.gravatar.com\\\/avatar\\\/50be826d73ca259ec0e0a88a407f5de800c576c46cfdc57e50ef28551e216fff?s=96&d=mm&r=g\",\"contentUrl\":\"https:\\\/\\\/secure.gravatar.com\\\/avatar\\\/50be826d73ca259ec0e0a88a407f5de800c576c46cfdc57e50ef28551e216fff?s=96&d=mm&r=g\",\"caption\":\"Camille Lenz da Silva\"},\"url\":\"https:\\\/\\\/folhapopular.info\\\/index.php\\\/author\\\/camillelenzgmail-com\\\/\"}]}<\/script>\n<!-- \/ Yoast SEO plugin. -->","yoast_head_json":{"title":"\"Investir na 1\u00aa inf\u00e2ncia \u00e9 a melhor maneira de reduzir desigualdades\", diz m\u00e9dico sanitarista Daniel Becker - Folha Popular","robots":{"index":"index","follow":"follow","max-snippet":"max-snippet:-1","max-image-preview":"max-image-preview:large","max-video-preview":"max-video-preview:-1"},"canonical":"https:\/\/folhapopular.info\/index.php\/2023\/08\/24\/investir-na-1a-infancia-e-a-melhor-maneira-de-reduzir-desigualdades-diz-medico-sanitarista-daniel-becker\/","og_locale":"pt_BR","og_type":"article","og_title":"\"Investir na 1\u00aa inf\u00e2ncia \u00e9 a melhor maneira de reduzir desigualdades\", diz m\u00e9dico sanitarista Daniel Becker - Folha Popular","og_description":"Colinas realiza, ao longo desta quinta-feira (24\/8), o 1\u00ba Semin\u00e1rio pela Primeira Inf\u00e2ncia. As atividades iniciaram \u00e0s 9h com a apresenta\u00e7\u00e3o do Coral Infanto, da Emef Ipiranga. Depois, seguiu com a categoria Kinder do Centro Cultural Morgenstern. Ap\u00f3s, houve a san\u00e7\u00e3o do Plano Municipal pela Primeira inf\u00e2ncia (PMPI), ades\u00e3o ao Pacto Nacional pela Primeira Inf\u00e2ncia [&hellip;]","og_url":"https:\/\/folhapopular.info\/index.php\/2023\/08\/24\/investir-na-1a-infancia-e-a-melhor-maneira-de-reduzir-desigualdades-diz-medico-sanitarista-daniel-becker\/","og_site_name":"Folha Popular","article_published_time":"2023-08-24T17:30:19+00:00","article_modified_time":"2023-08-24T17:30:33+00:00","og_image":[{"width":1032,"height":774,"url":"http:\/\/folhapopular.info\/wp-content\/uploads\/2023\/08\/IMG_5829.png","type":"image\/png"}],"author":"Camille Lenz da Silva","twitter_card":"summary_large_image","twitter_misc":{"Escrito por":"Camille Lenz da Silva","Est. tempo de leitura":"4 minutos"},"schema":{"@context":"https:\/\/schema.org","@graph":[{"@type":"Article","@id":"https:\/\/folhapopular.info\/index.php\/2023\/08\/24\/investir-na-1a-infancia-e-a-melhor-maneira-de-reduzir-desigualdades-diz-medico-sanitarista-daniel-becker\/#article","isPartOf":{"@id":"https:\/\/folhapopular.info\/index.php\/2023\/08\/24\/investir-na-1a-infancia-e-a-melhor-maneira-de-reduzir-desigualdades-diz-medico-sanitarista-daniel-becker\/"},"author":{"name":"Camille Lenz da Silva","@id":"https:\/\/folhapopular.info\/#\/schema\/person\/f0b811f932ef2505faf473ffaef49df5"},"headline":"&#8220;Investir na 1\u00aa inf\u00e2ncia \u00e9 a melhor maneira de reduzir desigualdades&#8221;, diz m\u00e9dico sanitarista Daniel Becker","datePublished":"2023-08-24T17:30:19+00:00","dateModified":"2023-08-24T17:30:33+00:00","mainEntityOfPage":{"@id":"https:\/\/folhapopular.info\/index.php\/2023\/08\/24\/investir-na-1a-infancia-e-a-melhor-maneira-de-reduzir-desigualdades-diz-medico-sanitarista-daniel-becker\/"},"wordCount":756,"commentCount":0,"image":{"@id":"https:\/\/folhapopular.info\/index.php\/2023\/08\/24\/investir-na-1a-infancia-e-a-melhor-maneira-de-reduzir-desigualdades-diz-medico-sanitarista-daniel-becker\/#primaryimage"},"thumbnailUrl":"https:\/\/folhapopular.info\/wp-content\/uploads\/2023\/08\/IMG_5829.png","keywords":["1\u00ba semin\u00e1rio pela primeira inf\u00e2ncia","Colinas","primeira inf\u00e2ncia"],"articleSection":["Destaques","Geral"],"inLanguage":"pt-BR","potentialAction":[{"@type":"CommentAction","name":"Comment","target":["https:\/\/folhapopular.info\/index.php\/2023\/08\/24\/investir-na-1a-infancia-e-a-melhor-maneira-de-reduzir-desigualdades-diz-medico-sanitarista-daniel-becker\/#respond"]}]},{"@type":"WebPage","@id":"https:\/\/folhapopular.info\/index.php\/2023\/08\/24\/investir-na-1a-infancia-e-a-melhor-maneira-de-reduzir-desigualdades-diz-medico-sanitarista-daniel-becker\/","url":"https:\/\/folhapopular.info\/index.php\/2023\/08\/24\/investir-na-1a-infancia-e-a-melhor-maneira-de-reduzir-desigualdades-diz-medico-sanitarista-daniel-becker\/","name":"\"Investir na 1\u00aa inf\u00e2ncia \u00e9 a melhor maneira de reduzir desigualdades\", diz m\u00e9dico sanitarista Daniel Becker - Folha Popular","isPartOf":{"@id":"https:\/\/folhapopular.info\/#website"},"primaryImageOfPage":{"@id":"https:\/\/folhapopular.info\/index.php\/2023\/08\/24\/investir-na-1a-infancia-e-a-melhor-maneira-de-reduzir-desigualdades-diz-medico-sanitarista-daniel-becker\/#primaryimage"},"image":{"@id":"https:\/\/folhapopular.info\/index.php\/2023\/08\/24\/investir-na-1a-infancia-e-a-melhor-maneira-de-reduzir-desigualdades-diz-medico-sanitarista-daniel-becker\/#primaryimage"},"thumbnailUrl":"https:\/\/folhapopular.info\/wp-content\/uploads\/2023\/08\/IMG_5829.png","datePublished":"2023-08-24T17:30:19+00:00","dateModified":"2023-08-24T17:30:33+00:00","author":{"@id":"https:\/\/folhapopular.info\/#\/schema\/person\/f0b811f932ef2505faf473ffaef49df5"},"breadcrumb":{"@id":"https:\/\/folhapopular.info\/index.php\/2023\/08\/24\/investir-na-1a-infancia-e-a-melhor-maneira-de-reduzir-desigualdades-diz-medico-sanitarista-daniel-becker\/#breadcrumb"},"inLanguage":"pt-BR","potentialAction":[{"@type":"ReadAction","target":["https:\/\/folhapopular.info\/index.php\/2023\/08\/24\/investir-na-1a-infancia-e-a-melhor-maneira-de-reduzir-desigualdades-diz-medico-sanitarista-daniel-becker\/"]}]},{"@type":"ImageObject","inLanguage":"pt-BR","@id":"https:\/\/folhapopular.info\/index.php\/2023\/08\/24\/investir-na-1a-infancia-e-a-melhor-maneira-de-reduzir-desigualdades-diz-medico-sanitarista-daniel-becker\/#primaryimage","url":"https:\/\/folhapopular.info\/wp-content\/uploads\/2023\/08\/IMG_5829.png","contentUrl":"https:\/\/folhapopular.info\/wp-content\/uploads\/2023\/08\/IMG_5829.png","width":1032,"height":774,"caption":"Cr\u00e9dito: Camille Lenz da Silva"},{"@type":"BreadcrumbList","@id":"https:\/\/folhapopular.info\/index.php\/2023\/08\/24\/investir-na-1a-infancia-e-a-melhor-maneira-de-reduzir-desigualdades-diz-medico-sanitarista-daniel-becker\/#breadcrumb","itemListElement":[{"@type":"ListItem","position":1,"name":"In\u00edcio","item":"https:\/\/folhapopular.info\/"},{"@type":"ListItem","position":2,"name":"&#8220;Investir na 1\u00aa inf\u00e2ncia \u00e9 a melhor maneira de reduzir desigualdades&#8221;, diz m\u00e9dico sanitarista Daniel Becker"}]},{"@type":"WebSite","@id":"https:\/\/folhapopular.info\/#website","url":"https:\/\/folhapopular.info\/","name":"Folha Popular","description":"Onde voc\u00ea tem vez e voz","potentialAction":[{"@type":"SearchAction","target":{"@type":"EntryPoint","urlTemplate":"https:\/\/folhapopular.info\/?s={search_term_string}"},"query-input":{"@type":"PropertyValueSpecification","valueRequired":true,"valueName":"search_term_string"}}],"inLanguage":"pt-BR"},{"@type":"Person","@id":"https:\/\/folhapopular.info\/#\/schema\/person\/f0b811f932ef2505faf473ffaef49df5","name":"Camille Lenz da Silva","image":{"@type":"ImageObject","inLanguage":"pt-BR","@id":"https:\/\/secure.gravatar.com\/avatar\/50be826d73ca259ec0e0a88a407f5de800c576c46cfdc57e50ef28551e216fff?s=96&d=mm&r=g","url":"https:\/\/secure.gravatar.com\/avatar\/50be826d73ca259ec0e0a88a407f5de800c576c46cfdc57e50ef28551e216fff?s=96&d=mm&r=g","contentUrl":"https:\/\/secure.gravatar.com\/avatar\/50be826d73ca259ec0e0a88a407f5de800c576c46cfdc57e50ef28551e216fff?s=96&d=mm&r=g","caption":"Camille Lenz da Silva"},"url":"https:\/\/folhapopular.info\/index.php\/author\/camillelenzgmail-com\/"}]}},"jetpack_featured_media_url":"https:\/\/folhapopular.info\/wp-content\/uploads\/2023\/08\/IMG_5829.png","jetpack_sharing_enabled":true,"amp_enabled":true,"_links":{"self":[{"href":"https:\/\/folhapopular.info\/index.php\/wp-json\/wp\/v2\/posts\/138467","targetHints":{"allow":["GET"]}}],"collection":[{"href":"https:\/\/folhapopular.info\/index.php\/wp-json\/wp\/v2\/posts"}],"about":[{"href":"https:\/\/folhapopular.info\/index.php\/wp-json\/wp\/v2\/types\/post"}],"author":[{"embeddable":true,"href":"https:\/\/folhapopular.info\/index.php\/wp-json\/wp\/v2\/users\/639"}],"replies":[{"embeddable":true,"href":"https:\/\/folhapopular.info\/index.php\/wp-json\/wp\/v2\/comments?post=138467"}],"version-history":[{"count":0,"href":"https:\/\/folhapopular.info\/index.php\/wp-json\/wp\/v2\/posts\/138467\/revisions"}],"wp:featuredmedia":[{"embeddable":true,"href":"https:\/\/folhapopular.info\/index.php\/wp-json\/wp\/v2\/media\/138469"}],"wp:attachment":[{"href":"https:\/\/folhapopular.info\/index.php\/wp-json\/wp\/v2\/media?parent=138467"}],"wp:term":[{"taxonomy":"category","embeddable":true,"href":"https:\/\/folhapopular.info\/index.php\/wp-json\/wp\/v2\/categories?post=138467"},{"taxonomy":"post_tag","embeddable":true,"href":"https:\/\/folhapopular.info\/index.php\/wp-json\/wp\/v2\/tags?post=138467"}],"curies":[{"name":"wp","href":"https:\/\/api.w.org\/{rel}","templated":true}]}}