{"id":138526,"date":"2023-08-26T00:44:00","date_gmt":"2023-08-26T03:44:00","guid":{"rendered":"https:\/\/folhapopular.info\/?p=138526"},"modified":"2023-08-26T00:44:04","modified_gmt":"2023-08-26T03:44:04","slug":"aberto-de-futsal-de-imigrante-conheceu-os-campeoes","status":"publish","type":"post","link":"https:\/\/folhapopular.info\/index.php\/2023\/08\/26\/aberto-de-futsal-de-imigrante-conheceu-os-campeoes\/","title":{"rendered":"Aberto de Futsal de Imigrante conheceu os campe\u00f5es"},"content":{"rendered":"\n<p>Um grande p\u00fablico compareceu ao gin\u00e1sio municipal de esportes de Imigrante na noite desta sexta-feira (25\/8) para acompanhar as finais das quatro categorias do 1\u00ba Abert\u00e3o de Futsal &#8211; Copa Estaleiro \/ Cardoso Sports.<\/p>\n\n\n\n<p>Na categoria Veterano, Segue o L\u00edder\/Imigrante conquistou o t\u00edtulo com vit\u00f3ria no tempo regulamentar por 4 a 1 sobre o Amigos do Gemeii. Na sequ\u00eancia, Sangue Frio faturou o t\u00edtulo da categoria Sub-21 com vit\u00f3ria nos p\u00eanaltis por 4 a 2 sobre o Brocadores &#8211; ap\u00f3s empate em 3 a 3 no tempo normal.<\/p>\n\n\n\n<p>O terceiro grito de &#8220;campe\u00e3o&#8221; foi das mulheres: a equipe Malaguetas venceu a partida diante do Abala de virada por 4 a 2 e levantou o trof\u00e9u. E pela categoria For\u00e7a Livre Masculino, um duelo de Sangue Frio, com t\u00edtulo para a equipe Sangue Frio A ap\u00f3s vencer o Sangue Frio B por 4 a 2.<\/p>\n\n\n\n<h2 class=\"wp-block-heading\"><strong>Final no Veterano<\/strong><\/h2>\n\n\n\n<p>O primeiro jogo da noite registrou a final da categoria Veterano, entre Amigos do Gemeii e Segue o L\u00edder\/Imigrante. Christian Carniel fez a diferen\u00e7a nos primeiros minutos a favor do Segue o L\u00edder. O piv\u00f4 deu assist\u00eancia para o gol de Borghetti, jogados 2min50seg: 1 a 0. Com 7min28, Carniel girou sobre a marca\u00e7\u00e3o e chutou forte para fazer 2 a 0 para o Segue o L\u00edder.<\/p>\n\n\n\n<p>No segundo tempo, jogados 9min, Nero desperdi\u00e7ou grande chance de fazer o terceiro gol; ele chutou para fora com o gol vazio ap\u00f3s nova assist\u00eancia de Christian Carniel. Restando 5min27, Ronaldo fez o gol de desconto para o Gemeii, ap\u00f3s jogada de goleiro linha. Logo depois, Christian Carniel fez 3 a 1; tocou para o gol vazio ap\u00f3s erro do Gemeii. Restando 1min04, o goleiro Fred defendeu ataque do Gemeii e chutou para o gol vazio para ampliar: 4 a 1 para o Segue o L\u00edder.<\/p>\n\n\n\n<div class=\"wp-block-jetpack-slideshow aligncenter\" data-effect=\"slide\"><div class=\"wp-block-jetpack-slideshow_container swiper-container\"><ul class=\"wp-block-jetpack-slideshow_swiper-wrapper swiper-wrapper\"><li class=\"wp-block-jetpack-slideshow_slide swiper-slide\"><figure><img loading=\"lazy\" decoding=\"async\" width=\"1024\" height=\"768\" alt=\"\" class=\"wp-block-jetpack-slideshow_image wp-image-138539\" data-id=\"138539\" src=\"https:\/\/folhapopular.info\/wp-content\/uploads\/2023\/08\/WhatsApp-Image-2023-08-25-at-21.22.29-1024x768.jpeg\" srcset=\"https:\/\/folhapopular.info\/wp-content\/uploads\/2023\/08\/WhatsApp-Image-2023-08-25-at-21.22.29-1024x768.jpeg 1024w, https:\/\/folhapopular.info\/wp-content\/uploads\/2023\/08\/WhatsApp-Image-2023-08-25-at-21.22.29-300x225.jpeg 300w, https:\/\/folhapopular.info\/wp-content\/uploads\/2023\/08\/WhatsApp-Image-2023-08-25-at-21.22.29-768x576.jpeg 768w, https:\/\/folhapopular.info\/wp-content\/uploads\/2023\/08\/WhatsApp-Image-2023-08-25-at-21.22.29-1536x1152.jpeg 1536w, https:\/\/folhapopular.info\/wp-content\/uploads\/2023\/08\/WhatsApp-Image-2023-08-25-at-21.22.29-696x522.jpeg 696w, https:\/\/folhapopular.info\/wp-content\/uploads\/2023\/08\/WhatsApp-Image-2023-08-25-at-21.22.29-1068x801.jpeg 1068w, https:\/\/folhapopular.info\/wp-content\/uploads\/2023\/08\/WhatsApp-Image-2023-08-25-at-21.22.29.jpeg 1600w\" sizes=\"(max-width: 1024px) 100vw, 1024px\" \/><figcaption class=\"wp-block-jetpack-slideshow_caption gallery-caption\">Segue o L\u00edder &#8211; campe\u00e3o no Veterano  \/\/ Cr\u00e9dito: Divulga\u00e7\u00e3o<\/figcaption><\/figure><\/li><li class=\"wp-block-jetpack-slideshow_slide swiper-slide\"><figure><img loading=\"lazy\" decoding=\"async\" width=\"1024\" height=\"768\" alt=\"\" class=\"wp-block-jetpack-slideshow_image wp-image-138538\" data-id=\"138538\" src=\"https:\/\/folhapopular.info\/wp-content\/uploads\/2023\/08\/WhatsApp-Image-2023-08-25-at-21.22.29-2-1024x768.jpeg\" srcset=\"https:\/\/folhapopular.info\/wp-content\/uploads\/2023\/08\/WhatsApp-Image-2023-08-25-at-21.22.29-2-1024x768.jpeg 1024w, https:\/\/folhapopular.info\/wp-content\/uploads\/2023\/08\/WhatsApp-Image-2023-08-25-at-21.22.29-2-300x225.jpeg 300w, https:\/\/folhapopular.info\/wp-content\/uploads\/2023\/08\/WhatsApp-Image-2023-08-25-at-21.22.29-2-768x576.jpeg 768w, https:\/\/folhapopular.info\/wp-content\/uploads\/2023\/08\/WhatsApp-Image-2023-08-25-at-21.22.29-2-1536x1152.jpeg 1536w, https:\/\/folhapopular.info\/wp-content\/uploads\/2023\/08\/WhatsApp-Image-2023-08-25-at-21.22.29-2-696x522.jpeg 696w, https:\/\/folhapopular.info\/wp-content\/uploads\/2023\/08\/WhatsApp-Image-2023-08-25-at-21.22.29-2-1068x801.jpeg 1068w, https:\/\/folhapopular.info\/wp-content\/uploads\/2023\/08\/WhatsApp-Image-2023-08-25-at-21.22.29-2.jpeg 1600w\" sizes=\"(max-width: 1024px) 100vw, 1024px\" \/><figcaption class=\"wp-block-jetpack-slideshow_caption gallery-caption\">Amigos do Gemeii &#8211; vice-campe\u00e3o Veterano \/\/ Cr\u00e9dito: Divulga\u00e7\u00e3o<\/figcaption><\/figure><\/li><li class=\"wp-block-jetpack-slideshow_slide swiper-slide\"><figure><img loading=\"lazy\" decoding=\"async\" width=\"1024\" height=\"707\" alt=\"\" class=\"wp-block-jetpack-slideshow_image wp-image-138530\" data-id=\"138530\" src=\"https:\/\/folhapopular.info\/wp-content\/uploads\/2023\/08\/WhatsApp-Image-2023-08-25-at-20.17.58-e1693007010647-1024x707.jpeg\" srcset=\"https:\/\/folhapopular.info\/wp-content\/uploads\/2023\/08\/WhatsApp-Image-2023-08-25-at-20.17.58-e1693007010647-1024x707.jpeg 1024w, https:\/\/folhapopular.info\/wp-content\/uploads\/2023\/08\/WhatsApp-Image-2023-08-25-at-20.17.58-e1693007010647-300x207.jpeg 300w, https:\/\/folhapopular.info\/wp-content\/uploads\/2023\/08\/WhatsApp-Image-2023-08-25-at-20.17.58-e1693007010647-768x530.jpeg 768w, https:\/\/folhapopular.info\/wp-content\/uploads\/2023\/08\/WhatsApp-Image-2023-08-25-at-20.17.58-e1693007010647-218x150.jpeg 218w, https:\/\/folhapopular.info\/wp-content\/uploads\/2023\/08\/WhatsApp-Image-2023-08-25-at-20.17.58-e1693007010647-696x480.jpeg 696w, https:\/\/folhapopular.info\/wp-content\/uploads\/2023\/08\/WhatsApp-Image-2023-08-25-at-20.17.58-e1693007010647-1068x737.jpeg 1068w, https:\/\/folhapopular.info\/wp-content\/uploads\/2023\/08\/WhatsApp-Image-2023-08-25-at-20.17.58-e1693007010647.jpeg 1200w\" sizes=\"(max-width: 1024px) 100vw, 1024px\" \/><figcaption class=\"wp-block-jetpack-slideshow_caption gallery-caption\">Segue o L\u00edder (azul escuro) venceu o Amigos do Gemeii (amarelo) \/\/ Cr\u00e9dito: Bianca Let\u00edcia Fritscher \/ Especial FP<\/figcaption><\/figure><\/li><li class=\"wp-block-jetpack-slideshow_slide swiper-slide\"><figure><img loading=\"lazy\" decoding=\"async\" width=\"1024\" height=\"504\" alt=\"\" class=\"wp-block-jetpack-slideshow_image wp-image-138529\" data-id=\"138529\" src=\"https:\/\/folhapopular.info\/wp-content\/uploads\/2023\/08\/WhatsApp-Image-2023-08-25-at-20.17.58-2-e1693007126854-1024x504.jpeg\" srcset=\"https:\/\/folhapopular.info\/wp-content\/uploads\/2023\/08\/WhatsApp-Image-2023-08-25-at-20.17.58-2-e1693007126854-1024x504.jpeg 1024w, https:\/\/folhapopular.info\/wp-content\/uploads\/2023\/08\/WhatsApp-Image-2023-08-25-at-20.17.58-2-e1693007126854-300x148.jpeg 300w, https:\/\/folhapopular.info\/wp-content\/uploads\/2023\/08\/WhatsApp-Image-2023-08-25-at-20.17.58-2-e1693007126854-768x378.jpeg 768w, https:\/\/folhapopular.info\/wp-content\/uploads\/2023\/08\/WhatsApp-Image-2023-08-25-at-20.17.58-2-e1693007126854-696x343.jpeg 696w, https:\/\/folhapopular.info\/wp-content\/uploads\/2023\/08\/WhatsApp-Image-2023-08-25-at-20.17.58-2-e1693007126854.jpeg 1032w\" sizes=\"(max-width: 1024px) 100vw, 1024px\" \/><figcaption class=\"wp-block-jetpack-slideshow_caption gallery-caption\">Segue o L\u00edder (azul escuro) venceu o Amigos do Gemeii (amarelo) \/\/ Cr\u00e9dito: Bianca Let\u00edcia Fritscher \/ Especial FP<\/figcaption><\/figure><\/li><li class=\"wp-block-jetpack-slideshow_slide swiper-slide\"><figure><img loading=\"lazy\" decoding=\"async\" width=\"1024\" height=\"768\" alt=\"\" class=\"wp-block-jetpack-slideshow_image wp-image-138528\" data-id=\"138528\" src=\"https:\/\/folhapopular.info\/wp-content\/uploads\/2023\/08\/WhatsApp-Image-2023-08-25-at-20.03.51-1024x768.jpeg\" srcset=\"https:\/\/folhapopular.info\/wp-content\/uploads\/2023\/08\/WhatsApp-Image-2023-08-25-at-20.03.51-1024x768.jpeg 1024w, https:\/\/folhapopular.info\/wp-content\/uploads\/2023\/08\/WhatsApp-Image-2023-08-25-at-20.03.51-300x225.jpeg 300w, https:\/\/folhapopular.info\/wp-content\/uploads\/2023\/08\/WhatsApp-Image-2023-08-25-at-20.03.51-768x576.jpeg 768w, https:\/\/folhapopular.info\/wp-content\/uploads\/2023\/08\/WhatsApp-Image-2023-08-25-at-20.03.51-1536x1152.jpeg 1536w, https:\/\/folhapopular.info\/wp-content\/uploads\/2023\/08\/WhatsApp-Image-2023-08-25-at-20.03.51-696x522.jpeg 696w, https:\/\/folhapopular.info\/wp-content\/uploads\/2023\/08\/WhatsApp-Image-2023-08-25-at-20.03.51-1068x801.jpeg 1068w, https:\/\/folhapopular.info\/wp-content\/uploads\/2023\/08\/WhatsApp-Image-2023-08-25-at-20.03.51.jpeg 1600w\" sizes=\"(max-width: 1024px) 100vw, 1024px\" \/><figcaption class=\"wp-block-jetpack-slideshow_caption gallery-caption\">Amigos do Gemeii \/\/ Cr\u00e9dito: Bianca Let\u00edcia Fritscher \/ Especial FP<\/figcaption><\/figure><\/li><li class=\"wp-block-jetpack-slideshow_slide swiper-slide\"><figure><img loading=\"lazy\" decoding=\"async\" width=\"1024\" height=\"768\" alt=\"\" class=\"wp-block-jetpack-slideshow_image wp-image-138527\" data-id=\"138527\" src=\"https:\/\/folhapopular.info\/wp-content\/uploads\/2023\/08\/WhatsApp-Image-2023-08-25-at-20.03.52-1024x768.jpeg\" srcset=\"https:\/\/folhapopular.info\/wp-content\/uploads\/2023\/08\/WhatsApp-Image-2023-08-25-at-20.03.52-1024x768.jpeg 1024w, https:\/\/folhapopular.info\/wp-content\/uploads\/2023\/08\/WhatsApp-Image-2023-08-25-at-20.03.52-300x225.jpeg 300w, https:\/\/folhapopular.info\/wp-content\/uploads\/2023\/08\/WhatsApp-Image-2023-08-25-at-20.03.52-768x576.jpeg 768w, https:\/\/folhapopular.info\/wp-content\/uploads\/2023\/08\/WhatsApp-Image-2023-08-25-at-20.03.52-1536x1152.jpeg 1536w, https:\/\/folhapopular.info\/wp-content\/uploads\/2023\/08\/WhatsApp-Image-2023-08-25-at-20.03.52-696x522.jpeg 696w, https:\/\/folhapopular.info\/wp-content\/uploads\/2023\/08\/WhatsApp-Image-2023-08-25-at-20.03.52-1068x801.jpeg 1068w, https:\/\/folhapopular.info\/wp-content\/uploads\/2023\/08\/WhatsApp-Image-2023-08-25-at-20.03.52.jpeg 1600w\" sizes=\"(max-width: 1024px) 100vw, 1024px\" \/><figcaption class=\"wp-block-jetpack-slideshow_caption gallery-caption\">Segue o L\u00edder \/ Imigrante \/\/ Cr\u00e9dito: Bianca Let\u00edcia Fritscher \/ Especial FP<\/figcaption><\/figure><\/li><li class=\"wp-block-jetpack-slideshow_slide swiper-slide\"><figure><img loading=\"lazy\" decoding=\"async\" width=\"1024\" height=\"768\" alt=\"\" class=\"wp-block-jetpack-slideshow_image wp-image-138537\" data-id=\"138537\" src=\"https:\/\/folhapopular.info\/wp-content\/uploads\/2023\/08\/WhatsApp-Image-2023-08-25-at-21.22.30-1024x768.jpeg\" srcset=\"https:\/\/folhapopular.info\/wp-content\/uploads\/2023\/08\/WhatsApp-Image-2023-08-25-at-21.22.30-1024x768.jpeg 1024w, https:\/\/folhapopular.info\/wp-content\/uploads\/2023\/08\/WhatsApp-Image-2023-08-25-at-21.22.30-300x225.jpeg 300w, https:\/\/folhapopular.info\/wp-content\/uploads\/2023\/08\/WhatsApp-Image-2023-08-25-at-21.22.30-768x576.jpeg 768w, https:\/\/folhapopular.info\/wp-content\/uploads\/2023\/08\/WhatsApp-Image-2023-08-25-at-21.22.30-1536x1152.jpeg 1536w, https:\/\/folhapopular.info\/wp-content\/uploads\/2023\/08\/WhatsApp-Image-2023-08-25-at-21.22.30-696x522.jpeg 696w, https:\/\/folhapopular.info\/wp-content\/uploads\/2023\/08\/WhatsApp-Image-2023-08-25-at-21.22.30-1068x801.jpeg 1068w, https:\/\/folhapopular.info\/wp-content\/uploads\/2023\/08\/WhatsApp-Image-2023-08-25-at-21.22.30.jpeg 1600w\" sizes=\"(max-width: 1024px) 100vw, 1024px\" \/><figcaption class=\"wp-block-jetpack-slideshow_caption gallery-caption\">Tille &#8211; goleador Veterano \/\/ Cr\u00e9dito: Divulga\u00e7\u00e3o<\/figcaption><\/figure><\/li><li class=\"wp-block-jetpack-slideshow_slide swiper-slide\"><figure><img loading=\"lazy\" decoding=\"async\" width=\"1024\" height=\"768\" alt=\"\" class=\"wp-block-jetpack-slideshow_image wp-image-138536\" data-id=\"138536\" src=\"https:\/\/folhapopular.info\/wp-content\/uploads\/2023\/08\/WhatsApp-Image-2023-08-25-at-21.22.28-1024x768.jpeg\" srcset=\"https:\/\/folhapopular.info\/wp-content\/uploads\/2023\/08\/WhatsApp-Image-2023-08-25-at-21.22.28-1024x768.jpeg 1024w, https:\/\/folhapopular.info\/wp-content\/uploads\/2023\/08\/WhatsApp-Image-2023-08-25-at-21.22.28-300x225.jpeg 300w, https:\/\/folhapopular.info\/wp-content\/uploads\/2023\/08\/WhatsApp-Image-2023-08-25-at-21.22.28-768x576.jpeg 768w, https:\/\/folhapopular.info\/wp-content\/uploads\/2023\/08\/WhatsApp-Image-2023-08-25-at-21.22.28-1536x1152.jpeg 1536w, https:\/\/folhapopular.info\/wp-content\/uploads\/2023\/08\/WhatsApp-Image-2023-08-25-at-21.22.28-696x522.jpeg 696w, https:\/\/folhapopular.info\/wp-content\/uploads\/2023\/08\/WhatsApp-Image-2023-08-25-at-21.22.28-1068x801.jpeg 1068w, https:\/\/folhapopular.info\/wp-content\/uploads\/2023\/08\/WhatsApp-Image-2023-08-25-at-21.22.28.jpeg 1600w\" sizes=\"(max-width: 1024px) 100vw, 1024px\" \/><figcaption class=\"wp-block-jetpack-slideshow_caption gallery-caption\">Fredi &#8211; goleiro menos vazado do Veterano \/\/ Cr\u00e9dito: Divulga\u00e7\u00e3o<\/figcaption><\/figure><\/li><li class=\"wp-block-jetpack-slideshow_slide swiper-slide\"><figure><img loading=\"lazy\" decoding=\"async\" width=\"768\" height=\"1024\" alt=\"\" class=\"wp-block-jetpack-slideshow_image wp-image-138532\" data-id=\"138532\" src=\"https:\/\/folhapopular.info\/wp-content\/uploads\/2023\/08\/WhatsApp-Image-2023-08-25-at-21.17.40-768x1024.jpeg\" srcset=\"https:\/\/folhapopular.info\/wp-content\/uploads\/2023\/08\/WhatsApp-Image-2023-08-25-at-21.17.40-768x1024.jpeg 768w, https:\/\/folhapopular.info\/wp-content\/uploads\/2023\/08\/WhatsApp-Image-2023-08-25-at-21.17.40-225x300.jpeg 225w, https:\/\/folhapopular.info\/wp-content\/uploads\/2023\/08\/WhatsApp-Image-2023-08-25-at-21.17.40-1152x1536.jpeg 1152w, https:\/\/folhapopular.info\/wp-content\/uploads\/2023\/08\/WhatsApp-Image-2023-08-25-at-21.17.40-696x928.jpeg 696w, https:\/\/folhapopular.info\/wp-content\/uploads\/2023\/08\/WhatsApp-Image-2023-08-25-at-21.17.40-1068x1424.jpeg 1068w, https:\/\/folhapopular.info\/wp-content\/uploads\/2023\/08\/WhatsApp-Image-2023-08-25-at-21.17.40.jpeg 1200w\" sizes=\"(max-width: 768px) 100vw, 768px\" \/><figcaption class=\"wp-block-jetpack-slideshow_caption gallery-caption\">Fredi, goleiro do Segue o L\u00edder, foi o craque da final \/\/ Cr\u00e9dito: Bianca Let\u00edcia Fritscher \/ Especial FP<\/figcaption><\/figure><\/li><\/ul><a class=\"wp-block-jetpack-slideshow_button-prev swiper-button-prev swiper-button-white\" role=\"button\"><\/a><a class=\"wp-block-jetpack-slideshow_button-next swiper-button-next swiper-button-white\" role=\"button\"><\/a><a aria-label=\"Pause Slideshow\" class=\"wp-block-jetpack-slideshow_button-pause\" role=\"button\"><\/a><div class=\"wp-block-jetpack-slideshow_pagination swiper-pagination swiper-pagination-white\"><\/div><\/div><\/div>\n\n\n\n<h2 class=\"wp-block-heading\"><strong>Final do Sub-21<\/strong><\/h2>\n\n\n\n<p>A segunda partida da noite teve a final da categoria Sub-21. O primeiro tempo come\u00e7ou disputado e com as equipes do Sangue Frio e do Brocadores procurando o gol sem sucesso nos minutos iniciais. Nos minutos finais da primeira etapa, ambos perderam chances incr\u00edveis e o placar ficou zerado.<\/p>\n\n\n\n<p>No segundo tempo, ap\u00f3s novos desperd\u00edcios, Bebeinho abriu o escore para o Sangue Frio, com 8min de jogo. Teteu empatou para o Brocadores aos 10min: 1 a 1. Com 14min, Cris das Dores virou o marcador para o Brocadores ap\u00f3s grande passe de Teteu: 2 a 1 para o Brocadores. O Sangue Frio empatou em 2 a 2 ap\u00f3s troca de passes e gol de Bebeinho, ap\u00f3s sa\u00edda errada do Brocadores. Restando 2min33, Teteu fez um gola\u00e7o para recolocar o Brocadores na frente: 3 a 2. Faltando 16seg, p\u00eanalti marcado para o Sangue Frio &#8211; Bebeinho cobrou e empatou em 3 a 3. A disputa foi para os p\u00eanaltis. O goleiro Lucas (Sangue Frio) pegou dois p\u00eanaltis e o Sangue Frio foi campe\u00e3o com vit\u00f3ria por 4 a 2.<\/p>\n\n\n\n<div class=\"wp-block-jetpack-slideshow aligncenter\" data-effect=\"slide\"><div class=\"wp-block-jetpack-slideshow_container swiper-container\"><ul class=\"wp-block-jetpack-slideshow_swiper-wrapper swiper-wrapper\"><li class=\"wp-block-jetpack-slideshow_slide swiper-slide\"><figure><img loading=\"lazy\" decoding=\"async\" width=\"1024\" height=\"768\" alt=\"\" class=\"wp-block-jetpack-slideshow_image wp-image-138546\" data-id=\"138546\" src=\"https:\/\/folhapopular.info\/wp-content\/uploads\/2023\/08\/WhatsApp-Image-2023-08-25-at-22.29.05-1024x768.jpeg\" srcset=\"https:\/\/folhapopular.info\/wp-content\/uploads\/2023\/08\/WhatsApp-Image-2023-08-25-at-22.29.05-1024x768.jpeg 1024w, https:\/\/folhapopular.info\/wp-content\/uploads\/2023\/08\/WhatsApp-Image-2023-08-25-at-22.29.05-300x225.jpeg 300w, https:\/\/folhapopular.info\/wp-content\/uploads\/2023\/08\/WhatsApp-Image-2023-08-25-at-22.29.05-768x576.jpeg 768w, https:\/\/folhapopular.info\/wp-content\/uploads\/2023\/08\/WhatsApp-Image-2023-08-25-at-22.29.05-1536x1152.jpeg 1536w, https:\/\/folhapopular.info\/wp-content\/uploads\/2023\/08\/WhatsApp-Image-2023-08-25-at-22.29.05-696x522.jpeg 696w, https:\/\/folhapopular.info\/wp-content\/uploads\/2023\/08\/WhatsApp-Image-2023-08-25-at-22.29.05-1068x801.jpeg 1068w, https:\/\/folhapopular.info\/wp-content\/uploads\/2023\/08\/WhatsApp-Image-2023-08-25-at-22.29.05.jpeg 1600w\" sizes=\"(max-width: 1024px) 100vw, 1024px\" \/><figcaption class=\"wp-block-jetpack-slideshow_caption gallery-caption\">Sangue Frio foi campe\u00e3o do Sub-21 \/\/ Cr\u00e9dito: Divulga\u00e7\u00e3o<\/figcaption><\/figure><\/li><li class=\"wp-block-jetpack-slideshow_slide swiper-slide\"><figure><img loading=\"lazy\" decoding=\"async\" width=\"1024\" height=\"768\" alt=\"\" class=\"wp-block-jetpack-slideshow_image wp-image-138545\" data-id=\"138545\" src=\"https:\/\/folhapopular.info\/wp-content\/uploads\/2023\/08\/WhatsApp-Image-2023-08-25-at-22.29.05-2-1024x768.jpeg\" srcset=\"https:\/\/folhapopular.info\/wp-content\/uploads\/2023\/08\/WhatsApp-Image-2023-08-25-at-22.29.05-2-1024x768.jpeg 1024w, https:\/\/folhapopular.info\/wp-content\/uploads\/2023\/08\/WhatsApp-Image-2023-08-25-at-22.29.05-2-300x225.jpeg 300w, https:\/\/folhapopular.info\/wp-content\/uploads\/2023\/08\/WhatsApp-Image-2023-08-25-at-22.29.05-2-768x576.jpeg 768w, https:\/\/folhapopular.info\/wp-content\/uploads\/2023\/08\/WhatsApp-Image-2023-08-25-at-22.29.05-2-1536x1152.jpeg 1536w, https:\/\/folhapopular.info\/wp-content\/uploads\/2023\/08\/WhatsApp-Image-2023-08-25-at-22.29.05-2-696x522.jpeg 696w, https:\/\/folhapopular.info\/wp-content\/uploads\/2023\/08\/WhatsApp-Image-2023-08-25-at-22.29.05-2-1068x801.jpeg 1068w, https:\/\/folhapopular.info\/wp-content\/uploads\/2023\/08\/WhatsApp-Image-2023-08-25-at-22.29.05-2.jpeg 1600w\" sizes=\"(max-width: 1024px) 100vw, 1024px\" \/><figcaption class=\"wp-block-jetpack-slideshow_caption gallery-caption\">Brocadores, vice-campe\u00e3o no Sub-21 \/\/ Cr\u00e9dito: Divulga\u00e7\u00e3o<\/figcaption><\/figure><\/li><li class=\"wp-block-jetpack-slideshow_slide swiper-slide\"><figure><img loading=\"lazy\" decoding=\"async\" width=\"768\" height=\"1024\" alt=\"\" class=\"wp-block-jetpack-slideshow_image wp-image-138543\" data-id=\"138543\" src=\"https:\/\/folhapopular.info\/wp-content\/uploads\/2023\/08\/WhatsApp-Image-2023-08-25-at-22.29.05-3-768x1024.jpeg\" srcset=\"https:\/\/folhapopular.info\/wp-content\/uploads\/2023\/08\/WhatsApp-Image-2023-08-25-at-22.29.05-3-768x1024.jpeg 768w, https:\/\/folhapopular.info\/wp-content\/uploads\/2023\/08\/WhatsApp-Image-2023-08-25-at-22.29.05-3-225x300.jpeg 225w, https:\/\/folhapopular.info\/wp-content\/uploads\/2023\/08\/WhatsApp-Image-2023-08-25-at-22.29.05-3-1152x1536.jpeg 1152w, https:\/\/folhapopular.info\/wp-content\/uploads\/2023\/08\/WhatsApp-Image-2023-08-25-at-22.29.05-3-696x928.jpeg 696w, https:\/\/folhapopular.info\/wp-content\/uploads\/2023\/08\/WhatsApp-Image-2023-08-25-at-22.29.05-3-1068x1424.jpeg 1068w, https:\/\/folhapopular.info\/wp-content\/uploads\/2023\/08\/WhatsApp-Image-2023-08-25-at-22.29.05-3.jpeg 1200w\" sizes=\"(max-width: 768px) 100vw, 768px\" \/><figcaption class=\"wp-block-jetpack-slideshow_caption gallery-caption\">Bebeinho, do Sangue Frio, goleador do Sub-21 \/\/ Cr\u00e9dito: Divulga\u00e7\u00e3o<\/figcaption><\/figure><\/li><li class=\"wp-block-jetpack-slideshow_slide swiper-slide\"><figure><img loading=\"lazy\" decoding=\"async\" width=\"768\" height=\"1024\" alt=\"\" class=\"wp-block-jetpack-slideshow_image wp-image-138544\" data-id=\"138544\" src=\"https:\/\/folhapopular.info\/wp-content\/uploads\/2023\/08\/WhatsApp-Image-2023-08-25-at-22.29.04-768x1024.jpeg\" srcset=\"https:\/\/folhapopular.info\/wp-content\/uploads\/2023\/08\/WhatsApp-Image-2023-08-25-at-22.29.04-768x1024.jpeg 768w, https:\/\/folhapopular.info\/wp-content\/uploads\/2023\/08\/WhatsApp-Image-2023-08-25-at-22.29.04-225x300.jpeg 225w, https:\/\/folhapopular.info\/wp-content\/uploads\/2023\/08\/WhatsApp-Image-2023-08-25-at-22.29.04-1152x1536.jpeg 1152w, https:\/\/folhapopular.info\/wp-content\/uploads\/2023\/08\/WhatsApp-Image-2023-08-25-at-22.29.04-696x928.jpeg 696w, https:\/\/folhapopular.info\/wp-content\/uploads\/2023\/08\/WhatsApp-Image-2023-08-25-at-22.29.04-1068x1424.jpeg 1068w, https:\/\/folhapopular.info\/wp-content\/uploads\/2023\/08\/WhatsApp-Image-2023-08-25-at-22.29.04.jpeg 1200w\" sizes=\"(max-width: 768px) 100vw, 768px\" \/><figcaption class=\"wp-block-jetpack-slideshow_caption gallery-caption\">Dan, do Brocadores, goleiro menos vazado do Sub-21 \/\/ Cr\u00e9dito: Divulga\u00e7\u00e3o<\/figcaption><\/figure><\/li><li class=\"wp-block-jetpack-slideshow_slide swiper-slide\"><figure><img loading=\"lazy\" decoding=\"async\" width=\"1024\" height=\"652\" alt=\"\" class=\"wp-block-jetpack-slideshow_image wp-image-138533\" data-id=\"138533\" src=\"https:\/\/folhapopular.info\/wp-content\/uploads\/2023\/08\/WhatsApp-Image-2023-08-25-at-21.17.37-e1693009417539-1024x652.jpeg\" srcset=\"https:\/\/folhapopular.info\/wp-content\/uploads\/2023\/08\/WhatsApp-Image-2023-08-25-at-21.17.37-e1693009417539-1024x652.jpeg 1024w, https:\/\/folhapopular.info\/wp-content\/uploads\/2023\/08\/WhatsApp-Image-2023-08-25-at-21.17.37-e1693009417539-300x191.jpeg 300w, https:\/\/folhapopular.info\/wp-content\/uploads\/2023\/08\/WhatsApp-Image-2023-08-25-at-21.17.37-e1693009417539-768x489.jpeg 768w, https:\/\/folhapopular.info\/wp-content\/uploads\/2023\/08\/WhatsApp-Image-2023-08-25-at-21.17.37-e1693009417539-696x443.jpeg 696w, https:\/\/folhapopular.info\/wp-content\/uploads\/2023\/08\/WhatsApp-Image-2023-08-25-at-21.17.37-e1693009417539-1068x680.jpeg 1068w, https:\/\/folhapopular.info\/wp-content\/uploads\/2023\/08\/WhatsApp-Image-2023-08-25-at-21.17.37-e1693009417539.jpeg 1200w\" sizes=\"(max-width: 1024px) 100vw, 1024px\" \/><figcaption class=\"wp-block-jetpack-slideshow_caption gallery-caption\">Brocadores (vermelho) e Sangue Frio (branco) decidiram o Sub-21 \/\/ Cr\u00e9dito: Bianca Let\u00edcia Fritscher \/ Especial FP<\/figcaption><\/figure><\/li><li class=\"wp-block-jetpack-slideshow_slide swiper-slide\"><figure><img loading=\"lazy\" decoding=\"async\" width=\"768\" height=\"1024\" alt=\"\" class=\"wp-block-jetpack-slideshow_image wp-image-138531\" data-id=\"138531\" src=\"https:\/\/folhapopular.info\/wp-content\/uploads\/2023\/08\/WhatsApp-Image-2023-08-25-at-21.17.40-2-768x1024.jpeg\"\/><figcaption class=\"wp-block-jetpack-slideshow_caption gallery-caption\">Brocadores (vermelho) e Sangue Frio (branco) decidiram o Sub-21 \/\/ Cr\u00e9dito: Bianca Let\u00edcia Fritscher \/ Especial FP<\/figcaption><\/figure><\/li><li class=\"wp-block-jetpack-slideshow_slide swiper-slide\"><figure><img loading=\"lazy\" decoding=\"async\" width=\"1024\" height=\"768\" alt=\"\" class=\"wp-block-jetpack-slideshow_image wp-image-138535\" data-id=\"138535\" src=\"https:\/\/folhapopular.info\/wp-content\/uploads\/2023\/08\/WhatsApp-Image-2023-08-25-at-21.22.30-2-1024x768.jpeg\" srcset=\"https:\/\/folhapopular.info\/wp-content\/uploads\/2023\/08\/WhatsApp-Image-2023-08-25-at-21.22.30-2-1024x768.jpeg 1024w, https:\/\/folhapopular.info\/wp-content\/uploads\/2023\/08\/WhatsApp-Image-2023-08-25-at-21.22.30-2-300x225.jpeg 300w, https:\/\/folhapopular.info\/wp-content\/uploads\/2023\/08\/WhatsApp-Image-2023-08-25-at-21.22.30-2-768x576.jpeg 768w, https:\/\/folhapopular.info\/wp-content\/uploads\/2023\/08\/WhatsApp-Image-2023-08-25-at-21.22.30-2-1536x1152.jpeg 1536w, https:\/\/folhapopular.info\/wp-content\/uploads\/2023\/08\/WhatsApp-Image-2023-08-25-at-21.22.30-2-696x522.jpeg 696w, https:\/\/folhapopular.info\/wp-content\/uploads\/2023\/08\/WhatsApp-Image-2023-08-25-at-21.22.30-2-1068x801.jpeg 1068w, https:\/\/folhapopular.info\/wp-content\/uploads\/2023\/08\/WhatsApp-Image-2023-08-25-at-21.22.30-2.jpeg 1600w\" sizes=\"(max-width: 1024px) 100vw, 1024px\" \/><figcaption class=\"wp-block-jetpack-slideshow_caption gallery-caption\">Sangue Frio &#8211; Sub-21 \/\/ Cr\u00e9dito: Divulga\u00e7\u00e3o<\/figcaption><\/figure><\/li><li class=\"wp-block-jetpack-slideshow_slide swiper-slide\"><figure><img loading=\"lazy\" decoding=\"async\" width=\"1024\" height=\"768\" alt=\"\" class=\"wp-block-jetpack-slideshow_image wp-image-138534\" data-id=\"138534\" src=\"https:\/\/folhapopular.info\/wp-content\/uploads\/2023\/08\/WhatsApp-Image-2023-08-25-at-21.22.30-3-1024x768.jpeg\" srcset=\"https:\/\/folhapopular.info\/wp-content\/uploads\/2023\/08\/WhatsApp-Image-2023-08-25-at-21.22.30-3-1024x768.jpeg 1024w, https:\/\/folhapopular.info\/wp-content\/uploads\/2023\/08\/WhatsApp-Image-2023-08-25-at-21.22.30-3-300x225.jpeg 300w, https:\/\/folhapopular.info\/wp-content\/uploads\/2023\/08\/WhatsApp-Image-2023-08-25-at-21.22.30-3-768x576.jpeg 768w, https:\/\/folhapopular.info\/wp-content\/uploads\/2023\/08\/WhatsApp-Image-2023-08-25-at-21.22.30-3-1536x1152.jpeg 1536w, https:\/\/folhapopular.info\/wp-content\/uploads\/2023\/08\/WhatsApp-Image-2023-08-25-at-21.22.30-3-696x522.jpeg 696w, https:\/\/folhapopular.info\/wp-content\/uploads\/2023\/08\/WhatsApp-Image-2023-08-25-at-21.22.30-3-1068x801.jpeg 1068w, https:\/\/folhapopular.info\/wp-content\/uploads\/2023\/08\/WhatsApp-Image-2023-08-25-at-21.22.30-3.jpeg 1600w\" sizes=\"(max-width: 1024px) 100vw, 1024px\" \/><figcaption class=\"wp-block-jetpack-slideshow_caption gallery-caption\">Brocadorees &#8211; Sub-21 \/\/ Cr\u00e9dito: Divulga\u00e7\u00e3o<\/figcaption><\/figure><\/li><li class=\"wp-block-jetpack-slideshow_slide swiper-slide\"><figure><img loading=\"lazy\" decoding=\"async\" width=\"768\" height=\"1024\" alt=\"\" class=\"wp-block-jetpack-slideshow_image wp-image-138542\" data-id=\"138542\" src=\"https:\/\/folhapopular.info\/wp-content\/uploads\/2023\/08\/WhatsApp-Image-2023-08-25-at-22.09.36-768x1024.jpeg\" srcset=\"https:\/\/folhapopular.info\/wp-content\/uploads\/2023\/08\/WhatsApp-Image-2023-08-25-at-22.09.36-768x1024.jpeg 768w, https:\/\/folhapopular.info\/wp-content\/uploads\/2023\/08\/WhatsApp-Image-2023-08-25-at-22.09.36-225x300.jpeg 225w, https:\/\/folhapopular.info\/wp-content\/uploads\/2023\/08\/WhatsApp-Image-2023-08-25-at-22.09.36-1152x1536.jpeg 1152w, https:\/\/folhapopular.info\/wp-content\/uploads\/2023\/08\/WhatsApp-Image-2023-08-25-at-22.09.36-696x928.jpeg 696w, https:\/\/folhapopular.info\/wp-content\/uploads\/2023\/08\/WhatsApp-Image-2023-08-25-at-22.09.36-1068x1424.jpeg 1068w, https:\/\/folhapopular.info\/wp-content\/uploads\/2023\/08\/WhatsApp-Image-2023-08-25-at-22.09.36.jpeg 1200w\" sizes=\"(max-width: 768px) 100vw, 768px\" \/><figcaption class=\"wp-block-jetpack-slideshow_caption gallery-caption\">Teteu, do Brocadores, craque da final pelo Sub-21 \/\/ Cr\u00e9dito: Bianca Let\u00edcia Fritscher \/ Especial FP<\/figcaption><\/figure><\/li><li class=\"wp-block-jetpack-slideshow_slide swiper-slide\"><figure><img loading=\"lazy\" decoding=\"async\" width=\"768\" height=\"1024\" alt=\"\" class=\"wp-block-jetpack-slideshow_image wp-image-138540\" data-id=\"138540\" src=\"https:\/\/folhapopular.info\/wp-content\/uploads\/2023\/08\/WhatsApp-Image-2023-08-25-at-22.09.31-768x1024.jpeg\" srcset=\"https:\/\/folhapopular.info\/wp-content\/uploads\/2023\/08\/WhatsApp-Image-2023-08-25-at-22.09.31-768x1024.jpeg 768w, https:\/\/folhapopular.info\/wp-content\/uploads\/2023\/08\/WhatsApp-Image-2023-08-25-at-22.09.31-225x300.jpeg 225w, https:\/\/folhapopular.info\/wp-content\/uploads\/2023\/08\/WhatsApp-Image-2023-08-25-at-22.09.31-1152x1536.jpeg 1152w, https:\/\/folhapopular.info\/wp-content\/uploads\/2023\/08\/WhatsApp-Image-2023-08-25-at-22.09.31-696x928.jpeg 696w, https:\/\/folhapopular.info\/wp-content\/uploads\/2023\/08\/WhatsApp-Image-2023-08-25-at-22.09.31-1068x1424.jpeg 1068w, https:\/\/folhapopular.info\/wp-content\/uploads\/2023\/08\/WhatsApp-Image-2023-08-25-at-22.09.31.jpeg 1200w\" sizes=\"(max-width: 768px) 100vw, 768px\" \/><figcaption class=\"wp-block-jetpack-slideshow_caption gallery-caption\">Sangue Frio se mobilizou antes dos p\u00eanaltis \/\/ Cr\u00e9dito: Bianca Let\u00edcia Fritscher \/ Especial FP<\/figcaption><\/figure><\/li><li class=\"wp-block-jetpack-slideshow_slide swiper-slide\"><figure><img loading=\"lazy\" decoding=\"async\" width=\"768\" height=\"1024\" alt=\"\" class=\"wp-block-jetpack-slideshow_image wp-image-138541\" data-id=\"138541\" src=\"https:\/\/folhapopular.info\/wp-content\/uploads\/2023\/08\/WhatsApp-Image-2023-08-25-at-22.09.34-768x1024.jpeg\" srcset=\"https:\/\/folhapopular.info\/wp-content\/uploads\/2023\/08\/WhatsApp-Image-2023-08-25-at-22.09.34-768x1024.jpeg 768w, https:\/\/folhapopular.info\/wp-content\/uploads\/2023\/08\/WhatsApp-Image-2023-08-25-at-22.09.34-225x300.jpeg 225w, https:\/\/folhapopular.info\/wp-content\/uploads\/2023\/08\/WhatsApp-Image-2023-08-25-at-22.09.34-1152x1536.jpeg 1152w, https:\/\/folhapopular.info\/wp-content\/uploads\/2023\/08\/WhatsApp-Image-2023-08-25-at-22.09.34-696x928.jpeg 696w, https:\/\/folhapopular.info\/wp-content\/uploads\/2023\/08\/WhatsApp-Image-2023-08-25-at-22.09.34-1068x1424.jpeg 1068w, https:\/\/folhapopular.info\/wp-content\/uploads\/2023\/08\/WhatsApp-Image-2023-08-25-at-22.09.34.jpeg 1200w\" sizes=\"(max-width: 768px) 100vw, 768px\" \/><figcaption class=\"wp-block-jetpack-slideshow_caption gallery-caption\">Brocadores tentou se remobilizar ap\u00f3s ceder o empate no final \/\/ Cr\u00e9dito: Bianca Let\u00edcia Fritscher \/ Especial FP<\/figcaption><\/figure><\/li><\/ul><a class=\"wp-block-jetpack-slideshow_button-prev swiper-button-prev swiper-button-white\" role=\"button\"><\/a><a class=\"wp-block-jetpack-slideshow_button-next swiper-button-next swiper-button-white\" role=\"button\"><\/a><a aria-label=\"Pause Slideshow\" class=\"wp-block-jetpack-slideshow_button-pause\" role=\"button\"><\/a><div class=\"wp-block-jetpack-slideshow_pagination swiper-pagination swiper-pagination-white\"><\/div><\/div><\/div>\n\n\n\n<h2 class=\"wp-block-heading\"><strong>Final do Feminino<\/strong><\/h2>\n\n\n\n<p>A decis\u00e3o feminina come\u00e7ou equilibrada entre Malaguetas e Abala. Com 7min30, ap\u00f3s troca de passes, Ana abriu o marcador para Abala: 1 a 0. Com 8min06seg, J\u00falia colocou a bola para rede e empatou para os Malaguetas: 1 a 1.<\/p>\n\n\n\n<p>No segundo tempo, com 2min20seg, Mari cobrou escanteio, a bola desviou em uma advers\u00e1ria e a Abala fez 2 a 1. Com 6min30, J\u00falia girou sobre a marca\u00e7\u00e3o e chutou na sa\u00edda da goleira para empatar para a Malaguetas: 2 a 2. Faltando 2min50, Vanessa virou o marcador para a Malaguetas: 3 a 2. Restando 25seg, J\u00falia fez grande jogada e deixou Vanessa livre para fazer 4 a 2 para a Malaguetas.<\/p>\n\n\n\n<div class=\"wp-block-jetpack-slideshow aligncenter\" data-effect=\"slide\"><div class=\"wp-block-jetpack-slideshow_container swiper-container\"><ul class=\"wp-block-jetpack-slideshow_swiper-wrapper swiper-wrapper\"><li class=\"wp-block-jetpack-slideshow_slide swiper-slide\"><figure><img loading=\"lazy\" decoding=\"async\" width=\"1024\" height=\"768\" alt=\"\" class=\"wp-block-jetpack-slideshow_image wp-image-138554\" data-id=\"138554\" src=\"https:\/\/folhapopular.info\/wp-content\/uploads\/2023\/08\/WhatsApp-Image-2023-08-25-at-23.28.30-1024x768.jpeg\" srcset=\"https:\/\/folhapopular.info\/wp-content\/uploads\/2023\/08\/WhatsApp-Image-2023-08-25-at-23.28.30-1024x768.jpeg 1024w, https:\/\/folhapopular.info\/wp-content\/uploads\/2023\/08\/WhatsApp-Image-2023-08-25-at-23.28.30-300x225.jpeg 300w, https:\/\/folhapopular.info\/wp-content\/uploads\/2023\/08\/WhatsApp-Image-2023-08-25-at-23.28.30-768x576.jpeg 768w, https:\/\/folhapopular.info\/wp-content\/uploads\/2023\/08\/WhatsApp-Image-2023-08-25-at-23.28.30-1536x1152.jpeg 1536w, https:\/\/folhapopular.info\/wp-content\/uploads\/2023\/08\/WhatsApp-Image-2023-08-25-at-23.28.30-696x522.jpeg 696w, https:\/\/folhapopular.info\/wp-content\/uploads\/2023\/08\/WhatsApp-Image-2023-08-25-at-23.28.30-1068x801.jpeg 1068w, https:\/\/folhapopular.info\/wp-content\/uploads\/2023\/08\/WhatsApp-Image-2023-08-25-at-23.28.30.jpeg 1600w\" sizes=\"(max-width: 1024px) 100vw, 1024px\" \/><figcaption class=\"wp-block-jetpack-slideshow_caption gallery-caption\">Malaguetas foi campe\u00e3o na categoria Feminina \/\/ Cr\u00e9dito: Bianca Let\u00edcia Fritscher \/ Especial FP<\/figcaption><\/figure><\/li><li class=\"wp-block-jetpack-slideshow_slide swiper-slide\"><figure><img loading=\"lazy\" decoding=\"async\" width=\"1024\" height=\"768\" alt=\"\" class=\"wp-block-jetpack-slideshow_image wp-image-138553\" data-id=\"138553\" src=\"https:\/\/folhapopular.info\/wp-content\/uploads\/2023\/08\/WhatsApp-Image-2023-08-25-at-23.28.31-1024x768.jpeg\" srcset=\"https:\/\/folhapopular.info\/wp-content\/uploads\/2023\/08\/WhatsApp-Image-2023-08-25-at-23.28.31-1024x768.jpeg 1024w, https:\/\/folhapopular.info\/wp-content\/uploads\/2023\/08\/WhatsApp-Image-2023-08-25-at-23.28.31-300x225.jpeg 300w, https:\/\/folhapopular.info\/wp-content\/uploads\/2023\/08\/WhatsApp-Image-2023-08-25-at-23.28.31-768x576.jpeg 768w, https:\/\/folhapopular.info\/wp-content\/uploads\/2023\/08\/WhatsApp-Image-2023-08-25-at-23.28.31-1536x1152.jpeg 1536w, https:\/\/folhapopular.info\/wp-content\/uploads\/2023\/08\/WhatsApp-Image-2023-08-25-at-23.28.31-696x522.jpeg 696w, https:\/\/folhapopular.info\/wp-content\/uploads\/2023\/08\/WhatsApp-Image-2023-08-25-at-23.28.31-1068x801.jpeg 1068w, https:\/\/folhapopular.info\/wp-content\/uploads\/2023\/08\/WhatsApp-Image-2023-08-25-at-23.28.31.jpeg 1600w\" sizes=\"(max-width: 1024px) 100vw, 1024px\" \/><figcaption class=\"wp-block-jetpack-slideshow_caption gallery-caption\">Abala foi vice-campe\u00e3 na categoria Feminina \/\/ Cr\u00e9dito: Bianca Let\u00edcia Fritscher \/ Especial FP<\/figcaption><\/figure><\/li><li class=\"wp-block-jetpack-slideshow_slide swiper-slide\"><figure><img loading=\"lazy\" decoding=\"async\" width=\"768\" height=\"1024\" alt=\"\" class=\"wp-block-jetpack-slideshow_image wp-image-138552\" data-id=\"138552\" src=\"https:\/\/folhapopular.info\/wp-content\/uploads\/2023\/08\/WhatsApp-Image-2023-08-25-at-23.28.33-768x1024.jpeg\" srcset=\"https:\/\/folhapopular.info\/wp-content\/uploads\/2023\/08\/WhatsApp-Image-2023-08-25-at-23.28.33-768x1024.jpeg 768w, https:\/\/folhapopular.info\/wp-content\/uploads\/2023\/08\/WhatsApp-Image-2023-08-25-at-23.28.33-225x300.jpeg 225w, https:\/\/folhapopular.info\/wp-content\/uploads\/2023\/08\/WhatsApp-Image-2023-08-25-at-23.28.33-1152x1536.jpeg 1152w, https:\/\/folhapopular.info\/wp-content\/uploads\/2023\/08\/WhatsApp-Image-2023-08-25-at-23.28.33-696x928.jpeg 696w, https:\/\/folhapopular.info\/wp-content\/uploads\/2023\/08\/WhatsApp-Image-2023-08-25-at-23.28.33-1068x1424.jpeg 1068w, https:\/\/folhapopular.info\/wp-content\/uploads\/2023\/08\/WhatsApp-Image-2023-08-25-at-23.28.33.jpeg 1200w\" sizes=\"(max-width: 768px) 100vw, 768px\" \/><figcaption class=\"wp-block-jetpack-slideshow_caption gallery-caption\">Goleadoras Mari (Abala)_ e J\u00falia (Malaguetas) \/\/ Cr\u00e9dito: Bianca Let\u00edcia Fritscher \/ Especial FP<\/figcaption><\/figure><\/li><li class=\"wp-block-jetpack-slideshow_slide swiper-slide\"><figure><img loading=\"lazy\" decoding=\"async\" width=\"1024\" height=\"576\" alt=\"\" class=\"wp-block-jetpack-slideshow_image wp-image-138555\" data-id=\"138555\" src=\"https:\/\/folhapopular.info\/wp-content\/uploads\/2023\/08\/WhatsApp-Image-2023-08-25-at-23.24.19-1024x576.jpeg\" srcset=\"https:\/\/folhapopular.info\/wp-content\/uploads\/2023\/08\/WhatsApp-Image-2023-08-25-at-23.24.19-1024x576.jpeg 1024w, https:\/\/folhapopular.info\/wp-content\/uploads\/2023\/08\/WhatsApp-Image-2023-08-25-at-23.24.19-300x169.jpeg 300w, https:\/\/folhapopular.info\/wp-content\/uploads\/2023\/08\/WhatsApp-Image-2023-08-25-at-23.24.19-768x432.jpeg 768w, https:\/\/folhapopular.info\/wp-content\/uploads\/2023\/08\/WhatsApp-Image-2023-08-25-at-23.24.19-1536x864.jpeg 1536w, https:\/\/folhapopular.info\/wp-content\/uploads\/2023\/08\/WhatsApp-Image-2023-08-25-at-23.24.19-696x392.jpeg 696w, https:\/\/folhapopular.info\/wp-content\/uploads\/2023\/08\/WhatsApp-Image-2023-08-25-at-23.24.19-1068x601.jpeg 1068w, https:\/\/folhapopular.info\/wp-content\/uploads\/2023\/08\/WhatsApp-Image-2023-08-25-at-23.24.19.jpeg 1600w\" sizes=\"(max-width: 1024px) 100vw, 1024px\" \/><figcaption class=\"wp-block-jetpack-slideshow_caption gallery-caption\">Defesa da Malaguetas foi a menos vazada \/\/ Cr\u00e9dito: Bianca Let\u00edcia Fritscher \/ Especial FP<\/figcaption><\/figure><\/li><li class=\"wp-block-jetpack-slideshow_slide swiper-slide\"><figure><img loading=\"lazy\" decoding=\"async\" width=\"1024\" height=\"570\" alt=\"\" class=\"wp-block-jetpack-slideshow_image wp-image-138549\" data-id=\"138549\" src=\"https:\/\/folhapopular.info\/wp-content\/uploads\/2023\/08\/WhatsApp-Image-2023-08-25-at-22.37.17-2-e1693014510632-1024x570.jpeg\" srcset=\"https:\/\/folhapopular.info\/wp-content\/uploads\/2023\/08\/WhatsApp-Image-2023-08-25-at-22.37.17-2-e1693014510632-1024x570.jpeg 1024w, https:\/\/folhapopular.info\/wp-content\/uploads\/2023\/08\/WhatsApp-Image-2023-08-25-at-22.37.17-2-e1693014510632-300x167.jpeg 300w, https:\/\/folhapopular.info\/wp-content\/uploads\/2023\/08\/WhatsApp-Image-2023-08-25-at-22.37.17-2-e1693014510632-768x428.jpeg 768w, https:\/\/folhapopular.info\/wp-content\/uploads\/2023\/08\/WhatsApp-Image-2023-08-25-at-22.37.17-2-e1693014510632-696x387.jpeg 696w, https:\/\/folhapopular.info\/wp-content\/uploads\/2023\/08\/WhatsApp-Image-2023-08-25-at-22.37.17-2-e1693014510632-1068x595.jpeg 1068w, https:\/\/folhapopular.info\/wp-content\/uploads\/2023\/08\/WhatsApp-Image-2023-08-25-at-22.37.17-2-e1693014510632.jpeg 1200w\" sizes=\"(max-width: 1024px) 100vw, 1024px\" \/><figcaption class=\"wp-block-jetpack-slideshow_caption gallery-caption\">Abala e Malaguetas decidiram o Feminino  \/\/ Cr\u00e9dito: Bianca Let\u00edcia Fritscher \/ Especial FP<\/figcaption><\/figure><\/li><li class=\"wp-block-jetpack-slideshow_slide swiper-slide\"><figure><img loading=\"lazy\" decoding=\"async\" width=\"1024\" height=\"512\" alt=\"\" class=\"wp-block-jetpack-slideshow_image wp-image-138550\" data-id=\"138550\" src=\"https:\/\/folhapopular.info\/wp-content\/uploads\/2023\/08\/WhatsApp-Image-2023-08-25-at-22.37.17-e1693014488392-1024x512.jpeg\" srcset=\"https:\/\/folhapopular.info\/wp-content\/uploads\/2023\/08\/WhatsApp-Image-2023-08-25-at-22.37.17-e1693014488392-1024x512.jpeg 1024w, https:\/\/folhapopular.info\/wp-content\/uploads\/2023\/08\/WhatsApp-Image-2023-08-25-at-22.37.17-e1693014488392-300x150.jpeg 300w, https:\/\/folhapopular.info\/wp-content\/uploads\/2023\/08\/WhatsApp-Image-2023-08-25-at-22.37.17-e1693014488392-768x384.jpeg 768w, https:\/\/folhapopular.info\/wp-content\/uploads\/2023\/08\/WhatsApp-Image-2023-08-25-at-22.37.17-e1693014488392-696x348.jpeg 696w, https:\/\/folhapopular.info\/wp-content\/uploads\/2023\/08\/WhatsApp-Image-2023-08-25-at-22.37.17-e1693014488392-1068x534.jpeg 1068w, https:\/\/folhapopular.info\/wp-content\/uploads\/2023\/08\/WhatsApp-Image-2023-08-25-at-22.37.17-e1693014488392.jpeg 1200w\" sizes=\"(max-width: 1024px) 100vw, 1024px\" \/><figcaption class=\"wp-block-jetpack-slideshow_caption gallery-caption\">Abala e Malaguetas decidiram o Feminino  \/\/ Cr\u00e9dito: Bianca Let\u00edcia Fritscher \/ Especial FP<\/figcaption><\/figure><\/li><li class=\"wp-block-jetpack-slideshow_slide swiper-slide\"><figure><img loading=\"lazy\" decoding=\"async\" width=\"576\" height=\"1024\" alt=\"\" class=\"wp-block-jetpack-slideshow_image wp-image-138551\" data-id=\"138551\" src=\"https:\/\/folhapopular.info\/wp-content\/uploads\/2023\/08\/WhatsApp-Image-2023-08-25-at-23.29.46-576x1024.jpeg\" srcset=\"https:\/\/folhapopular.info\/wp-content\/uploads\/2023\/08\/WhatsApp-Image-2023-08-25-at-23.29.46-576x1024.jpeg 576w, https:\/\/folhapopular.info\/wp-content\/uploads\/2023\/08\/WhatsApp-Image-2023-08-25-at-23.29.46-169x300.jpeg 169w, https:\/\/folhapopular.info\/wp-content\/uploads\/2023\/08\/WhatsApp-Image-2023-08-25-at-23.29.46-768x1365.jpeg 768w, https:\/\/folhapopular.info\/wp-content\/uploads\/2023\/08\/WhatsApp-Image-2023-08-25-at-23.29.46-864x1536.jpeg 864w, https:\/\/folhapopular.info\/wp-content\/uploads\/2023\/08\/WhatsApp-Image-2023-08-25-at-23.29.46-696x1237.jpeg 696w, https:\/\/folhapopular.info\/wp-content\/uploads\/2023\/08\/WhatsApp-Image-2023-08-25-at-23.29.46.jpeg 900w\" sizes=\"(max-width: 576px) 100vw, 576px\" \/><figcaption class=\"wp-block-jetpack-slideshow_caption gallery-caption\">J\u00falia, da Malaguetas, craque da final Feminina \/\/ Cr\u00e9dito: Bianca Let\u00edcia Fritscher \/ Especial FP<\/figcaption><\/figure><\/li><li class=\"wp-block-jetpack-slideshow_slide swiper-slide\"><figure><img loading=\"lazy\" decoding=\"async\" width=\"1024\" height=\"768\" alt=\"\" class=\"wp-block-jetpack-slideshow_image wp-image-138547\" data-id=\"138547\" src=\"https:\/\/folhapopular.info\/wp-content\/uploads\/2023\/08\/WhatsApp-Image-2023-08-25-at-22.29.33-1024x768.jpeg\" srcset=\"https:\/\/folhapopular.info\/wp-content\/uploads\/2023\/08\/WhatsApp-Image-2023-08-25-at-22.29.33-1024x768.jpeg 1024w, https:\/\/folhapopular.info\/wp-content\/uploads\/2023\/08\/WhatsApp-Image-2023-08-25-at-22.29.33-300x225.jpeg 300w, https:\/\/folhapopular.info\/wp-content\/uploads\/2023\/08\/WhatsApp-Image-2023-08-25-at-22.29.33-768x576.jpeg 768w, https:\/\/folhapopular.info\/wp-content\/uploads\/2023\/08\/WhatsApp-Image-2023-08-25-at-22.29.33-1536x1152.jpeg 1536w, https:\/\/folhapopular.info\/wp-content\/uploads\/2023\/08\/WhatsApp-Image-2023-08-25-at-22.29.33-696x522.jpeg 696w, https:\/\/folhapopular.info\/wp-content\/uploads\/2023\/08\/WhatsApp-Image-2023-08-25-at-22.29.33-1068x801.jpeg 1068w, https:\/\/folhapopular.info\/wp-content\/uploads\/2023\/08\/WhatsApp-Image-2023-08-25-at-22.29.33.jpeg 1600w\" sizes=\"(max-width: 1024px) 100vw, 1024px\" \/><figcaption class=\"wp-block-jetpack-slideshow_caption gallery-caption\">Malaguetas na decis\u00e3o do Feminino  \/\/ Cr\u00e9dito: Bianca Let\u00edcia Fritscher \/ Especial FP<\/figcaption><\/figure><\/li><li class=\"wp-block-jetpack-slideshow_slide swiper-slide\"><figure><img loading=\"lazy\" decoding=\"async\" width=\"1024\" height=\"768\" alt=\"\" class=\"wp-block-jetpack-slideshow_image wp-image-138548\" data-id=\"138548\" src=\"https:\/\/folhapopular.info\/wp-content\/uploads\/2023\/08\/WhatsApp-Image-2023-08-25-at-22.29.34-1024x768.jpeg\" srcset=\"https:\/\/folhapopular.info\/wp-content\/uploads\/2023\/08\/WhatsApp-Image-2023-08-25-at-22.29.34-1024x768.jpeg 1024w, https:\/\/folhapopular.info\/wp-content\/uploads\/2023\/08\/WhatsApp-Image-2023-08-25-at-22.29.34-300x225.jpeg 300w, https:\/\/folhapopular.info\/wp-content\/uploads\/2023\/08\/WhatsApp-Image-2023-08-25-at-22.29.34-768x576.jpeg 768w, https:\/\/folhapopular.info\/wp-content\/uploads\/2023\/08\/WhatsApp-Image-2023-08-25-at-22.29.34-1536x1152.jpeg 1536w, https:\/\/folhapopular.info\/wp-content\/uploads\/2023\/08\/WhatsApp-Image-2023-08-25-at-22.29.34-696x522.jpeg 696w, https:\/\/folhapopular.info\/wp-content\/uploads\/2023\/08\/WhatsApp-Image-2023-08-25-at-22.29.34-1068x801.jpeg 1068w, https:\/\/folhapopular.info\/wp-content\/uploads\/2023\/08\/WhatsApp-Image-2023-08-25-at-22.29.34.jpeg 1600w\" sizes=\"(max-width: 1024px) 100vw, 1024px\" \/><figcaption class=\"wp-block-jetpack-slideshow_caption gallery-caption\">Abala na decis\u00e3o no Feminino  \/\/ Cr\u00e9dito: Bianca Let\u00edcia Fritscher \/ Especial FP<\/figcaption><\/figure><\/li><\/ul><a class=\"wp-block-jetpack-slideshow_button-prev swiper-button-prev swiper-button-white\" role=\"button\"><\/a><a class=\"wp-block-jetpack-slideshow_button-next swiper-button-next swiper-button-white\" role=\"button\"><\/a><a aria-label=\"Pause Slideshow\" class=\"wp-block-jetpack-slideshow_button-pause\" role=\"button\"><\/a><div class=\"wp-block-jetpack-slideshow_pagination swiper-pagination swiper-pagination-white\"><\/div><\/div><\/div>\n\n\n\n<h2 class=\"wp-block-heading\"><strong>Final do For\u00e7a Livre<\/strong><\/h2>\n\n\n\n<p>A categoria For\u00e7a Livre Masculino teve um duelo caseiro entre Sangue Frio A e Sangue Frio B. O placar foi aberto com 5min30, quando Ricardo Zuchi fez boa jogada e Biel finalizou: Sangue Frio A 1 a 0. Deu pouco tempo para comemorar, pois com 6min30, Maiquel Kalkmann empatou para o Sangue Frio B em cobran\u00e7a de falta: 1 a 1. Com 10min05, ap\u00f3s desarme, o Sangue Frio A pulou \u00e0 frente do marcador com U\u00e9slei: 2 a 1.<\/p>\n\n\n\n<p>Com 10 seg de bola rolando no segundo tempo, o Sangue Frio B errou e Ricardo Zuchi aproveitou para fazer 3 a 1 para o Sangue Frio A. O Sangue Frio B descontou para 3 a 2, com gol de Sipp quando eram jogados 4min45. Restando 4min50, Oscar recebeu de Biel para fazer 4 a 2 a favor do Sangue Frio A para comemorar o t\u00edtulo.<\/p>\n\n\n\n<div class=\"wp-block-jetpack-slideshow aligncenter\" data-effect=\"slide\"><div class=\"wp-block-jetpack-slideshow_container swiper-container\"><ul class=\"wp-block-jetpack-slideshow_swiper-wrapper swiper-wrapper\"><li class=\"wp-block-jetpack-slideshow_slide swiper-slide\"><figure><img loading=\"lazy\" decoding=\"async\" width=\"1024\" height=\"768\" alt=\"\" class=\"wp-block-jetpack-slideshow_image wp-image-138564\" data-id=\"138564\" src=\"https:\/\/folhapopular.info\/wp-content\/uploads\/2023\/08\/WhatsApp-Image-2023-08-26-at-00.37.36-1024x768.jpeg\" srcset=\"https:\/\/folhapopular.info\/wp-content\/uploads\/2023\/08\/WhatsApp-Image-2023-08-26-at-00.37.36-1024x768.jpeg 1024w, https:\/\/folhapopular.info\/wp-content\/uploads\/2023\/08\/WhatsApp-Image-2023-08-26-at-00.37.36-300x225.jpeg 300w, https:\/\/folhapopular.info\/wp-content\/uploads\/2023\/08\/WhatsApp-Image-2023-08-26-at-00.37.36-768x576.jpeg 768w, https:\/\/folhapopular.info\/wp-content\/uploads\/2023\/08\/WhatsApp-Image-2023-08-26-at-00.37.36-1536x1152.jpeg 1536w, https:\/\/folhapopular.info\/wp-content\/uploads\/2023\/08\/WhatsApp-Image-2023-08-26-at-00.37.36-696x522.jpeg 696w, https:\/\/folhapopular.info\/wp-content\/uploads\/2023\/08\/WhatsApp-Image-2023-08-26-at-00.37.36-1068x801.jpeg 1068w, https:\/\/folhapopular.info\/wp-content\/uploads\/2023\/08\/WhatsApp-Image-2023-08-26-at-00.37.36.jpeg 1600w\" sizes=\"(max-width: 1024px) 100vw, 1024px\" \/><figcaption class=\"wp-block-jetpack-slideshow_caption gallery-caption\">Sangue Frio A, campe\u00e3o do For\u00e7a Livre \/\/ Cr\u00e9dito: Bianca Let\u00edcia Fritscher \/ Especial FP<\/figcaption><\/figure><\/li><li class=\"wp-block-jetpack-slideshow_slide swiper-slide\"><figure><img loading=\"lazy\" decoding=\"async\" width=\"1024\" height=\"768\" alt=\"\" class=\"wp-block-jetpack-slideshow_image wp-image-138563\" data-id=\"138563\" src=\"https:\/\/folhapopular.info\/wp-content\/uploads\/2023\/08\/WhatsApp-Image-2023-08-26-at-00.37.36-2-1024x768.jpeg\" srcset=\"https:\/\/folhapopular.info\/wp-content\/uploads\/2023\/08\/WhatsApp-Image-2023-08-26-at-00.37.36-2-1024x768.jpeg 1024w, https:\/\/folhapopular.info\/wp-content\/uploads\/2023\/08\/WhatsApp-Image-2023-08-26-at-00.37.36-2-300x225.jpeg 300w, https:\/\/folhapopular.info\/wp-content\/uploads\/2023\/08\/WhatsApp-Image-2023-08-26-at-00.37.36-2-768x576.jpeg 768w, https:\/\/folhapopular.info\/wp-content\/uploads\/2023\/08\/WhatsApp-Image-2023-08-26-at-00.37.36-2-1536x1152.jpeg 1536w, https:\/\/folhapopular.info\/wp-content\/uploads\/2023\/08\/WhatsApp-Image-2023-08-26-at-00.37.36-2-696x522.jpeg 696w, https:\/\/folhapopular.info\/wp-content\/uploads\/2023\/08\/WhatsApp-Image-2023-08-26-at-00.37.36-2-1068x801.jpeg 1068w, https:\/\/folhapopular.info\/wp-content\/uploads\/2023\/08\/WhatsApp-Image-2023-08-26-at-00.37.36-2.jpeg 1600w\" sizes=\"(max-width: 1024px) 100vw, 1024px\" \/><figcaption class=\"wp-block-jetpack-slideshow_caption gallery-caption\">Sangue Frio B, vice-campe\u00e3o do For\u00e7a Livre \/\/ Cr\u00e9dito: Bianca Let\u00edcia Fritscher \/ Especial FP<\/figcaption><\/figure><\/li><li class=\"wp-block-jetpack-slideshow_slide swiper-slide\"><figure><img loading=\"lazy\" decoding=\"async\" width=\"768\" height=\"1024\" alt=\"\" class=\"wp-block-jetpack-slideshow_image wp-image-138562\" data-id=\"138562\" src=\"https:\/\/folhapopular.info\/wp-content\/uploads\/2023\/08\/WhatsApp-Image-2023-08-26-at-00.37.42-768x1024.jpeg\" srcset=\"https:\/\/folhapopular.info\/wp-content\/uploads\/2023\/08\/WhatsApp-Image-2023-08-26-at-00.37.42-768x1024.jpeg 768w, https:\/\/folhapopular.info\/wp-content\/uploads\/2023\/08\/WhatsApp-Image-2023-08-26-at-00.37.42-225x300.jpeg 225w, https:\/\/folhapopular.info\/wp-content\/uploads\/2023\/08\/WhatsApp-Image-2023-08-26-at-00.37.42-1152x1536.jpeg 1152w, https:\/\/folhapopular.info\/wp-content\/uploads\/2023\/08\/WhatsApp-Image-2023-08-26-at-00.37.42-696x928.jpeg 696w, https:\/\/folhapopular.info\/wp-content\/uploads\/2023\/08\/WhatsApp-Image-2023-08-26-at-00.37.42-1068x1424.jpeg 1068w, https:\/\/folhapopular.info\/wp-content\/uploads\/2023\/08\/WhatsApp-Image-2023-08-26-at-00.37.42.jpeg 1200w\" sizes=\"(max-width: 768px) 100vw, 768px\" \/><figcaption class=\"wp-block-jetpack-slideshow_caption gallery-caption\">Ricardo Zuchi (Sangue Frio A), goleador do For\u00e7a Livre \/\/ Cr\u00e9dito: Bianca Let\u00edcia Fritscher \/ Especial FP<\/figcaption><\/figure><\/li><li class=\"wp-block-jetpack-slideshow_slide swiper-slide\"><figure><img loading=\"lazy\" decoding=\"async\" width=\"768\" height=\"1024\" alt=\"\" class=\"wp-block-jetpack-slideshow_image wp-image-138561\" data-id=\"138561\" src=\"https:\/\/folhapopular.info\/wp-content\/uploads\/2023\/08\/WhatsApp-Image-2023-08-26-at-00.37.43-768x1024.jpeg\" srcset=\"https:\/\/folhapopular.info\/wp-content\/uploads\/2023\/08\/WhatsApp-Image-2023-08-26-at-00.37.43-768x1024.jpeg 768w, https:\/\/folhapopular.info\/wp-content\/uploads\/2023\/08\/WhatsApp-Image-2023-08-26-at-00.37.43-225x300.jpeg 225w, https:\/\/folhapopular.info\/wp-content\/uploads\/2023\/08\/WhatsApp-Image-2023-08-26-at-00.37.43-1152x1536.jpeg 1152w, https:\/\/folhapopular.info\/wp-content\/uploads\/2023\/08\/WhatsApp-Image-2023-08-26-at-00.37.43-696x928.jpeg 696w, https:\/\/folhapopular.info\/wp-content\/uploads\/2023\/08\/WhatsApp-Image-2023-08-26-at-00.37.43-1068x1424.jpeg 1068w, https:\/\/folhapopular.info\/wp-content\/uploads\/2023\/08\/WhatsApp-Image-2023-08-26-at-00.37.43.jpeg 1200w\" sizes=\"(max-width: 768px) 100vw, 768px\" \/><figcaption class=\"wp-block-jetpack-slideshow_caption gallery-caption\">Mathias (Sangue Frio B), goleiro menos vazado \/\/ Cr\u00e9dito: Bianca Let\u00edcia Fritscher \/ Especial FP<\/figcaption><\/figure><\/li><li class=\"wp-block-jetpack-slideshow_slide swiper-slide\"><figure><img loading=\"lazy\" decoding=\"async\" width=\"768\" height=\"1024\" alt=\"\" class=\"wp-block-jetpack-slideshow_image wp-image-138556\" data-id=\"138556\" src=\"https:\/\/folhapopular.info\/wp-content\/uploads\/2023\/08\/WhatsApp-Image-2023-08-26-at-00.09.02-2-768x1024.jpeg\" srcset=\"https:\/\/folhapopular.info\/wp-content\/uploads\/2023\/08\/WhatsApp-Image-2023-08-26-at-00.09.02-2-768x1024.jpeg 768w, https:\/\/folhapopular.info\/wp-content\/uploads\/2023\/08\/WhatsApp-Image-2023-08-26-at-00.09.02-2-225x300.jpeg 225w, https:\/\/folhapopular.info\/wp-content\/uploads\/2023\/08\/WhatsApp-Image-2023-08-26-at-00.09.02-2-1152x1536.jpeg 1152w, https:\/\/folhapopular.info\/wp-content\/uploads\/2023\/08\/WhatsApp-Image-2023-08-26-at-00.09.02-2-696x928.jpeg 696w, https:\/\/folhapopular.info\/wp-content\/uploads\/2023\/08\/WhatsApp-Image-2023-08-26-at-00.09.02-2-1068x1424.jpeg 1068w, https:\/\/folhapopular.info\/wp-content\/uploads\/2023\/08\/WhatsApp-Image-2023-08-26-at-00.09.02-2.jpeg 1200w\" sizes=\"(max-width: 768px) 100vw, 768px\" \/><figcaption class=\"wp-block-jetpack-slideshow_caption gallery-caption\">Decis\u00e3o entre duas equipes Sangue Frio no For\u00e7a Livre \/\/ Cr\u00e9dito: Bianca Let\u00edcia Fritscher \/ Especial FP<\/figcaption><\/figure><\/li><li class=\"wp-block-jetpack-slideshow_slide swiper-slide\"><figure><img loading=\"lazy\" decoding=\"async\" width=\"768\" height=\"1024\" alt=\"\" class=\"wp-block-jetpack-slideshow_image wp-image-138557\" data-id=\"138557\" src=\"https:\/\/folhapopular.info\/wp-content\/uploads\/2023\/08\/WhatsApp-Image-2023-08-26-at-00.09.02-768x1024.jpeg\" srcset=\"https:\/\/folhapopular.info\/wp-content\/uploads\/2023\/08\/WhatsApp-Image-2023-08-26-at-00.09.02-768x1024.jpeg 768w, https:\/\/folhapopular.info\/wp-content\/uploads\/2023\/08\/WhatsApp-Image-2023-08-26-at-00.09.02-225x300.jpeg 225w, https:\/\/folhapopular.info\/wp-content\/uploads\/2023\/08\/WhatsApp-Image-2023-08-26-at-00.09.02-1152x1536.jpeg 1152w, https:\/\/folhapopular.info\/wp-content\/uploads\/2023\/08\/WhatsApp-Image-2023-08-26-at-00.09.02-696x928.jpeg 696w, https:\/\/folhapopular.info\/wp-content\/uploads\/2023\/08\/WhatsApp-Image-2023-08-26-at-00.09.02-1068x1424.jpeg 1068w, https:\/\/folhapopular.info\/wp-content\/uploads\/2023\/08\/WhatsApp-Image-2023-08-26-at-00.09.02.jpeg 1200w\" sizes=\"(max-width: 768px) 100vw, 768px\" \/><figcaption class=\"wp-block-jetpack-slideshow_caption gallery-caption\">Decis\u00e3o entre duas equipes Sangue Frio no For\u00e7a Livre \/\/ Cr\u00e9dito: Bianca Let\u00edcia Fritscher \/ Especial FP<\/figcaption><\/figure><\/li><li class=\"wp-block-jetpack-slideshow_slide swiper-slide\"><figure><img loading=\"lazy\" decoding=\"async\" width=\"1024\" height=\"768\" alt=\"\" class=\"wp-block-jetpack-slideshow_image wp-image-138558\" data-id=\"138558\" src=\"https:\/\/folhapopular.info\/wp-content\/uploads\/2023\/08\/WhatsApp-Image-2023-08-25-at-23.38.47-1024x768.jpeg\" srcset=\"https:\/\/folhapopular.info\/wp-content\/uploads\/2023\/08\/WhatsApp-Image-2023-08-25-at-23.38.47-1024x768.jpeg 1024w, https:\/\/folhapopular.info\/wp-content\/uploads\/2023\/08\/WhatsApp-Image-2023-08-25-at-23.38.47-300x225.jpeg 300w, https:\/\/folhapopular.info\/wp-content\/uploads\/2023\/08\/WhatsApp-Image-2023-08-25-at-23.38.47-768x576.jpeg 768w, https:\/\/folhapopular.info\/wp-content\/uploads\/2023\/08\/WhatsApp-Image-2023-08-25-at-23.38.47-1536x1152.jpeg 1536w, https:\/\/folhapopular.info\/wp-content\/uploads\/2023\/08\/WhatsApp-Image-2023-08-25-at-23.38.47-696x522.jpeg 696w, https:\/\/folhapopular.info\/wp-content\/uploads\/2023\/08\/WhatsApp-Image-2023-08-25-at-23.38.47-1068x801.jpeg 1068w, https:\/\/folhapopular.info\/wp-content\/uploads\/2023\/08\/WhatsApp-Image-2023-08-25-at-23.38.47.jpeg 1600w\" sizes=\"(max-width: 1024px) 100vw, 1024px\" \/><figcaption class=\"wp-block-jetpack-slideshow_caption gallery-caption\">Sangue Frio A \/\/ Cr\u00e9dito: Bianca Let\u00edcia Fritscher \/ Especial FP<\/figcaption><\/figure><\/li><li class=\"wp-block-jetpack-slideshow_slide swiper-slide\"><figure><img loading=\"lazy\" decoding=\"async\" width=\"1024\" height=\"768\" alt=\"\" class=\"wp-block-jetpack-slideshow_image wp-image-138559\" data-id=\"138559\" src=\"https:\/\/folhapopular.info\/wp-content\/uploads\/2023\/08\/WhatsApp-Image-2023-08-25-at-23.38.52-1024x768.jpeg\" srcset=\"https:\/\/folhapopular.info\/wp-content\/uploads\/2023\/08\/WhatsApp-Image-2023-08-25-at-23.38.52-1024x768.jpeg 1024w, https:\/\/folhapopular.info\/wp-content\/uploads\/2023\/08\/WhatsApp-Image-2023-08-25-at-23.38.52-300x225.jpeg 300w, https:\/\/folhapopular.info\/wp-content\/uploads\/2023\/08\/WhatsApp-Image-2023-08-25-at-23.38.52-768x576.jpeg 768w, https:\/\/folhapopular.info\/wp-content\/uploads\/2023\/08\/WhatsApp-Image-2023-08-25-at-23.38.52-1536x1152.jpeg 1536w, https:\/\/folhapopular.info\/wp-content\/uploads\/2023\/08\/WhatsApp-Image-2023-08-25-at-23.38.52-696x522.jpeg 696w, https:\/\/folhapopular.info\/wp-content\/uploads\/2023\/08\/WhatsApp-Image-2023-08-25-at-23.38.52-1068x801.jpeg 1068w, https:\/\/folhapopular.info\/wp-content\/uploads\/2023\/08\/WhatsApp-Image-2023-08-25-at-23.38.52.jpeg 1600w\" sizes=\"(max-width: 1024px) 100vw, 1024px\" \/><figcaption class=\"wp-block-jetpack-slideshow_caption gallery-caption\">Sangue Frio B \/\/ Cr\u00e9dito: Bianca Let\u00edcia Fritscher \/ Especial FP<\/figcaption><\/figure><\/li><\/ul><a class=\"wp-block-jetpack-slideshow_button-prev swiper-button-prev swiper-button-white\" role=\"button\"><\/a><a class=\"wp-block-jetpack-slideshow_button-next swiper-button-next swiper-button-white\" role=\"button\"><\/a><a aria-label=\"Pause Slideshow\" class=\"wp-block-jetpack-slideshow_button-pause\" role=\"button\"><\/a><div class=\"wp-block-jetpack-slideshow_pagination swiper-pagination swiper-pagination-white\"><\/div><\/div><\/div>\n","protected":false},"excerpt":{"rendered":"<p>Um grande p\u00fablico compareceu ao gin\u00e1sio municipal de esportes de Imigrante na noite desta sexta-feira (25\/8) para acompanhar as finais das quatro categorias do 1\u00ba Abert\u00e3o de Futsal &#8211; Copa Estaleiro \/ Cardoso Sports. Na categoria Veterano, Segue o L\u00edder\/Imigrante conquistou o t\u00edtulo com vit\u00f3ria no tempo regulamentar por 4 a 1 sobre o Amigos [&hellip;]<\/p>\n","protected":false},"author":7,"featured_media":138560,"comment_status":"open","ping_status":"open","sticky":false,"template":"","format":"standard","meta":{"pmpro_default_level":"","_jetpack_memberships_contains_paid_content":false,"footnotes":""},"categories":[5,530],"tags":[13024,13023,31,34],"class_list":{"0":"post-138526","1":"post","2":"type-post","3":"status-publish","4":"format-standard","5":"has-post-thumbnail","7":"category-esportes","8":"category-futsal","9":"tag-cardoso-sports","10":"tag-estaleiro-imigrante","11":"tag-futsal","12":"tag-imigrante","13":"pmpro-has-access"},"yoast_head":"<!-- This site is optimized with the Yoast SEO plugin v27.5 - https:\/\/yoast.com\/product\/yoast-seo-wordpress\/ -->\n<title>Aberto de Futsal de Imigrante conheceu os campe\u00f5es - Folha Popular<\/title>\n<meta name=\"robots\" content=\"index, follow, max-snippet:-1, max-image-preview:large, max-video-preview:-1\" \/>\n<link rel=\"canonical\" href=\"https:\/\/folhapopular.info\/index.php\/2023\/08\/26\/aberto-de-futsal-de-imigrante-conheceu-os-campeoes\/\" \/>\n<meta property=\"og:locale\" content=\"pt_BR\" \/>\n<meta property=\"og:type\" content=\"article\" \/>\n<meta property=\"og:title\" content=\"Aberto de Futsal de Imigrante conheceu os campe\u00f5es - Folha Popular\" \/>\n<meta property=\"og:description\" content=\"Um grande p\u00fablico compareceu ao gin\u00e1sio municipal de esportes de Imigrante na noite desta sexta-feira (25\/8) para acompanhar as finais das quatro categorias do 1\u00ba Abert\u00e3o de Futsal &#8211; Copa Estaleiro \/ Cardoso Sports. Na categoria Veterano, Segue o L\u00edder\/Imigrante conquistou o t\u00edtulo com vit\u00f3ria no tempo regulamentar por 4 a 1 sobre o Amigos [&hellip;]\" \/>\n<meta property=\"og:url\" content=\"https:\/\/folhapopular.info\/index.php\/2023\/08\/26\/aberto-de-futsal-de-imigrante-conheceu-os-campeoes\/\" \/>\n<meta property=\"og:site_name\" content=\"Folha Popular\" \/>\n<meta property=\"article:published_time\" content=\"2023-08-26T03:44:00+00:00\" \/>\n<meta property=\"article:modified_time\" content=\"2023-08-26T03:44:04+00:00\" \/>\n<meta property=\"og:image\" content=\"http:\/\/folhapopular.info\/wp-content\/uploads\/2023\/08\/WhatsApp-Image-2023-08-26-at-00.38.14.jpeg\" \/>\n\t<meta property=\"og:image:width\" content=\"1600\" \/>\n\t<meta property=\"og:image:height\" content=\"1200\" \/>\n\t<meta property=\"og:image:type\" content=\"image\/jpeg\" \/>\n<meta name=\"author\" content=\"Lucas Leandro Brune\" \/>\n<meta name=\"twitter:card\" content=\"summary_large_image\" \/>\n<meta name=\"twitter:label1\" content=\"Escrito por\" \/>\n\t<meta name=\"twitter:data1\" content=\"Lucas Leandro Brune\" \/>\n\t<meta name=\"twitter:label2\" content=\"Est. tempo de leitura\" \/>\n\t<meta name=\"twitter:data2\" content=\"15 minutos\" \/>\n<script type=\"application\/ld+json\" class=\"yoast-schema-graph\">{\"@context\":\"https:\\\/\\\/schema.org\",\"@graph\":[{\"@type\":\"Article\",\"@id\":\"https:\\\/\\\/folhapopular.info\\\/index.php\\\/2023\\\/08\\\/26\\\/aberto-de-futsal-de-imigrante-conheceu-os-campeoes\\\/#article\",\"isPartOf\":{\"@id\":\"https:\\\/\\\/folhapopular.info\\\/index.php\\\/2023\\\/08\\\/26\\\/aberto-de-futsal-de-imigrante-conheceu-os-campeoes\\\/\"},\"author\":{\"name\":\"Lucas Leandro Brune\",\"@id\":\"https:\\\/\\\/folhapopular.info\\\/#\\\/schema\\\/person\\\/533a15f60cd49e81ab3a90b4ca33cb36\"},\"headline\":\"Aberto de Futsal de Imigrante conheceu os campe\u00f5es\",\"datePublished\":\"2023-08-26T03:44:00+00:00\",\"dateModified\":\"2023-08-26T03:44:04+00:00\",\"mainEntityOfPage\":{\"@id\":\"https:\\\/\\\/folhapopular.info\\\/index.php\\\/2023\\\/08\\\/26\\\/aberto-de-futsal-de-imigrante-conheceu-os-campeoes\\\/\"},\"wordCount\":1285,\"commentCount\":0,\"image\":{\"@id\":\"https:\\\/\\\/folhapopular.info\\\/index.php\\\/2023\\\/08\\\/26\\\/aberto-de-futsal-de-imigrante-conheceu-os-campeoes\\\/#primaryimage\"},\"thumbnailUrl\":\"https:\\\/\\\/folhapopular.info\\\/wp-content\\\/uploads\\\/2023\\\/08\\\/WhatsApp-Image-2023-08-26-at-00.38.14.jpeg\",\"keywords\":[\"Cardoso Sports\",\"Estaleiro Imigrante\",\"Futsal\",\"Imigrante\"],\"articleSection\":[\"Esportes\",\"Futsal\"],\"inLanguage\":\"pt-BR\",\"potentialAction\":[{\"@type\":\"CommentAction\",\"name\":\"Comment\",\"target\":[\"https:\\\/\\\/folhapopular.info\\\/index.php\\\/2023\\\/08\\\/26\\\/aberto-de-futsal-de-imigrante-conheceu-os-campeoes\\\/#respond\"]}]},{\"@type\":\"WebPage\",\"@id\":\"https:\\\/\\\/folhapopular.info\\\/index.php\\\/2023\\\/08\\\/26\\\/aberto-de-futsal-de-imigrante-conheceu-os-campeoes\\\/\",\"url\":\"https:\\\/\\\/folhapopular.info\\\/index.php\\\/2023\\\/08\\\/26\\\/aberto-de-futsal-de-imigrante-conheceu-os-campeoes\\\/\",\"name\":\"Aberto de Futsal de Imigrante conheceu os campe\u00f5es - Folha Popular\",\"isPartOf\":{\"@id\":\"https:\\\/\\\/folhapopular.info\\\/#website\"},\"primaryImageOfPage\":{\"@id\":\"https:\\\/\\\/folhapopular.info\\\/index.php\\\/2023\\\/08\\\/26\\\/aberto-de-futsal-de-imigrante-conheceu-os-campeoes\\\/#primaryimage\"},\"image\":{\"@id\":\"https:\\\/\\\/folhapopular.info\\\/index.php\\\/2023\\\/08\\\/26\\\/aberto-de-futsal-de-imigrante-conheceu-os-campeoes\\\/#primaryimage\"},\"thumbnailUrl\":\"https:\\\/\\\/folhapopular.info\\\/wp-content\\\/uploads\\\/2023\\\/08\\\/WhatsApp-Image-2023-08-26-at-00.38.14.jpeg\",\"datePublished\":\"2023-08-26T03:44:00+00:00\",\"dateModified\":\"2023-08-26T03:44:04+00:00\",\"author\":{\"@id\":\"https:\\\/\\\/folhapopular.info\\\/#\\\/schema\\\/person\\\/533a15f60cd49e81ab3a90b4ca33cb36\"},\"breadcrumb\":{\"@id\":\"https:\\\/\\\/folhapopular.info\\\/index.php\\\/2023\\\/08\\\/26\\\/aberto-de-futsal-de-imigrante-conheceu-os-campeoes\\\/#breadcrumb\"},\"inLanguage\":\"pt-BR\",\"potentialAction\":[{\"@type\":\"ReadAction\",\"target\":[\"https:\\\/\\\/folhapopular.info\\\/index.php\\\/2023\\\/08\\\/26\\\/aberto-de-futsal-de-imigrante-conheceu-os-campeoes\\\/\"]}]},{\"@type\":\"ImageObject\",\"inLanguage\":\"pt-BR\",\"@id\":\"https:\\\/\\\/folhapopular.info\\\/index.php\\\/2023\\\/08\\\/26\\\/aberto-de-futsal-de-imigrante-conheceu-os-campeoes\\\/#primaryimage\",\"url\":\"https:\\\/\\\/folhapopular.info\\\/wp-content\\\/uploads\\\/2023\\\/08\\\/WhatsApp-Image-2023-08-26-at-00.38.14.jpeg\",\"contentUrl\":\"https:\\\/\\\/folhapopular.info\\\/wp-content\\\/uploads\\\/2023\\\/08\\\/WhatsApp-Image-2023-08-26-at-00.38.14.jpeg\",\"width\":1600,\"height\":1200,\"caption\":\"Equipes Sangue Frio A e B decidiram o t\u00edtulo do For\u00e7a Livre \\\/\\\/ Cr\u00e9dito: Bianca Let\u00edcia Fritscher \\\/ Especial FP\"},{\"@type\":\"BreadcrumbList\",\"@id\":\"https:\\\/\\\/folhapopular.info\\\/index.php\\\/2023\\\/08\\\/26\\\/aberto-de-futsal-de-imigrante-conheceu-os-campeoes\\\/#breadcrumb\",\"itemListElement\":[{\"@type\":\"ListItem\",\"position\":1,\"name\":\"In\u00edcio\",\"item\":\"https:\\\/\\\/folhapopular.info\\\/\"},{\"@type\":\"ListItem\",\"position\":2,\"name\":\"Aberto de Futsal de Imigrante conheceu os campe\u00f5es\"}]},{\"@type\":\"WebSite\",\"@id\":\"https:\\\/\\\/folhapopular.info\\\/#website\",\"url\":\"https:\\\/\\\/folhapopular.info\\\/\",\"name\":\"Folha Popular\",\"description\":\"Onde voc\u00ea tem vez e voz\",\"potentialAction\":[{\"@type\":\"SearchAction\",\"target\":{\"@type\":\"EntryPoint\",\"urlTemplate\":\"https:\\\/\\\/folhapopular.info\\\/?s={search_term_string}\"},\"query-input\":{\"@type\":\"PropertyValueSpecification\",\"valueRequired\":true,\"valueName\":\"search_term_string\"}}],\"inLanguage\":\"pt-BR\"},{\"@type\":\"Person\",\"@id\":\"https:\\\/\\\/folhapopular.info\\\/#\\\/schema\\\/person\\\/533a15f60cd49e81ab3a90b4ca33cb36\",\"name\":\"Lucas Leandro Brune\",\"image\":{\"@type\":\"ImageObject\",\"inLanguage\":\"pt-BR\",\"@id\":\"https:\\\/\\\/folhapopular.info\\\/wp-content\\\/uploads\\\/2026\\\/04\\\/LUCAS-1-1.webp\",\"url\":\"https:\\\/\\\/folhapopular.info\\\/wp-content\\\/uploads\\\/2026\\\/04\\\/LUCAS-1-1.webp\",\"contentUrl\":\"https:\\\/\\\/folhapopular.info\\\/wp-content\\\/uploads\\\/2026\\\/04\\\/LUCAS-1-1.webp\",\"caption\":\"Lucas Leandro Brune\"},\"description\":\"Jornalista Profissional Diplomado MTB\\\/RS 14.333\",\"url\":\"https:\\\/\\\/folhapopular.info\\\/index.php\\\/author\\\/lucas-brune\\\/\"}]}<\/script>\n<!-- \/ Yoast SEO plugin. -->","yoast_head_json":{"title":"Aberto de Futsal de Imigrante conheceu os campe\u00f5es - Folha Popular","robots":{"index":"index","follow":"follow","max-snippet":"max-snippet:-1","max-image-preview":"max-image-preview:large","max-video-preview":"max-video-preview:-1"},"canonical":"https:\/\/folhapopular.info\/index.php\/2023\/08\/26\/aberto-de-futsal-de-imigrante-conheceu-os-campeoes\/","og_locale":"pt_BR","og_type":"article","og_title":"Aberto de Futsal de Imigrante conheceu os campe\u00f5es - Folha Popular","og_description":"Um grande p\u00fablico compareceu ao gin\u00e1sio municipal de esportes de Imigrante na noite desta sexta-feira (25\/8) para acompanhar as finais das quatro categorias do 1\u00ba Abert\u00e3o de Futsal &#8211; Copa Estaleiro \/ Cardoso Sports. Na categoria Veterano, Segue o L\u00edder\/Imigrante conquistou o t\u00edtulo com vit\u00f3ria no tempo regulamentar por 4 a 1 sobre o Amigos [&hellip;]","og_url":"https:\/\/folhapopular.info\/index.php\/2023\/08\/26\/aberto-de-futsal-de-imigrante-conheceu-os-campeoes\/","og_site_name":"Folha Popular","article_published_time":"2023-08-26T03:44:00+00:00","article_modified_time":"2023-08-26T03:44:04+00:00","og_image":[{"width":1600,"height":1200,"url":"http:\/\/folhapopular.info\/wp-content\/uploads\/2023\/08\/WhatsApp-Image-2023-08-26-at-00.38.14.jpeg","type":"image\/jpeg"}],"author":"Lucas Leandro Brune","twitter_card":"summary_large_image","twitter_misc":{"Escrito por":"Lucas Leandro Brune","Est. tempo de leitura":"15 minutos"},"schema":{"@context":"https:\/\/schema.org","@graph":[{"@type":"Article","@id":"https:\/\/folhapopular.info\/index.php\/2023\/08\/26\/aberto-de-futsal-de-imigrante-conheceu-os-campeoes\/#article","isPartOf":{"@id":"https:\/\/folhapopular.info\/index.php\/2023\/08\/26\/aberto-de-futsal-de-imigrante-conheceu-os-campeoes\/"},"author":{"name":"Lucas Leandro Brune","@id":"https:\/\/folhapopular.info\/#\/schema\/person\/533a15f60cd49e81ab3a90b4ca33cb36"},"headline":"Aberto de Futsal de Imigrante conheceu os campe\u00f5es","datePublished":"2023-08-26T03:44:00+00:00","dateModified":"2023-08-26T03:44:04+00:00","mainEntityOfPage":{"@id":"https:\/\/folhapopular.info\/index.php\/2023\/08\/26\/aberto-de-futsal-de-imigrante-conheceu-os-campeoes\/"},"wordCount":1285,"commentCount":0,"image":{"@id":"https:\/\/folhapopular.info\/index.php\/2023\/08\/26\/aberto-de-futsal-de-imigrante-conheceu-os-campeoes\/#primaryimage"},"thumbnailUrl":"https:\/\/folhapopular.info\/wp-content\/uploads\/2023\/08\/WhatsApp-Image-2023-08-26-at-00.38.14.jpeg","keywords":["Cardoso Sports","Estaleiro Imigrante","Futsal","Imigrante"],"articleSection":["Esportes","Futsal"],"inLanguage":"pt-BR","potentialAction":[{"@type":"CommentAction","name":"Comment","target":["https:\/\/folhapopular.info\/index.php\/2023\/08\/26\/aberto-de-futsal-de-imigrante-conheceu-os-campeoes\/#respond"]}]},{"@type":"WebPage","@id":"https:\/\/folhapopular.info\/index.php\/2023\/08\/26\/aberto-de-futsal-de-imigrante-conheceu-os-campeoes\/","url":"https:\/\/folhapopular.info\/index.php\/2023\/08\/26\/aberto-de-futsal-de-imigrante-conheceu-os-campeoes\/","name":"Aberto de Futsal de Imigrante conheceu os campe\u00f5es - Folha Popular","isPartOf":{"@id":"https:\/\/folhapopular.info\/#website"},"primaryImageOfPage":{"@id":"https:\/\/folhapopular.info\/index.php\/2023\/08\/26\/aberto-de-futsal-de-imigrante-conheceu-os-campeoes\/#primaryimage"},"image":{"@id":"https:\/\/folhapopular.info\/index.php\/2023\/08\/26\/aberto-de-futsal-de-imigrante-conheceu-os-campeoes\/#primaryimage"},"thumbnailUrl":"https:\/\/folhapopular.info\/wp-content\/uploads\/2023\/08\/WhatsApp-Image-2023-08-26-at-00.38.14.jpeg","datePublished":"2023-08-26T03:44:00+00:00","dateModified":"2023-08-26T03:44:04+00:00","author":{"@id":"https:\/\/folhapopular.info\/#\/schema\/person\/533a15f60cd49e81ab3a90b4ca33cb36"},"breadcrumb":{"@id":"https:\/\/folhapopular.info\/index.php\/2023\/08\/26\/aberto-de-futsal-de-imigrante-conheceu-os-campeoes\/#breadcrumb"},"inLanguage":"pt-BR","potentialAction":[{"@type":"ReadAction","target":["https:\/\/folhapopular.info\/index.php\/2023\/08\/26\/aberto-de-futsal-de-imigrante-conheceu-os-campeoes\/"]}]},{"@type":"ImageObject","inLanguage":"pt-BR","@id":"https:\/\/folhapopular.info\/index.php\/2023\/08\/26\/aberto-de-futsal-de-imigrante-conheceu-os-campeoes\/#primaryimage","url":"https:\/\/folhapopular.info\/wp-content\/uploads\/2023\/08\/WhatsApp-Image-2023-08-26-at-00.38.14.jpeg","contentUrl":"https:\/\/folhapopular.info\/wp-content\/uploads\/2023\/08\/WhatsApp-Image-2023-08-26-at-00.38.14.jpeg","width":1600,"height":1200,"caption":"Equipes Sangue Frio A e B decidiram o t\u00edtulo do For\u00e7a Livre \/\/ Cr\u00e9dito: Bianca Let\u00edcia Fritscher \/ Especial FP"},{"@type":"BreadcrumbList","@id":"https:\/\/folhapopular.info\/index.php\/2023\/08\/26\/aberto-de-futsal-de-imigrante-conheceu-os-campeoes\/#breadcrumb","itemListElement":[{"@type":"ListItem","position":1,"name":"In\u00edcio","item":"https:\/\/folhapopular.info\/"},{"@type":"ListItem","position":2,"name":"Aberto de Futsal de Imigrante conheceu os campe\u00f5es"}]},{"@type":"WebSite","@id":"https:\/\/folhapopular.info\/#website","url":"https:\/\/folhapopular.info\/","name":"Folha Popular","description":"Onde voc\u00ea tem vez e voz","potentialAction":[{"@type":"SearchAction","target":{"@type":"EntryPoint","urlTemplate":"https:\/\/folhapopular.info\/?s={search_term_string}"},"query-input":{"@type":"PropertyValueSpecification","valueRequired":true,"valueName":"search_term_string"}}],"inLanguage":"pt-BR"},{"@type":"Person","@id":"https:\/\/folhapopular.info\/#\/schema\/person\/533a15f60cd49e81ab3a90b4ca33cb36","name":"Lucas Leandro Brune","image":{"@type":"ImageObject","inLanguage":"pt-BR","@id":"https:\/\/folhapopular.info\/wp-content\/uploads\/2026\/04\/LUCAS-1-1.webp","url":"https:\/\/folhapopular.info\/wp-content\/uploads\/2026\/04\/LUCAS-1-1.webp","contentUrl":"https:\/\/folhapopular.info\/wp-content\/uploads\/2026\/04\/LUCAS-1-1.webp","caption":"Lucas Leandro Brune"},"description":"Jornalista Profissional Diplomado MTB\/RS 14.333","url":"https:\/\/folhapopular.info\/index.php\/author\/lucas-brune\/"}]}},"jetpack_featured_media_url":"https:\/\/folhapopular.info\/wp-content\/uploads\/2023\/08\/WhatsApp-Image-2023-08-26-at-00.38.14.jpeg","jetpack_sharing_enabled":true,"amp_enabled":true,"_links":{"self":[{"href":"https:\/\/folhapopular.info\/index.php\/wp-json\/wp\/v2\/posts\/138526","targetHints":{"allow":["GET"]}}],"collection":[{"href":"https:\/\/folhapopular.info\/index.php\/wp-json\/wp\/v2\/posts"}],"about":[{"href":"https:\/\/folhapopular.info\/index.php\/wp-json\/wp\/v2\/types\/post"}],"author":[{"embeddable":true,"href":"https:\/\/folhapopular.info\/index.php\/wp-json\/wp\/v2\/users\/7"}],"replies":[{"embeddable":true,"href":"https:\/\/folhapopular.info\/index.php\/wp-json\/wp\/v2\/comments?post=138526"}],"version-history":[{"count":0,"href":"https:\/\/folhapopular.info\/index.php\/wp-json\/wp\/v2\/posts\/138526\/revisions"}],"wp:featuredmedia":[{"embeddable":true,"href":"https:\/\/folhapopular.info\/index.php\/wp-json\/wp\/v2\/media\/138560"}],"wp:attachment":[{"href":"https:\/\/folhapopular.info\/index.php\/wp-json\/wp\/v2\/media?parent=138526"}],"wp:term":[{"taxonomy":"category","embeddable":true,"href":"https:\/\/folhapopular.info\/index.php\/wp-json\/wp\/v2\/categories?post=138526"},{"taxonomy":"post_tag","embeddable":true,"href":"https:\/\/folhapopular.info\/index.php\/wp-json\/wp\/v2\/tags?post=138526"}],"curies":[{"name":"wp","href":"https:\/\/api.w.org\/{rel}","templated":true}]}}