{"id":138588,"date":"2023-08-27T09:41:22","date_gmt":"2023-08-27T12:41:22","guid":{"rendered":"https:\/\/folhapopular.info\/?p=138588"},"modified":"2023-08-27T16:10:57","modified_gmt":"2023-08-27T19:10:57","slug":"palestra-com-paratleta-larissa-rodrigues-encerra-semana-da-pessoa-com-deficiencia-da-apae-teutonia","status":"publish","type":"post","link":"https:\/\/folhapopular.info\/index.php\/2023\/08\/27\/palestra-com-paratleta-larissa-rodrigues-encerra-semana-da-pessoa-com-deficiencia-da-apae-teutonia\/","title":{"rendered":"Palestra com paratleta Larissa Rodrigues encerra Semana da Pessoa com Defici\u00eancia da Apae Teut\u00f4nia"},"content":{"rendered":"\n<p>A Semana Nacional da Pessoa com Defici\u00eancia Intelectual e M\u00faltipla da Apae Teut\u00f4nia encerrou nesse s\u00e1bado (26\/8), com um momento muito especial. No audit\u00f3rio da Sicredi Ouro Branco, recebeu a palestra da paratleta medalhista mundial da nata\u00e7\u00e3o, Larissa Rodrigues.<\/p>\n\n\n\n<p>Larissa compartilhou sua hist\u00f3ria de vida e trajet\u00f3ria como atleta. Ela, que tinha expectativa de vida de 6 anos, hoje est\u00e1 com 18 anos. Com 3 anos foi adota, e sua hist\u00f3ria come\u00e7ou a mudar. Se interessou pelo esporte ainda nas aulas de educa\u00e7\u00e3o f\u00edsica. Come\u00e7ou a praticar atletismo, e para participar de um Campeonato Paradesportivo Estudantil do Rio Grande do Sul (Paracergs) ingressou na nata\u00e7\u00e3o, se destacando j\u00e1 nas primeiras competi\u00e7\u00f5es. Em 2022, conquistou duas medalhas de bronze no mundial de Nata\u00e7\u00e3o Paral\u00edmpica.<\/p>\n\n\n\n<p>Na palestra intitulada &#8220;Sem Limites&#8221; a proposta foi justamente mostrar para as pessoas que n\u00e3o h\u00e1 limites para seus sonhos e objetivos. &#8220;Desde que voc\u00ea decida fazer a diferen\u00e7a na sociedade. Desejo que as pessoas saiam com uma mente diferenciada, sabendo que existem sim muitas pessoas com defici\u00eancia, que podemos sim ter algumas dificuldades em alguns aspectos, mas que isso n\u00e3o nos limita. Encontramos muitos olhares e falas que podem afetar o emocional, mas a vida pode ser tamb\u00e9m aproveitada com coisas boas e ben\u00e9ficas&#8221;, declara.<\/p>\n\n\n\n<p>A palestra reuniu diversas fam\u00edlias, alunos e usu\u00e1rios da Apae, al\u00e9m da equipe e diretoria da entidade, e pessoas da comunidade que acompanharam o momento. Foi um momento de grande emo\u00e7\u00e3o e tamb\u00e9m inspira\u00e7\u00e3o, principalmente para os alunos e usu\u00e1rios da escola.<\/p>\n\n\n\n<p>A Semana Nacional da Pessoa com Defici\u00eancia Intelectual e M\u00faltipla da Apae 2023 teve extensa programa\u00e7\u00e3o de segunda a s\u00e1bado. Encontro entre Apaes, atividades em sala de aula, apresenta\u00e7\u00f5es art\u00edsticas e culturais, recrea\u00e7\u00e3o para as crian\u00e7as, e a tradicional Balada Especial para os alunos mais velhos. &#8220;Acredito que muitas fam\u00edlias v\u00e3o sair daqui com outro olhar. Agrade\u00e7o que essa semana tenha sido t\u00e3o maravilhosa. Foi intenso, estamos cansados, mas fazemos de cora\u00e7\u00e3o. A Semana da Pessoa com Defici\u00eancia a gente n\u00e3o comemora, mas \u00e9 para trazer pessoas como a Larissa com uma hist\u00f3ria de vida que pode ser linda, n\u00e3o deixar o mundo dizer para a gente o que pode ou n\u00e3o pode fazer, onde podemos ir ou estar, e \u00e9 isso que pensamos como Apae&#8221;, aponta a diretora da escola, Raquel Brackmann.<\/p>\n\n\n\n<figure class=\"wp-block-image size-large\"><img loading=\"lazy\" decoding=\"async\" width=\"1024\" height=\"768\" src=\"https:\/\/folhapopular.info\/wp-content\/uploads\/2023\/08\/WhatsApp-Image-2023-08-27-at-09.36.09-e1693139953823-1024x768.jpeg\" alt=\"\" class=\"wp-image-138593\" srcset=\"https:\/\/folhapopular.info\/wp-content\/uploads\/2023\/08\/WhatsApp-Image-2023-08-27-at-09.36.09-e1693139953823-1024x768.jpeg 1024w, https:\/\/folhapopular.info\/wp-content\/uploads\/2023\/08\/WhatsApp-Image-2023-08-27-at-09.36.09-e1693139953823-300x225.jpeg 300w, https:\/\/folhapopular.info\/wp-content\/uploads\/2023\/08\/WhatsApp-Image-2023-08-27-at-09.36.09-e1693139953823-768x576.jpeg 768w, https:\/\/folhapopular.info\/wp-content\/uploads\/2023\/08\/WhatsApp-Image-2023-08-27-at-09.36.09-e1693139953823-696x522.jpeg 696w, https:\/\/folhapopular.info\/wp-content\/uploads\/2023\/08\/WhatsApp-Image-2023-08-27-at-09.36.09-e1693139953823-1068x801.jpeg 1068w, https:\/\/folhapopular.info\/wp-content\/uploads\/2023\/08\/WhatsApp-Image-2023-08-27-at-09.36.09-e1693139953823.jpeg 1200w\" sizes=\"auto, (max-width: 1024px) 100vw, 1024px\" \/><figcaption class=\"wp-element-caption\">Larissa recebeu uma lembran\u00e7a da presidente da Apae, Eliane Abel \/ Cr\u00e9dito da foto: Paloma Griesang<\/figcaption><\/figure>\n","protected":false},"excerpt":{"rendered":"<p>A Semana Nacional da Pessoa com Defici\u00eancia Intelectual e M\u00faltipla da Apae Teut\u00f4nia encerrou nesse s\u00e1bado (26\/8), com um momento muito especial. No audit\u00f3rio da Sicredi Ouro Branco, recebeu a palestra da paratleta medalhista mundial da nata\u00e7\u00e3o, Larissa Rodrigues. Larissa compartilhou sua hist\u00f3ria de vida e trajet\u00f3ria como atleta. Ela, que tinha expectativa de vida [&hellip;]<\/p>\n","protected":false},"author":5,"featured_media":138594,"comment_status":"open","ping_status":"open","sticky":false,"template":"","format":"standard","meta":{"pmpro_default_level":"","_jetpack_memberships_contains_paid_content":false,"footnotes":""},"categories":[2,3],"tags":[],"class_list":{"0":"post-138588","1":"post","2":"type-post","3":"status-publish","4":"format-standard","5":"has-post-thumbnail","7":"category-featured","8":"category-geral","9":"pmpro-has-access"},"yoast_head":"<!-- This site is optimized with the Yoast SEO plugin v27.4 - https:\/\/yoast.com\/product\/yoast-seo-wordpress\/ -->\n<title>Palestra com paratleta Larissa Rodrigues encerra Semana da Pessoa com Defici\u00eancia da Apae Teut\u00f4nia - Folha Popular<\/title>\n<meta name=\"robots\" content=\"index, follow, max-snippet:-1, max-image-preview:large, max-video-preview:-1\" \/>\n<link rel=\"canonical\" href=\"https:\/\/folhapopular.info\/index.php\/2023\/08\/27\/palestra-com-paratleta-larissa-rodrigues-encerra-semana-da-pessoa-com-deficiencia-da-apae-teutonia\/\" \/>\n<meta property=\"og:locale\" content=\"pt_BR\" \/>\n<meta property=\"og:type\" content=\"article\" \/>\n<meta property=\"og:title\" content=\"Palestra com paratleta Larissa Rodrigues encerra Semana da Pessoa com Defici\u00eancia da Apae Teut\u00f4nia - Folha Popular\" \/>\n<meta property=\"og:description\" content=\"A Semana Nacional da Pessoa com Defici\u00eancia Intelectual e M\u00faltipla da Apae Teut\u00f4nia encerrou nesse s\u00e1bado (26\/8), com um momento muito especial. No audit\u00f3rio da Sicredi Ouro Branco, recebeu a palestra da paratleta medalhista mundial da nata\u00e7\u00e3o, Larissa Rodrigues. Larissa compartilhou sua hist\u00f3ria de vida e trajet\u00f3ria como atleta. Ela, que tinha expectativa de vida [&hellip;]\" \/>\n<meta property=\"og:url\" content=\"https:\/\/folhapopular.info\/index.php\/2023\/08\/27\/palestra-com-paratleta-larissa-rodrigues-encerra-semana-da-pessoa-com-deficiencia-da-apae-teutonia\/\" \/>\n<meta property=\"og:site_name\" content=\"Folha Popular\" \/>\n<meta property=\"article:published_time\" content=\"2023-08-27T12:41:22+00:00\" \/>\n<meta property=\"article:modified_time\" content=\"2023-08-27T19:10:57+00:00\" \/>\n<meta property=\"og:image\" content=\"http:\/\/folhapopular.info\/wp-content\/uploads\/2023\/08\/WhatsApp-Image-2023-08-27-at-09.36.08-e1693140052934.jpeg\" \/>\n\t<meta property=\"og:image:width\" content=\"1200\" \/>\n\t<meta property=\"og:image:height\" content=\"900\" \/>\n\t<meta property=\"og:image:type\" content=\"image\/jpeg\" \/>\n<meta name=\"author\" content=\"Paloma Cristine Griesang\" \/>\n<meta name=\"twitter:card\" content=\"summary_large_image\" \/>\n<meta name=\"twitter:label1\" content=\"Escrito por\" \/>\n\t<meta name=\"twitter:data1\" content=\"Paloma Cristine Griesang\" \/>\n\t<meta name=\"twitter:label2\" content=\"Est. tempo de leitura\" \/>\n\t<meta name=\"twitter:data2\" content=\"3 minutos\" \/>\n<script type=\"application\/ld+json\" class=\"yoast-schema-graph\">{\"@context\":\"https:\\\/\\\/schema.org\",\"@graph\":[{\"@type\":\"Article\",\"@id\":\"https:\\\/\\\/folhapopular.info\\\/index.php\\\/2023\\\/08\\\/27\\\/palestra-com-paratleta-larissa-rodrigues-encerra-semana-da-pessoa-com-deficiencia-da-apae-teutonia\\\/#article\",\"isPartOf\":{\"@id\":\"https:\\\/\\\/folhapopular.info\\\/index.php\\\/2023\\\/08\\\/27\\\/palestra-com-paratleta-larissa-rodrigues-encerra-semana-da-pessoa-com-deficiencia-da-apae-teutonia\\\/\"},\"author\":{\"name\":\"Paloma Cristine Griesang\",\"@id\":\"https:\\\/\\\/folhapopular.info\\\/#\\\/schema\\\/person\\\/6441c3adb14a6337552a9700ef5698d2\"},\"headline\":\"Palestra com paratleta Larissa Rodrigues encerra Semana da Pessoa com Defici\u00eancia da Apae Teut\u00f4nia\",\"datePublished\":\"2023-08-27T12:41:22+00:00\",\"dateModified\":\"2023-08-27T19:10:57+00:00\",\"mainEntityOfPage\":{\"@id\":\"https:\\\/\\\/folhapopular.info\\\/index.php\\\/2023\\\/08\\\/27\\\/palestra-com-paratleta-larissa-rodrigues-encerra-semana-da-pessoa-com-deficiencia-da-apae-teutonia\\\/\"},\"wordCount\":457,\"commentCount\":0,\"image\":{\"@id\":\"https:\\\/\\\/folhapopular.info\\\/index.php\\\/2023\\\/08\\\/27\\\/palestra-com-paratleta-larissa-rodrigues-encerra-semana-da-pessoa-com-deficiencia-da-apae-teutonia\\\/#primaryimage\"},\"thumbnailUrl\":\"https:\\\/\\\/folhapopular.info\\\/wp-content\\\/uploads\\\/2023\\\/08\\\/WhatsApp-Image-2023-08-27-at-09.36.08-e1693140052934.jpeg\",\"articleSection\":[\"Destaques\",\"Geral\"],\"inLanguage\":\"pt-BR\",\"potentialAction\":[{\"@type\":\"CommentAction\",\"name\":\"Comment\",\"target\":[\"https:\\\/\\\/folhapopular.info\\\/index.php\\\/2023\\\/08\\\/27\\\/palestra-com-paratleta-larissa-rodrigues-encerra-semana-da-pessoa-com-deficiencia-da-apae-teutonia\\\/#respond\"]}]},{\"@type\":\"WebPage\",\"@id\":\"https:\\\/\\\/folhapopular.info\\\/index.php\\\/2023\\\/08\\\/27\\\/palestra-com-paratleta-larissa-rodrigues-encerra-semana-da-pessoa-com-deficiencia-da-apae-teutonia\\\/\",\"url\":\"https:\\\/\\\/folhapopular.info\\\/index.php\\\/2023\\\/08\\\/27\\\/palestra-com-paratleta-larissa-rodrigues-encerra-semana-da-pessoa-com-deficiencia-da-apae-teutonia\\\/\",\"name\":\"Palestra com paratleta Larissa Rodrigues encerra Semana da Pessoa com Defici\u00eancia da Apae Teut\u00f4nia - Folha Popular\",\"isPartOf\":{\"@id\":\"https:\\\/\\\/folhapopular.info\\\/#website\"},\"primaryImageOfPage\":{\"@id\":\"https:\\\/\\\/folhapopular.info\\\/index.php\\\/2023\\\/08\\\/27\\\/palestra-com-paratleta-larissa-rodrigues-encerra-semana-da-pessoa-com-deficiencia-da-apae-teutonia\\\/#primaryimage\"},\"image\":{\"@id\":\"https:\\\/\\\/folhapopular.info\\\/index.php\\\/2023\\\/08\\\/27\\\/palestra-com-paratleta-larissa-rodrigues-encerra-semana-da-pessoa-com-deficiencia-da-apae-teutonia\\\/#primaryimage\"},\"thumbnailUrl\":\"https:\\\/\\\/folhapopular.info\\\/wp-content\\\/uploads\\\/2023\\\/08\\\/WhatsApp-Image-2023-08-27-at-09.36.08-e1693140052934.jpeg\",\"datePublished\":\"2023-08-27T12:41:22+00:00\",\"dateModified\":\"2023-08-27T19:10:57+00:00\",\"author\":{\"@id\":\"https:\\\/\\\/folhapopular.info\\\/#\\\/schema\\\/person\\\/6441c3adb14a6337552a9700ef5698d2\"},\"breadcrumb\":{\"@id\":\"https:\\\/\\\/folhapopular.info\\\/index.php\\\/2023\\\/08\\\/27\\\/palestra-com-paratleta-larissa-rodrigues-encerra-semana-da-pessoa-com-deficiencia-da-apae-teutonia\\\/#breadcrumb\"},\"inLanguage\":\"pt-BR\",\"potentialAction\":[{\"@type\":\"ReadAction\",\"target\":[\"https:\\\/\\\/folhapopular.info\\\/index.php\\\/2023\\\/08\\\/27\\\/palestra-com-paratleta-larissa-rodrigues-encerra-semana-da-pessoa-com-deficiencia-da-apae-teutonia\\\/\"]}]},{\"@type\":\"ImageObject\",\"inLanguage\":\"pt-BR\",\"@id\":\"https:\\\/\\\/folhapopular.info\\\/index.php\\\/2023\\\/08\\\/27\\\/palestra-com-paratleta-larissa-rodrigues-encerra-semana-da-pessoa-com-deficiencia-da-apae-teutonia\\\/#primaryimage\",\"url\":\"https:\\\/\\\/folhapopular.info\\\/wp-content\\\/uploads\\\/2023\\\/08\\\/WhatsApp-Image-2023-08-27-at-09.36.08-e1693140052934.jpeg\",\"contentUrl\":\"https:\\\/\\\/folhapopular.info\\\/wp-content\\\/uploads\\\/2023\\\/08\\\/WhatsApp-Image-2023-08-27-at-09.36.08-e1693140052934.jpeg\",\"width\":1200,\"height\":900,\"caption\":\"Na palestra, Larissa mostrar que n\u00e3o h\u00e1 limites para sonhos e objetivos \\\/ Cr\u00e9dito da foto: Paloma Griesang\"},{\"@type\":\"BreadcrumbList\",\"@id\":\"https:\\\/\\\/folhapopular.info\\\/index.php\\\/2023\\\/08\\\/27\\\/palestra-com-paratleta-larissa-rodrigues-encerra-semana-da-pessoa-com-deficiencia-da-apae-teutonia\\\/#breadcrumb\",\"itemListElement\":[{\"@type\":\"ListItem\",\"position\":1,\"name\":\"In\u00edcio\",\"item\":\"https:\\\/\\\/folhapopular.info\\\/\"},{\"@type\":\"ListItem\",\"position\":2,\"name\":\"Palestra com paratleta Larissa Rodrigues encerra Semana da Pessoa com Defici\u00eancia da Apae Teut\u00f4nia\"}]},{\"@type\":\"WebSite\",\"@id\":\"https:\\\/\\\/folhapopular.info\\\/#website\",\"url\":\"https:\\\/\\\/folhapopular.info\\\/\",\"name\":\"Folha Popular\",\"description\":\"Onde voc\u00ea tem vez e voz\",\"potentialAction\":[{\"@type\":\"SearchAction\",\"target\":{\"@type\":\"EntryPoint\",\"urlTemplate\":\"https:\\\/\\\/folhapopular.info\\\/?s={search_term_string}\"},\"query-input\":{\"@type\":\"PropertyValueSpecification\",\"valueRequired\":true,\"valueName\":\"search_term_string\"}}],\"inLanguage\":\"pt-BR\"},{\"@type\":\"Person\",\"@id\":\"https:\\\/\\\/folhapopular.info\\\/#\\\/schema\\\/person\\\/6441c3adb14a6337552a9700ef5698d2\",\"name\":\"Paloma Cristine Griesang\",\"image\":{\"@type\":\"ImageObject\",\"inLanguage\":\"pt-BR\",\"@id\":\"https:\\\/\\\/secure.gravatar.com\\\/avatar\\\/7a1c3f1e1b05846882a13987cf3bd04239fe0ea8fd472d7d16d7f21c265005a5?s=96&d=mm&r=g\",\"url\":\"https:\\\/\\\/secure.gravatar.com\\\/avatar\\\/7a1c3f1e1b05846882a13987cf3bd04239fe0ea8fd472d7d16d7f21c265005a5?s=96&d=mm&r=g\",\"contentUrl\":\"https:\\\/\\\/secure.gravatar.com\\\/avatar\\\/7a1c3f1e1b05846882a13987cf3bd04239fe0ea8fd472d7d16d7f21c265005a5?s=96&d=mm&r=g\",\"caption\":\"Paloma Cristine Griesang\"},\"url\":\"https:\\\/\\\/folhapopular.info\\\/index.php\\\/author\\\/paloma-griesang\\\/\"}]}<\/script>\n<!-- \/ Yoast SEO plugin. -->","yoast_head_json":{"title":"Palestra com paratleta Larissa Rodrigues encerra Semana da Pessoa com Defici\u00eancia da Apae Teut\u00f4nia - Folha Popular","robots":{"index":"index","follow":"follow","max-snippet":"max-snippet:-1","max-image-preview":"max-image-preview:large","max-video-preview":"max-video-preview:-1"},"canonical":"https:\/\/folhapopular.info\/index.php\/2023\/08\/27\/palestra-com-paratleta-larissa-rodrigues-encerra-semana-da-pessoa-com-deficiencia-da-apae-teutonia\/","og_locale":"pt_BR","og_type":"article","og_title":"Palestra com paratleta Larissa Rodrigues encerra Semana da Pessoa com Defici\u00eancia da Apae Teut\u00f4nia - Folha Popular","og_description":"A Semana Nacional da Pessoa com Defici\u00eancia Intelectual e M\u00faltipla da Apae Teut\u00f4nia encerrou nesse s\u00e1bado (26\/8), com um momento muito especial. No audit\u00f3rio da Sicredi Ouro Branco, recebeu a palestra da paratleta medalhista mundial da nata\u00e7\u00e3o, Larissa Rodrigues. Larissa compartilhou sua hist\u00f3ria de vida e trajet\u00f3ria como atleta. Ela, que tinha expectativa de vida [&hellip;]","og_url":"https:\/\/folhapopular.info\/index.php\/2023\/08\/27\/palestra-com-paratleta-larissa-rodrigues-encerra-semana-da-pessoa-com-deficiencia-da-apae-teutonia\/","og_site_name":"Folha Popular","article_published_time":"2023-08-27T12:41:22+00:00","article_modified_time":"2023-08-27T19:10:57+00:00","og_image":[{"width":1200,"height":900,"url":"http:\/\/folhapopular.info\/wp-content\/uploads\/2023\/08\/WhatsApp-Image-2023-08-27-at-09.36.08-e1693140052934.jpeg","type":"image\/jpeg"}],"author":"Paloma Cristine Griesang","twitter_card":"summary_large_image","twitter_misc":{"Escrito por":"Paloma Cristine Griesang","Est. tempo de leitura":"3 minutos"},"schema":{"@context":"https:\/\/schema.org","@graph":[{"@type":"Article","@id":"https:\/\/folhapopular.info\/index.php\/2023\/08\/27\/palestra-com-paratleta-larissa-rodrigues-encerra-semana-da-pessoa-com-deficiencia-da-apae-teutonia\/#article","isPartOf":{"@id":"https:\/\/folhapopular.info\/index.php\/2023\/08\/27\/palestra-com-paratleta-larissa-rodrigues-encerra-semana-da-pessoa-com-deficiencia-da-apae-teutonia\/"},"author":{"name":"Paloma Cristine Griesang","@id":"https:\/\/folhapopular.info\/#\/schema\/person\/6441c3adb14a6337552a9700ef5698d2"},"headline":"Palestra com paratleta Larissa Rodrigues encerra Semana da Pessoa com Defici\u00eancia da Apae Teut\u00f4nia","datePublished":"2023-08-27T12:41:22+00:00","dateModified":"2023-08-27T19:10:57+00:00","mainEntityOfPage":{"@id":"https:\/\/folhapopular.info\/index.php\/2023\/08\/27\/palestra-com-paratleta-larissa-rodrigues-encerra-semana-da-pessoa-com-deficiencia-da-apae-teutonia\/"},"wordCount":457,"commentCount":0,"image":{"@id":"https:\/\/folhapopular.info\/index.php\/2023\/08\/27\/palestra-com-paratleta-larissa-rodrigues-encerra-semana-da-pessoa-com-deficiencia-da-apae-teutonia\/#primaryimage"},"thumbnailUrl":"https:\/\/folhapopular.info\/wp-content\/uploads\/2023\/08\/WhatsApp-Image-2023-08-27-at-09.36.08-e1693140052934.jpeg","articleSection":["Destaques","Geral"],"inLanguage":"pt-BR","potentialAction":[{"@type":"CommentAction","name":"Comment","target":["https:\/\/folhapopular.info\/index.php\/2023\/08\/27\/palestra-com-paratleta-larissa-rodrigues-encerra-semana-da-pessoa-com-deficiencia-da-apae-teutonia\/#respond"]}]},{"@type":"WebPage","@id":"https:\/\/folhapopular.info\/index.php\/2023\/08\/27\/palestra-com-paratleta-larissa-rodrigues-encerra-semana-da-pessoa-com-deficiencia-da-apae-teutonia\/","url":"https:\/\/folhapopular.info\/index.php\/2023\/08\/27\/palestra-com-paratleta-larissa-rodrigues-encerra-semana-da-pessoa-com-deficiencia-da-apae-teutonia\/","name":"Palestra com paratleta Larissa Rodrigues encerra Semana da Pessoa com Defici\u00eancia da Apae Teut\u00f4nia - Folha Popular","isPartOf":{"@id":"https:\/\/folhapopular.info\/#website"},"primaryImageOfPage":{"@id":"https:\/\/folhapopular.info\/index.php\/2023\/08\/27\/palestra-com-paratleta-larissa-rodrigues-encerra-semana-da-pessoa-com-deficiencia-da-apae-teutonia\/#primaryimage"},"image":{"@id":"https:\/\/folhapopular.info\/index.php\/2023\/08\/27\/palestra-com-paratleta-larissa-rodrigues-encerra-semana-da-pessoa-com-deficiencia-da-apae-teutonia\/#primaryimage"},"thumbnailUrl":"https:\/\/folhapopular.info\/wp-content\/uploads\/2023\/08\/WhatsApp-Image-2023-08-27-at-09.36.08-e1693140052934.jpeg","datePublished":"2023-08-27T12:41:22+00:00","dateModified":"2023-08-27T19:10:57+00:00","author":{"@id":"https:\/\/folhapopular.info\/#\/schema\/person\/6441c3adb14a6337552a9700ef5698d2"},"breadcrumb":{"@id":"https:\/\/folhapopular.info\/index.php\/2023\/08\/27\/palestra-com-paratleta-larissa-rodrigues-encerra-semana-da-pessoa-com-deficiencia-da-apae-teutonia\/#breadcrumb"},"inLanguage":"pt-BR","potentialAction":[{"@type":"ReadAction","target":["https:\/\/folhapopular.info\/index.php\/2023\/08\/27\/palestra-com-paratleta-larissa-rodrigues-encerra-semana-da-pessoa-com-deficiencia-da-apae-teutonia\/"]}]},{"@type":"ImageObject","inLanguage":"pt-BR","@id":"https:\/\/folhapopular.info\/index.php\/2023\/08\/27\/palestra-com-paratleta-larissa-rodrigues-encerra-semana-da-pessoa-com-deficiencia-da-apae-teutonia\/#primaryimage","url":"https:\/\/folhapopular.info\/wp-content\/uploads\/2023\/08\/WhatsApp-Image-2023-08-27-at-09.36.08-e1693140052934.jpeg","contentUrl":"https:\/\/folhapopular.info\/wp-content\/uploads\/2023\/08\/WhatsApp-Image-2023-08-27-at-09.36.08-e1693140052934.jpeg","width":1200,"height":900,"caption":"Na palestra, Larissa mostrar que n\u00e3o h\u00e1 limites para sonhos e objetivos \/ Cr\u00e9dito da foto: Paloma Griesang"},{"@type":"BreadcrumbList","@id":"https:\/\/folhapopular.info\/index.php\/2023\/08\/27\/palestra-com-paratleta-larissa-rodrigues-encerra-semana-da-pessoa-com-deficiencia-da-apae-teutonia\/#breadcrumb","itemListElement":[{"@type":"ListItem","position":1,"name":"In\u00edcio","item":"https:\/\/folhapopular.info\/"},{"@type":"ListItem","position":2,"name":"Palestra com paratleta Larissa Rodrigues encerra Semana da Pessoa com Defici\u00eancia da Apae Teut\u00f4nia"}]},{"@type":"WebSite","@id":"https:\/\/folhapopular.info\/#website","url":"https:\/\/folhapopular.info\/","name":"Folha Popular","description":"Onde voc\u00ea tem vez e voz","potentialAction":[{"@type":"SearchAction","target":{"@type":"EntryPoint","urlTemplate":"https:\/\/folhapopular.info\/?s={search_term_string}"},"query-input":{"@type":"PropertyValueSpecification","valueRequired":true,"valueName":"search_term_string"}}],"inLanguage":"pt-BR"},{"@type":"Person","@id":"https:\/\/folhapopular.info\/#\/schema\/person\/6441c3adb14a6337552a9700ef5698d2","name":"Paloma Cristine Griesang","image":{"@type":"ImageObject","inLanguage":"pt-BR","@id":"https:\/\/secure.gravatar.com\/avatar\/7a1c3f1e1b05846882a13987cf3bd04239fe0ea8fd472d7d16d7f21c265005a5?s=96&d=mm&r=g","url":"https:\/\/secure.gravatar.com\/avatar\/7a1c3f1e1b05846882a13987cf3bd04239fe0ea8fd472d7d16d7f21c265005a5?s=96&d=mm&r=g","contentUrl":"https:\/\/secure.gravatar.com\/avatar\/7a1c3f1e1b05846882a13987cf3bd04239fe0ea8fd472d7d16d7f21c265005a5?s=96&d=mm&r=g","caption":"Paloma Cristine Griesang"},"url":"https:\/\/folhapopular.info\/index.php\/author\/paloma-griesang\/"}]}},"jetpack_featured_media_url":"https:\/\/folhapopular.info\/wp-content\/uploads\/2023\/08\/WhatsApp-Image-2023-08-27-at-09.36.08-e1693140052934.jpeg","jetpack_sharing_enabled":true,"amp_enabled":true,"_links":{"self":[{"href":"https:\/\/folhapopular.info\/index.php\/wp-json\/wp\/v2\/posts\/138588","targetHints":{"allow":["GET"]}}],"collection":[{"href":"https:\/\/folhapopular.info\/index.php\/wp-json\/wp\/v2\/posts"}],"about":[{"href":"https:\/\/folhapopular.info\/index.php\/wp-json\/wp\/v2\/types\/post"}],"author":[{"embeddable":true,"href":"https:\/\/folhapopular.info\/index.php\/wp-json\/wp\/v2\/users\/5"}],"replies":[{"embeddable":true,"href":"https:\/\/folhapopular.info\/index.php\/wp-json\/wp\/v2\/comments?post=138588"}],"version-history":[{"count":0,"href":"https:\/\/folhapopular.info\/index.php\/wp-json\/wp\/v2\/posts\/138588\/revisions"}],"wp:featuredmedia":[{"embeddable":true,"href":"https:\/\/folhapopular.info\/index.php\/wp-json\/wp\/v2\/media\/138594"}],"wp:attachment":[{"href":"https:\/\/folhapopular.info\/index.php\/wp-json\/wp\/v2\/media?parent=138588"}],"wp:term":[{"taxonomy":"category","embeddable":true,"href":"https:\/\/folhapopular.info\/index.php\/wp-json\/wp\/v2\/categories?post=138588"},{"taxonomy":"post_tag","embeddable":true,"href":"https:\/\/folhapopular.info\/index.php\/wp-json\/wp\/v2\/tags?post=138588"}],"curies":[{"name":"wp","href":"https:\/\/api.w.org\/{rel}","templated":true}]}}