{"id":138661,"date":"2023-08-28T15:00:47","date_gmt":"2023-08-28T18:00:47","guid":{"rendered":"https:\/\/folhapopular.info\/?p=138661"},"modified":"2023-08-28T15:00:50","modified_gmt":"2023-08-28T18:00:50","slug":"jaque-weber-conquista-melhor-marca-de-sua-carreira-nos-1-500-metros","status":"publish","type":"post","link":"https:\/\/folhapopular.info\/index.php\/2023\/08\/28\/jaque-weber-conquista-melhor-marca-de-sua-carreira-nos-1-500-metros\/","title":{"rendered":"Jaque Weber conquista melhor marca de sua carreira nos 1.500 metros"},"content":{"rendered":"\n<p>A teutoniense Jaqueline Beatriz Weber participou das eliminat\u00f3rias do 19\u00ba Campeonato Mundial de Atletismo em Budapeste, na Hungria. A competi\u00e7\u00e3o come\u00e7ou no dia 19 de agosto e foi at\u00e9 esse domingo (27\/8), reunindo mais de 2 mil atletas, os melhores do mundo.<\/p>\n\n\n\n<p>No s\u00e1bado passado, Jaque competiu na prova dos 1.500 metros. Ela n\u00e3o avan\u00e7ou de fase, mas fez a melhor marca de sua carreira, 4min14seg46. A marca \u00e9 um novo recorde ga\u00facho.<\/p>\n\n\n\n<p>\u201cFoi uma sensa\u00e7\u00e3o \u00fanica e indescrit\u00edvel. Foi minha primeira participa\u00e7\u00e3o nesta competi\u00e7\u00e3o que tem um n\u00edvel t\u00e9cnico similar aos Jogos Ol\u00edmpicos. Fabiano j\u00e1 me relatava anteriormente o qu\u00e3o incr\u00edvel era essa experi\u00eancia, mas s\u00f3 estando ali, aquecendo, sentindo um p\u00fablico de mais de 30 mil pessoas para entender, de fato, o qu\u00e3o m\u00e1gico \u00e9. Essa experi\u00eancia foi um combust\u00edvel para as Olimp\u00edadas de 2024. S\u00f3 tenho a agradecer ao Fabiano, que nunca mediu esfor\u00e7os para me ajudar, \u00e0 minha equipe e patrocinadores\u201d, destaca a atleta.<\/p>\n\n\n\n<p>Jaque foi a segunda brasileira a disputar os 1.500 metros na hist\u00f3ria do Mundial. Antes dela, apenas Soraya Vieira Telles participou da edi\u00e7\u00e3o de 1993 em Stuttgart, na Alemanha.<\/p>\n\n\n\n<p>Agora, a teutoniense se prepara para os Jogos Pan-Americanos no m\u00eas de novembro, em Santiago, no Chile. \u201cUm grande objetivo do segundo semestre. Quero ainda mais estar em Paris em 2024 pra viver tudo isso de novo. Quero estar melhor, ser mais competitiva e, quem sabe, avan\u00e7ar para a fase semifinal\u201d, deseja.<\/p>\n","protected":false},"excerpt":{"rendered":"<p>A teutoniense Jaqueline Beatriz Weber participou das eliminat\u00f3rias do 19\u00ba Campeonato Mundial de Atletismo em Budapeste, na Hungria. A competi\u00e7\u00e3o come\u00e7ou no dia 19 de agosto e foi at\u00e9 esse domingo (27\/8), reunindo mais de 2 mil atletas, os melhores do mundo. No s\u00e1bado passado, Jaque competiu na prova dos 1.500 metros. Ela n\u00e3o avan\u00e7ou [&hellip;]<\/p>\n","protected":false},"author":601,"featured_media":138662,"comment_status":"open","ping_status":"open","sticky":false,"template":"","format":"standard","meta":{"pmpro_default_level":"","_jetpack_memberships_contains_paid_content":false,"footnotes":""},"categories":[5],"tags":[10130,80,137,4939,8580],"class_list":{"0":"post-138661","1":"post","2":"type-post","3":"status-publish","4":"format-standard","5":"has-post-thumbnail","7":"category-esportes","8":"tag-1-500-metros","9":"tag-atletismo","10":"tag-esporte","11":"tag-jaque-weber","12":"tag-melhor-marca","13":"pmpro-has-access"},"yoast_head":"<!-- This site is optimized with the Yoast SEO plugin v27.5 - https:\/\/yoast.com\/product\/yoast-seo-wordpress\/ -->\n<title>Jaque Weber conquista melhor marca de sua carreira nos 1.500 metros - Folha Popular<\/title>\n<meta name=\"robots\" content=\"index, follow, max-snippet:-1, max-image-preview:large, max-video-preview:-1\" \/>\n<link rel=\"canonical\" href=\"https:\/\/folhapopular.info\/index.php\/2023\/08\/28\/jaque-weber-conquista-melhor-marca-de-sua-carreira-nos-1-500-metros\/\" \/>\n<meta property=\"og:locale\" content=\"pt_BR\" \/>\n<meta property=\"og:type\" content=\"article\" \/>\n<meta property=\"og:title\" content=\"Jaque Weber conquista melhor marca de sua carreira nos 1.500 metros - Folha Popular\" \/>\n<meta property=\"og:description\" content=\"A teutoniense Jaqueline Beatriz Weber participou das eliminat\u00f3rias do 19\u00ba Campeonato Mundial de Atletismo em Budapeste, na Hungria. A competi\u00e7\u00e3o come\u00e7ou no dia 19 de agosto e foi at\u00e9 esse domingo (27\/8), reunindo mais de 2 mil atletas, os melhores do mundo. No s\u00e1bado passado, Jaque competiu na prova dos 1.500 metros. Ela n\u00e3o avan\u00e7ou [&hellip;]\" \/>\n<meta property=\"og:url\" content=\"https:\/\/folhapopular.info\/index.php\/2023\/08\/28\/jaque-weber-conquista-melhor-marca-de-sua-carreira-nos-1-500-metros\/\" \/>\n<meta property=\"og:site_name\" content=\"Folha Popular\" \/>\n<meta property=\"article:published_time\" content=\"2023-08-28T18:00:47+00:00\" \/>\n<meta property=\"article:modified_time\" content=\"2023-08-28T18:00:50+00:00\" \/>\n<meta property=\"og:image\" content=\"http:\/\/folhapopular.info\/wp-content\/uploads\/2023\/08\/WhatsApp-Image-2023-08-25-at-17.16.06.jpeg\" \/>\n\t<meta property=\"og:image:width\" content=\"692\" \/>\n\t<meta property=\"og:image:height\" content=\"1024\" \/>\n\t<meta property=\"og:image:type\" content=\"image\/jpeg\" \/>\n<meta name=\"author\" content=\"Carla Beckmann\" \/>\n<meta name=\"twitter:card\" content=\"summary_large_image\" \/>\n<meta name=\"twitter:label1\" content=\"Escrito por\" \/>\n\t<meta name=\"twitter:data1\" content=\"Carla Beckmann\" \/>\n\t<meta name=\"twitter:label2\" content=\"Est. tempo de leitura\" \/>\n\t<meta name=\"twitter:data2\" content=\"2 minutos\" \/>\n<script type=\"application\/ld+json\" class=\"yoast-schema-graph\">{\"@context\":\"https:\\\/\\\/schema.org\",\"@graph\":[{\"@type\":\"Article\",\"@id\":\"https:\\\/\\\/folhapopular.info\\\/index.php\\\/2023\\\/08\\\/28\\\/jaque-weber-conquista-melhor-marca-de-sua-carreira-nos-1-500-metros\\\/#article\",\"isPartOf\":{\"@id\":\"https:\\\/\\\/folhapopular.info\\\/index.php\\\/2023\\\/08\\\/28\\\/jaque-weber-conquista-melhor-marca-de-sua-carreira-nos-1-500-metros\\\/\"},\"author\":{\"name\":\"Carla Beckmann\",\"@id\":\"https:\\\/\\\/folhapopular.info\\\/#\\\/schema\\\/person\\\/c9138938e4781f3e1ca513f9bea5659c\"},\"headline\":\"Jaque Weber conquista melhor marca de sua carreira nos 1.500 metros\",\"datePublished\":\"2023-08-28T18:00:47+00:00\",\"dateModified\":\"2023-08-28T18:00:50+00:00\",\"mainEntityOfPage\":{\"@id\":\"https:\\\/\\\/folhapopular.info\\\/index.php\\\/2023\\\/08\\\/28\\\/jaque-weber-conquista-melhor-marca-de-sua-carreira-nos-1-500-metros\\\/\"},\"wordCount\":265,\"commentCount\":0,\"image\":{\"@id\":\"https:\\\/\\\/folhapopular.info\\\/index.php\\\/2023\\\/08\\\/28\\\/jaque-weber-conquista-melhor-marca-de-sua-carreira-nos-1-500-metros\\\/#primaryimage\"},\"thumbnailUrl\":\"https:\\\/\\\/folhapopular.info\\\/wp-content\\\/uploads\\\/2023\\\/08\\\/WhatsApp-Image-2023-08-25-at-17.16.06.jpeg\",\"keywords\":[\"1.500 metros\",\"Atletismo\",\"Esporte\",\"Jaque Weber\",\"Melhor marca\"],\"articleSection\":[\"Esportes\"],\"inLanguage\":\"pt-BR\",\"potentialAction\":[{\"@type\":\"CommentAction\",\"name\":\"Comment\",\"target\":[\"https:\\\/\\\/folhapopular.info\\\/index.php\\\/2023\\\/08\\\/28\\\/jaque-weber-conquista-melhor-marca-de-sua-carreira-nos-1-500-metros\\\/#respond\"]}]},{\"@type\":\"WebPage\",\"@id\":\"https:\\\/\\\/folhapopular.info\\\/index.php\\\/2023\\\/08\\\/28\\\/jaque-weber-conquista-melhor-marca-de-sua-carreira-nos-1-500-metros\\\/\",\"url\":\"https:\\\/\\\/folhapopular.info\\\/index.php\\\/2023\\\/08\\\/28\\\/jaque-weber-conquista-melhor-marca-de-sua-carreira-nos-1-500-metros\\\/\",\"name\":\"Jaque Weber conquista melhor marca de sua carreira nos 1.500 metros - Folha Popular\",\"isPartOf\":{\"@id\":\"https:\\\/\\\/folhapopular.info\\\/#website\"},\"primaryImageOfPage\":{\"@id\":\"https:\\\/\\\/folhapopular.info\\\/index.php\\\/2023\\\/08\\\/28\\\/jaque-weber-conquista-melhor-marca-de-sua-carreira-nos-1-500-metros\\\/#primaryimage\"},\"image\":{\"@id\":\"https:\\\/\\\/folhapopular.info\\\/index.php\\\/2023\\\/08\\\/28\\\/jaque-weber-conquista-melhor-marca-de-sua-carreira-nos-1-500-metros\\\/#primaryimage\"},\"thumbnailUrl\":\"https:\\\/\\\/folhapopular.info\\\/wp-content\\\/uploads\\\/2023\\\/08\\\/WhatsApp-Image-2023-08-25-at-17.16.06.jpeg\",\"datePublished\":\"2023-08-28T18:00:47+00:00\",\"dateModified\":\"2023-08-28T18:00:50+00:00\",\"author\":{\"@id\":\"https:\\\/\\\/folhapopular.info\\\/#\\\/schema\\\/person\\\/c9138938e4781f3e1ca513f9bea5659c\"},\"breadcrumb\":{\"@id\":\"https:\\\/\\\/folhapopular.info\\\/index.php\\\/2023\\\/08\\\/28\\\/jaque-weber-conquista-melhor-marca-de-sua-carreira-nos-1-500-metros\\\/#breadcrumb\"},\"inLanguage\":\"pt-BR\",\"potentialAction\":[{\"@type\":\"ReadAction\",\"target\":[\"https:\\\/\\\/folhapopular.info\\\/index.php\\\/2023\\\/08\\\/28\\\/jaque-weber-conquista-melhor-marca-de-sua-carreira-nos-1-500-metros\\\/\"]}]},{\"@type\":\"ImageObject\",\"inLanguage\":\"pt-BR\",\"@id\":\"https:\\\/\\\/folhapopular.info\\\/index.php\\\/2023\\\/08\\\/28\\\/jaque-weber-conquista-melhor-marca-de-sua-carreira-nos-1-500-metros\\\/#primaryimage\",\"url\":\"https:\\\/\\\/folhapopular.info\\\/wp-content\\\/uploads\\\/2023\\\/08\\\/WhatsApp-Image-2023-08-25-at-17.16.06.jpeg\",\"contentUrl\":\"https:\\\/\\\/folhapopular.info\\\/wp-content\\\/uploads\\\/2023\\\/08\\\/WhatsApp-Image-2023-08-25-at-17.16.06.jpeg\",\"width\":692,\"height\":1024,\"caption\":\"A conquista de Jaque tamb\u00e9m \u00e9 um novo recorde ga\u00facho \\\/ Cr\u00e9dito: Wagner do Carmo \\\/ Divulga\u00e7\u00e3o\"},{\"@type\":\"BreadcrumbList\",\"@id\":\"https:\\\/\\\/folhapopular.info\\\/index.php\\\/2023\\\/08\\\/28\\\/jaque-weber-conquista-melhor-marca-de-sua-carreira-nos-1-500-metros\\\/#breadcrumb\",\"itemListElement\":[{\"@type\":\"ListItem\",\"position\":1,\"name\":\"In\u00edcio\",\"item\":\"https:\\\/\\\/folhapopular.info\\\/\"},{\"@type\":\"ListItem\",\"position\":2,\"name\":\"Jaque Weber conquista melhor marca de sua carreira nos 1.500 metros\"}]},{\"@type\":\"WebSite\",\"@id\":\"https:\\\/\\\/folhapopular.info\\\/#website\",\"url\":\"https:\\\/\\\/folhapopular.info\\\/\",\"name\":\"Folha Popular\",\"description\":\"Onde voc\u00ea tem vez e voz\",\"potentialAction\":[{\"@type\":\"SearchAction\",\"target\":{\"@type\":\"EntryPoint\",\"urlTemplate\":\"https:\\\/\\\/folhapopular.info\\\/?s={search_term_string}\"},\"query-input\":{\"@type\":\"PropertyValueSpecification\",\"valueRequired\":true,\"valueName\":\"search_term_string\"}}],\"inLanguage\":\"pt-BR\"},{\"@type\":\"Person\",\"@id\":\"https:\\\/\\\/folhapopular.info\\\/#\\\/schema\\\/person\\\/c9138938e4781f3e1ca513f9bea5659c\",\"name\":\"Carla Beckmann\",\"image\":{\"@type\":\"ImageObject\",\"inLanguage\":\"pt-BR\",\"@id\":\"https:\\\/\\\/secure.gravatar.com\\\/avatar\\\/790078f6ade9f70c31db5a673b88c15df0904c2847c456b3599f72843ac11eb9?s=96&d=mm&r=g\",\"url\":\"https:\\\/\\\/secure.gravatar.com\\\/avatar\\\/790078f6ade9f70c31db5a673b88c15df0904c2847c456b3599f72843ac11eb9?s=96&d=mm&r=g\",\"contentUrl\":\"https:\\\/\\\/secure.gravatar.com\\\/avatar\\\/790078f6ade9f70c31db5a673b88c15df0904c2847c456b3599f72843ac11eb9?s=96&d=mm&r=g\",\"caption\":\"Carla Beckmann\"},\"url\":\"https:\\\/\\\/folhapopular.info\\\/index.php\\\/author\\\/carlabeckmann03gmail-com\\\/\"}]}<\/script>\n<!-- \/ Yoast SEO plugin. -->","yoast_head_json":{"title":"Jaque Weber conquista melhor marca de sua carreira nos 1.500 metros - Folha Popular","robots":{"index":"index","follow":"follow","max-snippet":"max-snippet:-1","max-image-preview":"max-image-preview:large","max-video-preview":"max-video-preview:-1"},"canonical":"https:\/\/folhapopular.info\/index.php\/2023\/08\/28\/jaque-weber-conquista-melhor-marca-de-sua-carreira-nos-1-500-metros\/","og_locale":"pt_BR","og_type":"article","og_title":"Jaque Weber conquista melhor marca de sua carreira nos 1.500 metros - Folha Popular","og_description":"A teutoniense Jaqueline Beatriz Weber participou das eliminat\u00f3rias do 19\u00ba Campeonato Mundial de Atletismo em Budapeste, na Hungria. A competi\u00e7\u00e3o come\u00e7ou no dia 19 de agosto e foi at\u00e9 esse domingo (27\/8), reunindo mais de 2 mil atletas, os melhores do mundo. No s\u00e1bado passado, Jaque competiu na prova dos 1.500 metros. Ela n\u00e3o avan\u00e7ou [&hellip;]","og_url":"https:\/\/folhapopular.info\/index.php\/2023\/08\/28\/jaque-weber-conquista-melhor-marca-de-sua-carreira-nos-1-500-metros\/","og_site_name":"Folha Popular","article_published_time":"2023-08-28T18:00:47+00:00","article_modified_time":"2023-08-28T18:00:50+00:00","og_image":[{"width":692,"height":1024,"url":"http:\/\/folhapopular.info\/wp-content\/uploads\/2023\/08\/WhatsApp-Image-2023-08-25-at-17.16.06.jpeg","type":"image\/jpeg"}],"author":"Carla Beckmann","twitter_card":"summary_large_image","twitter_misc":{"Escrito por":"Carla Beckmann","Est. tempo de leitura":"2 minutos"},"schema":{"@context":"https:\/\/schema.org","@graph":[{"@type":"Article","@id":"https:\/\/folhapopular.info\/index.php\/2023\/08\/28\/jaque-weber-conquista-melhor-marca-de-sua-carreira-nos-1-500-metros\/#article","isPartOf":{"@id":"https:\/\/folhapopular.info\/index.php\/2023\/08\/28\/jaque-weber-conquista-melhor-marca-de-sua-carreira-nos-1-500-metros\/"},"author":{"name":"Carla Beckmann","@id":"https:\/\/folhapopular.info\/#\/schema\/person\/c9138938e4781f3e1ca513f9bea5659c"},"headline":"Jaque Weber conquista melhor marca de sua carreira nos 1.500 metros","datePublished":"2023-08-28T18:00:47+00:00","dateModified":"2023-08-28T18:00:50+00:00","mainEntityOfPage":{"@id":"https:\/\/folhapopular.info\/index.php\/2023\/08\/28\/jaque-weber-conquista-melhor-marca-de-sua-carreira-nos-1-500-metros\/"},"wordCount":265,"commentCount":0,"image":{"@id":"https:\/\/folhapopular.info\/index.php\/2023\/08\/28\/jaque-weber-conquista-melhor-marca-de-sua-carreira-nos-1-500-metros\/#primaryimage"},"thumbnailUrl":"https:\/\/folhapopular.info\/wp-content\/uploads\/2023\/08\/WhatsApp-Image-2023-08-25-at-17.16.06.jpeg","keywords":["1.500 metros","Atletismo","Esporte","Jaque Weber","Melhor marca"],"articleSection":["Esportes"],"inLanguage":"pt-BR","potentialAction":[{"@type":"CommentAction","name":"Comment","target":["https:\/\/folhapopular.info\/index.php\/2023\/08\/28\/jaque-weber-conquista-melhor-marca-de-sua-carreira-nos-1-500-metros\/#respond"]}]},{"@type":"WebPage","@id":"https:\/\/folhapopular.info\/index.php\/2023\/08\/28\/jaque-weber-conquista-melhor-marca-de-sua-carreira-nos-1-500-metros\/","url":"https:\/\/folhapopular.info\/index.php\/2023\/08\/28\/jaque-weber-conquista-melhor-marca-de-sua-carreira-nos-1-500-metros\/","name":"Jaque Weber conquista melhor marca de sua carreira nos 1.500 metros - Folha Popular","isPartOf":{"@id":"https:\/\/folhapopular.info\/#website"},"primaryImageOfPage":{"@id":"https:\/\/folhapopular.info\/index.php\/2023\/08\/28\/jaque-weber-conquista-melhor-marca-de-sua-carreira-nos-1-500-metros\/#primaryimage"},"image":{"@id":"https:\/\/folhapopular.info\/index.php\/2023\/08\/28\/jaque-weber-conquista-melhor-marca-de-sua-carreira-nos-1-500-metros\/#primaryimage"},"thumbnailUrl":"https:\/\/folhapopular.info\/wp-content\/uploads\/2023\/08\/WhatsApp-Image-2023-08-25-at-17.16.06.jpeg","datePublished":"2023-08-28T18:00:47+00:00","dateModified":"2023-08-28T18:00:50+00:00","author":{"@id":"https:\/\/folhapopular.info\/#\/schema\/person\/c9138938e4781f3e1ca513f9bea5659c"},"breadcrumb":{"@id":"https:\/\/folhapopular.info\/index.php\/2023\/08\/28\/jaque-weber-conquista-melhor-marca-de-sua-carreira-nos-1-500-metros\/#breadcrumb"},"inLanguage":"pt-BR","potentialAction":[{"@type":"ReadAction","target":["https:\/\/folhapopular.info\/index.php\/2023\/08\/28\/jaque-weber-conquista-melhor-marca-de-sua-carreira-nos-1-500-metros\/"]}]},{"@type":"ImageObject","inLanguage":"pt-BR","@id":"https:\/\/folhapopular.info\/index.php\/2023\/08\/28\/jaque-weber-conquista-melhor-marca-de-sua-carreira-nos-1-500-metros\/#primaryimage","url":"https:\/\/folhapopular.info\/wp-content\/uploads\/2023\/08\/WhatsApp-Image-2023-08-25-at-17.16.06.jpeg","contentUrl":"https:\/\/folhapopular.info\/wp-content\/uploads\/2023\/08\/WhatsApp-Image-2023-08-25-at-17.16.06.jpeg","width":692,"height":1024,"caption":"A conquista de Jaque tamb\u00e9m \u00e9 um novo recorde ga\u00facho \/ Cr\u00e9dito: Wagner do Carmo \/ Divulga\u00e7\u00e3o"},{"@type":"BreadcrumbList","@id":"https:\/\/folhapopular.info\/index.php\/2023\/08\/28\/jaque-weber-conquista-melhor-marca-de-sua-carreira-nos-1-500-metros\/#breadcrumb","itemListElement":[{"@type":"ListItem","position":1,"name":"In\u00edcio","item":"https:\/\/folhapopular.info\/"},{"@type":"ListItem","position":2,"name":"Jaque Weber conquista melhor marca de sua carreira nos 1.500 metros"}]},{"@type":"WebSite","@id":"https:\/\/folhapopular.info\/#website","url":"https:\/\/folhapopular.info\/","name":"Folha Popular","description":"Onde voc\u00ea tem vez e voz","potentialAction":[{"@type":"SearchAction","target":{"@type":"EntryPoint","urlTemplate":"https:\/\/folhapopular.info\/?s={search_term_string}"},"query-input":{"@type":"PropertyValueSpecification","valueRequired":true,"valueName":"search_term_string"}}],"inLanguage":"pt-BR"},{"@type":"Person","@id":"https:\/\/folhapopular.info\/#\/schema\/person\/c9138938e4781f3e1ca513f9bea5659c","name":"Carla Beckmann","image":{"@type":"ImageObject","inLanguage":"pt-BR","@id":"https:\/\/secure.gravatar.com\/avatar\/790078f6ade9f70c31db5a673b88c15df0904c2847c456b3599f72843ac11eb9?s=96&d=mm&r=g","url":"https:\/\/secure.gravatar.com\/avatar\/790078f6ade9f70c31db5a673b88c15df0904c2847c456b3599f72843ac11eb9?s=96&d=mm&r=g","contentUrl":"https:\/\/secure.gravatar.com\/avatar\/790078f6ade9f70c31db5a673b88c15df0904c2847c456b3599f72843ac11eb9?s=96&d=mm&r=g","caption":"Carla Beckmann"},"url":"https:\/\/folhapopular.info\/index.php\/author\/carlabeckmann03gmail-com\/"}]}},"jetpack_featured_media_url":"https:\/\/folhapopular.info\/wp-content\/uploads\/2023\/08\/WhatsApp-Image-2023-08-25-at-17.16.06.jpeg","jetpack_sharing_enabled":true,"amp_enabled":true,"_links":{"self":[{"href":"https:\/\/folhapopular.info\/index.php\/wp-json\/wp\/v2\/posts\/138661","targetHints":{"allow":["GET"]}}],"collection":[{"href":"https:\/\/folhapopular.info\/index.php\/wp-json\/wp\/v2\/posts"}],"about":[{"href":"https:\/\/folhapopular.info\/index.php\/wp-json\/wp\/v2\/types\/post"}],"author":[{"embeddable":true,"href":"https:\/\/folhapopular.info\/index.php\/wp-json\/wp\/v2\/users\/601"}],"replies":[{"embeddable":true,"href":"https:\/\/folhapopular.info\/index.php\/wp-json\/wp\/v2\/comments?post=138661"}],"version-history":[{"count":0,"href":"https:\/\/folhapopular.info\/index.php\/wp-json\/wp\/v2\/posts\/138661\/revisions"}],"wp:featuredmedia":[{"embeddable":true,"href":"https:\/\/folhapopular.info\/index.php\/wp-json\/wp\/v2\/media\/138662"}],"wp:attachment":[{"href":"https:\/\/folhapopular.info\/index.php\/wp-json\/wp\/v2\/media?parent=138661"}],"wp:term":[{"taxonomy":"category","embeddable":true,"href":"https:\/\/folhapopular.info\/index.php\/wp-json\/wp\/v2\/categories?post=138661"},{"taxonomy":"post_tag","embeddable":true,"href":"https:\/\/folhapopular.info\/index.php\/wp-json\/wp\/v2\/tags?post=138661"}],"curies":[{"name":"wp","href":"https:\/\/api.w.org\/{rel}","templated":true}]}}