{"id":138686,"date":"2023-08-29T09:01:26","date_gmt":"2023-08-29T12:01:26","guid":{"rendered":"https:\/\/folhapopular.info\/?p=138686"},"modified":"2023-08-29T09:01:28","modified_gmt":"2023-08-29T12:01:28","slug":"audiencia-publica-discute-ldo-de-paverama-para-2024","status":"publish","type":"post","link":"https:\/\/folhapopular.info\/index.php\/2023\/08\/29\/audiencia-publica-discute-ldo-de-paverama-para-2024\/","title":{"rendered":"Audi\u00eancia p\u00fablica discute LDO de Paverama para 2024"},"content":{"rendered":"\n<p>Na noite desta segunda-feira (28\/8), no audit\u00f3rio da Prefeitura de Paverama, foi realizada audi\u00eancia p\u00fablica de apresenta\u00e7\u00e3o e discuss\u00e3o da Lei de Diretrizes Or\u00e7ament\u00e1rias (LDO) para o exerc\u00edcio de 2024. <\/p>\n\n\n\n<p>A contadora D\u00e9bora Maria Jantsch Bittencourt apresentou as estimativas por pastas, em que se estabelece as metas e prioridades do Governo Municipal para o ano de 2024. O or\u00e7amento estimado ficou em R$ 44.570.000,00, o qual ser\u00e1 ajustado para valores mais precisos durante a apresenta\u00e7\u00e3o e discuss\u00e3o da proposta de or\u00e7amento do Munic\u00edpio para o exerc\u00edcio de 2024, em outubro.<\/p>\n\n\n\n<p>A Lei de Diretrizes Or\u00e7ament\u00e1rias \u00e9 uma das principais legisla\u00e7\u00f5es que definem o destino dos recursos p\u00fablicos para o ano seguinte. A LDO desempenha um papel crucial na promo\u00e7\u00e3o da responsabilidade fiscal e na preven\u00e7\u00e3o do endividamento do Munic\u00edpio.<\/p>\n","protected":false},"excerpt":{"rendered":"<p>Na noite desta segunda-feira (28\/8), no audit\u00f3rio da Prefeitura de Paverama, foi realizada audi\u00eancia p\u00fablica de apresenta\u00e7\u00e3o e discuss\u00e3o da Lei de Diretrizes Or\u00e7ament\u00e1rias (LDO) para o exerc\u00edcio de 2024. A contadora D\u00e9bora Maria Jantsch Bittencourt apresentou as estimativas por pastas, em que se estabelece as metas e prioridades do Governo Municipal para o ano [&hellip;]<\/p>\n","protected":false},"author":8,"featured_media":138687,"comment_status":"open","ping_status":"open","sticky":false,"template":"","format":"standard","meta":{"pmpro_default_level":"","_jetpack_memberships_contains_paid_content":false,"footnotes":""},"categories":[10991],"tags":[894,6814,1306,46,13046],"class_list":{"0":"post-138686","1":"post","2":"type-post","3":"status-publish","4":"format-standard","5":"has-post-thumbnail","7":"category-economia","8":"tag-ldo","9":"tag-lei-de-diretrizes-orcamentarias","10":"tag-orcamento","11":"tag-paverama","12":"tag-recursos-publicos","13":"pmpro-has-access"},"yoast_head":"<!-- This site is optimized with the Yoast SEO plugin v27.5 - https:\/\/yoast.com\/product\/yoast-seo-wordpress\/ -->\n<title>Audi\u00eancia p\u00fablica discute LDO de Paverama para 2024 - Folha Popular<\/title>\n<meta name=\"robots\" content=\"index, follow, max-snippet:-1, max-image-preview:large, max-video-preview:-1\" \/>\n<link rel=\"canonical\" href=\"https:\/\/folhapopular.info\/index.php\/2023\/08\/29\/audiencia-publica-discute-ldo-de-paverama-para-2024\/\" \/>\n<meta property=\"og:locale\" content=\"pt_BR\" \/>\n<meta property=\"og:type\" content=\"article\" \/>\n<meta property=\"og:title\" content=\"Audi\u00eancia p\u00fablica discute LDO de Paverama para 2024 - Folha Popular\" \/>\n<meta property=\"og:description\" content=\"Na noite desta segunda-feira (28\/8), no audit\u00f3rio da Prefeitura de Paverama, foi realizada audi\u00eancia p\u00fablica de apresenta\u00e7\u00e3o e discuss\u00e3o da Lei de Diretrizes Or\u00e7ament\u00e1rias (LDO) para o exerc\u00edcio de 2024. A contadora D\u00e9bora Maria Jantsch Bittencourt apresentou as estimativas por pastas, em que se estabelece as metas e prioridades do Governo Municipal para o ano [&hellip;]\" \/>\n<meta property=\"og:url\" content=\"https:\/\/folhapopular.info\/index.php\/2023\/08\/29\/audiencia-publica-discute-ldo-de-paverama-para-2024\/\" \/>\n<meta property=\"og:site_name\" content=\"Folha Popular\" \/>\n<meta property=\"article:published_time\" content=\"2023-08-29T12:01:26+00:00\" \/>\n<meta property=\"article:modified_time\" content=\"2023-08-29T12:01:28+00:00\" \/>\n<meta property=\"og:image\" content=\"http:\/\/folhapopular.info\/wp-content\/uploads\/2023\/08\/DSCF9229.jpg\" \/>\n\t<meta property=\"og:image:width\" content=\"2048\" \/>\n\t<meta property=\"og:image:height\" content=\"1153\" \/>\n\t<meta property=\"og:image:type\" content=\"image\/jpeg\" \/>\n<meta name=\"author\" content=\"Reda\u00e7\u00e3o Folha Popular\" \/>\n<meta name=\"twitter:card\" content=\"summary_large_image\" \/>\n<meta name=\"twitter:label1\" content=\"Escrito por\" \/>\n\t<meta name=\"twitter:data1\" content=\"Reda\u00e7\u00e3o Folha Popular\" \/>\n\t<meta name=\"twitter:label2\" content=\"Est. tempo de leitura\" \/>\n\t<meta name=\"twitter:data2\" content=\"1 minuto\" \/>\n<script type=\"application\/ld+json\" class=\"yoast-schema-graph\">{\"@context\":\"https:\\\/\\\/schema.org\",\"@graph\":[{\"@type\":\"Article\",\"@id\":\"https:\\\/\\\/folhapopular.info\\\/index.php\\\/2023\\\/08\\\/29\\\/audiencia-publica-discute-ldo-de-paverama-para-2024\\\/#article\",\"isPartOf\":{\"@id\":\"https:\\\/\\\/folhapopular.info\\\/index.php\\\/2023\\\/08\\\/29\\\/audiencia-publica-discute-ldo-de-paverama-para-2024\\\/\"},\"author\":{\"name\":\"Reda\u00e7\u00e3o Folha Popular\",\"@id\":\"https:\\\/\\\/folhapopular.info\\\/#\\\/schema\\\/person\\\/2814e8a0df7643585a9ca38bc6eb9d4b\"},\"headline\":\"Audi\u00eancia p\u00fablica discute LDO de Paverama para 2024\",\"datePublished\":\"2023-08-29T12:01:26+00:00\",\"dateModified\":\"2023-08-29T12:01:28+00:00\",\"mainEntityOfPage\":{\"@id\":\"https:\\\/\\\/folhapopular.info\\\/index.php\\\/2023\\\/08\\\/29\\\/audiencia-publica-discute-ldo-de-paverama-para-2024\\\/\"},\"wordCount\":154,\"commentCount\":0,\"image\":{\"@id\":\"https:\\\/\\\/folhapopular.info\\\/index.php\\\/2023\\\/08\\\/29\\\/audiencia-publica-discute-ldo-de-paverama-para-2024\\\/#primaryimage\"},\"thumbnailUrl\":\"https:\\\/\\\/folhapopular.info\\\/wp-content\\\/uploads\\\/2023\\\/08\\\/DSCF9229.jpg\",\"keywords\":[\"LDO\",\"Lei de Diretrizes Or\u00e7ament\u00e1rias\",\"Or\u00e7amento\",\"Paverama\",\"recursos p\u00fablicos\"],\"articleSection\":[\"Economia\"],\"inLanguage\":\"pt-BR\",\"potentialAction\":[{\"@type\":\"CommentAction\",\"name\":\"Comment\",\"target\":[\"https:\\\/\\\/folhapopular.info\\\/index.php\\\/2023\\\/08\\\/29\\\/audiencia-publica-discute-ldo-de-paverama-para-2024\\\/#respond\"]}]},{\"@type\":\"WebPage\",\"@id\":\"https:\\\/\\\/folhapopular.info\\\/index.php\\\/2023\\\/08\\\/29\\\/audiencia-publica-discute-ldo-de-paverama-para-2024\\\/\",\"url\":\"https:\\\/\\\/folhapopular.info\\\/index.php\\\/2023\\\/08\\\/29\\\/audiencia-publica-discute-ldo-de-paverama-para-2024\\\/\",\"name\":\"Audi\u00eancia p\u00fablica discute LDO de Paverama para 2024 - Folha Popular\",\"isPartOf\":{\"@id\":\"https:\\\/\\\/folhapopular.info\\\/#website\"},\"primaryImageOfPage\":{\"@id\":\"https:\\\/\\\/folhapopular.info\\\/index.php\\\/2023\\\/08\\\/29\\\/audiencia-publica-discute-ldo-de-paverama-para-2024\\\/#primaryimage\"},\"image\":{\"@id\":\"https:\\\/\\\/folhapopular.info\\\/index.php\\\/2023\\\/08\\\/29\\\/audiencia-publica-discute-ldo-de-paverama-para-2024\\\/#primaryimage\"},\"thumbnailUrl\":\"https:\\\/\\\/folhapopular.info\\\/wp-content\\\/uploads\\\/2023\\\/08\\\/DSCF9229.jpg\",\"datePublished\":\"2023-08-29T12:01:26+00:00\",\"dateModified\":\"2023-08-29T12:01:28+00:00\",\"author\":{\"@id\":\"https:\\\/\\\/folhapopular.info\\\/#\\\/schema\\\/person\\\/2814e8a0df7643585a9ca38bc6eb9d4b\"},\"breadcrumb\":{\"@id\":\"https:\\\/\\\/folhapopular.info\\\/index.php\\\/2023\\\/08\\\/29\\\/audiencia-publica-discute-ldo-de-paverama-para-2024\\\/#breadcrumb\"},\"inLanguage\":\"pt-BR\",\"potentialAction\":[{\"@type\":\"ReadAction\",\"target\":[\"https:\\\/\\\/folhapopular.info\\\/index.php\\\/2023\\\/08\\\/29\\\/audiencia-publica-discute-ldo-de-paverama-para-2024\\\/\"]}]},{\"@type\":\"ImageObject\",\"inLanguage\":\"pt-BR\",\"@id\":\"https:\\\/\\\/folhapopular.info\\\/index.php\\\/2023\\\/08\\\/29\\\/audiencia-publica-discute-ldo-de-paverama-para-2024\\\/#primaryimage\",\"url\":\"https:\\\/\\\/folhapopular.info\\\/wp-content\\\/uploads\\\/2023\\\/08\\\/DSCF9229.jpg\",\"contentUrl\":\"https:\\\/\\\/folhapopular.info\\\/wp-content\\\/uploads\\\/2023\\\/08\\\/DSCF9229.jpg\",\"width\":2048,\"height\":1153,\"caption\":\"Cr\u00e9dito: AI Prefeitura de Paverama \\\/ Divulga\u00e7\u00e3o\"},{\"@type\":\"BreadcrumbList\",\"@id\":\"https:\\\/\\\/folhapopular.info\\\/index.php\\\/2023\\\/08\\\/29\\\/audiencia-publica-discute-ldo-de-paverama-para-2024\\\/#breadcrumb\",\"itemListElement\":[{\"@type\":\"ListItem\",\"position\":1,\"name\":\"In\u00edcio\",\"item\":\"https:\\\/\\\/folhapopular.info\\\/\"},{\"@type\":\"ListItem\",\"position\":2,\"name\":\"Audi\u00eancia p\u00fablica discute LDO de Paverama para 2024\"}]},{\"@type\":\"WebSite\",\"@id\":\"https:\\\/\\\/folhapopular.info\\\/#website\",\"url\":\"https:\\\/\\\/folhapopular.info\\\/\",\"name\":\"Folha Popular\",\"description\":\"Onde voc\u00ea tem vez e voz\",\"potentialAction\":[{\"@type\":\"SearchAction\",\"target\":{\"@type\":\"EntryPoint\",\"urlTemplate\":\"https:\\\/\\\/folhapopular.info\\\/?s={search_term_string}\"},\"query-input\":{\"@type\":\"PropertyValueSpecification\",\"valueRequired\":true,\"valueName\":\"search_term_string\"}}],\"inLanguage\":\"pt-BR\"},{\"@type\":\"Person\",\"@id\":\"https:\\\/\\\/folhapopular.info\\\/#\\\/schema\\\/person\\\/2814e8a0df7643585a9ca38bc6eb9d4b\",\"name\":\"Reda\u00e7\u00e3o Folha Popular\",\"image\":{\"@type\":\"ImageObject\",\"inLanguage\":\"pt-BR\",\"@id\":\"https:\\\/\\\/folhapopular.info\\\/wp-content\\\/uploads\\\/2026\\\/04\\\/Folha-1.webp\",\"url\":\"https:\\\/\\\/folhapopular.info\\\/wp-content\\\/uploads\\\/2026\\\/04\\\/Folha-1.webp\",\"contentUrl\":\"https:\\\/\\\/folhapopular.info\\\/wp-content\\\/uploads\\\/2026\\\/04\\\/Folha-1.webp\",\"caption\":\"Reda\u00e7\u00e3o Folha Popular\"},\"url\":\"https:\\\/\\\/folhapopular.info\\\/index.php\\\/author\\\/redacao\\\/\"}]}<\/script>\n<!-- \/ Yoast SEO plugin. -->","yoast_head_json":{"title":"Audi\u00eancia p\u00fablica discute LDO de Paverama para 2024 - Folha Popular","robots":{"index":"index","follow":"follow","max-snippet":"max-snippet:-1","max-image-preview":"max-image-preview:large","max-video-preview":"max-video-preview:-1"},"canonical":"https:\/\/folhapopular.info\/index.php\/2023\/08\/29\/audiencia-publica-discute-ldo-de-paverama-para-2024\/","og_locale":"pt_BR","og_type":"article","og_title":"Audi\u00eancia p\u00fablica discute LDO de Paverama para 2024 - Folha Popular","og_description":"Na noite desta segunda-feira (28\/8), no audit\u00f3rio da Prefeitura de Paverama, foi realizada audi\u00eancia p\u00fablica de apresenta\u00e7\u00e3o e discuss\u00e3o da Lei de Diretrizes Or\u00e7ament\u00e1rias (LDO) para o exerc\u00edcio de 2024. A contadora D\u00e9bora Maria Jantsch Bittencourt apresentou as estimativas por pastas, em que se estabelece as metas e prioridades do Governo Municipal para o ano [&hellip;]","og_url":"https:\/\/folhapopular.info\/index.php\/2023\/08\/29\/audiencia-publica-discute-ldo-de-paverama-para-2024\/","og_site_name":"Folha Popular","article_published_time":"2023-08-29T12:01:26+00:00","article_modified_time":"2023-08-29T12:01:28+00:00","og_image":[{"width":2048,"height":1153,"url":"http:\/\/folhapopular.info\/wp-content\/uploads\/2023\/08\/DSCF9229.jpg","type":"image\/jpeg"}],"author":"Reda\u00e7\u00e3o Folha Popular","twitter_card":"summary_large_image","twitter_misc":{"Escrito por":"Reda\u00e7\u00e3o Folha Popular","Est. tempo de leitura":"1 minuto"},"schema":{"@context":"https:\/\/schema.org","@graph":[{"@type":"Article","@id":"https:\/\/folhapopular.info\/index.php\/2023\/08\/29\/audiencia-publica-discute-ldo-de-paverama-para-2024\/#article","isPartOf":{"@id":"https:\/\/folhapopular.info\/index.php\/2023\/08\/29\/audiencia-publica-discute-ldo-de-paverama-para-2024\/"},"author":{"name":"Reda\u00e7\u00e3o Folha Popular","@id":"https:\/\/folhapopular.info\/#\/schema\/person\/2814e8a0df7643585a9ca38bc6eb9d4b"},"headline":"Audi\u00eancia p\u00fablica discute LDO de Paverama para 2024","datePublished":"2023-08-29T12:01:26+00:00","dateModified":"2023-08-29T12:01:28+00:00","mainEntityOfPage":{"@id":"https:\/\/folhapopular.info\/index.php\/2023\/08\/29\/audiencia-publica-discute-ldo-de-paverama-para-2024\/"},"wordCount":154,"commentCount":0,"image":{"@id":"https:\/\/folhapopular.info\/index.php\/2023\/08\/29\/audiencia-publica-discute-ldo-de-paverama-para-2024\/#primaryimage"},"thumbnailUrl":"https:\/\/folhapopular.info\/wp-content\/uploads\/2023\/08\/DSCF9229.jpg","keywords":["LDO","Lei de Diretrizes Or\u00e7ament\u00e1rias","Or\u00e7amento","Paverama","recursos p\u00fablicos"],"articleSection":["Economia"],"inLanguage":"pt-BR","potentialAction":[{"@type":"CommentAction","name":"Comment","target":["https:\/\/folhapopular.info\/index.php\/2023\/08\/29\/audiencia-publica-discute-ldo-de-paverama-para-2024\/#respond"]}]},{"@type":"WebPage","@id":"https:\/\/folhapopular.info\/index.php\/2023\/08\/29\/audiencia-publica-discute-ldo-de-paverama-para-2024\/","url":"https:\/\/folhapopular.info\/index.php\/2023\/08\/29\/audiencia-publica-discute-ldo-de-paverama-para-2024\/","name":"Audi\u00eancia p\u00fablica discute LDO de Paverama para 2024 - Folha Popular","isPartOf":{"@id":"https:\/\/folhapopular.info\/#website"},"primaryImageOfPage":{"@id":"https:\/\/folhapopular.info\/index.php\/2023\/08\/29\/audiencia-publica-discute-ldo-de-paverama-para-2024\/#primaryimage"},"image":{"@id":"https:\/\/folhapopular.info\/index.php\/2023\/08\/29\/audiencia-publica-discute-ldo-de-paverama-para-2024\/#primaryimage"},"thumbnailUrl":"https:\/\/folhapopular.info\/wp-content\/uploads\/2023\/08\/DSCF9229.jpg","datePublished":"2023-08-29T12:01:26+00:00","dateModified":"2023-08-29T12:01:28+00:00","author":{"@id":"https:\/\/folhapopular.info\/#\/schema\/person\/2814e8a0df7643585a9ca38bc6eb9d4b"},"breadcrumb":{"@id":"https:\/\/folhapopular.info\/index.php\/2023\/08\/29\/audiencia-publica-discute-ldo-de-paverama-para-2024\/#breadcrumb"},"inLanguage":"pt-BR","potentialAction":[{"@type":"ReadAction","target":["https:\/\/folhapopular.info\/index.php\/2023\/08\/29\/audiencia-publica-discute-ldo-de-paverama-para-2024\/"]}]},{"@type":"ImageObject","inLanguage":"pt-BR","@id":"https:\/\/folhapopular.info\/index.php\/2023\/08\/29\/audiencia-publica-discute-ldo-de-paverama-para-2024\/#primaryimage","url":"https:\/\/folhapopular.info\/wp-content\/uploads\/2023\/08\/DSCF9229.jpg","contentUrl":"https:\/\/folhapopular.info\/wp-content\/uploads\/2023\/08\/DSCF9229.jpg","width":2048,"height":1153,"caption":"Cr\u00e9dito: AI Prefeitura de Paverama \/ Divulga\u00e7\u00e3o"},{"@type":"BreadcrumbList","@id":"https:\/\/folhapopular.info\/index.php\/2023\/08\/29\/audiencia-publica-discute-ldo-de-paverama-para-2024\/#breadcrumb","itemListElement":[{"@type":"ListItem","position":1,"name":"In\u00edcio","item":"https:\/\/folhapopular.info\/"},{"@type":"ListItem","position":2,"name":"Audi\u00eancia p\u00fablica discute LDO de Paverama para 2024"}]},{"@type":"WebSite","@id":"https:\/\/folhapopular.info\/#website","url":"https:\/\/folhapopular.info\/","name":"Folha Popular","description":"Onde voc\u00ea tem vez e voz","potentialAction":[{"@type":"SearchAction","target":{"@type":"EntryPoint","urlTemplate":"https:\/\/folhapopular.info\/?s={search_term_string}"},"query-input":{"@type":"PropertyValueSpecification","valueRequired":true,"valueName":"search_term_string"}}],"inLanguage":"pt-BR"},{"@type":"Person","@id":"https:\/\/folhapopular.info\/#\/schema\/person\/2814e8a0df7643585a9ca38bc6eb9d4b","name":"Reda\u00e7\u00e3o Folha Popular","image":{"@type":"ImageObject","inLanguage":"pt-BR","@id":"https:\/\/folhapopular.info\/wp-content\/uploads\/2026\/04\/Folha-1.webp","url":"https:\/\/folhapopular.info\/wp-content\/uploads\/2026\/04\/Folha-1.webp","contentUrl":"https:\/\/folhapopular.info\/wp-content\/uploads\/2026\/04\/Folha-1.webp","caption":"Reda\u00e7\u00e3o Folha Popular"},"url":"https:\/\/folhapopular.info\/index.php\/author\/redacao\/"}]}},"jetpack_featured_media_url":"https:\/\/folhapopular.info\/wp-content\/uploads\/2023\/08\/DSCF9229.jpg","jetpack_sharing_enabled":true,"amp_enabled":true,"_links":{"self":[{"href":"https:\/\/folhapopular.info\/index.php\/wp-json\/wp\/v2\/posts\/138686","targetHints":{"allow":["GET"]}}],"collection":[{"href":"https:\/\/folhapopular.info\/index.php\/wp-json\/wp\/v2\/posts"}],"about":[{"href":"https:\/\/folhapopular.info\/index.php\/wp-json\/wp\/v2\/types\/post"}],"author":[{"embeddable":true,"href":"https:\/\/folhapopular.info\/index.php\/wp-json\/wp\/v2\/users\/8"}],"replies":[{"embeddable":true,"href":"https:\/\/folhapopular.info\/index.php\/wp-json\/wp\/v2\/comments?post=138686"}],"version-history":[{"count":0,"href":"https:\/\/folhapopular.info\/index.php\/wp-json\/wp\/v2\/posts\/138686\/revisions"}],"wp:featuredmedia":[{"embeddable":true,"href":"https:\/\/folhapopular.info\/index.php\/wp-json\/wp\/v2\/media\/138687"}],"wp:attachment":[{"href":"https:\/\/folhapopular.info\/index.php\/wp-json\/wp\/v2\/media?parent=138686"}],"wp:term":[{"taxonomy":"category","embeddable":true,"href":"https:\/\/folhapopular.info\/index.php\/wp-json\/wp\/v2\/categories?post=138686"},{"taxonomy":"post_tag","embeddable":true,"href":"https:\/\/folhapopular.info\/index.php\/wp-json\/wp\/v2\/tags?post=138686"}],"curies":[{"name":"wp","href":"https:\/\/api.w.org\/{rel}","templated":true}]}}