{"id":138710,"date":"2023-08-29T14:46:11","date_gmt":"2023-08-29T17:46:11","guid":{"rendered":"https:\/\/folhapopular.info\/?p=138710"},"modified":"2023-08-29T14:47:12","modified_gmt":"2023-08-29T17:47:12","slug":"equipe-aceva-e-a-campea-da-6a-taca-lajeado-de-voleibol-misto","status":"publish","type":"post","link":"https:\/\/folhapopular.info\/index.php\/2023\/08\/29\/equipe-aceva-e-a-campea-da-6a-taca-lajeado-de-voleibol-misto\/","title":{"rendered":"Equipe Aceva \u00e9 a campe\u00e3 da 6\u00aa Ta\u00e7a Lajeado de Voleibol Misto"},"content":{"rendered":"\n<p>A Prefeitura de Lajeado, por meio da Secretaria de Cultura, Esporte e Lazer (Secel), realizou a 6\u00aa edi\u00e7\u00e3o da Ta\u00e7a Lajeado de Voleibol Misto. O torneio aconteceu no domingo (26\/8), no Centro Esportivo Municipal M\u00e1rio Lampert (CEM). <\/p>\n\n\n\n<p>Reunindo 12 equipes de diferentes cidades &#8211; Porto Alegre, Caxias do Sul, Arroio do Meio, Santa Cruz do Sul, Encruzilhada do Sul, Estrela e Lajeado &#8211; , a equipe Aceva, de Lajeado, conquistou o primeiro lugar. <\/p>\n\n\n\n<p><strong>Conhe\u00e7a os vencedores:<\/strong><\/p>\n\n\n\n<p>1\u00ba lugar &#8211; Aceva<\/p>\n\n\n\n<p>2\u00ba lugar &#8211; Wilson&#8217;s<\/p>\n\n\n\n<p>3\u00ba lugar &#8211; Waze<\/p>\n\n\n\n<p>4\u00ba lugar &#8211; Ace Stricker<\/p>\n\n\n\n<p>Confira a tabela com os resultados clicando\u00a0<strong><a href=\"https:\/\/www.lajeado.rs.gov.br\/conteudo\/4829\/963?titulo=Ta%C3%A7a+Lajeado+de+Voleibol+Misto\" target=\"_blank\" rel=\"noreferrer noopener\">aqui<\/a><\/strong>.<\/p>\n","protected":false},"excerpt":{"rendered":"<p>A Prefeitura de Lajeado, por meio da Secretaria de Cultura, Esporte e Lazer (Secel), realizou a 6\u00aa edi\u00e7\u00e3o da Ta\u00e7a Lajeado de Voleibol Misto. O torneio aconteceu no domingo (26\/8), no Centro Esportivo Municipal M\u00e1rio Lampert (CEM). Reunindo 12 equipes de diferentes cidades &#8211; Porto Alegre, Caxias do Sul, Arroio do Meio, Santa Cruz do [&hellip;]<\/p>\n","protected":false},"author":8,"featured_media":138712,"comment_status":"open","ping_status":"open","sticky":false,"template":"","format":"standard","meta":{"pmpro_default_level":"","_jetpack_memberships_contains_paid_content":false,"footnotes":""},"categories":[5],"tags":[13048,137,27,9815,3291],"class_list":{"0":"post-138710","1":"post","2":"type-post","3":"status-publish","4":"format-standard","5":"has-post-thumbnail","7":"category-esportes","8":"tag-aceva","9":"tag-esporte","10":"tag-lajeado","11":"tag-taca-lajeado","12":"tag-volei-misto","13":"pmpro-has-access"},"yoast_head":"<!-- This site is optimized with the Yoast SEO plugin v27.5 - https:\/\/yoast.com\/product\/yoast-seo-wordpress\/ -->\n<title>Equipe Aceva \u00e9 a campe\u00e3 da 6\u00aa Ta\u00e7a Lajeado de Voleibol Misto - Folha Popular<\/title>\n<meta name=\"robots\" content=\"index, follow, max-snippet:-1, max-image-preview:large, max-video-preview:-1\" \/>\n<link rel=\"canonical\" href=\"https:\/\/folhapopular.info\/index.php\/2023\/08\/29\/equipe-aceva-e-a-campea-da-6a-taca-lajeado-de-voleibol-misto\/\" \/>\n<meta property=\"og:locale\" content=\"pt_BR\" \/>\n<meta property=\"og:type\" content=\"article\" \/>\n<meta property=\"og:title\" content=\"Equipe Aceva \u00e9 a campe\u00e3 da 6\u00aa Ta\u00e7a Lajeado de Voleibol Misto - Folha Popular\" \/>\n<meta property=\"og:description\" content=\"A Prefeitura de Lajeado, por meio da Secretaria de Cultura, Esporte e Lazer (Secel), realizou a 6\u00aa edi\u00e7\u00e3o da Ta\u00e7a Lajeado de Voleibol Misto. O torneio aconteceu no domingo (26\/8), no Centro Esportivo Municipal M\u00e1rio Lampert (CEM). Reunindo 12 equipes de diferentes cidades &#8211; Porto Alegre, Caxias do Sul, Arroio do Meio, Santa Cruz do [&hellip;]\" \/>\n<meta property=\"og:url\" content=\"https:\/\/folhapopular.info\/index.php\/2023\/08\/29\/equipe-aceva-e-a-campea-da-6a-taca-lajeado-de-voleibol-misto\/\" \/>\n<meta property=\"og:site_name\" content=\"Folha Popular\" \/>\n<meta property=\"article:published_time\" content=\"2023-08-29T17:46:11+00:00\" \/>\n<meta property=\"article:modified_time\" content=\"2023-08-29T17:47:12+00:00\" \/>\n<meta property=\"og:image\" content=\"http:\/\/folhapopular.info\/wp-content\/uploads\/2023\/08\/aceva_campeao1.jpg\" \/>\n\t<meta property=\"og:image:width\" content=\"1920\" \/>\n\t<meta property=\"og:image:height\" content=\"1280\" \/>\n\t<meta property=\"og:image:type\" content=\"image\/jpeg\" \/>\n<meta name=\"author\" content=\"Reda\u00e7\u00e3o Folha Popular\" \/>\n<meta name=\"twitter:card\" content=\"summary_large_image\" \/>\n<meta name=\"twitter:label1\" content=\"Escrito por\" \/>\n\t<meta name=\"twitter:data1\" content=\"Reda\u00e7\u00e3o Folha Popular\" \/>\n\t<meta name=\"twitter:label2\" content=\"Est. tempo de leitura\" \/>\n\t<meta name=\"twitter:data2\" content=\"1 minuto\" \/>\n<script type=\"application\/ld+json\" class=\"yoast-schema-graph\">{\"@context\":\"https:\\\/\\\/schema.org\",\"@graph\":[{\"@type\":\"Article\",\"@id\":\"https:\\\/\\\/folhapopular.info\\\/index.php\\\/2023\\\/08\\\/29\\\/equipe-aceva-e-a-campea-da-6a-taca-lajeado-de-voleibol-misto\\\/#article\",\"isPartOf\":{\"@id\":\"https:\\\/\\\/folhapopular.info\\\/index.php\\\/2023\\\/08\\\/29\\\/equipe-aceva-e-a-campea-da-6a-taca-lajeado-de-voleibol-misto\\\/\"},\"author\":{\"name\":\"Reda\u00e7\u00e3o Folha Popular\",\"@id\":\"https:\\\/\\\/folhapopular.info\\\/#\\\/schema\\\/person\\\/2814e8a0df7643585a9ca38bc6eb9d4b\"},\"headline\":\"Equipe Aceva \u00e9 a campe\u00e3 da 6\u00aa Ta\u00e7a Lajeado de Voleibol Misto\",\"datePublished\":\"2023-08-29T17:46:11+00:00\",\"dateModified\":\"2023-08-29T17:47:12+00:00\",\"mainEntityOfPage\":{\"@id\":\"https:\\\/\\\/folhapopular.info\\\/index.php\\\/2023\\\/08\\\/29\\\/equipe-aceva-e-a-campea-da-6a-taca-lajeado-de-voleibol-misto\\\/\"},\"wordCount\":109,\"commentCount\":0,\"image\":{\"@id\":\"https:\\\/\\\/folhapopular.info\\\/index.php\\\/2023\\\/08\\\/29\\\/equipe-aceva-e-a-campea-da-6a-taca-lajeado-de-voleibol-misto\\\/#primaryimage\"},\"thumbnailUrl\":\"https:\\\/\\\/folhapopular.info\\\/wp-content\\\/uploads\\\/2023\\\/08\\\/aceva_campeao1.jpg\",\"keywords\":[\"Aceva\",\"Esporte\",\"Lajeado\",\"Ta\u00e7a Lajeado\",\"V\u00f4lei Misto\"],\"articleSection\":[\"Esportes\"],\"inLanguage\":\"pt-BR\",\"potentialAction\":[{\"@type\":\"CommentAction\",\"name\":\"Comment\",\"target\":[\"https:\\\/\\\/folhapopular.info\\\/index.php\\\/2023\\\/08\\\/29\\\/equipe-aceva-e-a-campea-da-6a-taca-lajeado-de-voleibol-misto\\\/#respond\"]}]},{\"@type\":\"WebPage\",\"@id\":\"https:\\\/\\\/folhapopular.info\\\/index.php\\\/2023\\\/08\\\/29\\\/equipe-aceva-e-a-campea-da-6a-taca-lajeado-de-voleibol-misto\\\/\",\"url\":\"https:\\\/\\\/folhapopular.info\\\/index.php\\\/2023\\\/08\\\/29\\\/equipe-aceva-e-a-campea-da-6a-taca-lajeado-de-voleibol-misto\\\/\",\"name\":\"Equipe Aceva \u00e9 a campe\u00e3 da 6\u00aa Ta\u00e7a Lajeado de Voleibol Misto - Folha Popular\",\"isPartOf\":{\"@id\":\"https:\\\/\\\/folhapopular.info\\\/#website\"},\"primaryImageOfPage\":{\"@id\":\"https:\\\/\\\/folhapopular.info\\\/index.php\\\/2023\\\/08\\\/29\\\/equipe-aceva-e-a-campea-da-6a-taca-lajeado-de-voleibol-misto\\\/#primaryimage\"},\"image\":{\"@id\":\"https:\\\/\\\/folhapopular.info\\\/index.php\\\/2023\\\/08\\\/29\\\/equipe-aceva-e-a-campea-da-6a-taca-lajeado-de-voleibol-misto\\\/#primaryimage\"},\"thumbnailUrl\":\"https:\\\/\\\/folhapopular.info\\\/wp-content\\\/uploads\\\/2023\\\/08\\\/aceva_campeao1.jpg\",\"datePublished\":\"2023-08-29T17:46:11+00:00\",\"dateModified\":\"2023-08-29T17:47:12+00:00\",\"author\":{\"@id\":\"https:\\\/\\\/folhapopular.info\\\/#\\\/schema\\\/person\\\/2814e8a0df7643585a9ca38bc6eb9d4b\"},\"breadcrumb\":{\"@id\":\"https:\\\/\\\/folhapopular.info\\\/index.php\\\/2023\\\/08\\\/29\\\/equipe-aceva-e-a-campea-da-6a-taca-lajeado-de-voleibol-misto\\\/#breadcrumb\"},\"inLanguage\":\"pt-BR\",\"potentialAction\":[{\"@type\":\"ReadAction\",\"target\":[\"https:\\\/\\\/folhapopular.info\\\/index.php\\\/2023\\\/08\\\/29\\\/equipe-aceva-e-a-campea-da-6a-taca-lajeado-de-voleibol-misto\\\/\"]}]},{\"@type\":\"ImageObject\",\"inLanguage\":\"pt-BR\",\"@id\":\"https:\\\/\\\/folhapopular.info\\\/index.php\\\/2023\\\/08\\\/29\\\/equipe-aceva-e-a-campea-da-6a-taca-lajeado-de-voleibol-misto\\\/#primaryimage\",\"url\":\"https:\\\/\\\/folhapopular.info\\\/wp-content\\\/uploads\\\/2023\\\/08\\\/aceva_campeao1.jpg\",\"contentUrl\":\"https:\\\/\\\/folhapopular.info\\\/wp-content\\\/uploads\\\/2023\\\/08\\\/aceva_campeao1.jpg\",\"width\":1920,\"height\":1280,\"caption\":\"Aceva, de Lajeado, campe\u00e3 \\\/ Cr\u00e9dito: Andriely Mallmann \\\/ Divulga\u00e7\u00e3o\"},{\"@type\":\"BreadcrumbList\",\"@id\":\"https:\\\/\\\/folhapopular.info\\\/index.php\\\/2023\\\/08\\\/29\\\/equipe-aceva-e-a-campea-da-6a-taca-lajeado-de-voleibol-misto\\\/#breadcrumb\",\"itemListElement\":[{\"@type\":\"ListItem\",\"position\":1,\"name\":\"In\u00edcio\",\"item\":\"https:\\\/\\\/folhapopular.info\\\/\"},{\"@type\":\"ListItem\",\"position\":2,\"name\":\"Equipe Aceva \u00e9 a campe\u00e3 da 6\u00aa Ta\u00e7a Lajeado de Voleibol Misto\"}]},{\"@type\":\"WebSite\",\"@id\":\"https:\\\/\\\/folhapopular.info\\\/#website\",\"url\":\"https:\\\/\\\/folhapopular.info\\\/\",\"name\":\"Folha Popular\",\"description\":\"Onde voc\u00ea tem vez e voz\",\"potentialAction\":[{\"@type\":\"SearchAction\",\"target\":{\"@type\":\"EntryPoint\",\"urlTemplate\":\"https:\\\/\\\/folhapopular.info\\\/?s={search_term_string}\"},\"query-input\":{\"@type\":\"PropertyValueSpecification\",\"valueRequired\":true,\"valueName\":\"search_term_string\"}}],\"inLanguage\":\"pt-BR\"},{\"@type\":\"Person\",\"@id\":\"https:\\\/\\\/folhapopular.info\\\/#\\\/schema\\\/person\\\/2814e8a0df7643585a9ca38bc6eb9d4b\",\"name\":\"Reda\u00e7\u00e3o Folha Popular\",\"image\":{\"@type\":\"ImageObject\",\"inLanguage\":\"pt-BR\",\"@id\":\"https:\\\/\\\/folhapopular.info\\\/wp-content\\\/uploads\\\/2026\\\/04\\\/Folha-1.webp\",\"url\":\"https:\\\/\\\/folhapopular.info\\\/wp-content\\\/uploads\\\/2026\\\/04\\\/Folha-1.webp\",\"contentUrl\":\"https:\\\/\\\/folhapopular.info\\\/wp-content\\\/uploads\\\/2026\\\/04\\\/Folha-1.webp\",\"caption\":\"Reda\u00e7\u00e3o Folha Popular\"},\"url\":\"https:\\\/\\\/folhapopular.info\\\/index.php\\\/author\\\/redacao\\\/\"}]}<\/script>\n<!-- \/ Yoast SEO plugin. -->","yoast_head_json":{"title":"Equipe Aceva \u00e9 a campe\u00e3 da 6\u00aa Ta\u00e7a Lajeado de Voleibol Misto - Folha Popular","robots":{"index":"index","follow":"follow","max-snippet":"max-snippet:-1","max-image-preview":"max-image-preview:large","max-video-preview":"max-video-preview:-1"},"canonical":"https:\/\/folhapopular.info\/index.php\/2023\/08\/29\/equipe-aceva-e-a-campea-da-6a-taca-lajeado-de-voleibol-misto\/","og_locale":"pt_BR","og_type":"article","og_title":"Equipe Aceva \u00e9 a campe\u00e3 da 6\u00aa Ta\u00e7a Lajeado de Voleibol Misto - Folha Popular","og_description":"A Prefeitura de Lajeado, por meio da Secretaria de Cultura, Esporte e Lazer (Secel), realizou a 6\u00aa edi\u00e7\u00e3o da Ta\u00e7a Lajeado de Voleibol Misto. O torneio aconteceu no domingo (26\/8), no Centro Esportivo Municipal M\u00e1rio Lampert (CEM). Reunindo 12 equipes de diferentes cidades &#8211; Porto Alegre, Caxias do Sul, Arroio do Meio, Santa Cruz do [&hellip;]","og_url":"https:\/\/folhapopular.info\/index.php\/2023\/08\/29\/equipe-aceva-e-a-campea-da-6a-taca-lajeado-de-voleibol-misto\/","og_site_name":"Folha Popular","article_published_time":"2023-08-29T17:46:11+00:00","article_modified_time":"2023-08-29T17:47:12+00:00","og_image":[{"width":1920,"height":1280,"url":"http:\/\/folhapopular.info\/wp-content\/uploads\/2023\/08\/aceva_campeao1.jpg","type":"image\/jpeg"}],"author":"Reda\u00e7\u00e3o Folha Popular","twitter_card":"summary_large_image","twitter_misc":{"Escrito por":"Reda\u00e7\u00e3o Folha Popular","Est. tempo de leitura":"1 minuto"},"schema":{"@context":"https:\/\/schema.org","@graph":[{"@type":"Article","@id":"https:\/\/folhapopular.info\/index.php\/2023\/08\/29\/equipe-aceva-e-a-campea-da-6a-taca-lajeado-de-voleibol-misto\/#article","isPartOf":{"@id":"https:\/\/folhapopular.info\/index.php\/2023\/08\/29\/equipe-aceva-e-a-campea-da-6a-taca-lajeado-de-voleibol-misto\/"},"author":{"name":"Reda\u00e7\u00e3o Folha Popular","@id":"https:\/\/folhapopular.info\/#\/schema\/person\/2814e8a0df7643585a9ca38bc6eb9d4b"},"headline":"Equipe Aceva \u00e9 a campe\u00e3 da 6\u00aa Ta\u00e7a Lajeado de Voleibol Misto","datePublished":"2023-08-29T17:46:11+00:00","dateModified":"2023-08-29T17:47:12+00:00","mainEntityOfPage":{"@id":"https:\/\/folhapopular.info\/index.php\/2023\/08\/29\/equipe-aceva-e-a-campea-da-6a-taca-lajeado-de-voleibol-misto\/"},"wordCount":109,"commentCount":0,"image":{"@id":"https:\/\/folhapopular.info\/index.php\/2023\/08\/29\/equipe-aceva-e-a-campea-da-6a-taca-lajeado-de-voleibol-misto\/#primaryimage"},"thumbnailUrl":"https:\/\/folhapopular.info\/wp-content\/uploads\/2023\/08\/aceva_campeao1.jpg","keywords":["Aceva","Esporte","Lajeado","Ta\u00e7a Lajeado","V\u00f4lei Misto"],"articleSection":["Esportes"],"inLanguage":"pt-BR","potentialAction":[{"@type":"CommentAction","name":"Comment","target":["https:\/\/folhapopular.info\/index.php\/2023\/08\/29\/equipe-aceva-e-a-campea-da-6a-taca-lajeado-de-voleibol-misto\/#respond"]}]},{"@type":"WebPage","@id":"https:\/\/folhapopular.info\/index.php\/2023\/08\/29\/equipe-aceva-e-a-campea-da-6a-taca-lajeado-de-voleibol-misto\/","url":"https:\/\/folhapopular.info\/index.php\/2023\/08\/29\/equipe-aceva-e-a-campea-da-6a-taca-lajeado-de-voleibol-misto\/","name":"Equipe Aceva \u00e9 a campe\u00e3 da 6\u00aa Ta\u00e7a Lajeado de Voleibol Misto - Folha Popular","isPartOf":{"@id":"https:\/\/folhapopular.info\/#website"},"primaryImageOfPage":{"@id":"https:\/\/folhapopular.info\/index.php\/2023\/08\/29\/equipe-aceva-e-a-campea-da-6a-taca-lajeado-de-voleibol-misto\/#primaryimage"},"image":{"@id":"https:\/\/folhapopular.info\/index.php\/2023\/08\/29\/equipe-aceva-e-a-campea-da-6a-taca-lajeado-de-voleibol-misto\/#primaryimage"},"thumbnailUrl":"https:\/\/folhapopular.info\/wp-content\/uploads\/2023\/08\/aceva_campeao1.jpg","datePublished":"2023-08-29T17:46:11+00:00","dateModified":"2023-08-29T17:47:12+00:00","author":{"@id":"https:\/\/folhapopular.info\/#\/schema\/person\/2814e8a0df7643585a9ca38bc6eb9d4b"},"breadcrumb":{"@id":"https:\/\/folhapopular.info\/index.php\/2023\/08\/29\/equipe-aceva-e-a-campea-da-6a-taca-lajeado-de-voleibol-misto\/#breadcrumb"},"inLanguage":"pt-BR","potentialAction":[{"@type":"ReadAction","target":["https:\/\/folhapopular.info\/index.php\/2023\/08\/29\/equipe-aceva-e-a-campea-da-6a-taca-lajeado-de-voleibol-misto\/"]}]},{"@type":"ImageObject","inLanguage":"pt-BR","@id":"https:\/\/folhapopular.info\/index.php\/2023\/08\/29\/equipe-aceva-e-a-campea-da-6a-taca-lajeado-de-voleibol-misto\/#primaryimage","url":"https:\/\/folhapopular.info\/wp-content\/uploads\/2023\/08\/aceva_campeao1.jpg","contentUrl":"https:\/\/folhapopular.info\/wp-content\/uploads\/2023\/08\/aceva_campeao1.jpg","width":1920,"height":1280,"caption":"Aceva, de Lajeado, campe\u00e3 \/ Cr\u00e9dito: Andriely Mallmann \/ Divulga\u00e7\u00e3o"},{"@type":"BreadcrumbList","@id":"https:\/\/folhapopular.info\/index.php\/2023\/08\/29\/equipe-aceva-e-a-campea-da-6a-taca-lajeado-de-voleibol-misto\/#breadcrumb","itemListElement":[{"@type":"ListItem","position":1,"name":"In\u00edcio","item":"https:\/\/folhapopular.info\/"},{"@type":"ListItem","position":2,"name":"Equipe Aceva \u00e9 a campe\u00e3 da 6\u00aa Ta\u00e7a Lajeado de Voleibol Misto"}]},{"@type":"WebSite","@id":"https:\/\/folhapopular.info\/#website","url":"https:\/\/folhapopular.info\/","name":"Folha Popular","description":"Onde voc\u00ea tem vez e voz","potentialAction":[{"@type":"SearchAction","target":{"@type":"EntryPoint","urlTemplate":"https:\/\/folhapopular.info\/?s={search_term_string}"},"query-input":{"@type":"PropertyValueSpecification","valueRequired":true,"valueName":"search_term_string"}}],"inLanguage":"pt-BR"},{"@type":"Person","@id":"https:\/\/folhapopular.info\/#\/schema\/person\/2814e8a0df7643585a9ca38bc6eb9d4b","name":"Reda\u00e7\u00e3o Folha Popular","image":{"@type":"ImageObject","inLanguage":"pt-BR","@id":"https:\/\/folhapopular.info\/wp-content\/uploads\/2026\/04\/Folha-1.webp","url":"https:\/\/folhapopular.info\/wp-content\/uploads\/2026\/04\/Folha-1.webp","contentUrl":"https:\/\/folhapopular.info\/wp-content\/uploads\/2026\/04\/Folha-1.webp","caption":"Reda\u00e7\u00e3o Folha Popular"},"url":"https:\/\/folhapopular.info\/index.php\/author\/redacao\/"}]}},"jetpack_featured_media_url":"https:\/\/folhapopular.info\/wp-content\/uploads\/2023\/08\/aceva_campeao1.jpg","jetpack_sharing_enabled":true,"amp_enabled":true,"_links":{"self":[{"href":"https:\/\/folhapopular.info\/index.php\/wp-json\/wp\/v2\/posts\/138710","targetHints":{"allow":["GET"]}}],"collection":[{"href":"https:\/\/folhapopular.info\/index.php\/wp-json\/wp\/v2\/posts"}],"about":[{"href":"https:\/\/folhapopular.info\/index.php\/wp-json\/wp\/v2\/types\/post"}],"author":[{"embeddable":true,"href":"https:\/\/folhapopular.info\/index.php\/wp-json\/wp\/v2\/users\/8"}],"replies":[{"embeddable":true,"href":"https:\/\/folhapopular.info\/index.php\/wp-json\/wp\/v2\/comments?post=138710"}],"version-history":[{"count":0,"href":"https:\/\/folhapopular.info\/index.php\/wp-json\/wp\/v2\/posts\/138710\/revisions"}],"wp:featuredmedia":[{"embeddable":true,"href":"https:\/\/folhapopular.info\/index.php\/wp-json\/wp\/v2\/media\/138712"}],"wp:attachment":[{"href":"https:\/\/folhapopular.info\/index.php\/wp-json\/wp\/v2\/media?parent=138710"}],"wp:term":[{"taxonomy":"category","embeddable":true,"href":"https:\/\/folhapopular.info\/index.php\/wp-json\/wp\/v2\/categories?post=138710"},{"taxonomy":"post_tag","embeddable":true,"href":"https:\/\/folhapopular.info\/index.php\/wp-json\/wp\/v2\/tags?post=138710"}],"curies":[{"name":"wp","href":"https:\/\/api.w.org\/{rel}","templated":true}]}}