{"id":138835,"date":"2023-08-31T13:52:28","date_gmt":"2023-08-31T16:52:28","guid":{"rendered":"https:\/\/folhapopular.info\/?p=138835"},"modified":"2023-08-31T13:52:31","modified_gmt":"2023-08-31T16:52:31","slug":"governo-do-estado-destina-mais-r-31-milhoes-as-cooperativas-para-energia-trifasica","status":"publish","type":"post","link":"https:\/\/folhapopular.info\/index.php\/2023\/08\/31\/governo-do-estado-destina-mais-r-31-milhoes-as-cooperativas-para-energia-trifasica\/","title":{"rendered":"Governo do Estado destina mais R$ 31 milh\u00f5es \u00e0s cooperativas para energia trif\u00e1sica"},"content":{"rendered":"\n<p>No in\u00edcio da semana o Governo do Estado oficializou, na Expointer, em Esteio, a quarta parte do Programa Energia Forte no Campo. Desenvolvido pelo Piratini em parceria com as cooperativas de energia, munic\u00edpios e produtores rurais, o programa visa principalmente \u00e0 transforma\u00e7\u00e3o de energia mono ou bif\u00e1sica em trif\u00e1sica, potencializando o insumo que chega at\u00e9 \u00e0s propriedades rurais.<\/p>\n\n\n\n<p>O governador do Estado, Eduardo Leite, salientou a import\u00e2ncia social e econ\u00f4mica do programa. Ser\u00e3o mais R$ 31 milh\u00f5es, que se somar\u00e3o aos R$ 40 milh\u00f5es j\u00e1 disponibilizados anteriormente. Para o produtor que \u00e9 atendido, significa a possibilidade de acoplar novos equipamentos que v\u00e3o melhorar a qualidade e a quantidade da produ\u00e7\u00e3o, gerando mais emprego e renda e movimentando economicamente o Estado. <\/p>\n\n\n\n<p>O sistema cooperativo, segundo o governador, \u00e9 forte e ajuda a sensibilizar e alcan\u00e7ar os produtores. \u201cO Estado quer esse recurso chegando na ponta para que ele se transforme em investimento. Para isso, \u00e9 muito importante que as cooperativas nos ajudem nessa mobiliza\u00e7\u00e3o de cada um dos nossos produtores, participando e ajudando o Estado a levar essa energia forte para o campo se desenvolver, crescer e gerar ganhos para todos\u201d, pontuou.<\/p>\n\n\n\n<h2 class=\"wp-block-heading\">Produtividade<\/h2>\n\n\n\n<p>Para o presidente da Certel e da Federa\u00e7\u00e3o das Cooperativas de Energia, Telefonia e Desenvolvimento Rural do Rio Grande do Sul (Fecoergs), Erineo Jos\u00e9 Hennemann, trata-se de um momento de tranquilidade e felicidade, pois \u00e9 o Governo do Estado enxergando nas cooperativas a condi\u00e7\u00e3o diferenciada para que se possa produzir. <\/p>\n\n\n\n<p>\u201c\u00c9 importante, porque libera carga e capacidade para os nossos associados. Ao transformarmos energia mono ou bif\u00e1sica em trif\u00e1sica, estamos dando uma condi\u00e7\u00e3o melhor de produtividade\u201d, endossou.<\/p>\n\n\n\n<p>De acordo com o superintendente da Fecoergs, Jos\u00e9 Zordan, isso beneficia milhares de fam\u00edlias de pequenos produtores, possibilitando o desenvolvimento maior dessas localidades. \u201cA qualifica\u00e7\u00e3o das redes das cooperativas fortalece a capacidade produtiva do interior, refletindo positivamente na receita e renda do Estado e dos Munic\u00edpios. Nestes quatro anos, foram mais de 15 mil fam\u00edlias beneficiadas direta e indiretamente\u201d, complementa.<\/p>\n\n\n\n<p>\u201cSer\u00e3o mais 32 projetos, com 330 novos postes instalados e 58 novos transformadores trif\u00e1sicos que adicionar\u00e3o uma capacidade de 1.875 kilovolt-ampere (kVA) ao sistema, em mais de 30 quil\u00f4metros de redes novas e transformadas em trif\u00e1sicas, num investimento de R$ 31,3 milh\u00f5es do governo que contemplar\u00e1 mais 191 fam\u00edlias associadas \u00e0 nossa cooperativa\u201d, acrescenta o vice-presidente da Certel, Daniel Luis Sechi.<\/p>\n","protected":false},"excerpt":{"rendered":"<p>No in\u00edcio da semana o Governo do Estado oficializou, na Expointer, em Esteio, a quarta parte do Programa Energia Forte no Campo. Desenvolvido pelo Piratini em parceria com as cooperativas de energia, munic\u00edpios e produtores rurais, o programa visa principalmente \u00e0 transforma\u00e7\u00e3o de energia mono ou bif\u00e1sica em trif\u00e1sica, potencializando o insumo que chega at\u00e9 [&hellip;]<\/p>\n","protected":false},"author":8,"featured_media":138836,"comment_status":"open","ping_status":"open","sticky":false,"template":"","format":"standard","meta":{"pmpro_default_level":"","_jetpack_memberships_contains_paid_content":false,"footnotes":""},"categories":[2,10991,10994],"tags":[291,13076,878,9030],"class_list":{"0":"post-138835","1":"post","2":"type-post","3":"status-publish","4":"format-standard","5":"has-post-thumbnail","7":"category-featured","8":"category-economia","9":"category-rural","10":"tag-certel","11":"tag-cooperativas-de-energia","12":"tag-governo-do-estado","13":"tag-programa-energia-forte-no-campo","14":"pmpro-has-access"},"yoast_head":"<!-- This site is optimized with the Yoast SEO plugin v27.5 - https:\/\/yoast.com\/product\/yoast-seo-wordpress\/ -->\n<title>Governo do Estado destina mais R$ 31 milh\u00f5es \u00e0s cooperativas para energia trif\u00e1sica - Folha Popular<\/title>\n<meta name=\"robots\" content=\"index, follow, max-snippet:-1, max-image-preview:large, max-video-preview:-1\" \/>\n<link rel=\"canonical\" href=\"https:\/\/folhapopular.info\/index.php\/2023\/08\/31\/governo-do-estado-destina-mais-r-31-milhoes-as-cooperativas-para-energia-trifasica\/\" \/>\n<meta property=\"og:locale\" content=\"pt_BR\" \/>\n<meta property=\"og:type\" content=\"article\" \/>\n<meta property=\"og:title\" content=\"Governo do Estado destina mais R$ 31 milh\u00f5es \u00e0s cooperativas para energia trif\u00e1sica - Folha Popular\" \/>\n<meta property=\"og:description\" content=\"No in\u00edcio da semana o Governo do Estado oficializou, na Expointer, em Esteio, a quarta parte do Programa Energia Forte no Campo. Desenvolvido pelo Piratini em parceria com as cooperativas de energia, munic\u00edpios e produtores rurais, o programa visa principalmente \u00e0 transforma\u00e7\u00e3o de energia mono ou bif\u00e1sica em trif\u00e1sica, potencializando o insumo que chega at\u00e9 [&hellip;]\" \/>\n<meta property=\"og:url\" content=\"https:\/\/folhapopular.info\/index.php\/2023\/08\/31\/governo-do-estado-destina-mais-r-31-milhoes-as-cooperativas-para-energia-trifasica\/\" \/>\n<meta property=\"og:site_name\" content=\"Folha Popular\" \/>\n<meta property=\"article:published_time\" content=\"2023-08-31T16:52:28+00:00\" \/>\n<meta property=\"article:modified_time\" content=\"2023-08-31T16:52:31+00:00\" \/>\n<meta property=\"og:image\" content=\"http:\/\/folhapopular.info\/wp-content\/uploads\/2023\/08\/28140445_2094203_GDO.jpg\" \/>\n\t<meta property=\"og:image:width\" content=\"800\" \/>\n\t<meta property=\"og:image:height\" content=\"533\" \/>\n\t<meta property=\"og:image:type\" content=\"image\/jpeg\" \/>\n<meta name=\"author\" content=\"Reda\u00e7\u00e3o Folha Popular\" \/>\n<meta name=\"twitter:card\" content=\"summary_large_image\" \/>\n<meta name=\"twitter:label1\" content=\"Escrito por\" \/>\n\t<meta name=\"twitter:data1\" content=\"Reda\u00e7\u00e3o Folha Popular\" \/>\n\t<meta name=\"twitter:label2\" content=\"Est. tempo de leitura\" \/>\n\t<meta name=\"twitter:data2\" content=\"3 minutos\" \/>\n<script type=\"application\/ld+json\" class=\"yoast-schema-graph\">{\"@context\":\"https:\\\/\\\/schema.org\",\"@graph\":[{\"@type\":\"Article\",\"@id\":\"https:\\\/\\\/folhapopular.info\\\/index.php\\\/2023\\\/08\\\/31\\\/governo-do-estado-destina-mais-r-31-milhoes-as-cooperativas-para-energia-trifasica\\\/#article\",\"isPartOf\":{\"@id\":\"https:\\\/\\\/folhapopular.info\\\/index.php\\\/2023\\\/08\\\/31\\\/governo-do-estado-destina-mais-r-31-milhoes-as-cooperativas-para-energia-trifasica\\\/\"},\"author\":{\"name\":\"Reda\u00e7\u00e3o Folha Popular\",\"@id\":\"https:\\\/\\\/folhapopular.info\\\/#\\\/schema\\\/person\\\/2814e8a0df7643585a9ca38bc6eb9d4b\"},\"headline\":\"Governo do Estado destina mais R$ 31 milh\u00f5es \u00e0s cooperativas para energia trif\u00e1sica\",\"datePublished\":\"2023-08-31T16:52:28+00:00\",\"dateModified\":\"2023-08-31T16:52:31+00:00\",\"mainEntityOfPage\":{\"@id\":\"https:\\\/\\\/folhapopular.info\\\/index.php\\\/2023\\\/08\\\/31\\\/governo-do-estado-destina-mais-r-31-milhoes-as-cooperativas-para-energia-trifasica\\\/\"},\"wordCount\":418,\"commentCount\":0,\"image\":{\"@id\":\"https:\\\/\\\/folhapopular.info\\\/index.php\\\/2023\\\/08\\\/31\\\/governo-do-estado-destina-mais-r-31-milhoes-as-cooperativas-para-energia-trifasica\\\/#primaryimage\"},\"thumbnailUrl\":\"https:\\\/\\\/folhapopular.info\\\/wp-content\\\/uploads\\\/2023\\\/08\\\/28140445_2094203_GDO.jpg\",\"keywords\":[\"Certel\",\"cooperativas de energia\",\"Governo do Estado\",\"Programa Energia Forte no Campo\"],\"articleSection\":[\"Destaques\",\"Economia\",\"Rural\"],\"inLanguage\":\"pt-BR\",\"potentialAction\":[{\"@type\":\"CommentAction\",\"name\":\"Comment\",\"target\":[\"https:\\\/\\\/folhapopular.info\\\/index.php\\\/2023\\\/08\\\/31\\\/governo-do-estado-destina-mais-r-31-milhoes-as-cooperativas-para-energia-trifasica\\\/#respond\"]}]},{\"@type\":\"WebPage\",\"@id\":\"https:\\\/\\\/folhapopular.info\\\/index.php\\\/2023\\\/08\\\/31\\\/governo-do-estado-destina-mais-r-31-milhoes-as-cooperativas-para-energia-trifasica\\\/\",\"url\":\"https:\\\/\\\/folhapopular.info\\\/index.php\\\/2023\\\/08\\\/31\\\/governo-do-estado-destina-mais-r-31-milhoes-as-cooperativas-para-energia-trifasica\\\/\",\"name\":\"Governo do Estado destina mais R$ 31 milh\u00f5es \u00e0s cooperativas para energia trif\u00e1sica - Folha Popular\",\"isPartOf\":{\"@id\":\"https:\\\/\\\/folhapopular.info\\\/#website\"},\"primaryImageOfPage\":{\"@id\":\"https:\\\/\\\/folhapopular.info\\\/index.php\\\/2023\\\/08\\\/31\\\/governo-do-estado-destina-mais-r-31-milhoes-as-cooperativas-para-energia-trifasica\\\/#primaryimage\"},\"image\":{\"@id\":\"https:\\\/\\\/folhapopular.info\\\/index.php\\\/2023\\\/08\\\/31\\\/governo-do-estado-destina-mais-r-31-milhoes-as-cooperativas-para-energia-trifasica\\\/#primaryimage\"},\"thumbnailUrl\":\"https:\\\/\\\/folhapopular.info\\\/wp-content\\\/uploads\\\/2023\\\/08\\\/28140445_2094203_GDO.jpg\",\"datePublished\":\"2023-08-31T16:52:28+00:00\",\"dateModified\":\"2023-08-31T16:52:31+00:00\",\"author\":{\"@id\":\"https:\\\/\\\/folhapopular.info\\\/#\\\/schema\\\/person\\\/2814e8a0df7643585a9ca38bc6eb9d4b\"},\"breadcrumb\":{\"@id\":\"https:\\\/\\\/folhapopular.info\\\/index.php\\\/2023\\\/08\\\/31\\\/governo-do-estado-destina-mais-r-31-milhoes-as-cooperativas-para-energia-trifasica\\\/#breadcrumb\"},\"inLanguage\":\"pt-BR\",\"potentialAction\":[{\"@type\":\"ReadAction\",\"target\":[\"https:\\\/\\\/folhapopular.info\\\/index.php\\\/2023\\\/08\\\/31\\\/governo-do-estado-destina-mais-r-31-milhoes-as-cooperativas-para-energia-trifasica\\\/\"]}]},{\"@type\":\"ImageObject\",\"inLanguage\":\"pt-BR\",\"@id\":\"https:\\\/\\\/folhapopular.info\\\/index.php\\\/2023\\\/08\\\/31\\\/governo-do-estado-destina-mais-r-31-milhoes-as-cooperativas-para-energia-trifasica\\\/#primaryimage\",\"url\":\"https:\\\/\\\/folhapopular.info\\\/wp-content\\\/uploads\\\/2023\\\/08\\\/28140445_2094203_GDO.jpg\",\"contentUrl\":\"https:\\\/\\\/folhapopular.info\\\/wp-content\\\/uploads\\\/2023\\\/08\\\/28140445_2094203_GDO.jpg\",\"width\":800,\"height\":533,\"caption\":\"Cr\u00e9dito: Maur\u00edcio Tonetto \\\/ Secom\"},{\"@type\":\"BreadcrumbList\",\"@id\":\"https:\\\/\\\/folhapopular.info\\\/index.php\\\/2023\\\/08\\\/31\\\/governo-do-estado-destina-mais-r-31-milhoes-as-cooperativas-para-energia-trifasica\\\/#breadcrumb\",\"itemListElement\":[{\"@type\":\"ListItem\",\"position\":1,\"name\":\"In\u00edcio\",\"item\":\"https:\\\/\\\/folhapopular.info\\\/\"},{\"@type\":\"ListItem\",\"position\":2,\"name\":\"Governo do Estado destina mais R$ 31 milh\u00f5es \u00e0s cooperativas para energia trif\u00e1sica\"}]},{\"@type\":\"WebSite\",\"@id\":\"https:\\\/\\\/folhapopular.info\\\/#website\",\"url\":\"https:\\\/\\\/folhapopular.info\\\/\",\"name\":\"Folha Popular\",\"description\":\"Onde voc\u00ea tem vez e voz\",\"potentialAction\":[{\"@type\":\"SearchAction\",\"target\":{\"@type\":\"EntryPoint\",\"urlTemplate\":\"https:\\\/\\\/folhapopular.info\\\/?s={search_term_string}\"},\"query-input\":{\"@type\":\"PropertyValueSpecification\",\"valueRequired\":true,\"valueName\":\"search_term_string\"}}],\"inLanguage\":\"pt-BR\"},{\"@type\":\"Person\",\"@id\":\"https:\\\/\\\/folhapopular.info\\\/#\\\/schema\\\/person\\\/2814e8a0df7643585a9ca38bc6eb9d4b\",\"name\":\"Reda\u00e7\u00e3o Folha Popular\",\"image\":{\"@type\":\"ImageObject\",\"inLanguage\":\"pt-BR\",\"@id\":\"https:\\\/\\\/folhapopular.info\\\/wp-content\\\/uploads\\\/2026\\\/04\\\/Folha-1.webp\",\"url\":\"https:\\\/\\\/folhapopular.info\\\/wp-content\\\/uploads\\\/2026\\\/04\\\/Folha-1.webp\",\"contentUrl\":\"https:\\\/\\\/folhapopular.info\\\/wp-content\\\/uploads\\\/2026\\\/04\\\/Folha-1.webp\",\"caption\":\"Reda\u00e7\u00e3o Folha Popular\"},\"url\":\"https:\\\/\\\/folhapopular.info\\\/index.php\\\/author\\\/redacao\\\/\"}]}<\/script>\n<!-- \/ Yoast SEO plugin. -->","yoast_head_json":{"title":"Governo do Estado destina mais R$ 31 milh\u00f5es \u00e0s cooperativas para energia trif\u00e1sica - Folha Popular","robots":{"index":"index","follow":"follow","max-snippet":"max-snippet:-1","max-image-preview":"max-image-preview:large","max-video-preview":"max-video-preview:-1"},"canonical":"https:\/\/folhapopular.info\/index.php\/2023\/08\/31\/governo-do-estado-destina-mais-r-31-milhoes-as-cooperativas-para-energia-trifasica\/","og_locale":"pt_BR","og_type":"article","og_title":"Governo do Estado destina mais R$ 31 milh\u00f5es \u00e0s cooperativas para energia trif\u00e1sica - Folha Popular","og_description":"No in\u00edcio da semana o Governo do Estado oficializou, na Expointer, em Esteio, a quarta parte do Programa Energia Forte no Campo. Desenvolvido pelo Piratini em parceria com as cooperativas de energia, munic\u00edpios e produtores rurais, o programa visa principalmente \u00e0 transforma\u00e7\u00e3o de energia mono ou bif\u00e1sica em trif\u00e1sica, potencializando o insumo que chega at\u00e9 [&hellip;]","og_url":"https:\/\/folhapopular.info\/index.php\/2023\/08\/31\/governo-do-estado-destina-mais-r-31-milhoes-as-cooperativas-para-energia-trifasica\/","og_site_name":"Folha Popular","article_published_time":"2023-08-31T16:52:28+00:00","article_modified_time":"2023-08-31T16:52:31+00:00","og_image":[{"width":800,"height":533,"url":"http:\/\/folhapopular.info\/wp-content\/uploads\/2023\/08\/28140445_2094203_GDO.jpg","type":"image\/jpeg"}],"author":"Reda\u00e7\u00e3o Folha Popular","twitter_card":"summary_large_image","twitter_misc":{"Escrito por":"Reda\u00e7\u00e3o Folha Popular","Est. tempo de leitura":"3 minutos"},"schema":{"@context":"https:\/\/schema.org","@graph":[{"@type":"Article","@id":"https:\/\/folhapopular.info\/index.php\/2023\/08\/31\/governo-do-estado-destina-mais-r-31-milhoes-as-cooperativas-para-energia-trifasica\/#article","isPartOf":{"@id":"https:\/\/folhapopular.info\/index.php\/2023\/08\/31\/governo-do-estado-destina-mais-r-31-milhoes-as-cooperativas-para-energia-trifasica\/"},"author":{"name":"Reda\u00e7\u00e3o Folha Popular","@id":"https:\/\/folhapopular.info\/#\/schema\/person\/2814e8a0df7643585a9ca38bc6eb9d4b"},"headline":"Governo do Estado destina mais R$ 31 milh\u00f5es \u00e0s cooperativas para energia trif\u00e1sica","datePublished":"2023-08-31T16:52:28+00:00","dateModified":"2023-08-31T16:52:31+00:00","mainEntityOfPage":{"@id":"https:\/\/folhapopular.info\/index.php\/2023\/08\/31\/governo-do-estado-destina-mais-r-31-milhoes-as-cooperativas-para-energia-trifasica\/"},"wordCount":418,"commentCount":0,"image":{"@id":"https:\/\/folhapopular.info\/index.php\/2023\/08\/31\/governo-do-estado-destina-mais-r-31-milhoes-as-cooperativas-para-energia-trifasica\/#primaryimage"},"thumbnailUrl":"https:\/\/folhapopular.info\/wp-content\/uploads\/2023\/08\/28140445_2094203_GDO.jpg","keywords":["Certel","cooperativas de energia","Governo do Estado","Programa Energia Forte no Campo"],"articleSection":["Destaques","Economia","Rural"],"inLanguage":"pt-BR","potentialAction":[{"@type":"CommentAction","name":"Comment","target":["https:\/\/folhapopular.info\/index.php\/2023\/08\/31\/governo-do-estado-destina-mais-r-31-milhoes-as-cooperativas-para-energia-trifasica\/#respond"]}]},{"@type":"WebPage","@id":"https:\/\/folhapopular.info\/index.php\/2023\/08\/31\/governo-do-estado-destina-mais-r-31-milhoes-as-cooperativas-para-energia-trifasica\/","url":"https:\/\/folhapopular.info\/index.php\/2023\/08\/31\/governo-do-estado-destina-mais-r-31-milhoes-as-cooperativas-para-energia-trifasica\/","name":"Governo do Estado destina mais R$ 31 milh\u00f5es \u00e0s cooperativas para energia trif\u00e1sica - Folha Popular","isPartOf":{"@id":"https:\/\/folhapopular.info\/#website"},"primaryImageOfPage":{"@id":"https:\/\/folhapopular.info\/index.php\/2023\/08\/31\/governo-do-estado-destina-mais-r-31-milhoes-as-cooperativas-para-energia-trifasica\/#primaryimage"},"image":{"@id":"https:\/\/folhapopular.info\/index.php\/2023\/08\/31\/governo-do-estado-destina-mais-r-31-milhoes-as-cooperativas-para-energia-trifasica\/#primaryimage"},"thumbnailUrl":"https:\/\/folhapopular.info\/wp-content\/uploads\/2023\/08\/28140445_2094203_GDO.jpg","datePublished":"2023-08-31T16:52:28+00:00","dateModified":"2023-08-31T16:52:31+00:00","author":{"@id":"https:\/\/folhapopular.info\/#\/schema\/person\/2814e8a0df7643585a9ca38bc6eb9d4b"},"breadcrumb":{"@id":"https:\/\/folhapopular.info\/index.php\/2023\/08\/31\/governo-do-estado-destina-mais-r-31-milhoes-as-cooperativas-para-energia-trifasica\/#breadcrumb"},"inLanguage":"pt-BR","potentialAction":[{"@type":"ReadAction","target":["https:\/\/folhapopular.info\/index.php\/2023\/08\/31\/governo-do-estado-destina-mais-r-31-milhoes-as-cooperativas-para-energia-trifasica\/"]}]},{"@type":"ImageObject","inLanguage":"pt-BR","@id":"https:\/\/folhapopular.info\/index.php\/2023\/08\/31\/governo-do-estado-destina-mais-r-31-milhoes-as-cooperativas-para-energia-trifasica\/#primaryimage","url":"https:\/\/folhapopular.info\/wp-content\/uploads\/2023\/08\/28140445_2094203_GDO.jpg","contentUrl":"https:\/\/folhapopular.info\/wp-content\/uploads\/2023\/08\/28140445_2094203_GDO.jpg","width":800,"height":533,"caption":"Cr\u00e9dito: Maur\u00edcio Tonetto \/ Secom"},{"@type":"BreadcrumbList","@id":"https:\/\/folhapopular.info\/index.php\/2023\/08\/31\/governo-do-estado-destina-mais-r-31-milhoes-as-cooperativas-para-energia-trifasica\/#breadcrumb","itemListElement":[{"@type":"ListItem","position":1,"name":"In\u00edcio","item":"https:\/\/folhapopular.info\/"},{"@type":"ListItem","position":2,"name":"Governo do Estado destina mais R$ 31 milh\u00f5es \u00e0s cooperativas para energia trif\u00e1sica"}]},{"@type":"WebSite","@id":"https:\/\/folhapopular.info\/#website","url":"https:\/\/folhapopular.info\/","name":"Folha Popular","description":"Onde voc\u00ea tem vez e voz","potentialAction":[{"@type":"SearchAction","target":{"@type":"EntryPoint","urlTemplate":"https:\/\/folhapopular.info\/?s={search_term_string}"},"query-input":{"@type":"PropertyValueSpecification","valueRequired":true,"valueName":"search_term_string"}}],"inLanguage":"pt-BR"},{"@type":"Person","@id":"https:\/\/folhapopular.info\/#\/schema\/person\/2814e8a0df7643585a9ca38bc6eb9d4b","name":"Reda\u00e7\u00e3o Folha Popular","image":{"@type":"ImageObject","inLanguage":"pt-BR","@id":"https:\/\/folhapopular.info\/wp-content\/uploads\/2026\/04\/Folha-1.webp","url":"https:\/\/folhapopular.info\/wp-content\/uploads\/2026\/04\/Folha-1.webp","contentUrl":"https:\/\/folhapopular.info\/wp-content\/uploads\/2026\/04\/Folha-1.webp","caption":"Reda\u00e7\u00e3o Folha Popular"},"url":"https:\/\/folhapopular.info\/index.php\/author\/redacao\/"}]}},"jetpack_featured_media_url":"https:\/\/folhapopular.info\/wp-content\/uploads\/2023\/08\/28140445_2094203_GDO.jpg","jetpack_sharing_enabled":true,"amp_enabled":true,"_links":{"self":[{"href":"https:\/\/folhapopular.info\/index.php\/wp-json\/wp\/v2\/posts\/138835","targetHints":{"allow":["GET"]}}],"collection":[{"href":"https:\/\/folhapopular.info\/index.php\/wp-json\/wp\/v2\/posts"}],"about":[{"href":"https:\/\/folhapopular.info\/index.php\/wp-json\/wp\/v2\/types\/post"}],"author":[{"embeddable":true,"href":"https:\/\/folhapopular.info\/index.php\/wp-json\/wp\/v2\/users\/8"}],"replies":[{"embeddable":true,"href":"https:\/\/folhapopular.info\/index.php\/wp-json\/wp\/v2\/comments?post=138835"}],"version-history":[{"count":0,"href":"https:\/\/folhapopular.info\/index.php\/wp-json\/wp\/v2\/posts\/138835\/revisions"}],"wp:featuredmedia":[{"embeddable":true,"href":"https:\/\/folhapopular.info\/index.php\/wp-json\/wp\/v2\/media\/138836"}],"wp:attachment":[{"href":"https:\/\/folhapopular.info\/index.php\/wp-json\/wp\/v2\/media?parent=138835"}],"wp:term":[{"taxonomy":"category","embeddable":true,"href":"https:\/\/folhapopular.info\/index.php\/wp-json\/wp\/v2\/categories?post=138835"},{"taxonomy":"post_tag","embeddable":true,"href":"https:\/\/folhapopular.info\/index.php\/wp-json\/wp\/v2\/tags?post=138835"}],"curies":[{"name":"wp","href":"https:\/\/api.w.org\/{rel}","templated":true}]}}