{"id":138852,"date":"2023-08-31T18:34:00","date_gmt":"2023-08-31T21:34:00","guid":{"rendered":"https:\/\/folhapopular.info\/?p=138852"},"modified":"2023-08-31T16:42:02","modified_gmt":"2023-08-31T19:42:02","slug":"cooperativas-gauchas-apresentam-pleitos-para-ministro-da-agricultura-na-expointer","status":"publish","type":"post","link":"https:\/\/folhapopular.info\/index.php\/2023\/08\/31\/cooperativas-gauchas-apresentam-pleitos-para-ministro-da-agricultura-na-expointer\/","title":{"rendered":"Cooperativas ga\u00fachas apresentam pleitos para Ministro da Agricultura na Expointer"},"content":{"rendered":"\n<p>A principal pauta apresentada por dirigentes das cooperativas agropecu\u00e1rias ga\u00fachas ao ministro da Agricultura e Pecu\u00e1ria, Carlos F\u00e1varo, em encontro na Casa do Cooperativismo, na Expointer, nesta quinta-feira (31\/8), foi o apoio do Governo Federal na concess\u00e3o de cr\u00e9dito para financiamento dos produtores rurais associados que enfrentam dificuldades por conta da estiagem e das altas taxas dos insumos. <\/p>\n\n\n\n<p>O presidente do Sistema Ocergs, Darci Hartmann, cita que h\u00e1 avan\u00e7os nos pleitos apresentados em Bras\u00edlia em rela\u00e7\u00e3o ao endividamento. &#8220;Formaremos grupos t\u00e9cnicos para discutir solu\u00e7\u00f5es junto ao Governo Federal. Alinhados ao RSCOOP150, o Plano de Desenvolvimento do Cooperativismo Ga\u00facho, estamos trabalhando para ampliar as linhas de cr\u00e9dito e o financiamento para auxiliar o setor\u201d, afirmou.<\/p>\n\n\n\n<p>O ministro Carlos F\u00e1varo enfatizou a disponibilidade do governo em buscar alternativas que atendam o setor. \u201cEstamos aqui para construir com voc\u00eas uma solu\u00e7\u00e3o, trazendo alternativas que ir\u00e3o auxiliar os produtores e o sistema cooperativo\u201d, refor\u00e7ou.<\/p>\n\n\n\n<h2 class=\"wp-block-heading\">Cooperativismo<\/h2>\n\n\n\n<p>Em 2022, as cooperativas do Estado registraram um faturamento recorde de R$ 81,9 bilh\u00f5es, aumento de 14,9% em rela\u00e7\u00e3o ao ano anterior. Esses n\u00fameros fazem parte do levantamento Express\u00e3o do Cooperativismo Ga\u00facho (ano-base 2022) e confirmam a posi\u00e7\u00e3o de destaque do setor no Rio Grande do Sul. <\/p>\n\n\n\n<p>Atualmente, o sistema re\u00fane mais de 3,5 milh\u00f5es de associados, principalmente nos ramos agropecu\u00e1rio, sa\u00fade, cr\u00e9dito e infraestrutura. A expectativa \u00e9 de que nos pr\u00f3ximos cinco anos o setor alcance 100 mil empregos diretos e invista R$ 300 milh\u00f5es em capacita\u00e7\u00e3o at\u00e9 2027 \u2013 metas do RSCOOP150, plano estrat\u00e9gico que refor\u00e7a a\u00e7\u00f5es para o desenvolvimento em m\u00e9dio e longo prazo.<\/p>\n","protected":false},"excerpt":{"rendered":"<p>A principal pauta apresentada por dirigentes das cooperativas agropecu\u00e1rias ga\u00fachas ao ministro da Agricultura e Pecu\u00e1ria, Carlos F\u00e1varo, em encontro na Casa do Cooperativismo, na Expointer, nesta quinta-feira (31\/8), foi o apoio do Governo Federal na concess\u00e3o de cr\u00e9dito para financiamento dos produtores rurais associados que enfrentam dificuldades por conta da estiagem e das altas [&hellip;]<\/p>\n","protected":false},"author":8,"featured_media":138853,"comment_status":"open","ping_status":"open","sticky":false,"template":"","format":"standard","meta":{"pmpro_default_level":"","_jetpack_memberships_contains_paid_content":false,"footnotes":""},"categories":[10992,2,10991],"tags":[13084,6002,13085,10736,13086],"class_list":{"0":"post-138852","1":"post","2":"type-post","3":"status-publish","4":"format-standard","5":"has-post-thumbnail","7":"category-coopop","8":"category-featured","9":"category-economia","10":"tag-cooperativas-gauchas","11":"tag-expointer","12":"tag-ministro-da-agricultura","13":"tag-rscoop150","14":"tag-sistema-ocergs","15":"pmpro-has-access"},"yoast_head":"<!-- This site is optimized with the Yoast SEO plugin v27.5 - https:\/\/yoast.com\/product\/yoast-seo-wordpress\/ -->\n<title>Cooperativas ga\u00fachas apresentam pleitos para Ministro da Agricultura na Expointer - Folha Popular<\/title>\n<meta name=\"robots\" content=\"index, follow, max-snippet:-1, max-image-preview:large, max-video-preview:-1\" \/>\n<link rel=\"canonical\" href=\"https:\/\/folhapopular.info\/index.php\/2023\/08\/31\/cooperativas-gauchas-apresentam-pleitos-para-ministro-da-agricultura-na-expointer\/\" \/>\n<meta property=\"og:locale\" content=\"pt_BR\" \/>\n<meta property=\"og:type\" content=\"article\" \/>\n<meta property=\"og:title\" content=\"Cooperativas ga\u00fachas apresentam pleitos para Ministro da Agricultura na Expointer - Folha Popular\" \/>\n<meta property=\"og:description\" content=\"A principal pauta apresentada por dirigentes das cooperativas agropecu\u00e1rias ga\u00fachas ao ministro da Agricultura e Pecu\u00e1ria, Carlos F\u00e1varo, em encontro na Casa do Cooperativismo, na Expointer, nesta quinta-feira (31\/8), foi o apoio do Governo Federal na concess\u00e3o de cr\u00e9dito para financiamento dos produtores rurais associados que enfrentam dificuldades por conta da estiagem e das altas [&hellip;]\" \/>\n<meta property=\"og:url\" content=\"https:\/\/folhapopular.info\/index.php\/2023\/08\/31\/cooperativas-gauchas-apresentam-pleitos-para-ministro-da-agricultura-na-expointer\/\" \/>\n<meta property=\"og:site_name\" content=\"Folha Popular\" \/>\n<meta property=\"article:published_time\" content=\"2023-08-31T21:34:00+00:00\" \/>\n<meta property=\"og:image\" content=\"https:\/\/folhapopular.info\/wp-content\/uploads\/2023\/08\/unnamed-10.jpg\" \/>\n\t<meta property=\"og:image:width\" content=\"800\" \/>\n\t<meta property=\"og:image:height\" content=\"406\" \/>\n\t<meta property=\"og:image:type\" content=\"image\/jpeg\" \/>\n<meta name=\"author\" content=\"Reda\u00e7\u00e3o Folha Popular\" \/>\n<meta name=\"twitter:card\" content=\"summary_large_image\" \/>\n<meta name=\"twitter:label1\" content=\"Escrito por\" \/>\n\t<meta name=\"twitter:data1\" content=\"Reda\u00e7\u00e3o Folha Popular\" \/>\n\t<meta name=\"twitter:label2\" content=\"Est. tempo de leitura\" \/>\n\t<meta name=\"twitter:data2\" content=\"2 minutos\" \/>\n<script type=\"application\/ld+json\" class=\"yoast-schema-graph\">{\"@context\":\"https:\\\/\\\/schema.org\",\"@graph\":[{\"@type\":\"Article\",\"@id\":\"https:\\\/\\\/folhapopular.info\\\/index.php\\\/2023\\\/08\\\/31\\\/cooperativas-gauchas-apresentam-pleitos-para-ministro-da-agricultura-na-expointer\\\/#article\",\"isPartOf\":{\"@id\":\"https:\\\/\\\/folhapopular.info\\\/index.php\\\/2023\\\/08\\\/31\\\/cooperativas-gauchas-apresentam-pleitos-para-ministro-da-agricultura-na-expointer\\\/\"},\"author\":{\"name\":\"Reda\u00e7\u00e3o Folha Popular\",\"@id\":\"https:\\\/\\\/folhapopular.info\\\/#\\\/schema\\\/person\\\/2814e8a0df7643585a9ca38bc6eb9d4b\"},\"headline\":\"Cooperativas ga\u00fachas apresentam pleitos para Ministro da Agricultura na Expointer\",\"datePublished\":\"2023-08-31T21:34:00+00:00\",\"mainEntityOfPage\":{\"@id\":\"https:\\\/\\\/folhapopular.info\\\/index.php\\\/2023\\\/08\\\/31\\\/cooperativas-gauchas-apresentam-pleitos-para-ministro-da-agricultura-na-expointer\\\/\"},\"wordCount\":294,\"commentCount\":0,\"image\":{\"@id\":\"https:\\\/\\\/folhapopular.info\\\/index.php\\\/2023\\\/08\\\/31\\\/cooperativas-gauchas-apresentam-pleitos-para-ministro-da-agricultura-na-expointer\\\/#primaryimage\"},\"thumbnailUrl\":\"https:\\\/\\\/folhapopular.info\\\/wp-content\\\/uploads\\\/2023\\\/08\\\/unnamed-10.jpg\",\"keywords\":[\"cooperativas ga\u00fachas\",\"Expointer\",\"Ministro da Agricultura\",\"rscoop150\",\"Sistema Ocergs\"],\"articleSection\":[\"Coopop\",\"Destaques\",\"Economia\"],\"inLanguage\":\"pt-BR\",\"potentialAction\":[{\"@type\":\"CommentAction\",\"name\":\"Comment\",\"target\":[\"https:\\\/\\\/folhapopular.info\\\/index.php\\\/2023\\\/08\\\/31\\\/cooperativas-gauchas-apresentam-pleitos-para-ministro-da-agricultura-na-expointer\\\/#respond\"]}]},{\"@type\":\"WebPage\",\"@id\":\"https:\\\/\\\/folhapopular.info\\\/index.php\\\/2023\\\/08\\\/31\\\/cooperativas-gauchas-apresentam-pleitos-para-ministro-da-agricultura-na-expointer\\\/\",\"url\":\"https:\\\/\\\/folhapopular.info\\\/index.php\\\/2023\\\/08\\\/31\\\/cooperativas-gauchas-apresentam-pleitos-para-ministro-da-agricultura-na-expointer\\\/\",\"name\":\"Cooperativas ga\u00fachas apresentam pleitos para Ministro da Agricultura na Expointer - Folha Popular\",\"isPartOf\":{\"@id\":\"https:\\\/\\\/folhapopular.info\\\/#website\"},\"primaryImageOfPage\":{\"@id\":\"https:\\\/\\\/folhapopular.info\\\/index.php\\\/2023\\\/08\\\/31\\\/cooperativas-gauchas-apresentam-pleitos-para-ministro-da-agricultura-na-expointer\\\/#primaryimage\"},\"image\":{\"@id\":\"https:\\\/\\\/folhapopular.info\\\/index.php\\\/2023\\\/08\\\/31\\\/cooperativas-gauchas-apresentam-pleitos-para-ministro-da-agricultura-na-expointer\\\/#primaryimage\"},\"thumbnailUrl\":\"https:\\\/\\\/folhapopular.info\\\/wp-content\\\/uploads\\\/2023\\\/08\\\/unnamed-10.jpg\",\"datePublished\":\"2023-08-31T21:34:00+00:00\",\"author\":{\"@id\":\"https:\\\/\\\/folhapopular.info\\\/#\\\/schema\\\/person\\\/2814e8a0df7643585a9ca38bc6eb9d4b\"},\"breadcrumb\":{\"@id\":\"https:\\\/\\\/folhapopular.info\\\/index.php\\\/2023\\\/08\\\/31\\\/cooperativas-gauchas-apresentam-pleitos-para-ministro-da-agricultura-na-expointer\\\/#breadcrumb\"},\"inLanguage\":\"pt-BR\",\"potentialAction\":[{\"@type\":\"ReadAction\",\"target\":[\"https:\\\/\\\/folhapopular.info\\\/index.php\\\/2023\\\/08\\\/31\\\/cooperativas-gauchas-apresentam-pleitos-para-ministro-da-agricultura-na-expointer\\\/\"]}]},{\"@type\":\"ImageObject\",\"inLanguage\":\"pt-BR\",\"@id\":\"https:\\\/\\\/folhapopular.info\\\/index.php\\\/2023\\\/08\\\/31\\\/cooperativas-gauchas-apresentam-pleitos-para-ministro-da-agricultura-na-expointer\\\/#primaryimage\",\"url\":\"https:\\\/\\\/folhapopular.info\\\/wp-content\\\/uploads\\\/2023\\\/08\\\/unnamed-10.jpg\",\"contentUrl\":\"https:\\\/\\\/folhapopular.info\\\/wp-content\\\/uploads\\\/2023\\\/08\\\/unnamed-10.jpg\",\"width\":800,\"height\":406,\"caption\":\"Cr\u00e9dito: Leonardo Machado \\\/ Sistema Ocergs\"},{\"@type\":\"BreadcrumbList\",\"@id\":\"https:\\\/\\\/folhapopular.info\\\/index.php\\\/2023\\\/08\\\/31\\\/cooperativas-gauchas-apresentam-pleitos-para-ministro-da-agricultura-na-expointer\\\/#breadcrumb\",\"itemListElement\":[{\"@type\":\"ListItem\",\"position\":1,\"name\":\"In\u00edcio\",\"item\":\"https:\\\/\\\/folhapopular.info\\\/\"},{\"@type\":\"ListItem\",\"position\":2,\"name\":\"Cooperativas ga\u00fachas apresentam pleitos para Ministro da Agricultura na Expointer\"}]},{\"@type\":\"WebSite\",\"@id\":\"https:\\\/\\\/folhapopular.info\\\/#website\",\"url\":\"https:\\\/\\\/folhapopular.info\\\/\",\"name\":\"Folha Popular\",\"description\":\"Onde voc\u00ea tem vez e voz\",\"potentialAction\":[{\"@type\":\"SearchAction\",\"target\":{\"@type\":\"EntryPoint\",\"urlTemplate\":\"https:\\\/\\\/folhapopular.info\\\/?s={search_term_string}\"},\"query-input\":{\"@type\":\"PropertyValueSpecification\",\"valueRequired\":true,\"valueName\":\"search_term_string\"}}],\"inLanguage\":\"pt-BR\"},{\"@type\":\"Person\",\"@id\":\"https:\\\/\\\/folhapopular.info\\\/#\\\/schema\\\/person\\\/2814e8a0df7643585a9ca38bc6eb9d4b\",\"name\":\"Reda\u00e7\u00e3o Folha Popular\",\"image\":{\"@type\":\"ImageObject\",\"inLanguage\":\"pt-BR\",\"@id\":\"https:\\\/\\\/folhapopular.info\\\/wp-content\\\/uploads\\\/2026\\\/04\\\/Folha-1.webp\",\"url\":\"https:\\\/\\\/folhapopular.info\\\/wp-content\\\/uploads\\\/2026\\\/04\\\/Folha-1.webp\",\"contentUrl\":\"https:\\\/\\\/folhapopular.info\\\/wp-content\\\/uploads\\\/2026\\\/04\\\/Folha-1.webp\",\"caption\":\"Reda\u00e7\u00e3o Folha Popular\"},\"url\":\"https:\\\/\\\/folhapopular.info\\\/index.php\\\/author\\\/redacao\\\/\"}]}<\/script>\n<!-- \/ Yoast SEO plugin. -->","yoast_head_json":{"title":"Cooperativas ga\u00fachas apresentam pleitos para Ministro da Agricultura na Expointer - Folha Popular","robots":{"index":"index","follow":"follow","max-snippet":"max-snippet:-1","max-image-preview":"max-image-preview:large","max-video-preview":"max-video-preview:-1"},"canonical":"https:\/\/folhapopular.info\/index.php\/2023\/08\/31\/cooperativas-gauchas-apresentam-pleitos-para-ministro-da-agricultura-na-expointer\/","og_locale":"pt_BR","og_type":"article","og_title":"Cooperativas ga\u00fachas apresentam pleitos para Ministro da Agricultura na Expointer - Folha Popular","og_description":"A principal pauta apresentada por dirigentes das cooperativas agropecu\u00e1rias ga\u00fachas ao ministro da Agricultura e Pecu\u00e1ria, Carlos F\u00e1varo, em encontro na Casa do Cooperativismo, na Expointer, nesta quinta-feira (31\/8), foi o apoio do Governo Federal na concess\u00e3o de cr\u00e9dito para financiamento dos produtores rurais associados que enfrentam dificuldades por conta da estiagem e das altas [&hellip;]","og_url":"https:\/\/folhapopular.info\/index.php\/2023\/08\/31\/cooperativas-gauchas-apresentam-pleitos-para-ministro-da-agricultura-na-expointer\/","og_site_name":"Folha Popular","article_published_time":"2023-08-31T21:34:00+00:00","og_image":[{"width":800,"height":406,"url":"https:\/\/folhapopular.info\/wp-content\/uploads\/2023\/08\/unnamed-10.jpg","type":"image\/jpeg"}],"author":"Reda\u00e7\u00e3o Folha Popular","twitter_card":"summary_large_image","twitter_misc":{"Escrito por":"Reda\u00e7\u00e3o Folha Popular","Est. tempo de leitura":"2 minutos"},"schema":{"@context":"https:\/\/schema.org","@graph":[{"@type":"Article","@id":"https:\/\/folhapopular.info\/index.php\/2023\/08\/31\/cooperativas-gauchas-apresentam-pleitos-para-ministro-da-agricultura-na-expointer\/#article","isPartOf":{"@id":"https:\/\/folhapopular.info\/index.php\/2023\/08\/31\/cooperativas-gauchas-apresentam-pleitos-para-ministro-da-agricultura-na-expointer\/"},"author":{"name":"Reda\u00e7\u00e3o Folha Popular","@id":"https:\/\/folhapopular.info\/#\/schema\/person\/2814e8a0df7643585a9ca38bc6eb9d4b"},"headline":"Cooperativas ga\u00fachas apresentam pleitos para Ministro da Agricultura na Expointer","datePublished":"2023-08-31T21:34:00+00:00","mainEntityOfPage":{"@id":"https:\/\/folhapopular.info\/index.php\/2023\/08\/31\/cooperativas-gauchas-apresentam-pleitos-para-ministro-da-agricultura-na-expointer\/"},"wordCount":294,"commentCount":0,"image":{"@id":"https:\/\/folhapopular.info\/index.php\/2023\/08\/31\/cooperativas-gauchas-apresentam-pleitos-para-ministro-da-agricultura-na-expointer\/#primaryimage"},"thumbnailUrl":"https:\/\/folhapopular.info\/wp-content\/uploads\/2023\/08\/unnamed-10.jpg","keywords":["cooperativas ga\u00fachas","Expointer","Ministro da Agricultura","rscoop150","Sistema Ocergs"],"articleSection":["Coopop","Destaques","Economia"],"inLanguage":"pt-BR","potentialAction":[{"@type":"CommentAction","name":"Comment","target":["https:\/\/folhapopular.info\/index.php\/2023\/08\/31\/cooperativas-gauchas-apresentam-pleitos-para-ministro-da-agricultura-na-expointer\/#respond"]}]},{"@type":"WebPage","@id":"https:\/\/folhapopular.info\/index.php\/2023\/08\/31\/cooperativas-gauchas-apresentam-pleitos-para-ministro-da-agricultura-na-expointer\/","url":"https:\/\/folhapopular.info\/index.php\/2023\/08\/31\/cooperativas-gauchas-apresentam-pleitos-para-ministro-da-agricultura-na-expointer\/","name":"Cooperativas ga\u00fachas apresentam pleitos para Ministro da Agricultura na Expointer - Folha Popular","isPartOf":{"@id":"https:\/\/folhapopular.info\/#website"},"primaryImageOfPage":{"@id":"https:\/\/folhapopular.info\/index.php\/2023\/08\/31\/cooperativas-gauchas-apresentam-pleitos-para-ministro-da-agricultura-na-expointer\/#primaryimage"},"image":{"@id":"https:\/\/folhapopular.info\/index.php\/2023\/08\/31\/cooperativas-gauchas-apresentam-pleitos-para-ministro-da-agricultura-na-expointer\/#primaryimage"},"thumbnailUrl":"https:\/\/folhapopular.info\/wp-content\/uploads\/2023\/08\/unnamed-10.jpg","datePublished":"2023-08-31T21:34:00+00:00","author":{"@id":"https:\/\/folhapopular.info\/#\/schema\/person\/2814e8a0df7643585a9ca38bc6eb9d4b"},"breadcrumb":{"@id":"https:\/\/folhapopular.info\/index.php\/2023\/08\/31\/cooperativas-gauchas-apresentam-pleitos-para-ministro-da-agricultura-na-expointer\/#breadcrumb"},"inLanguage":"pt-BR","potentialAction":[{"@type":"ReadAction","target":["https:\/\/folhapopular.info\/index.php\/2023\/08\/31\/cooperativas-gauchas-apresentam-pleitos-para-ministro-da-agricultura-na-expointer\/"]}]},{"@type":"ImageObject","inLanguage":"pt-BR","@id":"https:\/\/folhapopular.info\/index.php\/2023\/08\/31\/cooperativas-gauchas-apresentam-pleitos-para-ministro-da-agricultura-na-expointer\/#primaryimage","url":"https:\/\/folhapopular.info\/wp-content\/uploads\/2023\/08\/unnamed-10.jpg","contentUrl":"https:\/\/folhapopular.info\/wp-content\/uploads\/2023\/08\/unnamed-10.jpg","width":800,"height":406,"caption":"Cr\u00e9dito: Leonardo Machado \/ Sistema Ocergs"},{"@type":"BreadcrumbList","@id":"https:\/\/folhapopular.info\/index.php\/2023\/08\/31\/cooperativas-gauchas-apresentam-pleitos-para-ministro-da-agricultura-na-expointer\/#breadcrumb","itemListElement":[{"@type":"ListItem","position":1,"name":"In\u00edcio","item":"https:\/\/folhapopular.info\/"},{"@type":"ListItem","position":2,"name":"Cooperativas ga\u00fachas apresentam pleitos para Ministro da Agricultura na Expointer"}]},{"@type":"WebSite","@id":"https:\/\/folhapopular.info\/#website","url":"https:\/\/folhapopular.info\/","name":"Folha Popular","description":"Onde voc\u00ea tem vez e voz","potentialAction":[{"@type":"SearchAction","target":{"@type":"EntryPoint","urlTemplate":"https:\/\/folhapopular.info\/?s={search_term_string}"},"query-input":{"@type":"PropertyValueSpecification","valueRequired":true,"valueName":"search_term_string"}}],"inLanguage":"pt-BR"},{"@type":"Person","@id":"https:\/\/folhapopular.info\/#\/schema\/person\/2814e8a0df7643585a9ca38bc6eb9d4b","name":"Reda\u00e7\u00e3o Folha Popular","image":{"@type":"ImageObject","inLanguage":"pt-BR","@id":"https:\/\/folhapopular.info\/wp-content\/uploads\/2026\/04\/Folha-1.webp","url":"https:\/\/folhapopular.info\/wp-content\/uploads\/2026\/04\/Folha-1.webp","contentUrl":"https:\/\/folhapopular.info\/wp-content\/uploads\/2026\/04\/Folha-1.webp","caption":"Reda\u00e7\u00e3o Folha Popular"},"url":"https:\/\/folhapopular.info\/index.php\/author\/redacao\/"}]}},"jetpack_featured_media_url":"https:\/\/folhapopular.info\/wp-content\/uploads\/2023\/08\/unnamed-10.jpg","jetpack_sharing_enabled":true,"amp_enabled":true,"_links":{"self":[{"href":"https:\/\/folhapopular.info\/index.php\/wp-json\/wp\/v2\/posts\/138852","targetHints":{"allow":["GET"]}}],"collection":[{"href":"https:\/\/folhapopular.info\/index.php\/wp-json\/wp\/v2\/posts"}],"about":[{"href":"https:\/\/folhapopular.info\/index.php\/wp-json\/wp\/v2\/types\/post"}],"author":[{"embeddable":true,"href":"https:\/\/folhapopular.info\/index.php\/wp-json\/wp\/v2\/users\/8"}],"replies":[{"embeddable":true,"href":"https:\/\/folhapopular.info\/index.php\/wp-json\/wp\/v2\/comments?post=138852"}],"version-history":[{"count":0,"href":"https:\/\/folhapopular.info\/index.php\/wp-json\/wp\/v2\/posts\/138852\/revisions"}],"wp:featuredmedia":[{"embeddable":true,"href":"https:\/\/folhapopular.info\/index.php\/wp-json\/wp\/v2\/media\/138853"}],"wp:attachment":[{"href":"https:\/\/folhapopular.info\/index.php\/wp-json\/wp\/v2\/media?parent=138852"}],"wp:term":[{"taxonomy":"category","embeddable":true,"href":"https:\/\/folhapopular.info\/index.php\/wp-json\/wp\/v2\/categories?post=138852"},{"taxonomy":"post_tag","embeddable":true,"href":"https:\/\/folhapopular.info\/index.php\/wp-json\/wp\/v2\/tags?post=138852"}],"curies":[{"name":"wp","href":"https:\/\/api.w.org\/{rel}","templated":true}]}}