{"id":138857,"date":"2023-08-31T17:15:00","date_gmt":"2023-08-31T20:15:00","guid":{"rendered":"https:\/\/folhapopular.info\/?p=138857"},"modified":"2023-08-31T17:08:49","modified_gmt":"2023-08-31T20:08:49","slug":"alunos-de-imigrante-tem-mais-uma-edicao-do-projeto-sobre-educacao-e-direitos-humanos","status":"publish","type":"post","link":"https:\/\/folhapopular.info\/index.php\/2023\/08\/31\/alunos-de-imigrante-tem-mais-uma-edicao-do-projeto-sobre-educacao-e-direitos-humanos\/","title":{"rendered":"Alunos de Imigrante t\u00eam mais uma edi\u00e7\u00e3o do projeto sobre Educa\u00e7\u00e3o e Direitos Humanos"},"content":{"rendered":"\n<p>A Secretaria de Educa\u00e7\u00e3o de Imigrante proporcionou aos alunos das Emefs Arco-\u00cdris e Santo Ant\u00f4nio o projeto de extens\u00e3o da Univates, denominado Educa\u00e7\u00e3o em Direitos Humanos no Contexto Escolar. O projeto foi ministrado aos oitavos e nonos anos dos educand\u00e1rios.<\/p>\n\n\n\n<p>Na atividade mais recente, os alunos receberam not\u00edcias que falavam sobre viola\u00e7\u00e3o dos direitos humanos. \u201cEles receberam jornais e precisaram criar, a partir disso, uma not\u00edcia boa. Para isso, utilizaram recortes de outras not\u00edcias e segmentos do jornal. V\u00e3o criar uma nova not\u00edcia, no sentido de repensar a realidade. Se os direitos humanos fossem respeitados e preservados, como essa not\u00edcia seria?\u201d, pergunta a professora Garine Keller.<\/p>\n\n\n\n<p>A diretora da Emef Santo Ant\u00f4nio, J\u00f3ice Brandt, explica que a parceria com o projeto de extens\u00e3o da Univates iniciou ainda no ano passado, quando foram trabalhadas quest\u00f5es envolvendo bullying, respeito e cidadania. \u201cNeste ano, a nossa parceria continua e estas quest\u00f5es t\u00e3o importantes ser\u00e3o ainda mais enfatizadas. Trabalhar as rela\u00e7\u00f5es humanas no contexto escolar, no mundo atual, se torna cada vez mais importante e todas as parcerias s\u00e3o sempre muito bem-vindas\u201d, frisa.<\/p>\n\n\n\n<p>\u201cNessa oportunidade, refletimos sobre a import\u00e2ncia do respeito aos direitos humanos em nossa comunidade escolar e conv\u00edvio familiar. Essa foi a primeira atividade desenvolvida pelo projeto, sendo que no decorrer do ano mais a\u00e7\u00f5es est\u00e3o planejadas. Foi uma manh\u00e3 de muitas trocas e reflex\u00f5es\u201d, considerou a diretora da Emef Arco-\u00cdris, Carla Klein Camilo.<\/p>\n\n\n\n<figure class=\"wp-block-gallery has-nested-images columns-default is-cropped wp-block-gallery-1 is-layout-flex wp-block-gallery-is-layout-flex\">\n<figure class=\"wp-block-image size-large\"><img loading=\"lazy\" decoding=\"async\" width=\"1024\" height=\"768\" data-id=\"138859\" src=\"https:\/\/folhapopular.info\/wp-content\/uploads\/2023\/08\/DIREITOS-HUMANOS-UNIVATES-4-1024x768.jpg\" alt=\"\" class=\"wp-image-138859\" srcset=\"https:\/\/folhapopular.info\/wp-content\/uploads\/2023\/08\/DIREITOS-HUMANOS-UNIVATES-4-1024x768.jpg 1024w, https:\/\/folhapopular.info\/wp-content\/uploads\/2023\/08\/DIREITOS-HUMANOS-UNIVATES-4-300x225.jpg 300w, https:\/\/folhapopular.info\/wp-content\/uploads\/2023\/08\/DIREITOS-HUMANOS-UNIVATES-4-768x576.jpg 768w, https:\/\/folhapopular.info\/wp-content\/uploads\/2023\/08\/DIREITOS-HUMANOS-UNIVATES-4-1536x1152.jpg 1536w, https:\/\/folhapopular.info\/wp-content\/uploads\/2023\/08\/DIREITOS-HUMANOS-UNIVATES-4-2048x1536.jpg 2048w, https:\/\/folhapopular.info\/wp-content\/uploads\/2023\/08\/DIREITOS-HUMANOS-UNIVATES-4-696x522.jpg 696w, https:\/\/folhapopular.info\/wp-content\/uploads\/2023\/08\/DIREITOS-HUMANOS-UNIVATES-4-1068x801.jpg 1068w, https:\/\/folhapopular.info\/wp-content\/uploads\/2023\/08\/DIREITOS-HUMANOS-UNIVATES-4-1920x1440.jpg 1920w\" sizes=\"auto, (max-width: 1024px) 100vw, 1024px\" \/><figcaption class=\"wp-element-caption\">Cr\u00e9dito: Carlos Eduardo Schneider \/ AI Prefeitura de Imigrante<\/figcaption><\/figure>\n\n\n\n<figure class=\"wp-block-image size-large\"><img loading=\"lazy\" decoding=\"async\" width=\"1024\" height=\"768\" data-id=\"138860\" src=\"https:\/\/folhapopular.info\/wp-content\/uploads\/2023\/08\/DIREITOS-HUMANOS-UNIVATES-3-1024x768.jpg\" alt=\"\" class=\"wp-image-138860\" srcset=\"https:\/\/folhapopular.info\/wp-content\/uploads\/2023\/08\/DIREITOS-HUMANOS-UNIVATES-3-1024x768.jpg 1024w, https:\/\/folhapopular.info\/wp-content\/uploads\/2023\/08\/DIREITOS-HUMANOS-UNIVATES-3-300x225.jpg 300w, https:\/\/folhapopular.info\/wp-content\/uploads\/2023\/08\/DIREITOS-HUMANOS-UNIVATES-3-768x576.jpg 768w, https:\/\/folhapopular.info\/wp-content\/uploads\/2023\/08\/DIREITOS-HUMANOS-UNIVATES-3-1536x1152.jpg 1536w, https:\/\/folhapopular.info\/wp-content\/uploads\/2023\/08\/DIREITOS-HUMANOS-UNIVATES-3-2048x1536.jpg 2048w, https:\/\/folhapopular.info\/wp-content\/uploads\/2023\/08\/DIREITOS-HUMANOS-UNIVATES-3-696x522.jpg 696w, https:\/\/folhapopular.info\/wp-content\/uploads\/2023\/08\/DIREITOS-HUMANOS-UNIVATES-3-1068x801.jpg 1068w, https:\/\/folhapopular.info\/wp-content\/uploads\/2023\/08\/DIREITOS-HUMANOS-UNIVATES-3-1920x1440.jpg 1920w\" sizes=\"auto, (max-width: 1024px) 100vw, 1024px\" \/><figcaption class=\"wp-element-caption\">Cr\u00e9dito: Carlos Eduardo Schneider \/ AI Prefeitura de Imigrante<\/figcaption><\/figure>\n<\/figure>\n","protected":false},"excerpt":{"rendered":"<p>A Secretaria de Educa\u00e7\u00e3o de Imigrante proporcionou aos alunos das Emefs Arco-\u00cdris e Santo Ant\u00f4nio o projeto de extens\u00e3o da Univates, denominado Educa\u00e7\u00e3o em Direitos Humanos no Contexto Escolar. O projeto foi ministrado aos oitavos e nonos anos dos educand\u00e1rios. Na atividade mais recente, os alunos receberam not\u00edcias que falavam sobre viola\u00e7\u00e3o dos direitos humanos. [&hellip;]<\/p>\n","protected":false},"author":8,"featured_media":138858,"comment_status":"open","ping_status":"open","sticky":false,"template":"","format":"standard","meta":{"pmpro_default_level":"","_jetpack_memberships_contains_paid_content":false,"footnotes":""},"categories":[2,10988,3],"tags":[3269,13089,13088,10367,34,6382,83],"class_list":{"0":"post-138857","1":"post","2":"type-post","3":"status-publish","4":"format-standard","5":"has-post-thumbnail","7":"category-featured","8":"category-educacao","9":"category-geral","10":"tag-cidadania","11":"tag-convivio-familiar","12":"tag-educacao-em-direitos-humanos","13":"tag-emef-arco-iris","14":"tag-imigrante","15":"tag-respeito","16":"tag-univates","17":"pmpro-has-access"},"yoast_head":"<!-- This site is optimized with the Yoast SEO plugin v27.5 - https:\/\/yoast.com\/product\/yoast-seo-wordpress\/ -->\n<title>Alunos de Imigrante t\u00eam mais uma edi\u00e7\u00e3o do projeto sobre Educa\u00e7\u00e3o e Direitos Humanos - Folha Popular<\/title>\n<meta name=\"robots\" content=\"index, follow, max-snippet:-1, max-image-preview:large, max-video-preview:-1\" \/>\n<link rel=\"canonical\" href=\"https:\/\/folhapopular.info\/index.php\/2023\/08\/31\/alunos-de-imigrante-tem-mais-uma-edicao-do-projeto-sobre-educacao-e-direitos-humanos\/\" \/>\n<meta property=\"og:locale\" content=\"pt_BR\" \/>\n<meta property=\"og:type\" content=\"article\" \/>\n<meta property=\"og:title\" content=\"Alunos de Imigrante t\u00eam mais uma edi\u00e7\u00e3o do projeto sobre Educa\u00e7\u00e3o e Direitos Humanos - Folha Popular\" \/>\n<meta property=\"og:description\" content=\"A Secretaria de Educa\u00e7\u00e3o de Imigrante proporcionou aos alunos das Emefs Arco-\u00cdris e Santo Ant\u00f4nio o projeto de extens\u00e3o da Univates, denominado Educa\u00e7\u00e3o em Direitos Humanos no Contexto Escolar. O projeto foi ministrado aos oitavos e nonos anos dos educand\u00e1rios. Na atividade mais recente, os alunos receberam not\u00edcias que falavam sobre viola\u00e7\u00e3o dos direitos humanos. [&hellip;]\" \/>\n<meta property=\"og:url\" content=\"https:\/\/folhapopular.info\/index.php\/2023\/08\/31\/alunos-de-imigrante-tem-mais-uma-edicao-do-projeto-sobre-educacao-e-direitos-humanos\/\" \/>\n<meta property=\"og:site_name\" content=\"Folha Popular\" \/>\n<meta property=\"article:published_time\" content=\"2023-08-31T20:15:00+00:00\" \/>\n<meta property=\"og:image\" content=\"https:\/\/folhapopular.info\/wp-content\/uploads\/2023\/08\/DIREITOS-HUMANOS-UNIVATES-5-scaled.jpg\" \/>\n\t<meta property=\"og:image:width\" content=\"2560\" \/>\n\t<meta property=\"og:image:height\" content=\"1920\" \/>\n\t<meta property=\"og:image:type\" content=\"image\/jpeg\" \/>\n<meta name=\"author\" content=\"Reda\u00e7\u00e3o Folha Popular\" \/>\n<meta name=\"twitter:card\" content=\"summary_large_image\" \/>\n<meta name=\"twitter:label1\" content=\"Escrito por\" \/>\n\t<meta name=\"twitter:data1\" content=\"Reda\u00e7\u00e3o Folha Popular\" \/>\n\t<meta name=\"twitter:label2\" content=\"Est. tempo de leitura\" \/>\n\t<meta name=\"twitter:data2\" content=\"2 minutos\" \/>\n<script type=\"application\/ld+json\" class=\"yoast-schema-graph\">{\"@context\":\"https:\\\/\\\/schema.org\",\"@graph\":[{\"@type\":\"Article\",\"@id\":\"https:\\\/\\\/folhapopular.info\\\/index.php\\\/2023\\\/08\\\/31\\\/alunos-de-imigrante-tem-mais-uma-edicao-do-projeto-sobre-educacao-e-direitos-humanos\\\/#article\",\"isPartOf\":{\"@id\":\"https:\\\/\\\/folhapopular.info\\\/index.php\\\/2023\\\/08\\\/31\\\/alunos-de-imigrante-tem-mais-uma-edicao-do-projeto-sobre-educacao-e-direitos-humanos\\\/\"},\"author\":{\"name\":\"Reda\u00e7\u00e3o Folha Popular\",\"@id\":\"https:\\\/\\\/folhapopular.info\\\/#\\\/schema\\\/person\\\/2814e8a0df7643585a9ca38bc6eb9d4b\"},\"headline\":\"Alunos de Imigrante t\u00eam mais uma edi\u00e7\u00e3o do projeto sobre Educa\u00e7\u00e3o e Direitos Humanos\",\"datePublished\":\"2023-08-31T20:15:00+00:00\",\"mainEntityOfPage\":{\"@id\":\"https:\\\/\\\/folhapopular.info\\\/index.php\\\/2023\\\/08\\\/31\\\/alunos-de-imigrante-tem-mais-uma-edicao-do-projeto-sobre-educacao-e-direitos-humanos\\\/\"},\"wordCount\":295,\"commentCount\":0,\"image\":{\"@id\":\"https:\\\/\\\/folhapopular.info\\\/index.php\\\/2023\\\/08\\\/31\\\/alunos-de-imigrante-tem-mais-uma-edicao-do-projeto-sobre-educacao-e-direitos-humanos\\\/#primaryimage\"},\"thumbnailUrl\":\"https:\\\/\\\/folhapopular.info\\\/wp-content\\\/uploads\\\/2023\\\/08\\\/DIREITOS-HUMANOS-UNIVATES-5-scaled.jpg\",\"keywords\":[\"Cidadania\",\"conv\u00edvio familiar\",\"Educa\u00e7\u00e3o em Direitos Humanos\",\"EMEF Arco-\u00cdris\",\"Imigrante\",\"Respeito\",\"Univates\"],\"articleSection\":[\"Destaques\",\"Educa\u00e7\u00e3o\",\"Geral\"],\"inLanguage\":\"pt-BR\",\"potentialAction\":[{\"@type\":\"CommentAction\",\"name\":\"Comment\",\"target\":[\"https:\\\/\\\/folhapopular.info\\\/index.php\\\/2023\\\/08\\\/31\\\/alunos-de-imigrante-tem-mais-uma-edicao-do-projeto-sobre-educacao-e-direitos-humanos\\\/#respond\"]}]},{\"@type\":\"WebPage\",\"@id\":\"https:\\\/\\\/folhapopular.info\\\/index.php\\\/2023\\\/08\\\/31\\\/alunos-de-imigrante-tem-mais-uma-edicao-do-projeto-sobre-educacao-e-direitos-humanos\\\/\",\"url\":\"https:\\\/\\\/folhapopular.info\\\/index.php\\\/2023\\\/08\\\/31\\\/alunos-de-imigrante-tem-mais-uma-edicao-do-projeto-sobre-educacao-e-direitos-humanos\\\/\",\"name\":\"Alunos de Imigrante t\u00eam mais uma edi\u00e7\u00e3o do projeto sobre Educa\u00e7\u00e3o e Direitos Humanos - Folha Popular\",\"isPartOf\":{\"@id\":\"https:\\\/\\\/folhapopular.info\\\/#website\"},\"primaryImageOfPage\":{\"@id\":\"https:\\\/\\\/folhapopular.info\\\/index.php\\\/2023\\\/08\\\/31\\\/alunos-de-imigrante-tem-mais-uma-edicao-do-projeto-sobre-educacao-e-direitos-humanos\\\/#primaryimage\"},\"image\":{\"@id\":\"https:\\\/\\\/folhapopular.info\\\/index.php\\\/2023\\\/08\\\/31\\\/alunos-de-imigrante-tem-mais-uma-edicao-do-projeto-sobre-educacao-e-direitos-humanos\\\/#primaryimage\"},\"thumbnailUrl\":\"https:\\\/\\\/folhapopular.info\\\/wp-content\\\/uploads\\\/2023\\\/08\\\/DIREITOS-HUMANOS-UNIVATES-5-scaled.jpg\",\"datePublished\":\"2023-08-31T20:15:00+00:00\",\"author\":{\"@id\":\"https:\\\/\\\/folhapopular.info\\\/#\\\/schema\\\/person\\\/2814e8a0df7643585a9ca38bc6eb9d4b\"},\"breadcrumb\":{\"@id\":\"https:\\\/\\\/folhapopular.info\\\/index.php\\\/2023\\\/08\\\/31\\\/alunos-de-imigrante-tem-mais-uma-edicao-do-projeto-sobre-educacao-e-direitos-humanos\\\/#breadcrumb\"},\"inLanguage\":\"pt-BR\",\"potentialAction\":[{\"@type\":\"ReadAction\",\"target\":[\"https:\\\/\\\/folhapopular.info\\\/index.php\\\/2023\\\/08\\\/31\\\/alunos-de-imigrante-tem-mais-uma-edicao-do-projeto-sobre-educacao-e-direitos-humanos\\\/\"]}]},{\"@type\":\"ImageObject\",\"inLanguage\":\"pt-BR\",\"@id\":\"https:\\\/\\\/folhapopular.info\\\/index.php\\\/2023\\\/08\\\/31\\\/alunos-de-imigrante-tem-mais-uma-edicao-do-projeto-sobre-educacao-e-direitos-humanos\\\/#primaryimage\",\"url\":\"https:\\\/\\\/folhapopular.info\\\/wp-content\\\/uploads\\\/2023\\\/08\\\/DIREITOS-HUMANOS-UNIVATES-5-scaled.jpg\",\"contentUrl\":\"https:\\\/\\\/folhapopular.info\\\/wp-content\\\/uploads\\\/2023\\\/08\\\/DIREITOS-HUMANOS-UNIVATES-5-scaled.jpg\",\"width\":2560,\"height\":1920,\"caption\":\"Cr\u00e9dito: Carlos Eduardo Schneider \\\/ AI Prefeitura de Imigrante\"},{\"@type\":\"BreadcrumbList\",\"@id\":\"https:\\\/\\\/folhapopular.info\\\/index.php\\\/2023\\\/08\\\/31\\\/alunos-de-imigrante-tem-mais-uma-edicao-do-projeto-sobre-educacao-e-direitos-humanos\\\/#breadcrumb\",\"itemListElement\":[{\"@type\":\"ListItem\",\"position\":1,\"name\":\"In\u00edcio\",\"item\":\"https:\\\/\\\/folhapopular.info\\\/\"},{\"@type\":\"ListItem\",\"position\":2,\"name\":\"Alunos de Imigrante t\u00eam mais uma edi\u00e7\u00e3o do projeto sobre Educa\u00e7\u00e3o e Direitos Humanos\"}]},{\"@type\":\"WebSite\",\"@id\":\"https:\\\/\\\/folhapopular.info\\\/#website\",\"url\":\"https:\\\/\\\/folhapopular.info\\\/\",\"name\":\"Folha Popular\",\"description\":\"Onde voc\u00ea tem vez e voz\",\"potentialAction\":[{\"@type\":\"SearchAction\",\"target\":{\"@type\":\"EntryPoint\",\"urlTemplate\":\"https:\\\/\\\/folhapopular.info\\\/?s={search_term_string}\"},\"query-input\":{\"@type\":\"PropertyValueSpecification\",\"valueRequired\":true,\"valueName\":\"search_term_string\"}}],\"inLanguage\":\"pt-BR\"},{\"@type\":\"Person\",\"@id\":\"https:\\\/\\\/folhapopular.info\\\/#\\\/schema\\\/person\\\/2814e8a0df7643585a9ca38bc6eb9d4b\",\"name\":\"Reda\u00e7\u00e3o Folha Popular\",\"image\":{\"@type\":\"ImageObject\",\"inLanguage\":\"pt-BR\",\"@id\":\"https:\\\/\\\/folhapopular.info\\\/wp-content\\\/uploads\\\/2026\\\/04\\\/Folha-1.webp\",\"url\":\"https:\\\/\\\/folhapopular.info\\\/wp-content\\\/uploads\\\/2026\\\/04\\\/Folha-1.webp\",\"contentUrl\":\"https:\\\/\\\/folhapopular.info\\\/wp-content\\\/uploads\\\/2026\\\/04\\\/Folha-1.webp\",\"caption\":\"Reda\u00e7\u00e3o Folha Popular\"},\"url\":\"https:\\\/\\\/folhapopular.info\\\/index.php\\\/author\\\/redacao\\\/\"}]}<\/script>\n<!-- \/ Yoast SEO plugin. -->","yoast_head_json":{"title":"Alunos de Imigrante t\u00eam mais uma edi\u00e7\u00e3o do projeto sobre Educa\u00e7\u00e3o e Direitos Humanos - Folha Popular","robots":{"index":"index","follow":"follow","max-snippet":"max-snippet:-1","max-image-preview":"max-image-preview:large","max-video-preview":"max-video-preview:-1"},"canonical":"https:\/\/folhapopular.info\/index.php\/2023\/08\/31\/alunos-de-imigrante-tem-mais-uma-edicao-do-projeto-sobre-educacao-e-direitos-humanos\/","og_locale":"pt_BR","og_type":"article","og_title":"Alunos de Imigrante t\u00eam mais uma edi\u00e7\u00e3o do projeto sobre Educa\u00e7\u00e3o e Direitos Humanos - Folha Popular","og_description":"A Secretaria de Educa\u00e7\u00e3o de Imigrante proporcionou aos alunos das Emefs Arco-\u00cdris e Santo Ant\u00f4nio o projeto de extens\u00e3o da Univates, denominado Educa\u00e7\u00e3o em Direitos Humanos no Contexto Escolar. O projeto foi ministrado aos oitavos e nonos anos dos educand\u00e1rios. Na atividade mais recente, os alunos receberam not\u00edcias que falavam sobre viola\u00e7\u00e3o dos direitos humanos. [&hellip;]","og_url":"https:\/\/folhapopular.info\/index.php\/2023\/08\/31\/alunos-de-imigrante-tem-mais-uma-edicao-do-projeto-sobre-educacao-e-direitos-humanos\/","og_site_name":"Folha Popular","article_published_time":"2023-08-31T20:15:00+00:00","og_image":[{"width":2560,"height":1920,"url":"https:\/\/folhapopular.info\/wp-content\/uploads\/2023\/08\/DIREITOS-HUMANOS-UNIVATES-5-scaled.jpg","type":"image\/jpeg"}],"author":"Reda\u00e7\u00e3o Folha Popular","twitter_card":"summary_large_image","twitter_misc":{"Escrito por":"Reda\u00e7\u00e3o Folha Popular","Est. tempo de leitura":"2 minutos"},"schema":{"@context":"https:\/\/schema.org","@graph":[{"@type":"Article","@id":"https:\/\/folhapopular.info\/index.php\/2023\/08\/31\/alunos-de-imigrante-tem-mais-uma-edicao-do-projeto-sobre-educacao-e-direitos-humanos\/#article","isPartOf":{"@id":"https:\/\/folhapopular.info\/index.php\/2023\/08\/31\/alunos-de-imigrante-tem-mais-uma-edicao-do-projeto-sobre-educacao-e-direitos-humanos\/"},"author":{"name":"Reda\u00e7\u00e3o Folha Popular","@id":"https:\/\/folhapopular.info\/#\/schema\/person\/2814e8a0df7643585a9ca38bc6eb9d4b"},"headline":"Alunos de Imigrante t\u00eam mais uma edi\u00e7\u00e3o do projeto sobre Educa\u00e7\u00e3o e Direitos Humanos","datePublished":"2023-08-31T20:15:00+00:00","mainEntityOfPage":{"@id":"https:\/\/folhapopular.info\/index.php\/2023\/08\/31\/alunos-de-imigrante-tem-mais-uma-edicao-do-projeto-sobre-educacao-e-direitos-humanos\/"},"wordCount":295,"commentCount":0,"image":{"@id":"https:\/\/folhapopular.info\/index.php\/2023\/08\/31\/alunos-de-imigrante-tem-mais-uma-edicao-do-projeto-sobre-educacao-e-direitos-humanos\/#primaryimage"},"thumbnailUrl":"https:\/\/folhapopular.info\/wp-content\/uploads\/2023\/08\/DIREITOS-HUMANOS-UNIVATES-5-scaled.jpg","keywords":["Cidadania","conv\u00edvio familiar","Educa\u00e7\u00e3o em Direitos Humanos","EMEF Arco-\u00cdris","Imigrante","Respeito","Univates"],"articleSection":["Destaques","Educa\u00e7\u00e3o","Geral"],"inLanguage":"pt-BR","potentialAction":[{"@type":"CommentAction","name":"Comment","target":["https:\/\/folhapopular.info\/index.php\/2023\/08\/31\/alunos-de-imigrante-tem-mais-uma-edicao-do-projeto-sobre-educacao-e-direitos-humanos\/#respond"]}]},{"@type":"WebPage","@id":"https:\/\/folhapopular.info\/index.php\/2023\/08\/31\/alunos-de-imigrante-tem-mais-uma-edicao-do-projeto-sobre-educacao-e-direitos-humanos\/","url":"https:\/\/folhapopular.info\/index.php\/2023\/08\/31\/alunos-de-imigrante-tem-mais-uma-edicao-do-projeto-sobre-educacao-e-direitos-humanos\/","name":"Alunos de Imigrante t\u00eam mais uma edi\u00e7\u00e3o do projeto sobre Educa\u00e7\u00e3o e Direitos Humanos - Folha Popular","isPartOf":{"@id":"https:\/\/folhapopular.info\/#website"},"primaryImageOfPage":{"@id":"https:\/\/folhapopular.info\/index.php\/2023\/08\/31\/alunos-de-imigrante-tem-mais-uma-edicao-do-projeto-sobre-educacao-e-direitos-humanos\/#primaryimage"},"image":{"@id":"https:\/\/folhapopular.info\/index.php\/2023\/08\/31\/alunos-de-imigrante-tem-mais-uma-edicao-do-projeto-sobre-educacao-e-direitos-humanos\/#primaryimage"},"thumbnailUrl":"https:\/\/folhapopular.info\/wp-content\/uploads\/2023\/08\/DIREITOS-HUMANOS-UNIVATES-5-scaled.jpg","datePublished":"2023-08-31T20:15:00+00:00","author":{"@id":"https:\/\/folhapopular.info\/#\/schema\/person\/2814e8a0df7643585a9ca38bc6eb9d4b"},"breadcrumb":{"@id":"https:\/\/folhapopular.info\/index.php\/2023\/08\/31\/alunos-de-imigrante-tem-mais-uma-edicao-do-projeto-sobre-educacao-e-direitos-humanos\/#breadcrumb"},"inLanguage":"pt-BR","potentialAction":[{"@type":"ReadAction","target":["https:\/\/folhapopular.info\/index.php\/2023\/08\/31\/alunos-de-imigrante-tem-mais-uma-edicao-do-projeto-sobre-educacao-e-direitos-humanos\/"]}]},{"@type":"ImageObject","inLanguage":"pt-BR","@id":"https:\/\/folhapopular.info\/index.php\/2023\/08\/31\/alunos-de-imigrante-tem-mais-uma-edicao-do-projeto-sobre-educacao-e-direitos-humanos\/#primaryimage","url":"https:\/\/folhapopular.info\/wp-content\/uploads\/2023\/08\/DIREITOS-HUMANOS-UNIVATES-5-scaled.jpg","contentUrl":"https:\/\/folhapopular.info\/wp-content\/uploads\/2023\/08\/DIREITOS-HUMANOS-UNIVATES-5-scaled.jpg","width":2560,"height":1920,"caption":"Cr\u00e9dito: Carlos Eduardo Schneider \/ AI Prefeitura de Imigrante"},{"@type":"BreadcrumbList","@id":"https:\/\/folhapopular.info\/index.php\/2023\/08\/31\/alunos-de-imigrante-tem-mais-uma-edicao-do-projeto-sobre-educacao-e-direitos-humanos\/#breadcrumb","itemListElement":[{"@type":"ListItem","position":1,"name":"In\u00edcio","item":"https:\/\/folhapopular.info\/"},{"@type":"ListItem","position":2,"name":"Alunos de Imigrante t\u00eam mais uma edi\u00e7\u00e3o do projeto sobre Educa\u00e7\u00e3o e Direitos Humanos"}]},{"@type":"WebSite","@id":"https:\/\/folhapopular.info\/#website","url":"https:\/\/folhapopular.info\/","name":"Folha Popular","description":"Onde voc\u00ea tem vez e voz","potentialAction":[{"@type":"SearchAction","target":{"@type":"EntryPoint","urlTemplate":"https:\/\/folhapopular.info\/?s={search_term_string}"},"query-input":{"@type":"PropertyValueSpecification","valueRequired":true,"valueName":"search_term_string"}}],"inLanguage":"pt-BR"},{"@type":"Person","@id":"https:\/\/folhapopular.info\/#\/schema\/person\/2814e8a0df7643585a9ca38bc6eb9d4b","name":"Reda\u00e7\u00e3o Folha Popular","image":{"@type":"ImageObject","inLanguage":"pt-BR","@id":"https:\/\/folhapopular.info\/wp-content\/uploads\/2026\/04\/Folha-1.webp","url":"https:\/\/folhapopular.info\/wp-content\/uploads\/2026\/04\/Folha-1.webp","contentUrl":"https:\/\/folhapopular.info\/wp-content\/uploads\/2026\/04\/Folha-1.webp","caption":"Reda\u00e7\u00e3o Folha Popular"},"url":"https:\/\/folhapopular.info\/index.php\/author\/redacao\/"}]}},"jetpack_featured_media_url":"https:\/\/folhapopular.info\/wp-content\/uploads\/2023\/08\/DIREITOS-HUMANOS-UNIVATES-5-scaled.jpg","jetpack_sharing_enabled":true,"amp_enabled":true,"_links":{"self":[{"href":"https:\/\/folhapopular.info\/index.php\/wp-json\/wp\/v2\/posts\/138857","targetHints":{"allow":["GET"]}}],"collection":[{"href":"https:\/\/folhapopular.info\/index.php\/wp-json\/wp\/v2\/posts"}],"about":[{"href":"https:\/\/folhapopular.info\/index.php\/wp-json\/wp\/v2\/types\/post"}],"author":[{"embeddable":true,"href":"https:\/\/folhapopular.info\/index.php\/wp-json\/wp\/v2\/users\/8"}],"replies":[{"embeddable":true,"href":"https:\/\/folhapopular.info\/index.php\/wp-json\/wp\/v2\/comments?post=138857"}],"version-history":[{"count":0,"href":"https:\/\/folhapopular.info\/index.php\/wp-json\/wp\/v2\/posts\/138857\/revisions"}],"wp:featuredmedia":[{"embeddable":true,"href":"https:\/\/folhapopular.info\/index.php\/wp-json\/wp\/v2\/media\/138858"}],"wp:attachment":[{"href":"https:\/\/folhapopular.info\/index.php\/wp-json\/wp\/v2\/media?parent=138857"}],"wp:term":[{"taxonomy":"category","embeddable":true,"href":"https:\/\/folhapopular.info\/index.php\/wp-json\/wp\/v2\/categories?post=138857"},{"taxonomy":"post_tag","embeddable":true,"href":"https:\/\/folhapopular.info\/index.php\/wp-json\/wp\/v2\/tags?post=138857"}],"curies":[{"name":"wp","href":"https:\/\/api.w.org\/{rel}","templated":true}]}}