{"id":138870,"date":"2023-08-31T22:03:12","date_gmt":"2023-09-01T01:03:12","guid":{"rendered":"https:\/\/folhapopular.info\/?p=138870"},"modified":"2023-08-31T22:06:24","modified_gmt":"2023-09-01T01:06:24","slug":"5a-expofaz-de-fazenda-vilanova-e-oficialmente-lancada","status":"publish","type":"post","link":"https:\/\/folhapopular.info\/index.php\/2023\/08\/31\/5a-expofaz-de-fazenda-vilanova-e-oficialmente-lancada\/","title":{"rendered":"5\u00aa Expofaz de Fazenda Vilanova \u00e9 oficialmente lan\u00e7ada"},"content":{"rendered":"\n<p>Com o slogan \u201cNossa Hist\u00f3ria\u201d, a 5\u00aa Expofaz \u2013 Exposi\u00e7\u00e3o Comercial, Industrial e Agropecu\u00e1ria de Fazenda Vilanova foi lan\u00e7ada na noite desta quinta-feira (31\/8). A feira ocorrer\u00e1 de 19 a 22 de outubro no Parque Encanto da Fazenda, buscando reunir o que o munic\u00edpio e regi\u00e3o t\u00eam de melhor no com\u00e9rcio, servi\u00e7os, ind\u00fastria e agroneg\u00f3cio, mostrando os setores que integram a economia e s\u00e3o fontes de renda e trabalho. <\/p>\n\n\n\n<p>O resgate hist\u00f3rico da coloniza\u00e7\u00e3o, desde meados de 1760, conforme retratado no livro \u201cFazenda Vilanova, Sua Hist\u00f3ria\u201d, escrito pelo professor Jovani Farias, ser\u00e1 uma das atra\u00e7\u00f5es da festa. Um teatro, apresentado por atores da comunidade, representar\u00e1 esta hist\u00f3ria ao p\u00fablico durante da 5\u00aa Expofaz. A organiza\u00e7\u00e3o est\u00e1 por conta da Associa\u00e7\u00e3o Cultural Vilanovense.<\/p>\n\n\n\n<p>Na oportunidade, o prefeito de Fazenda Vilanova, Amarildo Lu\u00eds da Silva anunciou a recente entrega do certificado Sistema Brasileiro de Inspe\u00e7\u00e3o de Produtos de Origem Animal (Sisbi-POA) ao Munic\u00edpio, recebido nesta quinta-feira durante a Expointer em Esteio, e que permite a venda de produtos de origem animal de empresas de Fazenda Vilanova para todo o pa\u00eds. Tamb\u00e9m no dia de hoje, assinou junto a outros dez munic\u00edpios a ades\u00e3o ao programa Educar para Inovar do Governo do Estado, durante a Feira Estrelas do Conhecimento, em Estrela. Por \u00faltimo, apontou o aceite da \u00e1rea para a constru\u00e7\u00e3o de casas populares.  <\/p>\n\n\n\n<h2 class=\"wp-block-heading\">Confira a programa\u00e7\u00e3o<\/h2>\n\n\n\n<p><strong>QUINTA-FEIRA (19\/10)<\/strong><br>Local: Parque Municipal de Fazenda Vilanova<br>17h30 Reuni\u00e3o AMVAT<br>18h30 Abertura oficial<br>20h Espet\u00e1culo Teatral a Hist\u00f3ria de Fazenda Vilanova<br>21h Show local<\/p>\n\n\n\n<p><strong>SEXTA-FEIRA (20\/10)<\/strong><br>Local: Parque Municipal de Fazenda Vilanova<br>10h Encontro de Produtores Rurais<br>12h Almo\u00e7o de Integra\u00e7\u00e3o<br>13h Encontro Regional dos Grupos da Melhor Idade<br>18h30 Lan\u00e7amento oficial da 2\u00aa Edi\u00e7\u00e3o do Livro Fazenda Vilanova, Sua Hist\u00f3ria.<br>19h30 Espet\u00e1culo Teatral a Hist\u00f3ria de Fazenda Vilanova<br>20h Show local<br>22h Show de Paulinho Mocelin<\/p>\n\n\n\n<p><strong>S\u00c1BADO (21\/10)<\/strong><br>Local: Parque Municipal de Fazenda Vilanova<br>8h 11\u00aa de R\u00fastica de Fazenda Vilanova<br>10h Palco Aberto para Novos Talentos<br>12h Almo\u00e7o de Integra\u00e7\u00e3o<br>14h Encontro de Soberanas, com presen\u00e7a da Ex-Miss Brasil, Gabriela Markus<br>15h Shows locais<br>23h Show com a banda Os Atuais<br><br><strong>DOMINGO (22\/10)<\/strong><br>Local: Parque Municipal de Fazenda Vilanova<br>8h 3\u00ba Pedalando na Fazenda<br>12h Almo\u00e7o de Integra\u00e7\u00e3o<br>14h Palco Aberto para Novos Talentos<br>15h Shows Locais<br>18h Show com Baitaca<\/p>\n\n\n\n<figure class=\"wp-block-gallery has-nested-images columns-default is-cropped wp-block-gallery-1 is-layout-flex wp-block-gallery-is-layout-flex\">\n<figure class=\"wp-block-image size-large\"><img loading=\"lazy\" decoding=\"async\" width=\"1024\" height=\"768\" data-id=\"138876\" src=\"https:\/\/folhapopular.info\/wp-content\/uploads\/2023\/08\/IMG_6650-1024x768.jpeg\" alt=\"\" class=\"wp-image-138876\" srcset=\"https:\/\/folhapopular.info\/wp-content\/uploads\/2023\/08\/IMG_6650-1024x768.jpeg 1024w, https:\/\/folhapopular.info\/wp-content\/uploads\/2023\/08\/IMG_6650-300x225.jpeg 300w, https:\/\/folhapopular.info\/wp-content\/uploads\/2023\/08\/IMG_6650-768x576.jpeg 768w, https:\/\/folhapopular.info\/wp-content\/uploads\/2023\/08\/IMG_6650-1536x1152.jpeg 1536w, https:\/\/folhapopular.info\/wp-content\/uploads\/2023\/08\/IMG_6650-2048x1536.jpeg 2048w, https:\/\/folhapopular.info\/wp-content\/uploads\/2023\/08\/IMG_6650-696x522.jpeg 696w, https:\/\/folhapopular.info\/wp-content\/uploads\/2023\/08\/IMG_6650-1068x801.jpeg 1068w, https:\/\/folhapopular.info\/wp-content\/uploads\/2023\/08\/IMG_6650-1920x1440.jpeg 1920w\" sizes=\"auto, (max-width: 1024px) 100vw, 1024px\" \/><figcaption class=\"wp-element-caption\">Amarildo apresentou em primeira m\u00e3o o certificado junto ao Sisbi-POA. Cr\u00e9dito: Camille Lenz da Silva<\/figcaption><\/figure>\n\n\n\n<figure class=\"wp-block-image size-large\"><img loading=\"lazy\" decoding=\"async\" width=\"768\" height=\"1024\" data-id=\"138874\" src=\"https:\/\/folhapopular.info\/wp-content\/uploads\/2023\/08\/IMG_6637-768x1024.jpeg\" alt=\"\" class=\"wp-image-138874\" srcset=\"https:\/\/folhapopular.info\/wp-content\/uploads\/2023\/08\/IMG_6637-768x1024.jpeg 768w, https:\/\/folhapopular.info\/wp-content\/uploads\/2023\/08\/IMG_6637-225x300.jpeg 225w, https:\/\/folhapopular.info\/wp-content\/uploads\/2023\/08\/IMG_6637-1152x1536.jpeg 1152w, https:\/\/folhapopular.info\/wp-content\/uploads\/2023\/08\/IMG_6637-1536x2048.jpeg 1536w, https:\/\/folhapopular.info\/wp-content\/uploads\/2023\/08\/IMG_6637-696x928.jpeg 696w, https:\/\/folhapopular.info\/wp-content\/uploads\/2023\/08\/IMG_6637-1068x1424.jpeg 1068w, https:\/\/folhapopular.info\/wp-content\/uploads\/2023\/08\/IMG_6637-scaled.jpeg 1920w\" sizes=\"auto, (max-width: 768px) 100vw, 768px\" \/><figcaption class=\"wp-element-caption\">Presidente da C\u00e2mara de Vereadores, Jo\u00e3o Fernandes da Silva. Cr\u00e9dito: Camille Lenz da Silva<\/figcaption><\/figure>\n\n\n\n<figure class=\"wp-block-image size-large\"><img loading=\"lazy\" decoding=\"async\" width=\"1024\" height=\"768\" data-id=\"138873\" src=\"https:\/\/folhapopular.info\/wp-content\/uploads\/2023\/08\/IMG_6633-1024x768.jpeg\" alt=\"\" class=\"wp-image-138873\" srcset=\"https:\/\/folhapopular.info\/wp-content\/uploads\/2023\/08\/IMG_6633-1024x768.jpeg 1024w, https:\/\/folhapopular.info\/wp-content\/uploads\/2023\/08\/IMG_6633-300x225.jpeg 300w, https:\/\/folhapopular.info\/wp-content\/uploads\/2023\/08\/IMG_6633-768x576.jpeg 768w, https:\/\/folhapopular.info\/wp-content\/uploads\/2023\/08\/IMG_6633-1536x1152.jpeg 1536w, https:\/\/folhapopular.info\/wp-content\/uploads\/2023\/08\/IMG_6633-2048x1536.jpeg 2048w, https:\/\/folhapopular.info\/wp-content\/uploads\/2023\/08\/IMG_6633-696x522.jpeg 696w, https:\/\/folhapopular.info\/wp-content\/uploads\/2023\/08\/IMG_6633-1068x801.jpeg 1068w, https:\/\/folhapopular.info\/wp-content\/uploads\/2023\/08\/IMG_6633-1920x1440.jpeg 1920w\" sizes=\"auto, (max-width: 1024px) 100vw, 1024px\" \/><figcaption class=\"wp-element-caption\">Presidente da Comiss\u00e3o Organizadora da 5\u00aa Expofaz, Edmilson Luis Mallmann. Cr\u00e9dito: Camille Lenz da Silva<\/figcaption><\/figure>\n\n\n\n<figure class=\"wp-block-image size-large\"><img loading=\"lazy\" decoding=\"async\" width=\"768\" height=\"1024\" data-id=\"138872\" src=\"https:\/\/folhapopular.info\/wp-content\/uploads\/2023\/08\/IMG_6625-768x1024.jpeg\" alt=\"\" class=\"wp-image-138872\" srcset=\"https:\/\/folhapopular.info\/wp-content\/uploads\/2023\/08\/IMG_6625-768x1024.jpeg 768w, https:\/\/folhapopular.info\/wp-content\/uploads\/2023\/08\/IMG_6625-225x300.jpeg 225w, https:\/\/folhapopular.info\/wp-content\/uploads\/2023\/08\/IMG_6625-1152x1536.jpeg 1152w, https:\/\/folhapopular.info\/wp-content\/uploads\/2023\/08\/IMG_6625-1536x2048.jpeg 1536w, https:\/\/folhapopular.info\/wp-content\/uploads\/2023\/08\/IMG_6625-696x928.jpeg 696w, https:\/\/folhapopular.info\/wp-content\/uploads\/2023\/08\/IMG_6625-1068x1424.jpeg 1068w, https:\/\/folhapopular.info\/wp-content\/uploads\/2023\/08\/IMG_6625-scaled.jpeg 1920w\" sizes=\"auto, (max-width: 768px) 100vw, 768px\" \/><figcaption class=\"wp-element-caption\">Presidente da e da Associa\u00e7\u00e3o Cultural Vilanovense, Mara Virg\u00edlia dos Reis. Cr\u00e9dito: Camille Lenz da Silva<\/figcaption><\/figure>\n\n\n\n<figure class=\"wp-block-image size-large\"><img loading=\"lazy\" decoding=\"async\" width=\"1024\" height=\"768\" data-id=\"138871\" src=\"https:\/\/folhapopular.info\/wp-content\/uploads\/2023\/08\/IMG_6622-1024x768.jpeg\" alt=\"\" class=\"wp-image-138871\" srcset=\"https:\/\/folhapopular.info\/wp-content\/uploads\/2023\/08\/IMG_6622-1024x768.jpeg 1024w, https:\/\/folhapopular.info\/wp-content\/uploads\/2023\/08\/IMG_6622-300x225.jpeg 300w, https:\/\/folhapopular.info\/wp-content\/uploads\/2023\/08\/IMG_6622-768x576.jpeg 768w, https:\/\/folhapopular.info\/wp-content\/uploads\/2023\/08\/IMG_6622-1536x1152.jpeg 1536w, https:\/\/folhapopular.info\/wp-content\/uploads\/2023\/08\/IMG_6622-2048x1536.jpeg 2048w, https:\/\/folhapopular.info\/wp-content\/uploads\/2023\/08\/IMG_6622-696x522.jpeg 696w, https:\/\/folhapopular.info\/wp-content\/uploads\/2023\/08\/IMG_6622-1068x801.jpeg 1068w, https:\/\/folhapopular.info\/wp-content\/uploads\/2023\/08\/IMG_6622-1920x1440.jpeg 1920w\" sizes=\"auto, (max-width: 1024px) 100vw, 1024px\" \/><figcaption class=\"wp-element-caption\">Corte do Munic\u00edpio. Cr\u00e9dito: Camille Lenz da Silva<\/figcaption><\/figure>\n\n\n\n<figure class=\"wp-block-image size-large\"><img loading=\"lazy\" decoding=\"async\" width=\"1024\" height=\"768\" data-id=\"138877\" src=\"https:\/\/folhapopular.info\/wp-content\/uploads\/2023\/08\/IMG_6618-1024x768.jpeg\" alt=\"\" class=\"wp-image-138877\" srcset=\"https:\/\/folhapopular.info\/wp-content\/uploads\/2023\/08\/IMG_6618-1024x768.jpeg 1024w, https:\/\/folhapopular.info\/wp-content\/uploads\/2023\/08\/IMG_6618-300x225.jpeg 300w, https:\/\/folhapopular.info\/wp-content\/uploads\/2023\/08\/IMG_6618-768x576.jpeg 768w, https:\/\/folhapopular.info\/wp-content\/uploads\/2023\/08\/IMG_6618-1536x1152.jpeg 1536w, https:\/\/folhapopular.info\/wp-content\/uploads\/2023\/08\/IMG_6618-2048x1536.jpeg 2048w, https:\/\/folhapopular.info\/wp-content\/uploads\/2023\/08\/IMG_6618-696x522.jpeg 696w, https:\/\/folhapopular.info\/wp-content\/uploads\/2023\/08\/IMG_6618-1068x801.jpeg 1068w, https:\/\/folhapopular.info\/wp-content\/uploads\/2023\/08\/IMG_6618-1920x1440.jpeg 1920w\" sizes=\"auto, (max-width: 1024px) 100vw, 1024px\" \/><figcaption class=\"wp-element-caption\">Comunidade e membros de outros municipios, como o prefeito de Teut\u00f6nia, estiveram presentes. Cr\u00e9dito: Camille Lenz da Silva<\/figcaption><\/figure>\n<\/figure>\n","protected":false},"excerpt":{"rendered":"<p>Com o slogan \u201cNossa Hist\u00f3ria\u201d, a 5\u00aa Expofaz \u2013 Exposi\u00e7\u00e3o Comercial, Industrial e Agropecu\u00e1ria de Fazenda Vilanova foi lan\u00e7ada na noite desta quinta-feira (31\/8). A feira ocorrer\u00e1 de 19 a 22 de outubro no Parque Encanto da Fazenda, buscando reunir o que o munic\u00edpio e regi\u00e3o t\u00eam de melhor no com\u00e9rcio, servi\u00e7os, ind\u00fastria e agroneg\u00f3cio, [&hellip;]<\/p>\n","protected":false},"author":639,"featured_media":138875,"comment_status":"open","ping_status":"open","sticky":false,"template":"","format":"standard","meta":{"pmpro_default_level":"","_jetpack_memberships_contains_paid_content":false,"footnotes":""},"categories":[2,10991],"tags":[12825,801],"class_list":{"0":"post-138870","1":"post","2":"type-post","3":"status-publish","4":"format-standard","5":"has-post-thumbnail","7":"category-featured","8":"category-economia","9":"tag-5a-expofaz","10":"tag-fazenda-vilanova","11":"pmpro-has-access"},"yoast_head":"<!-- This site is optimized with the Yoast SEO plugin v27.5 - https:\/\/yoast.com\/product\/yoast-seo-wordpress\/ -->\n<title>5\u00aa Expofaz de Fazenda Vilanova \u00e9 oficialmente lan\u00e7ada - Folha Popular<\/title>\n<meta name=\"robots\" content=\"index, follow, max-snippet:-1, max-image-preview:large, max-video-preview:-1\" \/>\n<link rel=\"canonical\" href=\"https:\/\/folhapopular.info\/index.php\/2023\/08\/31\/5a-expofaz-de-fazenda-vilanova-e-oficialmente-lancada\/\" \/>\n<meta property=\"og:locale\" content=\"pt_BR\" \/>\n<meta property=\"og:type\" content=\"article\" \/>\n<meta property=\"og:title\" content=\"5\u00aa Expofaz de Fazenda Vilanova \u00e9 oficialmente lan\u00e7ada - Folha Popular\" \/>\n<meta property=\"og:description\" content=\"Com o slogan \u201cNossa Hist\u00f3ria\u201d, a 5\u00aa Expofaz \u2013 Exposi\u00e7\u00e3o Comercial, Industrial e Agropecu\u00e1ria de Fazenda Vilanova foi lan\u00e7ada na noite desta quinta-feira (31\/8). A feira ocorrer\u00e1 de 19 a 22 de outubro no Parque Encanto da Fazenda, buscando reunir o que o munic\u00edpio e regi\u00e3o t\u00eam de melhor no com\u00e9rcio, servi\u00e7os, ind\u00fastria e agroneg\u00f3cio, [&hellip;]\" \/>\n<meta property=\"og:url\" content=\"https:\/\/folhapopular.info\/index.php\/2023\/08\/31\/5a-expofaz-de-fazenda-vilanova-e-oficialmente-lancada\/\" \/>\n<meta property=\"og:site_name\" content=\"Folha Popular\" \/>\n<meta property=\"article:published_time\" content=\"2023-09-01T01:03:12+00:00\" \/>\n<meta property=\"article:modified_time\" content=\"2023-09-01T01:06:24+00:00\" \/>\n<meta property=\"og:image\" content=\"http:\/\/folhapopular.info\/wp-content\/uploads\/2023\/08\/IMG_6647-scaled.jpeg\" \/>\n\t<meta property=\"og:image:width\" content=\"2560\" \/>\n\t<meta property=\"og:image:height\" content=\"1920\" \/>\n\t<meta property=\"og:image:type\" content=\"image\/jpeg\" \/>\n<meta name=\"author\" content=\"Camille Lenz da Silva\" \/>\n<meta name=\"twitter:card\" content=\"summary_large_image\" \/>\n<meta name=\"twitter:label1\" content=\"Escrito por\" \/>\n\t<meta name=\"twitter:data1\" content=\"Camille Lenz da Silva\" \/>\n\t<meta name=\"twitter:label2\" content=\"Est. tempo de leitura\" \/>\n\t<meta name=\"twitter:data2\" content=\"4 minutos\" \/>\n<script type=\"application\/ld+json\" class=\"yoast-schema-graph\">{\"@context\":\"https:\\\/\\\/schema.org\",\"@graph\":[{\"@type\":\"Article\",\"@id\":\"https:\\\/\\\/folhapopular.info\\\/index.php\\\/2023\\\/08\\\/31\\\/5a-expofaz-de-fazenda-vilanova-e-oficialmente-lancada\\\/#article\",\"isPartOf\":{\"@id\":\"https:\\\/\\\/folhapopular.info\\\/index.php\\\/2023\\\/08\\\/31\\\/5a-expofaz-de-fazenda-vilanova-e-oficialmente-lancada\\\/\"},\"author\":{\"name\":\"Camille Lenz da Silva\",\"@id\":\"https:\\\/\\\/folhapopular.info\\\/#\\\/schema\\\/person\\\/f0b811f932ef2505faf473ffaef49df5\"},\"headline\":\"5\u00aa Expofaz de Fazenda Vilanova \u00e9 oficialmente lan\u00e7ada\",\"datePublished\":\"2023-09-01T01:03:12+00:00\",\"dateModified\":\"2023-09-01T01:06:24+00:00\",\"mainEntityOfPage\":{\"@id\":\"https:\\\/\\\/folhapopular.info\\\/index.php\\\/2023\\\/08\\\/31\\\/5a-expofaz-de-fazenda-vilanova-e-oficialmente-lancada\\\/\"},\"wordCount\":516,\"commentCount\":0,\"image\":{\"@id\":\"https:\\\/\\\/folhapopular.info\\\/index.php\\\/2023\\\/08\\\/31\\\/5a-expofaz-de-fazenda-vilanova-e-oficialmente-lancada\\\/#primaryimage\"},\"thumbnailUrl\":\"https:\\\/\\\/folhapopular.info\\\/wp-content\\\/uploads\\\/2023\\\/08\\\/IMG_6647-scaled.jpeg\",\"keywords\":[\"5\u00aa Expofaz\",\"Fazenda Vilanova\"],\"articleSection\":[\"Destaques\",\"Economia\"],\"inLanguage\":\"pt-BR\",\"potentialAction\":[{\"@type\":\"CommentAction\",\"name\":\"Comment\",\"target\":[\"https:\\\/\\\/folhapopular.info\\\/index.php\\\/2023\\\/08\\\/31\\\/5a-expofaz-de-fazenda-vilanova-e-oficialmente-lancada\\\/#respond\"]}]},{\"@type\":\"WebPage\",\"@id\":\"https:\\\/\\\/folhapopular.info\\\/index.php\\\/2023\\\/08\\\/31\\\/5a-expofaz-de-fazenda-vilanova-e-oficialmente-lancada\\\/\",\"url\":\"https:\\\/\\\/folhapopular.info\\\/index.php\\\/2023\\\/08\\\/31\\\/5a-expofaz-de-fazenda-vilanova-e-oficialmente-lancada\\\/\",\"name\":\"5\u00aa Expofaz de Fazenda Vilanova \u00e9 oficialmente lan\u00e7ada - Folha Popular\",\"isPartOf\":{\"@id\":\"https:\\\/\\\/folhapopular.info\\\/#website\"},\"primaryImageOfPage\":{\"@id\":\"https:\\\/\\\/folhapopular.info\\\/index.php\\\/2023\\\/08\\\/31\\\/5a-expofaz-de-fazenda-vilanova-e-oficialmente-lancada\\\/#primaryimage\"},\"image\":{\"@id\":\"https:\\\/\\\/folhapopular.info\\\/index.php\\\/2023\\\/08\\\/31\\\/5a-expofaz-de-fazenda-vilanova-e-oficialmente-lancada\\\/#primaryimage\"},\"thumbnailUrl\":\"https:\\\/\\\/folhapopular.info\\\/wp-content\\\/uploads\\\/2023\\\/08\\\/IMG_6647-scaled.jpeg\",\"datePublished\":\"2023-09-01T01:03:12+00:00\",\"dateModified\":\"2023-09-01T01:06:24+00:00\",\"author\":{\"@id\":\"https:\\\/\\\/folhapopular.info\\\/#\\\/schema\\\/person\\\/f0b811f932ef2505faf473ffaef49df5\"},\"breadcrumb\":{\"@id\":\"https:\\\/\\\/folhapopular.info\\\/index.php\\\/2023\\\/08\\\/31\\\/5a-expofaz-de-fazenda-vilanova-e-oficialmente-lancada\\\/#breadcrumb\"},\"inLanguage\":\"pt-BR\",\"potentialAction\":[{\"@type\":\"ReadAction\",\"target\":[\"https:\\\/\\\/folhapopular.info\\\/index.php\\\/2023\\\/08\\\/31\\\/5a-expofaz-de-fazenda-vilanova-e-oficialmente-lancada\\\/\"]}]},{\"@type\":\"ImageObject\",\"inLanguage\":\"pt-BR\",\"@id\":\"https:\\\/\\\/folhapopular.info\\\/index.php\\\/2023\\\/08\\\/31\\\/5a-expofaz-de-fazenda-vilanova-e-oficialmente-lancada\\\/#primaryimage\",\"url\":\"https:\\\/\\\/folhapopular.info\\\/wp-content\\\/uploads\\\/2023\\\/08\\\/IMG_6647-scaled.jpeg\",\"contentUrl\":\"https:\\\/\\\/folhapopular.info\\\/wp-content\\\/uploads\\\/2023\\\/08\\\/IMG_6647-scaled.jpeg\",\"width\":2560,\"height\":1920,\"caption\":\"Prefeito de Fazenda Vilanova, Amarildo Luis da Silva. Cr\u00e9dito: Camille Lenz da Silva\"},{\"@type\":\"BreadcrumbList\",\"@id\":\"https:\\\/\\\/folhapopular.info\\\/index.php\\\/2023\\\/08\\\/31\\\/5a-expofaz-de-fazenda-vilanova-e-oficialmente-lancada\\\/#breadcrumb\",\"itemListElement\":[{\"@type\":\"ListItem\",\"position\":1,\"name\":\"In\u00edcio\",\"item\":\"https:\\\/\\\/folhapopular.info\\\/\"},{\"@type\":\"ListItem\",\"position\":2,\"name\":\"5\u00aa Expofaz de Fazenda Vilanova \u00e9 oficialmente lan\u00e7ada\"}]},{\"@type\":\"WebSite\",\"@id\":\"https:\\\/\\\/folhapopular.info\\\/#website\",\"url\":\"https:\\\/\\\/folhapopular.info\\\/\",\"name\":\"Folha Popular\",\"description\":\"Onde voc\u00ea tem vez e voz\",\"potentialAction\":[{\"@type\":\"SearchAction\",\"target\":{\"@type\":\"EntryPoint\",\"urlTemplate\":\"https:\\\/\\\/folhapopular.info\\\/?s={search_term_string}\"},\"query-input\":{\"@type\":\"PropertyValueSpecification\",\"valueRequired\":true,\"valueName\":\"search_term_string\"}}],\"inLanguage\":\"pt-BR\"},{\"@type\":\"Person\",\"@id\":\"https:\\\/\\\/folhapopular.info\\\/#\\\/schema\\\/person\\\/f0b811f932ef2505faf473ffaef49df5\",\"name\":\"Camille Lenz da Silva\",\"image\":{\"@type\":\"ImageObject\",\"inLanguage\":\"pt-BR\",\"@id\":\"https:\\\/\\\/secure.gravatar.com\\\/avatar\\\/50be826d73ca259ec0e0a88a407f5de800c576c46cfdc57e50ef28551e216fff?s=96&d=mm&r=g\",\"url\":\"https:\\\/\\\/secure.gravatar.com\\\/avatar\\\/50be826d73ca259ec0e0a88a407f5de800c576c46cfdc57e50ef28551e216fff?s=96&d=mm&r=g\",\"contentUrl\":\"https:\\\/\\\/secure.gravatar.com\\\/avatar\\\/50be826d73ca259ec0e0a88a407f5de800c576c46cfdc57e50ef28551e216fff?s=96&d=mm&r=g\",\"caption\":\"Camille Lenz da Silva\"},\"url\":\"https:\\\/\\\/folhapopular.info\\\/index.php\\\/author\\\/camillelenzgmail-com\\\/\"}]}<\/script>\n<!-- \/ Yoast SEO plugin. -->","yoast_head_json":{"title":"5\u00aa Expofaz de Fazenda Vilanova \u00e9 oficialmente lan\u00e7ada - Folha Popular","robots":{"index":"index","follow":"follow","max-snippet":"max-snippet:-1","max-image-preview":"max-image-preview:large","max-video-preview":"max-video-preview:-1"},"canonical":"https:\/\/folhapopular.info\/index.php\/2023\/08\/31\/5a-expofaz-de-fazenda-vilanova-e-oficialmente-lancada\/","og_locale":"pt_BR","og_type":"article","og_title":"5\u00aa Expofaz de Fazenda Vilanova \u00e9 oficialmente lan\u00e7ada - Folha Popular","og_description":"Com o slogan \u201cNossa Hist\u00f3ria\u201d, a 5\u00aa Expofaz \u2013 Exposi\u00e7\u00e3o Comercial, Industrial e Agropecu\u00e1ria de Fazenda Vilanova foi lan\u00e7ada na noite desta quinta-feira (31\/8). A feira ocorrer\u00e1 de 19 a 22 de outubro no Parque Encanto da Fazenda, buscando reunir o que o munic\u00edpio e regi\u00e3o t\u00eam de melhor no com\u00e9rcio, servi\u00e7os, ind\u00fastria e agroneg\u00f3cio, [&hellip;]","og_url":"https:\/\/folhapopular.info\/index.php\/2023\/08\/31\/5a-expofaz-de-fazenda-vilanova-e-oficialmente-lancada\/","og_site_name":"Folha Popular","article_published_time":"2023-09-01T01:03:12+00:00","article_modified_time":"2023-09-01T01:06:24+00:00","og_image":[{"width":2560,"height":1920,"url":"http:\/\/folhapopular.info\/wp-content\/uploads\/2023\/08\/IMG_6647-scaled.jpeg","type":"image\/jpeg"}],"author":"Camille Lenz da Silva","twitter_card":"summary_large_image","twitter_misc":{"Escrito por":"Camille Lenz da Silva","Est. tempo de leitura":"4 minutos"},"schema":{"@context":"https:\/\/schema.org","@graph":[{"@type":"Article","@id":"https:\/\/folhapopular.info\/index.php\/2023\/08\/31\/5a-expofaz-de-fazenda-vilanova-e-oficialmente-lancada\/#article","isPartOf":{"@id":"https:\/\/folhapopular.info\/index.php\/2023\/08\/31\/5a-expofaz-de-fazenda-vilanova-e-oficialmente-lancada\/"},"author":{"name":"Camille Lenz da Silva","@id":"https:\/\/folhapopular.info\/#\/schema\/person\/f0b811f932ef2505faf473ffaef49df5"},"headline":"5\u00aa Expofaz de Fazenda Vilanova \u00e9 oficialmente lan\u00e7ada","datePublished":"2023-09-01T01:03:12+00:00","dateModified":"2023-09-01T01:06:24+00:00","mainEntityOfPage":{"@id":"https:\/\/folhapopular.info\/index.php\/2023\/08\/31\/5a-expofaz-de-fazenda-vilanova-e-oficialmente-lancada\/"},"wordCount":516,"commentCount":0,"image":{"@id":"https:\/\/folhapopular.info\/index.php\/2023\/08\/31\/5a-expofaz-de-fazenda-vilanova-e-oficialmente-lancada\/#primaryimage"},"thumbnailUrl":"https:\/\/folhapopular.info\/wp-content\/uploads\/2023\/08\/IMG_6647-scaled.jpeg","keywords":["5\u00aa Expofaz","Fazenda Vilanova"],"articleSection":["Destaques","Economia"],"inLanguage":"pt-BR","potentialAction":[{"@type":"CommentAction","name":"Comment","target":["https:\/\/folhapopular.info\/index.php\/2023\/08\/31\/5a-expofaz-de-fazenda-vilanova-e-oficialmente-lancada\/#respond"]}]},{"@type":"WebPage","@id":"https:\/\/folhapopular.info\/index.php\/2023\/08\/31\/5a-expofaz-de-fazenda-vilanova-e-oficialmente-lancada\/","url":"https:\/\/folhapopular.info\/index.php\/2023\/08\/31\/5a-expofaz-de-fazenda-vilanova-e-oficialmente-lancada\/","name":"5\u00aa Expofaz de Fazenda Vilanova \u00e9 oficialmente lan\u00e7ada - Folha Popular","isPartOf":{"@id":"https:\/\/folhapopular.info\/#website"},"primaryImageOfPage":{"@id":"https:\/\/folhapopular.info\/index.php\/2023\/08\/31\/5a-expofaz-de-fazenda-vilanova-e-oficialmente-lancada\/#primaryimage"},"image":{"@id":"https:\/\/folhapopular.info\/index.php\/2023\/08\/31\/5a-expofaz-de-fazenda-vilanova-e-oficialmente-lancada\/#primaryimage"},"thumbnailUrl":"https:\/\/folhapopular.info\/wp-content\/uploads\/2023\/08\/IMG_6647-scaled.jpeg","datePublished":"2023-09-01T01:03:12+00:00","dateModified":"2023-09-01T01:06:24+00:00","author":{"@id":"https:\/\/folhapopular.info\/#\/schema\/person\/f0b811f932ef2505faf473ffaef49df5"},"breadcrumb":{"@id":"https:\/\/folhapopular.info\/index.php\/2023\/08\/31\/5a-expofaz-de-fazenda-vilanova-e-oficialmente-lancada\/#breadcrumb"},"inLanguage":"pt-BR","potentialAction":[{"@type":"ReadAction","target":["https:\/\/folhapopular.info\/index.php\/2023\/08\/31\/5a-expofaz-de-fazenda-vilanova-e-oficialmente-lancada\/"]}]},{"@type":"ImageObject","inLanguage":"pt-BR","@id":"https:\/\/folhapopular.info\/index.php\/2023\/08\/31\/5a-expofaz-de-fazenda-vilanova-e-oficialmente-lancada\/#primaryimage","url":"https:\/\/folhapopular.info\/wp-content\/uploads\/2023\/08\/IMG_6647-scaled.jpeg","contentUrl":"https:\/\/folhapopular.info\/wp-content\/uploads\/2023\/08\/IMG_6647-scaled.jpeg","width":2560,"height":1920,"caption":"Prefeito de Fazenda Vilanova, Amarildo Luis da Silva. Cr\u00e9dito: Camille Lenz da Silva"},{"@type":"BreadcrumbList","@id":"https:\/\/folhapopular.info\/index.php\/2023\/08\/31\/5a-expofaz-de-fazenda-vilanova-e-oficialmente-lancada\/#breadcrumb","itemListElement":[{"@type":"ListItem","position":1,"name":"In\u00edcio","item":"https:\/\/folhapopular.info\/"},{"@type":"ListItem","position":2,"name":"5\u00aa Expofaz de Fazenda Vilanova \u00e9 oficialmente lan\u00e7ada"}]},{"@type":"WebSite","@id":"https:\/\/folhapopular.info\/#website","url":"https:\/\/folhapopular.info\/","name":"Folha Popular","description":"Onde voc\u00ea tem vez e voz","potentialAction":[{"@type":"SearchAction","target":{"@type":"EntryPoint","urlTemplate":"https:\/\/folhapopular.info\/?s={search_term_string}"},"query-input":{"@type":"PropertyValueSpecification","valueRequired":true,"valueName":"search_term_string"}}],"inLanguage":"pt-BR"},{"@type":"Person","@id":"https:\/\/folhapopular.info\/#\/schema\/person\/f0b811f932ef2505faf473ffaef49df5","name":"Camille Lenz da Silva","image":{"@type":"ImageObject","inLanguage":"pt-BR","@id":"https:\/\/secure.gravatar.com\/avatar\/50be826d73ca259ec0e0a88a407f5de800c576c46cfdc57e50ef28551e216fff?s=96&d=mm&r=g","url":"https:\/\/secure.gravatar.com\/avatar\/50be826d73ca259ec0e0a88a407f5de800c576c46cfdc57e50ef28551e216fff?s=96&d=mm&r=g","contentUrl":"https:\/\/secure.gravatar.com\/avatar\/50be826d73ca259ec0e0a88a407f5de800c576c46cfdc57e50ef28551e216fff?s=96&d=mm&r=g","caption":"Camille Lenz da Silva"},"url":"https:\/\/folhapopular.info\/index.php\/author\/camillelenzgmail-com\/"}]}},"jetpack_featured_media_url":"https:\/\/folhapopular.info\/wp-content\/uploads\/2023\/08\/IMG_6647-scaled.jpeg","jetpack_sharing_enabled":true,"amp_enabled":true,"_links":{"self":[{"href":"https:\/\/folhapopular.info\/index.php\/wp-json\/wp\/v2\/posts\/138870","targetHints":{"allow":["GET"]}}],"collection":[{"href":"https:\/\/folhapopular.info\/index.php\/wp-json\/wp\/v2\/posts"}],"about":[{"href":"https:\/\/folhapopular.info\/index.php\/wp-json\/wp\/v2\/types\/post"}],"author":[{"embeddable":true,"href":"https:\/\/folhapopular.info\/index.php\/wp-json\/wp\/v2\/users\/639"}],"replies":[{"embeddable":true,"href":"https:\/\/folhapopular.info\/index.php\/wp-json\/wp\/v2\/comments?post=138870"}],"version-history":[{"count":0,"href":"https:\/\/folhapopular.info\/index.php\/wp-json\/wp\/v2\/posts\/138870\/revisions"}],"wp:featuredmedia":[{"embeddable":true,"href":"https:\/\/folhapopular.info\/index.php\/wp-json\/wp\/v2\/media\/138875"}],"wp:attachment":[{"href":"https:\/\/folhapopular.info\/index.php\/wp-json\/wp\/v2\/media?parent=138870"}],"wp:term":[{"taxonomy":"category","embeddable":true,"href":"https:\/\/folhapopular.info\/index.php\/wp-json\/wp\/v2\/categories?post=138870"},{"taxonomy":"post_tag","embeddable":true,"href":"https:\/\/folhapopular.info\/index.php\/wp-json\/wp\/v2\/tags?post=138870"}],"curies":[{"name":"wp","href":"https:\/\/api.w.org\/{rel}","templated":true}]}}