{"id":138946,"date":"2023-09-02T10:56:54","date_gmt":"2023-09-02T13:56:54","guid":{"rendered":"https:\/\/folhapopular.info\/?p=138946"},"modified":"2023-09-02T11:39:15","modified_gmt":"2023-09-02T14:39:15","slug":"jci-lajeado-promove-palestra-com-membros-do-medicos-sem-fronteiras","status":"publish","type":"post","link":"https:\/\/folhapopular.info\/index.php\/2023\/09\/02\/jci-lajeado-promove-palestra-com-membros-do-medicos-sem-fronteiras\/","title":{"rendered":"JCI Lajeado promove palestra com membros do M\u00e9dicos sem Fronteiras"},"content":{"rendered":"\n<p>A Junior Chamber International (JCI) Lajeado, organiza\u00e7\u00e3o sem fins lucrativos que busca o desenvolvimento de lideran\u00e7as para atua\u00e7\u00e3o em suas comunidades, realizou, na segunda-feira (28\/8), a primeira capacita\u00e7\u00e3o do projeto Escola de L\u00edderes. <\/p>\n\n\n\n<p>Tendo acontecido no dia em que se celebra o voluntariado, a palestra foi ministrada pelo coordenador de Projetos Humanit\u00e1rios em situa\u00e7\u00f5es de conflito armado e desastres pela M\u00e9dicos sem Fronteiras (MSF), Samuel Johann, e pela coordenadora de RH em projetos m\u00e9dico-humanit\u00e1rios pela MSF, Ver\u00f4nica Erthal. Ambos falaram sobre experi\u00eancias obtidas a partir da lideran\u00e7a em projetos humanit\u00e1rios.<\/p>\n\n\n\n<p>Segundo Johann, a lideran\u00e7a \u00e9 contextual, n\u00e3o devendo ser concebida como um conjunto de t\u00e9cnicas r\u00edgidas. \u201cPermane\u00e7am sempre abertos, n\u00e3o acreditem em f\u00f3rmulas. Cada situa\u00e7\u00e3o precisa ser trabalhada de uma forma diferente. O melhor que podemos fazer pela lideran\u00e7a \u00e9 conversar e debater sobre\u201d. Em sua viv\u00eancia, ele considera que um l\u00edder deve ter tr\u00eas qualidades.<\/p>\n\n\n\n<p>A primeira delas \u00e9 ter uma energia constante, n\u00e3o permitindo que o ambiente externo controle o que se sente. \u201cGanha-se as pessoas pelo h\u00e1bito e pela consist\u00eancia, permanecendo-se imparcial e independente\u201d. Em segundo est\u00e1 a habilidade de fazer lembrar o prop\u00f3sito pelo qual se est\u00e1 trabalhando. \u201cUm bom l\u00edder ajuda a desfocar no problema e pensar no prop\u00f3sito\u201d, citou. <\/p>\n\n\n\n<p>A terceira habilidade, segundo ele, \u00e9 ter ci\u00eancia de que o problema n\u00e3o ser\u00e1 resolvido se for exclu\u00eddo. \u201cSe voc\u00ea acha que demitir algu\u00e9m vai solucionar tudo, \u00e9 poss\u00edvel que essa pessoa seja substitu\u00edda por outra igual ou pior. Promova capacita\u00e7\u00f5es, busque usar as qualidades do liderado a seu favor e trabalhar para minimizar seus defeitos\u201d, pontuou.<\/p>\n\n\n\n<p>Ver\u00f4nica abordou a import\u00e2ncia do autoconhecimento. \u201cUm l\u00edder precisa se conhecer, saber como est\u00e1 se sentindo e se suporta o que precisa ser feito. Dizer n\u00e3o \u00e9 saber se respeitar, aceitar nossos limites e quando precisamos parar. Entender isso nos permite chegar bem no trabalho, o que ajuda os demais a ficarem bem. E quando estiver presente, olhar no olho, ouvir a pessoa, a hist\u00f3ria dela. Conhecer a si e aos liderados permite ter empatia e respeito, buscando encontrar um lugar comum pelo prop\u00f3sito dentre tantas personalidades\u201d, pontuou.<\/p>\n\n\n\n<p>Ela refor\u00e7ou a fala de Johann. \u201cSempre pensar que, se estou ajudando algu\u00e9m que est\u00e1 com alguma dificuldade, preciso pensar na equipe, ser din\u00e2mico. Somos seres humanos, cada um com sua particularidade. Como vou extrair o melhor de tal pessoa ou amenizar o ponto negativo dela?\u201d, questionou.<\/p>\n\n\n\n<h2 class=\"wp-block-heading\">Inova\u00e7\u00e3o social<\/h2>\n\n\n\n<p>Segundo Johann, as empresas est\u00e3o engatinhando em criar espa\u00e7os de di\u00e1logo, sejam eles simples reuni\u00f5es para cada liderado compartilhar o que est\u00e1 sentindo. \u201cPrecisamos criar v\u00ednculos. Talvez gastemos mais tempo na largada, mas estes espa\u00e7os ir\u00e3o evitar in\u00fameras crises mais tarde. As gera\u00e7\u00f5es que est\u00e3o vindo est\u00e3o cada vez mais impacientes, e em algumas situa\u00e7\u00f5es \u00e9 preciso retomar os m\u00e9todos ancestrais de lideran\u00e7a, criando conex\u00e3o humana\u201d, finalizou.<\/p>\n\n\n\n<p>Por fim, ele acredita que sua maior contribui\u00e7\u00e3o como l\u00edder \u00e9 tentar aproximar lados e perspectivas diferentes. Hoje, atua como instrutor de Justi\u00e7a Restaurativa e gestor em projetos de Constru\u00e7\u00e3o de Paz, e falou sobre como \u00e9 poss\u00edvel aplicar o que viveu durante 10 anos atuando pela MSF na realidade da regi\u00e3o. <\/p>\n\n\n\n<p>Ele treina pessoas com t\u00e9cnicas de equil\u00edbrio emocional, realiza apoio a escolas e ajuda a capacitar professores. \u201cTodos partilhamos das mesmas necessidades, e elas podem ser uma ponte para nos conectar. \u00c9 preciso ter menos respostas e criar melhores perguntas. Percebo que h\u00e1 in\u00fameros programas de inova\u00e7\u00e3o e lideran\u00e7a, mas n\u00e3o adianta criar movimentos sem perguntar o que as pessoas precisam, se os projetos servem a elas\u201d, apontou.<\/p>\n\n\n\n<h2 class=\"wp-block-heading\">Sobre o Escola de L\u00edderes<\/h2>\n\n\n\n<p>O projeto segue com atividades de capacita\u00e7\u00e3o at\u00e9 outubro, que podem ser realizadas por qualquer pessoa interessada atrav\u00e9s da inscri\u00e7\u00e3o <a href=\"https:\/\/www.conferencebr.com\/registration\/442\/BR\/\" target=\"_blank\" rel=\"noreferrer noopener\">neste link<\/a>. As pr\u00f3ximas palestras tratar\u00e3o de Vendas e Negocia\u00e7\u00f5es (11\/9), Marketing Digital (25\/9), Educa\u00e7\u00e3o Financeira (9\/10) e Transforma\u00e7\u00e3o de Conflitos (23\/10). Todos os eventos ocorrer\u00e3o a partir das 19h30 na Arena BIMachine, em Lajeado. \u00c9 poss\u00edvel saber mais detalhes pelo Instagram da institui\u00e7\u00e3o, <a href=\"https:\/\/www.instagram.com\/jcilajeado\/\" target=\"_blank\" rel=\"noreferrer noopener\">@jcilajeado<\/a>.<\/p>\n\n\n\n<figure class=\"wp-block-gallery has-nested-images columns-default is-cropped wp-block-gallery-1 is-layout-flex wp-block-gallery-is-layout-flex\">\n<figure class=\"wp-block-image size-large\"><img loading=\"lazy\" decoding=\"async\" width=\"1024\" height=\"768\" data-id=\"138955\" src=\"https:\/\/folhapopular.info\/wp-content\/uploads\/2023\/09\/IMG_6377-1024x768.jpeg\" alt=\"\" class=\"wp-image-138955\" srcset=\"https:\/\/folhapopular.info\/wp-content\/uploads\/2023\/09\/IMG_6377-1024x768.jpeg 1024w, https:\/\/folhapopular.info\/wp-content\/uploads\/2023\/09\/IMG_6377-300x225.jpeg 300w, https:\/\/folhapopular.info\/wp-content\/uploads\/2023\/09\/IMG_6377-768x576.jpeg 768w, https:\/\/folhapopular.info\/wp-content\/uploads\/2023\/09\/IMG_6377-1536x1152.jpeg 1536w, https:\/\/folhapopular.info\/wp-content\/uploads\/2023\/09\/IMG_6377-2048x1536.jpeg 2048w, https:\/\/folhapopular.info\/wp-content\/uploads\/2023\/09\/IMG_6377-696x522.jpeg 696w, https:\/\/folhapopular.info\/wp-content\/uploads\/2023\/09\/IMG_6377-1068x801.jpeg 1068w, https:\/\/folhapopular.info\/wp-content\/uploads\/2023\/09\/IMG_6377-1920x1440.jpeg 1920w\" sizes=\"auto, (max-width: 1024px) 100vw, 1024px\" \/><figcaption class=\"wp-element-caption\">Cr\u00e9dito: Camille Lenz da Silva<\/figcaption><\/figure>\n\n\n\n<figure class=\"wp-block-image size-large\"><img loading=\"lazy\" decoding=\"async\" width=\"1024\" height=\"768\" data-id=\"138957\" src=\"https:\/\/folhapopular.info\/wp-content\/uploads\/2023\/09\/IMG_6430-1024x768.jpeg\" alt=\"\" class=\"wp-image-138957\" srcset=\"https:\/\/folhapopular.info\/wp-content\/uploads\/2023\/09\/IMG_6430-1024x768.jpeg 1024w, https:\/\/folhapopular.info\/wp-content\/uploads\/2023\/09\/IMG_6430-300x225.jpeg 300w, https:\/\/folhapopular.info\/wp-content\/uploads\/2023\/09\/IMG_6430-768x576.jpeg 768w, https:\/\/folhapopular.info\/wp-content\/uploads\/2023\/09\/IMG_6430-1536x1152.jpeg 1536w, https:\/\/folhapopular.info\/wp-content\/uploads\/2023\/09\/IMG_6430-2048x1536.jpeg 2048w, https:\/\/folhapopular.info\/wp-content\/uploads\/2023\/09\/IMG_6430-696x522.jpeg 696w, https:\/\/folhapopular.info\/wp-content\/uploads\/2023\/09\/IMG_6430-1068x801.jpeg 1068w, https:\/\/folhapopular.info\/wp-content\/uploads\/2023\/09\/IMG_6430-1920x1440.jpeg 1920w\" sizes=\"auto, (max-width: 1024px) 100vw, 1024px\" \/><figcaption class=\"wp-element-caption\">Cr\u00e9dito: Ana Dias \/ JCI Lajeado<\/figcaption><\/figure>\n<\/figure>\n","protected":false},"excerpt":{"rendered":"<p>A Junior Chamber International (JCI) Lajeado, organiza\u00e7\u00e3o sem fins lucrativos que busca o desenvolvimento de lideran\u00e7as para atua\u00e7\u00e3o em suas comunidades, realizou, na segunda-feira (28\/8), a primeira capacita\u00e7\u00e3o do projeto Escola de L\u00edderes. Tendo acontecido no dia em que se celebra o voluntariado, a palestra foi ministrada pelo coordenador de Projetos Humanit\u00e1rios em situa\u00e7\u00f5es de [&hellip;]<\/p>\n","protected":false},"author":639,"featured_media":138956,"comment_status":"open","ping_status":"open","sticky":false,"template":"","format":"standard","meta":{"pmpro_default_level":"","_jetpack_memberships_contains_paid_content":false,"footnotes":""},"categories":[2,3],"tags":[13098,11041,3200],"class_list":{"0":"post-138946","1":"post","2":"type-post","3":"status-publish","4":"format-standard","5":"has-post-thumbnail","7":"category-featured","8":"category-geral","9":"tag-escola-de-lideres","10":"tag-jci-lajeado","11":"tag-medicos-sem-fronteiras","12":"pmpro-has-access"},"yoast_head":"<!-- This site is optimized with the Yoast SEO plugin v27.5 - https:\/\/yoast.com\/product\/yoast-seo-wordpress\/ -->\n<title>JCI Lajeado promove palestra com membros do M\u00e9dicos sem Fronteiras - Folha Popular<\/title>\n<meta name=\"robots\" content=\"index, follow, max-snippet:-1, max-image-preview:large, max-video-preview:-1\" \/>\n<link rel=\"canonical\" href=\"https:\/\/folhapopular.info\/index.php\/2023\/09\/02\/jci-lajeado-promove-palestra-com-membros-do-medicos-sem-fronteiras\/\" \/>\n<meta property=\"og:locale\" content=\"pt_BR\" \/>\n<meta property=\"og:type\" content=\"article\" \/>\n<meta property=\"og:title\" content=\"JCI Lajeado promove palestra com membros do M\u00e9dicos sem Fronteiras - Folha Popular\" \/>\n<meta property=\"og:description\" content=\"A Junior Chamber International (JCI) Lajeado, organiza\u00e7\u00e3o sem fins lucrativos que busca o desenvolvimento de lideran\u00e7as para atua\u00e7\u00e3o em suas comunidades, realizou, na segunda-feira (28\/8), a primeira capacita\u00e7\u00e3o do projeto Escola de L\u00edderes. Tendo acontecido no dia em que se celebra o voluntariado, a palestra foi ministrada pelo coordenador de Projetos Humanit\u00e1rios em situa\u00e7\u00f5es de [&hellip;]\" \/>\n<meta property=\"og:url\" content=\"https:\/\/folhapopular.info\/index.php\/2023\/09\/02\/jci-lajeado-promove-palestra-com-membros-do-medicos-sem-fronteiras\/\" \/>\n<meta property=\"og:site_name\" content=\"Folha Popular\" \/>\n<meta property=\"article:published_time\" content=\"2023-09-02T13:56:54+00:00\" \/>\n<meta property=\"article:modified_time\" content=\"2023-09-02T14:39:15+00:00\" \/>\n<meta property=\"og:image\" content=\"http:\/\/folhapopular.info\/wp-content\/uploads\/2023\/09\/IMG_6386-scaled.jpeg\" \/>\n\t<meta property=\"og:image:width\" content=\"2560\" \/>\n\t<meta property=\"og:image:height\" content=\"1920\" \/>\n\t<meta property=\"og:image:type\" content=\"image\/jpeg\" \/>\n<meta name=\"author\" content=\"Camille Lenz da Silva\" \/>\n<meta name=\"twitter:card\" content=\"summary_large_image\" \/>\n<meta name=\"twitter:label1\" content=\"Escrito por\" \/>\n\t<meta name=\"twitter:data1\" content=\"Camille Lenz da Silva\" \/>\n\t<meta name=\"twitter:label2\" content=\"Est. tempo de leitura\" \/>\n\t<meta name=\"twitter:data2\" content=\"5 minutos\" \/>\n<script type=\"application\/ld+json\" class=\"yoast-schema-graph\">{\"@context\":\"https:\\\/\\\/schema.org\",\"@graph\":[{\"@type\":\"Article\",\"@id\":\"https:\\\/\\\/folhapopular.info\\\/index.php\\\/2023\\\/09\\\/02\\\/jci-lajeado-promove-palestra-com-membros-do-medicos-sem-fronteiras\\\/#article\",\"isPartOf\":{\"@id\":\"https:\\\/\\\/folhapopular.info\\\/index.php\\\/2023\\\/09\\\/02\\\/jci-lajeado-promove-palestra-com-membros-do-medicos-sem-fronteiras\\\/\"},\"author\":{\"name\":\"Camille Lenz da Silva\",\"@id\":\"https:\\\/\\\/folhapopular.info\\\/#\\\/schema\\\/person\\\/f0b811f932ef2505faf473ffaef49df5\"},\"headline\":\"JCI Lajeado promove palestra com membros do M\u00e9dicos sem Fronteiras\",\"datePublished\":\"2023-09-02T13:56:54+00:00\",\"dateModified\":\"2023-09-02T14:39:15+00:00\",\"mainEntityOfPage\":{\"@id\":\"https:\\\/\\\/folhapopular.info\\\/index.php\\\/2023\\\/09\\\/02\\\/jci-lajeado-promove-palestra-com-membros-do-medicos-sem-fronteiras\\\/\"},\"wordCount\":750,\"commentCount\":0,\"image\":{\"@id\":\"https:\\\/\\\/folhapopular.info\\\/index.php\\\/2023\\\/09\\\/02\\\/jci-lajeado-promove-palestra-com-membros-do-medicos-sem-fronteiras\\\/#primaryimage\"},\"thumbnailUrl\":\"https:\\\/\\\/folhapopular.info\\\/wp-content\\\/uploads\\\/2023\\\/09\\\/IMG_6386-scaled.jpeg\",\"keywords\":[\"Escola de L\u00edderes\",\"jci lajeado\",\"M\u00e9dicos Sem Fronteiras\"],\"articleSection\":[\"Destaques\",\"Geral\"],\"inLanguage\":\"pt-BR\",\"potentialAction\":[{\"@type\":\"CommentAction\",\"name\":\"Comment\",\"target\":[\"https:\\\/\\\/folhapopular.info\\\/index.php\\\/2023\\\/09\\\/02\\\/jci-lajeado-promove-palestra-com-membros-do-medicos-sem-fronteiras\\\/#respond\"]}]},{\"@type\":\"WebPage\",\"@id\":\"https:\\\/\\\/folhapopular.info\\\/index.php\\\/2023\\\/09\\\/02\\\/jci-lajeado-promove-palestra-com-membros-do-medicos-sem-fronteiras\\\/\",\"url\":\"https:\\\/\\\/folhapopular.info\\\/index.php\\\/2023\\\/09\\\/02\\\/jci-lajeado-promove-palestra-com-membros-do-medicos-sem-fronteiras\\\/\",\"name\":\"JCI Lajeado promove palestra com membros do M\u00e9dicos sem Fronteiras - Folha Popular\",\"isPartOf\":{\"@id\":\"https:\\\/\\\/folhapopular.info\\\/#website\"},\"primaryImageOfPage\":{\"@id\":\"https:\\\/\\\/folhapopular.info\\\/index.php\\\/2023\\\/09\\\/02\\\/jci-lajeado-promove-palestra-com-membros-do-medicos-sem-fronteiras\\\/#primaryimage\"},\"image\":{\"@id\":\"https:\\\/\\\/folhapopular.info\\\/index.php\\\/2023\\\/09\\\/02\\\/jci-lajeado-promove-palestra-com-membros-do-medicos-sem-fronteiras\\\/#primaryimage\"},\"thumbnailUrl\":\"https:\\\/\\\/folhapopular.info\\\/wp-content\\\/uploads\\\/2023\\\/09\\\/IMG_6386-scaled.jpeg\",\"datePublished\":\"2023-09-02T13:56:54+00:00\",\"dateModified\":\"2023-09-02T14:39:15+00:00\",\"author\":{\"@id\":\"https:\\\/\\\/folhapopular.info\\\/#\\\/schema\\\/person\\\/f0b811f932ef2505faf473ffaef49df5\"},\"breadcrumb\":{\"@id\":\"https:\\\/\\\/folhapopular.info\\\/index.php\\\/2023\\\/09\\\/02\\\/jci-lajeado-promove-palestra-com-membros-do-medicos-sem-fronteiras\\\/#breadcrumb\"},\"inLanguage\":\"pt-BR\",\"potentialAction\":[{\"@type\":\"ReadAction\",\"target\":[\"https:\\\/\\\/folhapopular.info\\\/index.php\\\/2023\\\/09\\\/02\\\/jci-lajeado-promove-palestra-com-membros-do-medicos-sem-fronteiras\\\/\"]}]},{\"@type\":\"ImageObject\",\"inLanguage\":\"pt-BR\",\"@id\":\"https:\\\/\\\/folhapopular.info\\\/index.php\\\/2023\\\/09\\\/02\\\/jci-lajeado-promove-palestra-com-membros-do-medicos-sem-fronteiras\\\/#primaryimage\",\"url\":\"https:\\\/\\\/folhapopular.info\\\/wp-content\\\/uploads\\\/2023\\\/09\\\/IMG_6386-scaled.jpeg\",\"contentUrl\":\"https:\\\/\\\/folhapopular.info\\\/wp-content\\\/uploads\\\/2023\\\/09\\\/IMG_6386-scaled.jpeg\",\"width\":2560,\"height\":1920,\"caption\":\"Cr\u00e9dito: Camille Lenz da Silva\"},{\"@type\":\"BreadcrumbList\",\"@id\":\"https:\\\/\\\/folhapopular.info\\\/index.php\\\/2023\\\/09\\\/02\\\/jci-lajeado-promove-palestra-com-membros-do-medicos-sem-fronteiras\\\/#breadcrumb\",\"itemListElement\":[{\"@type\":\"ListItem\",\"position\":1,\"name\":\"In\u00edcio\",\"item\":\"https:\\\/\\\/folhapopular.info\\\/\"},{\"@type\":\"ListItem\",\"position\":2,\"name\":\"JCI Lajeado promove palestra com membros do M\u00e9dicos sem Fronteiras\"}]},{\"@type\":\"WebSite\",\"@id\":\"https:\\\/\\\/folhapopular.info\\\/#website\",\"url\":\"https:\\\/\\\/folhapopular.info\\\/\",\"name\":\"Folha Popular\",\"description\":\"Onde voc\u00ea tem vez e voz\",\"potentialAction\":[{\"@type\":\"SearchAction\",\"target\":{\"@type\":\"EntryPoint\",\"urlTemplate\":\"https:\\\/\\\/folhapopular.info\\\/?s={search_term_string}\"},\"query-input\":{\"@type\":\"PropertyValueSpecification\",\"valueRequired\":true,\"valueName\":\"search_term_string\"}}],\"inLanguage\":\"pt-BR\"},{\"@type\":\"Person\",\"@id\":\"https:\\\/\\\/folhapopular.info\\\/#\\\/schema\\\/person\\\/f0b811f932ef2505faf473ffaef49df5\",\"name\":\"Camille Lenz da Silva\",\"image\":{\"@type\":\"ImageObject\",\"inLanguage\":\"pt-BR\",\"@id\":\"https:\\\/\\\/secure.gravatar.com\\\/avatar\\\/50be826d73ca259ec0e0a88a407f5de800c576c46cfdc57e50ef28551e216fff?s=96&d=mm&r=g\",\"url\":\"https:\\\/\\\/secure.gravatar.com\\\/avatar\\\/50be826d73ca259ec0e0a88a407f5de800c576c46cfdc57e50ef28551e216fff?s=96&d=mm&r=g\",\"contentUrl\":\"https:\\\/\\\/secure.gravatar.com\\\/avatar\\\/50be826d73ca259ec0e0a88a407f5de800c576c46cfdc57e50ef28551e216fff?s=96&d=mm&r=g\",\"caption\":\"Camille Lenz da Silva\"},\"url\":\"https:\\\/\\\/folhapopular.info\\\/index.php\\\/author\\\/camillelenzgmail-com\\\/\"}]}<\/script>\n<!-- \/ Yoast SEO plugin. -->","yoast_head_json":{"title":"JCI Lajeado promove palestra com membros do M\u00e9dicos sem Fronteiras - Folha Popular","robots":{"index":"index","follow":"follow","max-snippet":"max-snippet:-1","max-image-preview":"max-image-preview:large","max-video-preview":"max-video-preview:-1"},"canonical":"https:\/\/folhapopular.info\/index.php\/2023\/09\/02\/jci-lajeado-promove-palestra-com-membros-do-medicos-sem-fronteiras\/","og_locale":"pt_BR","og_type":"article","og_title":"JCI Lajeado promove palestra com membros do M\u00e9dicos sem Fronteiras - Folha Popular","og_description":"A Junior Chamber International (JCI) Lajeado, organiza\u00e7\u00e3o sem fins lucrativos que busca o desenvolvimento de lideran\u00e7as para atua\u00e7\u00e3o em suas comunidades, realizou, na segunda-feira (28\/8), a primeira capacita\u00e7\u00e3o do projeto Escola de L\u00edderes. Tendo acontecido no dia em que se celebra o voluntariado, a palestra foi ministrada pelo coordenador de Projetos Humanit\u00e1rios em situa\u00e7\u00f5es de [&hellip;]","og_url":"https:\/\/folhapopular.info\/index.php\/2023\/09\/02\/jci-lajeado-promove-palestra-com-membros-do-medicos-sem-fronteiras\/","og_site_name":"Folha Popular","article_published_time":"2023-09-02T13:56:54+00:00","article_modified_time":"2023-09-02T14:39:15+00:00","og_image":[{"width":2560,"height":1920,"url":"http:\/\/folhapopular.info\/wp-content\/uploads\/2023\/09\/IMG_6386-scaled.jpeg","type":"image\/jpeg"}],"author":"Camille Lenz da Silva","twitter_card":"summary_large_image","twitter_misc":{"Escrito por":"Camille Lenz da Silva","Est. tempo de leitura":"5 minutos"},"schema":{"@context":"https:\/\/schema.org","@graph":[{"@type":"Article","@id":"https:\/\/folhapopular.info\/index.php\/2023\/09\/02\/jci-lajeado-promove-palestra-com-membros-do-medicos-sem-fronteiras\/#article","isPartOf":{"@id":"https:\/\/folhapopular.info\/index.php\/2023\/09\/02\/jci-lajeado-promove-palestra-com-membros-do-medicos-sem-fronteiras\/"},"author":{"name":"Camille Lenz da Silva","@id":"https:\/\/folhapopular.info\/#\/schema\/person\/f0b811f932ef2505faf473ffaef49df5"},"headline":"JCI Lajeado promove palestra com membros do M\u00e9dicos sem Fronteiras","datePublished":"2023-09-02T13:56:54+00:00","dateModified":"2023-09-02T14:39:15+00:00","mainEntityOfPage":{"@id":"https:\/\/folhapopular.info\/index.php\/2023\/09\/02\/jci-lajeado-promove-palestra-com-membros-do-medicos-sem-fronteiras\/"},"wordCount":750,"commentCount":0,"image":{"@id":"https:\/\/folhapopular.info\/index.php\/2023\/09\/02\/jci-lajeado-promove-palestra-com-membros-do-medicos-sem-fronteiras\/#primaryimage"},"thumbnailUrl":"https:\/\/folhapopular.info\/wp-content\/uploads\/2023\/09\/IMG_6386-scaled.jpeg","keywords":["Escola de L\u00edderes","jci lajeado","M\u00e9dicos Sem Fronteiras"],"articleSection":["Destaques","Geral"],"inLanguage":"pt-BR","potentialAction":[{"@type":"CommentAction","name":"Comment","target":["https:\/\/folhapopular.info\/index.php\/2023\/09\/02\/jci-lajeado-promove-palestra-com-membros-do-medicos-sem-fronteiras\/#respond"]}]},{"@type":"WebPage","@id":"https:\/\/folhapopular.info\/index.php\/2023\/09\/02\/jci-lajeado-promove-palestra-com-membros-do-medicos-sem-fronteiras\/","url":"https:\/\/folhapopular.info\/index.php\/2023\/09\/02\/jci-lajeado-promove-palestra-com-membros-do-medicos-sem-fronteiras\/","name":"JCI Lajeado promove palestra com membros do M\u00e9dicos sem Fronteiras - Folha Popular","isPartOf":{"@id":"https:\/\/folhapopular.info\/#website"},"primaryImageOfPage":{"@id":"https:\/\/folhapopular.info\/index.php\/2023\/09\/02\/jci-lajeado-promove-palestra-com-membros-do-medicos-sem-fronteiras\/#primaryimage"},"image":{"@id":"https:\/\/folhapopular.info\/index.php\/2023\/09\/02\/jci-lajeado-promove-palestra-com-membros-do-medicos-sem-fronteiras\/#primaryimage"},"thumbnailUrl":"https:\/\/folhapopular.info\/wp-content\/uploads\/2023\/09\/IMG_6386-scaled.jpeg","datePublished":"2023-09-02T13:56:54+00:00","dateModified":"2023-09-02T14:39:15+00:00","author":{"@id":"https:\/\/folhapopular.info\/#\/schema\/person\/f0b811f932ef2505faf473ffaef49df5"},"breadcrumb":{"@id":"https:\/\/folhapopular.info\/index.php\/2023\/09\/02\/jci-lajeado-promove-palestra-com-membros-do-medicos-sem-fronteiras\/#breadcrumb"},"inLanguage":"pt-BR","potentialAction":[{"@type":"ReadAction","target":["https:\/\/folhapopular.info\/index.php\/2023\/09\/02\/jci-lajeado-promove-palestra-com-membros-do-medicos-sem-fronteiras\/"]}]},{"@type":"ImageObject","inLanguage":"pt-BR","@id":"https:\/\/folhapopular.info\/index.php\/2023\/09\/02\/jci-lajeado-promove-palestra-com-membros-do-medicos-sem-fronteiras\/#primaryimage","url":"https:\/\/folhapopular.info\/wp-content\/uploads\/2023\/09\/IMG_6386-scaled.jpeg","contentUrl":"https:\/\/folhapopular.info\/wp-content\/uploads\/2023\/09\/IMG_6386-scaled.jpeg","width":2560,"height":1920,"caption":"Cr\u00e9dito: Camille Lenz da Silva"},{"@type":"BreadcrumbList","@id":"https:\/\/folhapopular.info\/index.php\/2023\/09\/02\/jci-lajeado-promove-palestra-com-membros-do-medicos-sem-fronteiras\/#breadcrumb","itemListElement":[{"@type":"ListItem","position":1,"name":"In\u00edcio","item":"https:\/\/folhapopular.info\/"},{"@type":"ListItem","position":2,"name":"JCI Lajeado promove palestra com membros do M\u00e9dicos sem Fronteiras"}]},{"@type":"WebSite","@id":"https:\/\/folhapopular.info\/#website","url":"https:\/\/folhapopular.info\/","name":"Folha Popular","description":"Onde voc\u00ea tem vez e voz","potentialAction":[{"@type":"SearchAction","target":{"@type":"EntryPoint","urlTemplate":"https:\/\/folhapopular.info\/?s={search_term_string}"},"query-input":{"@type":"PropertyValueSpecification","valueRequired":true,"valueName":"search_term_string"}}],"inLanguage":"pt-BR"},{"@type":"Person","@id":"https:\/\/folhapopular.info\/#\/schema\/person\/f0b811f932ef2505faf473ffaef49df5","name":"Camille Lenz da Silva","image":{"@type":"ImageObject","inLanguage":"pt-BR","@id":"https:\/\/secure.gravatar.com\/avatar\/50be826d73ca259ec0e0a88a407f5de800c576c46cfdc57e50ef28551e216fff?s=96&d=mm&r=g","url":"https:\/\/secure.gravatar.com\/avatar\/50be826d73ca259ec0e0a88a407f5de800c576c46cfdc57e50ef28551e216fff?s=96&d=mm&r=g","contentUrl":"https:\/\/secure.gravatar.com\/avatar\/50be826d73ca259ec0e0a88a407f5de800c576c46cfdc57e50ef28551e216fff?s=96&d=mm&r=g","caption":"Camille Lenz da Silva"},"url":"https:\/\/folhapopular.info\/index.php\/author\/camillelenzgmail-com\/"}]}},"jetpack_featured_media_url":"https:\/\/folhapopular.info\/wp-content\/uploads\/2023\/09\/IMG_6386-scaled.jpeg","jetpack_sharing_enabled":true,"amp_enabled":true,"_links":{"self":[{"href":"https:\/\/folhapopular.info\/index.php\/wp-json\/wp\/v2\/posts\/138946","targetHints":{"allow":["GET"]}}],"collection":[{"href":"https:\/\/folhapopular.info\/index.php\/wp-json\/wp\/v2\/posts"}],"about":[{"href":"https:\/\/folhapopular.info\/index.php\/wp-json\/wp\/v2\/types\/post"}],"author":[{"embeddable":true,"href":"https:\/\/folhapopular.info\/index.php\/wp-json\/wp\/v2\/users\/639"}],"replies":[{"embeddable":true,"href":"https:\/\/folhapopular.info\/index.php\/wp-json\/wp\/v2\/comments?post=138946"}],"version-history":[{"count":0,"href":"https:\/\/folhapopular.info\/index.php\/wp-json\/wp\/v2\/posts\/138946\/revisions"}],"wp:featuredmedia":[{"embeddable":true,"href":"https:\/\/folhapopular.info\/index.php\/wp-json\/wp\/v2\/media\/138956"}],"wp:attachment":[{"href":"https:\/\/folhapopular.info\/index.php\/wp-json\/wp\/v2\/media?parent=138946"}],"wp:term":[{"taxonomy":"category","embeddable":true,"href":"https:\/\/folhapopular.info\/index.php\/wp-json\/wp\/v2\/categories?post=138946"},{"taxonomy":"post_tag","embeddable":true,"href":"https:\/\/folhapopular.info\/index.php\/wp-json\/wp\/v2\/tags?post=138946"}],"curies":[{"name":"wp","href":"https:\/\/api.w.org\/{rel}","templated":true}]}}