{"id":139085,"date":"2023-09-04T15:58:40","date_gmt":"2023-09-04T18:58:40","guid":{"rendered":"https:\/\/folhapopular.info\/?p=139085"},"modified":"2023-09-04T17:22:15","modified_gmt":"2023-09-04T20:22:15","slug":"elevacao-do-rio-e-arroios-causa-bloqueios-de-vias-e-retirada-de-moradores-na-regiao","status":"publish","type":"post","link":"https:\/\/folhapopular.info\/index.php\/2023\/09\/04\/elevacao-do-rio-e-arroios-causa-bloqueios-de-vias-e-retirada-de-moradores-na-regiao\/","title":{"rendered":"Eleva\u00e7\u00e3o do rio e arroios causa bloqueios de vias e retirada de moradores na regi\u00e3o"},"content":{"rendered":"\n<p>Com a chuva que n\u00e3o d\u00e1 tr\u00e9gua desde domingo (3\/9), os arroios e o Rio Taquari come\u00e7am a se elevar e liga o alerta para poss\u00edvel cheia. Em alguns mun\u00edcipios j\u00e1 h\u00e1 vias bloqueadas. Al\u00e9m disso, deslizamentos de terra e quedas de barreiras tamb\u00e9m causam transtornos.<\/p>\n\n\n\n<p>Em Estrela, j\u00e1 s\u00e3o sete vias bloqueadas:<\/p>\n\n\n\n<p>Estrada Municipal Otto Osterkamp \u2013 Geraldo Alta;<br>Estrada Municipal Leopoldo Luersen &#8211; Geraldo Baixa (Arroio Tempas);<br>Estrada Municipal Toca do Le\u00e3o \u2013 Distrito de Delfina;<br>Estrada Municipal da Saibreira \u2013 Linha Geraldo;<br>Estrada Municipal Toca do Le\u00e3o \u2013 Linha Figueira;<br>Estrada Municipal da Boa Vista \u2013 Linha S\u00e3o Jos\u00e9;<br>Rua Jo\u00e3o Jos\u00e9 Schonarth \u2013 Bairro Imigrantes<\/p>\n\n\n\n<p>Em Imigrante, h\u00e1 bloqueios nas estradas de Linha Ernesto Alves e Linha Rosenthal. <\/p>\n\n\n\n<p>Em Colinas,  o acesso principal \u00e0 cidade, pela ERS-129, foi bloqueado. Al\u00e9m disso, o Imicol emitiu alerta aos moradores da cota de inunda\u00e7\u00e3o de 25 metros (medi\u00e7\u00e3o do porto de Estrela) para que retirem seus pertences. A prefeitura j\u00e1 est\u00e1 em contato com estas pessoas.<\/p>\n\n\n\n<p>Em Teut\u00f4nia, o n\u00edvel de arroios como o Boa Vista e Harmonia j\u00e1 \u00e9 bastante alto. Um dos pontos mais tensos \u00e9 da ponte em Linha Pontes Filho, onde a \u00e1gua j\u00e1 ultrapassa a estrutura e a via est\u00e1 bloqueada. Em outros pontos ainda n\u00e3o h\u00e1 bloqueio, mas isso pode ocorrer nas pr\u00f3ximas horas. Uma fam\u00edlia que mora em local de risco j\u00e1 est\u00e1 sendo removida no Bairro Teut\u00f4nia.<\/p>\n\n\n\n<figure class=\"wp-block-gallery has-nested-images columns-default is-cropped wp-block-gallery-1 is-layout-flex wp-block-gallery-is-layout-flex\">\n<figure class=\"wp-block-image size-large\"><img loading=\"lazy\" decoding=\"async\" width=\"1024\" height=\"932\" data-id=\"139088\" src=\"https:\/\/folhapopular.info\/wp-content\/uploads\/2023\/09\/WhatsApp-Image-2023-09-04-at-10.40.47-1024x932.jpeg\" alt=\"\" class=\"wp-image-139088\" srcset=\"https:\/\/folhapopular.info\/wp-content\/uploads\/2023\/09\/WhatsApp-Image-2023-09-04-at-10.40.47-1024x932.jpeg 1024w, https:\/\/folhapopular.info\/wp-content\/uploads\/2023\/09\/WhatsApp-Image-2023-09-04-at-10.40.47-300x273.jpeg 300w, https:\/\/folhapopular.info\/wp-content\/uploads\/2023\/09\/WhatsApp-Image-2023-09-04-at-10.40.47-768x699.jpeg 768w, https:\/\/folhapopular.info\/wp-content\/uploads\/2023\/09\/WhatsApp-Image-2023-09-04-at-10.40.47-1536x1398.jpeg 1536w, https:\/\/folhapopular.info\/wp-content\/uploads\/2023\/09\/WhatsApp-Image-2023-09-04-at-10.40.47-696x633.jpeg 696w, https:\/\/folhapopular.info\/wp-content\/uploads\/2023\/09\/WhatsApp-Image-2023-09-04-at-10.40.47-1068x972.jpeg 1068w, https:\/\/folhapopular.info\/wp-content\/uploads\/2023\/09\/WhatsApp-Image-2023-09-04-at-10.40.47.jpeg 1600w\" sizes=\"auto, (max-width: 1024px) 100vw, 1024px\" \/><figcaption class=\"wp-element-caption\">Linha Ernesto Alves, em Imigrante, j\u00e1 tem bloqueio<\/figcaption><\/figure>\n\n\n\n<figure class=\"wp-block-image size-large\"><img loading=\"lazy\" decoding=\"async\" width=\"1024\" height=\"576\" data-id=\"139087\" src=\"https:\/\/folhapopular.info\/wp-content\/uploads\/2023\/09\/WhatsApp-Image-2023-09-04-at-14.40.47-1024x576.jpeg\" alt=\"\" class=\"wp-image-139087\" srcset=\"https:\/\/folhapopular.info\/wp-content\/uploads\/2023\/09\/WhatsApp-Image-2023-09-04-at-14.40.47-1024x576.jpeg 1024w, https:\/\/folhapopular.info\/wp-content\/uploads\/2023\/09\/WhatsApp-Image-2023-09-04-at-14.40.47-300x169.jpeg 300w, https:\/\/folhapopular.info\/wp-content\/uploads\/2023\/09\/WhatsApp-Image-2023-09-04-at-14.40.47-768x432.jpeg 768w, https:\/\/folhapopular.info\/wp-content\/uploads\/2023\/09\/WhatsApp-Image-2023-09-04-at-14.40.47-1536x864.jpeg 1536w, https:\/\/folhapopular.info\/wp-content\/uploads\/2023\/09\/WhatsApp-Image-2023-09-04-at-14.40.47-696x392.jpeg 696w, https:\/\/folhapopular.info\/wp-content\/uploads\/2023\/09\/WhatsApp-Image-2023-09-04-at-14.40.47-1068x601.jpeg 1068w, https:\/\/folhapopular.info\/wp-content\/uploads\/2023\/09\/WhatsApp-Image-2023-09-04-at-14.40.47.jpeg 1600w\" sizes=\"auto, (max-width: 1024px) 100vw, 1024px\" \/><figcaption class=\"wp-element-caption\">Arroio Boa Vista j\u00e1 est\u00e1 bem elevado entre Teut\u00f4nia e Westf\u00e1lia \/ Cr\u00e9dito da foto: Marcos Vin\u00edcius Bilhar<\/figcaption><\/figure>\n\n\n\n<figure class=\"wp-block-image size-large\"><img loading=\"lazy\" decoding=\"async\" width=\"576\" height=\"1024\" data-id=\"139096\" src=\"https:\/\/folhapopular.info\/wp-content\/uploads\/2023\/09\/WhatsApp-Image-2023-09-04-at-15.56.12-576x1024.jpeg\" alt=\"\" class=\"wp-image-139096\" srcset=\"https:\/\/folhapopular.info\/wp-content\/uploads\/2023\/09\/WhatsApp-Image-2023-09-04-at-15.56.12-576x1024.jpeg 576w, https:\/\/folhapopular.info\/wp-content\/uploads\/2023\/09\/WhatsApp-Image-2023-09-04-at-15.56.12-169x300.jpeg 169w, https:\/\/folhapopular.info\/wp-content\/uploads\/2023\/09\/WhatsApp-Image-2023-09-04-at-15.56.12-696x1237.jpeg 696w, https:\/\/folhapopular.info\/wp-content\/uploads\/2023\/09\/WhatsApp-Image-2023-09-04-at-15.56.12.jpeg 720w\" sizes=\"auto, (max-width: 576px) 100vw, 576px\" \/><figcaption class=\"wp-element-caption\">Acesso a Colinas est\u00e1 bloqueado<\/figcaption><\/figure>\n<\/figure>\n\n\n\n<figure class=\"wp-block-video\"><video height=\"880\" style=\"aspect-ratio: 480 \/ 880;\" width=\"480\" controls src=\"https:\/\/folhapopular.info\/wp-content\/uploads\/2023\/09\/WhatsApp-Video-2023-09-04-at-15.38.47.mp4\"><\/video><\/figure>\n","protected":false},"excerpt":{"rendered":"<p>Com a chuva que n\u00e3o d\u00e1 tr\u00e9gua desde domingo (3\/9), os arroios e o Rio Taquari come\u00e7am a se elevar e liga o alerta para poss\u00edvel cheia. Em alguns mun\u00edcipios j\u00e1 h\u00e1 vias bloqueadas. Al\u00e9m disso, deslizamentos de terra e quedas de barreiras tamb\u00e9m causam transtornos. Em Estrela, j\u00e1 s\u00e3o sete vias bloqueadas: Estrada Municipal [&hellip;]<\/p>\n","protected":false},"author":8,"featured_media":139086,"comment_status":"open","ping_status":"open","sticky":false,"template":"","format":"standard","meta":{"pmpro_default_level":"","_jetpack_memberships_contains_paid_content":false,"footnotes":""},"categories":[2,3],"tags":[],"class_list":{"0":"post-139085","1":"post","2":"type-post","3":"status-publish","4":"format-standard","5":"has-post-thumbnail","7":"category-featured","8":"category-geral","9":"pmpro-has-access"},"yoast_head":"<!-- This site is optimized with the Yoast SEO plugin v27.4 - https:\/\/yoast.com\/product\/yoast-seo-wordpress\/ -->\n<title>Eleva\u00e7\u00e3o do rio e arroios causa bloqueios de vias e retirada de moradores na regi\u00e3o - Folha Popular<\/title>\n<meta name=\"robots\" content=\"index, follow, max-snippet:-1, max-image-preview:large, max-video-preview:-1\" \/>\n<link rel=\"canonical\" href=\"https:\/\/folhapopular.info\/index.php\/2023\/09\/04\/elevacao-do-rio-e-arroios-causa-bloqueios-de-vias-e-retirada-de-moradores-na-regiao\/\" \/>\n<meta property=\"og:locale\" content=\"pt_BR\" \/>\n<meta property=\"og:type\" content=\"article\" \/>\n<meta property=\"og:title\" content=\"Eleva\u00e7\u00e3o do rio e arroios causa bloqueios de vias e retirada de moradores na regi\u00e3o - Folha Popular\" \/>\n<meta property=\"og:description\" content=\"Com a chuva que n\u00e3o d\u00e1 tr\u00e9gua desde domingo (3\/9), os arroios e o Rio Taquari come\u00e7am a se elevar e liga o alerta para poss\u00edvel cheia. Em alguns mun\u00edcipios j\u00e1 h\u00e1 vias bloqueadas. Al\u00e9m disso, deslizamentos de terra e quedas de barreiras tamb\u00e9m causam transtornos. Em Estrela, j\u00e1 s\u00e3o sete vias bloqueadas: Estrada Municipal [&hellip;]\" \/>\n<meta property=\"og:url\" content=\"https:\/\/folhapopular.info\/index.php\/2023\/09\/04\/elevacao-do-rio-e-arroios-causa-bloqueios-de-vias-e-retirada-de-moradores-na-regiao\/\" \/>\n<meta property=\"og:site_name\" content=\"Folha Popular\" \/>\n<meta property=\"article:published_time\" content=\"2023-09-04T18:58:40+00:00\" \/>\n<meta property=\"article:modified_time\" content=\"2023-09-04T20:22:15+00:00\" \/>\n<meta property=\"og:image\" content=\"http:\/\/folhapopular.info\/wp-content\/uploads\/2023\/09\/WhatsApp-Image-2023-09-04-at-15.03.47.jpeg\" \/>\n\t<meta property=\"og:image:width\" content=\"1052\" \/>\n\t<meta property=\"og:image:height\" content=\"592\" \/>\n\t<meta property=\"og:image:type\" content=\"image\/jpeg\" \/>\n<meta name=\"author\" content=\"Reda\u00e7\u00e3o Folha Popular\" \/>\n<meta name=\"twitter:card\" content=\"summary_large_image\" \/>\n<meta name=\"twitter:label1\" content=\"Escrito por\" \/>\n\t<meta name=\"twitter:data1\" content=\"Reda\u00e7\u00e3o Folha Popular\" \/>\n\t<meta name=\"twitter:label2\" content=\"Est. tempo de leitura\" \/>\n\t<meta name=\"twitter:data2\" content=\"3 minutos\" \/>\n<script type=\"application\/ld+json\" class=\"yoast-schema-graph\">{\"@context\":\"https:\\\/\\\/schema.org\",\"@graph\":[{\"@type\":\"Article\",\"@id\":\"https:\\\/\\\/folhapopular.info\\\/index.php\\\/2023\\\/09\\\/04\\\/elevacao-do-rio-e-arroios-causa-bloqueios-de-vias-e-retirada-de-moradores-na-regiao\\\/#article\",\"isPartOf\":{\"@id\":\"https:\\\/\\\/folhapopular.info\\\/index.php\\\/2023\\\/09\\\/04\\\/elevacao-do-rio-e-arroios-causa-bloqueios-de-vias-e-retirada-de-moradores-na-regiao\\\/\"},\"author\":{\"name\":\"Reda\u00e7\u00e3o Folha Popular\",\"@id\":\"https:\\\/\\\/folhapopular.info\\\/#\\\/schema\\\/person\\\/2814e8a0df7643585a9ca38bc6eb9d4b\"},\"headline\":\"Eleva\u00e7\u00e3o do rio e arroios causa bloqueios de vias e retirada de moradores na regi\u00e3o\",\"datePublished\":\"2023-09-04T18:58:40+00:00\",\"dateModified\":\"2023-09-04T20:22:15+00:00\",\"mainEntityOfPage\":{\"@id\":\"https:\\\/\\\/folhapopular.info\\\/index.php\\\/2023\\\/09\\\/04\\\/elevacao-do-rio-e-arroios-causa-bloqueios-de-vias-e-retirada-de-moradores-na-regiao\\\/\"},\"wordCount\":297,\"commentCount\":0,\"image\":{\"@id\":\"https:\\\/\\\/folhapopular.info\\\/index.php\\\/2023\\\/09\\\/04\\\/elevacao-do-rio-e-arroios-causa-bloqueios-de-vias-e-retirada-de-moradores-na-regiao\\\/#primaryimage\"},\"thumbnailUrl\":\"https:\\\/\\\/folhapopular.info\\\/wp-content\\\/uploads\\\/2023\\\/09\\\/WhatsApp-Image-2023-09-04-at-15.03.47.jpeg\",\"articleSection\":[\"Destaques\",\"Geral\"],\"inLanguage\":\"pt-BR\",\"potentialAction\":[{\"@type\":\"CommentAction\",\"name\":\"Comment\",\"target\":[\"https:\\\/\\\/folhapopular.info\\\/index.php\\\/2023\\\/09\\\/04\\\/elevacao-do-rio-e-arroios-causa-bloqueios-de-vias-e-retirada-de-moradores-na-regiao\\\/#respond\"]}]},{\"@type\":\"WebPage\",\"@id\":\"https:\\\/\\\/folhapopular.info\\\/index.php\\\/2023\\\/09\\\/04\\\/elevacao-do-rio-e-arroios-causa-bloqueios-de-vias-e-retirada-de-moradores-na-regiao\\\/\",\"url\":\"https:\\\/\\\/folhapopular.info\\\/index.php\\\/2023\\\/09\\\/04\\\/elevacao-do-rio-e-arroios-causa-bloqueios-de-vias-e-retirada-de-moradores-na-regiao\\\/\",\"name\":\"Eleva\u00e7\u00e3o do rio e arroios causa bloqueios de vias e retirada de moradores na regi\u00e3o - Folha Popular\",\"isPartOf\":{\"@id\":\"https:\\\/\\\/folhapopular.info\\\/#website\"},\"primaryImageOfPage\":{\"@id\":\"https:\\\/\\\/folhapopular.info\\\/index.php\\\/2023\\\/09\\\/04\\\/elevacao-do-rio-e-arroios-causa-bloqueios-de-vias-e-retirada-de-moradores-na-regiao\\\/#primaryimage\"},\"image\":{\"@id\":\"https:\\\/\\\/folhapopular.info\\\/index.php\\\/2023\\\/09\\\/04\\\/elevacao-do-rio-e-arroios-causa-bloqueios-de-vias-e-retirada-de-moradores-na-regiao\\\/#primaryimage\"},\"thumbnailUrl\":\"https:\\\/\\\/folhapopular.info\\\/wp-content\\\/uploads\\\/2023\\\/09\\\/WhatsApp-Image-2023-09-04-at-15.03.47.jpeg\",\"datePublished\":\"2023-09-04T18:58:40+00:00\",\"dateModified\":\"2023-09-04T20:22:15+00:00\",\"author\":{\"@id\":\"https:\\\/\\\/folhapopular.info\\\/#\\\/schema\\\/person\\\/2814e8a0df7643585a9ca38bc6eb9d4b\"},\"breadcrumb\":{\"@id\":\"https:\\\/\\\/folhapopular.info\\\/index.php\\\/2023\\\/09\\\/04\\\/elevacao-do-rio-e-arroios-causa-bloqueios-de-vias-e-retirada-de-moradores-na-regiao\\\/#breadcrumb\"},\"inLanguage\":\"pt-BR\",\"potentialAction\":[{\"@type\":\"ReadAction\",\"target\":[\"https:\\\/\\\/folhapopular.info\\\/index.php\\\/2023\\\/09\\\/04\\\/elevacao-do-rio-e-arroios-causa-bloqueios-de-vias-e-retirada-de-moradores-na-regiao\\\/\"]}]},{\"@type\":\"ImageObject\",\"inLanguage\":\"pt-BR\",\"@id\":\"https:\\\/\\\/folhapopular.info\\\/index.php\\\/2023\\\/09\\\/04\\\/elevacao-do-rio-e-arroios-causa-bloqueios-de-vias-e-retirada-de-moradores-na-regiao\\\/#primaryimage\",\"url\":\"https:\\\/\\\/folhapopular.info\\\/wp-content\\\/uploads\\\/2023\\\/09\\\/WhatsApp-Image-2023-09-04-at-15.03.47.jpeg\",\"contentUrl\":\"https:\\\/\\\/folhapopular.info\\\/wp-content\\\/uploads\\\/2023\\\/09\\\/WhatsApp-Image-2023-09-04-at-15.03.47.jpeg\",\"width\":1052,\"height\":592,\"caption\":\"Estrada Municipal da Saibreira, em Linha Geraldo, \u00e9 um dos pontos bloqueados em Estrela\"},{\"@type\":\"BreadcrumbList\",\"@id\":\"https:\\\/\\\/folhapopular.info\\\/index.php\\\/2023\\\/09\\\/04\\\/elevacao-do-rio-e-arroios-causa-bloqueios-de-vias-e-retirada-de-moradores-na-regiao\\\/#breadcrumb\",\"itemListElement\":[{\"@type\":\"ListItem\",\"position\":1,\"name\":\"In\u00edcio\",\"item\":\"https:\\\/\\\/folhapopular.info\\\/\"},{\"@type\":\"ListItem\",\"position\":2,\"name\":\"Eleva\u00e7\u00e3o do rio e arroios causa bloqueios de vias e retirada de moradores na regi\u00e3o\"}]},{\"@type\":\"WebSite\",\"@id\":\"https:\\\/\\\/folhapopular.info\\\/#website\",\"url\":\"https:\\\/\\\/folhapopular.info\\\/\",\"name\":\"Folha Popular\",\"description\":\"Onde voc\u00ea tem vez e voz\",\"potentialAction\":[{\"@type\":\"SearchAction\",\"target\":{\"@type\":\"EntryPoint\",\"urlTemplate\":\"https:\\\/\\\/folhapopular.info\\\/?s={search_term_string}\"},\"query-input\":{\"@type\":\"PropertyValueSpecification\",\"valueRequired\":true,\"valueName\":\"search_term_string\"}}],\"inLanguage\":\"pt-BR\"},{\"@type\":\"Person\",\"@id\":\"https:\\\/\\\/folhapopular.info\\\/#\\\/schema\\\/person\\\/2814e8a0df7643585a9ca38bc6eb9d4b\",\"name\":\"Reda\u00e7\u00e3o Folha Popular\",\"image\":{\"@type\":\"ImageObject\",\"inLanguage\":\"pt-BR\",\"@id\":\"https:\\\/\\\/folhapopular.info\\\/wp-content\\\/uploads\\\/2026\\\/04\\\/Folha-1.webp\",\"url\":\"https:\\\/\\\/folhapopular.info\\\/wp-content\\\/uploads\\\/2026\\\/04\\\/Folha-1.webp\",\"contentUrl\":\"https:\\\/\\\/folhapopular.info\\\/wp-content\\\/uploads\\\/2026\\\/04\\\/Folha-1.webp\",\"caption\":\"Reda\u00e7\u00e3o Folha Popular\"},\"url\":\"https:\\\/\\\/folhapopular.info\\\/index.php\\\/author\\\/redacao\\\/\"}]}<\/script>\n<!-- \/ Yoast SEO plugin. -->","yoast_head_json":{"title":"Eleva\u00e7\u00e3o do rio e arroios causa bloqueios de vias e retirada de moradores na regi\u00e3o - Folha Popular","robots":{"index":"index","follow":"follow","max-snippet":"max-snippet:-1","max-image-preview":"max-image-preview:large","max-video-preview":"max-video-preview:-1"},"canonical":"https:\/\/folhapopular.info\/index.php\/2023\/09\/04\/elevacao-do-rio-e-arroios-causa-bloqueios-de-vias-e-retirada-de-moradores-na-regiao\/","og_locale":"pt_BR","og_type":"article","og_title":"Eleva\u00e7\u00e3o do rio e arroios causa bloqueios de vias e retirada de moradores na regi\u00e3o - Folha Popular","og_description":"Com a chuva que n\u00e3o d\u00e1 tr\u00e9gua desde domingo (3\/9), os arroios e o Rio Taquari come\u00e7am a se elevar e liga o alerta para poss\u00edvel cheia. Em alguns mun\u00edcipios j\u00e1 h\u00e1 vias bloqueadas. Al\u00e9m disso, deslizamentos de terra e quedas de barreiras tamb\u00e9m causam transtornos. Em Estrela, j\u00e1 s\u00e3o sete vias bloqueadas: Estrada Municipal [&hellip;]","og_url":"https:\/\/folhapopular.info\/index.php\/2023\/09\/04\/elevacao-do-rio-e-arroios-causa-bloqueios-de-vias-e-retirada-de-moradores-na-regiao\/","og_site_name":"Folha Popular","article_published_time":"2023-09-04T18:58:40+00:00","article_modified_time":"2023-09-04T20:22:15+00:00","og_image":[{"width":1052,"height":592,"url":"http:\/\/folhapopular.info\/wp-content\/uploads\/2023\/09\/WhatsApp-Image-2023-09-04-at-15.03.47.jpeg","type":"image\/jpeg"}],"author":"Reda\u00e7\u00e3o Folha Popular","twitter_card":"summary_large_image","twitter_misc":{"Escrito por":"Reda\u00e7\u00e3o Folha Popular","Est. tempo de leitura":"3 minutos"},"schema":{"@context":"https:\/\/schema.org","@graph":[{"@type":"Article","@id":"https:\/\/folhapopular.info\/index.php\/2023\/09\/04\/elevacao-do-rio-e-arroios-causa-bloqueios-de-vias-e-retirada-de-moradores-na-regiao\/#article","isPartOf":{"@id":"https:\/\/folhapopular.info\/index.php\/2023\/09\/04\/elevacao-do-rio-e-arroios-causa-bloqueios-de-vias-e-retirada-de-moradores-na-regiao\/"},"author":{"name":"Reda\u00e7\u00e3o Folha Popular","@id":"https:\/\/folhapopular.info\/#\/schema\/person\/2814e8a0df7643585a9ca38bc6eb9d4b"},"headline":"Eleva\u00e7\u00e3o do rio e arroios causa bloqueios de vias e retirada de moradores na regi\u00e3o","datePublished":"2023-09-04T18:58:40+00:00","dateModified":"2023-09-04T20:22:15+00:00","mainEntityOfPage":{"@id":"https:\/\/folhapopular.info\/index.php\/2023\/09\/04\/elevacao-do-rio-e-arroios-causa-bloqueios-de-vias-e-retirada-de-moradores-na-regiao\/"},"wordCount":297,"commentCount":0,"image":{"@id":"https:\/\/folhapopular.info\/index.php\/2023\/09\/04\/elevacao-do-rio-e-arroios-causa-bloqueios-de-vias-e-retirada-de-moradores-na-regiao\/#primaryimage"},"thumbnailUrl":"https:\/\/folhapopular.info\/wp-content\/uploads\/2023\/09\/WhatsApp-Image-2023-09-04-at-15.03.47.jpeg","articleSection":["Destaques","Geral"],"inLanguage":"pt-BR","potentialAction":[{"@type":"CommentAction","name":"Comment","target":["https:\/\/folhapopular.info\/index.php\/2023\/09\/04\/elevacao-do-rio-e-arroios-causa-bloqueios-de-vias-e-retirada-de-moradores-na-regiao\/#respond"]}]},{"@type":"WebPage","@id":"https:\/\/folhapopular.info\/index.php\/2023\/09\/04\/elevacao-do-rio-e-arroios-causa-bloqueios-de-vias-e-retirada-de-moradores-na-regiao\/","url":"https:\/\/folhapopular.info\/index.php\/2023\/09\/04\/elevacao-do-rio-e-arroios-causa-bloqueios-de-vias-e-retirada-de-moradores-na-regiao\/","name":"Eleva\u00e7\u00e3o do rio e arroios causa bloqueios de vias e retirada de moradores na regi\u00e3o - Folha Popular","isPartOf":{"@id":"https:\/\/folhapopular.info\/#website"},"primaryImageOfPage":{"@id":"https:\/\/folhapopular.info\/index.php\/2023\/09\/04\/elevacao-do-rio-e-arroios-causa-bloqueios-de-vias-e-retirada-de-moradores-na-regiao\/#primaryimage"},"image":{"@id":"https:\/\/folhapopular.info\/index.php\/2023\/09\/04\/elevacao-do-rio-e-arroios-causa-bloqueios-de-vias-e-retirada-de-moradores-na-regiao\/#primaryimage"},"thumbnailUrl":"https:\/\/folhapopular.info\/wp-content\/uploads\/2023\/09\/WhatsApp-Image-2023-09-04-at-15.03.47.jpeg","datePublished":"2023-09-04T18:58:40+00:00","dateModified":"2023-09-04T20:22:15+00:00","author":{"@id":"https:\/\/folhapopular.info\/#\/schema\/person\/2814e8a0df7643585a9ca38bc6eb9d4b"},"breadcrumb":{"@id":"https:\/\/folhapopular.info\/index.php\/2023\/09\/04\/elevacao-do-rio-e-arroios-causa-bloqueios-de-vias-e-retirada-de-moradores-na-regiao\/#breadcrumb"},"inLanguage":"pt-BR","potentialAction":[{"@type":"ReadAction","target":["https:\/\/folhapopular.info\/index.php\/2023\/09\/04\/elevacao-do-rio-e-arroios-causa-bloqueios-de-vias-e-retirada-de-moradores-na-regiao\/"]}]},{"@type":"ImageObject","inLanguage":"pt-BR","@id":"https:\/\/folhapopular.info\/index.php\/2023\/09\/04\/elevacao-do-rio-e-arroios-causa-bloqueios-de-vias-e-retirada-de-moradores-na-regiao\/#primaryimage","url":"https:\/\/folhapopular.info\/wp-content\/uploads\/2023\/09\/WhatsApp-Image-2023-09-04-at-15.03.47.jpeg","contentUrl":"https:\/\/folhapopular.info\/wp-content\/uploads\/2023\/09\/WhatsApp-Image-2023-09-04-at-15.03.47.jpeg","width":1052,"height":592,"caption":"Estrada Municipal da Saibreira, em Linha Geraldo, \u00e9 um dos pontos bloqueados em Estrela"},{"@type":"BreadcrumbList","@id":"https:\/\/folhapopular.info\/index.php\/2023\/09\/04\/elevacao-do-rio-e-arroios-causa-bloqueios-de-vias-e-retirada-de-moradores-na-regiao\/#breadcrumb","itemListElement":[{"@type":"ListItem","position":1,"name":"In\u00edcio","item":"https:\/\/folhapopular.info\/"},{"@type":"ListItem","position":2,"name":"Eleva\u00e7\u00e3o do rio e arroios causa bloqueios de vias e retirada de moradores na regi\u00e3o"}]},{"@type":"WebSite","@id":"https:\/\/folhapopular.info\/#website","url":"https:\/\/folhapopular.info\/","name":"Folha Popular","description":"Onde voc\u00ea tem vez e voz","potentialAction":[{"@type":"SearchAction","target":{"@type":"EntryPoint","urlTemplate":"https:\/\/folhapopular.info\/?s={search_term_string}"},"query-input":{"@type":"PropertyValueSpecification","valueRequired":true,"valueName":"search_term_string"}}],"inLanguage":"pt-BR"},{"@type":"Person","@id":"https:\/\/folhapopular.info\/#\/schema\/person\/2814e8a0df7643585a9ca38bc6eb9d4b","name":"Reda\u00e7\u00e3o Folha Popular","image":{"@type":"ImageObject","inLanguage":"pt-BR","@id":"https:\/\/folhapopular.info\/wp-content\/uploads\/2026\/04\/Folha-1.webp","url":"https:\/\/folhapopular.info\/wp-content\/uploads\/2026\/04\/Folha-1.webp","contentUrl":"https:\/\/folhapopular.info\/wp-content\/uploads\/2026\/04\/Folha-1.webp","caption":"Reda\u00e7\u00e3o Folha Popular"},"url":"https:\/\/folhapopular.info\/index.php\/author\/redacao\/"}]}},"jetpack_featured_media_url":"https:\/\/folhapopular.info\/wp-content\/uploads\/2023\/09\/WhatsApp-Image-2023-09-04-at-15.03.47.jpeg","jetpack_sharing_enabled":true,"amp_enabled":true,"_links":{"self":[{"href":"https:\/\/folhapopular.info\/index.php\/wp-json\/wp\/v2\/posts\/139085","targetHints":{"allow":["GET"]}}],"collection":[{"href":"https:\/\/folhapopular.info\/index.php\/wp-json\/wp\/v2\/posts"}],"about":[{"href":"https:\/\/folhapopular.info\/index.php\/wp-json\/wp\/v2\/types\/post"}],"author":[{"embeddable":true,"href":"https:\/\/folhapopular.info\/index.php\/wp-json\/wp\/v2\/users\/8"}],"replies":[{"embeddable":true,"href":"https:\/\/folhapopular.info\/index.php\/wp-json\/wp\/v2\/comments?post=139085"}],"version-history":[{"count":0,"href":"https:\/\/folhapopular.info\/index.php\/wp-json\/wp\/v2\/posts\/139085\/revisions"}],"wp:featuredmedia":[{"embeddable":true,"href":"https:\/\/folhapopular.info\/index.php\/wp-json\/wp\/v2\/media\/139086"}],"wp:attachment":[{"href":"https:\/\/folhapopular.info\/index.php\/wp-json\/wp\/v2\/media?parent=139085"}],"wp:term":[{"taxonomy":"category","embeddable":true,"href":"https:\/\/folhapopular.info\/index.php\/wp-json\/wp\/v2\/categories?post=139085"},{"taxonomy":"post_tag","embeddable":true,"href":"https:\/\/folhapopular.info\/index.php\/wp-json\/wp\/v2\/tags?post=139085"}],"curies":[{"name":"wp","href":"https:\/\/api.w.org\/{rel}","templated":true}]}}