{"id":139099,"date":"2023-09-04T17:02:55","date_gmt":"2023-09-04T20:02:55","guid":{"rendered":"https:\/\/folhapopular.info\/?p=139099"},"modified":"2023-09-04T17:02:58","modified_gmt":"2023-09-04T20:02:58","slug":"aulas-do-eja-na-rede-municipal-e-em-escolas-do-interior-sao-canceladas-em-teutonia-devido-as-cheias","status":"publish","type":"post","link":"https:\/\/folhapopular.info\/index.php\/2023\/09\/04\/aulas-do-eja-na-rede-municipal-e-em-escolas-do-interior-sao-canceladas-em-teutonia-devido-as-cheias\/","title":{"rendered":"Aulas do EJA na rede municipal e em escolas do interior s\u00e3o canceladas em Teut\u00f4nia devido \u00e0s cheias"},"content":{"rendered":"\n<p>A Secretaria de Educa\u00e7\u00e3o de Teut\u00f4nia comunica que as aulas das turmas do EJA (Educa\u00e7\u00e3o de Jovens e Adultos) est\u00e3o canceladas nesta segunda-feira (4\/9), por orienta\u00e7\u00e3o da Defesa Civil, em fun\u00e7\u00e3o da enchente. Pelo mesmo motivo, por n\u00e3o haver aula na rede municipal, n\u00e3o haver\u00e1 transporte escolar para estudantes da rede estadual.<\/p>\n\n\n\n<p>As aulas tamb\u00e9m est\u00e3o canceladas nesta ter\u00e7a-feira (5\/9), nas seguintes escolas:<br>EMEF Marechal Arthur da Costa e Silva (Linha Germano)<br>EMEF Floriano Peixoto (Linha Catarina)<br>EMEF Dom Pedro I (Linha Clara)<br>EMEF Guilherme Rotermund (Linha Harmonia Alta)<br>EMEF Get\u00falio Vargas (Linha Harmonia Baixa)<br>EMEF Bento Gon\u00e7alves (Boa Vista)<br>EMEF Andrade Neves (Boa Vista Fundos)<\/p>\n\n\n\n<p>Na EMEF S\u00e3o Jac\u00f3 as aulas est\u00e3o mantidas.<br>Vale ressaltar que o transporte escolar n\u00e3o passar\u00e1 nas localidades do interior do munic\u00edpio nesta ter\u00e7a-feira, mas as atividades escolares est\u00e3o mantidas nas escolas da zona urbana.<\/p>\n\n\n\n<p>Trata-se de uma orienta\u00e7\u00e3o da Defesa Civil do Munic\u00edpio, por precau\u00e7\u00e3o, devido ao r\u00e1pido aumento do volume de \u00e1gua nos arroios. A equipe segue monitorando a situa\u00e7\u00e3o das cheias e novas informa\u00e7\u00f5es ser\u00e3o divulgadas de acordo com as atualiza\u00e7\u00f5es oficiais.<\/p>\n","protected":false},"excerpt":{"rendered":"<p>A Secretaria de Educa\u00e7\u00e3o de Teut\u00f4nia comunica que as aulas das turmas do EJA (Educa\u00e7\u00e3o de Jovens e Adultos) est\u00e3o canceladas nesta segunda-feira (4\/9), por orienta\u00e7\u00e3o da Defesa Civil, em fun\u00e7\u00e3o da enchente. Pelo mesmo motivo, por n\u00e3o haver aula na rede municipal, n\u00e3o haver\u00e1 transporte escolar para estudantes da rede estadual. As aulas tamb\u00e9m [&hellip;]<\/p>\n","protected":false},"author":8,"featured_media":139087,"comment_status":"open","ping_status":"open","sticky":false,"template":"","format":"standard","meta":{"pmpro_default_level":"","_jetpack_memberships_contains_paid_content":false,"footnotes":""},"categories":[2,3],"tags":[],"class_list":{"0":"post-139099","1":"post","2":"type-post","3":"status-publish","4":"format-standard","5":"has-post-thumbnail","7":"category-featured","8":"category-geral","9":"pmpro-has-access"},"yoast_head":"<!-- This site is optimized with the Yoast SEO plugin v27.4 - https:\/\/yoast.com\/product\/yoast-seo-wordpress\/ -->\n<title>Aulas do EJA na rede municipal e em escolas do interior s\u00e3o canceladas em Teut\u00f4nia devido \u00e0s cheias - Folha Popular<\/title>\n<meta name=\"robots\" content=\"index, follow, max-snippet:-1, max-image-preview:large, max-video-preview:-1\" \/>\n<link rel=\"canonical\" href=\"https:\/\/folhapopular.info\/index.php\/2023\/09\/04\/aulas-do-eja-na-rede-municipal-e-em-escolas-do-interior-sao-canceladas-em-teutonia-devido-as-cheias\/\" \/>\n<meta property=\"og:locale\" content=\"pt_BR\" \/>\n<meta property=\"og:type\" content=\"article\" \/>\n<meta property=\"og:title\" content=\"Aulas do EJA na rede municipal e em escolas do interior s\u00e3o canceladas em Teut\u00f4nia devido \u00e0s cheias - Folha Popular\" \/>\n<meta property=\"og:description\" content=\"A Secretaria de Educa\u00e7\u00e3o de Teut\u00f4nia comunica que as aulas das turmas do EJA (Educa\u00e7\u00e3o de Jovens e Adultos) est\u00e3o canceladas nesta segunda-feira (4\/9), por orienta\u00e7\u00e3o da Defesa Civil, em fun\u00e7\u00e3o da enchente. Pelo mesmo motivo, por n\u00e3o haver aula na rede municipal, n\u00e3o haver\u00e1 transporte escolar para estudantes da rede estadual. As aulas tamb\u00e9m [&hellip;]\" \/>\n<meta property=\"og:url\" content=\"https:\/\/folhapopular.info\/index.php\/2023\/09\/04\/aulas-do-eja-na-rede-municipal-e-em-escolas-do-interior-sao-canceladas-em-teutonia-devido-as-cheias\/\" \/>\n<meta property=\"og:site_name\" content=\"Folha Popular\" \/>\n<meta property=\"article:published_time\" content=\"2023-09-04T20:02:55+00:00\" \/>\n<meta property=\"article:modified_time\" content=\"2023-09-04T20:02:58+00:00\" \/>\n<meta property=\"og:image\" content=\"http:\/\/folhapopular.info\/wp-content\/uploads\/2023\/09\/WhatsApp-Image-2023-09-04-at-14.40.47.jpeg\" \/>\n\t<meta property=\"og:image:width\" content=\"1600\" \/>\n\t<meta property=\"og:image:height\" content=\"900\" \/>\n\t<meta property=\"og:image:type\" content=\"image\/jpeg\" \/>\n<meta name=\"author\" content=\"Reda\u00e7\u00e3o Folha Popular\" \/>\n<meta name=\"twitter:card\" content=\"summary_large_image\" \/>\n<meta name=\"twitter:label1\" content=\"Escrito por\" \/>\n\t<meta name=\"twitter:data1\" content=\"Reda\u00e7\u00e3o Folha Popular\" \/>\n\t<meta name=\"twitter:label2\" content=\"Est. tempo de leitura\" \/>\n\t<meta name=\"twitter:data2\" content=\"1 minuto\" \/>\n<script type=\"application\/ld+json\" class=\"yoast-schema-graph\">{\"@context\":\"https:\\\/\\\/schema.org\",\"@graph\":[{\"@type\":\"Article\",\"@id\":\"https:\\\/\\\/folhapopular.info\\\/index.php\\\/2023\\\/09\\\/04\\\/aulas-do-eja-na-rede-municipal-e-em-escolas-do-interior-sao-canceladas-em-teutonia-devido-as-cheias\\\/#article\",\"isPartOf\":{\"@id\":\"https:\\\/\\\/folhapopular.info\\\/index.php\\\/2023\\\/09\\\/04\\\/aulas-do-eja-na-rede-municipal-e-em-escolas-do-interior-sao-canceladas-em-teutonia-devido-as-cheias\\\/\"},\"author\":{\"name\":\"Reda\u00e7\u00e3o Folha Popular\",\"@id\":\"https:\\\/\\\/folhapopular.info\\\/#\\\/schema\\\/person\\\/2814e8a0df7643585a9ca38bc6eb9d4b\"},\"headline\":\"Aulas do EJA na rede municipal e em escolas do interior s\u00e3o canceladas em Teut\u00f4nia devido \u00e0s cheias\",\"datePublished\":\"2023-09-04T20:02:55+00:00\",\"dateModified\":\"2023-09-04T20:02:58+00:00\",\"mainEntityOfPage\":{\"@id\":\"https:\\\/\\\/folhapopular.info\\\/index.php\\\/2023\\\/09\\\/04\\\/aulas-do-eja-na-rede-municipal-e-em-escolas-do-interior-sao-canceladas-em-teutonia-devido-as-cheias\\\/\"},\"wordCount\":226,\"commentCount\":0,\"image\":{\"@id\":\"https:\\\/\\\/folhapopular.info\\\/index.php\\\/2023\\\/09\\\/04\\\/aulas-do-eja-na-rede-municipal-e-em-escolas-do-interior-sao-canceladas-em-teutonia-devido-as-cheias\\\/#primaryimage\"},\"thumbnailUrl\":\"https:\\\/\\\/folhapopular.info\\\/wp-content\\\/uploads\\\/2023\\\/09\\\/WhatsApp-Image-2023-09-04-at-14.40.47.jpeg\",\"articleSection\":[\"Destaques\",\"Geral\"],\"inLanguage\":\"pt-BR\",\"potentialAction\":[{\"@type\":\"CommentAction\",\"name\":\"Comment\",\"target\":[\"https:\\\/\\\/folhapopular.info\\\/index.php\\\/2023\\\/09\\\/04\\\/aulas-do-eja-na-rede-municipal-e-em-escolas-do-interior-sao-canceladas-em-teutonia-devido-as-cheias\\\/#respond\"]}]},{\"@type\":\"WebPage\",\"@id\":\"https:\\\/\\\/folhapopular.info\\\/index.php\\\/2023\\\/09\\\/04\\\/aulas-do-eja-na-rede-municipal-e-em-escolas-do-interior-sao-canceladas-em-teutonia-devido-as-cheias\\\/\",\"url\":\"https:\\\/\\\/folhapopular.info\\\/index.php\\\/2023\\\/09\\\/04\\\/aulas-do-eja-na-rede-municipal-e-em-escolas-do-interior-sao-canceladas-em-teutonia-devido-as-cheias\\\/\",\"name\":\"Aulas do EJA na rede municipal e em escolas do interior s\u00e3o canceladas em Teut\u00f4nia devido \u00e0s cheias - Folha Popular\",\"isPartOf\":{\"@id\":\"https:\\\/\\\/folhapopular.info\\\/#website\"},\"primaryImageOfPage\":{\"@id\":\"https:\\\/\\\/folhapopular.info\\\/index.php\\\/2023\\\/09\\\/04\\\/aulas-do-eja-na-rede-municipal-e-em-escolas-do-interior-sao-canceladas-em-teutonia-devido-as-cheias\\\/#primaryimage\"},\"image\":{\"@id\":\"https:\\\/\\\/folhapopular.info\\\/index.php\\\/2023\\\/09\\\/04\\\/aulas-do-eja-na-rede-municipal-e-em-escolas-do-interior-sao-canceladas-em-teutonia-devido-as-cheias\\\/#primaryimage\"},\"thumbnailUrl\":\"https:\\\/\\\/folhapopular.info\\\/wp-content\\\/uploads\\\/2023\\\/09\\\/WhatsApp-Image-2023-09-04-at-14.40.47.jpeg\",\"datePublished\":\"2023-09-04T20:02:55+00:00\",\"dateModified\":\"2023-09-04T20:02:58+00:00\",\"author\":{\"@id\":\"https:\\\/\\\/folhapopular.info\\\/#\\\/schema\\\/person\\\/2814e8a0df7643585a9ca38bc6eb9d4b\"},\"breadcrumb\":{\"@id\":\"https:\\\/\\\/folhapopular.info\\\/index.php\\\/2023\\\/09\\\/04\\\/aulas-do-eja-na-rede-municipal-e-em-escolas-do-interior-sao-canceladas-em-teutonia-devido-as-cheias\\\/#breadcrumb\"},\"inLanguage\":\"pt-BR\",\"potentialAction\":[{\"@type\":\"ReadAction\",\"target\":[\"https:\\\/\\\/folhapopular.info\\\/index.php\\\/2023\\\/09\\\/04\\\/aulas-do-eja-na-rede-municipal-e-em-escolas-do-interior-sao-canceladas-em-teutonia-devido-as-cheias\\\/\"]}]},{\"@type\":\"ImageObject\",\"inLanguage\":\"pt-BR\",\"@id\":\"https:\\\/\\\/folhapopular.info\\\/index.php\\\/2023\\\/09\\\/04\\\/aulas-do-eja-na-rede-municipal-e-em-escolas-do-interior-sao-canceladas-em-teutonia-devido-as-cheias\\\/#primaryimage\",\"url\":\"https:\\\/\\\/folhapopular.info\\\/wp-content\\\/uploads\\\/2023\\\/09\\\/WhatsApp-Image-2023-09-04-at-14.40.47.jpeg\",\"contentUrl\":\"https:\\\/\\\/folhapopular.info\\\/wp-content\\\/uploads\\\/2023\\\/09\\\/WhatsApp-Image-2023-09-04-at-14.40.47.jpeg\",\"width\":1600,\"height\":900,\"caption\":\"Arroio Boa Vista j\u00e1 est\u00e1 bem elevado entre Teut\u00f4nia e Westf\u00e1lia \\\/ Cr\u00e9dito da foto: Marcos Vin\u00edcius Bilhar\"},{\"@type\":\"BreadcrumbList\",\"@id\":\"https:\\\/\\\/folhapopular.info\\\/index.php\\\/2023\\\/09\\\/04\\\/aulas-do-eja-na-rede-municipal-e-em-escolas-do-interior-sao-canceladas-em-teutonia-devido-as-cheias\\\/#breadcrumb\",\"itemListElement\":[{\"@type\":\"ListItem\",\"position\":1,\"name\":\"In\u00edcio\",\"item\":\"https:\\\/\\\/folhapopular.info\\\/\"},{\"@type\":\"ListItem\",\"position\":2,\"name\":\"Aulas do EJA na rede municipal e em escolas do interior s\u00e3o canceladas em Teut\u00f4nia devido \u00e0s cheias\"}]},{\"@type\":\"WebSite\",\"@id\":\"https:\\\/\\\/folhapopular.info\\\/#website\",\"url\":\"https:\\\/\\\/folhapopular.info\\\/\",\"name\":\"Folha Popular\",\"description\":\"Onde voc\u00ea tem vez e voz\",\"potentialAction\":[{\"@type\":\"SearchAction\",\"target\":{\"@type\":\"EntryPoint\",\"urlTemplate\":\"https:\\\/\\\/folhapopular.info\\\/?s={search_term_string}\"},\"query-input\":{\"@type\":\"PropertyValueSpecification\",\"valueRequired\":true,\"valueName\":\"search_term_string\"}}],\"inLanguage\":\"pt-BR\"},{\"@type\":\"Person\",\"@id\":\"https:\\\/\\\/folhapopular.info\\\/#\\\/schema\\\/person\\\/2814e8a0df7643585a9ca38bc6eb9d4b\",\"name\":\"Reda\u00e7\u00e3o Folha Popular\",\"image\":{\"@type\":\"ImageObject\",\"inLanguage\":\"pt-BR\",\"@id\":\"https:\\\/\\\/folhapopular.info\\\/wp-content\\\/uploads\\\/2026\\\/04\\\/Folha-1.webp\",\"url\":\"https:\\\/\\\/folhapopular.info\\\/wp-content\\\/uploads\\\/2026\\\/04\\\/Folha-1.webp\",\"contentUrl\":\"https:\\\/\\\/folhapopular.info\\\/wp-content\\\/uploads\\\/2026\\\/04\\\/Folha-1.webp\",\"caption\":\"Reda\u00e7\u00e3o Folha Popular\"},\"url\":\"https:\\\/\\\/folhapopular.info\\\/index.php\\\/author\\\/redacao\\\/\"}]}<\/script>\n<!-- \/ Yoast SEO plugin. -->","yoast_head_json":{"title":"Aulas do EJA na rede municipal e em escolas do interior s\u00e3o canceladas em Teut\u00f4nia devido \u00e0s cheias - Folha Popular","robots":{"index":"index","follow":"follow","max-snippet":"max-snippet:-1","max-image-preview":"max-image-preview:large","max-video-preview":"max-video-preview:-1"},"canonical":"https:\/\/folhapopular.info\/index.php\/2023\/09\/04\/aulas-do-eja-na-rede-municipal-e-em-escolas-do-interior-sao-canceladas-em-teutonia-devido-as-cheias\/","og_locale":"pt_BR","og_type":"article","og_title":"Aulas do EJA na rede municipal e em escolas do interior s\u00e3o canceladas em Teut\u00f4nia devido \u00e0s cheias - Folha Popular","og_description":"A Secretaria de Educa\u00e7\u00e3o de Teut\u00f4nia comunica que as aulas das turmas do EJA (Educa\u00e7\u00e3o de Jovens e Adultos) est\u00e3o canceladas nesta segunda-feira (4\/9), por orienta\u00e7\u00e3o da Defesa Civil, em fun\u00e7\u00e3o da enchente. Pelo mesmo motivo, por n\u00e3o haver aula na rede municipal, n\u00e3o haver\u00e1 transporte escolar para estudantes da rede estadual. As aulas tamb\u00e9m [&hellip;]","og_url":"https:\/\/folhapopular.info\/index.php\/2023\/09\/04\/aulas-do-eja-na-rede-municipal-e-em-escolas-do-interior-sao-canceladas-em-teutonia-devido-as-cheias\/","og_site_name":"Folha Popular","article_published_time":"2023-09-04T20:02:55+00:00","article_modified_time":"2023-09-04T20:02:58+00:00","og_image":[{"width":1600,"height":900,"url":"http:\/\/folhapopular.info\/wp-content\/uploads\/2023\/09\/WhatsApp-Image-2023-09-04-at-14.40.47.jpeg","type":"image\/jpeg"}],"author":"Reda\u00e7\u00e3o Folha Popular","twitter_card":"summary_large_image","twitter_misc":{"Escrito por":"Reda\u00e7\u00e3o Folha Popular","Est. tempo de leitura":"1 minuto"},"schema":{"@context":"https:\/\/schema.org","@graph":[{"@type":"Article","@id":"https:\/\/folhapopular.info\/index.php\/2023\/09\/04\/aulas-do-eja-na-rede-municipal-e-em-escolas-do-interior-sao-canceladas-em-teutonia-devido-as-cheias\/#article","isPartOf":{"@id":"https:\/\/folhapopular.info\/index.php\/2023\/09\/04\/aulas-do-eja-na-rede-municipal-e-em-escolas-do-interior-sao-canceladas-em-teutonia-devido-as-cheias\/"},"author":{"name":"Reda\u00e7\u00e3o Folha Popular","@id":"https:\/\/folhapopular.info\/#\/schema\/person\/2814e8a0df7643585a9ca38bc6eb9d4b"},"headline":"Aulas do EJA na rede municipal e em escolas do interior s\u00e3o canceladas em Teut\u00f4nia devido \u00e0s cheias","datePublished":"2023-09-04T20:02:55+00:00","dateModified":"2023-09-04T20:02:58+00:00","mainEntityOfPage":{"@id":"https:\/\/folhapopular.info\/index.php\/2023\/09\/04\/aulas-do-eja-na-rede-municipal-e-em-escolas-do-interior-sao-canceladas-em-teutonia-devido-as-cheias\/"},"wordCount":226,"commentCount":0,"image":{"@id":"https:\/\/folhapopular.info\/index.php\/2023\/09\/04\/aulas-do-eja-na-rede-municipal-e-em-escolas-do-interior-sao-canceladas-em-teutonia-devido-as-cheias\/#primaryimage"},"thumbnailUrl":"https:\/\/folhapopular.info\/wp-content\/uploads\/2023\/09\/WhatsApp-Image-2023-09-04-at-14.40.47.jpeg","articleSection":["Destaques","Geral"],"inLanguage":"pt-BR","potentialAction":[{"@type":"CommentAction","name":"Comment","target":["https:\/\/folhapopular.info\/index.php\/2023\/09\/04\/aulas-do-eja-na-rede-municipal-e-em-escolas-do-interior-sao-canceladas-em-teutonia-devido-as-cheias\/#respond"]}]},{"@type":"WebPage","@id":"https:\/\/folhapopular.info\/index.php\/2023\/09\/04\/aulas-do-eja-na-rede-municipal-e-em-escolas-do-interior-sao-canceladas-em-teutonia-devido-as-cheias\/","url":"https:\/\/folhapopular.info\/index.php\/2023\/09\/04\/aulas-do-eja-na-rede-municipal-e-em-escolas-do-interior-sao-canceladas-em-teutonia-devido-as-cheias\/","name":"Aulas do EJA na rede municipal e em escolas do interior s\u00e3o canceladas em Teut\u00f4nia devido \u00e0s cheias - Folha Popular","isPartOf":{"@id":"https:\/\/folhapopular.info\/#website"},"primaryImageOfPage":{"@id":"https:\/\/folhapopular.info\/index.php\/2023\/09\/04\/aulas-do-eja-na-rede-municipal-e-em-escolas-do-interior-sao-canceladas-em-teutonia-devido-as-cheias\/#primaryimage"},"image":{"@id":"https:\/\/folhapopular.info\/index.php\/2023\/09\/04\/aulas-do-eja-na-rede-municipal-e-em-escolas-do-interior-sao-canceladas-em-teutonia-devido-as-cheias\/#primaryimage"},"thumbnailUrl":"https:\/\/folhapopular.info\/wp-content\/uploads\/2023\/09\/WhatsApp-Image-2023-09-04-at-14.40.47.jpeg","datePublished":"2023-09-04T20:02:55+00:00","dateModified":"2023-09-04T20:02:58+00:00","author":{"@id":"https:\/\/folhapopular.info\/#\/schema\/person\/2814e8a0df7643585a9ca38bc6eb9d4b"},"breadcrumb":{"@id":"https:\/\/folhapopular.info\/index.php\/2023\/09\/04\/aulas-do-eja-na-rede-municipal-e-em-escolas-do-interior-sao-canceladas-em-teutonia-devido-as-cheias\/#breadcrumb"},"inLanguage":"pt-BR","potentialAction":[{"@type":"ReadAction","target":["https:\/\/folhapopular.info\/index.php\/2023\/09\/04\/aulas-do-eja-na-rede-municipal-e-em-escolas-do-interior-sao-canceladas-em-teutonia-devido-as-cheias\/"]}]},{"@type":"ImageObject","inLanguage":"pt-BR","@id":"https:\/\/folhapopular.info\/index.php\/2023\/09\/04\/aulas-do-eja-na-rede-municipal-e-em-escolas-do-interior-sao-canceladas-em-teutonia-devido-as-cheias\/#primaryimage","url":"https:\/\/folhapopular.info\/wp-content\/uploads\/2023\/09\/WhatsApp-Image-2023-09-04-at-14.40.47.jpeg","contentUrl":"https:\/\/folhapopular.info\/wp-content\/uploads\/2023\/09\/WhatsApp-Image-2023-09-04-at-14.40.47.jpeg","width":1600,"height":900,"caption":"Arroio Boa Vista j\u00e1 est\u00e1 bem elevado entre Teut\u00f4nia e Westf\u00e1lia \/ Cr\u00e9dito da foto: Marcos Vin\u00edcius Bilhar"},{"@type":"BreadcrumbList","@id":"https:\/\/folhapopular.info\/index.php\/2023\/09\/04\/aulas-do-eja-na-rede-municipal-e-em-escolas-do-interior-sao-canceladas-em-teutonia-devido-as-cheias\/#breadcrumb","itemListElement":[{"@type":"ListItem","position":1,"name":"In\u00edcio","item":"https:\/\/folhapopular.info\/"},{"@type":"ListItem","position":2,"name":"Aulas do EJA na rede municipal e em escolas do interior s\u00e3o canceladas em Teut\u00f4nia devido \u00e0s cheias"}]},{"@type":"WebSite","@id":"https:\/\/folhapopular.info\/#website","url":"https:\/\/folhapopular.info\/","name":"Folha Popular","description":"Onde voc\u00ea tem vez e voz","potentialAction":[{"@type":"SearchAction","target":{"@type":"EntryPoint","urlTemplate":"https:\/\/folhapopular.info\/?s={search_term_string}"},"query-input":{"@type":"PropertyValueSpecification","valueRequired":true,"valueName":"search_term_string"}}],"inLanguage":"pt-BR"},{"@type":"Person","@id":"https:\/\/folhapopular.info\/#\/schema\/person\/2814e8a0df7643585a9ca38bc6eb9d4b","name":"Reda\u00e7\u00e3o Folha Popular","image":{"@type":"ImageObject","inLanguage":"pt-BR","@id":"https:\/\/folhapopular.info\/wp-content\/uploads\/2026\/04\/Folha-1.webp","url":"https:\/\/folhapopular.info\/wp-content\/uploads\/2026\/04\/Folha-1.webp","contentUrl":"https:\/\/folhapopular.info\/wp-content\/uploads\/2026\/04\/Folha-1.webp","caption":"Reda\u00e7\u00e3o Folha Popular"},"url":"https:\/\/folhapopular.info\/index.php\/author\/redacao\/"}]}},"jetpack_featured_media_url":"https:\/\/folhapopular.info\/wp-content\/uploads\/2023\/09\/WhatsApp-Image-2023-09-04-at-14.40.47.jpeg","jetpack_sharing_enabled":true,"amp_enabled":true,"_links":{"self":[{"href":"https:\/\/folhapopular.info\/index.php\/wp-json\/wp\/v2\/posts\/139099","targetHints":{"allow":["GET"]}}],"collection":[{"href":"https:\/\/folhapopular.info\/index.php\/wp-json\/wp\/v2\/posts"}],"about":[{"href":"https:\/\/folhapopular.info\/index.php\/wp-json\/wp\/v2\/types\/post"}],"author":[{"embeddable":true,"href":"https:\/\/folhapopular.info\/index.php\/wp-json\/wp\/v2\/users\/8"}],"replies":[{"embeddable":true,"href":"https:\/\/folhapopular.info\/index.php\/wp-json\/wp\/v2\/comments?post=139099"}],"version-history":[{"count":0,"href":"https:\/\/folhapopular.info\/index.php\/wp-json\/wp\/v2\/posts\/139099\/revisions"}],"wp:featuredmedia":[{"embeddable":true,"href":"https:\/\/folhapopular.info\/index.php\/wp-json\/wp\/v2\/media\/139087"}],"wp:attachment":[{"href":"https:\/\/folhapopular.info\/index.php\/wp-json\/wp\/v2\/media?parent=139099"}],"wp:term":[{"taxonomy":"category","embeddable":true,"href":"https:\/\/folhapopular.info\/index.php\/wp-json\/wp\/v2\/categories?post=139099"},{"taxonomy":"post_tag","embeddable":true,"href":"https:\/\/folhapopular.info\/index.php\/wp-json\/wp\/v2\/tags?post=139099"}],"curies":[{"name":"wp","href":"https:\/\/api.w.org\/{rel}","templated":true}]}}