{"id":139102,"date":"2023-09-04T20:02:50","date_gmt":"2023-09-04T23:02:50","guid":{"rendered":"https:\/\/folhapopular.info\/?p=139102"},"modified":"2023-09-04T20:03:46","modified_gmt":"2023-09-04T23:03:46","slug":"cheia-do-rio-taquari-interdita-ruas-em-lajeado","status":"publish","type":"post","link":"https:\/\/folhapopular.info\/index.php\/2023\/09\/04\/cheia-do-rio-taquari-interdita-ruas-em-lajeado\/","title":{"rendered":"Cheia do Rio Taquari interdita ruas em Lajeado"},"content":{"rendered":"\n<p>A cheia do Rio Taquari causa o bloqueio de diversas vias em Lajeado. A previs\u00e3o da Defesa Civil do munic\u00edpio \u00e9 de que o rio atinja a cota de 24,95 metros \u00e0s 23h. Cerca de 15 fam\u00edlias j\u00e1 est\u00e3o abrigadas no Parque do Imigrante.<\/p>\n\n\n\n<p>Para retirar o restante das fam\u00edlias, a prefeitura precisa de mais caminh\u00f5es. Empresas e volunt\u00e1rios interessados em ajudar podem entrar em contato com a prefeitura ou defesa civil. O contato da Defesa Civil \u00e9 3982-1150. Quem deseja prestar servi\u00e7o volunt\u00e1rio deve fazer cadastro na Defesa Civil junto ao Parque do Imigrante.<\/p>\n\n\n\n<p>Confira as ruas interditadas:<\/p>\n\n\n\n<ul class=\"wp-block-list\">\n<li>D\u00e9cio Martins Costa com Bento Rosa<\/li>\n\n\n\n<li>Rodolfo Hexel com Ervino Heemann<\/li>\n\n\n\n<li>Jo\u00e3o Pessoa com Jos\u00e9 do Patroc\u00ednio<\/li>\n\n\n\n<li>Jo\u00e3o Batista de Mello com Capit\u00e3o Leopoldo Heineck<\/li>\n\n\n\n<li>Alberto torres com Capit\u00e3o Leopoldo Heineck.<\/li>\n\n\n\n<li>Carlos Spohr Filho com Padre Amstad<\/li>\n\n\n\n<li>Julio May com S\u00e3o Sebasti\u00e3o<\/li>\n\n\n\n<li>Francisco Oscar Karnal com Jo\u00e3o Abott<\/li>\n\n\n\n<li>Pedro Petry<\/li>\n\n\n\n<li>Arnoldo Uhry<\/li>\n<\/ul>\n\n\n\n<figure class=\"wp-block-video\"><video height=\"480\" style=\"aspect-ratio: 848 \/ 480;\" width=\"848\" controls src=\"https:\/\/folhapopular.info\/wp-content\/uploads\/2023\/09\/WhatsApp-Video-2023-09-04-at-19.43.44.mp4\"><\/video><\/figure>\n","protected":false},"excerpt":{"rendered":"<p>A cheia do Rio Taquari causa o bloqueio de diversas vias em Lajeado. A previs\u00e3o da Defesa Civil do munic\u00edpio \u00e9 de que o rio atinja a cota de 24,95 metros \u00e0s 23h. Cerca de 15 fam\u00edlias j\u00e1 est\u00e3o abrigadas no Parque do Imigrante. Para retirar o restante das fam\u00edlias, a prefeitura precisa de mais [&hellip;]<\/p>\n","protected":false},"author":8,"featured_media":139103,"comment_status":"open","ping_status":"open","sticky":false,"template":"","format":"standard","meta":{"pmpro_default_level":"","_jetpack_memberships_contains_paid_content":false,"footnotes":""},"categories":[2,3],"tags":[],"class_list":{"0":"post-139102","1":"post","2":"type-post","3":"status-publish","4":"format-standard","5":"has-post-thumbnail","7":"category-featured","8":"category-geral","9":"pmpro-has-access"},"yoast_head":"<!-- This site is optimized with the Yoast SEO plugin v27.4 - https:\/\/yoast.com\/product\/yoast-seo-wordpress\/ -->\n<title>Cheia do Rio Taquari interdita ruas em Lajeado - Folha Popular<\/title>\n<meta name=\"robots\" content=\"index, follow, max-snippet:-1, max-image-preview:large, max-video-preview:-1\" \/>\n<link rel=\"canonical\" href=\"https:\/\/folhapopular.info\/index.php\/2023\/09\/04\/cheia-do-rio-taquari-interdita-ruas-em-lajeado\/\" \/>\n<meta property=\"og:locale\" content=\"pt_BR\" \/>\n<meta property=\"og:type\" content=\"article\" \/>\n<meta property=\"og:title\" content=\"Cheia do Rio Taquari interdita ruas em Lajeado - Folha Popular\" \/>\n<meta property=\"og:description\" content=\"A cheia do Rio Taquari causa o bloqueio de diversas vias em Lajeado. A previs\u00e3o da Defesa Civil do munic\u00edpio \u00e9 de que o rio atinja a cota de 24,95 metros \u00e0s 23h. Cerca de 15 fam\u00edlias j\u00e1 est\u00e3o abrigadas no Parque do Imigrante. Para retirar o restante das fam\u00edlias, a prefeitura precisa de mais [&hellip;]\" \/>\n<meta property=\"og:url\" content=\"https:\/\/folhapopular.info\/index.php\/2023\/09\/04\/cheia-do-rio-taquari-interdita-ruas-em-lajeado\/\" \/>\n<meta property=\"og:site_name\" content=\"Folha Popular\" \/>\n<meta property=\"article:published_time\" content=\"2023-09-04T23:02:50+00:00\" \/>\n<meta property=\"article:modified_time\" content=\"2023-09-04T23:03:46+00:00\" \/>\n<meta property=\"og:image\" content=\"http:\/\/folhapopular.info\/wp-content\/uploads\/2023\/09\/WhatsApp-Image-2023-09-04-at-19.42.13.jpeg\" \/>\n\t<meta property=\"og:image:width\" content=\"1280\" \/>\n\t<meta property=\"og:image:height\" content=\"960\" \/>\n\t<meta property=\"og:image:type\" content=\"image\/jpeg\" \/>\n<meta name=\"author\" content=\"Reda\u00e7\u00e3o Folha Popular\" \/>\n<meta name=\"twitter:card\" content=\"summary_large_image\" \/>\n<meta name=\"twitter:label1\" content=\"Escrito por\" \/>\n\t<meta name=\"twitter:data1\" content=\"Reda\u00e7\u00e3o Folha Popular\" \/>\n\t<meta name=\"twitter:label2\" content=\"Est. tempo de leitura\" \/>\n\t<meta name=\"twitter:data2\" content=\"1 minuto\" \/>\n<script type=\"application\/ld+json\" class=\"yoast-schema-graph\">{\"@context\":\"https:\\\/\\\/schema.org\",\"@graph\":[{\"@type\":\"Article\",\"@id\":\"https:\\\/\\\/folhapopular.info\\\/index.php\\\/2023\\\/09\\\/04\\\/cheia-do-rio-taquari-interdita-ruas-em-lajeado\\\/#article\",\"isPartOf\":{\"@id\":\"https:\\\/\\\/folhapopular.info\\\/index.php\\\/2023\\\/09\\\/04\\\/cheia-do-rio-taquari-interdita-ruas-em-lajeado\\\/\"},\"author\":{\"name\":\"Reda\u00e7\u00e3o Folha Popular\",\"@id\":\"https:\\\/\\\/folhapopular.info\\\/#\\\/schema\\\/person\\\/2814e8a0df7643585a9ca38bc6eb9d4b\"},\"headline\":\"Cheia do Rio Taquari interdita ruas em Lajeado\",\"datePublished\":\"2023-09-04T23:02:50+00:00\",\"dateModified\":\"2023-09-04T23:03:46+00:00\",\"mainEntityOfPage\":{\"@id\":\"https:\\\/\\\/folhapopular.info\\\/index.php\\\/2023\\\/09\\\/04\\\/cheia-do-rio-taquari-interdita-ruas-em-lajeado\\\/\"},\"wordCount\":173,\"commentCount\":0,\"image\":{\"@id\":\"https:\\\/\\\/folhapopular.info\\\/index.php\\\/2023\\\/09\\\/04\\\/cheia-do-rio-taquari-interdita-ruas-em-lajeado\\\/#primaryimage\"},\"thumbnailUrl\":\"https:\\\/\\\/folhapopular.info\\\/wp-content\\\/uploads\\\/2023\\\/09\\\/WhatsApp-Image-2023-09-04-at-19.42.13.jpeg\",\"articleSection\":[\"Destaques\",\"Geral\"],\"inLanguage\":\"pt-BR\",\"potentialAction\":[{\"@type\":\"CommentAction\",\"name\":\"Comment\",\"target\":[\"https:\\\/\\\/folhapopular.info\\\/index.php\\\/2023\\\/09\\\/04\\\/cheia-do-rio-taquari-interdita-ruas-em-lajeado\\\/#respond\"]}]},{\"@type\":\"WebPage\",\"@id\":\"https:\\\/\\\/folhapopular.info\\\/index.php\\\/2023\\\/09\\\/04\\\/cheia-do-rio-taquari-interdita-ruas-em-lajeado\\\/\",\"url\":\"https:\\\/\\\/folhapopular.info\\\/index.php\\\/2023\\\/09\\\/04\\\/cheia-do-rio-taquari-interdita-ruas-em-lajeado\\\/\",\"name\":\"Cheia do Rio Taquari interdita ruas em Lajeado - Folha Popular\",\"isPartOf\":{\"@id\":\"https:\\\/\\\/folhapopular.info\\\/#website\"},\"primaryImageOfPage\":{\"@id\":\"https:\\\/\\\/folhapopular.info\\\/index.php\\\/2023\\\/09\\\/04\\\/cheia-do-rio-taquari-interdita-ruas-em-lajeado\\\/#primaryimage\"},\"image\":{\"@id\":\"https:\\\/\\\/folhapopular.info\\\/index.php\\\/2023\\\/09\\\/04\\\/cheia-do-rio-taquari-interdita-ruas-em-lajeado\\\/#primaryimage\"},\"thumbnailUrl\":\"https:\\\/\\\/folhapopular.info\\\/wp-content\\\/uploads\\\/2023\\\/09\\\/WhatsApp-Image-2023-09-04-at-19.42.13.jpeg\",\"datePublished\":\"2023-09-04T23:02:50+00:00\",\"dateModified\":\"2023-09-04T23:03:46+00:00\",\"author\":{\"@id\":\"https:\\\/\\\/folhapopular.info\\\/#\\\/schema\\\/person\\\/2814e8a0df7643585a9ca38bc6eb9d4b\"},\"breadcrumb\":{\"@id\":\"https:\\\/\\\/folhapopular.info\\\/index.php\\\/2023\\\/09\\\/04\\\/cheia-do-rio-taquari-interdita-ruas-em-lajeado\\\/#breadcrumb\"},\"inLanguage\":\"pt-BR\",\"potentialAction\":[{\"@type\":\"ReadAction\",\"target\":[\"https:\\\/\\\/folhapopular.info\\\/index.php\\\/2023\\\/09\\\/04\\\/cheia-do-rio-taquari-interdita-ruas-em-lajeado\\\/\"]}]},{\"@type\":\"ImageObject\",\"inLanguage\":\"pt-BR\",\"@id\":\"https:\\\/\\\/folhapopular.info\\\/index.php\\\/2023\\\/09\\\/04\\\/cheia-do-rio-taquari-interdita-ruas-em-lajeado\\\/#primaryimage\",\"url\":\"https:\\\/\\\/folhapopular.info\\\/wp-content\\\/uploads\\\/2023\\\/09\\\/WhatsApp-Image-2023-09-04-at-19.42.13.jpeg\",\"contentUrl\":\"https:\\\/\\\/folhapopular.info\\\/wp-content\\\/uploads\\\/2023\\\/09\\\/WhatsApp-Image-2023-09-04-at-19.42.13.jpeg\",\"width\":1280,\"height\":960},{\"@type\":\"BreadcrumbList\",\"@id\":\"https:\\\/\\\/folhapopular.info\\\/index.php\\\/2023\\\/09\\\/04\\\/cheia-do-rio-taquari-interdita-ruas-em-lajeado\\\/#breadcrumb\",\"itemListElement\":[{\"@type\":\"ListItem\",\"position\":1,\"name\":\"In\u00edcio\",\"item\":\"https:\\\/\\\/folhapopular.info\\\/\"},{\"@type\":\"ListItem\",\"position\":2,\"name\":\"Cheia do Rio Taquari interdita ruas em Lajeado\"}]},{\"@type\":\"WebSite\",\"@id\":\"https:\\\/\\\/folhapopular.info\\\/#website\",\"url\":\"https:\\\/\\\/folhapopular.info\\\/\",\"name\":\"Folha Popular\",\"description\":\"Onde voc\u00ea tem vez e voz\",\"potentialAction\":[{\"@type\":\"SearchAction\",\"target\":{\"@type\":\"EntryPoint\",\"urlTemplate\":\"https:\\\/\\\/folhapopular.info\\\/?s={search_term_string}\"},\"query-input\":{\"@type\":\"PropertyValueSpecification\",\"valueRequired\":true,\"valueName\":\"search_term_string\"}}],\"inLanguage\":\"pt-BR\"},{\"@type\":\"Person\",\"@id\":\"https:\\\/\\\/folhapopular.info\\\/#\\\/schema\\\/person\\\/2814e8a0df7643585a9ca38bc6eb9d4b\",\"name\":\"Reda\u00e7\u00e3o Folha Popular\",\"image\":{\"@type\":\"ImageObject\",\"inLanguage\":\"pt-BR\",\"@id\":\"https:\\\/\\\/folhapopular.info\\\/wp-content\\\/uploads\\\/2026\\\/04\\\/Folha-1.webp\",\"url\":\"https:\\\/\\\/folhapopular.info\\\/wp-content\\\/uploads\\\/2026\\\/04\\\/Folha-1.webp\",\"contentUrl\":\"https:\\\/\\\/folhapopular.info\\\/wp-content\\\/uploads\\\/2026\\\/04\\\/Folha-1.webp\",\"caption\":\"Reda\u00e7\u00e3o Folha Popular\"},\"url\":\"https:\\\/\\\/folhapopular.info\\\/index.php\\\/author\\\/redacao\\\/\"}]}<\/script>\n<!-- \/ Yoast SEO plugin. -->","yoast_head_json":{"title":"Cheia do Rio Taquari interdita ruas em Lajeado - Folha Popular","robots":{"index":"index","follow":"follow","max-snippet":"max-snippet:-1","max-image-preview":"max-image-preview:large","max-video-preview":"max-video-preview:-1"},"canonical":"https:\/\/folhapopular.info\/index.php\/2023\/09\/04\/cheia-do-rio-taquari-interdita-ruas-em-lajeado\/","og_locale":"pt_BR","og_type":"article","og_title":"Cheia do Rio Taquari interdita ruas em Lajeado - Folha Popular","og_description":"A cheia do Rio Taquari causa o bloqueio de diversas vias em Lajeado. A previs\u00e3o da Defesa Civil do munic\u00edpio \u00e9 de que o rio atinja a cota de 24,95 metros \u00e0s 23h. Cerca de 15 fam\u00edlias j\u00e1 est\u00e3o abrigadas no Parque do Imigrante. Para retirar o restante das fam\u00edlias, a prefeitura precisa de mais [&hellip;]","og_url":"https:\/\/folhapopular.info\/index.php\/2023\/09\/04\/cheia-do-rio-taquari-interdita-ruas-em-lajeado\/","og_site_name":"Folha Popular","article_published_time":"2023-09-04T23:02:50+00:00","article_modified_time":"2023-09-04T23:03:46+00:00","og_image":[{"width":1280,"height":960,"url":"http:\/\/folhapopular.info\/wp-content\/uploads\/2023\/09\/WhatsApp-Image-2023-09-04-at-19.42.13.jpeg","type":"image\/jpeg"}],"author":"Reda\u00e7\u00e3o Folha Popular","twitter_card":"summary_large_image","twitter_misc":{"Escrito por":"Reda\u00e7\u00e3o Folha Popular","Est. tempo de leitura":"1 minuto"},"schema":{"@context":"https:\/\/schema.org","@graph":[{"@type":"Article","@id":"https:\/\/folhapopular.info\/index.php\/2023\/09\/04\/cheia-do-rio-taquari-interdita-ruas-em-lajeado\/#article","isPartOf":{"@id":"https:\/\/folhapopular.info\/index.php\/2023\/09\/04\/cheia-do-rio-taquari-interdita-ruas-em-lajeado\/"},"author":{"name":"Reda\u00e7\u00e3o Folha Popular","@id":"https:\/\/folhapopular.info\/#\/schema\/person\/2814e8a0df7643585a9ca38bc6eb9d4b"},"headline":"Cheia do Rio Taquari interdita ruas em Lajeado","datePublished":"2023-09-04T23:02:50+00:00","dateModified":"2023-09-04T23:03:46+00:00","mainEntityOfPage":{"@id":"https:\/\/folhapopular.info\/index.php\/2023\/09\/04\/cheia-do-rio-taquari-interdita-ruas-em-lajeado\/"},"wordCount":173,"commentCount":0,"image":{"@id":"https:\/\/folhapopular.info\/index.php\/2023\/09\/04\/cheia-do-rio-taquari-interdita-ruas-em-lajeado\/#primaryimage"},"thumbnailUrl":"https:\/\/folhapopular.info\/wp-content\/uploads\/2023\/09\/WhatsApp-Image-2023-09-04-at-19.42.13.jpeg","articleSection":["Destaques","Geral"],"inLanguage":"pt-BR","potentialAction":[{"@type":"CommentAction","name":"Comment","target":["https:\/\/folhapopular.info\/index.php\/2023\/09\/04\/cheia-do-rio-taquari-interdita-ruas-em-lajeado\/#respond"]}]},{"@type":"WebPage","@id":"https:\/\/folhapopular.info\/index.php\/2023\/09\/04\/cheia-do-rio-taquari-interdita-ruas-em-lajeado\/","url":"https:\/\/folhapopular.info\/index.php\/2023\/09\/04\/cheia-do-rio-taquari-interdita-ruas-em-lajeado\/","name":"Cheia do Rio Taquari interdita ruas em Lajeado - Folha Popular","isPartOf":{"@id":"https:\/\/folhapopular.info\/#website"},"primaryImageOfPage":{"@id":"https:\/\/folhapopular.info\/index.php\/2023\/09\/04\/cheia-do-rio-taquari-interdita-ruas-em-lajeado\/#primaryimage"},"image":{"@id":"https:\/\/folhapopular.info\/index.php\/2023\/09\/04\/cheia-do-rio-taquari-interdita-ruas-em-lajeado\/#primaryimage"},"thumbnailUrl":"https:\/\/folhapopular.info\/wp-content\/uploads\/2023\/09\/WhatsApp-Image-2023-09-04-at-19.42.13.jpeg","datePublished":"2023-09-04T23:02:50+00:00","dateModified":"2023-09-04T23:03:46+00:00","author":{"@id":"https:\/\/folhapopular.info\/#\/schema\/person\/2814e8a0df7643585a9ca38bc6eb9d4b"},"breadcrumb":{"@id":"https:\/\/folhapopular.info\/index.php\/2023\/09\/04\/cheia-do-rio-taquari-interdita-ruas-em-lajeado\/#breadcrumb"},"inLanguage":"pt-BR","potentialAction":[{"@type":"ReadAction","target":["https:\/\/folhapopular.info\/index.php\/2023\/09\/04\/cheia-do-rio-taquari-interdita-ruas-em-lajeado\/"]}]},{"@type":"ImageObject","inLanguage":"pt-BR","@id":"https:\/\/folhapopular.info\/index.php\/2023\/09\/04\/cheia-do-rio-taquari-interdita-ruas-em-lajeado\/#primaryimage","url":"https:\/\/folhapopular.info\/wp-content\/uploads\/2023\/09\/WhatsApp-Image-2023-09-04-at-19.42.13.jpeg","contentUrl":"https:\/\/folhapopular.info\/wp-content\/uploads\/2023\/09\/WhatsApp-Image-2023-09-04-at-19.42.13.jpeg","width":1280,"height":960},{"@type":"BreadcrumbList","@id":"https:\/\/folhapopular.info\/index.php\/2023\/09\/04\/cheia-do-rio-taquari-interdita-ruas-em-lajeado\/#breadcrumb","itemListElement":[{"@type":"ListItem","position":1,"name":"In\u00edcio","item":"https:\/\/folhapopular.info\/"},{"@type":"ListItem","position":2,"name":"Cheia do Rio Taquari interdita ruas em Lajeado"}]},{"@type":"WebSite","@id":"https:\/\/folhapopular.info\/#website","url":"https:\/\/folhapopular.info\/","name":"Folha Popular","description":"Onde voc\u00ea tem vez e voz","potentialAction":[{"@type":"SearchAction","target":{"@type":"EntryPoint","urlTemplate":"https:\/\/folhapopular.info\/?s={search_term_string}"},"query-input":{"@type":"PropertyValueSpecification","valueRequired":true,"valueName":"search_term_string"}}],"inLanguage":"pt-BR"},{"@type":"Person","@id":"https:\/\/folhapopular.info\/#\/schema\/person\/2814e8a0df7643585a9ca38bc6eb9d4b","name":"Reda\u00e7\u00e3o Folha Popular","image":{"@type":"ImageObject","inLanguage":"pt-BR","@id":"https:\/\/folhapopular.info\/wp-content\/uploads\/2026\/04\/Folha-1.webp","url":"https:\/\/folhapopular.info\/wp-content\/uploads\/2026\/04\/Folha-1.webp","contentUrl":"https:\/\/folhapopular.info\/wp-content\/uploads\/2026\/04\/Folha-1.webp","caption":"Reda\u00e7\u00e3o Folha Popular"},"url":"https:\/\/folhapopular.info\/index.php\/author\/redacao\/"}]}},"jetpack_featured_media_url":"https:\/\/folhapopular.info\/wp-content\/uploads\/2023\/09\/WhatsApp-Image-2023-09-04-at-19.42.13.jpeg","jetpack_sharing_enabled":true,"amp_enabled":true,"_links":{"self":[{"href":"https:\/\/folhapopular.info\/index.php\/wp-json\/wp\/v2\/posts\/139102","targetHints":{"allow":["GET"]}}],"collection":[{"href":"https:\/\/folhapopular.info\/index.php\/wp-json\/wp\/v2\/posts"}],"about":[{"href":"https:\/\/folhapopular.info\/index.php\/wp-json\/wp\/v2\/types\/post"}],"author":[{"embeddable":true,"href":"https:\/\/folhapopular.info\/index.php\/wp-json\/wp\/v2\/users\/8"}],"replies":[{"embeddable":true,"href":"https:\/\/folhapopular.info\/index.php\/wp-json\/wp\/v2\/comments?post=139102"}],"version-history":[{"count":0,"href":"https:\/\/folhapopular.info\/index.php\/wp-json\/wp\/v2\/posts\/139102\/revisions"}],"wp:featuredmedia":[{"embeddable":true,"href":"https:\/\/folhapopular.info\/index.php\/wp-json\/wp\/v2\/media\/139103"}],"wp:attachment":[{"href":"https:\/\/folhapopular.info\/index.php\/wp-json\/wp\/v2\/media?parent=139102"}],"wp:term":[{"taxonomy":"category","embeddable":true,"href":"https:\/\/folhapopular.info\/index.php\/wp-json\/wp\/v2\/categories?post=139102"},{"taxonomy":"post_tag","embeddable":true,"href":"https:\/\/folhapopular.info\/index.php\/wp-json\/wp\/v2\/tags?post=139102"}],"curies":[{"name":"wp","href":"https:\/\/api.w.org\/{rel}","templated":true}]}}