{"id":139170,"date":"2023-09-05T14:46:36","date_gmt":"2023-09-05T17:46:36","guid":{"rendered":"https:\/\/folhapopular.info\/?p=139170"},"modified":"2023-09-05T14:46:39","modified_gmt":"2023-09-05T17:46:39","slug":"municipios-e-entidades-mobilizam-arrecadacoes-de-donativos-para-vitimas-das-enchentes","status":"publish","type":"post","link":"https:\/\/folhapopular.info\/index.php\/2023\/09\/05\/municipios-e-entidades-mobilizam-arrecadacoes-de-donativos-para-vitimas-das-enchentes\/","title":{"rendered":"Munic\u00edpios e entidades mobilizam arrecada\u00e7\u00f5es de donativos para v\u00edtimas das enchentes"},"content":{"rendered":"\n<p>Com a situa\u00e7\u00e3o das cheias na regi\u00e3o, diversas campanhas de arrecada\u00e7\u00e3o de donativos come\u00e7am a surgir. Em Lajeado, as doa\u00e7\u00f5es est\u00e3o sendo recebidas no Recrie, na Rua Irmando Weisheimer, 839, ao lado do clube dos 15.<\/p>\n\n\n\n<p>Em Estrela, as doa\u00e7\u00f5es est\u00e3o sendo recebidas no Gin\u00e1sio Municipal Ito Snel (Bairro Oriental). Al\u00e9m disso, a Defesa Civil criou uma chave PIX para receber doa\u00e7\u00f5es. Por meio do CNPJ 16.790.700\/0001-67, \u00e9 poss\u00edvel doar qualquer quantia.<\/p>\n\n\n\n<p>Em Colinas, doa\u00e7\u00f5es s\u00e3o recebidas na Sociedade de Linha Ano Bom. Tamb\u00e9m \u00e9 poss\u00edvel entrar em contato pelos n\u00fameros (51) 999013082 ou (51) 997167181 que as equipes buscar\u00e3o os donativos.<\/p>\n\n\n\n<p>Munic\u00edpios vizinhos tamb\u00e9m se mobilizam. Em Teut\u00f4nia, donativos s\u00e3o recolhidos no gin\u00e1sio da EMEF Guilherme Sommer, na Vila Popular. Algumas empresas tamb\u00e9m est\u00e3o servindo como ponto de coleta, como o supermercado Zart.<\/p>\n\n\n\n<p>Em Imigrante, no Centro Comunit\u00e1rio de Arroio da Seca.<\/p>\n\n\n\n<p>Diversas empresas e entidades tamb\u00e9m realizam campanhas de arrecada\u00e7\u00e3o de donativos que ser\u00e3o destinados \u00e0s v\u00edtimas da enchente na regi\u00e3o. A Unimed VTRP, por exemplo, est\u00e1 recebendo doa\u00e7\u00f5es em seus escrit\u00f3rios em Lajeado e Santa Cruz do Sul.<\/p>\n\n\n\n<p>Entre os itens que podem ser doados est\u00e3o: roupas, alimentos, materiais de higiene, cobertores, colch\u00f5es e travesseiros.<\/p>\n","protected":false},"excerpt":{"rendered":"<p>Com a situa\u00e7\u00e3o das cheias na regi\u00e3o, diversas campanhas de arrecada\u00e7\u00e3o de donativos come\u00e7am a surgir. Em Lajeado, as doa\u00e7\u00f5es est\u00e3o sendo recebidas no Recrie, na Rua Irmando Weisheimer, 839, ao lado do clube dos 15. Em Estrela, as doa\u00e7\u00f5es est\u00e3o sendo recebidas no Gin\u00e1sio Municipal Ito Snel (Bairro Oriental). Al\u00e9m disso, a Defesa Civil [&hellip;]<\/p>\n","protected":false},"author":8,"featured_media":139171,"comment_status":"open","ping_status":"open","sticky":false,"template":"","format":"standard","meta":{"pmpro_default_level":"","_jetpack_memberships_contains_paid_content":false,"footnotes":""},"categories":[2,3],"tags":[],"class_list":{"0":"post-139170","1":"post","2":"type-post","3":"status-publish","4":"format-standard","5":"has-post-thumbnail","7":"category-featured","8":"category-geral","9":"pmpro-has-access"},"yoast_head":"<!-- This site is optimized with the Yoast SEO plugin v27.4 - https:\/\/yoast.com\/product\/yoast-seo-wordpress\/ -->\n<title>Munic\u00edpios e entidades mobilizam arrecada\u00e7\u00f5es de donativos para v\u00edtimas das enchentes - Folha Popular<\/title>\n<meta name=\"robots\" content=\"index, follow, max-snippet:-1, max-image-preview:large, max-video-preview:-1\" \/>\n<link rel=\"canonical\" href=\"https:\/\/folhapopular.info\/index.php\/2023\/09\/05\/municipios-e-entidades-mobilizam-arrecadacoes-de-donativos-para-vitimas-das-enchentes\/\" \/>\n<meta property=\"og:locale\" content=\"pt_BR\" \/>\n<meta property=\"og:type\" content=\"article\" \/>\n<meta property=\"og:title\" content=\"Munic\u00edpios e entidades mobilizam arrecada\u00e7\u00f5es de donativos para v\u00edtimas das enchentes - Folha Popular\" \/>\n<meta property=\"og:description\" content=\"Com a situa\u00e7\u00e3o das cheias na regi\u00e3o, diversas campanhas de arrecada\u00e7\u00e3o de donativos come\u00e7am a surgir. Em Lajeado, as doa\u00e7\u00f5es est\u00e3o sendo recebidas no Recrie, na Rua Irmando Weisheimer, 839, ao lado do clube dos 15. Em Estrela, as doa\u00e7\u00f5es est\u00e3o sendo recebidas no Gin\u00e1sio Municipal Ito Snel (Bairro Oriental). Al\u00e9m disso, a Defesa Civil [&hellip;]\" \/>\n<meta property=\"og:url\" content=\"https:\/\/folhapopular.info\/index.php\/2023\/09\/05\/municipios-e-entidades-mobilizam-arrecadacoes-de-donativos-para-vitimas-das-enchentes\/\" \/>\n<meta property=\"og:site_name\" content=\"Folha Popular\" \/>\n<meta property=\"article:published_time\" content=\"2023-09-05T17:46:36+00:00\" \/>\n<meta property=\"article:modified_time\" content=\"2023-09-05T17:46:39+00:00\" \/>\n<meta property=\"og:image\" content=\"http:\/\/folhapopular.info\/wp-content\/uploads\/2023\/09\/WhatsApp-Image-2023-09-05-at-14.43.02-e1693935884160.jpeg\" \/>\n\t<meta property=\"og:image:width\" content=\"1200\" \/>\n\t<meta property=\"og:image:height\" content=\"900\" \/>\n\t<meta property=\"og:image:type\" content=\"image\/jpeg\" \/>\n<meta name=\"author\" content=\"Reda\u00e7\u00e3o Folha Popular\" \/>\n<meta name=\"twitter:card\" content=\"summary_large_image\" \/>\n<meta name=\"twitter:label1\" content=\"Escrito por\" \/>\n\t<meta name=\"twitter:data1\" content=\"Reda\u00e7\u00e3o Folha Popular\" \/>\n\t<meta name=\"twitter:label2\" content=\"Est. tempo de leitura\" \/>\n\t<meta name=\"twitter:data2\" content=\"2 minutos\" \/>\n<script type=\"application\/ld+json\" class=\"yoast-schema-graph\">{\"@context\":\"https:\\\/\\\/schema.org\",\"@graph\":[{\"@type\":\"Article\",\"@id\":\"https:\\\/\\\/folhapopular.info\\\/index.php\\\/2023\\\/09\\\/05\\\/municipios-e-entidades-mobilizam-arrecadacoes-de-donativos-para-vitimas-das-enchentes\\\/#article\",\"isPartOf\":{\"@id\":\"https:\\\/\\\/folhapopular.info\\\/index.php\\\/2023\\\/09\\\/05\\\/municipios-e-entidades-mobilizam-arrecadacoes-de-donativos-para-vitimas-das-enchentes\\\/\"},\"author\":{\"name\":\"Reda\u00e7\u00e3o Folha Popular\",\"@id\":\"https:\\\/\\\/folhapopular.info\\\/#\\\/schema\\\/person\\\/2814e8a0df7643585a9ca38bc6eb9d4b\"},\"headline\":\"Munic\u00edpios e entidades mobilizam arrecada\u00e7\u00f5es de donativos para v\u00edtimas das enchentes\",\"datePublished\":\"2023-09-05T17:46:36+00:00\",\"dateModified\":\"2023-09-05T17:46:39+00:00\",\"mainEntityOfPage\":{\"@id\":\"https:\\\/\\\/folhapopular.info\\\/index.php\\\/2023\\\/09\\\/05\\\/municipios-e-entidades-mobilizam-arrecadacoes-de-donativos-para-vitimas-das-enchentes\\\/\"},\"wordCount\":239,\"commentCount\":0,\"image\":{\"@id\":\"https:\\\/\\\/folhapopular.info\\\/index.php\\\/2023\\\/09\\\/05\\\/municipios-e-entidades-mobilizam-arrecadacoes-de-donativos-para-vitimas-das-enchentes\\\/#primaryimage\"},\"thumbnailUrl\":\"https:\\\/\\\/folhapopular.info\\\/wp-content\\\/uploads\\\/2023\\\/09\\\/WhatsApp-Image-2023-09-05-at-14.43.02-e1693935884160.jpeg\",\"articleSection\":[\"Destaques\",\"Geral\"],\"inLanguage\":\"pt-BR\",\"potentialAction\":[{\"@type\":\"CommentAction\",\"name\":\"Comment\",\"target\":[\"https:\\\/\\\/folhapopular.info\\\/index.php\\\/2023\\\/09\\\/05\\\/municipios-e-entidades-mobilizam-arrecadacoes-de-donativos-para-vitimas-das-enchentes\\\/#respond\"]}]},{\"@type\":\"WebPage\",\"@id\":\"https:\\\/\\\/folhapopular.info\\\/index.php\\\/2023\\\/09\\\/05\\\/municipios-e-entidades-mobilizam-arrecadacoes-de-donativos-para-vitimas-das-enchentes\\\/\",\"url\":\"https:\\\/\\\/folhapopular.info\\\/index.php\\\/2023\\\/09\\\/05\\\/municipios-e-entidades-mobilizam-arrecadacoes-de-donativos-para-vitimas-das-enchentes\\\/\",\"name\":\"Munic\u00edpios e entidades mobilizam arrecada\u00e7\u00f5es de donativos para v\u00edtimas das enchentes - Folha Popular\",\"isPartOf\":{\"@id\":\"https:\\\/\\\/folhapopular.info\\\/#website\"},\"primaryImageOfPage\":{\"@id\":\"https:\\\/\\\/folhapopular.info\\\/index.php\\\/2023\\\/09\\\/05\\\/municipios-e-entidades-mobilizam-arrecadacoes-de-donativos-para-vitimas-das-enchentes\\\/#primaryimage\"},\"image\":{\"@id\":\"https:\\\/\\\/folhapopular.info\\\/index.php\\\/2023\\\/09\\\/05\\\/municipios-e-entidades-mobilizam-arrecadacoes-de-donativos-para-vitimas-das-enchentes\\\/#primaryimage\"},\"thumbnailUrl\":\"https:\\\/\\\/folhapopular.info\\\/wp-content\\\/uploads\\\/2023\\\/09\\\/WhatsApp-Image-2023-09-05-at-14.43.02-e1693935884160.jpeg\",\"datePublished\":\"2023-09-05T17:46:36+00:00\",\"dateModified\":\"2023-09-05T17:46:39+00:00\",\"author\":{\"@id\":\"https:\\\/\\\/folhapopular.info\\\/#\\\/schema\\\/person\\\/2814e8a0df7643585a9ca38bc6eb9d4b\"},\"breadcrumb\":{\"@id\":\"https:\\\/\\\/folhapopular.info\\\/index.php\\\/2023\\\/09\\\/05\\\/municipios-e-entidades-mobilizam-arrecadacoes-de-donativos-para-vitimas-das-enchentes\\\/#breadcrumb\"},\"inLanguage\":\"pt-BR\",\"potentialAction\":[{\"@type\":\"ReadAction\",\"target\":[\"https:\\\/\\\/folhapopular.info\\\/index.php\\\/2023\\\/09\\\/05\\\/municipios-e-entidades-mobilizam-arrecadacoes-de-donativos-para-vitimas-das-enchentes\\\/\"]}]},{\"@type\":\"ImageObject\",\"inLanguage\":\"pt-BR\",\"@id\":\"https:\\\/\\\/folhapopular.info\\\/index.php\\\/2023\\\/09\\\/05\\\/municipios-e-entidades-mobilizam-arrecadacoes-de-donativos-para-vitimas-das-enchentes\\\/#primaryimage\",\"url\":\"https:\\\/\\\/folhapopular.info\\\/wp-content\\\/uploads\\\/2023\\\/09\\\/WhatsApp-Image-2023-09-05-at-14.43.02-e1693935884160.jpeg\",\"contentUrl\":\"https:\\\/\\\/folhapopular.info\\\/wp-content\\\/uploads\\\/2023\\\/09\\\/WhatsApp-Image-2023-09-05-at-14.43.02-e1693935884160.jpeg\",\"width\":1200,\"height\":900,\"caption\":\"Cr\u00e9dito da foto: Defesa Civil de Estrela\"},{\"@type\":\"BreadcrumbList\",\"@id\":\"https:\\\/\\\/folhapopular.info\\\/index.php\\\/2023\\\/09\\\/05\\\/municipios-e-entidades-mobilizam-arrecadacoes-de-donativos-para-vitimas-das-enchentes\\\/#breadcrumb\",\"itemListElement\":[{\"@type\":\"ListItem\",\"position\":1,\"name\":\"In\u00edcio\",\"item\":\"https:\\\/\\\/folhapopular.info\\\/\"},{\"@type\":\"ListItem\",\"position\":2,\"name\":\"Munic\u00edpios e entidades mobilizam arrecada\u00e7\u00f5es de donativos para v\u00edtimas das enchentes\"}]},{\"@type\":\"WebSite\",\"@id\":\"https:\\\/\\\/folhapopular.info\\\/#website\",\"url\":\"https:\\\/\\\/folhapopular.info\\\/\",\"name\":\"Folha Popular\",\"description\":\"Onde voc\u00ea tem vez e voz\",\"potentialAction\":[{\"@type\":\"SearchAction\",\"target\":{\"@type\":\"EntryPoint\",\"urlTemplate\":\"https:\\\/\\\/folhapopular.info\\\/?s={search_term_string}\"},\"query-input\":{\"@type\":\"PropertyValueSpecification\",\"valueRequired\":true,\"valueName\":\"search_term_string\"}}],\"inLanguage\":\"pt-BR\"},{\"@type\":\"Person\",\"@id\":\"https:\\\/\\\/folhapopular.info\\\/#\\\/schema\\\/person\\\/2814e8a0df7643585a9ca38bc6eb9d4b\",\"name\":\"Reda\u00e7\u00e3o Folha Popular\",\"image\":{\"@type\":\"ImageObject\",\"inLanguage\":\"pt-BR\",\"@id\":\"https:\\\/\\\/folhapopular.info\\\/wp-content\\\/uploads\\\/2026\\\/04\\\/Folha-1.webp\",\"url\":\"https:\\\/\\\/folhapopular.info\\\/wp-content\\\/uploads\\\/2026\\\/04\\\/Folha-1.webp\",\"contentUrl\":\"https:\\\/\\\/folhapopular.info\\\/wp-content\\\/uploads\\\/2026\\\/04\\\/Folha-1.webp\",\"caption\":\"Reda\u00e7\u00e3o Folha Popular\"},\"url\":\"https:\\\/\\\/folhapopular.info\\\/index.php\\\/author\\\/redacao\\\/\"}]}<\/script>\n<!-- \/ Yoast SEO plugin. -->","yoast_head_json":{"title":"Munic\u00edpios e entidades mobilizam arrecada\u00e7\u00f5es de donativos para v\u00edtimas das enchentes - Folha Popular","robots":{"index":"index","follow":"follow","max-snippet":"max-snippet:-1","max-image-preview":"max-image-preview:large","max-video-preview":"max-video-preview:-1"},"canonical":"https:\/\/folhapopular.info\/index.php\/2023\/09\/05\/municipios-e-entidades-mobilizam-arrecadacoes-de-donativos-para-vitimas-das-enchentes\/","og_locale":"pt_BR","og_type":"article","og_title":"Munic\u00edpios e entidades mobilizam arrecada\u00e7\u00f5es de donativos para v\u00edtimas das enchentes - Folha Popular","og_description":"Com a situa\u00e7\u00e3o das cheias na regi\u00e3o, diversas campanhas de arrecada\u00e7\u00e3o de donativos come\u00e7am a surgir. Em Lajeado, as doa\u00e7\u00f5es est\u00e3o sendo recebidas no Recrie, na Rua Irmando Weisheimer, 839, ao lado do clube dos 15. Em Estrela, as doa\u00e7\u00f5es est\u00e3o sendo recebidas no Gin\u00e1sio Municipal Ito Snel (Bairro Oriental). Al\u00e9m disso, a Defesa Civil [&hellip;]","og_url":"https:\/\/folhapopular.info\/index.php\/2023\/09\/05\/municipios-e-entidades-mobilizam-arrecadacoes-de-donativos-para-vitimas-das-enchentes\/","og_site_name":"Folha Popular","article_published_time":"2023-09-05T17:46:36+00:00","article_modified_time":"2023-09-05T17:46:39+00:00","og_image":[{"width":1200,"height":900,"url":"http:\/\/folhapopular.info\/wp-content\/uploads\/2023\/09\/WhatsApp-Image-2023-09-05-at-14.43.02-e1693935884160.jpeg","type":"image\/jpeg"}],"author":"Reda\u00e7\u00e3o Folha Popular","twitter_card":"summary_large_image","twitter_misc":{"Escrito por":"Reda\u00e7\u00e3o Folha Popular","Est. tempo de leitura":"2 minutos"},"schema":{"@context":"https:\/\/schema.org","@graph":[{"@type":"Article","@id":"https:\/\/folhapopular.info\/index.php\/2023\/09\/05\/municipios-e-entidades-mobilizam-arrecadacoes-de-donativos-para-vitimas-das-enchentes\/#article","isPartOf":{"@id":"https:\/\/folhapopular.info\/index.php\/2023\/09\/05\/municipios-e-entidades-mobilizam-arrecadacoes-de-donativos-para-vitimas-das-enchentes\/"},"author":{"name":"Reda\u00e7\u00e3o Folha Popular","@id":"https:\/\/folhapopular.info\/#\/schema\/person\/2814e8a0df7643585a9ca38bc6eb9d4b"},"headline":"Munic\u00edpios e entidades mobilizam arrecada\u00e7\u00f5es de donativos para v\u00edtimas das enchentes","datePublished":"2023-09-05T17:46:36+00:00","dateModified":"2023-09-05T17:46:39+00:00","mainEntityOfPage":{"@id":"https:\/\/folhapopular.info\/index.php\/2023\/09\/05\/municipios-e-entidades-mobilizam-arrecadacoes-de-donativos-para-vitimas-das-enchentes\/"},"wordCount":239,"commentCount":0,"image":{"@id":"https:\/\/folhapopular.info\/index.php\/2023\/09\/05\/municipios-e-entidades-mobilizam-arrecadacoes-de-donativos-para-vitimas-das-enchentes\/#primaryimage"},"thumbnailUrl":"https:\/\/folhapopular.info\/wp-content\/uploads\/2023\/09\/WhatsApp-Image-2023-09-05-at-14.43.02-e1693935884160.jpeg","articleSection":["Destaques","Geral"],"inLanguage":"pt-BR","potentialAction":[{"@type":"CommentAction","name":"Comment","target":["https:\/\/folhapopular.info\/index.php\/2023\/09\/05\/municipios-e-entidades-mobilizam-arrecadacoes-de-donativos-para-vitimas-das-enchentes\/#respond"]}]},{"@type":"WebPage","@id":"https:\/\/folhapopular.info\/index.php\/2023\/09\/05\/municipios-e-entidades-mobilizam-arrecadacoes-de-donativos-para-vitimas-das-enchentes\/","url":"https:\/\/folhapopular.info\/index.php\/2023\/09\/05\/municipios-e-entidades-mobilizam-arrecadacoes-de-donativos-para-vitimas-das-enchentes\/","name":"Munic\u00edpios e entidades mobilizam arrecada\u00e7\u00f5es de donativos para v\u00edtimas das enchentes - Folha Popular","isPartOf":{"@id":"https:\/\/folhapopular.info\/#website"},"primaryImageOfPage":{"@id":"https:\/\/folhapopular.info\/index.php\/2023\/09\/05\/municipios-e-entidades-mobilizam-arrecadacoes-de-donativos-para-vitimas-das-enchentes\/#primaryimage"},"image":{"@id":"https:\/\/folhapopular.info\/index.php\/2023\/09\/05\/municipios-e-entidades-mobilizam-arrecadacoes-de-donativos-para-vitimas-das-enchentes\/#primaryimage"},"thumbnailUrl":"https:\/\/folhapopular.info\/wp-content\/uploads\/2023\/09\/WhatsApp-Image-2023-09-05-at-14.43.02-e1693935884160.jpeg","datePublished":"2023-09-05T17:46:36+00:00","dateModified":"2023-09-05T17:46:39+00:00","author":{"@id":"https:\/\/folhapopular.info\/#\/schema\/person\/2814e8a0df7643585a9ca38bc6eb9d4b"},"breadcrumb":{"@id":"https:\/\/folhapopular.info\/index.php\/2023\/09\/05\/municipios-e-entidades-mobilizam-arrecadacoes-de-donativos-para-vitimas-das-enchentes\/#breadcrumb"},"inLanguage":"pt-BR","potentialAction":[{"@type":"ReadAction","target":["https:\/\/folhapopular.info\/index.php\/2023\/09\/05\/municipios-e-entidades-mobilizam-arrecadacoes-de-donativos-para-vitimas-das-enchentes\/"]}]},{"@type":"ImageObject","inLanguage":"pt-BR","@id":"https:\/\/folhapopular.info\/index.php\/2023\/09\/05\/municipios-e-entidades-mobilizam-arrecadacoes-de-donativos-para-vitimas-das-enchentes\/#primaryimage","url":"https:\/\/folhapopular.info\/wp-content\/uploads\/2023\/09\/WhatsApp-Image-2023-09-05-at-14.43.02-e1693935884160.jpeg","contentUrl":"https:\/\/folhapopular.info\/wp-content\/uploads\/2023\/09\/WhatsApp-Image-2023-09-05-at-14.43.02-e1693935884160.jpeg","width":1200,"height":900,"caption":"Cr\u00e9dito da foto: Defesa Civil de Estrela"},{"@type":"BreadcrumbList","@id":"https:\/\/folhapopular.info\/index.php\/2023\/09\/05\/municipios-e-entidades-mobilizam-arrecadacoes-de-donativos-para-vitimas-das-enchentes\/#breadcrumb","itemListElement":[{"@type":"ListItem","position":1,"name":"In\u00edcio","item":"https:\/\/folhapopular.info\/"},{"@type":"ListItem","position":2,"name":"Munic\u00edpios e entidades mobilizam arrecada\u00e7\u00f5es de donativos para v\u00edtimas das enchentes"}]},{"@type":"WebSite","@id":"https:\/\/folhapopular.info\/#website","url":"https:\/\/folhapopular.info\/","name":"Folha Popular","description":"Onde voc\u00ea tem vez e voz","potentialAction":[{"@type":"SearchAction","target":{"@type":"EntryPoint","urlTemplate":"https:\/\/folhapopular.info\/?s={search_term_string}"},"query-input":{"@type":"PropertyValueSpecification","valueRequired":true,"valueName":"search_term_string"}}],"inLanguage":"pt-BR"},{"@type":"Person","@id":"https:\/\/folhapopular.info\/#\/schema\/person\/2814e8a0df7643585a9ca38bc6eb9d4b","name":"Reda\u00e7\u00e3o Folha Popular","image":{"@type":"ImageObject","inLanguage":"pt-BR","@id":"https:\/\/folhapopular.info\/wp-content\/uploads\/2026\/04\/Folha-1.webp","url":"https:\/\/folhapopular.info\/wp-content\/uploads\/2026\/04\/Folha-1.webp","contentUrl":"https:\/\/folhapopular.info\/wp-content\/uploads\/2026\/04\/Folha-1.webp","caption":"Reda\u00e7\u00e3o Folha Popular"},"url":"https:\/\/folhapopular.info\/index.php\/author\/redacao\/"}]}},"jetpack_featured_media_url":"https:\/\/folhapopular.info\/wp-content\/uploads\/2023\/09\/WhatsApp-Image-2023-09-05-at-14.43.02-e1693935884160.jpeg","jetpack_sharing_enabled":true,"amp_enabled":true,"_links":{"self":[{"href":"https:\/\/folhapopular.info\/index.php\/wp-json\/wp\/v2\/posts\/139170","targetHints":{"allow":["GET"]}}],"collection":[{"href":"https:\/\/folhapopular.info\/index.php\/wp-json\/wp\/v2\/posts"}],"about":[{"href":"https:\/\/folhapopular.info\/index.php\/wp-json\/wp\/v2\/types\/post"}],"author":[{"embeddable":true,"href":"https:\/\/folhapopular.info\/index.php\/wp-json\/wp\/v2\/users\/8"}],"replies":[{"embeddable":true,"href":"https:\/\/folhapopular.info\/index.php\/wp-json\/wp\/v2\/comments?post=139170"}],"version-history":[{"count":0,"href":"https:\/\/folhapopular.info\/index.php\/wp-json\/wp\/v2\/posts\/139170\/revisions"}],"wp:featuredmedia":[{"embeddable":true,"href":"https:\/\/folhapopular.info\/index.php\/wp-json\/wp\/v2\/media\/139171"}],"wp:attachment":[{"href":"https:\/\/folhapopular.info\/index.php\/wp-json\/wp\/v2\/media?parent=139170"}],"wp:term":[{"taxonomy":"category","embeddable":true,"href":"https:\/\/folhapopular.info\/index.php\/wp-json\/wp\/v2\/categories?post=139170"},{"taxonomy":"post_tag","embeddable":true,"href":"https:\/\/folhapopular.info\/index.php\/wp-json\/wp\/v2\/tags?post=139170"}],"curies":[{"name":"wp","href":"https:\/\/api.w.org\/{rel}","templated":true}]}}