{"id":139233,"date":"2023-09-06T12:04:30","date_gmt":"2023-09-06T15:04:30","guid":{"rendered":"https:\/\/folhapopular.info\/?p=139233"},"modified":"2023-09-06T12:04:34","modified_gmt":"2023-09-06T15:04:34","slug":"governo-federal-promete-recursos-e-apoio-aos-municipios-atingidos-pela-enchente","status":"publish","type":"post","link":"https:\/\/folhapopular.info\/index.php\/2023\/09\/06\/governo-federal-promete-recursos-e-apoio-aos-municipios-atingidos-pela-enchente\/","title":{"rendered":"Governo federal promete recursos e apoio aos munic\u00edpios atingidos pela enchente"},"content":{"rendered":"\n<p>O Vale do Taquari recebeu nesta quarta-feira (6\/9) comitiva de ministros do governo federal e representantes da Defesa Civil. Um dos objetivos \u00e9 tamb\u00e9m auxiliar para que os planos de trabalho das prefeituras sejam feitos da forma mais precisa e \u00e1gil. \u00c9 dessa forma que o Governo Federal pode liberar os recursos previstos para reconstru\u00e7\u00e3o e recupera\u00e7\u00e3o de estruturas.<\/p>\n\n\n\n<p>O ministro da Secretaria de Comunica\u00e7\u00e3o da Presid\u00eancia, Paulo Pimenta, destaca a mobiliza\u00e7\u00e3o de botes do Ex\u00e9rcito da regi\u00e3o da fronteira, de helic\u00f3pteros da Pol\u00edcia Rodovi\u00e1ria Federal e das For\u00e7as Armadas e a\u00e7\u00f5es imediatas para garantir abrigo, seguran\u00e7a, \u00e1gua pot\u00e1vel e alimenta\u00e7\u00e3o para as v\u00edtimas.<\/p>\n\n\n\n<p>Conforme os ministros, a prioridade inicial do Governo Federal tem sido as a\u00e7\u00f5es para auxiliar estados e munic\u00edpios da regi\u00e3o no atendimento a desabrigados, desalojados e pessoas que ainda est\u00e3o em \u00e1reas de risco e necessitando de atendimento. At\u00e9 o in\u00edcio da manh\u00e3, haviam sido confirmadas pelo Governo do Estado 31 mortes. Ao todo, 50 munic\u00edpios dos dois estados da regi\u00e3o Sul foram atingidos, sendo que a cidade ga\u00facha de Mu\u00e7um est\u00e1 com 80% das estruturas embaixo d\u2019\u00e1gua.<\/p>\n\n\n\n<p>\u201cEssa \u00e9 a orienta\u00e7\u00e3o do presidente Lula: n\u00e3o v\u00e3o faltar recursos. N\u00e3o vamos estabelecer um valor X porque a libera\u00e7\u00e3o de recursos ocorre mediante apresenta\u00e7\u00e3o de plano de trabalho. Cada prefeitura identifica sua necessidade. H\u00e1 um tipo de plano de trabalho emergencial que pode ser liberado em at\u00e9 48 horas\u201d, explicou o ministro Paulo Pimenta.<\/p>\n\n\n\n<p>Em seu perfil no Twitter, o presidente Luiz In\u00e1cio Lula da Silva afirmou que conversou com o governador do Rio Grande do Sul, Eduardo Leite, para refor\u00e7ar a perspectiva federal de pronto suporte ao estado. &#8220;Conversei h\u00e1 pouco com o governador Eduardo Leite e&nbsp;reforcei que o Governo Federal est\u00e1 \u00e0 disposi\u00e7\u00e3o dos ga\u00fachos para enfrentar essa crise&#8221;, escreveu.&nbsp;&nbsp;<\/p>\n\n\n\n<p><strong>Prioridade s\u00e3o vidas\u00a0<\/strong><\/p>\n\n\n\n<p>Segundo Pimenta, enquanto n\u00e3o \u00e9 poss\u00edvel mensurar com precis\u00e3o os preju\u00edzos materiais e estruturais, a prioridade \u00e9 dar o atendimento emergencial \u00e0s v\u00edtimas.\u00a0\u201cTodo o nosso esfor\u00e7o \u00e9 para salvar vidas. N\u00f3s temos muitas pessoas em comunidades isoladas, em \u00e1reas de risco. Mobilizamos botes do Ex\u00e9rcito, deslocados da regi\u00e3o da fronteira, para auxiliar no resgate de pessoas em \u00e1reas alagadi\u00e7as onde os helic\u00f3pteros n\u00e3o podem pousar. Mobilizamos mais tr\u00eas helic\u00f3pteros ontem, junto \u00e0 Pol\u00edcia Rodovi\u00e1ria Federal, ao Minist\u00e9rio da Defesa, e agora estamos trabalhando para conseguir mais tr\u00eas helic\u00f3pteros\u201d, registrou o ministro.<\/p>\n\n\n\n<p>\u201cO helic\u00f3ptero nesse momento \u00e9 fundamental para chegar a essas comunidades, chegar a essas fam\u00edlias, retirar as pessoas de \u00e1reas de risco. Nesse momento essa \u00e9 a prioridade. Abrigo e seguran\u00e7a para as pessoas, \u00e1gua pot\u00e1vel, alimenta\u00e7\u00e3o. \u00c9 o b\u00e1sico para poder passar pelo momento mais cr\u00edtico\u201d, completou Pimenta, que est\u00e1 acompanhado do ministro Waldez G\u00f3es (Integra\u00e7\u00e3o e Desenvolvimento Regional) e do Secret\u00e1rio Nacional de Prote\u00e7\u00e3o e Defesa Civil, Wolnei Aparecido Wolff.<\/p>\n\n\n\n<p><strong>Emerg\u00eancia e calamidade\u00a0<\/strong><\/p>\n\n\n\n<p>Uma equipe da Defesa Civil Nacional est\u00e1 dando apoio \u00e0s prefeituras nos pedidos de solicita\u00e7\u00e3o de situa\u00e7\u00e3o de emerg\u00eancia e de repasse de recursos. A partir da situa\u00e7\u00e3o de emerg\u00eancia ou calamidade p\u00fablica reconhecida, o Governo Federal pode adotar uma s\u00e9rie de medidas para atender a popula\u00e7\u00e3o afetada:<\/p>\n\n\n\n<p>\u00bb Unificar o calend\u00e1rio de pagamento do Bolsa Fam\u00edlia, que em setembro tem in\u00edcio na segunda-feira (18.09)<\/p>\n\n\n\n<p>\u00bb Antecipar parcela do Benef\u00edcio de Presta\u00e7\u00e3o Continuada (BPC), que corresponde a um sal\u00e1rio m\u00ednimo, e caso o benefici\u00e1rio solicite, antecipar outra parcela, que podem ser reembolsadas em at\u00e9 36 meses, sem juros ou encargos<\/p>\n\n\n\n<p>\u00bb Repassar recursos extraordin\u00e1rios para a rede de assist\u00eancia social, que realiza o servi\u00e7o de apoio e prote\u00e7\u00e3o \u00e0 popula\u00e7\u00e3o com a oferta de alojamentos provis\u00f3rios, aten\u00e7\u00f5es e provis\u00f5es materiais, conforme as necessidades detectadas<\/p>\n\n\n\n<p>\u00bb Envio de cestas de alimentos<\/p>\n\n\n\n<p>\u00bb Recursos pelo Fomento Rural, no valor de R$ 4,6 mil, a pequenos agricultores que tiveram perda na produ\u00e7\u00e3o.<\/p>\n","protected":false},"excerpt":{"rendered":"<p>O Vale do Taquari recebeu nesta quarta-feira (6\/9) comitiva de ministros do governo federal e representantes da Defesa Civil. Um dos objetivos \u00e9 tamb\u00e9m auxiliar para que os planos de trabalho das prefeituras sejam feitos da forma mais precisa e \u00e1gil. \u00c9 dessa forma que o Governo Federal pode liberar os recursos previstos para reconstru\u00e7\u00e3o [&hellip;]<\/p>\n","protected":false},"author":8,"featured_media":139235,"comment_status":"open","ping_status":"open","sticky":false,"template":"","format":"standard","meta":{"pmpro_default_level":"","_jetpack_memberships_contains_paid_content":false,"footnotes":""},"categories":[2,3],"tags":[],"class_list":{"0":"post-139233","1":"post","2":"type-post","3":"status-publish","4":"format-standard","5":"has-post-thumbnail","7":"category-featured","8":"category-geral","9":"pmpro-has-access"},"yoast_head":"<!-- This site is optimized with the Yoast SEO plugin v27.4 - https:\/\/yoast.com\/product\/yoast-seo-wordpress\/ -->\n<title>Governo federal promete recursos e apoio aos munic\u00edpios atingidos pela enchente - Folha Popular<\/title>\n<meta name=\"robots\" content=\"index, follow, max-snippet:-1, max-image-preview:large, max-video-preview:-1\" \/>\n<link rel=\"canonical\" href=\"https:\/\/folhapopular.info\/index.php\/2023\/09\/06\/governo-federal-promete-recursos-e-apoio-aos-municipios-atingidos-pela-enchente\/\" \/>\n<meta property=\"og:locale\" content=\"pt_BR\" \/>\n<meta property=\"og:type\" content=\"article\" \/>\n<meta property=\"og:title\" content=\"Governo federal promete recursos e apoio aos munic\u00edpios atingidos pela enchente - Folha Popular\" \/>\n<meta property=\"og:description\" content=\"O Vale do Taquari recebeu nesta quarta-feira (6\/9) comitiva de ministros do governo federal e representantes da Defesa Civil. Um dos objetivos \u00e9 tamb\u00e9m auxiliar para que os planos de trabalho das prefeituras sejam feitos da forma mais precisa e \u00e1gil. \u00c9 dessa forma que o Governo Federal pode liberar os recursos previstos para reconstru\u00e7\u00e3o [&hellip;]\" \/>\n<meta property=\"og:url\" content=\"https:\/\/folhapopular.info\/index.php\/2023\/09\/06\/governo-federal-promete-recursos-e-apoio-aos-municipios-atingidos-pela-enchente\/\" \/>\n<meta property=\"og:site_name\" content=\"Folha Popular\" \/>\n<meta property=\"article:published_time\" content=\"2023-09-06T15:04:30+00:00\" \/>\n<meta property=\"article:modified_time\" content=\"2023-09-06T15:04:34+00:00\" \/>\n<meta property=\"og:image\" content=\"http:\/\/folhapopular.info\/wp-content\/uploads\/2023\/09\/1b44599c-0c81-4801-933e-b52555d845e9.jpeg\" \/>\n\t<meta property=\"og:image:width\" content=\"768\" \/>\n\t<meta property=\"og:image:height\" content=\"512\" \/>\n\t<meta property=\"og:image:type\" content=\"image\/jpeg\" \/>\n<meta name=\"author\" content=\"Reda\u00e7\u00e3o Folha Popular\" \/>\n<meta name=\"twitter:card\" content=\"summary_large_image\" \/>\n<meta name=\"twitter:label1\" content=\"Escrito por\" \/>\n\t<meta name=\"twitter:data1\" content=\"Reda\u00e7\u00e3o Folha Popular\" \/>\n\t<meta name=\"twitter:label2\" content=\"Est. tempo de leitura\" \/>\n\t<meta name=\"twitter:data2\" content=\"4 minutos\" \/>\n<script type=\"application\/ld+json\" class=\"yoast-schema-graph\">{\"@context\":\"https:\\\/\\\/schema.org\",\"@graph\":[{\"@type\":\"Article\",\"@id\":\"https:\\\/\\\/folhapopular.info\\\/index.php\\\/2023\\\/09\\\/06\\\/governo-federal-promete-recursos-e-apoio-aos-municipios-atingidos-pela-enchente\\\/#article\",\"isPartOf\":{\"@id\":\"https:\\\/\\\/folhapopular.info\\\/index.php\\\/2023\\\/09\\\/06\\\/governo-federal-promete-recursos-e-apoio-aos-municipios-atingidos-pela-enchente\\\/\"},\"author\":{\"name\":\"Reda\u00e7\u00e3o Folha Popular\",\"@id\":\"https:\\\/\\\/folhapopular.info\\\/#\\\/schema\\\/person\\\/2814e8a0df7643585a9ca38bc6eb9d4b\"},\"headline\":\"Governo federal promete recursos e apoio aos munic\u00edpios atingidos pela enchente\",\"datePublished\":\"2023-09-06T15:04:30+00:00\",\"dateModified\":\"2023-09-06T15:04:34+00:00\",\"mainEntityOfPage\":{\"@id\":\"https:\\\/\\\/folhapopular.info\\\/index.php\\\/2023\\\/09\\\/06\\\/governo-federal-promete-recursos-e-apoio-aos-municipios-atingidos-pela-enchente\\\/\"},\"wordCount\":709,\"commentCount\":0,\"image\":{\"@id\":\"https:\\\/\\\/folhapopular.info\\\/index.php\\\/2023\\\/09\\\/06\\\/governo-federal-promete-recursos-e-apoio-aos-municipios-atingidos-pela-enchente\\\/#primaryimage\"},\"thumbnailUrl\":\"https:\\\/\\\/folhapopular.info\\\/wp-content\\\/uploads\\\/2023\\\/09\\\/1b44599c-0c81-4801-933e-b52555d845e9.jpeg\",\"articleSection\":[\"Destaques\",\"Geral\"],\"inLanguage\":\"pt-BR\",\"potentialAction\":[{\"@type\":\"CommentAction\",\"name\":\"Comment\",\"target\":[\"https:\\\/\\\/folhapopular.info\\\/index.php\\\/2023\\\/09\\\/06\\\/governo-federal-promete-recursos-e-apoio-aos-municipios-atingidos-pela-enchente\\\/#respond\"]}]},{\"@type\":\"WebPage\",\"@id\":\"https:\\\/\\\/folhapopular.info\\\/index.php\\\/2023\\\/09\\\/06\\\/governo-federal-promete-recursos-e-apoio-aos-municipios-atingidos-pela-enchente\\\/\",\"url\":\"https:\\\/\\\/folhapopular.info\\\/index.php\\\/2023\\\/09\\\/06\\\/governo-federal-promete-recursos-e-apoio-aos-municipios-atingidos-pela-enchente\\\/\",\"name\":\"Governo federal promete recursos e apoio aos munic\u00edpios atingidos pela enchente - Folha Popular\",\"isPartOf\":{\"@id\":\"https:\\\/\\\/folhapopular.info\\\/#website\"},\"primaryImageOfPage\":{\"@id\":\"https:\\\/\\\/folhapopular.info\\\/index.php\\\/2023\\\/09\\\/06\\\/governo-federal-promete-recursos-e-apoio-aos-municipios-atingidos-pela-enchente\\\/#primaryimage\"},\"image\":{\"@id\":\"https:\\\/\\\/folhapopular.info\\\/index.php\\\/2023\\\/09\\\/06\\\/governo-federal-promete-recursos-e-apoio-aos-municipios-atingidos-pela-enchente\\\/#primaryimage\"},\"thumbnailUrl\":\"https:\\\/\\\/folhapopular.info\\\/wp-content\\\/uploads\\\/2023\\\/09\\\/1b44599c-0c81-4801-933e-b52555d845e9.jpeg\",\"datePublished\":\"2023-09-06T15:04:30+00:00\",\"dateModified\":\"2023-09-06T15:04:34+00:00\",\"author\":{\"@id\":\"https:\\\/\\\/folhapopular.info\\\/#\\\/schema\\\/person\\\/2814e8a0df7643585a9ca38bc6eb9d4b\"},\"breadcrumb\":{\"@id\":\"https:\\\/\\\/folhapopular.info\\\/index.php\\\/2023\\\/09\\\/06\\\/governo-federal-promete-recursos-e-apoio-aos-municipios-atingidos-pela-enchente\\\/#breadcrumb\"},\"inLanguage\":\"pt-BR\",\"potentialAction\":[{\"@type\":\"ReadAction\",\"target\":[\"https:\\\/\\\/folhapopular.info\\\/index.php\\\/2023\\\/09\\\/06\\\/governo-federal-promete-recursos-e-apoio-aos-municipios-atingidos-pela-enchente\\\/\"]}]},{\"@type\":\"ImageObject\",\"inLanguage\":\"pt-BR\",\"@id\":\"https:\\\/\\\/folhapopular.info\\\/index.php\\\/2023\\\/09\\\/06\\\/governo-federal-promete-recursos-e-apoio-aos-municipios-atingidos-pela-enchente\\\/#primaryimage\",\"url\":\"https:\\\/\\\/folhapopular.info\\\/wp-content\\\/uploads\\\/2023\\\/09\\\/1b44599c-0c81-4801-933e-b52555d845e9.jpeg\",\"contentUrl\":\"https:\\\/\\\/folhapopular.info\\\/wp-content\\\/uploads\\\/2023\\\/09\\\/1b44599c-0c81-4801-933e-b52555d845e9.jpeg\",\"width\":768,\"height\":512,\"caption\":\"Ministros deram entrevista coletiva\"},{\"@type\":\"BreadcrumbList\",\"@id\":\"https:\\\/\\\/folhapopular.info\\\/index.php\\\/2023\\\/09\\\/06\\\/governo-federal-promete-recursos-e-apoio-aos-municipios-atingidos-pela-enchente\\\/#breadcrumb\",\"itemListElement\":[{\"@type\":\"ListItem\",\"position\":1,\"name\":\"In\u00edcio\",\"item\":\"https:\\\/\\\/folhapopular.info\\\/\"},{\"@type\":\"ListItem\",\"position\":2,\"name\":\"Governo federal promete recursos e apoio aos munic\u00edpios atingidos pela enchente\"}]},{\"@type\":\"WebSite\",\"@id\":\"https:\\\/\\\/folhapopular.info\\\/#website\",\"url\":\"https:\\\/\\\/folhapopular.info\\\/\",\"name\":\"Folha Popular\",\"description\":\"Onde voc\u00ea tem vez e voz\",\"potentialAction\":[{\"@type\":\"SearchAction\",\"target\":{\"@type\":\"EntryPoint\",\"urlTemplate\":\"https:\\\/\\\/folhapopular.info\\\/?s={search_term_string}\"},\"query-input\":{\"@type\":\"PropertyValueSpecification\",\"valueRequired\":true,\"valueName\":\"search_term_string\"}}],\"inLanguage\":\"pt-BR\"},{\"@type\":\"Person\",\"@id\":\"https:\\\/\\\/folhapopular.info\\\/#\\\/schema\\\/person\\\/2814e8a0df7643585a9ca38bc6eb9d4b\",\"name\":\"Reda\u00e7\u00e3o Folha Popular\",\"image\":{\"@type\":\"ImageObject\",\"inLanguage\":\"pt-BR\",\"@id\":\"https:\\\/\\\/folhapopular.info\\\/wp-content\\\/uploads\\\/2026\\\/04\\\/Folha-1.webp\",\"url\":\"https:\\\/\\\/folhapopular.info\\\/wp-content\\\/uploads\\\/2026\\\/04\\\/Folha-1.webp\",\"contentUrl\":\"https:\\\/\\\/folhapopular.info\\\/wp-content\\\/uploads\\\/2026\\\/04\\\/Folha-1.webp\",\"caption\":\"Reda\u00e7\u00e3o Folha Popular\"},\"url\":\"https:\\\/\\\/folhapopular.info\\\/index.php\\\/author\\\/redacao\\\/\"}]}<\/script>\n<!-- \/ Yoast SEO plugin. -->","yoast_head_json":{"title":"Governo federal promete recursos e apoio aos munic\u00edpios atingidos pela enchente - Folha Popular","robots":{"index":"index","follow":"follow","max-snippet":"max-snippet:-1","max-image-preview":"max-image-preview:large","max-video-preview":"max-video-preview:-1"},"canonical":"https:\/\/folhapopular.info\/index.php\/2023\/09\/06\/governo-federal-promete-recursos-e-apoio-aos-municipios-atingidos-pela-enchente\/","og_locale":"pt_BR","og_type":"article","og_title":"Governo federal promete recursos e apoio aos munic\u00edpios atingidos pela enchente - Folha Popular","og_description":"O Vale do Taquari recebeu nesta quarta-feira (6\/9) comitiva de ministros do governo federal e representantes da Defesa Civil. Um dos objetivos \u00e9 tamb\u00e9m auxiliar para que os planos de trabalho das prefeituras sejam feitos da forma mais precisa e \u00e1gil. \u00c9 dessa forma que o Governo Federal pode liberar os recursos previstos para reconstru\u00e7\u00e3o [&hellip;]","og_url":"https:\/\/folhapopular.info\/index.php\/2023\/09\/06\/governo-federal-promete-recursos-e-apoio-aos-municipios-atingidos-pela-enchente\/","og_site_name":"Folha Popular","article_published_time":"2023-09-06T15:04:30+00:00","article_modified_time":"2023-09-06T15:04:34+00:00","og_image":[{"width":768,"height":512,"url":"http:\/\/folhapopular.info\/wp-content\/uploads\/2023\/09\/1b44599c-0c81-4801-933e-b52555d845e9.jpeg","type":"image\/jpeg"}],"author":"Reda\u00e7\u00e3o Folha Popular","twitter_card":"summary_large_image","twitter_misc":{"Escrito por":"Reda\u00e7\u00e3o Folha Popular","Est. tempo de leitura":"4 minutos"},"schema":{"@context":"https:\/\/schema.org","@graph":[{"@type":"Article","@id":"https:\/\/folhapopular.info\/index.php\/2023\/09\/06\/governo-federal-promete-recursos-e-apoio-aos-municipios-atingidos-pela-enchente\/#article","isPartOf":{"@id":"https:\/\/folhapopular.info\/index.php\/2023\/09\/06\/governo-federal-promete-recursos-e-apoio-aos-municipios-atingidos-pela-enchente\/"},"author":{"name":"Reda\u00e7\u00e3o Folha Popular","@id":"https:\/\/folhapopular.info\/#\/schema\/person\/2814e8a0df7643585a9ca38bc6eb9d4b"},"headline":"Governo federal promete recursos e apoio aos munic\u00edpios atingidos pela enchente","datePublished":"2023-09-06T15:04:30+00:00","dateModified":"2023-09-06T15:04:34+00:00","mainEntityOfPage":{"@id":"https:\/\/folhapopular.info\/index.php\/2023\/09\/06\/governo-federal-promete-recursos-e-apoio-aos-municipios-atingidos-pela-enchente\/"},"wordCount":709,"commentCount":0,"image":{"@id":"https:\/\/folhapopular.info\/index.php\/2023\/09\/06\/governo-federal-promete-recursos-e-apoio-aos-municipios-atingidos-pela-enchente\/#primaryimage"},"thumbnailUrl":"https:\/\/folhapopular.info\/wp-content\/uploads\/2023\/09\/1b44599c-0c81-4801-933e-b52555d845e9.jpeg","articleSection":["Destaques","Geral"],"inLanguage":"pt-BR","potentialAction":[{"@type":"CommentAction","name":"Comment","target":["https:\/\/folhapopular.info\/index.php\/2023\/09\/06\/governo-federal-promete-recursos-e-apoio-aos-municipios-atingidos-pela-enchente\/#respond"]}]},{"@type":"WebPage","@id":"https:\/\/folhapopular.info\/index.php\/2023\/09\/06\/governo-federal-promete-recursos-e-apoio-aos-municipios-atingidos-pela-enchente\/","url":"https:\/\/folhapopular.info\/index.php\/2023\/09\/06\/governo-federal-promete-recursos-e-apoio-aos-municipios-atingidos-pela-enchente\/","name":"Governo federal promete recursos e apoio aos munic\u00edpios atingidos pela enchente - Folha Popular","isPartOf":{"@id":"https:\/\/folhapopular.info\/#website"},"primaryImageOfPage":{"@id":"https:\/\/folhapopular.info\/index.php\/2023\/09\/06\/governo-federal-promete-recursos-e-apoio-aos-municipios-atingidos-pela-enchente\/#primaryimage"},"image":{"@id":"https:\/\/folhapopular.info\/index.php\/2023\/09\/06\/governo-federal-promete-recursos-e-apoio-aos-municipios-atingidos-pela-enchente\/#primaryimage"},"thumbnailUrl":"https:\/\/folhapopular.info\/wp-content\/uploads\/2023\/09\/1b44599c-0c81-4801-933e-b52555d845e9.jpeg","datePublished":"2023-09-06T15:04:30+00:00","dateModified":"2023-09-06T15:04:34+00:00","author":{"@id":"https:\/\/folhapopular.info\/#\/schema\/person\/2814e8a0df7643585a9ca38bc6eb9d4b"},"breadcrumb":{"@id":"https:\/\/folhapopular.info\/index.php\/2023\/09\/06\/governo-federal-promete-recursos-e-apoio-aos-municipios-atingidos-pela-enchente\/#breadcrumb"},"inLanguage":"pt-BR","potentialAction":[{"@type":"ReadAction","target":["https:\/\/folhapopular.info\/index.php\/2023\/09\/06\/governo-federal-promete-recursos-e-apoio-aos-municipios-atingidos-pela-enchente\/"]}]},{"@type":"ImageObject","inLanguage":"pt-BR","@id":"https:\/\/folhapopular.info\/index.php\/2023\/09\/06\/governo-federal-promete-recursos-e-apoio-aos-municipios-atingidos-pela-enchente\/#primaryimage","url":"https:\/\/folhapopular.info\/wp-content\/uploads\/2023\/09\/1b44599c-0c81-4801-933e-b52555d845e9.jpeg","contentUrl":"https:\/\/folhapopular.info\/wp-content\/uploads\/2023\/09\/1b44599c-0c81-4801-933e-b52555d845e9.jpeg","width":768,"height":512,"caption":"Ministros deram entrevista coletiva"},{"@type":"BreadcrumbList","@id":"https:\/\/folhapopular.info\/index.php\/2023\/09\/06\/governo-federal-promete-recursos-e-apoio-aos-municipios-atingidos-pela-enchente\/#breadcrumb","itemListElement":[{"@type":"ListItem","position":1,"name":"In\u00edcio","item":"https:\/\/folhapopular.info\/"},{"@type":"ListItem","position":2,"name":"Governo federal promete recursos e apoio aos munic\u00edpios atingidos pela enchente"}]},{"@type":"WebSite","@id":"https:\/\/folhapopular.info\/#website","url":"https:\/\/folhapopular.info\/","name":"Folha Popular","description":"Onde voc\u00ea tem vez e voz","potentialAction":[{"@type":"SearchAction","target":{"@type":"EntryPoint","urlTemplate":"https:\/\/folhapopular.info\/?s={search_term_string}"},"query-input":{"@type":"PropertyValueSpecification","valueRequired":true,"valueName":"search_term_string"}}],"inLanguage":"pt-BR"},{"@type":"Person","@id":"https:\/\/folhapopular.info\/#\/schema\/person\/2814e8a0df7643585a9ca38bc6eb9d4b","name":"Reda\u00e7\u00e3o Folha Popular","image":{"@type":"ImageObject","inLanguage":"pt-BR","@id":"https:\/\/folhapopular.info\/wp-content\/uploads\/2026\/04\/Folha-1.webp","url":"https:\/\/folhapopular.info\/wp-content\/uploads\/2026\/04\/Folha-1.webp","contentUrl":"https:\/\/folhapopular.info\/wp-content\/uploads\/2026\/04\/Folha-1.webp","caption":"Reda\u00e7\u00e3o Folha Popular"},"url":"https:\/\/folhapopular.info\/index.php\/author\/redacao\/"}]}},"jetpack_featured_media_url":"https:\/\/folhapopular.info\/wp-content\/uploads\/2023\/09\/1b44599c-0c81-4801-933e-b52555d845e9.jpeg","jetpack_sharing_enabled":true,"amp_enabled":true,"_links":{"self":[{"href":"https:\/\/folhapopular.info\/index.php\/wp-json\/wp\/v2\/posts\/139233","targetHints":{"allow":["GET"]}}],"collection":[{"href":"https:\/\/folhapopular.info\/index.php\/wp-json\/wp\/v2\/posts"}],"about":[{"href":"https:\/\/folhapopular.info\/index.php\/wp-json\/wp\/v2\/types\/post"}],"author":[{"embeddable":true,"href":"https:\/\/folhapopular.info\/index.php\/wp-json\/wp\/v2\/users\/8"}],"replies":[{"embeddable":true,"href":"https:\/\/folhapopular.info\/index.php\/wp-json\/wp\/v2\/comments?post=139233"}],"version-history":[{"count":0,"href":"https:\/\/folhapopular.info\/index.php\/wp-json\/wp\/v2\/posts\/139233\/revisions"}],"wp:featuredmedia":[{"embeddable":true,"href":"https:\/\/folhapopular.info\/index.php\/wp-json\/wp\/v2\/media\/139235"}],"wp:attachment":[{"href":"https:\/\/folhapopular.info\/index.php\/wp-json\/wp\/v2\/media?parent=139233"}],"wp:term":[{"taxonomy":"category","embeddable":true,"href":"https:\/\/folhapopular.info\/index.php\/wp-json\/wp\/v2\/categories?post=139233"},{"taxonomy":"post_tag","embeddable":true,"href":"https:\/\/folhapopular.info\/index.php\/wp-json\/wp\/v2\/tags?post=139233"}],"curies":[{"name":"wp","href":"https:\/\/api.w.org\/{rel}","templated":true}]}}