{"id":139256,"date":"2023-09-06T16:33:45","date_gmt":"2023-09-06T19:33:45","guid":{"rendered":"https:\/\/folhapopular.info\/?p=139256"},"modified":"2023-09-06T16:36:24","modified_gmt":"2023-09-06T19:36:24","slug":"enchente-adia-eventos-esportivos-para-os-proximos-dias-na-regiao","status":"publish","type":"post","link":"https:\/\/folhapopular.info\/index.php\/2023\/09\/06\/enchente-adia-eventos-esportivos-para-os-proximos-dias-na-regiao\/","title":{"rendered":"Enchente adia eventos esportivos para os pr\u00f3ximos dias na regi\u00e3o"},"content":{"rendered":"\n<p>A enchente que afetou o Vale do Taquari nessa segunda e ter\u00e7a-feira (4 e 5\/9) adiou diversas programa\u00e7\u00f5es. O esporte regional praticamente vai parar em respeito e solidariedade \u00e0s fam\u00edlias atingidas pelo desastre natural.<\/p>\n\n\n\n<p>A 5\u00aa Supercopa Popular de Futsal teve seu adiamento ainda na ter\u00e7a-feira pela manh\u00e3. A rodada que falta para terminar a primeira fase da competi\u00e7\u00e3o est\u00e1 prevista para ser disputada na pr\u00f3xima quarta-feira (13\/9).<\/p>\n\n\n\n<p>O Campeonato Municipal de Futsal de Po\u00e7o das Antas, que come\u00e7aria mais uma edi\u00e7\u00e3o nesta sexta-feira (8\/9), foi adiado para o dia 22 de setembro.<\/p>\n\n\n\n<p>A Sociedade Gin\u00e1stica de Estrela (Soges) adiou a rodada da competi\u00e7\u00e3o de futebol sete deste s\u00e1bado (9\/9).<\/p>\n\n\n\n<p>E o Campeonato Regional da Aslivata tamb\u00e9m pode ter os jogos transferidos. A reportagem entrou em contato com o presidente Vianei Batisa Hammes e aguarda o pronunciamento oficial.<\/p>\n","protected":false},"excerpt":{"rendered":"<p>A enchente que afetou o Vale do Taquari nessa segunda e ter\u00e7a-feira (4 e 5\/9) adiou diversas programa\u00e7\u00f5es. O esporte regional praticamente vai parar em respeito e solidariedade \u00e0s fam\u00edlias atingidas pelo desastre natural. A 5\u00aa Supercopa Popular de Futsal teve seu adiamento ainda na ter\u00e7a-feira pela manh\u00e3. A rodada que falta para terminar a [&hellip;]<\/p>\n","protected":false},"author":601,"featured_media":139260,"comment_status":"open","ping_status":"open","sticky":false,"template":"","format":"standard","meta":{"pmpro_default_level":"","_jetpack_memberships_contains_paid_content":false,"footnotes":""},"categories":[5,240,288],"tags":[12444,8571,4170,137,498],"class_list":{"0":"post-139256","1":"post","2":"type-post","3":"status-publish","4":"format-standard","5":"has-post-thumbnail","7":"category-esportes","8":"category-futebol-amador","9":"category-regional-da-aslivata","10":"tag-adiamentos","11":"tag-campeonatos","12":"tag-enchente","13":"tag-esporte","14":"tag-futebol","15":"pmpro-has-access"},"yoast_head":"<!-- This site is optimized with the Yoast SEO plugin v27.5 - https:\/\/yoast.com\/product\/yoast-seo-wordpress\/ -->\n<title>Enchente adia eventos esportivos para os pr\u00f3ximos dias na regi\u00e3o - Folha Popular<\/title>\n<meta name=\"robots\" content=\"index, follow, max-snippet:-1, max-image-preview:large, max-video-preview:-1\" \/>\n<link rel=\"canonical\" href=\"https:\/\/folhapopular.info\/index.php\/2023\/09\/06\/enchente-adia-eventos-esportivos-para-os-proximos-dias-na-regiao\/\" \/>\n<meta property=\"og:locale\" content=\"pt_BR\" \/>\n<meta property=\"og:type\" content=\"article\" \/>\n<meta property=\"og:title\" content=\"Enchente adia eventos esportivos para os pr\u00f3ximos dias na regi\u00e3o - Folha Popular\" \/>\n<meta property=\"og:description\" content=\"A enchente que afetou o Vale do Taquari nessa segunda e ter\u00e7a-feira (4 e 5\/9) adiou diversas programa\u00e7\u00f5es. O esporte regional praticamente vai parar em respeito e solidariedade \u00e0s fam\u00edlias atingidas pelo desastre natural. A 5\u00aa Supercopa Popular de Futsal teve seu adiamento ainda na ter\u00e7a-feira pela manh\u00e3. A rodada que falta para terminar a [&hellip;]\" \/>\n<meta property=\"og:url\" content=\"https:\/\/folhapopular.info\/index.php\/2023\/09\/06\/enchente-adia-eventos-esportivos-para-os-proximos-dias-na-regiao\/\" \/>\n<meta property=\"og:site_name\" content=\"Folha Popular\" \/>\n<meta property=\"article:published_time\" content=\"2023-09-06T19:33:45+00:00\" \/>\n<meta property=\"article:modified_time\" content=\"2023-09-06T19:36:24+00:00\" \/>\n<meta property=\"og:image\" content=\"http:\/\/folhapopular.info\/wp-content\/uploads\/2023\/09\/WhatsApp-Image-2023-09-06-at-13.09.45.jpeg\" \/>\n\t<meta property=\"og:image:width\" content=\"1280\" \/>\n\t<meta property=\"og:image:height\" content=\"720\" \/>\n\t<meta property=\"og:image:type\" content=\"image\/jpeg\" \/>\n<meta name=\"author\" content=\"Carla Beckmann\" \/>\n<meta name=\"twitter:card\" content=\"summary_large_image\" \/>\n<meta name=\"twitter:label1\" content=\"Escrito por\" \/>\n\t<meta name=\"twitter:data1\" content=\"Carla Beckmann\" \/>\n\t<meta name=\"twitter:label2\" content=\"Est. tempo de leitura\" \/>\n\t<meta name=\"twitter:data2\" content=\"1 minuto\" \/>\n<script type=\"application\/ld+json\" class=\"yoast-schema-graph\">{\"@context\":\"https:\\\/\\\/schema.org\",\"@graph\":[{\"@type\":\"Article\",\"@id\":\"https:\\\/\\\/folhapopular.info\\\/index.php\\\/2023\\\/09\\\/06\\\/enchente-adia-eventos-esportivos-para-os-proximos-dias-na-regiao\\\/#article\",\"isPartOf\":{\"@id\":\"https:\\\/\\\/folhapopular.info\\\/index.php\\\/2023\\\/09\\\/06\\\/enchente-adia-eventos-esportivos-para-os-proximos-dias-na-regiao\\\/\"},\"author\":{\"name\":\"Carla Beckmann\",\"@id\":\"https:\\\/\\\/folhapopular.info\\\/#\\\/schema\\\/person\\\/c9138938e4781f3e1ca513f9bea5659c\"},\"headline\":\"Enchente adia eventos esportivos para os pr\u00f3ximos dias na regi\u00e3o\",\"datePublished\":\"2023-09-06T19:33:45+00:00\",\"dateModified\":\"2023-09-06T19:36:24+00:00\",\"mainEntityOfPage\":{\"@id\":\"https:\\\/\\\/folhapopular.info\\\/index.php\\\/2023\\\/09\\\/06\\\/enchente-adia-eventos-esportivos-para-os-proximos-dias-na-regiao\\\/\"},\"wordCount\":156,\"commentCount\":0,\"image\":{\"@id\":\"https:\\\/\\\/folhapopular.info\\\/index.php\\\/2023\\\/09\\\/06\\\/enchente-adia-eventos-esportivos-para-os-proximos-dias-na-regiao\\\/#primaryimage\"},\"thumbnailUrl\":\"https:\\\/\\\/folhapopular.info\\\/wp-content\\\/uploads\\\/2023\\\/09\\\/WhatsApp-Image-2023-09-06-at-13.09.45.jpeg\",\"keywords\":[\"Adiamentos\",\"Campeonatos\",\"Enchente\",\"Esporte\",\"Futebol\"],\"articleSection\":[\"Esportes\",\"Futebol Amador\",\"Regional da Aslivata\"],\"inLanguage\":\"pt-BR\",\"potentialAction\":[{\"@type\":\"CommentAction\",\"name\":\"Comment\",\"target\":[\"https:\\\/\\\/folhapopular.info\\\/index.php\\\/2023\\\/09\\\/06\\\/enchente-adia-eventos-esportivos-para-os-proximos-dias-na-regiao\\\/#respond\"]}]},{\"@type\":\"WebPage\",\"@id\":\"https:\\\/\\\/folhapopular.info\\\/index.php\\\/2023\\\/09\\\/06\\\/enchente-adia-eventos-esportivos-para-os-proximos-dias-na-regiao\\\/\",\"url\":\"https:\\\/\\\/folhapopular.info\\\/index.php\\\/2023\\\/09\\\/06\\\/enchente-adia-eventos-esportivos-para-os-proximos-dias-na-regiao\\\/\",\"name\":\"Enchente adia eventos esportivos para os pr\u00f3ximos dias na regi\u00e3o - Folha Popular\",\"isPartOf\":{\"@id\":\"https:\\\/\\\/folhapopular.info\\\/#website\"},\"primaryImageOfPage\":{\"@id\":\"https:\\\/\\\/folhapopular.info\\\/index.php\\\/2023\\\/09\\\/06\\\/enchente-adia-eventos-esportivos-para-os-proximos-dias-na-regiao\\\/#primaryimage\"},\"image\":{\"@id\":\"https:\\\/\\\/folhapopular.info\\\/index.php\\\/2023\\\/09\\\/06\\\/enchente-adia-eventos-esportivos-para-os-proximos-dias-na-regiao\\\/#primaryimage\"},\"thumbnailUrl\":\"https:\\\/\\\/folhapopular.info\\\/wp-content\\\/uploads\\\/2023\\\/09\\\/WhatsApp-Image-2023-09-06-at-13.09.45.jpeg\",\"datePublished\":\"2023-09-06T19:33:45+00:00\",\"dateModified\":\"2023-09-06T19:36:24+00:00\",\"author\":{\"@id\":\"https:\\\/\\\/folhapopular.info\\\/#\\\/schema\\\/person\\\/c9138938e4781f3e1ca513f9bea5659c\"},\"breadcrumb\":{\"@id\":\"https:\\\/\\\/folhapopular.info\\\/index.php\\\/2023\\\/09\\\/06\\\/enchente-adia-eventos-esportivos-para-os-proximos-dias-na-regiao\\\/#breadcrumb\"},\"inLanguage\":\"pt-BR\",\"potentialAction\":[{\"@type\":\"ReadAction\",\"target\":[\"https:\\\/\\\/folhapopular.info\\\/index.php\\\/2023\\\/09\\\/06\\\/enchente-adia-eventos-esportivos-para-os-proximos-dias-na-regiao\\\/\"]}]},{\"@type\":\"ImageObject\",\"inLanguage\":\"pt-BR\",\"@id\":\"https:\\\/\\\/folhapopular.info\\\/index.php\\\/2023\\\/09\\\/06\\\/enchente-adia-eventos-esportivos-para-os-proximos-dias-na-regiao\\\/#primaryimage\",\"url\":\"https:\\\/\\\/folhapopular.info\\\/wp-content\\\/uploads\\\/2023\\\/09\\\/WhatsApp-Image-2023-09-06-at-13.09.45.jpeg\",\"contentUrl\":\"https:\\\/\\\/folhapopular.info\\\/wp-content\\\/uploads\\\/2023\\\/09\\\/WhatsApp-Image-2023-09-06-at-13.09.45.jpeg\",\"width\":1280,\"height\":720,\"caption\":\"Situa\u00e7\u00e3o atual de Mu\u00e7um \\\/ Cr\u00e9dito: Marcos Vin\u00edcius Bilhar\"},{\"@type\":\"BreadcrumbList\",\"@id\":\"https:\\\/\\\/folhapopular.info\\\/index.php\\\/2023\\\/09\\\/06\\\/enchente-adia-eventos-esportivos-para-os-proximos-dias-na-regiao\\\/#breadcrumb\",\"itemListElement\":[{\"@type\":\"ListItem\",\"position\":1,\"name\":\"In\u00edcio\",\"item\":\"https:\\\/\\\/folhapopular.info\\\/\"},{\"@type\":\"ListItem\",\"position\":2,\"name\":\"Enchente adia eventos esportivos para os pr\u00f3ximos dias na regi\u00e3o\"}]},{\"@type\":\"WebSite\",\"@id\":\"https:\\\/\\\/folhapopular.info\\\/#website\",\"url\":\"https:\\\/\\\/folhapopular.info\\\/\",\"name\":\"Folha Popular\",\"description\":\"Onde voc\u00ea tem vez e voz\",\"potentialAction\":[{\"@type\":\"SearchAction\",\"target\":{\"@type\":\"EntryPoint\",\"urlTemplate\":\"https:\\\/\\\/folhapopular.info\\\/?s={search_term_string}\"},\"query-input\":{\"@type\":\"PropertyValueSpecification\",\"valueRequired\":true,\"valueName\":\"search_term_string\"}}],\"inLanguage\":\"pt-BR\"},{\"@type\":\"Person\",\"@id\":\"https:\\\/\\\/folhapopular.info\\\/#\\\/schema\\\/person\\\/c9138938e4781f3e1ca513f9bea5659c\",\"name\":\"Carla Beckmann\",\"image\":{\"@type\":\"ImageObject\",\"inLanguage\":\"pt-BR\",\"@id\":\"https:\\\/\\\/secure.gravatar.com\\\/avatar\\\/790078f6ade9f70c31db5a673b88c15df0904c2847c456b3599f72843ac11eb9?s=96&d=mm&r=g\",\"url\":\"https:\\\/\\\/secure.gravatar.com\\\/avatar\\\/790078f6ade9f70c31db5a673b88c15df0904c2847c456b3599f72843ac11eb9?s=96&d=mm&r=g\",\"contentUrl\":\"https:\\\/\\\/secure.gravatar.com\\\/avatar\\\/790078f6ade9f70c31db5a673b88c15df0904c2847c456b3599f72843ac11eb9?s=96&d=mm&r=g\",\"caption\":\"Carla Beckmann\"},\"url\":\"https:\\\/\\\/folhapopular.info\\\/index.php\\\/author\\\/carlabeckmann03gmail-com\\\/\"}]}<\/script>\n<!-- \/ Yoast SEO plugin. -->","yoast_head_json":{"title":"Enchente adia eventos esportivos para os pr\u00f3ximos dias na regi\u00e3o - Folha Popular","robots":{"index":"index","follow":"follow","max-snippet":"max-snippet:-1","max-image-preview":"max-image-preview:large","max-video-preview":"max-video-preview:-1"},"canonical":"https:\/\/folhapopular.info\/index.php\/2023\/09\/06\/enchente-adia-eventos-esportivos-para-os-proximos-dias-na-regiao\/","og_locale":"pt_BR","og_type":"article","og_title":"Enchente adia eventos esportivos para os pr\u00f3ximos dias na regi\u00e3o - Folha Popular","og_description":"A enchente que afetou o Vale do Taquari nessa segunda e ter\u00e7a-feira (4 e 5\/9) adiou diversas programa\u00e7\u00f5es. O esporte regional praticamente vai parar em respeito e solidariedade \u00e0s fam\u00edlias atingidas pelo desastre natural. A 5\u00aa Supercopa Popular de Futsal teve seu adiamento ainda na ter\u00e7a-feira pela manh\u00e3. A rodada que falta para terminar a [&hellip;]","og_url":"https:\/\/folhapopular.info\/index.php\/2023\/09\/06\/enchente-adia-eventos-esportivos-para-os-proximos-dias-na-regiao\/","og_site_name":"Folha Popular","article_published_time":"2023-09-06T19:33:45+00:00","article_modified_time":"2023-09-06T19:36:24+00:00","og_image":[{"width":1280,"height":720,"url":"http:\/\/folhapopular.info\/wp-content\/uploads\/2023\/09\/WhatsApp-Image-2023-09-06-at-13.09.45.jpeg","type":"image\/jpeg"}],"author":"Carla Beckmann","twitter_card":"summary_large_image","twitter_misc":{"Escrito por":"Carla Beckmann","Est. tempo de leitura":"1 minuto"},"schema":{"@context":"https:\/\/schema.org","@graph":[{"@type":"Article","@id":"https:\/\/folhapopular.info\/index.php\/2023\/09\/06\/enchente-adia-eventos-esportivos-para-os-proximos-dias-na-regiao\/#article","isPartOf":{"@id":"https:\/\/folhapopular.info\/index.php\/2023\/09\/06\/enchente-adia-eventos-esportivos-para-os-proximos-dias-na-regiao\/"},"author":{"name":"Carla Beckmann","@id":"https:\/\/folhapopular.info\/#\/schema\/person\/c9138938e4781f3e1ca513f9bea5659c"},"headline":"Enchente adia eventos esportivos para os pr\u00f3ximos dias na regi\u00e3o","datePublished":"2023-09-06T19:33:45+00:00","dateModified":"2023-09-06T19:36:24+00:00","mainEntityOfPage":{"@id":"https:\/\/folhapopular.info\/index.php\/2023\/09\/06\/enchente-adia-eventos-esportivos-para-os-proximos-dias-na-regiao\/"},"wordCount":156,"commentCount":0,"image":{"@id":"https:\/\/folhapopular.info\/index.php\/2023\/09\/06\/enchente-adia-eventos-esportivos-para-os-proximos-dias-na-regiao\/#primaryimage"},"thumbnailUrl":"https:\/\/folhapopular.info\/wp-content\/uploads\/2023\/09\/WhatsApp-Image-2023-09-06-at-13.09.45.jpeg","keywords":["Adiamentos","Campeonatos","Enchente","Esporte","Futebol"],"articleSection":["Esportes","Futebol Amador","Regional da Aslivata"],"inLanguage":"pt-BR","potentialAction":[{"@type":"CommentAction","name":"Comment","target":["https:\/\/folhapopular.info\/index.php\/2023\/09\/06\/enchente-adia-eventos-esportivos-para-os-proximos-dias-na-regiao\/#respond"]}]},{"@type":"WebPage","@id":"https:\/\/folhapopular.info\/index.php\/2023\/09\/06\/enchente-adia-eventos-esportivos-para-os-proximos-dias-na-regiao\/","url":"https:\/\/folhapopular.info\/index.php\/2023\/09\/06\/enchente-adia-eventos-esportivos-para-os-proximos-dias-na-regiao\/","name":"Enchente adia eventos esportivos para os pr\u00f3ximos dias na regi\u00e3o - Folha Popular","isPartOf":{"@id":"https:\/\/folhapopular.info\/#website"},"primaryImageOfPage":{"@id":"https:\/\/folhapopular.info\/index.php\/2023\/09\/06\/enchente-adia-eventos-esportivos-para-os-proximos-dias-na-regiao\/#primaryimage"},"image":{"@id":"https:\/\/folhapopular.info\/index.php\/2023\/09\/06\/enchente-adia-eventos-esportivos-para-os-proximos-dias-na-regiao\/#primaryimage"},"thumbnailUrl":"https:\/\/folhapopular.info\/wp-content\/uploads\/2023\/09\/WhatsApp-Image-2023-09-06-at-13.09.45.jpeg","datePublished":"2023-09-06T19:33:45+00:00","dateModified":"2023-09-06T19:36:24+00:00","author":{"@id":"https:\/\/folhapopular.info\/#\/schema\/person\/c9138938e4781f3e1ca513f9bea5659c"},"breadcrumb":{"@id":"https:\/\/folhapopular.info\/index.php\/2023\/09\/06\/enchente-adia-eventos-esportivos-para-os-proximos-dias-na-regiao\/#breadcrumb"},"inLanguage":"pt-BR","potentialAction":[{"@type":"ReadAction","target":["https:\/\/folhapopular.info\/index.php\/2023\/09\/06\/enchente-adia-eventos-esportivos-para-os-proximos-dias-na-regiao\/"]}]},{"@type":"ImageObject","inLanguage":"pt-BR","@id":"https:\/\/folhapopular.info\/index.php\/2023\/09\/06\/enchente-adia-eventos-esportivos-para-os-proximos-dias-na-regiao\/#primaryimage","url":"https:\/\/folhapopular.info\/wp-content\/uploads\/2023\/09\/WhatsApp-Image-2023-09-06-at-13.09.45.jpeg","contentUrl":"https:\/\/folhapopular.info\/wp-content\/uploads\/2023\/09\/WhatsApp-Image-2023-09-06-at-13.09.45.jpeg","width":1280,"height":720,"caption":"Situa\u00e7\u00e3o atual de Mu\u00e7um \/ Cr\u00e9dito: Marcos Vin\u00edcius Bilhar"},{"@type":"BreadcrumbList","@id":"https:\/\/folhapopular.info\/index.php\/2023\/09\/06\/enchente-adia-eventos-esportivos-para-os-proximos-dias-na-regiao\/#breadcrumb","itemListElement":[{"@type":"ListItem","position":1,"name":"In\u00edcio","item":"https:\/\/folhapopular.info\/"},{"@type":"ListItem","position":2,"name":"Enchente adia eventos esportivos para os pr\u00f3ximos dias na regi\u00e3o"}]},{"@type":"WebSite","@id":"https:\/\/folhapopular.info\/#website","url":"https:\/\/folhapopular.info\/","name":"Folha Popular","description":"Onde voc\u00ea tem vez e voz","potentialAction":[{"@type":"SearchAction","target":{"@type":"EntryPoint","urlTemplate":"https:\/\/folhapopular.info\/?s={search_term_string}"},"query-input":{"@type":"PropertyValueSpecification","valueRequired":true,"valueName":"search_term_string"}}],"inLanguage":"pt-BR"},{"@type":"Person","@id":"https:\/\/folhapopular.info\/#\/schema\/person\/c9138938e4781f3e1ca513f9bea5659c","name":"Carla Beckmann","image":{"@type":"ImageObject","inLanguage":"pt-BR","@id":"https:\/\/secure.gravatar.com\/avatar\/790078f6ade9f70c31db5a673b88c15df0904c2847c456b3599f72843ac11eb9?s=96&d=mm&r=g","url":"https:\/\/secure.gravatar.com\/avatar\/790078f6ade9f70c31db5a673b88c15df0904c2847c456b3599f72843ac11eb9?s=96&d=mm&r=g","contentUrl":"https:\/\/secure.gravatar.com\/avatar\/790078f6ade9f70c31db5a673b88c15df0904c2847c456b3599f72843ac11eb9?s=96&d=mm&r=g","caption":"Carla Beckmann"},"url":"https:\/\/folhapopular.info\/index.php\/author\/carlabeckmann03gmail-com\/"}]}},"jetpack_featured_media_url":"https:\/\/folhapopular.info\/wp-content\/uploads\/2023\/09\/WhatsApp-Image-2023-09-06-at-13.09.45.jpeg","jetpack_sharing_enabled":true,"amp_enabled":true,"_links":{"self":[{"href":"https:\/\/folhapopular.info\/index.php\/wp-json\/wp\/v2\/posts\/139256","targetHints":{"allow":["GET"]}}],"collection":[{"href":"https:\/\/folhapopular.info\/index.php\/wp-json\/wp\/v2\/posts"}],"about":[{"href":"https:\/\/folhapopular.info\/index.php\/wp-json\/wp\/v2\/types\/post"}],"author":[{"embeddable":true,"href":"https:\/\/folhapopular.info\/index.php\/wp-json\/wp\/v2\/users\/601"}],"replies":[{"embeddable":true,"href":"https:\/\/folhapopular.info\/index.php\/wp-json\/wp\/v2\/comments?post=139256"}],"version-history":[{"count":0,"href":"https:\/\/folhapopular.info\/index.php\/wp-json\/wp\/v2\/posts\/139256\/revisions"}],"wp:featuredmedia":[{"embeddable":true,"href":"https:\/\/folhapopular.info\/index.php\/wp-json\/wp\/v2\/media\/139260"}],"wp:attachment":[{"href":"https:\/\/folhapopular.info\/index.php\/wp-json\/wp\/v2\/media?parent=139256"}],"wp:term":[{"taxonomy":"category","embeddable":true,"href":"https:\/\/folhapopular.info\/index.php\/wp-json\/wp\/v2\/categories?post=139256"},{"taxonomy":"post_tag","embeddable":true,"href":"https:\/\/folhapopular.info\/index.php\/wp-json\/wp\/v2\/tags?post=139256"}],"curies":[{"name":"wp","href":"https:\/\/api.w.org\/{rel}","templated":true}]}}