{"id":139257,"date":"2023-09-06T16:20:57","date_gmt":"2023-09-06T19:20:57","guid":{"rendered":"https:\/\/folhapopular.info\/?p=139257"},"modified":"2023-09-06T16:21:00","modified_gmt":"2023-09-06T19:21:00","slug":"governo-esta-pronto-para-fazer-reconhecimento-sumario-dos-decretos-de-calamidade-afirma-ministro","status":"publish","type":"post","link":"https:\/\/folhapopular.info\/index.php\/2023\/09\/06\/governo-esta-pronto-para-fazer-reconhecimento-sumario-dos-decretos-de-calamidade-afirma-ministro\/","title":{"rendered":"\u201cGoverno est\u00e1 pronto para fazer reconhecimento sum\u00e1rio dos decretos de calamidade\u201d, afirma ministro"},"content":{"rendered":"\n<p>O ministro da Integra\u00e7\u00e3o e Desenvolvimento Regional, Waldez G\u00f3es, declarou que o governo federal est\u00e1 pronto para fazer o reconhecimento sum\u00e1rio dos decretos de calamidade de todos os munic\u00edpios atingidos pela enchente no Rio Grande do Sul. \u201cSe os 70 munic\u00edpios atingidos no Rio Grande do Sul estiverem, hoje, com seus 70 decretos de emerg\u00eancia, n\u00f3s reconhecemos sumariamente essa emerg\u00eancia. Assim come\u00e7amos a desburocratizar\u201d, refor\u00e7a.<\/p>\n\n\n\n<p>Com o reconhecimento sum\u00e1rio nas primeiras 24 horas pode-se priorizar os planos de ajuda humanit\u00e1ria. \u201cSe preparamos os planos de ajuda humanit\u00e1ria no segundo dia, no terceiro j\u00e1 posso estar depositando o dinheiro na conta de todas as prefeituras\u201d, aponta.<\/p>\n\n\n\n<p>Conforme o ministro, s\u00f3 \u00e9 poss\u00edvel direcionar estes recursos a partir dos planos. \u201cQuem define o que precisa s\u00e3o os prefeitos, que conhecem e sabem disso\u201d, considera. Segundo ele, \u00e9 poss\u00edvel fazer mais de um plano.<\/p>\n\n\n\n<p>O ministro salienta ainda que para a parte de reconstru\u00e7\u00e3o, precisa de um plano mais agu\u00e7ado. \u201cE n\u00e3o precisa a prefeitura levantar tudo para ter um plano de reconstru\u00e7\u00e3o. Se identifica uma ponte, entra com plano daquela ponte. Identificou uma segunda ponte, entra com plano da segunda ponte. E assim vamos trabalhando diariamente\u201d, exemplifica.<\/p>\n\n\n\n<p>G\u00f3es salientou essa preocupa\u00e7\u00e3o com a burocracia, \u201cpara ela n\u00e3o vencer a gente, para n\u00e3o desanimar um prefeito\u201d. O ministro diz n\u00e3o se preocupar com a quest\u00e3o de recursos. Lembrou da Medida Provis\u00f3ria que liberou R$ 250 milh\u00f5es para os atingidos do ciclone de junho, e que se for preciso nova MP pode ser editada. \u201cRecurso n\u00e3o faltar\u00e1\u201d, promete.<\/p>\n\n\n\n<p>\u201c\u00danica dificuldade \u00e9 que tem munic\u00edpio que nunca viveu isso. E os nossos t\u00e9cnicos que est\u00e3o aqui \u00e9 para isso, para orientar. E se precisar ficar aqui quantos dias precisar, ficam\u201d, destaca. Ele salienta ainda que ser\u00e1 empregado os recursos que forem necess\u00e1rios, de acordo com a demanda. \u201cVamos continuar com 99,9% do pessoal em campo, mas lembrar que da burocracia tamb\u00e9m. Pega quem \u00e9 especialista e vai todo mundo trabalhar nessas situa\u00e7\u00f5es, e atuar para vencer\u201d, refor\u00e7a.<\/p>\n","protected":false},"excerpt":{"rendered":"<p>O ministro da Integra\u00e7\u00e3o e Desenvolvimento Regional, Waldez G\u00f3es, declarou que o governo federal est\u00e1 pronto para fazer o reconhecimento sum\u00e1rio dos decretos de calamidade de todos os munic\u00edpios atingidos pela enchente no Rio Grande do Sul. \u201cSe os 70 munic\u00edpios atingidos no Rio Grande do Sul estiverem, hoje, com seus 70 decretos de emerg\u00eancia, [&hellip;]<\/p>\n","protected":false},"author":8,"featured_media":139258,"comment_status":"open","ping_status":"open","sticky":false,"template":"","format":"standard","meta":{"pmpro_default_level":"","_jetpack_memberships_contains_paid_content":false,"footnotes":""},"categories":[2,3],"tags":[],"class_list":{"0":"post-139257","1":"post","2":"type-post","3":"status-publish","4":"format-standard","5":"has-post-thumbnail","7":"category-featured","8":"category-geral","9":"pmpro-has-access"},"yoast_head":"<!-- This site is optimized with the Yoast SEO plugin v27.4 - https:\/\/yoast.com\/product\/yoast-seo-wordpress\/ -->\n<title>\u201cGoverno est\u00e1 pronto para fazer reconhecimento sum\u00e1rio dos decretos de calamidade\u201d, afirma ministro - Folha Popular<\/title>\n<meta name=\"robots\" content=\"index, follow, max-snippet:-1, max-image-preview:large, max-video-preview:-1\" \/>\n<link rel=\"canonical\" href=\"https:\/\/folhapopular.info\/index.php\/2023\/09\/06\/governo-esta-pronto-para-fazer-reconhecimento-sumario-dos-decretos-de-calamidade-afirma-ministro\/\" \/>\n<meta property=\"og:locale\" content=\"pt_BR\" \/>\n<meta property=\"og:type\" content=\"article\" \/>\n<meta property=\"og:title\" content=\"\u201cGoverno est\u00e1 pronto para fazer reconhecimento sum\u00e1rio dos decretos de calamidade\u201d, afirma ministro - Folha Popular\" \/>\n<meta property=\"og:description\" content=\"O ministro da Integra\u00e7\u00e3o e Desenvolvimento Regional, Waldez G\u00f3es, declarou que o governo federal est\u00e1 pronto para fazer o reconhecimento sum\u00e1rio dos decretos de calamidade de todos os munic\u00edpios atingidos pela enchente no Rio Grande do Sul. \u201cSe os 70 munic\u00edpios atingidos no Rio Grande do Sul estiverem, hoje, com seus 70 decretos de emerg\u00eancia, [&hellip;]\" \/>\n<meta property=\"og:url\" content=\"https:\/\/folhapopular.info\/index.php\/2023\/09\/06\/governo-esta-pronto-para-fazer-reconhecimento-sumario-dos-decretos-de-calamidade-afirma-ministro\/\" \/>\n<meta property=\"og:site_name\" content=\"Folha Popular\" \/>\n<meta property=\"article:published_time\" content=\"2023-09-06T19:20:57+00:00\" \/>\n<meta property=\"article:modified_time\" content=\"2023-09-06T19:21:00+00:00\" \/>\n<meta property=\"og:image\" content=\"http:\/\/folhapopular.info\/wp-content\/uploads\/2023\/09\/WhatsApp-Image-2023-09-06-at-11.42.43.jpeg\" \/>\n\t<meta property=\"og:image:width\" content=\"1024\" \/>\n\t<meta property=\"og:image:height\" content=\"768\" \/>\n\t<meta property=\"og:image:type\" content=\"image\/jpeg\" \/>\n<meta name=\"author\" content=\"Reda\u00e7\u00e3o Folha Popular\" \/>\n<meta name=\"twitter:card\" content=\"summary_large_image\" \/>\n<meta name=\"twitter:label1\" content=\"Escrito por\" \/>\n\t<meta name=\"twitter:data1\" content=\"Reda\u00e7\u00e3o Folha Popular\" \/>\n\t<meta name=\"twitter:label2\" content=\"Est. tempo de leitura\" \/>\n\t<meta name=\"twitter:data2\" content=\"2 minutos\" \/>\n<script type=\"application\/ld+json\" class=\"yoast-schema-graph\">{\"@context\":\"https:\\\/\\\/schema.org\",\"@graph\":[{\"@type\":\"Article\",\"@id\":\"https:\\\/\\\/folhapopular.info\\\/index.php\\\/2023\\\/09\\\/06\\\/governo-esta-pronto-para-fazer-reconhecimento-sumario-dos-decretos-de-calamidade-afirma-ministro\\\/#article\",\"isPartOf\":{\"@id\":\"https:\\\/\\\/folhapopular.info\\\/index.php\\\/2023\\\/09\\\/06\\\/governo-esta-pronto-para-fazer-reconhecimento-sumario-dos-decretos-de-calamidade-afirma-ministro\\\/\"},\"author\":{\"name\":\"Reda\u00e7\u00e3o Folha Popular\",\"@id\":\"https:\\\/\\\/folhapopular.info\\\/#\\\/schema\\\/person\\\/2814e8a0df7643585a9ca38bc6eb9d4b\"},\"headline\":\"\u201cGoverno est\u00e1 pronto para fazer reconhecimento sum\u00e1rio dos decretos de calamidade\u201d, afirma ministro\",\"datePublished\":\"2023-09-06T19:20:57+00:00\",\"dateModified\":\"2023-09-06T19:21:00+00:00\",\"mainEntityOfPage\":{\"@id\":\"https:\\\/\\\/folhapopular.info\\\/index.php\\\/2023\\\/09\\\/06\\\/governo-esta-pronto-para-fazer-reconhecimento-sumario-dos-decretos-de-calamidade-afirma-ministro\\\/\"},\"wordCount\":372,\"commentCount\":0,\"image\":{\"@id\":\"https:\\\/\\\/folhapopular.info\\\/index.php\\\/2023\\\/09\\\/06\\\/governo-esta-pronto-para-fazer-reconhecimento-sumario-dos-decretos-de-calamidade-afirma-ministro\\\/#primaryimage\"},\"thumbnailUrl\":\"https:\\\/\\\/folhapopular.info\\\/wp-content\\\/uploads\\\/2023\\\/09\\\/WhatsApp-Image-2023-09-06-at-11.42.43.jpeg\",\"articleSection\":[\"Destaques\",\"Geral\"],\"inLanguage\":\"pt-BR\",\"potentialAction\":[{\"@type\":\"CommentAction\",\"name\":\"Comment\",\"target\":[\"https:\\\/\\\/folhapopular.info\\\/index.php\\\/2023\\\/09\\\/06\\\/governo-esta-pronto-para-fazer-reconhecimento-sumario-dos-decretos-de-calamidade-afirma-ministro\\\/#respond\"]}]},{\"@type\":\"WebPage\",\"@id\":\"https:\\\/\\\/folhapopular.info\\\/index.php\\\/2023\\\/09\\\/06\\\/governo-esta-pronto-para-fazer-reconhecimento-sumario-dos-decretos-de-calamidade-afirma-ministro\\\/\",\"url\":\"https:\\\/\\\/folhapopular.info\\\/index.php\\\/2023\\\/09\\\/06\\\/governo-esta-pronto-para-fazer-reconhecimento-sumario-dos-decretos-de-calamidade-afirma-ministro\\\/\",\"name\":\"\u201cGoverno est\u00e1 pronto para fazer reconhecimento sum\u00e1rio dos decretos de calamidade\u201d, afirma ministro - Folha Popular\",\"isPartOf\":{\"@id\":\"https:\\\/\\\/folhapopular.info\\\/#website\"},\"primaryImageOfPage\":{\"@id\":\"https:\\\/\\\/folhapopular.info\\\/index.php\\\/2023\\\/09\\\/06\\\/governo-esta-pronto-para-fazer-reconhecimento-sumario-dos-decretos-de-calamidade-afirma-ministro\\\/#primaryimage\"},\"image\":{\"@id\":\"https:\\\/\\\/folhapopular.info\\\/index.php\\\/2023\\\/09\\\/06\\\/governo-esta-pronto-para-fazer-reconhecimento-sumario-dos-decretos-de-calamidade-afirma-ministro\\\/#primaryimage\"},\"thumbnailUrl\":\"https:\\\/\\\/folhapopular.info\\\/wp-content\\\/uploads\\\/2023\\\/09\\\/WhatsApp-Image-2023-09-06-at-11.42.43.jpeg\",\"datePublished\":\"2023-09-06T19:20:57+00:00\",\"dateModified\":\"2023-09-06T19:21:00+00:00\",\"author\":{\"@id\":\"https:\\\/\\\/folhapopular.info\\\/#\\\/schema\\\/person\\\/2814e8a0df7643585a9ca38bc6eb9d4b\"},\"breadcrumb\":{\"@id\":\"https:\\\/\\\/folhapopular.info\\\/index.php\\\/2023\\\/09\\\/06\\\/governo-esta-pronto-para-fazer-reconhecimento-sumario-dos-decretos-de-calamidade-afirma-ministro\\\/#breadcrumb\"},\"inLanguage\":\"pt-BR\",\"potentialAction\":[{\"@type\":\"ReadAction\",\"target\":[\"https:\\\/\\\/folhapopular.info\\\/index.php\\\/2023\\\/09\\\/06\\\/governo-esta-pronto-para-fazer-reconhecimento-sumario-dos-decretos-de-calamidade-afirma-ministro\\\/\"]}]},{\"@type\":\"ImageObject\",\"inLanguage\":\"pt-BR\",\"@id\":\"https:\\\/\\\/folhapopular.info\\\/index.php\\\/2023\\\/09\\\/06\\\/governo-esta-pronto-para-fazer-reconhecimento-sumario-dos-decretos-de-calamidade-afirma-ministro\\\/#primaryimage\",\"url\":\"https:\\\/\\\/folhapopular.info\\\/wp-content\\\/uploads\\\/2023\\\/09\\\/WhatsApp-Image-2023-09-06-at-11.42.43.jpeg\",\"contentUrl\":\"https:\\\/\\\/folhapopular.info\\\/wp-content\\\/uploads\\\/2023\\\/09\\\/WhatsApp-Image-2023-09-06-at-11.42.43.jpeg\",\"width\":1024,\"height\":768,\"caption\":\"Ministro Waldez G\u00f3ez fez an\u00fancios em coletivas \u00e0 imprensa \\\/ Cr\u00e9dito da foto: Camille Lenz da Silva\"},{\"@type\":\"BreadcrumbList\",\"@id\":\"https:\\\/\\\/folhapopular.info\\\/index.php\\\/2023\\\/09\\\/06\\\/governo-esta-pronto-para-fazer-reconhecimento-sumario-dos-decretos-de-calamidade-afirma-ministro\\\/#breadcrumb\",\"itemListElement\":[{\"@type\":\"ListItem\",\"position\":1,\"name\":\"In\u00edcio\",\"item\":\"https:\\\/\\\/folhapopular.info\\\/\"},{\"@type\":\"ListItem\",\"position\":2,\"name\":\"\u201cGoverno est\u00e1 pronto para fazer reconhecimento sum\u00e1rio dos decretos de calamidade\u201d, afirma ministro\"}]},{\"@type\":\"WebSite\",\"@id\":\"https:\\\/\\\/folhapopular.info\\\/#website\",\"url\":\"https:\\\/\\\/folhapopular.info\\\/\",\"name\":\"Folha Popular\",\"description\":\"Onde voc\u00ea tem vez e voz\",\"potentialAction\":[{\"@type\":\"SearchAction\",\"target\":{\"@type\":\"EntryPoint\",\"urlTemplate\":\"https:\\\/\\\/folhapopular.info\\\/?s={search_term_string}\"},\"query-input\":{\"@type\":\"PropertyValueSpecification\",\"valueRequired\":true,\"valueName\":\"search_term_string\"}}],\"inLanguage\":\"pt-BR\"},{\"@type\":\"Person\",\"@id\":\"https:\\\/\\\/folhapopular.info\\\/#\\\/schema\\\/person\\\/2814e8a0df7643585a9ca38bc6eb9d4b\",\"name\":\"Reda\u00e7\u00e3o Folha Popular\",\"image\":{\"@type\":\"ImageObject\",\"inLanguage\":\"pt-BR\",\"@id\":\"https:\\\/\\\/folhapopular.info\\\/wp-content\\\/uploads\\\/2026\\\/04\\\/Folha-1.webp\",\"url\":\"https:\\\/\\\/folhapopular.info\\\/wp-content\\\/uploads\\\/2026\\\/04\\\/Folha-1.webp\",\"contentUrl\":\"https:\\\/\\\/folhapopular.info\\\/wp-content\\\/uploads\\\/2026\\\/04\\\/Folha-1.webp\",\"caption\":\"Reda\u00e7\u00e3o Folha Popular\"},\"url\":\"https:\\\/\\\/folhapopular.info\\\/index.php\\\/author\\\/redacao\\\/\"}]}<\/script>\n<!-- \/ Yoast SEO plugin. -->","yoast_head_json":{"title":"\u201cGoverno est\u00e1 pronto para fazer reconhecimento sum\u00e1rio dos decretos de calamidade\u201d, afirma ministro - Folha Popular","robots":{"index":"index","follow":"follow","max-snippet":"max-snippet:-1","max-image-preview":"max-image-preview:large","max-video-preview":"max-video-preview:-1"},"canonical":"https:\/\/folhapopular.info\/index.php\/2023\/09\/06\/governo-esta-pronto-para-fazer-reconhecimento-sumario-dos-decretos-de-calamidade-afirma-ministro\/","og_locale":"pt_BR","og_type":"article","og_title":"\u201cGoverno est\u00e1 pronto para fazer reconhecimento sum\u00e1rio dos decretos de calamidade\u201d, afirma ministro - Folha Popular","og_description":"O ministro da Integra\u00e7\u00e3o e Desenvolvimento Regional, Waldez G\u00f3es, declarou que o governo federal est\u00e1 pronto para fazer o reconhecimento sum\u00e1rio dos decretos de calamidade de todos os munic\u00edpios atingidos pela enchente no Rio Grande do Sul. \u201cSe os 70 munic\u00edpios atingidos no Rio Grande do Sul estiverem, hoje, com seus 70 decretos de emerg\u00eancia, [&hellip;]","og_url":"https:\/\/folhapopular.info\/index.php\/2023\/09\/06\/governo-esta-pronto-para-fazer-reconhecimento-sumario-dos-decretos-de-calamidade-afirma-ministro\/","og_site_name":"Folha Popular","article_published_time":"2023-09-06T19:20:57+00:00","article_modified_time":"2023-09-06T19:21:00+00:00","og_image":[{"width":1024,"height":768,"url":"http:\/\/folhapopular.info\/wp-content\/uploads\/2023\/09\/WhatsApp-Image-2023-09-06-at-11.42.43.jpeg","type":"image\/jpeg"}],"author":"Reda\u00e7\u00e3o Folha Popular","twitter_card":"summary_large_image","twitter_misc":{"Escrito por":"Reda\u00e7\u00e3o Folha Popular","Est. tempo de leitura":"2 minutos"},"schema":{"@context":"https:\/\/schema.org","@graph":[{"@type":"Article","@id":"https:\/\/folhapopular.info\/index.php\/2023\/09\/06\/governo-esta-pronto-para-fazer-reconhecimento-sumario-dos-decretos-de-calamidade-afirma-ministro\/#article","isPartOf":{"@id":"https:\/\/folhapopular.info\/index.php\/2023\/09\/06\/governo-esta-pronto-para-fazer-reconhecimento-sumario-dos-decretos-de-calamidade-afirma-ministro\/"},"author":{"name":"Reda\u00e7\u00e3o Folha Popular","@id":"https:\/\/folhapopular.info\/#\/schema\/person\/2814e8a0df7643585a9ca38bc6eb9d4b"},"headline":"\u201cGoverno est\u00e1 pronto para fazer reconhecimento sum\u00e1rio dos decretos de calamidade\u201d, afirma ministro","datePublished":"2023-09-06T19:20:57+00:00","dateModified":"2023-09-06T19:21:00+00:00","mainEntityOfPage":{"@id":"https:\/\/folhapopular.info\/index.php\/2023\/09\/06\/governo-esta-pronto-para-fazer-reconhecimento-sumario-dos-decretos-de-calamidade-afirma-ministro\/"},"wordCount":372,"commentCount":0,"image":{"@id":"https:\/\/folhapopular.info\/index.php\/2023\/09\/06\/governo-esta-pronto-para-fazer-reconhecimento-sumario-dos-decretos-de-calamidade-afirma-ministro\/#primaryimage"},"thumbnailUrl":"https:\/\/folhapopular.info\/wp-content\/uploads\/2023\/09\/WhatsApp-Image-2023-09-06-at-11.42.43.jpeg","articleSection":["Destaques","Geral"],"inLanguage":"pt-BR","potentialAction":[{"@type":"CommentAction","name":"Comment","target":["https:\/\/folhapopular.info\/index.php\/2023\/09\/06\/governo-esta-pronto-para-fazer-reconhecimento-sumario-dos-decretos-de-calamidade-afirma-ministro\/#respond"]}]},{"@type":"WebPage","@id":"https:\/\/folhapopular.info\/index.php\/2023\/09\/06\/governo-esta-pronto-para-fazer-reconhecimento-sumario-dos-decretos-de-calamidade-afirma-ministro\/","url":"https:\/\/folhapopular.info\/index.php\/2023\/09\/06\/governo-esta-pronto-para-fazer-reconhecimento-sumario-dos-decretos-de-calamidade-afirma-ministro\/","name":"\u201cGoverno est\u00e1 pronto para fazer reconhecimento sum\u00e1rio dos decretos de calamidade\u201d, afirma ministro - Folha Popular","isPartOf":{"@id":"https:\/\/folhapopular.info\/#website"},"primaryImageOfPage":{"@id":"https:\/\/folhapopular.info\/index.php\/2023\/09\/06\/governo-esta-pronto-para-fazer-reconhecimento-sumario-dos-decretos-de-calamidade-afirma-ministro\/#primaryimage"},"image":{"@id":"https:\/\/folhapopular.info\/index.php\/2023\/09\/06\/governo-esta-pronto-para-fazer-reconhecimento-sumario-dos-decretos-de-calamidade-afirma-ministro\/#primaryimage"},"thumbnailUrl":"https:\/\/folhapopular.info\/wp-content\/uploads\/2023\/09\/WhatsApp-Image-2023-09-06-at-11.42.43.jpeg","datePublished":"2023-09-06T19:20:57+00:00","dateModified":"2023-09-06T19:21:00+00:00","author":{"@id":"https:\/\/folhapopular.info\/#\/schema\/person\/2814e8a0df7643585a9ca38bc6eb9d4b"},"breadcrumb":{"@id":"https:\/\/folhapopular.info\/index.php\/2023\/09\/06\/governo-esta-pronto-para-fazer-reconhecimento-sumario-dos-decretos-de-calamidade-afirma-ministro\/#breadcrumb"},"inLanguage":"pt-BR","potentialAction":[{"@type":"ReadAction","target":["https:\/\/folhapopular.info\/index.php\/2023\/09\/06\/governo-esta-pronto-para-fazer-reconhecimento-sumario-dos-decretos-de-calamidade-afirma-ministro\/"]}]},{"@type":"ImageObject","inLanguage":"pt-BR","@id":"https:\/\/folhapopular.info\/index.php\/2023\/09\/06\/governo-esta-pronto-para-fazer-reconhecimento-sumario-dos-decretos-de-calamidade-afirma-ministro\/#primaryimage","url":"https:\/\/folhapopular.info\/wp-content\/uploads\/2023\/09\/WhatsApp-Image-2023-09-06-at-11.42.43.jpeg","contentUrl":"https:\/\/folhapopular.info\/wp-content\/uploads\/2023\/09\/WhatsApp-Image-2023-09-06-at-11.42.43.jpeg","width":1024,"height":768,"caption":"Ministro Waldez G\u00f3ez fez an\u00fancios em coletivas \u00e0 imprensa \/ Cr\u00e9dito da foto: Camille Lenz da Silva"},{"@type":"BreadcrumbList","@id":"https:\/\/folhapopular.info\/index.php\/2023\/09\/06\/governo-esta-pronto-para-fazer-reconhecimento-sumario-dos-decretos-de-calamidade-afirma-ministro\/#breadcrumb","itemListElement":[{"@type":"ListItem","position":1,"name":"In\u00edcio","item":"https:\/\/folhapopular.info\/"},{"@type":"ListItem","position":2,"name":"\u201cGoverno est\u00e1 pronto para fazer reconhecimento sum\u00e1rio dos decretos de calamidade\u201d, afirma ministro"}]},{"@type":"WebSite","@id":"https:\/\/folhapopular.info\/#website","url":"https:\/\/folhapopular.info\/","name":"Folha Popular","description":"Onde voc\u00ea tem vez e voz","potentialAction":[{"@type":"SearchAction","target":{"@type":"EntryPoint","urlTemplate":"https:\/\/folhapopular.info\/?s={search_term_string}"},"query-input":{"@type":"PropertyValueSpecification","valueRequired":true,"valueName":"search_term_string"}}],"inLanguage":"pt-BR"},{"@type":"Person","@id":"https:\/\/folhapopular.info\/#\/schema\/person\/2814e8a0df7643585a9ca38bc6eb9d4b","name":"Reda\u00e7\u00e3o Folha Popular","image":{"@type":"ImageObject","inLanguage":"pt-BR","@id":"https:\/\/folhapopular.info\/wp-content\/uploads\/2026\/04\/Folha-1.webp","url":"https:\/\/folhapopular.info\/wp-content\/uploads\/2026\/04\/Folha-1.webp","contentUrl":"https:\/\/folhapopular.info\/wp-content\/uploads\/2026\/04\/Folha-1.webp","caption":"Reda\u00e7\u00e3o Folha Popular"},"url":"https:\/\/folhapopular.info\/index.php\/author\/redacao\/"}]}},"jetpack_featured_media_url":"https:\/\/folhapopular.info\/wp-content\/uploads\/2023\/09\/WhatsApp-Image-2023-09-06-at-11.42.43.jpeg","jetpack_sharing_enabled":true,"amp_enabled":true,"_links":{"self":[{"href":"https:\/\/folhapopular.info\/index.php\/wp-json\/wp\/v2\/posts\/139257","targetHints":{"allow":["GET"]}}],"collection":[{"href":"https:\/\/folhapopular.info\/index.php\/wp-json\/wp\/v2\/posts"}],"about":[{"href":"https:\/\/folhapopular.info\/index.php\/wp-json\/wp\/v2\/types\/post"}],"author":[{"embeddable":true,"href":"https:\/\/folhapopular.info\/index.php\/wp-json\/wp\/v2\/users\/8"}],"replies":[{"embeddable":true,"href":"https:\/\/folhapopular.info\/index.php\/wp-json\/wp\/v2\/comments?post=139257"}],"version-history":[{"count":0,"href":"https:\/\/folhapopular.info\/index.php\/wp-json\/wp\/v2\/posts\/139257\/revisions"}],"wp:featuredmedia":[{"embeddable":true,"href":"https:\/\/folhapopular.info\/index.php\/wp-json\/wp\/v2\/media\/139258"}],"wp:attachment":[{"href":"https:\/\/folhapopular.info\/index.php\/wp-json\/wp\/v2\/media?parent=139257"}],"wp:term":[{"taxonomy":"category","embeddable":true,"href":"https:\/\/folhapopular.info\/index.php\/wp-json\/wp\/v2\/categories?post=139257"},{"taxonomy":"post_tag","embeddable":true,"href":"https:\/\/folhapopular.info\/index.php\/wp-json\/wp\/v2\/tags?post=139257"}],"curies":[{"name":"wp","href":"https:\/\/api.w.org\/{rel}","templated":true}]}}