{"id":139265,"date":"2023-09-06T16:50:11","date_gmt":"2023-09-06T19:50:11","guid":{"rendered":"https:\/\/folhapopular.info\/?p=139265"},"modified":"2023-09-06T16:50:15","modified_gmt":"2023-09-06T19:50:15","slug":"conab-encaminhara-5-mil-cestas-de-alimentos-a-familias-atingidas-pelas-cheias","status":"publish","type":"post","link":"https:\/\/folhapopular.info\/index.php\/2023\/09\/06\/conab-encaminhara-5-mil-cestas-de-alimentos-a-familias-atingidas-pelas-cheias\/","title":{"rendered":"Conab encaminhar\u00e1 5 mil cestas de alimentos a fam\u00edlias atingidas pelas cheias"},"content":{"rendered":"\n<p>A Companhia Nacional de Abastecimento (Conab) encaminhar\u00e1 5 mil cestas de alimentos para ajudar as fam\u00edlias atingidas pelas fortes chuvas e enchentes no Rio Grande do Sul. A informa\u00e7\u00e3o foi confirmada pelo presidente da estatal, Edegar Pretto, durante miss\u00e3o de solidariedade e ajuda do governo federal, nesta quarta-feira (6\/9), no Vale do Taquari e na Serra Ga\u00facha.<\/p>\n\n\n\n<p>\u201cN\u00f3s mobilizamos a nossa estrutura para atender o Rio Grande do Sul. Seguindo a orienta\u00e7\u00e3o do presidente Lula, tudo o que for necess\u00e1rio n\u00f3s vamos aportar, porque a Conab tem condi\u00e7\u00f5es de fazer essa operacionaliza\u00e7\u00e3o das cestas, que foram adquiridas com o or\u00e7amento do Minist\u00e9rio do Desenvolvimento Social. Ent\u00e3o, esse b\u00e1sico da alimenta\u00e7\u00e3o para as fam\u00edlias j\u00e1 est\u00e1 garantido. N\u00f3s faremos a entrega onde tiver pessoas em situa\u00e7\u00e3o de vulnerabilidade, especialmente \u00e0quelas que est\u00e3o fora de suas casas nesse momento\u201d, disse Pretto.<\/p>\n\n\n\n<p>As cestas vir\u00e3o de unidades armazenadoras de Montes Claros, em Minas Gerais, j\u00e1 que o estoque de alimentos da Conab no RS foi usado recentemente para ajudar v\u00edtimas de ciclone no estado ga\u00facho. Conforme Pretto, neste primeiro momento ser\u00e3o entregues 3 mil cestas e, posteriormente, as outras 2 mil. Cada uma cont\u00e9m 21,5 Kg de alimentos e \u00e9 composta por arroz, feij\u00e3o, a\u00e7\u00facar, farinha de trigo, fub\u00e1, macarr\u00e3o, \u00f3leo de soja, leite em p\u00f3, sal e sardinha.<\/p>\n\n\n\n<p>A comitiva se reuniu com prefeitos, visitou abrigos e concedeuuma entrevista coletiva \u00e0 imprensa, ocasi\u00e3o em que falaram das a\u00e7\u00f5es de socorro \u00e0s regi\u00f5es, como o envio de recursos financeiros. Para isso, as prefeituras precisam apresentar um plano de trabalho, pois \u00e9 dessa forma que o governo federal pode liberar os recursos previstos para reconstru\u00e7\u00e3o e recupera\u00e7\u00e3o de estruturas. \u201cCada prefeitura identifica sua necessidade. H\u00e1 um tipo de plano de trabalho emergencial que pode ser liberado em at\u00e9 48 horas\u201d, explicou Pimenta.<\/p>\n\n\n\n<p><strong>A\u00e7\u00f5es do governo federal<\/strong><\/p>\n\n\n\n<p>O governo federal est\u00e1 auxiliando no atendimento a desabrigados, desalojados e pessoas que ainda est\u00e3o em \u00e1reas de risco e necessitando de atendimento. A prioridade, no momento, tem sido a mobiliza\u00e7\u00e3o de botes do Ex\u00e9rcito da regi\u00e3o da fronteira, de helic\u00f3pteros da Pol\u00edcia Rodovi\u00e1ria Federal e das For\u00e7as Armadas e a\u00e7\u00f5es imediatas para garantir abrigo, seguran\u00e7a, \u00e1gua pot\u00e1vel e alimenta\u00e7\u00e3o para as v\u00edtimas.<\/p>\n\n\n\n<p>Uma equipe da Defesa Civil Nacional tamb\u00e9m apoia as prefeituras nos pedidos de solicita\u00e7\u00e3o de situa\u00e7\u00e3o de emerg\u00eancia e de repasse de recursos. A partir da situa\u00e7\u00e3o de emerg\u00eancia ou calamidade p\u00fablica reconhecida, o governo federal pode adotar uma s\u00e9rie de medidas para atender a popula\u00e7\u00e3o afetada:<\/p>\n\n\n\n<p>\u2013 Unificar o calend\u00e1rio de pagamento do Bolsa Fam\u00edlia, que em setembro tem in\u00edcio na segunda-feira (18.09)<\/p>\n\n\n\n<p>\u2013 Antecipar parcela do Benef\u00edcio de Presta\u00e7\u00e3o Continuada (BPC), que corresponde a um sal\u00e1rio m\u00ednimo, e caso o benefici\u00e1rio solicite, antecipar outra parcela, que podem ser reembolsadas em at\u00e9 36 meses, sem juros ou encargos<\/p>\n\n\n\n<p>\u2013 Repassar recursos extraordin\u00e1rios para a rede de assist\u00eancia social, que realiza o servi\u00e7o de apoio e prote\u00e7\u00e3o \u00e0 popula\u00e7\u00e3o com a oferta de alojamentos provis\u00f3rios, aten\u00e7\u00f5es e provis\u00f5es materiais, conforme as necessidades detectadas<\/p>\n\n\n\n<p>\u2013 Envio de cestas de alimentos<\/p>\n\n\n\n<p>\u2013 Recursos pelo Fomento Rural, no valor de R$ 4,6 mil, a pequenos agricultores que tiveram perda na produ\u00e7\u00e3o.<\/p>\n","protected":false},"excerpt":{"rendered":"<p>A Companhia Nacional de Abastecimento (Conab) encaminhar\u00e1 5 mil cestas de alimentos para ajudar as fam\u00edlias atingidas pelas fortes chuvas e enchentes no Rio Grande do Sul. A informa\u00e7\u00e3o foi confirmada pelo presidente da estatal, Edegar Pretto, durante miss\u00e3o de solidariedade e ajuda do governo federal, nesta quarta-feira (6\/9), no Vale do Taquari e na [&hellip;]<\/p>\n","protected":false},"author":8,"featured_media":139266,"comment_status":"open","ping_status":"open","sticky":false,"template":"","format":"standard","meta":{"pmpro_default_level":"","_jetpack_memberships_contains_paid_content":false,"footnotes":""},"categories":[2,3],"tags":[],"class_list":{"0":"post-139265","1":"post","2":"type-post","3":"status-publish","4":"format-standard","5":"has-post-thumbnail","7":"category-featured","8":"category-geral","9":"pmpro-has-access"},"yoast_head":"<!-- This site is optimized with the Yoast SEO plugin v27.4 - https:\/\/yoast.com\/product\/yoast-seo-wordpress\/ -->\n<title>Conab encaminhar\u00e1 5 mil cestas de alimentos a fam\u00edlias atingidas pelas cheias - Folha Popular<\/title>\n<meta name=\"robots\" content=\"index, follow, max-snippet:-1, max-image-preview:large, max-video-preview:-1\" \/>\n<link rel=\"canonical\" href=\"https:\/\/folhapopular.info\/index.php\/2023\/09\/06\/conab-encaminhara-5-mil-cestas-de-alimentos-a-familias-atingidas-pelas-cheias\/\" \/>\n<meta property=\"og:locale\" content=\"pt_BR\" \/>\n<meta property=\"og:type\" content=\"article\" \/>\n<meta property=\"og:title\" content=\"Conab encaminhar\u00e1 5 mil cestas de alimentos a fam\u00edlias atingidas pelas cheias - Folha Popular\" \/>\n<meta property=\"og:description\" content=\"A Companhia Nacional de Abastecimento (Conab) encaminhar\u00e1 5 mil cestas de alimentos para ajudar as fam\u00edlias atingidas pelas fortes chuvas e enchentes no Rio Grande do Sul. A informa\u00e7\u00e3o foi confirmada pelo presidente da estatal, Edegar Pretto, durante miss\u00e3o de solidariedade e ajuda do governo federal, nesta quarta-feira (6\/9), no Vale do Taquari e na [&hellip;]\" \/>\n<meta property=\"og:url\" content=\"https:\/\/folhapopular.info\/index.php\/2023\/09\/06\/conab-encaminhara-5-mil-cestas-de-alimentos-a-familias-atingidas-pelas-cheias\/\" \/>\n<meta property=\"og:site_name\" content=\"Folha Popular\" \/>\n<meta property=\"article:published_time\" content=\"2023-09-06T19:50:11+00:00\" \/>\n<meta property=\"article:modified_time\" content=\"2023-09-06T19:50:15+00:00\" \/>\n<meta property=\"og:image\" content=\"http:\/\/folhapopular.info\/wp-content\/uploads\/2023\/09\/Coletiva-de-imprensa.-Foto-Antonio-Neto.jpg\" \/>\n\t<meta property=\"og:image:width\" content=\"1280\" \/>\n\t<meta property=\"og:image:height\" content=\"720\" \/>\n\t<meta property=\"og:image:type\" content=\"image\/jpeg\" \/>\n<meta name=\"author\" content=\"Reda\u00e7\u00e3o Folha Popular\" \/>\n<meta name=\"twitter:card\" content=\"summary_large_image\" \/>\n<meta name=\"twitter:label1\" content=\"Escrito por\" \/>\n\t<meta name=\"twitter:data1\" content=\"Reda\u00e7\u00e3o Folha Popular\" \/>\n\t<meta name=\"twitter:label2\" content=\"Est. tempo de leitura\" \/>\n\t<meta name=\"twitter:data2\" content=\"3 minutos\" \/>\n<script type=\"application\/ld+json\" class=\"yoast-schema-graph\">{\"@context\":\"https:\\\/\\\/schema.org\",\"@graph\":[{\"@type\":\"Article\",\"@id\":\"https:\\\/\\\/folhapopular.info\\\/index.php\\\/2023\\\/09\\\/06\\\/conab-encaminhara-5-mil-cestas-de-alimentos-a-familias-atingidas-pelas-cheias\\\/#article\",\"isPartOf\":{\"@id\":\"https:\\\/\\\/folhapopular.info\\\/index.php\\\/2023\\\/09\\\/06\\\/conab-encaminhara-5-mil-cestas-de-alimentos-a-familias-atingidas-pelas-cheias\\\/\"},\"author\":{\"name\":\"Reda\u00e7\u00e3o Folha Popular\",\"@id\":\"https:\\\/\\\/folhapopular.info\\\/#\\\/schema\\\/person\\\/2814e8a0df7643585a9ca38bc6eb9d4b\"},\"headline\":\"Conab encaminhar\u00e1 5 mil cestas de alimentos a fam\u00edlias atingidas pelas cheias\",\"datePublished\":\"2023-09-06T19:50:11+00:00\",\"dateModified\":\"2023-09-06T19:50:15+00:00\",\"mainEntityOfPage\":{\"@id\":\"https:\\\/\\\/folhapopular.info\\\/index.php\\\/2023\\\/09\\\/06\\\/conab-encaminhara-5-mil-cestas-de-alimentos-a-familias-atingidas-pelas-cheias\\\/\"},\"wordCount\":589,\"commentCount\":0,\"image\":{\"@id\":\"https:\\\/\\\/folhapopular.info\\\/index.php\\\/2023\\\/09\\\/06\\\/conab-encaminhara-5-mil-cestas-de-alimentos-a-familias-atingidas-pelas-cheias\\\/#primaryimage\"},\"thumbnailUrl\":\"https:\\\/\\\/folhapopular.info\\\/wp-content\\\/uploads\\\/2023\\\/09\\\/Coletiva-de-imprensa.-Foto-Antonio-Neto.jpg\",\"articleSection\":[\"Destaques\",\"Geral\"],\"inLanguage\":\"pt-BR\",\"potentialAction\":[{\"@type\":\"CommentAction\",\"name\":\"Comment\",\"target\":[\"https:\\\/\\\/folhapopular.info\\\/index.php\\\/2023\\\/09\\\/06\\\/conab-encaminhara-5-mil-cestas-de-alimentos-a-familias-atingidas-pelas-cheias\\\/#respond\"]}]},{\"@type\":\"WebPage\",\"@id\":\"https:\\\/\\\/folhapopular.info\\\/index.php\\\/2023\\\/09\\\/06\\\/conab-encaminhara-5-mil-cestas-de-alimentos-a-familias-atingidas-pelas-cheias\\\/\",\"url\":\"https:\\\/\\\/folhapopular.info\\\/index.php\\\/2023\\\/09\\\/06\\\/conab-encaminhara-5-mil-cestas-de-alimentos-a-familias-atingidas-pelas-cheias\\\/\",\"name\":\"Conab encaminhar\u00e1 5 mil cestas de alimentos a fam\u00edlias atingidas pelas cheias - Folha Popular\",\"isPartOf\":{\"@id\":\"https:\\\/\\\/folhapopular.info\\\/#website\"},\"primaryImageOfPage\":{\"@id\":\"https:\\\/\\\/folhapopular.info\\\/index.php\\\/2023\\\/09\\\/06\\\/conab-encaminhara-5-mil-cestas-de-alimentos-a-familias-atingidas-pelas-cheias\\\/#primaryimage\"},\"image\":{\"@id\":\"https:\\\/\\\/folhapopular.info\\\/index.php\\\/2023\\\/09\\\/06\\\/conab-encaminhara-5-mil-cestas-de-alimentos-a-familias-atingidas-pelas-cheias\\\/#primaryimage\"},\"thumbnailUrl\":\"https:\\\/\\\/folhapopular.info\\\/wp-content\\\/uploads\\\/2023\\\/09\\\/Coletiva-de-imprensa.-Foto-Antonio-Neto.jpg\",\"datePublished\":\"2023-09-06T19:50:11+00:00\",\"dateModified\":\"2023-09-06T19:50:15+00:00\",\"author\":{\"@id\":\"https:\\\/\\\/folhapopular.info\\\/#\\\/schema\\\/person\\\/2814e8a0df7643585a9ca38bc6eb9d4b\"},\"breadcrumb\":{\"@id\":\"https:\\\/\\\/folhapopular.info\\\/index.php\\\/2023\\\/09\\\/06\\\/conab-encaminhara-5-mil-cestas-de-alimentos-a-familias-atingidas-pelas-cheias\\\/#breadcrumb\"},\"inLanguage\":\"pt-BR\",\"potentialAction\":[{\"@type\":\"ReadAction\",\"target\":[\"https:\\\/\\\/folhapopular.info\\\/index.php\\\/2023\\\/09\\\/06\\\/conab-encaminhara-5-mil-cestas-de-alimentos-a-familias-atingidas-pelas-cheias\\\/\"]}]},{\"@type\":\"ImageObject\",\"inLanguage\":\"pt-BR\",\"@id\":\"https:\\\/\\\/folhapopular.info\\\/index.php\\\/2023\\\/09\\\/06\\\/conab-encaminhara-5-mil-cestas-de-alimentos-a-familias-atingidas-pelas-cheias\\\/#primaryimage\",\"url\":\"https:\\\/\\\/folhapopular.info\\\/wp-content\\\/uploads\\\/2023\\\/09\\\/Coletiva-de-imprensa.-Foto-Antonio-Neto.jpg\",\"contentUrl\":\"https:\\\/\\\/folhapopular.info\\\/wp-content\\\/uploads\\\/2023\\\/09\\\/Coletiva-de-imprensa.-Foto-Antonio-Neto.jpg\",\"width\":1280,\"height\":720,\"caption\":\"An\u00fancios foram feitos em coletiva de imprensa\"},{\"@type\":\"BreadcrumbList\",\"@id\":\"https:\\\/\\\/folhapopular.info\\\/index.php\\\/2023\\\/09\\\/06\\\/conab-encaminhara-5-mil-cestas-de-alimentos-a-familias-atingidas-pelas-cheias\\\/#breadcrumb\",\"itemListElement\":[{\"@type\":\"ListItem\",\"position\":1,\"name\":\"In\u00edcio\",\"item\":\"https:\\\/\\\/folhapopular.info\\\/\"},{\"@type\":\"ListItem\",\"position\":2,\"name\":\"Conab encaminhar\u00e1 5 mil cestas de alimentos a fam\u00edlias atingidas pelas cheias\"}]},{\"@type\":\"WebSite\",\"@id\":\"https:\\\/\\\/folhapopular.info\\\/#website\",\"url\":\"https:\\\/\\\/folhapopular.info\\\/\",\"name\":\"Folha Popular\",\"description\":\"Onde voc\u00ea tem vez e voz\",\"potentialAction\":[{\"@type\":\"SearchAction\",\"target\":{\"@type\":\"EntryPoint\",\"urlTemplate\":\"https:\\\/\\\/folhapopular.info\\\/?s={search_term_string}\"},\"query-input\":{\"@type\":\"PropertyValueSpecification\",\"valueRequired\":true,\"valueName\":\"search_term_string\"}}],\"inLanguage\":\"pt-BR\"},{\"@type\":\"Person\",\"@id\":\"https:\\\/\\\/folhapopular.info\\\/#\\\/schema\\\/person\\\/2814e8a0df7643585a9ca38bc6eb9d4b\",\"name\":\"Reda\u00e7\u00e3o Folha Popular\",\"image\":{\"@type\":\"ImageObject\",\"inLanguage\":\"pt-BR\",\"@id\":\"https:\\\/\\\/folhapopular.info\\\/wp-content\\\/uploads\\\/2026\\\/04\\\/Folha-1.webp\",\"url\":\"https:\\\/\\\/folhapopular.info\\\/wp-content\\\/uploads\\\/2026\\\/04\\\/Folha-1.webp\",\"contentUrl\":\"https:\\\/\\\/folhapopular.info\\\/wp-content\\\/uploads\\\/2026\\\/04\\\/Folha-1.webp\",\"caption\":\"Reda\u00e7\u00e3o Folha Popular\"},\"url\":\"https:\\\/\\\/folhapopular.info\\\/index.php\\\/author\\\/redacao\\\/\"}]}<\/script>\n<!-- \/ Yoast SEO plugin. -->","yoast_head_json":{"title":"Conab encaminhar\u00e1 5 mil cestas de alimentos a fam\u00edlias atingidas pelas cheias - Folha Popular","robots":{"index":"index","follow":"follow","max-snippet":"max-snippet:-1","max-image-preview":"max-image-preview:large","max-video-preview":"max-video-preview:-1"},"canonical":"https:\/\/folhapopular.info\/index.php\/2023\/09\/06\/conab-encaminhara-5-mil-cestas-de-alimentos-a-familias-atingidas-pelas-cheias\/","og_locale":"pt_BR","og_type":"article","og_title":"Conab encaminhar\u00e1 5 mil cestas de alimentos a fam\u00edlias atingidas pelas cheias - Folha Popular","og_description":"A Companhia Nacional de Abastecimento (Conab) encaminhar\u00e1 5 mil cestas de alimentos para ajudar as fam\u00edlias atingidas pelas fortes chuvas e enchentes no Rio Grande do Sul. A informa\u00e7\u00e3o foi confirmada pelo presidente da estatal, Edegar Pretto, durante miss\u00e3o de solidariedade e ajuda do governo federal, nesta quarta-feira (6\/9), no Vale do Taquari e na [&hellip;]","og_url":"https:\/\/folhapopular.info\/index.php\/2023\/09\/06\/conab-encaminhara-5-mil-cestas-de-alimentos-a-familias-atingidas-pelas-cheias\/","og_site_name":"Folha Popular","article_published_time":"2023-09-06T19:50:11+00:00","article_modified_time":"2023-09-06T19:50:15+00:00","og_image":[{"width":1280,"height":720,"url":"http:\/\/folhapopular.info\/wp-content\/uploads\/2023\/09\/Coletiva-de-imprensa.-Foto-Antonio-Neto.jpg","type":"image\/jpeg"}],"author":"Reda\u00e7\u00e3o Folha Popular","twitter_card":"summary_large_image","twitter_misc":{"Escrito por":"Reda\u00e7\u00e3o Folha Popular","Est. tempo de leitura":"3 minutos"},"schema":{"@context":"https:\/\/schema.org","@graph":[{"@type":"Article","@id":"https:\/\/folhapopular.info\/index.php\/2023\/09\/06\/conab-encaminhara-5-mil-cestas-de-alimentos-a-familias-atingidas-pelas-cheias\/#article","isPartOf":{"@id":"https:\/\/folhapopular.info\/index.php\/2023\/09\/06\/conab-encaminhara-5-mil-cestas-de-alimentos-a-familias-atingidas-pelas-cheias\/"},"author":{"name":"Reda\u00e7\u00e3o Folha Popular","@id":"https:\/\/folhapopular.info\/#\/schema\/person\/2814e8a0df7643585a9ca38bc6eb9d4b"},"headline":"Conab encaminhar\u00e1 5 mil cestas de alimentos a fam\u00edlias atingidas pelas cheias","datePublished":"2023-09-06T19:50:11+00:00","dateModified":"2023-09-06T19:50:15+00:00","mainEntityOfPage":{"@id":"https:\/\/folhapopular.info\/index.php\/2023\/09\/06\/conab-encaminhara-5-mil-cestas-de-alimentos-a-familias-atingidas-pelas-cheias\/"},"wordCount":589,"commentCount":0,"image":{"@id":"https:\/\/folhapopular.info\/index.php\/2023\/09\/06\/conab-encaminhara-5-mil-cestas-de-alimentos-a-familias-atingidas-pelas-cheias\/#primaryimage"},"thumbnailUrl":"https:\/\/folhapopular.info\/wp-content\/uploads\/2023\/09\/Coletiva-de-imprensa.-Foto-Antonio-Neto.jpg","articleSection":["Destaques","Geral"],"inLanguage":"pt-BR","potentialAction":[{"@type":"CommentAction","name":"Comment","target":["https:\/\/folhapopular.info\/index.php\/2023\/09\/06\/conab-encaminhara-5-mil-cestas-de-alimentos-a-familias-atingidas-pelas-cheias\/#respond"]}]},{"@type":"WebPage","@id":"https:\/\/folhapopular.info\/index.php\/2023\/09\/06\/conab-encaminhara-5-mil-cestas-de-alimentos-a-familias-atingidas-pelas-cheias\/","url":"https:\/\/folhapopular.info\/index.php\/2023\/09\/06\/conab-encaminhara-5-mil-cestas-de-alimentos-a-familias-atingidas-pelas-cheias\/","name":"Conab encaminhar\u00e1 5 mil cestas de alimentos a fam\u00edlias atingidas pelas cheias - Folha Popular","isPartOf":{"@id":"https:\/\/folhapopular.info\/#website"},"primaryImageOfPage":{"@id":"https:\/\/folhapopular.info\/index.php\/2023\/09\/06\/conab-encaminhara-5-mil-cestas-de-alimentos-a-familias-atingidas-pelas-cheias\/#primaryimage"},"image":{"@id":"https:\/\/folhapopular.info\/index.php\/2023\/09\/06\/conab-encaminhara-5-mil-cestas-de-alimentos-a-familias-atingidas-pelas-cheias\/#primaryimage"},"thumbnailUrl":"https:\/\/folhapopular.info\/wp-content\/uploads\/2023\/09\/Coletiva-de-imprensa.-Foto-Antonio-Neto.jpg","datePublished":"2023-09-06T19:50:11+00:00","dateModified":"2023-09-06T19:50:15+00:00","author":{"@id":"https:\/\/folhapopular.info\/#\/schema\/person\/2814e8a0df7643585a9ca38bc6eb9d4b"},"breadcrumb":{"@id":"https:\/\/folhapopular.info\/index.php\/2023\/09\/06\/conab-encaminhara-5-mil-cestas-de-alimentos-a-familias-atingidas-pelas-cheias\/#breadcrumb"},"inLanguage":"pt-BR","potentialAction":[{"@type":"ReadAction","target":["https:\/\/folhapopular.info\/index.php\/2023\/09\/06\/conab-encaminhara-5-mil-cestas-de-alimentos-a-familias-atingidas-pelas-cheias\/"]}]},{"@type":"ImageObject","inLanguage":"pt-BR","@id":"https:\/\/folhapopular.info\/index.php\/2023\/09\/06\/conab-encaminhara-5-mil-cestas-de-alimentos-a-familias-atingidas-pelas-cheias\/#primaryimage","url":"https:\/\/folhapopular.info\/wp-content\/uploads\/2023\/09\/Coletiva-de-imprensa.-Foto-Antonio-Neto.jpg","contentUrl":"https:\/\/folhapopular.info\/wp-content\/uploads\/2023\/09\/Coletiva-de-imprensa.-Foto-Antonio-Neto.jpg","width":1280,"height":720,"caption":"An\u00fancios foram feitos em coletiva de imprensa"},{"@type":"BreadcrumbList","@id":"https:\/\/folhapopular.info\/index.php\/2023\/09\/06\/conab-encaminhara-5-mil-cestas-de-alimentos-a-familias-atingidas-pelas-cheias\/#breadcrumb","itemListElement":[{"@type":"ListItem","position":1,"name":"In\u00edcio","item":"https:\/\/folhapopular.info\/"},{"@type":"ListItem","position":2,"name":"Conab encaminhar\u00e1 5 mil cestas de alimentos a fam\u00edlias atingidas pelas cheias"}]},{"@type":"WebSite","@id":"https:\/\/folhapopular.info\/#website","url":"https:\/\/folhapopular.info\/","name":"Folha Popular","description":"Onde voc\u00ea tem vez e voz","potentialAction":[{"@type":"SearchAction","target":{"@type":"EntryPoint","urlTemplate":"https:\/\/folhapopular.info\/?s={search_term_string}"},"query-input":{"@type":"PropertyValueSpecification","valueRequired":true,"valueName":"search_term_string"}}],"inLanguage":"pt-BR"},{"@type":"Person","@id":"https:\/\/folhapopular.info\/#\/schema\/person\/2814e8a0df7643585a9ca38bc6eb9d4b","name":"Reda\u00e7\u00e3o Folha Popular","image":{"@type":"ImageObject","inLanguage":"pt-BR","@id":"https:\/\/folhapopular.info\/wp-content\/uploads\/2026\/04\/Folha-1.webp","url":"https:\/\/folhapopular.info\/wp-content\/uploads\/2026\/04\/Folha-1.webp","contentUrl":"https:\/\/folhapopular.info\/wp-content\/uploads\/2026\/04\/Folha-1.webp","caption":"Reda\u00e7\u00e3o Folha Popular"},"url":"https:\/\/folhapopular.info\/index.php\/author\/redacao\/"}]}},"jetpack_featured_media_url":"https:\/\/folhapopular.info\/wp-content\/uploads\/2023\/09\/Coletiva-de-imprensa.-Foto-Antonio-Neto.jpg","jetpack_sharing_enabled":true,"amp_enabled":true,"_links":{"self":[{"href":"https:\/\/folhapopular.info\/index.php\/wp-json\/wp\/v2\/posts\/139265","targetHints":{"allow":["GET"]}}],"collection":[{"href":"https:\/\/folhapopular.info\/index.php\/wp-json\/wp\/v2\/posts"}],"about":[{"href":"https:\/\/folhapopular.info\/index.php\/wp-json\/wp\/v2\/types\/post"}],"author":[{"embeddable":true,"href":"https:\/\/folhapopular.info\/index.php\/wp-json\/wp\/v2\/users\/8"}],"replies":[{"embeddable":true,"href":"https:\/\/folhapopular.info\/index.php\/wp-json\/wp\/v2\/comments?post=139265"}],"version-history":[{"count":0,"href":"https:\/\/folhapopular.info\/index.php\/wp-json\/wp\/v2\/posts\/139265\/revisions"}],"wp:featuredmedia":[{"embeddable":true,"href":"https:\/\/folhapopular.info\/index.php\/wp-json\/wp\/v2\/media\/139266"}],"wp:attachment":[{"href":"https:\/\/folhapopular.info\/index.php\/wp-json\/wp\/v2\/media?parent=139265"}],"wp:term":[{"taxonomy":"category","embeddable":true,"href":"https:\/\/folhapopular.info\/index.php\/wp-json\/wp\/v2\/categories?post=139265"},{"taxonomy":"post_tag","embeddable":true,"href":"https:\/\/folhapopular.info\/index.php\/wp-json\/wp\/v2\/tags?post=139265"}],"curies":[{"name":"wp","href":"https:\/\/api.w.org\/{rel}","templated":true}]}}