{"id":139358,"date":"2023-09-07T16:42:16","date_gmt":"2023-09-07T19:42:16","guid":{"rendered":"https:\/\/folhapopular.info\/?p=139358"},"modified":"2023-09-07T16:43:27","modified_gmt":"2023-09-07T19:43:27","slug":"estrela-atualiza-lista-de-desaparecidos","status":"publish","type":"post","link":"https:\/\/folhapopular.info\/index.php\/2023\/09\/07\/estrela-atualiza-lista-de-desaparecidos\/","title":{"rendered":"Estrela atualiza lista de desaparecidos"},"content":{"rendered":"\n<p>O munic\u00edpio de Estrela divulgou na tarde desta quinta-feira (7\/9) lista atualizada de pessoas que est\u00e3o sem comunica\u00e7\u00e3o com as suas fam\u00edlias. At\u00e9 o momento, s\u00e3o 35 pessoas: <\/p>\n\n\n\n<p>Cleomar Morais de Oliveira;<br>Edielson e Brena;<br>Edy Terezinha Canan;<br>Gilmar Mallmann;<br>Gecilda Antunes Lemos;<br>Gustavo Almeida;<br>Hermelinda Pereira;<br>Jair dos Santos;<br>Jane Soares Labres;<br>Janete Laci;<br>Janete do Nascimento de Freitas;<br>Jurema de Oliveira Amaral;<br>Luiz Alex de Castro;<br>Luiz Ant\u00f4nio Freitas;<br>Lucas Castrin;<br>Marcio dos Santos;<br>Marlene do Nascimento;<br>Maria Fabiana de Camargo Oliveira;<br>Maise Garcia dos Santos;<br>Orlando Antunes Lemos;<br>Priscila Felipe;<br>Rita de C\u00e1ssia;<br>Renato James (mais quatro crian\u00e7as);<br>Rodrigo Ptzold;<br>Sandra de Oliveira e Samara de Oliveira;<br>Sandra dos Santos;<br>S\u00e9rgio Soares Labres;<br>Silvana Melo;<br>Vitor Hugo Pereira.<\/p>\n","protected":false},"excerpt":{"rendered":"<p>O munic\u00edpio de Estrela divulgou na tarde desta quinta-feira (7\/9) lista atualizada de pessoas que est\u00e3o sem comunica\u00e7\u00e3o com as suas fam\u00edlias. At\u00e9 o momento, s\u00e3o 35 pessoas: Cleomar Morais de Oliveira;Edielson e Brena;Edy Terezinha Canan;Gilmar Mallmann;Gecilda Antunes Lemos;Gustavo Almeida;Hermelinda Pereira;Jair dos Santos;Jane Soares Labres;Janete Laci;Janete do Nascimento de Freitas;Jurema de Oliveira Amaral;Luiz Alex de [&hellip;]<\/p>\n","protected":false},"author":8,"featured_media":139359,"comment_status":"open","ping_status":"open","sticky":false,"template":"","format":"standard","meta":{"pmpro_default_level":"","_jetpack_memberships_contains_paid_content":false,"footnotes":""},"categories":[2,3],"tags":[8295,4170,8],"class_list":{"0":"post-139358","1":"post","2":"type-post","3":"status-publish","4":"format-standard","5":"has-post-thumbnail","7":"category-featured","8":"category-geral","9":"tag-desaparecidos","10":"tag-enchente","11":"tag-estrela","12":"pmpro-has-access"},"yoast_head":"<!-- This site is optimized with the Yoast SEO plugin v27.5 - https:\/\/yoast.com\/product\/yoast-seo-wordpress\/ -->\n<title>Estrela atualiza lista de desaparecidos - Folha Popular<\/title>\n<meta name=\"robots\" content=\"index, follow, max-snippet:-1, max-image-preview:large, max-video-preview:-1\" \/>\n<link rel=\"canonical\" href=\"https:\/\/folhapopular.info\/index.php\/2023\/09\/07\/estrela-atualiza-lista-de-desaparecidos\/\" \/>\n<meta property=\"og:locale\" content=\"pt_BR\" \/>\n<meta property=\"og:type\" content=\"article\" \/>\n<meta property=\"og:title\" content=\"Estrela atualiza lista de desaparecidos - Folha Popular\" \/>\n<meta property=\"og:description\" content=\"O munic\u00edpio de Estrela divulgou na tarde desta quinta-feira (7\/9) lista atualizada de pessoas que est\u00e3o sem comunica\u00e7\u00e3o com as suas fam\u00edlias. At\u00e9 o momento, s\u00e3o 35 pessoas: Cleomar Morais de Oliveira;Edielson e Brena;Edy Terezinha Canan;Gilmar Mallmann;Gecilda Antunes Lemos;Gustavo Almeida;Hermelinda Pereira;Jair dos Santos;Jane Soares Labres;Janete Laci;Janete do Nascimento de Freitas;Jurema de Oliveira Amaral;Luiz Alex de [&hellip;]\" \/>\n<meta property=\"og:url\" content=\"https:\/\/folhapopular.info\/index.php\/2023\/09\/07\/estrela-atualiza-lista-de-desaparecidos\/\" \/>\n<meta property=\"og:site_name\" content=\"Folha Popular\" \/>\n<meta property=\"article:published_time\" content=\"2023-09-07T19:42:16+00:00\" \/>\n<meta property=\"article:modified_time\" content=\"2023-09-07T19:43:27+00:00\" \/>\n<meta property=\"og:image\" content=\"http:\/\/folhapopular.info\/wp-content\/uploads\/2023\/09\/WhatsApp-Image-2023-09-07-at-16.41.33.jpeg\" \/>\n\t<meta property=\"og:image:width\" content=\"1600\" \/>\n\t<meta property=\"og:image:height\" content=\"900\" \/>\n\t<meta property=\"og:image:type\" content=\"image\/jpeg\" \/>\n<meta name=\"author\" content=\"Reda\u00e7\u00e3o Folha Popular\" \/>\n<meta name=\"twitter:card\" content=\"summary_large_image\" \/>\n<meta name=\"twitter:label1\" content=\"Escrito por\" \/>\n\t<meta name=\"twitter:data1\" content=\"Reda\u00e7\u00e3o Folha Popular\" \/>\n\t<meta name=\"twitter:label2\" content=\"Est. tempo de leitura\" \/>\n\t<meta name=\"twitter:data2\" content=\"1 minuto\" \/>\n<script type=\"application\/ld+json\" class=\"yoast-schema-graph\">{\"@context\":\"https:\\\/\\\/schema.org\",\"@graph\":[{\"@type\":\"Article\",\"@id\":\"https:\\\/\\\/folhapopular.info\\\/index.php\\\/2023\\\/09\\\/07\\\/estrela-atualiza-lista-de-desaparecidos\\\/#article\",\"isPartOf\":{\"@id\":\"https:\\\/\\\/folhapopular.info\\\/index.php\\\/2023\\\/09\\\/07\\\/estrela-atualiza-lista-de-desaparecidos\\\/\"},\"author\":{\"name\":\"Reda\u00e7\u00e3o Folha Popular\",\"@id\":\"https:\\\/\\\/folhapopular.info\\\/#\\\/schema\\\/person\\\/2814e8a0df7643585a9ca38bc6eb9d4b\"},\"headline\":\"Estrela atualiza lista de desaparecidos\",\"datePublished\":\"2023-09-07T19:42:16+00:00\",\"dateModified\":\"2023-09-07T19:43:27+00:00\",\"mainEntityOfPage\":{\"@id\":\"https:\\\/\\\/folhapopular.info\\\/index.php\\\/2023\\\/09\\\/07\\\/estrela-atualiza-lista-de-desaparecidos\\\/\"},\"wordCount\":133,\"commentCount\":0,\"image\":{\"@id\":\"https:\\\/\\\/folhapopular.info\\\/index.php\\\/2023\\\/09\\\/07\\\/estrela-atualiza-lista-de-desaparecidos\\\/#primaryimage\"},\"thumbnailUrl\":\"https:\\\/\\\/folhapopular.info\\\/wp-content\\\/uploads\\\/2023\\\/09\\\/WhatsApp-Image-2023-09-07-at-16.41.33.jpeg\",\"keywords\":[\"Desaparecidos\",\"Enchente\",\"Estrela\"],\"articleSection\":[\"Destaques\",\"Geral\"],\"inLanguage\":\"pt-BR\",\"potentialAction\":[{\"@type\":\"CommentAction\",\"name\":\"Comment\",\"target\":[\"https:\\\/\\\/folhapopular.info\\\/index.php\\\/2023\\\/09\\\/07\\\/estrela-atualiza-lista-de-desaparecidos\\\/#respond\"]}]},{\"@type\":\"WebPage\",\"@id\":\"https:\\\/\\\/folhapopular.info\\\/index.php\\\/2023\\\/09\\\/07\\\/estrela-atualiza-lista-de-desaparecidos\\\/\",\"url\":\"https:\\\/\\\/folhapopular.info\\\/index.php\\\/2023\\\/09\\\/07\\\/estrela-atualiza-lista-de-desaparecidos\\\/\",\"name\":\"Estrela atualiza lista de desaparecidos - Folha Popular\",\"isPartOf\":{\"@id\":\"https:\\\/\\\/folhapopular.info\\\/#website\"},\"primaryImageOfPage\":{\"@id\":\"https:\\\/\\\/folhapopular.info\\\/index.php\\\/2023\\\/09\\\/07\\\/estrela-atualiza-lista-de-desaparecidos\\\/#primaryimage\"},\"image\":{\"@id\":\"https:\\\/\\\/folhapopular.info\\\/index.php\\\/2023\\\/09\\\/07\\\/estrela-atualiza-lista-de-desaparecidos\\\/#primaryimage\"},\"thumbnailUrl\":\"https:\\\/\\\/folhapopular.info\\\/wp-content\\\/uploads\\\/2023\\\/09\\\/WhatsApp-Image-2023-09-07-at-16.41.33.jpeg\",\"datePublished\":\"2023-09-07T19:42:16+00:00\",\"dateModified\":\"2023-09-07T19:43:27+00:00\",\"author\":{\"@id\":\"https:\\\/\\\/folhapopular.info\\\/#\\\/schema\\\/person\\\/2814e8a0df7643585a9ca38bc6eb9d4b\"},\"breadcrumb\":{\"@id\":\"https:\\\/\\\/folhapopular.info\\\/index.php\\\/2023\\\/09\\\/07\\\/estrela-atualiza-lista-de-desaparecidos\\\/#breadcrumb\"},\"inLanguage\":\"pt-BR\",\"potentialAction\":[{\"@type\":\"ReadAction\",\"target\":[\"https:\\\/\\\/folhapopular.info\\\/index.php\\\/2023\\\/09\\\/07\\\/estrela-atualiza-lista-de-desaparecidos\\\/\"]}]},{\"@type\":\"ImageObject\",\"inLanguage\":\"pt-BR\",\"@id\":\"https:\\\/\\\/folhapopular.info\\\/index.php\\\/2023\\\/09\\\/07\\\/estrela-atualiza-lista-de-desaparecidos\\\/#primaryimage\",\"url\":\"https:\\\/\\\/folhapopular.info\\\/wp-content\\\/uploads\\\/2023\\\/09\\\/WhatsApp-Image-2023-09-07-at-16.41.33.jpeg\",\"contentUrl\":\"https:\\\/\\\/folhapopular.info\\\/wp-content\\\/uploads\\\/2023\\\/09\\\/WhatsApp-Image-2023-09-07-at-16.41.33.jpeg\",\"width\":1600,\"height\":900,\"caption\":\"Cr\u00e9dito: Marcos Vin\u00edcius Bilhar\"},{\"@type\":\"BreadcrumbList\",\"@id\":\"https:\\\/\\\/folhapopular.info\\\/index.php\\\/2023\\\/09\\\/07\\\/estrela-atualiza-lista-de-desaparecidos\\\/#breadcrumb\",\"itemListElement\":[{\"@type\":\"ListItem\",\"position\":1,\"name\":\"In\u00edcio\",\"item\":\"https:\\\/\\\/folhapopular.info\\\/\"},{\"@type\":\"ListItem\",\"position\":2,\"name\":\"Estrela atualiza lista de desaparecidos\"}]},{\"@type\":\"WebSite\",\"@id\":\"https:\\\/\\\/folhapopular.info\\\/#website\",\"url\":\"https:\\\/\\\/folhapopular.info\\\/\",\"name\":\"Folha Popular\",\"description\":\"Onde voc\u00ea tem vez e voz\",\"potentialAction\":[{\"@type\":\"SearchAction\",\"target\":{\"@type\":\"EntryPoint\",\"urlTemplate\":\"https:\\\/\\\/folhapopular.info\\\/?s={search_term_string}\"},\"query-input\":{\"@type\":\"PropertyValueSpecification\",\"valueRequired\":true,\"valueName\":\"search_term_string\"}}],\"inLanguage\":\"pt-BR\"},{\"@type\":\"Person\",\"@id\":\"https:\\\/\\\/folhapopular.info\\\/#\\\/schema\\\/person\\\/2814e8a0df7643585a9ca38bc6eb9d4b\",\"name\":\"Reda\u00e7\u00e3o Folha Popular\",\"image\":{\"@type\":\"ImageObject\",\"inLanguage\":\"pt-BR\",\"@id\":\"https:\\\/\\\/folhapopular.info\\\/wp-content\\\/uploads\\\/2026\\\/04\\\/Folha-1.webp\",\"url\":\"https:\\\/\\\/folhapopular.info\\\/wp-content\\\/uploads\\\/2026\\\/04\\\/Folha-1.webp\",\"contentUrl\":\"https:\\\/\\\/folhapopular.info\\\/wp-content\\\/uploads\\\/2026\\\/04\\\/Folha-1.webp\",\"caption\":\"Reda\u00e7\u00e3o Folha Popular\"},\"url\":\"https:\\\/\\\/folhapopular.info\\\/index.php\\\/author\\\/redacao\\\/\"}]}<\/script>\n<!-- \/ Yoast SEO plugin. -->","yoast_head_json":{"title":"Estrela atualiza lista de desaparecidos - Folha Popular","robots":{"index":"index","follow":"follow","max-snippet":"max-snippet:-1","max-image-preview":"max-image-preview:large","max-video-preview":"max-video-preview:-1"},"canonical":"https:\/\/folhapopular.info\/index.php\/2023\/09\/07\/estrela-atualiza-lista-de-desaparecidos\/","og_locale":"pt_BR","og_type":"article","og_title":"Estrela atualiza lista de desaparecidos - Folha Popular","og_description":"O munic\u00edpio de Estrela divulgou na tarde desta quinta-feira (7\/9) lista atualizada de pessoas que est\u00e3o sem comunica\u00e7\u00e3o com as suas fam\u00edlias. At\u00e9 o momento, s\u00e3o 35 pessoas: Cleomar Morais de Oliveira;Edielson e Brena;Edy Terezinha Canan;Gilmar Mallmann;Gecilda Antunes Lemos;Gustavo Almeida;Hermelinda Pereira;Jair dos Santos;Jane Soares Labres;Janete Laci;Janete do Nascimento de Freitas;Jurema de Oliveira Amaral;Luiz Alex de [&hellip;]","og_url":"https:\/\/folhapopular.info\/index.php\/2023\/09\/07\/estrela-atualiza-lista-de-desaparecidos\/","og_site_name":"Folha Popular","article_published_time":"2023-09-07T19:42:16+00:00","article_modified_time":"2023-09-07T19:43:27+00:00","og_image":[{"width":1600,"height":900,"url":"http:\/\/folhapopular.info\/wp-content\/uploads\/2023\/09\/WhatsApp-Image-2023-09-07-at-16.41.33.jpeg","type":"image\/jpeg"}],"author":"Reda\u00e7\u00e3o Folha Popular","twitter_card":"summary_large_image","twitter_misc":{"Escrito por":"Reda\u00e7\u00e3o Folha Popular","Est. tempo de leitura":"1 minuto"},"schema":{"@context":"https:\/\/schema.org","@graph":[{"@type":"Article","@id":"https:\/\/folhapopular.info\/index.php\/2023\/09\/07\/estrela-atualiza-lista-de-desaparecidos\/#article","isPartOf":{"@id":"https:\/\/folhapopular.info\/index.php\/2023\/09\/07\/estrela-atualiza-lista-de-desaparecidos\/"},"author":{"name":"Reda\u00e7\u00e3o Folha Popular","@id":"https:\/\/folhapopular.info\/#\/schema\/person\/2814e8a0df7643585a9ca38bc6eb9d4b"},"headline":"Estrela atualiza lista de desaparecidos","datePublished":"2023-09-07T19:42:16+00:00","dateModified":"2023-09-07T19:43:27+00:00","mainEntityOfPage":{"@id":"https:\/\/folhapopular.info\/index.php\/2023\/09\/07\/estrela-atualiza-lista-de-desaparecidos\/"},"wordCount":133,"commentCount":0,"image":{"@id":"https:\/\/folhapopular.info\/index.php\/2023\/09\/07\/estrela-atualiza-lista-de-desaparecidos\/#primaryimage"},"thumbnailUrl":"https:\/\/folhapopular.info\/wp-content\/uploads\/2023\/09\/WhatsApp-Image-2023-09-07-at-16.41.33.jpeg","keywords":["Desaparecidos","Enchente","Estrela"],"articleSection":["Destaques","Geral"],"inLanguage":"pt-BR","potentialAction":[{"@type":"CommentAction","name":"Comment","target":["https:\/\/folhapopular.info\/index.php\/2023\/09\/07\/estrela-atualiza-lista-de-desaparecidos\/#respond"]}]},{"@type":"WebPage","@id":"https:\/\/folhapopular.info\/index.php\/2023\/09\/07\/estrela-atualiza-lista-de-desaparecidos\/","url":"https:\/\/folhapopular.info\/index.php\/2023\/09\/07\/estrela-atualiza-lista-de-desaparecidos\/","name":"Estrela atualiza lista de desaparecidos - Folha Popular","isPartOf":{"@id":"https:\/\/folhapopular.info\/#website"},"primaryImageOfPage":{"@id":"https:\/\/folhapopular.info\/index.php\/2023\/09\/07\/estrela-atualiza-lista-de-desaparecidos\/#primaryimage"},"image":{"@id":"https:\/\/folhapopular.info\/index.php\/2023\/09\/07\/estrela-atualiza-lista-de-desaparecidos\/#primaryimage"},"thumbnailUrl":"https:\/\/folhapopular.info\/wp-content\/uploads\/2023\/09\/WhatsApp-Image-2023-09-07-at-16.41.33.jpeg","datePublished":"2023-09-07T19:42:16+00:00","dateModified":"2023-09-07T19:43:27+00:00","author":{"@id":"https:\/\/folhapopular.info\/#\/schema\/person\/2814e8a0df7643585a9ca38bc6eb9d4b"},"breadcrumb":{"@id":"https:\/\/folhapopular.info\/index.php\/2023\/09\/07\/estrela-atualiza-lista-de-desaparecidos\/#breadcrumb"},"inLanguage":"pt-BR","potentialAction":[{"@type":"ReadAction","target":["https:\/\/folhapopular.info\/index.php\/2023\/09\/07\/estrela-atualiza-lista-de-desaparecidos\/"]}]},{"@type":"ImageObject","inLanguage":"pt-BR","@id":"https:\/\/folhapopular.info\/index.php\/2023\/09\/07\/estrela-atualiza-lista-de-desaparecidos\/#primaryimage","url":"https:\/\/folhapopular.info\/wp-content\/uploads\/2023\/09\/WhatsApp-Image-2023-09-07-at-16.41.33.jpeg","contentUrl":"https:\/\/folhapopular.info\/wp-content\/uploads\/2023\/09\/WhatsApp-Image-2023-09-07-at-16.41.33.jpeg","width":1600,"height":900,"caption":"Cr\u00e9dito: Marcos Vin\u00edcius Bilhar"},{"@type":"BreadcrumbList","@id":"https:\/\/folhapopular.info\/index.php\/2023\/09\/07\/estrela-atualiza-lista-de-desaparecidos\/#breadcrumb","itemListElement":[{"@type":"ListItem","position":1,"name":"In\u00edcio","item":"https:\/\/folhapopular.info\/"},{"@type":"ListItem","position":2,"name":"Estrela atualiza lista de desaparecidos"}]},{"@type":"WebSite","@id":"https:\/\/folhapopular.info\/#website","url":"https:\/\/folhapopular.info\/","name":"Folha Popular","description":"Onde voc\u00ea tem vez e voz","potentialAction":[{"@type":"SearchAction","target":{"@type":"EntryPoint","urlTemplate":"https:\/\/folhapopular.info\/?s={search_term_string}"},"query-input":{"@type":"PropertyValueSpecification","valueRequired":true,"valueName":"search_term_string"}}],"inLanguage":"pt-BR"},{"@type":"Person","@id":"https:\/\/folhapopular.info\/#\/schema\/person\/2814e8a0df7643585a9ca38bc6eb9d4b","name":"Reda\u00e7\u00e3o Folha Popular","image":{"@type":"ImageObject","inLanguage":"pt-BR","@id":"https:\/\/folhapopular.info\/wp-content\/uploads\/2026\/04\/Folha-1.webp","url":"https:\/\/folhapopular.info\/wp-content\/uploads\/2026\/04\/Folha-1.webp","contentUrl":"https:\/\/folhapopular.info\/wp-content\/uploads\/2026\/04\/Folha-1.webp","caption":"Reda\u00e7\u00e3o Folha Popular"},"url":"https:\/\/folhapopular.info\/index.php\/author\/redacao\/"}]}},"jetpack_featured_media_url":"https:\/\/folhapopular.info\/wp-content\/uploads\/2023\/09\/WhatsApp-Image-2023-09-07-at-16.41.33.jpeg","jetpack_sharing_enabled":true,"amp_enabled":true,"_links":{"self":[{"href":"https:\/\/folhapopular.info\/index.php\/wp-json\/wp\/v2\/posts\/139358","targetHints":{"allow":["GET"]}}],"collection":[{"href":"https:\/\/folhapopular.info\/index.php\/wp-json\/wp\/v2\/posts"}],"about":[{"href":"https:\/\/folhapopular.info\/index.php\/wp-json\/wp\/v2\/types\/post"}],"author":[{"embeddable":true,"href":"https:\/\/folhapopular.info\/index.php\/wp-json\/wp\/v2\/users\/8"}],"replies":[{"embeddable":true,"href":"https:\/\/folhapopular.info\/index.php\/wp-json\/wp\/v2\/comments?post=139358"}],"version-history":[{"count":0,"href":"https:\/\/folhapopular.info\/index.php\/wp-json\/wp\/v2\/posts\/139358\/revisions"}],"wp:featuredmedia":[{"embeddable":true,"href":"https:\/\/folhapopular.info\/index.php\/wp-json\/wp\/v2\/media\/139359"}],"wp:attachment":[{"href":"https:\/\/folhapopular.info\/index.php\/wp-json\/wp\/v2\/media?parent=139358"}],"wp:term":[{"taxonomy":"category","embeddable":true,"href":"https:\/\/folhapopular.info\/index.php\/wp-json\/wp\/v2\/categories?post=139358"},{"taxonomy":"post_tag","embeddable":true,"href":"https:\/\/folhapopular.info\/index.php\/wp-json\/wp\/v2\/tags?post=139358"}],"curies":[{"name":"wp","href":"https:\/\/api.w.org\/{rel}","templated":true}]}}