{"id":139375,"date":"2023-09-07T20:08:05","date_gmt":"2023-09-07T23:08:05","guid":{"rendered":"https:\/\/folhapopular.info\/?p=139375"},"modified":"2023-09-07T20:12:11","modified_gmt":"2023-09-07T23:12:11","slug":"segundo-a-metsul-cheias-nao-foram-causadas-por-ciclone-extratropical","status":"publish","type":"post","link":"https:\/\/folhapopular.info\/index.php\/2023\/09\/07\/segundo-a-metsul-cheias-nao-foram-causadas-por-ciclone-extratropical\/","title":{"rendered":"Segundo a MetSul, cheias n\u00e3o foram causadas por ciclone extratropical"},"content":{"rendered":"\n<p>A meteorologista Estael Sias, da MetSul, explica que as cheias que assolaram o Vale do Taquari n\u00e3o foram causadas por um ciclone extratropical, como muitos imaginavam. Segundo ela, s\u00e3o v\u00e1rios fatores conjuntos. &#8220;Tinha um aporte de umidade muito forte, uma corrente de vento que a gente chama de &#8216;rio voador&#8217;, que \u00e9 a umidade da Amaz\u00f4nia toda canalizada em dire\u00e7\u00e3o ao Sul do continente. Isso \u00e9 t\u00edpico, porque essa por\u00e7\u00e3o da Am\u00e9rica do Sul, Argentina, Uruguai, Paraguai e o grande do Sul, \u00e9 uma regi\u00e3o de nascimento dos fen\u00f4menos atmosf\u00e9ricos, justamente porque esse &#8216;rio voador&#8217; contribui com umidade e com ar quente nos baixos n\u00edveis da atmosfera &#8211; ingredientes essenciais para a forma\u00e7\u00e3o de temporais e eventos de chuva, frentes frias, ciclones&#8221;, citou. <\/p>\n\n\n\n<p>Al\u00e9m disso, Estael explica que o Estado situa-se em latitudes m\u00e9dias com grande contraste t\u00e9rmico, o que tamb\u00e9m favorece a forma\u00e7\u00e3o de todos os fen\u00f4menos de chuva, que trazem volumes altos de precipita\u00e7\u00e3o e tornam o Rio Grande do Sul uma regi\u00e3o de grande desafio at\u00e9 para a a previs\u00e3o do tempo. &#8220;Porque acontecem muitos fen\u00f4menos e, \u00e0s vezes, v\u00e1rios fen\u00f4menos em conjunto. Ent\u00e3o n\u00f3s t\u00ednhamos uma frente fria que, associada a um centro de baixa press\u00e3o atmosf\u00e9rica, n\u00e3o tinha ciclone extratropical, a MetSul n\u00e3o previu isso. Era uma frente fria intensa e elas s\u00e3o potencializadas em anos de El Ni\u00f1o e com todo esse aporte de umidade e contraste t\u00e9rmico acabou formando esse excesso de precipita\u00e7\u00e3o&#8221;, conta.<\/p>\n\n\n\n<h2 class=\"wp-block-heading\">&#8220;Foi dada a largada dos efeitos do El Ni\u00f1o&#8221;<\/h2>\n\n\n\n<p>A meteorologista aponta que foi dada a largada dos efeitos do El Ni\u00f1o. &#8220;J\u00e1 v\u00ednhamos prevendo isso desde o in\u00edcio do ano, com um per\u00edodo cr\u00edtico de chuva e alta frequ\u00eancia de temporais de setembro a dezembro deste ano. Temos v\u00e1rios eventos de chuva forte e temporais acontecendo, e curtas janelas de sol e tempo seco alternando com per\u00edodos de muita chuva e temporais s\u00e3o caracter\u00edsticos do fen\u00f4meno&#8221;, finaliza.<\/p>\n","protected":false},"excerpt":{"rendered":"<p>A meteorologista Estael Sias, da MetSul, explica que as cheias que assolaram o Vale do Taquari n\u00e3o foram causadas por um ciclone extratropical, como muitos imaginavam. Segundo ela, s\u00e3o v\u00e1rios fatores conjuntos. &#8220;Tinha um aporte de umidade muito forte, uma corrente de vento que a gente chama de &#8216;rio voador&#8217;, que \u00e9 a umidade da [&hellip;]<\/p>\n","protected":false},"author":639,"featured_media":139376,"comment_status":"open","ping_status":"open","sticky":false,"template":"","format":"standard","meta":{"pmpro_default_level":"","_jetpack_memberships_contains_paid_content":false,"footnotes":""},"categories":[12655,2,3],"tags":[1240,12538,12604,1794,156],"class_list":{"0":"post-139375","1":"post","2":"type-post","3":"status-publish","4":"format-standard","5":"has-post-thumbnail","7":"category-clima","8":"category-featured","9":"category-geral","10":"tag-cheias","11":"tag-ciclone-extratropical","12":"tag-metsul","13":"tag-rio-grande-do-sul","14":"tag-vale-do-taquari","15":"pmpro-has-access"},"yoast_head":"<!-- This site is optimized with the Yoast SEO plugin v27.4 - https:\/\/yoast.com\/product\/yoast-seo-wordpress\/ -->\n<title>Segundo a MetSul, cheias n\u00e3o foram causadas por ciclone extratropical - Folha Popular<\/title>\n<meta name=\"robots\" content=\"index, follow, max-snippet:-1, max-image-preview:large, max-video-preview:-1\" \/>\n<link rel=\"canonical\" href=\"https:\/\/folhapopular.info\/index.php\/2023\/09\/07\/segundo-a-metsul-cheias-nao-foram-causadas-por-ciclone-extratropical\/\" \/>\n<meta property=\"og:locale\" content=\"pt_BR\" \/>\n<meta property=\"og:type\" content=\"article\" \/>\n<meta property=\"og:title\" content=\"Segundo a MetSul, cheias n\u00e3o foram causadas por ciclone extratropical - Folha Popular\" \/>\n<meta property=\"og:description\" content=\"A meteorologista Estael Sias, da MetSul, explica que as cheias que assolaram o Vale do Taquari n\u00e3o foram causadas por um ciclone extratropical, como muitos imaginavam. Segundo ela, s\u00e3o v\u00e1rios fatores conjuntos. &#8220;Tinha um aporte de umidade muito forte, uma corrente de vento que a gente chama de &#8216;rio voador&#8217;, que \u00e9 a umidade da [&hellip;]\" \/>\n<meta property=\"og:url\" content=\"https:\/\/folhapopular.info\/index.php\/2023\/09\/07\/segundo-a-metsul-cheias-nao-foram-causadas-por-ciclone-extratropical\/\" \/>\n<meta property=\"og:site_name\" content=\"Folha Popular\" \/>\n<meta property=\"article:published_time\" content=\"2023-09-07T23:08:05+00:00\" \/>\n<meta property=\"article:modified_time\" content=\"2023-09-07T23:12:11+00:00\" \/>\n<meta property=\"og:image\" content=\"http:\/\/folhapopular.info\/wp-content\/uploads\/2023\/09\/DSC_0041-scaled.jpg\" \/>\n\t<meta property=\"og:image:width\" content=\"2560\" \/>\n\t<meta property=\"og:image:height\" content=\"1711\" \/>\n\t<meta property=\"og:image:type\" content=\"image\/jpeg\" \/>\n<meta name=\"author\" content=\"Camille Lenz da Silva\" \/>\n<meta name=\"twitter:card\" content=\"summary_large_image\" \/>\n<meta name=\"twitter:label1\" content=\"Escrito por\" \/>\n\t<meta name=\"twitter:data1\" content=\"Camille Lenz da Silva\" \/>\n\t<meta name=\"twitter:label2\" content=\"Est. tempo de leitura\" \/>\n\t<meta name=\"twitter:data2\" content=\"2 minutos\" \/>\n<script type=\"application\/ld+json\" class=\"yoast-schema-graph\">{\"@context\":\"https:\\\/\\\/schema.org\",\"@graph\":[{\"@type\":\"Article\",\"@id\":\"https:\\\/\\\/folhapopular.info\\\/index.php\\\/2023\\\/09\\\/07\\\/segundo-a-metsul-cheias-nao-foram-causadas-por-ciclone-extratropical\\\/#article\",\"isPartOf\":{\"@id\":\"https:\\\/\\\/folhapopular.info\\\/index.php\\\/2023\\\/09\\\/07\\\/segundo-a-metsul-cheias-nao-foram-causadas-por-ciclone-extratropical\\\/\"},\"author\":{\"name\":\"Camille Lenz da Silva\",\"@id\":\"https:\\\/\\\/folhapopular.info\\\/#\\\/schema\\\/person\\\/f0b811f932ef2505faf473ffaef49df5\"},\"headline\":\"Segundo a MetSul, cheias n\u00e3o foram causadas por ciclone extratropical\",\"datePublished\":\"2023-09-07T23:08:05+00:00\",\"dateModified\":\"2023-09-07T23:12:11+00:00\",\"mainEntityOfPage\":{\"@id\":\"https:\\\/\\\/folhapopular.info\\\/index.php\\\/2023\\\/09\\\/07\\\/segundo-a-metsul-cheias-nao-foram-causadas-por-ciclone-extratropical\\\/\"},\"wordCount\":375,\"commentCount\":0,\"image\":{\"@id\":\"https:\\\/\\\/folhapopular.info\\\/index.php\\\/2023\\\/09\\\/07\\\/segundo-a-metsul-cheias-nao-foram-causadas-por-ciclone-extratropical\\\/#primaryimage\"},\"thumbnailUrl\":\"https:\\\/\\\/folhapopular.info\\\/wp-content\\\/uploads\\\/2023\\\/09\\\/DSC_0041-scaled.jpg\",\"keywords\":[\"Cheias\",\"ciclone extratropical\",\"metsul\",\"Rio Grande do Sul\",\"Vale do Taquari\"],\"articleSection\":[\"Clima\",\"Destaques\",\"Geral\"],\"inLanguage\":\"pt-BR\",\"potentialAction\":[{\"@type\":\"CommentAction\",\"name\":\"Comment\",\"target\":[\"https:\\\/\\\/folhapopular.info\\\/index.php\\\/2023\\\/09\\\/07\\\/segundo-a-metsul-cheias-nao-foram-causadas-por-ciclone-extratropical\\\/#respond\"]}]},{\"@type\":\"WebPage\",\"@id\":\"https:\\\/\\\/folhapopular.info\\\/index.php\\\/2023\\\/09\\\/07\\\/segundo-a-metsul-cheias-nao-foram-causadas-por-ciclone-extratropical\\\/\",\"url\":\"https:\\\/\\\/folhapopular.info\\\/index.php\\\/2023\\\/09\\\/07\\\/segundo-a-metsul-cheias-nao-foram-causadas-por-ciclone-extratropical\\\/\",\"name\":\"Segundo a MetSul, cheias n\u00e3o foram causadas por ciclone extratropical - Folha Popular\",\"isPartOf\":{\"@id\":\"https:\\\/\\\/folhapopular.info\\\/#website\"},\"primaryImageOfPage\":{\"@id\":\"https:\\\/\\\/folhapopular.info\\\/index.php\\\/2023\\\/09\\\/07\\\/segundo-a-metsul-cheias-nao-foram-causadas-por-ciclone-extratropical\\\/#primaryimage\"},\"image\":{\"@id\":\"https:\\\/\\\/folhapopular.info\\\/index.php\\\/2023\\\/09\\\/07\\\/segundo-a-metsul-cheias-nao-foram-causadas-por-ciclone-extratropical\\\/#primaryimage\"},\"thumbnailUrl\":\"https:\\\/\\\/folhapopular.info\\\/wp-content\\\/uploads\\\/2023\\\/09\\\/DSC_0041-scaled.jpg\",\"datePublished\":\"2023-09-07T23:08:05+00:00\",\"dateModified\":\"2023-09-07T23:12:11+00:00\",\"author\":{\"@id\":\"https:\\\/\\\/folhapopular.info\\\/#\\\/schema\\\/person\\\/f0b811f932ef2505faf473ffaef49df5\"},\"breadcrumb\":{\"@id\":\"https:\\\/\\\/folhapopular.info\\\/index.php\\\/2023\\\/09\\\/07\\\/segundo-a-metsul-cheias-nao-foram-causadas-por-ciclone-extratropical\\\/#breadcrumb\"},\"inLanguage\":\"pt-BR\",\"potentialAction\":[{\"@type\":\"ReadAction\",\"target\":[\"https:\\\/\\\/folhapopular.info\\\/index.php\\\/2023\\\/09\\\/07\\\/segundo-a-metsul-cheias-nao-foram-causadas-por-ciclone-extratropical\\\/\"]}]},{\"@type\":\"ImageObject\",\"inLanguage\":\"pt-BR\",\"@id\":\"https:\\\/\\\/folhapopular.info\\\/index.php\\\/2023\\\/09\\\/07\\\/segundo-a-metsul-cheias-nao-foram-causadas-por-ciclone-extratropical\\\/#primaryimage\",\"url\":\"https:\\\/\\\/folhapopular.info\\\/wp-content\\\/uploads\\\/2023\\\/09\\\/DSC_0041-scaled.jpg\",\"contentUrl\":\"https:\\\/\\\/folhapopular.info\\\/wp-content\\\/uploads\\\/2023\\\/09\\\/DSC_0041-scaled.jpg\",\"width\":2560,\"height\":1711,\"caption\":\"Cr\u00e9dito: Camille Lenz da Silva\"},{\"@type\":\"BreadcrumbList\",\"@id\":\"https:\\\/\\\/folhapopular.info\\\/index.php\\\/2023\\\/09\\\/07\\\/segundo-a-metsul-cheias-nao-foram-causadas-por-ciclone-extratropical\\\/#breadcrumb\",\"itemListElement\":[{\"@type\":\"ListItem\",\"position\":1,\"name\":\"In\u00edcio\",\"item\":\"https:\\\/\\\/folhapopular.info\\\/\"},{\"@type\":\"ListItem\",\"position\":2,\"name\":\"Segundo a MetSul, cheias n\u00e3o foram causadas por ciclone extratropical\"}]},{\"@type\":\"WebSite\",\"@id\":\"https:\\\/\\\/folhapopular.info\\\/#website\",\"url\":\"https:\\\/\\\/folhapopular.info\\\/\",\"name\":\"Folha Popular\",\"description\":\"Onde voc\u00ea tem vez e voz\",\"potentialAction\":[{\"@type\":\"SearchAction\",\"target\":{\"@type\":\"EntryPoint\",\"urlTemplate\":\"https:\\\/\\\/folhapopular.info\\\/?s={search_term_string}\"},\"query-input\":{\"@type\":\"PropertyValueSpecification\",\"valueRequired\":true,\"valueName\":\"search_term_string\"}}],\"inLanguage\":\"pt-BR\"},{\"@type\":\"Person\",\"@id\":\"https:\\\/\\\/folhapopular.info\\\/#\\\/schema\\\/person\\\/f0b811f932ef2505faf473ffaef49df5\",\"name\":\"Camille Lenz da Silva\",\"image\":{\"@type\":\"ImageObject\",\"inLanguage\":\"pt-BR\",\"@id\":\"https:\\\/\\\/secure.gravatar.com\\\/avatar\\\/50be826d73ca259ec0e0a88a407f5de800c576c46cfdc57e50ef28551e216fff?s=96&d=mm&r=g\",\"url\":\"https:\\\/\\\/secure.gravatar.com\\\/avatar\\\/50be826d73ca259ec0e0a88a407f5de800c576c46cfdc57e50ef28551e216fff?s=96&d=mm&r=g\",\"contentUrl\":\"https:\\\/\\\/secure.gravatar.com\\\/avatar\\\/50be826d73ca259ec0e0a88a407f5de800c576c46cfdc57e50ef28551e216fff?s=96&d=mm&r=g\",\"caption\":\"Camille Lenz da Silva\"},\"url\":\"https:\\\/\\\/folhapopular.info\\\/index.php\\\/author\\\/camillelenzgmail-com\\\/\"}]}<\/script>\n<!-- \/ Yoast SEO plugin. -->","yoast_head_json":{"title":"Segundo a MetSul, cheias n\u00e3o foram causadas por ciclone extratropical - Folha Popular","robots":{"index":"index","follow":"follow","max-snippet":"max-snippet:-1","max-image-preview":"max-image-preview:large","max-video-preview":"max-video-preview:-1"},"canonical":"https:\/\/folhapopular.info\/index.php\/2023\/09\/07\/segundo-a-metsul-cheias-nao-foram-causadas-por-ciclone-extratropical\/","og_locale":"pt_BR","og_type":"article","og_title":"Segundo a MetSul, cheias n\u00e3o foram causadas por ciclone extratropical - Folha Popular","og_description":"A meteorologista Estael Sias, da MetSul, explica que as cheias que assolaram o Vale do Taquari n\u00e3o foram causadas por um ciclone extratropical, como muitos imaginavam. Segundo ela, s\u00e3o v\u00e1rios fatores conjuntos. &#8220;Tinha um aporte de umidade muito forte, uma corrente de vento que a gente chama de &#8216;rio voador&#8217;, que \u00e9 a umidade da [&hellip;]","og_url":"https:\/\/folhapopular.info\/index.php\/2023\/09\/07\/segundo-a-metsul-cheias-nao-foram-causadas-por-ciclone-extratropical\/","og_site_name":"Folha Popular","article_published_time":"2023-09-07T23:08:05+00:00","article_modified_time":"2023-09-07T23:12:11+00:00","og_image":[{"width":2560,"height":1711,"url":"http:\/\/folhapopular.info\/wp-content\/uploads\/2023\/09\/DSC_0041-scaled.jpg","type":"image\/jpeg"}],"author":"Camille Lenz da Silva","twitter_card":"summary_large_image","twitter_misc":{"Escrito por":"Camille Lenz da Silva","Est. tempo de leitura":"2 minutos"},"schema":{"@context":"https:\/\/schema.org","@graph":[{"@type":"Article","@id":"https:\/\/folhapopular.info\/index.php\/2023\/09\/07\/segundo-a-metsul-cheias-nao-foram-causadas-por-ciclone-extratropical\/#article","isPartOf":{"@id":"https:\/\/folhapopular.info\/index.php\/2023\/09\/07\/segundo-a-metsul-cheias-nao-foram-causadas-por-ciclone-extratropical\/"},"author":{"name":"Camille Lenz da Silva","@id":"https:\/\/folhapopular.info\/#\/schema\/person\/f0b811f932ef2505faf473ffaef49df5"},"headline":"Segundo a MetSul, cheias n\u00e3o foram causadas por ciclone extratropical","datePublished":"2023-09-07T23:08:05+00:00","dateModified":"2023-09-07T23:12:11+00:00","mainEntityOfPage":{"@id":"https:\/\/folhapopular.info\/index.php\/2023\/09\/07\/segundo-a-metsul-cheias-nao-foram-causadas-por-ciclone-extratropical\/"},"wordCount":375,"commentCount":0,"image":{"@id":"https:\/\/folhapopular.info\/index.php\/2023\/09\/07\/segundo-a-metsul-cheias-nao-foram-causadas-por-ciclone-extratropical\/#primaryimage"},"thumbnailUrl":"https:\/\/folhapopular.info\/wp-content\/uploads\/2023\/09\/DSC_0041-scaled.jpg","keywords":["Cheias","ciclone extratropical","metsul","Rio Grande do Sul","Vale do Taquari"],"articleSection":["Clima","Destaques","Geral"],"inLanguage":"pt-BR","potentialAction":[{"@type":"CommentAction","name":"Comment","target":["https:\/\/folhapopular.info\/index.php\/2023\/09\/07\/segundo-a-metsul-cheias-nao-foram-causadas-por-ciclone-extratropical\/#respond"]}]},{"@type":"WebPage","@id":"https:\/\/folhapopular.info\/index.php\/2023\/09\/07\/segundo-a-metsul-cheias-nao-foram-causadas-por-ciclone-extratropical\/","url":"https:\/\/folhapopular.info\/index.php\/2023\/09\/07\/segundo-a-metsul-cheias-nao-foram-causadas-por-ciclone-extratropical\/","name":"Segundo a MetSul, cheias n\u00e3o foram causadas por ciclone extratropical - Folha Popular","isPartOf":{"@id":"https:\/\/folhapopular.info\/#website"},"primaryImageOfPage":{"@id":"https:\/\/folhapopular.info\/index.php\/2023\/09\/07\/segundo-a-metsul-cheias-nao-foram-causadas-por-ciclone-extratropical\/#primaryimage"},"image":{"@id":"https:\/\/folhapopular.info\/index.php\/2023\/09\/07\/segundo-a-metsul-cheias-nao-foram-causadas-por-ciclone-extratropical\/#primaryimage"},"thumbnailUrl":"https:\/\/folhapopular.info\/wp-content\/uploads\/2023\/09\/DSC_0041-scaled.jpg","datePublished":"2023-09-07T23:08:05+00:00","dateModified":"2023-09-07T23:12:11+00:00","author":{"@id":"https:\/\/folhapopular.info\/#\/schema\/person\/f0b811f932ef2505faf473ffaef49df5"},"breadcrumb":{"@id":"https:\/\/folhapopular.info\/index.php\/2023\/09\/07\/segundo-a-metsul-cheias-nao-foram-causadas-por-ciclone-extratropical\/#breadcrumb"},"inLanguage":"pt-BR","potentialAction":[{"@type":"ReadAction","target":["https:\/\/folhapopular.info\/index.php\/2023\/09\/07\/segundo-a-metsul-cheias-nao-foram-causadas-por-ciclone-extratropical\/"]}]},{"@type":"ImageObject","inLanguage":"pt-BR","@id":"https:\/\/folhapopular.info\/index.php\/2023\/09\/07\/segundo-a-metsul-cheias-nao-foram-causadas-por-ciclone-extratropical\/#primaryimage","url":"https:\/\/folhapopular.info\/wp-content\/uploads\/2023\/09\/DSC_0041-scaled.jpg","contentUrl":"https:\/\/folhapopular.info\/wp-content\/uploads\/2023\/09\/DSC_0041-scaled.jpg","width":2560,"height":1711,"caption":"Cr\u00e9dito: Camille Lenz da Silva"},{"@type":"BreadcrumbList","@id":"https:\/\/folhapopular.info\/index.php\/2023\/09\/07\/segundo-a-metsul-cheias-nao-foram-causadas-por-ciclone-extratropical\/#breadcrumb","itemListElement":[{"@type":"ListItem","position":1,"name":"In\u00edcio","item":"https:\/\/folhapopular.info\/"},{"@type":"ListItem","position":2,"name":"Segundo a MetSul, cheias n\u00e3o foram causadas por ciclone extratropical"}]},{"@type":"WebSite","@id":"https:\/\/folhapopular.info\/#website","url":"https:\/\/folhapopular.info\/","name":"Folha Popular","description":"Onde voc\u00ea tem vez e voz","potentialAction":[{"@type":"SearchAction","target":{"@type":"EntryPoint","urlTemplate":"https:\/\/folhapopular.info\/?s={search_term_string}"},"query-input":{"@type":"PropertyValueSpecification","valueRequired":true,"valueName":"search_term_string"}}],"inLanguage":"pt-BR"},{"@type":"Person","@id":"https:\/\/folhapopular.info\/#\/schema\/person\/f0b811f932ef2505faf473ffaef49df5","name":"Camille Lenz da Silva","image":{"@type":"ImageObject","inLanguage":"pt-BR","@id":"https:\/\/secure.gravatar.com\/avatar\/50be826d73ca259ec0e0a88a407f5de800c576c46cfdc57e50ef28551e216fff?s=96&d=mm&r=g","url":"https:\/\/secure.gravatar.com\/avatar\/50be826d73ca259ec0e0a88a407f5de800c576c46cfdc57e50ef28551e216fff?s=96&d=mm&r=g","contentUrl":"https:\/\/secure.gravatar.com\/avatar\/50be826d73ca259ec0e0a88a407f5de800c576c46cfdc57e50ef28551e216fff?s=96&d=mm&r=g","caption":"Camille Lenz da Silva"},"url":"https:\/\/folhapopular.info\/index.php\/author\/camillelenzgmail-com\/"}]}},"jetpack_featured_media_url":"https:\/\/folhapopular.info\/wp-content\/uploads\/2023\/09\/DSC_0041-scaled.jpg","jetpack_sharing_enabled":true,"amp_enabled":true,"_links":{"self":[{"href":"https:\/\/folhapopular.info\/index.php\/wp-json\/wp\/v2\/posts\/139375","targetHints":{"allow":["GET"]}}],"collection":[{"href":"https:\/\/folhapopular.info\/index.php\/wp-json\/wp\/v2\/posts"}],"about":[{"href":"https:\/\/folhapopular.info\/index.php\/wp-json\/wp\/v2\/types\/post"}],"author":[{"embeddable":true,"href":"https:\/\/folhapopular.info\/index.php\/wp-json\/wp\/v2\/users\/639"}],"replies":[{"embeddable":true,"href":"https:\/\/folhapopular.info\/index.php\/wp-json\/wp\/v2\/comments?post=139375"}],"version-history":[{"count":0,"href":"https:\/\/folhapopular.info\/index.php\/wp-json\/wp\/v2\/posts\/139375\/revisions"}],"wp:featuredmedia":[{"embeddable":true,"href":"https:\/\/folhapopular.info\/index.php\/wp-json\/wp\/v2\/media\/139376"}],"wp:attachment":[{"href":"https:\/\/folhapopular.info\/index.php\/wp-json\/wp\/v2\/media?parent=139375"}],"wp:term":[{"taxonomy":"category","embeddable":true,"href":"https:\/\/folhapopular.info\/index.php\/wp-json\/wp\/v2\/categories?post=139375"},{"taxonomy":"post_tag","embeddable":true,"href":"https:\/\/folhapopular.info\/index.php\/wp-json\/wp\/v2\/tags?post=139375"}],"curies":[{"name":"wp","href":"https:\/\/api.w.org\/{rel}","templated":true}]}}