{"id":139429,"date":"2023-09-08T16:08:43","date_gmt":"2023-09-08T19:08:43","guid":{"rendered":"https:\/\/folhapopular.info\/?p=139429"},"modified":"2023-09-08T16:08:46","modified_gmt":"2023-09-08T19:08:46","slug":"governo-federal-anuncia-novas-medidas-de-apoio-a-cidades-atingidas-pela-cheia","status":"publish","type":"post","link":"https:\/\/folhapopular.info\/index.php\/2023\/09\/08\/governo-federal-anuncia-novas-medidas-de-apoio-a-cidades-atingidas-pela-cheia\/","title":{"rendered":"Governo Federal anuncia novas medidas de apoio a cidades atingidas pela cheia"},"content":{"rendered":"\n<p>O governo federal anunciou algumas novas medidas para auxiliar o Rio Grande do Sul ap\u00f3s o desastre causado pela enchente que atingiu, principalmente, o Vale do Taquari. Uma sala de situa\u00e7\u00e3o do Governo Federal ser\u00e1 instalada no estado para refor\u00e7ar os trabalhos de atendimento emergencial \u00e0s cidades atingidas. Novos recursos de assist\u00eancia emergencial foram liberados para apoiar o restabelecimento dos munic\u00edpios afetados.\u00a0<\/p>\n\n\n\n<p>Segundo o presidente em exerc\u00edcio, Geraldo Alckmin \u2013 que ocupa o cargo durante a viagem do presidente Luiz In\u00e1cio Lula da Silva \u00e0 Nova D\u00e9lhi, na \u00cdndia, para participar da C\u00fapula do G20 \u2013 dez minist\u00e9rios est\u00e3o envolvidos na atua\u00e7\u00e3o federal. \u201cEstamos trabalhando para o reestabelecimento total das cidades, em uma atua\u00e7\u00e3o conjunta entre os minist\u00e9rios, para garantir todos os recursos e assist\u00eancias necess\u00e1rias para atender a popula\u00e7\u00e3o\u201d, afirmou.<\/p>\n\n\n\n<p>Alckmin detalhou que j\u00e1 foi determinado o envio de 20 mil cestas de alimentos &#8211; destas, cinco mil chegam no pr\u00f3ximo domingo -, oito aeronaves para ajudar no transporte, mais 450 militares para refor\u00e7ar as equipes que est\u00e3o atuando no reestabelecimento das cidades, profissionais do batalh\u00e3o de engenharia das For\u00e7as Armadas para apoio local, com tratores e maquin\u00e1rios, al\u00e9m dos insumos j\u00e1 destinados pelos Minist\u00e9rios da Sa\u00fade e Comunica\u00e7\u00e3o.<\/p>\n\n\n\n<p>O Governo Federal tamb\u00e9m ir\u00e1 liberar R$ 800, por cidad\u00e3o, para cada um dos munic\u00edpios atingidos prestarem assist\u00eancia \u00e0s fam\u00edlias desabrigadas. \u201cN\u00f3s vamos liberar R$ 800 por pessoa para que os governo locais possam prestar atendimento a quem perdeu suas moradias\u201d, disse Alckmin.<\/p>\n\n\n\n<p>Est\u00e3o envolvidos na atua\u00e7\u00e3o emergencial, as pastas da Sa\u00fade, Desenvolvimento Social, Integra\u00e7\u00e3o Nacional e Desenvolvimento Regional, Educa\u00e7\u00e3o, Defesa, Comunica\u00e7\u00f5es e Infraestrutura, entre outros.<\/p>\n\n\n\n<p><strong>Outras a\u00e7\u00f5es j\u00e1 efetivadas<\/strong><\/p>\n\n\n\n<p>As cidades destru\u00eddas pelas enchentes tiveram o estado de calamidade p\u00fablica reconhecido sumariamente. Al\u00e9m da Defesa Civil Nacional, que mant\u00e9m equipes no estado para apoiar as autoridades locais, os Minist\u00e9rios da Sa\u00fade e das Comunica\u00e7\u00f5es j\u00e1 enviaram insumos para garantir assist\u00eancia m\u00e9dica e o reestabelecimento da comunica\u00e7\u00e3o. A Caixa Econ\u00f4mica Federal tamb\u00e9m j\u00e1 autorizou o saque emergencial do Fundo de Garantia por Tempo de Servi\u00e7o (FGTS). A Pol\u00edcia Rodovi\u00e1ria Federal e For\u00e7as Armadas tamb\u00e9m est\u00e3o trabalhando para socorrer as localidades atingidas.<\/p>\n\n\n\n<p>As chuvas intensas provocaram 41 mortes, segundo o \u00faltimo balan\u00e7o da Defesa Civil do estado, divulgado ao meio-dia desta sexta-feira (8\/09). A estimativa \u00e9 que mais de 120 mil pessoas tenham sido afetadas.<\/p>\n\n\n\n<p><strong>Visita do presidente em exerc\u00edcio<\/strong><\/p>\n\n\n\n<p>Foi confirmada para domingo (10\/9) a ida do presidente em exerc\u00edcio, Geraldo Alckmin, ao Rio Grande do Sul, para novos an\u00fancios de medidas de socorro, do governo federal, aos munic\u00edpios e \u00e0s fam\u00edlias que foram v\u00edtimas das fortes chuvas e enchentes. A confirma\u00e7\u00e3o ocorreu nesta sexta-feira, em reuni\u00e3o de trabalho interministerial convocada por Alckmin, e depois foi divulgada em coletiva de imprensa no Pal\u00e1cio do Planalto, em Bras\u00edlia.<\/p>\n\n\n\n<p>A ida de Alckmin ao estado foi articulada pelo ministro Paulo Pimenta e o presidente da Companhia Nacional de Abastecimento (Conab), Edegar Pretto, que tamb\u00e9m participaram da reuni\u00e3o de hoje. &#8220;Estamos numa mobiliza\u00e7\u00e3o intensa aqui em Bras\u00edlia. Ontem, Dia da Na\u00e7\u00e3o, n\u00e3o paramos e articulamos intensamente com ministros e autoridades. Disso, e seguindo orienta\u00e7\u00e3o do presidente Lula, decorre a reuni\u00e3o de hoje, onde o governo federal anunciou novas medidas para os atingidos pelas enchentes no Rio Grande do Sul\u201d, comentou Pretto.<\/p>\n\n\n\n<p>A comitiva do governo federal chegar\u00e1 ao Vale do Taquari na manh\u00e3 de domingo. Entre os munic\u00edpios a serem visitados est\u00e3o Lajeado, Roca Sales e Arroio do Meio. Uma nova reuni\u00e3o ser\u00e1 realizada ao final da tarde desta sexta-feira, para ajustes da viagem. Conforme Pretto, a ideia \u00e9 fazer uma presta\u00e7\u00e3o de contas do que j\u00e1 foi executado at\u00e9 agora e anunciar novas medidas.<\/p>\n","protected":false},"excerpt":{"rendered":"<p>O governo federal anunciou algumas novas medidas para auxiliar o Rio Grande do Sul ap\u00f3s o desastre causado pela enchente que atingiu, principalmente, o Vale do Taquari. Uma sala de situa\u00e7\u00e3o do Governo Federal ser\u00e1 instalada no estado para refor\u00e7ar os trabalhos de atendimento emergencial \u00e0s cidades atingidas. Novos recursos de assist\u00eancia emergencial foram liberados [&hellip;]<\/p>\n","protected":false},"author":8,"featured_media":139431,"comment_status":"open","ping_status":"open","sticky":false,"template":"","format":"standard","meta":{"pmpro_default_level":"","_jetpack_memberships_contains_paid_content":false,"footnotes":""},"categories":[2,3],"tags":[],"class_list":{"0":"post-139429","1":"post","2":"type-post","3":"status-publish","4":"format-standard","5":"has-post-thumbnail","7":"category-featured","8":"category-geral","9":"pmpro-has-access"},"yoast_head":"<!-- This site is optimized with the Yoast SEO plugin v27.4 - https:\/\/yoast.com\/product\/yoast-seo-wordpress\/ -->\n<title>Governo Federal anuncia novas medidas de apoio a cidades atingidas pela cheia - Folha Popular<\/title>\n<meta name=\"robots\" content=\"index, follow, max-snippet:-1, max-image-preview:large, max-video-preview:-1\" \/>\n<link rel=\"canonical\" href=\"https:\/\/folhapopular.info\/index.php\/2023\/09\/08\/governo-federal-anuncia-novas-medidas-de-apoio-a-cidades-atingidas-pela-cheia\/\" \/>\n<meta property=\"og:locale\" content=\"pt_BR\" \/>\n<meta property=\"og:type\" content=\"article\" \/>\n<meta property=\"og:title\" content=\"Governo Federal anuncia novas medidas de apoio a cidades atingidas pela cheia - Folha Popular\" \/>\n<meta property=\"og:description\" content=\"O governo federal anunciou algumas novas medidas para auxiliar o Rio Grande do Sul ap\u00f3s o desastre causado pela enchente que atingiu, principalmente, o Vale do Taquari. Uma sala de situa\u00e7\u00e3o do Governo Federal ser\u00e1 instalada no estado para refor\u00e7ar os trabalhos de atendimento emergencial \u00e0s cidades atingidas. Novos recursos de assist\u00eancia emergencial foram liberados [&hellip;]\" \/>\n<meta property=\"og:url\" content=\"https:\/\/folhapopular.info\/index.php\/2023\/09\/08\/governo-federal-anuncia-novas-medidas-de-apoio-a-cidades-atingidas-pela-cheia\/\" \/>\n<meta property=\"og:site_name\" content=\"Folha Popular\" \/>\n<meta property=\"article:published_time\" content=\"2023-09-08T19:08:43+00:00\" \/>\n<meta property=\"article:modified_time\" content=\"2023-09-08T19:08:46+00:00\" \/>\n<meta property=\"og:image\" content=\"http:\/\/folhapopular.info\/wp-content\/uploads\/2023\/09\/DSC_0061-scaled-e1694200111594.jpg\" \/>\n\t<meta property=\"og:image:width\" content=\"1200\" \/>\n\t<meta property=\"og:image:height\" content=\"802\" \/>\n\t<meta property=\"og:image:type\" content=\"image\/jpeg\" \/>\n<meta name=\"author\" content=\"Reda\u00e7\u00e3o Folha Popular\" \/>\n<meta name=\"twitter:card\" content=\"summary_large_image\" \/>\n<meta name=\"twitter:label1\" content=\"Escrito por\" \/>\n\t<meta name=\"twitter:data1\" content=\"Reda\u00e7\u00e3o Folha Popular\" \/>\n\t<meta name=\"twitter:label2\" content=\"Est. tempo de leitura\" \/>\n\t<meta name=\"twitter:data2\" content=\"4 minutos\" \/>\n<script type=\"application\/ld+json\" class=\"yoast-schema-graph\">{\"@context\":\"https:\\\/\\\/schema.org\",\"@graph\":[{\"@type\":\"Article\",\"@id\":\"https:\\\/\\\/folhapopular.info\\\/index.php\\\/2023\\\/09\\\/08\\\/governo-federal-anuncia-novas-medidas-de-apoio-a-cidades-atingidas-pela-cheia\\\/#article\",\"isPartOf\":{\"@id\":\"https:\\\/\\\/folhapopular.info\\\/index.php\\\/2023\\\/09\\\/08\\\/governo-federal-anuncia-novas-medidas-de-apoio-a-cidades-atingidas-pela-cheia\\\/\"},\"author\":{\"name\":\"Reda\u00e7\u00e3o Folha Popular\",\"@id\":\"https:\\\/\\\/folhapopular.info\\\/#\\\/schema\\\/person\\\/2814e8a0df7643585a9ca38bc6eb9d4b\"},\"headline\":\"Governo Federal anuncia novas medidas de apoio a cidades atingidas pela cheia\",\"datePublished\":\"2023-09-08T19:08:43+00:00\",\"dateModified\":\"2023-09-08T19:08:46+00:00\",\"mainEntityOfPage\":{\"@id\":\"https:\\\/\\\/folhapopular.info\\\/index.php\\\/2023\\\/09\\\/08\\\/governo-federal-anuncia-novas-medidas-de-apoio-a-cidades-atingidas-pela-cheia\\\/\"},\"wordCount\":682,\"commentCount\":0,\"image\":{\"@id\":\"https:\\\/\\\/folhapopular.info\\\/index.php\\\/2023\\\/09\\\/08\\\/governo-federal-anuncia-novas-medidas-de-apoio-a-cidades-atingidas-pela-cheia\\\/#primaryimage\"},\"thumbnailUrl\":\"https:\\\/\\\/folhapopular.info\\\/wp-content\\\/uploads\\\/2023\\\/09\\\/DSC_0061-scaled-e1694200111594.jpg\",\"articleSection\":[\"Destaques\",\"Geral\"],\"inLanguage\":\"pt-BR\",\"potentialAction\":[{\"@type\":\"CommentAction\",\"name\":\"Comment\",\"target\":[\"https:\\\/\\\/folhapopular.info\\\/index.php\\\/2023\\\/09\\\/08\\\/governo-federal-anuncia-novas-medidas-de-apoio-a-cidades-atingidas-pela-cheia\\\/#respond\"]}]},{\"@type\":\"WebPage\",\"@id\":\"https:\\\/\\\/folhapopular.info\\\/index.php\\\/2023\\\/09\\\/08\\\/governo-federal-anuncia-novas-medidas-de-apoio-a-cidades-atingidas-pela-cheia\\\/\",\"url\":\"https:\\\/\\\/folhapopular.info\\\/index.php\\\/2023\\\/09\\\/08\\\/governo-federal-anuncia-novas-medidas-de-apoio-a-cidades-atingidas-pela-cheia\\\/\",\"name\":\"Governo Federal anuncia novas medidas de apoio a cidades atingidas pela cheia - Folha Popular\",\"isPartOf\":{\"@id\":\"https:\\\/\\\/folhapopular.info\\\/#website\"},\"primaryImageOfPage\":{\"@id\":\"https:\\\/\\\/folhapopular.info\\\/index.php\\\/2023\\\/09\\\/08\\\/governo-federal-anuncia-novas-medidas-de-apoio-a-cidades-atingidas-pela-cheia\\\/#primaryimage\"},\"image\":{\"@id\":\"https:\\\/\\\/folhapopular.info\\\/index.php\\\/2023\\\/09\\\/08\\\/governo-federal-anuncia-novas-medidas-de-apoio-a-cidades-atingidas-pela-cheia\\\/#primaryimage\"},\"thumbnailUrl\":\"https:\\\/\\\/folhapopular.info\\\/wp-content\\\/uploads\\\/2023\\\/09\\\/DSC_0061-scaled-e1694200111594.jpg\",\"datePublished\":\"2023-09-08T19:08:43+00:00\",\"dateModified\":\"2023-09-08T19:08:46+00:00\",\"author\":{\"@id\":\"https:\\\/\\\/folhapopular.info\\\/#\\\/schema\\\/person\\\/2814e8a0df7643585a9ca38bc6eb9d4b\"},\"breadcrumb\":{\"@id\":\"https:\\\/\\\/folhapopular.info\\\/index.php\\\/2023\\\/09\\\/08\\\/governo-federal-anuncia-novas-medidas-de-apoio-a-cidades-atingidas-pela-cheia\\\/#breadcrumb\"},\"inLanguage\":\"pt-BR\",\"potentialAction\":[{\"@type\":\"ReadAction\",\"target\":[\"https:\\\/\\\/folhapopular.info\\\/index.php\\\/2023\\\/09\\\/08\\\/governo-federal-anuncia-novas-medidas-de-apoio-a-cidades-atingidas-pela-cheia\\\/\"]}]},{\"@type\":\"ImageObject\",\"inLanguage\":\"pt-BR\",\"@id\":\"https:\\\/\\\/folhapopular.info\\\/index.php\\\/2023\\\/09\\\/08\\\/governo-federal-anuncia-novas-medidas-de-apoio-a-cidades-atingidas-pela-cheia\\\/#primaryimage\",\"url\":\"https:\\\/\\\/folhapopular.info\\\/wp-content\\\/uploads\\\/2023\\\/09\\\/DSC_0061-scaled-e1694200111594.jpg\",\"contentUrl\":\"https:\\\/\\\/folhapopular.info\\\/wp-content\\\/uploads\\\/2023\\\/09\\\/DSC_0061-scaled-e1694200111594.jpg\",\"width\":1200,\"height\":802,\"caption\":\"Cr\u00e9dito da foto: Camille Lenz da Silva\"},{\"@type\":\"BreadcrumbList\",\"@id\":\"https:\\\/\\\/folhapopular.info\\\/index.php\\\/2023\\\/09\\\/08\\\/governo-federal-anuncia-novas-medidas-de-apoio-a-cidades-atingidas-pela-cheia\\\/#breadcrumb\",\"itemListElement\":[{\"@type\":\"ListItem\",\"position\":1,\"name\":\"In\u00edcio\",\"item\":\"https:\\\/\\\/folhapopular.info\\\/\"},{\"@type\":\"ListItem\",\"position\":2,\"name\":\"Governo Federal anuncia novas medidas de apoio a cidades atingidas pela cheia\"}]},{\"@type\":\"WebSite\",\"@id\":\"https:\\\/\\\/folhapopular.info\\\/#website\",\"url\":\"https:\\\/\\\/folhapopular.info\\\/\",\"name\":\"Folha Popular\",\"description\":\"Onde voc\u00ea tem vez e voz\",\"potentialAction\":[{\"@type\":\"SearchAction\",\"target\":{\"@type\":\"EntryPoint\",\"urlTemplate\":\"https:\\\/\\\/folhapopular.info\\\/?s={search_term_string}\"},\"query-input\":{\"@type\":\"PropertyValueSpecification\",\"valueRequired\":true,\"valueName\":\"search_term_string\"}}],\"inLanguage\":\"pt-BR\"},{\"@type\":\"Person\",\"@id\":\"https:\\\/\\\/folhapopular.info\\\/#\\\/schema\\\/person\\\/2814e8a0df7643585a9ca38bc6eb9d4b\",\"name\":\"Reda\u00e7\u00e3o Folha Popular\",\"image\":{\"@type\":\"ImageObject\",\"inLanguage\":\"pt-BR\",\"@id\":\"https:\\\/\\\/folhapopular.info\\\/wp-content\\\/uploads\\\/2026\\\/04\\\/Folha-1.webp\",\"url\":\"https:\\\/\\\/folhapopular.info\\\/wp-content\\\/uploads\\\/2026\\\/04\\\/Folha-1.webp\",\"contentUrl\":\"https:\\\/\\\/folhapopular.info\\\/wp-content\\\/uploads\\\/2026\\\/04\\\/Folha-1.webp\",\"caption\":\"Reda\u00e7\u00e3o Folha Popular\"},\"url\":\"https:\\\/\\\/folhapopular.info\\\/index.php\\\/author\\\/redacao\\\/\"}]}<\/script>\n<!-- \/ Yoast SEO plugin. -->","yoast_head_json":{"title":"Governo Federal anuncia novas medidas de apoio a cidades atingidas pela cheia - Folha Popular","robots":{"index":"index","follow":"follow","max-snippet":"max-snippet:-1","max-image-preview":"max-image-preview:large","max-video-preview":"max-video-preview:-1"},"canonical":"https:\/\/folhapopular.info\/index.php\/2023\/09\/08\/governo-federal-anuncia-novas-medidas-de-apoio-a-cidades-atingidas-pela-cheia\/","og_locale":"pt_BR","og_type":"article","og_title":"Governo Federal anuncia novas medidas de apoio a cidades atingidas pela cheia - Folha Popular","og_description":"O governo federal anunciou algumas novas medidas para auxiliar o Rio Grande do Sul ap\u00f3s o desastre causado pela enchente que atingiu, principalmente, o Vale do Taquari. Uma sala de situa\u00e7\u00e3o do Governo Federal ser\u00e1 instalada no estado para refor\u00e7ar os trabalhos de atendimento emergencial \u00e0s cidades atingidas. Novos recursos de assist\u00eancia emergencial foram liberados [&hellip;]","og_url":"https:\/\/folhapopular.info\/index.php\/2023\/09\/08\/governo-federal-anuncia-novas-medidas-de-apoio-a-cidades-atingidas-pela-cheia\/","og_site_name":"Folha Popular","article_published_time":"2023-09-08T19:08:43+00:00","article_modified_time":"2023-09-08T19:08:46+00:00","og_image":[{"width":1200,"height":802,"url":"http:\/\/folhapopular.info\/wp-content\/uploads\/2023\/09\/DSC_0061-scaled-e1694200111594.jpg","type":"image\/jpeg"}],"author":"Reda\u00e7\u00e3o Folha Popular","twitter_card":"summary_large_image","twitter_misc":{"Escrito por":"Reda\u00e7\u00e3o Folha Popular","Est. tempo de leitura":"4 minutos"},"schema":{"@context":"https:\/\/schema.org","@graph":[{"@type":"Article","@id":"https:\/\/folhapopular.info\/index.php\/2023\/09\/08\/governo-federal-anuncia-novas-medidas-de-apoio-a-cidades-atingidas-pela-cheia\/#article","isPartOf":{"@id":"https:\/\/folhapopular.info\/index.php\/2023\/09\/08\/governo-federal-anuncia-novas-medidas-de-apoio-a-cidades-atingidas-pela-cheia\/"},"author":{"name":"Reda\u00e7\u00e3o Folha Popular","@id":"https:\/\/folhapopular.info\/#\/schema\/person\/2814e8a0df7643585a9ca38bc6eb9d4b"},"headline":"Governo Federal anuncia novas medidas de apoio a cidades atingidas pela cheia","datePublished":"2023-09-08T19:08:43+00:00","dateModified":"2023-09-08T19:08:46+00:00","mainEntityOfPage":{"@id":"https:\/\/folhapopular.info\/index.php\/2023\/09\/08\/governo-federal-anuncia-novas-medidas-de-apoio-a-cidades-atingidas-pela-cheia\/"},"wordCount":682,"commentCount":0,"image":{"@id":"https:\/\/folhapopular.info\/index.php\/2023\/09\/08\/governo-federal-anuncia-novas-medidas-de-apoio-a-cidades-atingidas-pela-cheia\/#primaryimage"},"thumbnailUrl":"https:\/\/folhapopular.info\/wp-content\/uploads\/2023\/09\/DSC_0061-scaled-e1694200111594.jpg","articleSection":["Destaques","Geral"],"inLanguage":"pt-BR","potentialAction":[{"@type":"CommentAction","name":"Comment","target":["https:\/\/folhapopular.info\/index.php\/2023\/09\/08\/governo-federal-anuncia-novas-medidas-de-apoio-a-cidades-atingidas-pela-cheia\/#respond"]}]},{"@type":"WebPage","@id":"https:\/\/folhapopular.info\/index.php\/2023\/09\/08\/governo-federal-anuncia-novas-medidas-de-apoio-a-cidades-atingidas-pela-cheia\/","url":"https:\/\/folhapopular.info\/index.php\/2023\/09\/08\/governo-federal-anuncia-novas-medidas-de-apoio-a-cidades-atingidas-pela-cheia\/","name":"Governo Federal anuncia novas medidas de apoio a cidades atingidas pela cheia - Folha Popular","isPartOf":{"@id":"https:\/\/folhapopular.info\/#website"},"primaryImageOfPage":{"@id":"https:\/\/folhapopular.info\/index.php\/2023\/09\/08\/governo-federal-anuncia-novas-medidas-de-apoio-a-cidades-atingidas-pela-cheia\/#primaryimage"},"image":{"@id":"https:\/\/folhapopular.info\/index.php\/2023\/09\/08\/governo-federal-anuncia-novas-medidas-de-apoio-a-cidades-atingidas-pela-cheia\/#primaryimage"},"thumbnailUrl":"https:\/\/folhapopular.info\/wp-content\/uploads\/2023\/09\/DSC_0061-scaled-e1694200111594.jpg","datePublished":"2023-09-08T19:08:43+00:00","dateModified":"2023-09-08T19:08:46+00:00","author":{"@id":"https:\/\/folhapopular.info\/#\/schema\/person\/2814e8a0df7643585a9ca38bc6eb9d4b"},"breadcrumb":{"@id":"https:\/\/folhapopular.info\/index.php\/2023\/09\/08\/governo-federal-anuncia-novas-medidas-de-apoio-a-cidades-atingidas-pela-cheia\/#breadcrumb"},"inLanguage":"pt-BR","potentialAction":[{"@type":"ReadAction","target":["https:\/\/folhapopular.info\/index.php\/2023\/09\/08\/governo-federal-anuncia-novas-medidas-de-apoio-a-cidades-atingidas-pela-cheia\/"]}]},{"@type":"ImageObject","inLanguage":"pt-BR","@id":"https:\/\/folhapopular.info\/index.php\/2023\/09\/08\/governo-federal-anuncia-novas-medidas-de-apoio-a-cidades-atingidas-pela-cheia\/#primaryimage","url":"https:\/\/folhapopular.info\/wp-content\/uploads\/2023\/09\/DSC_0061-scaled-e1694200111594.jpg","contentUrl":"https:\/\/folhapopular.info\/wp-content\/uploads\/2023\/09\/DSC_0061-scaled-e1694200111594.jpg","width":1200,"height":802,"caption":"Cr\u00e9dito da foto: Camille Lenz da Silva"},{"@type":"BreadcrumbList","@id":"https:\/\/folhapopular.info\/index.php\/2023\/09\/08\/governo-federal-anuncia-novas-medidas-de-apoio-a-cidades-atingidas-pela-cheia\/#breadcrumb","itemListElement":[{"@type":"ListItem","position":1,"name":"In\u00edcio","item":"https:\/\/folhapopular.info\/"},{"@type":"ListItem","position":2,"name":"Governo Federal anuncia novas medidas de apoio a cidades atingidas pela cheia"}]},{"@type":"WebSite","@id":"https:\/\/folhapopular.info\/#website","url":"https:\/\/folhapopular.info\/","name":"Folha Popular","description":"Onde voc\u00ea tem vez e voz","potentialAction":[{"@type":"SearchAction","target":{"@type":"EntryPoint","urlTemplate":"https:\/\/folhapopular.info\/?s={search_term_string}"},"query-input":{"@type":"PropertyValueSpecification","valueRequired":true,"valueName":"search_term_string"}}],"inLanguage":"pt-BR"},{"@type":"Person","@id":"https:\/\/folhapopular.info\/#\/schema\/person\/2814e8a0df7643585a9ca38bc6eb9d4b","name":"Reda\u00e7\u00e3o Folha Popular","image":{"@type":"ImageObject","inLanguage":"pt-BR","@id":"https:\/\/folhapopular.info\/wp-content\/uploads\/2026\/04\/Folha-1.webp","url":"https:\/\/folhapopular.info\/wp-content\/uploads\/2026\/04\/Folha-1.webp","contentUrl":"https:\/\/folhapopular.info\/wp-content\/uploads\/2026\/04\/Folha-1.webp","caption":"Reda\u00e7\u00e3o Folha Popular"},"url":"https:\/\/folhapopular.info\/index.php\/author\/redacao\/"}]}},"jetpack_featured_media_url":"https:\/\/folhapopular.info\/wp-content\/uploads\/2023\/09\/DSC_0061-scaled-e1694200111594.jpg","jetpack_sharing_enabled":true,"amp_enabled":true,"_links":{"self":[{"href":"https:\/\/folhapopular.info\/index.php\/wp-json\/wp\/v2\/posts\/139429","targetHints":{"allow":["GET"]}}],"collection":[{"href":"https:\/\/folhapopular.info\/index.php\/wp-json\/wp\/v2\/posts"}],"about":[{"href":"https:\/\/folhapopular.info\/index.php\/wp-json\/wp\/v2\/types\/post"}],"author":[{"embeddable":true,"href":"https:\/\/folhapopular.info\/index.php\/wp-json\/wp\/v2\/users\/8"}],"replies":[{"embeddable":true,"href":"https:\/\/folhapopular.info\/index.php\/wp-json\/wp\/v2\/comments?post=139429"}],"version-history":[{"count":0,"href":"https:\/\/folhapopular.info\/index.php\/wp-json\/wp\/v2\/posts\/139429\/revisions"}],"wp:featuredmedia":[{"embeddable":true,"href":"https:\/\/folhapopular.info\/index.php\/wp-json\/wp\/v2\/media\/139431"}],"wp:attachment":[{"href":"https:\/\/folhapopular.info\/index.php\/wp-json\/wp\/v2\/media?parent=139429"}],"wp:term":[{"taxonomy":"category","embeddable":true,"href":"https:\/\/folhapopular.info\/index.php\/wp-json\/wp\/v2\/categories?post=139429"},{"taxonomy":"post_tag","embeddable":true,"href":"https:\/\/folhapopular.info\/index.php\/wp-json\/wp\/v2\/tags?post=139429"}],"curies":[{"name":"wp","href":"https:\/\/api.w.org\/{rel}","templated":true}]}}