{"id":139518,"date":"2023-09-10T10:59:32","date_gmt":"2023-09-10T13:59:32","guid":{"rendered":"https:\/\/folhapopular.info\/?p=139518"},"modified":"2023-09-10T11:00:34","modified_gmt":"2023-09-10T14:00:34","slug":"comitiva-presidencial-inicia-roteiro-por-cidades-atingidas-pela-enchente-no-vale-do-taquari","status":"publish","type":"post","link":"https:\/\/folhapopular.info\/index.php\/2023\/09\/10\/comitiva-presidencial-inicia-roteiro-por-cidades-atingidas-pela-enchente-no-vale-do-taquari\/","title":{"rendered":"Comitiva presidencial inicia roteiro por cidades atingidas pela enchente no Vale do Taquari"},"content":{"rendered":"\n<p>A comitiva do governo federal, liderada pelo presidente em exerc\u00edcio, Geraldo Alckmin, iniciou o roteiro pelas cidades do Vale do Taquari atingidas pela enchente. O grupo desembarcou em Lajeado na manh\u00e3 deste domingo (10\/9), por volta das 9h30, e se dirigiu para Roca Sales, primeira cidade visitada.<\/p>\n\n\n\n<p>Alckmin, acompanhado de ministros, deputados, prefeitos e do governador Eduardo Leite, percorreu as ruas da cidade e verificou a situa\u00e7\u00e3o de desastre e o rastro de destrui\u00e7\u00e3o deixados pela cheia. Ele tamb\u00e9m visitou o hospital de campanha montado no local.<\/p>\n\n\n\n<p>Depois, a comitiva partiu para Mu\u00e7um, onde deve prosseguir com o roteiro. Ap\u00f3s, o grupo deve se dirigir a Lajeado. \u00c0 tarde, ocorre reuni\u00e3o com prefeitos, e ap\u00f3s, uma coletiva de imprensa.<\/p>\n\n\n\n<p><strong>Ministros e autoridades que acompanham o presidente em exerc\u00edcio:<\/strong><\/p>\n\n\n\n<p>Presidente em exerc\u00edcio, Geraldo Alckmin<br>Ministro da Defesa, Jos\u00e9 M\u00facio<br>Ministro do Desenvolvimento Social, Wellington Dias<br>Ministro da Integra\u00e7\u00e3o e Desenvolvimento Regional, Waldez G\u00f3es<br>Ministro do Desenvolvimento Agr\u00e1rio, Paulo Teixeira<br>Ministro da Secretaria de Comunica\u00e7\u00e3o Social, Paulo Pimenta<br>Ministra da Sa\u00fade, N\u00edsia Trindade<br>Ministro das Cidades, Jader Filho<br>Ministra do Meio Ambiente, Marina Silva<br>Presidente da Companhia Nacional de Abastecimento (Conab), Edegar Pretto<br>Presidente da Caixa Econ\u00f4mica Federal, Maria Rita Serrano<br>Chefe do Estado-Maior do Conjunto das For\u00e7as Armadas do Minist\u00e9rio da Defesa, Renato Rodrigues<br>Secret\u00e1rio da Defesa Civil Nacional, Wolnei Wolff<br>Secret\u00e1rio do Minist\u00e9rio da Agricultura, Wilson Vaz de Ara\u00fajo<br>Diretor Financeiro e de Cr\u00e9dito Digital para MPMEs, Alexandre Correa Abreu<\/p>\n\n\n\n<p><strong>Roteiro da comitiva<\/strong><\/p>\n\n\n\n<p>10h &#8211; Roca Sales: visita ao Hospital de Campanha que est\u00e1 sendo montado<\/p>\n\n\n\n<p>10h30 &#8211; Roca Sales: percorre o centro da cidade at\u00e9 a loja Novo Mundo<\/p>\n\n\n\n<p>11h20 &#8211; Mu\u00e7um: percorre, no bairro F\u00e1tima, a rua Nossa Senhora de F\u00e1tima, \u00e0s margens do rio Taquari<\/p>\n\n\n\n<p>13h30 &#8211; Lajeado: encontro com prefeitos da regi\u00e3o, no audit\u00f3rio da Univates<\/p>\n\n\n\n<p>15h &#8211; Coletiva \u00e0 imprensa, no audit\u00f3rio da Univates<\/p>\n","protected":false},"excerpt":{"rendered":"<p>A comitiva do governo federal, liderada pelo presidente em exerc\u00edcio, Geraldo Alckmin, iniciou o roteiro pelas cidades do Vale do Taquari atingidas pela enchente. O grupo desembarcou em Lajeado na manh\u00e3 deste domingo (10\/9), por volta das 9h30, e se dirigiu para Roca Sales, primeira cidade visitada. Alckmin, acompanhado de ministros, deputados, prefeitos e do [&hellip;]<\/p>\n","protected":false},"author":5,"featured_media":139519,"comment_status":"open","ping_status":"open","sticky":false,"template":"","format":"standard","meta":{"pmpro_default_level":"","_jetpack_memberships_contains_paid_content":false,"footnotes":""},"categories":[2,3],"tags":[],"class_list":{"0":"post-139518","1":"post","2":"type-post","3":"status-publish","4":"format-standard","5":"has-post-thumbnail","7":"category-featured","8":"category-geral","9":"pmpro-has-access"},"yoast_head":"<!-- This site is optimized with the Yoast SEO plugin v27.5 - https:\/\/yoast.com\/product\/yoast-seo-wordpress\/ -->\n<title>Comitiva presidencial inicia roteiro por cidades atingidas pela enchente no Vale do Taquari - Folha Popular<\/title>\n<meta name=\"robots\" content=\"index, follow, max-snippet:-1, max-image-preview:large, max-video-preview:-1\" \/>\n<link rel=\"canonical\" href=\"https:\/\/folhapopular.info\/index.php\/2023\/09\/10\/comitiva-presidencial-inicia-roteiro-por-cidades-atingidas-pela-enchente-no-vale-do-taquari\/\" \/>\n<meta property=\"og:locale\" content=\"pt_BR\" \/>\n<meta property=\"og:type\" content=\"article\" \/>\n<meta property=\"og:title\" content=\"Comitiva presidencial inicia roteiro por cidades atingidas pela enchente no Vale do Taquari - Folha Popular\" \/>\n<meta property=\"og:description\" content=\"A comitiva do governo federal, liderada pelo presidente em exerc\u00edcio, Geraldo Alckmin, iniciou o roteiro pelas cidades do Vale do Taquari atingidas pela enchente. O grupo desembarcou em Lajeado na manh\u00e3 deste domingo (10\/9), por volta das 9h30, e se dirigiu para Roca Sales, primeira cidade visitada. Alckmin, acompanhado de ministros, deputados, prefeitos e do [&hellip;]\" \/>\n<meta property=\"og:url\" content=\"https:\/\/folhapopular.info\/index.php\/2023\/09\/10\/comitiva-presidencial-inicia-roteiro-por-cidades-atingidas-pela-enchente-no-vale-do-taquari\/\" \/>\n<meta property=\"og:site_name\" content=\"Folha Popular\" \/>\n<meta property=\"article:published_time\" content=\"2023-09-10T13:59:32+00:00\" \/>\n<meta property=\"article:modified_time\" content=\"2023-09-10T14:00:34+00:00\" \/>\n<meta property=\"og:image\" content=\"http:\/\/folhapopular.info\/wp-content\/uploads\/2023\/09\/WhatsApp-Image-2023-09-10-at-10.41.02-e1694354334504.jpeg\" \/>\n\t<meta property=\"og:image:width\" content=\"1200\" \/>\n\t<meta property=\"og:image:height\" content=\"676\" \/>\n\t<meta property=\"og:image:type\" content=\"image\/jpeg\" \/>\n<meta name=\"author\" content=\"Paloma Cristine Griesang\" \/>\n<meta name=\"twitter:card\" content=\"summary_large_image\" \/>\n<meta name=\"twitter:label1\" content=\"Escrito por\" \/>\n\t<meta name=\"twitter:data1\" content=\"Paloma Cristine Griesang\" \/>\n\t<meta name=\"twitter:label2\" content=\"Est. tempo de leitura\" \/>\n\t<meta name=\"twitter:data2\" content=\"2 minutos\" \/>\n<script type=\"application\/ld+json\" class=\"yoast-schema-graph\">{\"@context\":\"https:\\\/\\\/schema.org\",\"@graph\":[{\"@type\":\"Article\",\"@id\":\"https:\\\/\\\/folhapopular.info\\\/index.php\\\/2023\\\/09\\\/10\\\/comitiva-presidencial-inicia-roteiro-por-cidades-atingidas-pela-enchente-no-vale-do-taquari\\\/#article\",\"isPartOf\":{\"@id\":\"https:\\\/\\\/folhapopular.info\\\/index.php\\\/2023\\\/09\\\/10\\\/comitiva-presidencial-inicia-roteiro-por-cidades-atingidas-pela-enchente-no-vale-do-taquari\\\/\"},\"author\":{\"name\":\"Paloma Cristine Griesang\",\"@id\":\"https:\\\/\\\/folhapopular.info\\\/#\\\/schema\\\/person\\\/6441c3adb14a6337552a9700ef5698d2\"},\"headline\":\"Comitiva presidencial inicia roteiro por cidades atingidas pela enchente no Vale do Taquari\",\"datePublished\":\"2023-09-10T13:59:32+00:00\",\"dateModified\":\"2023-09-10T14:00:34+00:00\",\"mainEntityOfPage\":{\"@id\":\"https:\\\/\\\/folhapopular.info\\\/index.php\\\/2023\\\/09\\\/10\\\/comitiva-presidencial-inicia-roteiro-por-cidades-atingidas-pela-enchente-no-vale-do-taquari\\\/\"},\"wordCount\":336,\"commentCount\":0,\"image\":{\"@id\":\"https:\\\/\\\/folhapopular.info\\\/index.php\\\/2023\\\/09\\\/10\\\/comitiva-presidencial-inicia-roteiro-por-cidades-atingidas-pela-enchente-no-vale-do-taquari\\\/#primaryimage\"},\"thumbnailUrl\":\"https:\\\/\\\/folhapopular.info\\\/wp-content\\\/uploads\\\/2023\\\/09\\\/WhatsApp-Image-2023-09-10-at-10.41.02-e1694354334504.jpeg\",\"articleSection\":[\"Destaques\",\"Geral\"],\"inLanguage\":\"pt-BR\",\"potentialAction\":[{\"@type\":\"CommentAction\",\"name\":\"Comment\",\"target\":[\"https:\\\/\\\/folhapopular.info\\\/index.php\\\/2023\\\/09\\\/10\\\/comitiva-presidencial-inicia-roteiro-por-cidades-atingidas-pela-enchente-no-vale-do-taquari\\\/#respond\"]}]},{\"@type\":\"WebPage\",\"@id\":\"https:\\\/\\\/folhapopular.info\\\/index.php\\\/2023\\\/09\\\/10\\\/comitiva-presidencial-inicia-roteiro-por-cidades-atingidas-pela-enchente-no-vale-do-taquari\\\/\",\"url\":\"https:\\\/\\\/folhapopular.info\\\/index.php\\\/2023\\\/09\\\/10\\\/comitiva-presidencial-inicia-roteiro-por-cidades-atingidas-pela-enchente-no-vale-do-taquari\\\/\",\"name\":\"Comitiva presidencial inicia roteiro por cidades atingidas pela enchente no Vale do Taquari - Folha Popular\",\"isPartOf\":{\"@id\":\"https:\\\/\\\/folhapopular.info\\\/#website\"},\"primaryImageOfPage\":{\"@id\":\"https:\\\/\\\/folhapopular.info\\\/index.php\\\/2023\\\/09\\\/10\\\/comitiva-presidencial-inicia-roteiro-por-cidades-atingidas-pela-enchente-no-vale-do-taquari\\\/#primaryimage\"},\"image\":{\"@id\":\"https:\\\/\\\/folhapopular.info\\\/index.php\\\/2023\\\/09\\\/10\\\/comitiva-presidencial-inicia-roteiro-por-cidades-atingidas-pela-enchente-no-vale-do-taquari\\\/#primaryimage\"},\"thumbnailUrl\":\"https:\\\/\\\/folhapopular.info\\\/wp-content\\\/uploads\\\/2023\\\/09\\\/WhatsApp-Image-2023-09-10-at-10.41.02-e1694354334504.jpeg\",\"datePublished\":\"2023-09-10T13:59:32+00:00\",\"dateModified\":\"2023-09-10T14:00:34+00:00\",\"author\":{\"@id\":\"https:\\\/\\\/folhapopular.info\\\/#\\\/schema\\\/person\\\/6441c3adb14a6337552a9700ef5698d2\"},\"breadcrumb\":{\"@id\":\"https:\\\/\\\/folhapopular.info\\\/index.php\\\/2023\\\/09\\\/10\\\/comitiva-presidencial-inicia-roteiro-por-cidades-atingidas-pela-enchente-no-vale-do-taquari\\\/#breadcrumb\"},\"inLanguage\":\"pt-BR\",\"potentialAction\":[{\"@type\":\"ReadAction\",\"target\":[\"https:\\\/\\\/folhapopular.info\\\/index.php\\\/2023\\\/09\\\/10\\\/comitiva-presidencial-inicia-roteiro-por-cidades-atingidas-pela-enchente-no-vale-do-taquari\\\/\"]}]},{\"@type\":\"ImageObject\",\"inLanguage\":\"pt-BR\",\"@id\":\"https:\\\/\\\/folhapopular.info\\\/index.php\\\/2023\\\/09\\\/10\\\/comitiva-presidencial-inicia-roteiro-por-cidades-atingidas-pela-enchente-no-vale-do-taquari\\\/#primaryimage\",\"url\":\"https:\\\/\\\/folhapopular.info\\\/wp-content\\\/uploads\\\/2023\\\/09\\\/WhatsApp-Image-2023-09-10-at-10.41.02-e1694354334504.jpeg\",\"contentUrl\":\"https:\\\/\\\/folhapopular.info\\\/wp-content\\\/uploads\\\/2023\\\/09\\\/WhatsApp-Image-2023-09-10-at-10.41.02-e1694354334504.jpeg\",\"width\":1200,\"height\":676,\"caption\":\"Visita iniciou em Roca Sales \\\/ Cr\u00e9dito da foto: Lucas Malheiros\"},{\"@type\":\"BreadcrumbList\",\"@id\":\"https:\\\/\\\/folhapopular.info\\\/index.php\\\/2023\\\/09\\\/10\\\/comitiva-presidencial-inicia-roteiro-por-cidades-atingidas-pela-enchente-no-vale-do-taquari\\\/#breadcrumb\",\"itemListElement\":[{\"@type\":\"ListItem\",\"position\":1,\"name\":\"In\u00edcio\",\"item\":\"https:\\\/\\\/folhapopular.info\\\/\"},{\"@type\":\"ListItem\",\"position\":2,\"name\":\"Comitiva presidencial inicia roteiro por cidades atingidas pela enchente no Vale do Taquari\"}]},{\"@type\":\"WebSite\",\"@id\":\"https:\\\/\\\/folhapopular.info\\\/#website\",\"url\":\"https:\\\/\\\/folhapopular.info\\\/\",\"name\":\"Folha Popular\",\"description\":\"Onde voc\u00ea tem vez e voz\",\"potentialAction\":[{\"@type\":\"SearchAction\",\"target\":{\"@type\":\"EntryPoint\",\"urlTemplate\":\"https:\\\/\\\/folhapopular.info\\\/?s={search_term_string}\"},\"query-input\":{\"@type\":\"PropertyValueSpecification\",\"valueRequired\":true,\"valueName\":\"search_term_string\"}}],\"inLanguage\":\"pt-BR\"},{\"@type\":\"Person\",\"@id\":\"https:\\\/\\\/folhapopular.info\\\/#\\\/schema\\\/person\\\/6441c3adb14a6337552a9700ef5698d2\",\"name\":\"Paloma Cristine Griesang\",\"image\":{\"@type\":\"ImageObject\",\"inLanguage\":\"pt-BR\",\"@id\":\"https:\\\/\\\/secure.gravatar.com\\\/avatar\\\/7a1c3f1e1b05846882a13987cf3bd04239fe0ea8fd472d7d16d7f21c265005a5?s=96&d=mm&r=g\",\"url\":\"https:\\\/\\\/secure.gravatar.com\\\/avatar\\\/7a1c3f1e1b05846882a13987cf3bd04239fe0ea8fd472d7d16d7f21c265005a5?s=96&d=mm&r=g\",\"contentUrl\":\"https:\\\/\\\/secure.gravatar.com\\\/avatar\\\/7a1c3f1e1b05846882a13987cf3bd04239fe0ea8fd472d7d16d7f21c265005a5?s=96&d=mm&r=g\",\"caption\":\"Paloma Cristine Griesang\"},\"url\":\"https:\\\/\\\/folhapopular.info\\\/index.php\\\/author\\\/paloma-griesang\\\/\"}]}<\/script>\n<!-- \/ Yoast SEO plugin. -->","yoast_head_json":{"title":"Comitiva presidencial inicia roteiro por cidades atingidas pela enchente no Vale do Taquari - Folha Popular","robots":{"index":"index","follow":"follow","max-snippet":"max-snippet:-1","max-image-preview":"max-image-preview:large","max-video-preview":"max-video-preview:-1"},"canonical":"https:\/\/folhapopular.info\/index.php\/2023\/09\/10\/comitiva-presidencial-inicia-roteiro-por-cidades-atingidas-pela-enchente-no-vale-do-taquari\/","og_locale":"pt_BR","og_type":"article","og_title":"Comitiva presidencial inicia roteiro por cidades atingidas pela enchente no Vale do Taquari - Folha Popular","og_description":"A comitiva do governo federal, liderada pelo presidente em exerc\u00edcio, Geraldo Alckmin, iniciou o roteiro pelas cidades do Vale do Taquari atingidas pela enchente. O grupo desembarcou em Lajeado na manh\u00e3 deste domingo (10\/9), por volta das 9h30, e se dirigiu para Roca Sales, primeira cidade visitada. Alckmin, acompanhado de ministros, deputados, prefeitos e do [&hellip;]","og_url":"https:\/\/folhapopular.info\/index.php\/2023\/09\/10\/comitiva-presidencial-inicia-roteiro-por-cidades-atingidas-pela-enchente-no-vale-do-taquari\/","og_site_name":"Folha Popular","article_published_time":"2023-09-10T13:59:32+00:00","article_modified_time":"2023-09-10T14:00:34+00:00","og_image":[{"width":1200,"height":676,"url":"http:\/\/folhapopular.info\/wp-content\/uploads\/2023\/09\/WhatsApp-Image-2023-09-10-at-10.41.02-e1694354334504.jpeg","type":"image\/jpeg"}],"author":"Paloma Cristine Griesang","twitter_card":"summary_large_image","twitter_misc":{"Escrito por":"Paloma Cristine Griesang","Est. tempo de leitura":"2 minutos"},"schema":{"@context":"https:\/\/schema.org","@graph":[{"@type":"Article","@id":"https:\/\/folhapopular.info\/index.php\/2023\/09\/10\/comitiva-presidencial-inicia-roteiro-por-cidades-atingidas-pela-enchente-no-vale-do-taquari\/#article","isPartOf":{"@id":"https:\/\/folhapopular.info\/index.php\/2023\/09\/10\/comitiva-presidencial-inicia-roteiro-por-cidades-atingidas-pela-enchente-no-vale-do-taquari\/"},"author":{"name":"Paloma Cristine Griesang","@id":"https:\/\/folhapopular.info\/#\/schema\/person\/6441c3adb14a6337552a9700ef5698d2"},"headline":"Comitiva presidencial inicia roteiro por cidades atingidas pela enchente no Vale do Taquari","datePublished":"2023-09-10T13:59:32+00:00","dateModified":"2023-09-10T14:00:34+00:00","mainEntityOfPage":{"@id":"https:\/\/folhapopular.info\/index.php\/2023\/09\/10\/comitiva-presidencial-inicia-roteiro-por-cidades-atingidas-pela-enchente-no-vale-do-taquari\/"},"wordCount":336,"commentCount":0,"image":{"@id":"https:\/\/folhapopular.info\/index.php\/2023\/09\/10\/comitiva-presidencial-inicia-roteiro-por-cidades-atingidas-pela-enchente-no-vale-do-taquari\/#primaryimage"},"thumbnailUrl":"https:\/\/folhapopular.info\/wp-content\/uploads\/2023\/09\/WhatsApp-Image-2023-09-10-at-10.41.02-e1694354334504.jpeg","articleSection":["Destaques","Geral"],"inLanguage":"pt-BR","potentialAction":[{"@type":"CommentAction","name":"Comment","target":["https:\/\/folhapopular.info\/index.php\/2023\/09\/10\/comitiva-presidencial-inicia-roteiro-por-cidades-atingidas-pela-enchente-no-vale-do-taquari\/#respond"]}]},{"@type":"WebPage","@id":"https:\/\/folhapopular.info\/index.php\/2023\/09\/10\/comitiva-presidencial-inicia-roteiro-por-cidades-atingidas-pela-enchente-no-vale-do-taquari\/","url":"https:\/\/folhapopular.info\/index.php\/2023\/09\/10\/comitiva-presidencial-inicia-roteiro-por-cidades-atingidas-pela-enchente-no-vale-do-taquari\/","name":"Comitiva presidencial inicia roteiro por cidades atingidas pela enchente no Vale do Taquari - Folha Popular","isPartOf":{"@id":"https:\/\/folhapopular.info\/#website"},"primaryImageOfPage":{"@id":"https:\/\/folhapopular.info\/index.php\/2023\/09\/10\/comitiva-presidencial-inicia-roteiro-por-cidades-atingidas-pela-enchente-no-vale-do-taquari\/#primaryimage"},"image":{"@id":"https:\/\/folhapopular.info\/index.php\/2023\/09\/10\/comitiva-presidencial-inicia-roteiro-por-cidades-atingidas-pela-enchente-no-vale-do-taquari\/#primaryimage"},"thumbnailUrl":"https:\/\/folhapopular.info\/wp-content\/uploads\/2023\/09\/WhatsApp-Image-2023-09-10-at-10.41.02-e1694354334504.jpeg","datePublished":"2023-09-10T13:59:32+00:00","dateModified":"2023-09-10T14:00:34+00:00","author":{"@id":"https:\/\/folhapopular.info\/#\/schema\/person\/6441c3adb14a6337552a9700ef5698d2"},"breadcrumb":{"@id":"https:\/\/folhapopular.info\/index.php\/2023\/09\/10\/comitiva-presidencial-inicia-roteiro-por-cidades-atingidas-pela-enchente-no-vale-do-taquari\/#breadcrumb"},"inLanguage":"pt-BR","potentialAction":[{"@type":"ReadAction","target":["https:\/\/folhapopular.info\/index.php\/2023\/09\/10\/comitiva-presidencial-inicia-roteiro-por-cidades-atingidas-pela-enchente-no-vale-do-taquari\/"]}]},{"@type":"ImageObject","inLanguage":"pt-BR","@id":"https:\/\/folhapopular.info\/index.php\/2023\/09\/10\/comitiva-presidencial-inicia-roteiro-por-cidades-atingidas-pela-enchente-no-vale-do-taquari\/#primaryimage","url":"https:\/\/folhapopular.info\/wp-content\/uploads\/2023\/09\/WhatsApp-Image-2023-09-10-at-10.41.02-e1694354334504.jpeg","contentUrl":"https:\/\/folhapopular.info\/wp-content\/uploads\/2023\/09\/WhatsApp-Image-2023-09-10-at-10.41.02-e1694354334504.jpeg","width":1200,"height":676,"caption":"Visita iniciou em Roca Sales \/ Cr\u00e9dito da foto: Lucas Malheiros"},{"@type":"BreadcrumbList","@id":"https:\/\/folhapopular.info\/index.php\/2023\/09\/10\/comitiva-presidencial-inicia-roteiro-por-cidades-atingidas-pela-enchente-no-vale-do-taquari\/#breadcrumb","itemListElement":[{"@type":"ListItem","position":1,"name":"In\u00edcio","item":"https:\/\/folhapopular.info\/"},{"@type":"ListItem","position":2,"name":"Comitiva presidencial inicia roteiro por cidades atingidas pela enchente no Vale do Taquari"}]},{"@type":"WebSite","@id":"https:\/\/folhapopular.info\/#website","url":"https:\/\/folhapopular.info\/","name":"Folha Popular","description":"Onde voc\u00ea tem vez e voz","potentialAction":[{"@type":"SearchAction","target":{"@type":"EntryPoint","urlTemplate":"https:\/\/folhapopular.info\/?s={search_term_string}"},"query-input":{"@type":"PropertyValueSpecification","valueRequired":true,"valueName":"search_term_string"}}],"inLanguage":"pt-BR"},{"@type":"Person","@id":"https:\/\/folhapopular.info\/#\/schema\/person\/6441c3adb14a6337552a9700ef5698d2","name":"Paloma Cristine Griesang","image":{"@type":"ImageObject","inLanguage":"pt-BR","@id":"https:\/\/secure.gravatar.com\/avatar\/7a1c3f1e1b05846882a13987cf3bd04239fe0ea8fd472d7d16d7f21c265005a5?s=96&d=mm&r=g","url":"https:\/\/secure.gravatar.com\/avatar\/7a1c3f1e1b05846882a13987cf3bd04239fe0ea8fd472d7d16d7f21c265005a5?s=96&d=mm&r=g","contentUrl":"https:\/\/secure.gravatar.com\/avatar\/7a1c3f1e1b05846882a13987cf3bd04239fe0ea8fd472d7d16d7f21c265005a5?s=96&d=mm&r=g","caption":"Paloma Cristine Griesang"},"url":"https:\/\/folhapopular.info\/index.php\/author\/paloma-griesang\/"}]}},"jetpack_featured_media_url":"https:\/\/folhapopular.info\/wp-content\/uploads\/2023\/09\/WhatsApp-Image-2023-09-10-at-10.41.02-e1694354334504.jpeg","jetpack_sharing_enabled":true,"amp_enabled":true,"_links":{"self":[{"href":"https:\/\/folhapopular.info\/index.php\/wp-json\/wp\/v2\/posts\/139518","targetHints":{"allow":["GET"]}}],"collection":[{"href":"https:\/\/folhapopular.info\/index.php\/wp-json\/wp\/v2\/posts"}],"about":[{"href":"https:\/\/folhapopular.info\/index.php\/wp-json\/wp\/v2\/types\/post"}],"author":[{"embeddable":true,"href":"https:\/\/folhapopular.info\/index.php\/wp-json\/wp\/v2\/users\/5"}],"replies":[{"embeddable":true,"href":"https:\/\/folhapopular.info\/index.php\/wp-json\/wp\/v2\/comments?post=139518"}],"version-history":[{"count":0,"href":"https:\/\/folhapopular.info\/index.php\/wp-json\/wp\/v2\/posts\/139518\/revisions"}],"wp:featuredmedia":[{"embeddable":true,"href":"https:\/\/folhapopular.info\/index.php\/wp-json\/wp\/v2\/media\/139519"}],"wp:attachment":[{"href":"https:\/\/folhapopular.info\/index.php\/wp-json\/wp\/v2\/media?parent=139518"}],"wp:term":[{"taxonomy":"category","embeddable":true,"href":"https:\/\/folhapopular.info\/index.php\/wp-json\/wp\/v2\/categories?post=139518"},{"taxonomy":"post_tag","embeddable":true,"href":"https:\/\/folhapopular.info\/index.php\/wp-json\/wp\/v2\/tags?post=139518"}],"curies":[{"name":"wp","href":"https:\/\/api.w.org\/{rel}","templated":true}]}}