{"id":139527,"date":"2023-09-10T15:20:04","date_gmt":"2023-09-10T18:20:04","guid":{"rendered":"https:\/\/folhapopular.info\/?p=139527"},"modified":"2023-09-10T17:59:10","modified_gmt":"2023-09-10T20:59:10","slug":"alckmin-anuncia-medidas-que-somam-r-731-milhoes-para-atender-municipios-atingidos-pela-enchente","status":"publish","type":"post","link":"https:\/\/folhapopular.info\/index.php\/2023\/09\/10\/alckmin-anuncia-medidas-que-somam-r-731-milhoes-para-atender-municipios-atingidos-pela-enchente\/","title":{"rendered":"Alckmin anuncia medidas que somam R$ 741 milh\u00f5es para atender munic\u00edpios atingidos pela enchente"},"content":{"rendered":"\n<p>Em reuni\u00e3o com prefeitos no Vale do Taquari neste domingo (10\/9), o presidente em exerc\u00edcio, Geraldo Alckmin, apresentou as medidas tomadas e liberadas, at\u00e9 o momento, pelo governo federal. Conforme o presidente, at\u00e9 o momento, todas as a\u00e7\u00f5es somam R$ 731 milh\u00f5es de apoio \u00e0s cidades.<\/p>\n\n\n\n<p>Os valores s\u00e3o divididos entre os diversos minist\u00e9rios para diferentes a\u00e7\u00f5es, nas \u00e1reas de infraestrutura, sa\u00fade, assist\u00eancia social, economia, agricultura, atendimento humanit\u00e1rio e outros. Segundo Alckmin, o valor pode aumentar, pois ainda n\u00e3o inclui os recursos do Minist\u00e9rio da Educa\u00e7\u00e3o para atender escolas atingidas, al\u00e9m de outras necessidades que possam surgir.<\/p>\n\n\n\n<p><strong>Confira todas as medidas anunciadas:<\/strong><\/p>\n\n\n\n<p>\u2714\ufe0f20 mil cestas b\u00e1sicas para a regi\u00e3o \u2013 5 mil entregues ainda hoje;<br>\u2714\ufe0f R$ 800,00 por pessoa, pagos para a prefeitura, para ajudar nas despesas \u2013 pago em duas parcelas de R$ 400,00;<br>\u2714\ufe0fAntecipa\u00e7\u00e3o do pagamento do Bolsa Fam\u00edlia para dia 18 (segunda-feira da pr\u00f3xima semana);<br>\u2714\ufe0f Antecipa\u00e7\u00e3o do BPC, para dia 29\/09 e possibilidade de empr\u00e9stimo de um sal\u00e1rio m\u00ednimo, para pagamento em 36 vezes sem juros;<br>\u2714\ufe0f Saque de at\u00e9 R$ 6.220,00 do FGTS, para trabalhadores que t\u00eam saldo;<br>\u2714\ufe0f Kits com medicamento para 1.500 pessoas, por 30 dias;<br>\u2714\ufe0f R$ 125 milh\u00f5es para compra de alimentos pelo Programa de Aquisi\u00e7\u00e3o de Alimentos, favorecimento da agricultura familiar;<br>\u2714\ufe0f Prorroga\u00e7\u00e3o do pagamento de impostos para Receita Federal e Simples Nacional por 90 dias;<br>\u2714\ufe0f Reconstru\u00e7\u00e3o das UBS e postos de sa\u00fade atingidos pela enchente;<br>\u2714\ufe0f R$ 26 milh\u00f5es para opera\u00e7\u00e3o do Minist\u00e9rio da Defesa Nacional na regi\u00e3o \u2013 custeio de helic\u00f3pteros e embarca\u00e7\u00f5es e homens do Ex\u00e9rcito, com a possibilidade de reconstru\u00e7\u00e3o de pontes;<br>\u2714\ufe0f R$ 57,4 milh\u00f5es do Minist\u00e9rio das Cidades, para reconstru\u00e7\u00e3o de moradias;<br>\u2714\ufe0f R$ 185 milh\u00f5es Minist\u00e9rio da Integra\u00e7\u00e3o Nacional, para reconstru\u00e7\u00e3o urbana dos munic\u00edpios;<\/p>\n\n\n\n<p>Segundo o presidente em exerc\u00edcio, s\u00e3o tr\u00eas desafios que precisam ser atendidos: 1\u00ba) Salvas vidas, seja por meio de buscas que ainda ocorrem ou no atendimento \u00e0 sa\u00fade; 2\u00ba) Reconstru\u00e7\u00e3o das cidades; e 3\u00ba) Recuperar a economia.<\/p>\n\n\n\n<p>Alckmin refor\u00e7ou a import\u00e2ncia dos munic\u00edpios encaminharem seus planos de trabalho para possibilitar a libera\u00e7\u00e3o dos recursos. Conforme apresentado 11 planos foram apresentados e j\u00e1 devem ser homologados. Al\u00e9m disso, os decretos de calamidade p\u00fablica encaminhados foram todos homologados para acelerar os procedimentos e possibilitar o aux\u00edlio.<\/p>\n\n\n\n<p>O governo federal ainda deve disponibilizar um programa aos munic\u00edpios afetados para a constru\u00e7\u00e3o de 1.500 unidades habitacionais para atender pessoas que perderam suas resid\u00eancias.<\/p>\n\n\n\n<p>O presidente em exerc\u00edcio tamb\u00e9m se reuniu com empres\u00e1rios, e disse que o principal pedido foi por linhas de cr\u00e9dito com prazos alongados e juros mais baixos. Afirma que essa possibilidade ser\u00e1 estudada.<\/p>\n\n\n\n<p>Ele ainda destacou e agradeceu o trabalho de todos os volunt\u00e1rios que t\u00eam auxiliado nos munic\u00edpios atingidos. &#8220;Um belo exemplo de amor ao pr\u00f3ximo&#8221;, opina.<\/p>\n","protected":false},"excerpt":{"rendered":"<p>Em reuni\u00e3o com prefeitos no Vale do Taquari neste domingo (10\/9), o presidente em exerc\u00edcio, Geraldo Alckmin, apresentou as medidas tomadas e liberadas, at\u00e9 o momento, pelo governo federal. Conforme o presidente, at\u00e9 o momento, todas as a\u00e7\u00f5es somam R$ 731 milh\u00f5es de apoio \u00e0s cidades. Os valores s\u00e3o divididos entre os diversos minist\u00e9rios para [&hellip;]<\/p>\n","protected":false},"author":5,"featured_media":139528,"comment_status":"open","ping_status":"open","sticky":false,"template":"","format":"standard","meta":{"pmpro_default_level":"","_jetpack_memberships_contains_paid_content":false,"footnotes":""},"categories":[2,3],"tags":[],"class_list":{"0":"post-139527","1":"post","2":"type-post","3":"status-publish","4":"format-standard","5":"has-post-thumbnail","7":"category-featured","8":"category-geral","9":"pmpro-has-access"},"yoast_head":"<!-- This site is optimized with the Yoast SEO plugin v27.5 - https:\/\/yoast.com\/product\/yoast-seo-wordpress\/ -->\n<title>Alckmin anuncia medidas que somam R$ 741 milh\u00f5es para atender munic\u00edpios atingidos pela enchente - Folha Popular<\/title>\n<meta name=\"robots\" content=\"index, follow, max-snippet:-1, max-image-preview:large, max-video-preview:-1\" \/>\n<link rel=\"canonical\" href=\"https:\/\/folhapopular.info\/index.php\/2023\/09\/10\/alckmin-anuncia-medidas-que-somam-r-731-milhoes-para-atender-municipios-atingidos-pela-enchente\/\" \/>\n<meta property=\"og:locale\" content=\"pt_BR\" \/>\n<meta property=\"og:type\" content=\"article\" \/>\n<meta property=\"og:title\" content=\"Alckmin anuncia medidas que somam R$ 741 milh\u00f5es para atender munic\u00edpios atingidos pela enchente - Folha Popular\" \/>\n<meta property=\"og:description\" content=\"Em reuni\u00e3o com prefeitos no Vale do Taquari neste domingo (10\/9), o presidente em exerc\u00edcio, Geraldo Alckmin, apresentou as medidas tomadas e liberadas, at\u00e9 o momento, pelo governo federal. Conforme o presidente, at\u00e9 o momento, todas as a\u00e7\u00f5es somam R$ 731 milh\u00f5es de apoio \u00e0s cidades. Os valores s\u00e3o divididos entre os diversos minist\u00e9rios para [&hellip;]\" \/>\n<meta property=\"og:url\" content=\"https:\/\/folhapopular.info\/index.php\/2023\/09\/10\/alckmin-anuncia-medidas-que-somam-r-731-milhoes-para-atender-municipios-atingidos-pela-enchente\/\" \/>\n<meta property=\"og:site_name\" content=\"Folha Popular\" \/>\n<meta property=\"article:published_time\" content=\"2023-09-10T18:20:04+00:00\" \/>\n<meta property=\"article:modified_time\" content=\"2023-09-10T20:59:10+00:00\" \/>\n<meta property=\"og:image\" content=\"http:\/\/folhapopular.info\/wp-content\/uploads\/2023\/09\/WhatsApp-Image-2023-09-10-at-10.40.44-e1694369837377.jpeg\" \/>\n\t<meta property=\"og:image:width\" content=\"1216\" \/>\n\t<meta property=\"og:image:height\" content=\"900\" \/>\n\t<meta property=\"og:image:type\" content=\"image\/jpeg\" \/>\n<meta name=\"author\" content=\"Paloma Cristine Griesang\" \/>\n<meta name=\"twitter:card\" content=\"summary_large_image\" \/>\n<meta name=\"twitter:label1\" content=\"Escrito por\" \/>\n\t<meta name=\"twitter:data1\" content=\"Paloma Cristine Griesang\" \/>\n\t<meta name=\"twitter:label2\" content=\"Est. tempo de leitura\" \/>\n\t<meta name=\"twitter:data2\" content=\"3 minutos\" \/>\n<script type=\"application\/ld+json\" class=\"yoast-schema-graph\">{\"@context\":\"https:\\\/\\\/schema.org\",\"@graph\":[{\"@type\":\"Article\",\"@id\":\"https:\\\/\\\/folhapopular.info\\\/index.php\\\/2023\\\/09\\\/10\\\/alckmin-anuncia-medidas-que-somam-r-731-milhoes-para-atender-municipios-atingidos-pela-enchente\\\/#article\",\"isPartOf\":{\"@id\":\"https:\\\/\\\/folhapopular.info\\\/index.php\\\/2023\\\/09\\\/10\\\/alckmin-anuncia-medidas-que-somam-r-731-milhoes-para-atender-municipios-atingidos-pela-enchente\\\/\"},\"author\":{\"name\":\"Paloma Cristine Griesang\",\"@id\":\"https:\\\/\\\/folhapopular.info\\\/#\\\/schema\\\/person\\\/6441c3adb14a6337552a9700ef5698d2\"},\"headline\":\"Alckmin anuncia medidas que somam R$ 741 milh\u00f5es para atender munic\u00edpios atingidos pela enchente\",\"datePublished\":\"2023-09-10T18:20:04+00:00\",\"dateModified\":\"2023-09-10T20:59:10+00:00\",\"mainEntityOfPage\":{\"@id\":\"https:\\\/\\\/folhapopular.info\\\/index.php\\\/2023\\\/09\\\/10\\\/alckmin-anuncia-medidas-que-somam-r-731-milhoes-para-atender-municipios-atingidos-pela-enchente\\\/\"},\"wordCount\":507,\"commentCount\":0,\"image\":{\"@id\":\"https:\\\/\\\/folhapopular.info\\\/index.php\\\/2023\\\/09\\\/10\\\/alckmin-anuncia-medidas-que-somam-r-731-milhoes-para-atender-municipios-atingidos-pela-enchente\\\/#primaryimage\"},\"thumbnailUrl\":\"https:\\\/\\\/folhapopular.info\\\/wp-content\\\/uploads\\\/2023\\\/09\\\/WhatsApp-Image-2023-09-10-at-10.40.44-e1694369837377.jpeg\",\"articleSection\":[\"Destaques\",\"Geral\"],\"inLanguage\":\"pt-BR\",\"potentialAction\":[{\"@type\":\"CommentAction\",\"name\":\"Comment\",\"target\":[\"https:\\\/\\\/folhapopular.info\\\/index.php\\\/2023\\\/09\\\/10\\\/alckmin-anuncia-medidas-que-somam-r-731-milhoes-para-atender-municipios-atingidos-pela-enchente\\\/#respond\"]}]},{\"@type\":\"WebPage\",\"@id\":\"https:\\\/\\\/folhapopular.info\\\/index.php\\\/2023\\\/09\\\/10\\\/alckmin-anuncia-medidas-que-somam-r-731-milhoes-para-atender-municipios-atingidos-pela-enchente\\\/\",\"url\":\"https:\\\/\\\/folhapopular.info\\\/index.php\\\/2023\\\/09\\\/10\\\/alckmin-anuncia-medidas-que-somam-r-731-milhoes-para-atender-municipios-atingidos-pela-enchente\\\/\",\"name\":\"Alckmin anuncia medidas que somam R$ 741 milh\u00f5es para atender munic\u00edpios atingidos pela enchente - Folha Popular\",\"isPartOf\":{\"@id\":\"https:\\\/\\\/folhapopular.info\\\/#website\"},\"primaryImageOfPage\":{\"@id\":\"https:\\\/\\\/folhapopular.info\\\/index.php\\\/2023\\\/09\\\/10\\\/alckmin-anuncia-medidas-que-somam-r-731-milhoes-para-atender-municipios-atingidos-pela-enchente\\\/#primaryimage\"},\"image\":{\"@id\":\"https:\\\/\\\/folhapopular.info\\\/index.php\\\/2023\\\/09\\\/10\\\/alckmin-anuncia-medidas-que-somam-r-731-milhoes-para-atender-municipios-atingidos-pela-enchente\\\/#primaryimage\"},\"thumbnailUrl\":\"https:\\\/\\\/folhapopular.info\\\/wp-content\\\/uploads\\\/2023\\\/09\\\/WhatsApp-Image-2023-09-10-at-10.40.44-e1694369837377.jpeg\",\"datePublished\":\"2023-09-10T18:20:04+00:00\",\"dateModified\":\"2023-09-10T20:59:10+00:00\",\"author\":{\"@id\":\"https:\\\/\\\/folhapopular.info\\\/#\\\/schema\\\/person\\\/6441c3adb14a6337552a9700ef5698d2\"},\"breadcrumb\":{\"@id\":\"https:\\\/\\\/folhapopular.info\\\/index.php\\\/2023\\\/09\\\/10\\\/alckmin-anuncia-medidas-que-somam-r-731-milhoes-para-atender-municipios-atingidos-pela-enchente\\\/#breadcrumb\"},\"inLanguage\":\"pt-BR\",\"potentialAction\":[{\"@type\":\"ReadAction\",\"target\":[\"https:\\\/\\\/folhapopular.info\\\/index.php\\\/2023\\\/09\\\/10\\\/alckmin-anuncia-medidas-que-somam-r-731-milhoes-para-atender-municipios-atingidos-pela-enchente\\\/\"]}]},{\"@type\":\"ImageObject\",\"inLanguage\":\"pt-BR\",\"@id\":\"https:\\\/\\\/folhapopular.info\\\/index.php\\\/2023\\\/09\\\/10\\\/alckmin-anuncia-medidas-que-somam-r-731-milhoes-para-atender-municipios-atingidos-pela-enchente\\\/#primaryimage\",\"url\":\"https:\\\/\\\/folhapopular.info\\\/wp-content\\\/uploads\\\/2023\\\/09\\\/WhatsApp-Image-2023-09-10-at-10.40.44-e1694369837377.jpeg\",\"contentUrl\":\"https:\\\/\\\/folhapopular.info\\\/wp-content\\\/uploads\\\/2023\\\/09\\\/WhatsApp-Image-2023-09-10-at-10.40.44-e1694369837377.jpeg\",\"width\":1216,\"height\":900,\"caption\":\"Alckmin visitou cidades atingidas \\\/ Cr\u00e9dito da foto: Lucas Malheiros\"},{\"@type\":\"BreadcrumbList\",\"@id\":\"https:\\\/\\\/folhapopular.info\\\/index.php\\\/2023\\\/09\\\/10\\\/alckmin-anuncia-medidas-que-somam-r-731-milhoes-para-atender-municipios-atingidos-pela-enchente\\\/#breadcrumb\",\"itemListElement\":[{\"@type\":\"ListItem\",\"position\":1,\"name\":\"In\u00edcio\",\"item\":\"https:\\\/\\\/folhapopular.info\\\/\"},{\"@type\":\"ListItem\",\"position\":2,\"name\":\"Alckmin anuncia medidas que somam R$ 741 milh\u00f5es para atender munic\u00edpios atingidos pela enchente\"}]},{\"@type\":\"WebSite\",\"@id\":\"https:\\\/\\\/folhapopular.info\\\/#website\",\"url\":\"https:\\\/\\\/folhapopular.info\\\/\",\"name\":\"Folha Popular\",\"description\":\"Onde voc\u00ea tem vez e voz\",\"potentialAction\":[{\"@type\":\"SearchAction\",\"target\":{\"@type\":\"EntryPoint\",\"urlTemplate\":\"https:\\\/\\\/folhapopular.info\\\/?s={search_term_string}\"},\"query-input\":{\"@type\":\"PropertyValueSpecification\",\"valueRequired\":true,\"valueName\":\"search_term_string\"}}],\"inLanguage\":\"pt-BR\"},{\"@type\":\"Person\",\"@id\":\"https:\\\/\\\/folhapopular.info\\\/#\\\/schema\\\/person\\\/6441c3adb14a6337552a9700ef5698d2\",\"name\":\"Paloma Cristine Griesang\",\"image\":{\"@type\":\"ImageObject\",\"inLanguage\":\"pt-BR\",\"@id\":\"https:\\\/\\\/secure.gravatar.com\\\/avatar\\\/7a1c3f1e1b05846882a13987cf3bd04239fe0ea8fd472d7d16d7f21c265005a5?s=96&d=mm&r=g\",\"url\":\"https:\\\/\\\/secure.gravatar.com\\\/avatar\\\/7a1c3f1e1b05846882a13987cf3bd04239fe0ea8fd472d7d16d7f21c265005a5?s=96&d=mm&r=g\",\"contentUrl\":\"https:\\\/\\\/secure.gravatar.com\\\/avatar\\\/7a1c3f1e1b05846882a13987cf3bd04239fe0ea8fd472d7d16d7f21c265005a5?s=96&d=mm&r=g\",\"caption\":\"Paloma Cristine Griesang\"},\"url\":\"https:\\\/\\\/folhapopular.info\\\/index.php\\\/author\\\/paloma-griesang\\\/\"}]}<\/script>\n<!-- \/ Yoast SEO plugin. -->","yoast_head_json":{"title":"Alckmin anuncia medidas que somam R$ 741 milh\u00f5es para atender munic\u00edpios atingidos pela enchente - Folha Popular","robots":{"index":"index","follow":"follow","max-snippet":"max-snippet:-1","max-image-preview":"max-image-preview:large","max-video-preview":"max-video-preview:-1"},"canonical":"https:\/\/folhapopular.info\/index.php\/2023\/09\/10\/alckmin-anuncia-medidas-que-somam-r-731-milhoes-para-atender-municipios-atingidos-pela-enchente\/","og_locale":"pt_BR","og_type":"article","og_title":"Alckmin anuncia medidas que somam R$ 741 milh\u00f5es para atender munic\u00edpios atingidos pela enchente - Folha Popular","og_description":"Em reuni\u00e3o com prefeitos no Vale do Taquari neste domingo (10\/9), o presidente em exerc\u00edcio, Geraldo Alckmin, apresentou as medidas tomadas e liberadas, at\u00e9 o momento, pelo governo federal. Conforme o presidente, at\u00e9 o momento, todas as a\u00e7\u00f5es somam R$ 731 milh\u00f5es de apoio \u00e0s cidades. Os valores s\u00e3o divididos entre os diversos minist\u00e9rios para [&hellip;]","og_url":"https:\/\/folhapopular.info\/index.php\/2023\/09\/10\/alckmin-anuncia-medidas-que-somam-r-731-milhoes-para-atender-municipios-atingidos-pela-enchente\/","og_site_name":"Folha Popular","article_published_time":"2023-09-10T18:20:04+00:00","article_modified_time":"2023-09-10T20:59:10+00:00","og_image":[{"width":1216,"height":900,"url":"http:\/\/folhapopular.info\/wp-content\/uploads\/2023\/09\/WhatsApp-Image-2023-09-10-at-10.40.44-e1694369837377.jpeg","type":"image\/jpeg"}],"author":"Paloma Cristine Griesang","twitter_card":"summary_large_image","twitter_misc":{"Escrito por":"Paloma Cristine Griesang","Est. tempo de leitura":"3 minutos"},"schema":{"@context":"https:\/\/schema.org","@graph":[{"@type":"Article","@id":"https:\/\/folhapopular.info\/index.php\/2023\/09\/10\/alckmin-anuncia-medidas-que-somam-r-731-milhoes-para-atender-municipios-atingidos-pela-enchente\/#article","isPartOf":{"@id":"https:\/\/folhapopular.info\/index.php\/2023\/09\/10\/alckmin-anuncia-medidas-que-somam-r-731-milhoes-para-atender-municipios-atingidos-pela-enchente\/"},"author":{"name":"Paloma Cristine Griesang","@id":"https:\/\/folhapopular.info\/#\/schema\/person\/6441c3adb14a6337552a9700ef5698d2"},"headline":"Alckmin anuncia medidas que somam R$ 741 milh\u00f5es para atender munic\u00edpios atingidos pela enchente","datePublished":"2023-09-10T18:20:04+00:00","dateModified":"2023-09-10T20:59:10+00:00","mainEntityOfPage":{"@id":"https:\/\/folhapopular.info\/index.php\/2023\/09\/10\/alckmin-anuncia-medidas-que-somam-r-731-milhoes-para-atender-municipios-atingidos-pela-enchente\/"},"wordCount":507,"commentCount":0,"image":{"@id":"https:\/\/folhapopular.info\/index.php\/2023\/09\/10\/alckmin-anuncia-medidas-que-somam-r-731-milhoes-para-atender-municipios-atingidos-pela-enchente\/#primaryimage"},"thumbnailUrl":"https:\/\/folhapopular.info\/wp-content\/uploads\/2023\/09\/WhatsApp-Image-2023-09-10-at-10.40.44-e1694369837377.jpeg","articleSection":["Destaques","Geral"],"inLanguage":"pt-BR","potentialAction":[{"@type":"CommentAction","name":"Comment","target":["https:\/\/folhapopular.info\/index.php\/2023\/09\/10\/alckmin-anuncia-medidas-que-somam-r-731-milhoes-para-atender-municipios-atingidos-pela-enchente\/#respond"]}]},{"@type":"WebPage","@id":"https:\/\/folhapopular.info\/index.php\/2023\/09\/10\/alckmin-anuncia-medidas-que-somam-r-731-milhoes-para-atender-municipios-atingidos-pela-enchente\/","url":"https:\/\/folhapopular.info\/index.php\/2023\/09\/10\/alckmin-anuncia-medidas-que-somam-r-731-milhoes-para-atender-municipios-atingidos-pela-enchente\/","name":"Alckmin anuncia medidas que somam R$ 741 milh\u00f5es para atender munic\u00edpios atingidos pela enchente - Folha Popular","isPartOf":{"@id":"https:\/\/folhapopular.info\/#website"},"primaryImageOfPage":{"@id":"https:\/\/folhapopular.info\/index.php\/2023\/09\/10\/alckmin-anuncia-medidas-que-somam-r-731-milhoes-para-atender-municipios-atingidos-pela-enchente\/#primaryimage"},"image":{"@id":"https:\/\/folhapopular.info\/index.php\/2023\/09\/10\/alckmin-anuncia-medidas-que-somam-r-731-milhoes-para-atender-municipios-atingidos-pela-enchente\/#primaryimage"},"thumbnailUrl":"https:\/\/folhapopular.info\/wp-content\/uploads\/2023\/09\/WhatsApp-Image-2023-09-10-at-10.40.44-e1694369837377.jpeg","datePublished":"2023-09-10T18:20:04+00:00","dateModified":"2023-09-10T20:59:10+00:00","author":{"@id":"https:\/\/folhapopular.info\/#\/schema\/person\/6441c3adb14a6337552a9700ef5698d2"},"breadcrumb":{"@id":"https:\/\/folhapopular.info\/index.php\/2023\/09\/10\/alckmin-anuncia-medidas-que-somam-r-731-milhoes-para-atender-municipios-atingidos-pela-enchente\/#breadcrumb"},"inLanguage":"pt-BR","potentialAction":[{"@type":"ReadAction","target":["https:\/\/folhapopular.info\/index.php\/2023\/09\/10\/alckmin-anuncia-medidas-que-somam-r-731-milhoes-para-atender-municipios-atingidos-pela-enchente\/"]}]},{"@type":"ImageObject","inLanguage":"pt-BR","@id":"https:\/\/folhapopular.info\/index.php\/2023\/09\/10\/alckmin-anuncia-medidas-que-somam-r-731-milhoes-para-atender-municipios-atingidos-pela-enchente\/#primaryimage","url":"https:\/\/folhapopular.info\/wp-content\/uploads\/2023\/09\/WhatsApp-Image-2023-09-10-at-10.40.44-e1694369837377.jpeg","contentUrl":"https:\/\/folhapopular.info\/wp-content\/uploads\/2023\/09\/WhatsApp-Image-2023-09-10-at-10.40.44-e1694369837377.jpeg","width":1216,"height":900,"caption":"Alckmin visitou cidades atingidas \/ Cr\u00e9dito da foto: Lucas Malheiros"},{"@type":"BreadcrumbList","@id":"https:\/\/folhapopular.info\/index.php\/2023\/09\/10\/alckmin-anuncia-medidas-que-somam-r-731-milhoes-para-atender-municipios-atingidos-pela-enchente\/#breadcrumb","itemListElement":[{"@type":"ListItem","position":1,"name":"In\u00edcio","item":"https:\/\/folhapopular.info\/"},{"@type":"ListItem","position":2,"name":"Alckmin anuncia medidas que somam R$ 741 milh\u00f5es para atender munic\u00edpios atingidos pela enchente"}]},{"@type":"WebSite","@id":"https:\/\/folhapopular.info\/#website","url":"https:\/\/folhapopular.info\/","name":"Folha Popular","description":"Onde voc\u00ea tem vez e voz","potentialAction":[{"@type":"SearchAction","target":{"@type":"EntryPoint","urlTemplate":"https:\/\/folhapopular.info\/?s={search_term_string}"},"query-input":{"@type":"PropertyValueSpecification","valueRequired":true,"valueName":"search_term_string"}}],"inLanguage":"pt-BR"},{"@type":"Person","@id":"https:\/\/folhapopular.info\/#\/schema\/person\/6441c3adb14a6337552a9700ef5698d2","name":"Paloma Cristine Griesang","image":{"@type":"ImageObject","inLanguage":"pt-BR","@id":"https:\/\/secure.gravatar.com\/avatar\/7a1c3f1e1b05846882a13987cf3bd04239fe0ea8fd472d7d16d7f21c265005a5?s=96&d=mm&r=g","url":"https:\/\/secure.gravatar.com\/avatar\/7a1c3f1e1b05846882a13987cf3bd04239fe0ea8fd472d7d16d7f21c265005a5?s=96&d=mm&r=g","contentUrl":"https:\/\/secure.gravatar.com\/avatar\/7a1c3f1e1b05846882a13987cf3bd04239fe0ea8fd472d7d16d7f21c265005a5?s=96&d=mm&r=g","caption":"Paloma Cristine Griesang"},"url":"https:\/\/folhapopular.info\/index.php\/author\/paloma-griesang\/"}]}},"jetpack_featured_media_url":"https:\/\/folhapopular.info\/wp-content\/uploads\/2023\/09\/WhatsApp-Image-2023-09-10-at-10.40.44-e1694369837377.jpeg","jetpack_sharing_enabled":true,"amp_enabled":true,"_links":{"self":[{"href":"https:\/\/folhapopular.info\/index.php\/wp-json\/wp\/v2\/posts\/139527","targetHints":{"allow":["GET"]}}],"collection":[{"href":"https:\/\/folhapopular.info\/index.php\/wp-json\/wp\/v2\/posts"}],"about":[{"href":"https:\/\/folhapopular.info\/index.php\/wp-json\/wp\/v2\/types\/post"}],"author":[{"embeddable":true,"href":"https:\/\/folhapopular.info\/index.php\/wp-json\/wp\/v2\/users\/5"}],"replies":[{"embeddable":true,"href":"https:\/\/folhapopular.info\/index.php\/wp-json\/wp\/v2\/comments?post=139527"}],"version-history":[{"count":0,"href":"https:\/\/folhapopular.info\/index.php\/wp-json\/wp\/v2\/posts\/139527\/revisions"}],"wp:featuredmedia":[{"embeddable":true,"href":"https:\/\/folhapopular.info\/index.php\/wp-json\/wp\/v2\/media\/139528"}],"wp:attachment":[{"href":"https:\/\/folhapopular.info\/index.php\/wp-json\/wp\/v2\/media?parent=139527"}],"wp:term":[{"taxonomy":"category","embeddable":true,"href":"https:\/\/folhapopular.info\/index.php\/wp-json\/wp\/v2\/categories?post=139527"},{"taxonomy":"post_tag","embeddable":true,"href":"https:\/\/folhapopular.info\/index.php\/wp-json\/wp\/v2\/tags?post=139527"}],"curies":[{"name":"wp","href":"https:\/\/api.w.org\/{rel}","templated":true}]}}