{"id":139530,"date":"2023-09-10T17:34:57","date_gmt":"2023-09-10T20:34:57","guid":{"rendered":"https:\/\/folhapopular.info\/?p=139530"},"modified":"2023-09-10T17:35:01","modified_gmt":"2023-09-10T20:35:01","slug":"vice-governador-se-instala-na-regiao-para-coordenar-trabalhos-do-gabinete-de-crise","status":"publish","type":"post","link":"https:\/\/folhapopular.info\/index.php\/2023\/09\/10\/vice-governador-se-instala-na-regiao-para-coordenar-trabalhos-do-gabinete-de-crise\/","title":{"rendered":"Vice-governador se instala na regi\u00e3o para coordenar trabalhos do gabinete de crise"},"content":{"rendered":"\n<p>O vice-governador do Estado, Gabriel Souza, deve permanecer na regi\u00e3o durante toda essa semana para acompanhar o andamento dos trabalhos e coordenar o gabinete de crise. &#8220;Foco total nessa etapa que se inaugura de reconstru\u00e7\u00e3o das cidades e busca dos desaparecidos. N\u00e3o vamos descansar at\u00e9 acharmos todos&#8221;, promete.<\/p>\n\n\n\n<p>Souza vem para o Vale na segunda-feira (11\/9) \u00e0 tarde, ap\u00f3s reuni\u00e3o do secretariado, que tamb\u00e9m tratar\u00e1 do assunto. Ele deve se instalar em Encantado. &#8220;Devo permanecer por aqui at\u00e9 quando necess\u00e1rio. Muita burocracia a ser preenchida. Esses recursos todos anunciados n\u00e3o h\u00e1 d\u00favida da disponibilidade, agora temos que acessar eles. Muito foco na assist\u00eancia t\u00e9cnica aos munic\u00edpios, para preencher esses documentos, entender como faz o procedimento. Foco na coordena\u00e7\u00e3o das for\u00e7as de seguran\u00e7a na busca pelos desaparecidos. E tamb\u00e9m ajudar as prefeituras nessa coordena\u00e7\u00e3o para otimizar os recursos&#8221;, aponta.<\/p>\n\n\n\n<p>Uma das medidas \u00e9 o levantamento das fam\u00edlias que ser\u00e3o beneficiadas com o recurso de R$ 2.500 do programa Volta por Cima para fam\u00edlias inscritas no Cad\u00danico. &#8220;Esse recurso j\u00e1 foi agilizado devido a uma medida aprovada no ciclone anterior, e o recurso j\u00e1 foi liberado. O trabalho social das prefeitura \u00e9 fazer o levantamento dessas fam\u00edlias, para autorizar esse pagamento e elas possam receber ainda essa semana&#8221;, diz.<\/p>\n\n\n\n<p>Outro ponto que ele pretende solucionar \u00e9 o acesso das fam\u00edlias \u00e0s 1.500 unidades habitacionais anunciadas pelo governo federal. &#8220;S\u00e3o resid\u00eancias para popula\u00e7\u00e3o de baixa renda, e a popula\u00e7\u00e3o em geral aqui no Vale do Taquari tem uma renda mais aprimorada do que estas determinadas pelo Cad\u00danico. Como fazer como essas fam\u00edlias que n\u00e3o s\u00e3o de pobreza e extrema pobreza acessarem esse benef\u00edcio&#8221;, esclarece.<\/p>\n\n\n\n<p>Outra quest\u00e3o \u00e9 do cr\u00e9dito liberado para o Benef\u00edcio de Presta\u00e7\u00e3o Continuada (BPC). &#8220;\u00c9 uma renda para pessoas de pobreza e extrema pobreza. Mas e as que n\u00e3o tem esse acesso?&#8221;, questiona.<\/p>\n\n\n\n<p>Ele aponta ainda a necessidade de planejar como reconstruir cidades que vai ter que impedir constru\u00e7\u00f5es em \u00e1reas a partir de agora consideradas de risco. &#8220;Vamos ter que mexer no Plano Diretor das cidades. Vamos ter uma reuni\u00e3o na Univates, que se colocou a disposi\u00e7\u00e3o com assessoria t\u00e9cnica. N\u00e3o podemos permitir novas constru\u00e7\u00f5es nessas regi\u00f5es, mas ao mesmo tempo tem propriedades privadas l\u00e1 que precisam ser desapropriadas. E essas pessoas precisam de um lugar para morar, para construir seus neg\u00f3cios&#8221;, opina.<\/p>\n\n\n\n<p>O vice-governador destaca ainda que os neg\u00f3cios destru\u00eddos precisam de refinanciamentos, salientando a medida de posterga\u00e7\u00e3o de cobran\u00e7a de impostos federais e do Simples. &#8220;Temos um problema que \u00e9 a destrui\u00e7\u00e3o de grandes empresas da regi\u00e3o, que geram 200, 500 empregos. Quero acompanhar a demanda apresentada ao Governo Federal, que tem mais recursos para cr\u00e9dito para reconstruir essas empresa e evitar desemprego. Para evitar tudo isso precisamos desse gabinete de crise&#8221;, refor\u00e7a<\/p>\n\n\n\n<p>Souza afirma ainda que deve visitar outros munic\u00edpios atingidos nos quais o governador Eduardo Leite n\u00e3o conseguiu passar. &#8220;A visita serve para levar o abra\u00e7o simb\u00f3lico do governo ga\u00facho, mas para vistoriar in loco as necessidades&#8221;, diz.<\/p>\n\n\n\n<p><strong>Ajuda de fora \u00e9 importante<\/strong><\/p>\n\n\n\n<p>Souza salienta que outra tarefa \u00e9 buscar como manter for\u00e7a de trabalho para a limpeza dos munic\u00edpios, visto que apesar da grande mobiliza\u00e7\u00e3o de volunt\u00e1rios, essas pessoas tamb\u00e9m precisam, durante a semana, retornar aos seus trabalhos e atividades. Al\u00e9m disso, os pr\u00f3prios servidores dos munic\u00edpios, em boa parte, foram afetados pela enchente e tamb\u00e9m perderam ou tiveram destru\u00eddas suas resid\u00eancias. &#8220;Est\u00e3o na mesma situa\u00e7\u00e3o daqueles que buscam socorrer. A ajuda de entes p\u00fablicos de fora do munic\u00edpio \u00e9 muito importante. Vai ser uma das tarefas que teremos, melhor que nunca estar presente aqui na regi\u00e3o&#8221;, pontua.<\/p>\n\n\n\n<p><strong>Munic\u00edpios atingidos<\/strong><\/p>\n\n\n\n<p>O vice-governador afirma que deve passar de 80 os munic\u00edpios inclu\u00eddos no decreto de calamidade. O decreto dever\u00e1 ser reconhecido pelo governo federal, que prometeu que far\u00e1 assim que receber a atualiza\u00e7\u00e3o. O decreto tamb\u00e9m deve ser aprovado pela Assembleia Legislativa e Congresso Nacional. &#8220;Todos devidamente contatados para nos ajudar, momento \u00e9 de uni\u00e3o&#8221;, salienta.<\/p>\n\n\n\n<p><strong>Utiliza\u00e7\u00e3o pol\u00edtica<\/strong><\/p>\n\n\n\n<p>Souza ainda lamentou o uso pol\u00edtico da trag\u00e9dia para fomentar disputas, principalmente nas redes sociais. &#8220;Se tiv\u00e9ssemos o uso de 10% dessa energia que usam essa trag\u00e9dia como cavalo de batalha pol\u00edtica e lacra\u00e7\u00e3o direcionada para o bem, para ajudar, estar\u00edamos bem melhor. Cheguei a ler na internet que n\u00e3o dever\u00edamos estar falando com o governo federal. Que isso? O governo federal tem uma fun\u00e7\u00e3o fundamental nesse processo, as prefeitura e o governo do estado tamb\u00e9m tem a sua, por isso precisamos trabalhar juntos&#8221;, salienta.<\/p>\n\n\n\n<p><strong>Preven\u00e7\u00e3o<\/strong><\/p>\n\n\n\n<p>O vice-governador afirma que a preven\u00e7\u00e3o para novos epis\u00f3dios como esse come\u00e7a agora. &#8220;Como a reconstru\u00e7\u00e3o de resid\u00eancias e com\u00e9rcios que n\u00e3o pode ser no mesmo lugar, porque j\u00e1 se mostraram \u00e1reas de alto risco&#8221;, considera.<\/p>\n\n\n\n<p>Ele acredita que a preven\u00e7\u00e3o n\u00e3o se trata de um ato isolado. &#8220;Tem, infelizmente, situa\u00e7\u00f5es que mesmo tendo toda preven\u00e7\u00e3o, vamos ter problema, porque as for\u00e7as da natureza sempre s\u00e3o superiores \u00e0s for\u00e7a humanas&#8221;, aponta.<\/p>\n\n\n\n<p>Afirma que o Plano Diretor dos munic\u00edpios \u00e9 fundamental. &#8220;Ele vai dizer onde pode ter constru\u00e7\u00f5es no espa\u00e7o urbano&#8221;, refor\u00e7a.<\/p>\n\n\n\n<p>Outro ponto, \u00e9 o monitoramento clim\u00e1tico. &#8220;O governo do estado est\u00e1 cada vez mais investindo. O governador autorizou R$ 20 milh\u00f5es para aquisi\u00e7\u00e3o de novos servi\u00e7os meteorol\u00f3gicos ainda mais avan\u00e7ados e modernos, para que possa estar monitorando o clima&#8221;, salienta.<\/p>\n\n\n\n<p>Refor\u00e7a ainda import\u00e2ncia de criar uma cultura de preven\u00e7\u00e3o e de acreditar nos avisos emitidos. &#8220;Os avisos foram emitidos. N\u00e3o \u00e9 uma quest\u00e3o de achar culpados, mas \u00e9 verdade que o Brasil \u00e9 um pa\u00eds que nunca teve uma frequ\u00eancia de desastres ambientais. Mas estamos vivendo um momento que cada vez mais parecem frequentes os desastres clim\u00e1ticos, causados pelas mudan\u00e7as clim\u00e1ticas&#8221;, destaca.<\/p>\n\n\n\n<p>Afirma ainda que \u00e9 preciso que o cidad\u00e3o fa\u00e7a a sua parte. &#8220;O slogan da Defesa Civil diz &#8216;Defesa Civil somos todos n\u00f3s&#8217;. N\u00e3o adianta o governador, prefeito, agentes p\u00fablicos, se os cidad\u00e3os n\u00e3o fizerem sua parte. Quest\u00e3o de aprendizagem, para que possamos ter uma sociedade alinhada com esse sistema da Defesa Civil, que precisa ser aprimorado, mas precisamos fazer com que as pessoas acreditem nos alertas e sigam as orienta\u00e7\u00f5es o mais r\u00e1pido poss\u00edvel&#8221;, pontua.<\/p>\n","protected":false},"excerpt":{"rendered":"<p>O vice-governador do Estado, Gabriel Souza, deve permanecer na regi\u00e3o durante toda essa semana para acompanhar o andamento dos trabalhos e coordenar o gabinete de crise. &#8220;Foco total nessa etapa que se inaugura de reconstru\u00e7\u00e3o das cidades e busca dos desaparecidos. N\u00e3o vamos descansar at\u00e9 acharmos todos&#8221;, promete. Souza vem para o Vale na segunda-feira [&hellip;]<\/p>\n","protected":false},"author":5,"featured_media":139531,"comment_status":"open","ping_status":"open","sticky":false,"template":"","format":"standard","meta":{"pmpro_default_level":"","_jetpack_memberships_contains_paid_content":false,"footnotes":""},"categories":[2,3],"tags":[],"class_list":{"0":"post-139530","1":"post","2":"type-post","3":"status-publish","4":"format-standard","5":"has-post-thumbnail","7":"category-featured","8":"category-geral","9":"pmpro-has-access"},"yoast_head":"<!-- This site is optimized with the Yoast SEO plugin v27.5 - https:\/\/yoast.com\/product\/yoast-seo-wordpress\/ -->\n<title>Vice-governador se instala na regi\u00e3o para coordenar trabalhos do gabinete de crise - Folha Popular<\/title>\n<meta name=\"robots\" content=\"index, follow, max-snippet:-1, max-image-preview:large, max-video-preview:-1\" \/>\n<link rel=\"canonical\" href=\"https:\/\/folhapopular.info\/index.php\/2023\/09\/10\/vice-governador-se-instala-na-regiao-para-coordenar-trabalhos-do-gabinete-de-crise\/\" \/>\n<meta property=\"og:locale\" content=\"pt_BR\" \/>\n<meta property=\"og:type\" content=\"article\" \/>\n<meta property=\"og:title\" content=\"Vice-governador se instala na regi\u00e3o para coordenar trabalhos do gabinete de crise - Folha Popular\" \/>\n<meta property=\"og:description\" content=\"O vice-governador do Estado, Gabriel Souza, deve permanecer na regi\u00e3o durante toda essa semana para acompanhar o andamento dos trabalhos e coordenar o gabinete de crise. &#8220;Foco total nessa etapa que se inaugura de reconstru\u00e7\u00e3o das cidades e busca dos desaparecidos. N\u00e3o vamos descansar at\u00e9 acharmos todos&#8221;, promete. Souza vem para o Vale na segunda-feira [&hellip;]\" \/>\n<meta property=\"og:url\" content=\"https:\/\/folhapopular.info\/index.php\/2023\/09\/10\/vice-governador-se-instala-na-regiao-para-coordenar-trabalhos-do-gabinete-de-crise\/\" \/>\n<meta property=\"og:site_name\" content=\"Folha Popular\" \/>\n<meta property=\"article:published_time\" content=\"2023-09-10T20:34:57+00:00\" \/>\n<meta property=\"article:modified_time\" content=\"2023-09-10T20:35:01+00:00\" \/>\n<meta property=\"og:image\" content=\"http:\/\/folhapopular.info\/wp-content\/uploads\/2023\/09\/53177676726_2eecf8a69f_c.jpg\" \/>\n\t<meta property=\"og:image:width\" content=\"799\" \/>\n\t<meta property=\"og:image:height\" content=\"533\" \/>\n\t<meta property=\"og:image:type\" content=\"image\/jpeg\" \/>\n<meta name=\"author\" content=\"Paloma Cristine Griesang\" \/>\n<meta name=\"twitter:card\" content=\"summary_large_image\" \/>\n<meta name=\"twitter:label1\" content=\"Escrito por\" \/>\n\t<meta name=\"twitter:data1\" content=\"Paloma Cristine Griesang\" \/>\n\t<meta name=\"twitter:label2\" content=\"Est. tempo de leitura\" \/>\n\t<meta name=\"twitter:data2\" content=\"6 minutos\" \/>\n<script type=\"application\/ld+json\" class=\"yoast-schema-graph\">{\"@context\":\"https:\\\/\\\/schema.org\",\"@graph\":[{\"@type\":\"Article\",\"@id\":\"https:\\\/\\\/folhapopular.info\\\/index.php\\\/2023\\\/09\\\/10\\\/vice-governador-se-instala-na-regiao-para-coordenar-trabalhos-do-gabinete-de-crise\\\/#article\",\"isPartOf\":{\"@id\":\"https:\\\/\\\/folhapopular.info\\\/index.php\\\/2023\\\/09\\\/10\\\/vice-governador-se-instala-na-regiao-para-coordenar-trabalhos-do-gabinete-de-crise\\\/\"},\"author\":{\"name\":\"Paloma Cristine Griesang\",\"@id\":\"https:\\\/\\\/folhapopular.info\\\/#\\\/schema\\\/person\\\/6441c3adb14a6337552a9700ef5698d2\"},\"headline\":\"Vice-governador se instala na regi\u00e3o para coordenar trabalhos do gabinete de crise\",\"datePublished\":\"2023-09-10T20:34:57+00:00\",\"dateModified\":\"2023-09-10T20:35:01+00:00\",\"mainEntityOfPage\":{\"@id\":\"https:\\\/\\\/folhapopular.info\\\/index.php\\\/2023\\\/09\\\/10\\\/vice-governador-se-instala-na-regiao-para-coordenar-trabalhos-do-gabinete-de-crise\\\/\"},\"wordCount\":1135,\"commentCount\":0,\"image\":{\"@id\":\"https:\\\/\\\/folhapopular.info\\\/index.php\\\/2023\\\/09\\\/10\\\/vice-governador-se-instala-na-regiao-para-coordenar-trabalhos-do-gabinete-de-crise\\\/#primaryimage\"},\"thumbnailUrl\":\"https:\\\/\\\/folhapopular.info\\\/wp-content\\\/uploads\\\/2023\\\/09\\\/53177676726_2eecf8a69f_c.jpg\",\"articleSection\":[\"Destaques\",\"Geral\"],\"inLanguage\":\"pt-BR\",\"potentialAction\":[{\"@type\":\"CommentAction\",\"name\":\"Comment\",\"target\":[\"https:\\\/\\\/folhapopular.info\\\/index.php\\\/2023\\\/09\\\/10\\\/vice-governador-se-instala-na-regiao-para-coordenar-trabalhos-do-gabinete-de-crise\\\/#respond\"]}]},{\"@type\":\"WebPage\",\"@id\":\"https:\\\/\\\/folhapopular.info\\\/index.php\\\/2023\\\/09\\\/10\\\/vice-governador-se-instala-na-regiao-para-coordenar-trabalhos-do-gabinete-de-crise\\\/\",\"url\":\"https:\\\/\\\/folhapopular.info\\\/index.php\\\/2023\\\/09\\\/10\\\/vice-governador-se-instala-na-regiao-para-coordenar-trabalhos-do-gabinete-de-crise\\\/\",\"name\":\"Vice-governador se instala na regi\u00e3o para coordenar trabalhos do gabinete de crise - Folha Popular\",\"isPartOf\":{\"@id\":\"https:\\\/\\\/folhapopular.info\\\/#website\"},\"primaryImageOfPage\":{\"@id\":\"https:\\\/\\\/folhapopular.info\\\/index.php\\\/2023\\\/09\\\/10\\\/vice-governador-se-instala-na-regiao-para-coordenar-trabalhos-do-gabinete-de-crise\\\/#primaryimage\"},\"image\":{\"@id\":\"https:\\\/\\\/folhapopular.info\\\/index.php\\\/2023\\\/09\\\/10\\\/vice-governador-se-instala-na-regiao-para-coordenar-trabalhos-do-gabinete-de-crise\\\/#primaryimage\"},\"thumbnailUrl\":\"https:\\\/\\\/folhapopular.info\\\/wp-content\\\/uploads\\\/2023\\\/09\\\/53177676726_2eecf8a69f_c.jpg\",\"datePublished\":\"2023-09-10T20:34:57+00:00\",\"dateModified\":\"2023-09-10T20:35:01+00:00\",\"author\":{\"@id\":\"https:\\\/\\\/folhapopular.info\\\/#\\\/schema\\\/person\\\/6441c3adb14a6337552a9700ef5698d2\"},\"breadcrumb\":{\"@id\":\"https:\\\/\\\/folhapopular.info\\\/index.php\\\/2023\\\/09\\\/10\\\/vice-governador-se-instala-na-regiao-para-coordenar-trabalhos-do-gabinete-de-crise\\\/#breadcrumb\"},\"inLanguage\":\"pt-BR\",\"potentialAction\":[{\"@type\":\"ReadAction\",\"target\":[\"https:\\\/\\\/folhapopular.info\\\/index.php\\\/2023\\\/09\\\/10\\\/vice-governador-se-instala-na-regiao-para-coordenar-trabalhos-do-gabinete-de-crise\\\/\"]}]},{\"@type\":\"ImageObject\",\"inLanguage\":\"pt-BR\",\"@id\":\"https:\\\/\\\/folhapopular.info\\\/index.php\\\/2023\\\/09\\\/10\\\/vice-governador-se-instala-na-regiao-para-coordenar-trabalhos-do-gabinete-de-crise\\\/#primaryimage\",\"url\":\"https:\\\/\\\/folhapopular.info\\\/wp-content\\\/uploads\\\/2023\\\/09\\\/53177676726_2eecf8a69f_c.jpg\",\"contentUrl\":\"https:\\\/\\\/folhapopular.info\\\/wp-content\\\/uploads\\\/2023\\\/09\\\/53177676726_2eecf8a69f_c.jpg\",\"width\":799,\"height\":533,\"caption\":\"Cr\u00e9dito da foto: Mauricio Tonetto \\\/ Secom\"},{\"@type\":\"BreadcrumbList\",\"@id\":\"https:\\\/\\\/folhapopular.info\\\/index.php\\\/2023\\\/09\\\/10\\\/vice-governador-se-instala-na-regiao-para-coordenar-trabalhos-do-gabinete-de-crise\\\/#breadcrumb\",\"itemListElement\":[{\"@type\":\"ListItem\",\"position\":1,\"name\":\"In\u00edcio\",\"item\":\"https:\\\/\\\/folhapopular.info\\\/\"},{\"@type\":\"ListItem\",\"position\":2,\"name\":\"Vice-governador se instala na regi\u00e3o para coordenar trabalhos do gabinete de crise\"}]},{\"@type\":\"WebSite\",\"@id\":\"https:\\\/\\\/folhapopular.info\\\/#website\",\"url\":\"https:\\\/\\\/folhapopular.info\\\/\",\"name\":\"Folha Popular\",\"description\":\"Onde voc\u00ea tem vez e voz\",\"potentialAction\":[{\"@type\":\"SearchAction\",\"target\":{\"@type\":\"EntryPoint\",\"urlTemplate\":\"https:\\\/\\\/folhapopular.info\\\/?s={search_term_string}\"},\"query-input\":{\"@type\":\"PropertyValueSpecification\",\"valueRequired\":true,\"valueName\":\"search_term_string\"}}],\"inLanguage\":\"pt-BR\"},{\"@type\":\"Person\",\"@id\":\"https:\\\/\\\/folhapopular.info\\\/#\\\/schema\\\/person\\\/6441c3adb14a6337552a9700ef5698d2\",\"name\":\"Paloma Cristine Griesang\",\"image\":{\"@type\":\"ImageObject\",\"inLanguage\":\"pt-BR\",\"@id\":\"https:\\\/\\\/secure.gravatar.com\\\/avatar\\\/7a1c3f1e1b05846882a13987cf3bd04239fe0ea8fd472d7d16d7f21c265005a5?s=96&d=mm&r=g\",\"url\":\"https:\\\/\\\/secure.gravatar.com\\\/avatar\\\/7a1c3f1e1b05846882a13987cf3bd04239fe0ea8fd472d7d16d7f21c265005a5?s=96&d=mm&r=g\",\"contentUrl\":\"https:\\\/\\\/secure.gravatar.com\\\/avatar\\\/7a1c3f1e1b05846882a13987cf3bd04239fe0ea8fd472d7d16d7f21c265005a5?s=96&d=mm&r=g\",\"caption\":\"Paloma Cristine Griesang\"},\"url\":\"https:\\\/\\\/folhapopular.info\\\/index.php\\\/author\\\/paloma-griesang\\\/\"}]}<\/script>\n<!-- \/ Yoast SEO plugin. -->","yoast_head_json":{"title":"Vice-governador se instala na regi\u00e3o para coordenar trabalhos do gabinete de crise - Folha Popular","robots":{"index":"index","follow":"follow","max-snippet":"max-snippet:-1","max-image-preview":"max-image-preview:large","max-video-preview":"max-video-preview:-1"},"canonical":"https:\/\/folhapopular.info\/index.php\/2023\/09\/10\/vice-governador-se-instala-na-regiao-para-coordenar-trabalhos-do-gabinete-de-crise\/","og_locale":"pt_BR","og_type":"article","og_title":"Vice-governador se instala na regi\u00e3o para coordenar trabalhos do gabinete de crise - Folha Popular","og_description":"O vice-governador do Estado, Gabriel Souza, deve permanecer na regi\u00e3o durante toda essa semana para acompanhar o andamento dos trabalhos e coordenar o gabinete de crise. &#8220;Foco total nessa etapa que se inaugura de reconstru\u00e7\u00e3o das cidades e busca dos desaparecidos. N\u00e3o vamos descansar at\u00e9 acharmos todos&#8221;, promete. Souza vem para o Vale na segunda-feira [&hellip;]","og_url":"https:\/\/folhapopular.info\/index.php\/2023\/09\/10\/vice-governador-se-instala-na-regiao-para-coordenar-trabalhos-do-gabinete-de-crise\/","og_site_name":"Folha Popular","article_published_time":"2023-09-10T20:34:57+00:00","article_modified_time":"2023-09-10T20:35:01+00:00","og_image":[{"width":799,"height":533,"url":"http:\/\/folhapopular.info\/wp-content\/uploads\/2023\/09\/53177676726_2eecf8a69f_c.jpg","type":"image\/jpeg"}],"author":"Paloma Cristine Griesang","twitter_card":"summary_large_image","twitter_misc":{"Escrito por":"Paloma Cristine Griesang","Est. tempo de leitura":"6 minutos"},"schema":{"@context":"https:\/\/schema.org","@graph":[{"@type":"Article","@id":"https:\/\/folhapopular.info\/index.php\/2023\/09\/10\/vice-governador-se-instala-na-regiao-para-coordenar-trabalhos-do-gabinete-de-crise\/#article","isPartOf":{"@id":"https:\/\/folhapopular.info\/index.php\/2023\/09\/10\/vice-governador-se-instala-na-regiao-para-coordenar-trabalhos-do-gabinete-de-crise\/"},"author":{"name":"Paloma Cristine Griesang","@id":"https:\/\/folhapopular.info\/#\/schema\/person\/6441c3adb14a6337552a9700ef5698d2"},"headline":"Vice-governador se instala na regi\u00e3o para coordenar trabalhos do gabinete de crise","datePublished":"2023-09-10T20:34:57+00:00","dateModified":"2023-09-10T20:35:01+00:00","mainEntityOfPage":{"@id":"https:\/\/folhapopular.info\/index.php\/2023\/09\/10\/vice-governador-se-instala-na-regiao-para-coordenar-trabalhos-do-gabinete-de-crise\/"},"wordCount":1135,"commentCount":0,"image":{"@id":"https:\/\/folhapopular.info\/index.php\/2023\/09\/10\/vice-governador-se-instala-na-regiao-para-coordenar-trabalhos-do-gabinete-de-crise\/#primaryimage"},"thumbnailUrl":"https:\/\/folhapopular.info\/wp-content\/uploads\/2023\/09\/53177676726_2eecf8a69f_c.jpg","articleSection":["Destaques","Geral"],"inLanguage":"pt-BR","potentialAction":[{"@type":"CommentAction","name":"Comment","target":["https:\/\/folhapopular.info\/index.php\/2023\/09\/10\/vice-governador-se-instala-na-regiao-para-coordenar-trabalhos-do-gabinete-de-crise\/#respond"]}]},{"@type":"WebPage","@id":"https:\/\/folhapopular.info\/index.php\/2023\/09\/10\/vice-governador-se-instala-na-regiao-para-coordenar-trabalhos-do-gabinete-de-crise\/","url":"https:\/\/folhapopular.info\/index.php\/2023\/09\/10\/vice-governador-se-instala-na-regiao-para-coordenar-trabalhos-do-gabinete-de-crise\/","name":"Vice-governador se instala na regi\u00e3o para coordenar trabalhos do gabinete de crise - Folha Popular","isPartOf":{"@id":"https:\/\/folhapopular.info\/#website"},"primaryImageOfPage":{"@id":"https:\/\/folhapopular.info\/index.php\/2023\/09\/10\/vice-governador-se-instala-na-regiao-para-coordenar-trabalhos-do-gabinete-de-crise\/#primaryimage"},"image":{"@id":"https:\/\/folhapopular.info\/index.php\/2023\/09\/10\/vice-governador-se-instala-na-regiao-para-coordenar-trabalhos-do-gabinete-de-crise\/#primaryimage"},"thumbnailUrl":"https:\/\/folhapopular.info\/wp-content\/uploads\/2023\/09\/53177676726_2eecf8a69f_c.jpg","datePublished":"2023-09-10T20:34:57+00:00","dateModified":"2023-09-10T20:35:01+00:00","author":{"@id":"https:\/\/folhapopular.info\/#\/schema\/person\/6441c3adb14a6337552a9700ef5698d2"},"breadcrumb":{"@id":"https:\/\/folhapopular.info\/index.php\/2023\/09\/10\/vice-governador-se-instala-na-regiao-para-coordenar-trabalhos-do-gabinete-de-crise\/#breadcrumb"},"inLanguage":"pt-BR","potentialAction":[{"@type":"ReadAction","target":["https:\/\/folhapopular.info\/index.php\/2023\/09\/10\/vice-governador-se-instala-na-regiao-para-coordenar-trabalhos-do-gabinete-de-crise\/"]}]},{"@type":"ImageObject","inLanguage":"pt-BR","@id":"https:\/\/folhapopular.info\/index.php\/2023\/09\/10\/vice-governador-se-instala-na-regiao-para-coordenar-trabalhos-do-gabinete-de-crise\/#primaryimage","url":"https:\/\/folhapopular.info\/wp-content\/uploads\/2023\/09\/53177676726_2eecf8a69f_c.jpg","contentUrl":"https:\/\/folhapopular.info\/wp-content\/uploads\/2023\/09\/53177676726_2eecf8a69f_c.jpg","width":799,"height":533,"caption":"Cr\u00e9dito da foto: Mauricio Tonetto \/ Secom"},{"@type":"BreadcrumbList","@id":"https:\/\/folhapopular.info\/index.php\/2023\/09\/10\/vice-governador-se-instala-na-regiao-para-coordenar-trabalhos-do-gabinete-de-crise\/#breadcrumb","itemListElement":[{"@type":"ListItem","position":1,"name":"In\u00edcio","item":"https:\/\/folhapopular.info\/"},{"@type":"ListItem","position":2,"name":"Vice-governador se instala na regi\u00e3o para coordenar trabalhos do gabinete de crise"}]},{"@type":"WebSite","@id":"https:\/\/folhapopular.info\/#website","url":"https:\/\/folhapopular.info\/","name":"Folha Popular","description":"Onde voc\u00ea tem vez e voz","potentialAction":[{"@type":"SearchAction","target":{"@type":"EntryPoint","urlTemplate":"https:\/\/folhapopular.info\/?s={search_term_string}"},"query-input":{"@type":"PropertyValueSpecification","valueRequired":true,"valueName":"search_term_string"}}],"inLanguage":"pt-BR"},{"@type":"Person","@id":"https:\/\/folhapopular.info\/#\/schema\/person\/6441c3adb14a6337552a9700ef5698d2","name":"Paloma Cristine Griesang","image":{"@type":"ImageObject","inLanguage":"pt-BR","@id":"https:\/\/secure.gravatar.com\/avatar\/7a1c3f1e1b05846882a13987cf3bd04239fe0ea8fd472d7d16d7f21c265005a5?s=96&d=mm&r=g","url":"https:\/\/secure.gravatar.com\/avatar\/7a1c3f1e1b05846882a13987cf3bd04239fe0ea8fd472d7d16d7f21c265005a5?s=96&d=mm&r=g","contentUrl":"https:\/\/secure.gravatar.com\/avatar\/7a1c3f1e1b05846882a13987cf3bd04239fe0ea8fd472d7d16d7f21c265005a5?s=96&d=mm&r=g","caption":"Paloma Cristine Griesang"},"url":"https:\/\/folhapopular.info\/index.php\/author\/paloma-griesang\/"}]}},"jetpack_featured_media_url":"https:\/\/folhapopular.info\/wp-content\/uploads\/2023\/09\/53177676726_2eecf8a69f_c.jpg","jetpack_sharing_enabled":true,"amp_enabled":true,"_links":{"self":[{"href":"https:\/\/folhapopular.info\/index.php\/wp-json\/wp\/v2\/posts\/139530","targetHints":{"allow":["GET"]}}],"collection":[{"href":"https:\/\/folhapopular.info\/index.php\/wp-json\/wp\/v2\/posts"}],"about":[{"href":"https:\/\/folhapopular.info\/index.php\/wp-json\/wp\/v2\/types\/post"}],"author":[{"embeddable":true,"href":"https:\/\/folhapopular.info\/index.php\/wp-json\/wp\/v2\/users\/5"}],"replies":[{"embeddable":true,"href":"https:\/\/folhapopular.info\/index.php\/wp-json\/wp\/v2\/comments?post=139530"}],"version-history":[{"count":0,"href":"https:\/\/folhapopular.info\/index.php\/wp-json\/wp\/v2\/posts\/139530\/revisions"}],"wp:featuredmedia":[{"embeddable":true,"href":"https:\/\/folhapopular.info\/index.php\/wp-json\/wp\/v2\/media\/139531"}],"wp:attachment":[{"href":"https:\/\/folhapopular.info\/index.php\/wp-json\/wp\/v2\/media?parent=139530"}],"wp:term":[{"taxonomy":"category","embeddable":true,"href":"https:\/\/folhapopular.info\/index.php\/wp-json\/wp\/v2\/categories?post=139530"},{"taxonomy":"post_tag","embeddable":true,"href":"https:\/\/folhapopular.info\/index.php\/wp-json\/wp\/v2\/tags?post=139530"}],"curies":[{"name":"wp","href":"https:\/\/api.w.org\/{rel}","templated":true}]}}