{"id":139533,"date":"2023-09-10T18:28:12","date_gmt":"2023-09-10T21:28:12","guid":{"rendered":"https:\/\/folhapopular.info\/?p=139533"},"modified":"2023-09-10T18:28:15","modified_gmt":"2023-09-10T21:28:15","slug":"servicos-publicos-voltam-a-funcionar-em-lajeado-a-partir-de-segunda-feira","status":"publish","type":"post","link":"https:\/\/folhapopular.info\/index.php\/2023\/09\/10\/servicos-publicos-voltam-a-funcionar-em-lajeado-a-partir-de-segunda-feira\/","title":{"rendered":"Servi\u00e7os p\u00fablicos voltam a funcionar em Lajeado a partir de segunda-feira"},"content":{"rendered":"\n<p>A Prefeitura de Lajeado anunciou as primeiras medidas para dar in\u00edcio ao processo de retomada da reconstru\u00e7\u00e3o e recupera\u00e7\u00e3o das \u00e1reas afetadas pela cheia do Rio Taquari.<\/p>\n\n\n\n<p>O prefeito Marcelo Caumo e a vice-prefeita Gl\u00e1ucia Schumacher informaram as medidas em suas redes sociais no s\u00e1bado (9\/9). Ap\u00f3s uma reuni\u00e3o da equipe da Prefeitura, ocorrida \u00e0s 7h30 deste domingo (10\/9), novas decis\u00f5es foram tomadas. V\u00e1rios servi\u00e7os p\u00fablicos devem ser retomados a partir desta segunda-feira (11\/9), entre eles a administra\u00e7\u00e3o, educa\u00e7\u00e3o e sa\u00fade.<\/p>\n\n\n\n<p>Nesta segunda-feira, o Centro Administrativo da Prefeitura voltar\u00e1 a ter expediente em hor\u00e1rio normal. O pr\u00e9dio, que tamb\u00e9m foi invadido pela \u00e1gua no subsolo, j\u00e1 foi limpo e est\u00e1 em condi\u00e7\u00f5es de operar. Como a maior parte das equipes da Prefeitura seguir\u00e3o no atendimento dos abrigos, alguns servi\u00e7os funcionar\u00e3o de acordo com a disponibilidade da equipe.<\/p>\n\n\n\n<p>Tamb\u00e9m nesta segunda-feira, as escolas da rede municipal voltam a funcionar, com exce\u00e7\u00e3o da EMEI Risque e Rabisque e do Projeto Vida S\u00e3o Jos\u00e9. Ambos ficam localizados na \u00e1rea atingida pelas cheias e precisar\u00e3o de limpeza e reestrutura\u00e7\u00e3o antes de voltar a operar. \u00c9 poss\u00edvel que em alguns estabelecimentos ainda haja falta de profissionais em raz\u00e3o de suas pr\u00f3prias casas terem sido atingidas.<\/p>\n\n\n\n<p>Os postos de sa\u00fade funcionar\u00e3o com expediente normal nesta segunda-feira. O servi\u00e7o de Medicamentos do Estado seguir\u00e1 funcionando temporariamente no Posto do Montanha. Os medicamentos que eram fornecidos pela Farm\u00e1cia Escola ser\u00e3o fornecidos nos Postos do Montanha e do Bairro Centro.<\/p>\n\n\n\n<p>Equipes de limpeza seguem trabalhando na desobstru\u00e7\u00e3o e limpeza de vias e \u00e1reas p\u00fablicas e recolhimento de lixo e entulho.<\/p>\n\n\n\n<p>O reestabelecimento da energia, \u00e1gua e internet est\u00e1 ocorrendo, entretanto, verificam-se oscila\u00e7\u00f5es em alguns pontos e em algumas situa\u00e7\u00f5es o servi\u00e7o precisa ser suspenso para que o problema seja resolvido e fornecido com seguran\u00e7a.<\/p>\n","protected":false},"excerpt":{"rendered":"<p>A Prefeitura de Lajeado anunciou as primeiras medidas para dar in\u00edcio ao processo de retomada da reconstru\u00e7\u00e3o e recupera\u00e7\u00e3o das \u00e1reas afetadas pela cheia do Rio Taquari. O prefeito Marcelo Caumo e a vice-prefeita Gl\u00e1ucia Schumacher informaram as medidas em suas redes sociais no s\u00e1bado (9\/9). Ap\u00f3s uma reuni\u00e3o da equipe da Prefeitura, ocorrida \u00e0s [&hellip;]<\/p>\n","protected":false},"author":8,"featured_media":139535,"comment_status":"open","ping_status":"open","sticky":false,"template":"","format":"standard","meta":{"pmpro_default_level":"","_jetpack_memberships_contains_paid_content":false,"footnotes":""},"categories":[2,3],"tags":[],"class_list":{"0":"post-139533","1":"post","2":"type-post","3":"status-publish","4":"format-standard","5":"has-post-thumbnail","7":"category-featured","8":"category-geral","9":"pmpro-has-access"},"yoast_head":"<!-- This site is optimized with the Yoast SEO plugin v27.5 - https:\/\/yoast.com\/product\/yoast-seo-wordpress\/ -->\n<title>Servi\u00e7os p\u00fablicos voltam a funcionar em Lajeado a partir de segunda-feira - Folha Popular<\/title>\n<meta name=\"robots\" content=\"index, follow, max-snippet:-1, max-image-preview:large, max-video-preview:-1\" \/>\n<link rel=\"canonical\" href=\"https:\/\/folhapopular.info\/index.php\/2023\/09\/10\/servicos-publicos-voltam-a-funcionar-em-lajeado-a-partir-de-segunda-feira\/\" \/>\n<meta property=\"og:locale\" content=\"pt_BR\" \/>\n<meta property=\"og:type\" content=\"article\" \/>\n<meta property=\"og:title\" content=\"Servi\u00e7os p\u00fablicos voltam a funcionar em Lajeado a partir de segunda-feira - Folha Popular\" \/>\n<meta property=\"og:description\" content=\"A Prefeitura de Lajeado anunciou as primeiras medidas para dar in\u00edcio ao processo de retomada da reconstru\u00e7\u00e3o e recupera\u00e7\u00e3o das \u00e1reas afetadas pela cheia do Rio Taquari. O prefeito Marcelo Caumo e a vice-prefeita Gl\u00e1ucia Schumacher informaram as medidas em suas redes sociais no s\u00e1bado (9\/9). Ap\u00f3s uma reuni\u00e3o da equipe da Prefeitura, ocorrida \u00e0s [&hellip;]\" \/>\n<meta property=\"og:url\" content=\"https:\/\/folhapopular.info\/index.php\/2023\/09\/10\/servicos-publicos-voltam-a-funcionar-em-lajeado-a-partir-de-segunda-feira\/\" \/>\n<meta property=\"og:site_name\" content=\"Folha Popular\" \/>\n<meta property=\"article:published_time\" content=\"2023-09-10T21:28:12+00:00\" \/>\n<meta property=\"article:modified_time\" content=\"2023-09-10T21:28:15+00:00\" \/>\n<meta property=\"og:image\" content=\"http:\/\/folhapopular.info\/wp-content\/uploads\/2023\/09\/WhatsApp-Image-2023-09-10-at-10.08.37.jpeg\" \/>\n\t<meta property=\"og:image:width\" content=\"1024\" \/>\n\t<meta property=\"og:image:height\" content=\"768\" \/>\n\t<meta property=\"og:image:type\" content=\"image\/jpeg\" \/>\n<meta name=\"author\" content=\"Reda\u00e7\u00e3o Folha Popular\" \/>\n<meta name=\"twitter:card\" content=\"summary_large_image\" \/>\n<meta name=\"twitter:label1\" content=\"Escrito por\" \/>\n\t<meta name=\"twitter:data1\" content=\"Reda\u00e7\u00e3o Folha Popular\" \/>\n\t<meta name=\"twitter:label2\" content=\"Est. tempo de leitura\" \/>\n\t<meta name=\"twitter:data2\" content=\"2 minutos\" \/>\n<script type=\"application\/ld+json\" class=\"yoast-schema-graph\">{\"@context\":\"https:\\\/\\\/schema.org\",\"@graph\":[{\"@type\":\"Article\",\"@id\":\"https:\\\/\\\/folhapopular.info\\\/index.php\\\/2023\\\/09\\\/10\\\/servicos-publicos-voltam-a-funcionar-em-lajeado-a-partir-de-segunda-feira\\\/#article\",\"isPartOf\":{\"@id\":\"https:\\\/\\\/folhapopular.info\\\/index.php\\\/2023\\\/09\\\/10\\\/servicos-publicos-voltam-a-funcionar-em-lajeado-a-partir-de-segunda-feira\\\/\"},\"author\":{\"name\":\"Reda\u00e7\u00e3o Folha Popular\",\"@id\":\"https:\\\/\\\/folhapopular.info\\\/#\\\/schema\\\/person\\\/2814e8a0df7643585a9ca38bc6eb9d4b\"},\"headline\":\"Servi\u00e7os p\u00fablicos voltam a funcionar em Lajeado a partir de segunda-feira\",\"datePublished\":\"2023-09-10T21:28:12+00:00\",\"dateModified\":\"2023-09-10T21:28:15+00:00\",\"mainEntityOfPage\":{\"@id\":\"https:\\\/\\\/folhapopular.info\\\/index.php\\\/2023\\\/09\\\/10\\\/servicos-publicos-voltam-a-funcionar-em-lajeado-a-partir-de-segunda-feira\\\/\"},\"wordCount\":344,\"commentCount\":0,\"image\":{\"@id\":\"https:\\\/\\\/folhapopular.info\\\/index.php\\\/2023\\\/09\\\/10\\\/servicos-publicos-voltam-a-funcionar-em-lajeado-a-partir-de-segunda-feira\\\/#primaryimage\"},\"thumbnailUrl\":\"https:\\\/\\\/folhapopular.info\\\/wp-content\\\/uploads\\\/2023\\\/09\\\/WhatsApp-Image-2023-09-10-at-10.08.37.jpeg\",\"articleSection\":[\"Destaques\",\"Geral\"],\"inLanguage\":\"pt-BR\",\"potentialAction\":[{\"@type\":\"CommentAction\",\"name\":\"Comment\",\"target\":[\"https:\\\/\\\/folhapopular.info\\\/index.php\\\/2023\\\/09\\\/10\\\/servicos-publicos-voltam-a-funcionar-em-lajeado-a-partir-de-segunda-feira\\\/#respond\"]}]},{\"@type\":\"WebPage\",\"@id\":\"https:\\\/\\\/folhapopular.info\\\/index.php\\\/2023\\\/09\\\/10\\\/servicos-publicos-voltam-a-funcionar-em-lajeado-a-partir-de-segunda-feira\\\/\",\"url\":\"https:\\\/\\\/folhapopular.info\\\/index.php\\\/2023\\\/09\\\/10\\\/servicos-publicos-voltam-a-funcionar-em-lajeado-a-partir-de-segunda-feira\\\/\",\"name\":\"Servi\u00e7os p\u00fablicos voltam a funcionar em Lajeado a partir de segunda-feira - Folha Popular\",\"isPartOf\":{\"@id\":\"https:\\\/\\\/folhapopular.info\\\/#website\"},\"primaryImageOfPage\":{\"@id\":\"https:\\\/\\\/folhapopular.info\\\/index.php\\\/2023\\\/09\\\/10\\\/servicos-publicos-voltam-a-funcionar-em-lajeado-a-partir-de-segunda-feira\\\/#primaryimage\"},\"image\":{\"@id\":\"https:\\\/\\\/folhapopular.info\\\/index.php\\\/2023\\\/09\\\/10\\\/servicos-publicos-voltam-a-funcionar-em-lajeado-a-partir-de-segunda-feira\\\/#primaryimage\"},\"thumbnailUrl\":\"https:\\\/\\\/folhapopular.info\\\/wp-content\\\/uploads\\\/2023\\\/09\\\/WhatsApp-Image-2023-09-10-at-10.08.37.jpeg\",\"datePublished\":\"2023-09-10T21:28:12+00:00\",\"dateModified\":\"2023-09-10T21:28:15+00:00\",\"author\":{\"@id\":\"https:\\\/\\\/folhapopular.info\\\/#\\\/schema\\\/person\\\/2814e8a0df7643585a9ca38bc6eb9d4b\"},\"breadcrumb\":{\"@id\":\"https:\\\/\\\/folhapopular.info\\\/index.php\\\/2023\\\/09\\\/10\\\/servicos-publicos-voltam-a-funcionar-em-lajeado-a-partir-de-segunda-feira\\\/#breadcrumb\"},\"inLanguage\":\"pt-BR\",\"potentialAction\":[{\"@type\":\"ReadAction\",\"target\":[\"https:\\\/\\\/folhapopular.info\\\/index.php\\\/2023\\\/09\\\/10\\\/servicos-publicos-voltam-a-funcionar-em-lajeado-a-partir-de-segunda-feira\\\/\"]}]},{\"@type\":\"ImageObject\",\"inLanguage\":\"pt-BR\",\"@id\":\"https:\\\/\\\/folhapopular.info\\\/index.php\\\/2023\\\/09\\\/10\\\/servicos-publicos-voltam-a-funcionar-em-lajeado-a-partir-de-segunda-feira\\\/#primaryimage\",\"url\":\"https:\\\/\\\/folhapopular.info\\\/wp-content\\\/uploads\\\/2023\\\/09\\\/WhatsApp-Image-2023-09-10-at-10.08.37.jpeg\",\"contentUrl\":\"https:\\\/\\\/folhapopular.info\\\/wp-content\\\/uploads\\\/2023\\\/09\\\/WhatsApp-Image-2023-09-10-at-10.08.37.jpeg\",\"width\":1024,\"height\":768},{\"@type\":\"BreadcrumbList\",\"@id\":\"https:\\\/\\\/folhapopular.info\\\/index.php\\\/2023\\\/09\\\/10\\\/servicos-publicos-voltam-a-funcionar-em-lajeado-a-partir-de-segunda-feira\\\/#breadcrumb\",\"itemListElement\":[{\"@type\":\"ListItem\",\"position\":1,\"name\":\"In\u00edcio\",\"item\":\"https:\\\/\\\/folhapopular.info\\\/\"},{\"@type\":\"ListItem\",\"position\":2,\"name\":\"Servi\u00e7os p\u00fablicos voltam a funcionar em Lajeado a partir de segunda-feira\"}]},{\"@type\":\"WebSite\",\"@id\":\"https:\\\/\\\/folhapopular.info\\\/#website\",\"url\":\"https:\\\/\\\/folhapopular.info\\\/\",\"name\":\"Folha Popular\",\"description\":\"Onde voc\u00ea tem vez e voz\",\"potentialAction\":[{\"@type\":\"SearchAction\",\"target\":{\"@type\":\"EntryPoint\",\"urlTemplate\":\"https:\\\/\\\/folhapopular.info\\\/?s={search_term_string}\"},\"query-input\":{\"@type\":\"PropertyValueSpecification\",\"valueRequired\":true,\"valueName\":\"search_term_string\"}}],\"inLanguage\":\"pt-BR\"},{\"@type\":\"Person\",\"@id\":\"https:\\\/\\\/folhapopular.info\\\/#\\\/schema\\\/person\\\/2814e8a0df7643585a9ca38bc6eb9d4b\",\"name\":\"Reda\u00e7\u00e3o Folha Popular\",\"image\":{\"@type\":\"ImageObject\",\"inLanguage\":\"pt-BR\",\"@id\":\"https:\\\/\\\/folhapopular.info\\\/wp-content\\\/uploads\\\/2026\\\/04\\\/Folha-1.webp\",\"url\":\"https:\\\/\\\/folhapopular.info\\\/wp-content\\\/uploads\\\/2026\\\/04\\\/Folha-1.webp\",\"contentUrl\":\"https:\\\/\\\/folhapopular.info\\\/wp-content\\\/uploads\\\/2026\\\/04\\\/Folha-1.webp\",\"caption\":\"Reda\u00e7\u00e3o Folha Popular\"},\"url\":\"https:\\\/\\\/folhapopular.info\\\/index.php\\\/author\\\/redacao\\\/\"}]}<\/script>\n<!-- \/ Yoast SEO plugin. -->","yoast_head_json":{"title":"Servi\u00e7os p\u00fablicos voltam a funcionar em Lajeado a partir de segunda-feira - Folha Popular","robots":{"index":"index","follow":"follow","max-snippet":"max-snippet:-1","max-image-preview":"max-image-preview:large","max-video-preview":"max-video-preview:-1"},"canonical":"https:\/\/folhapopular.info\/index.php\/2023\/09\/10\/servicos-publicos-voltam-a-funcionar-em-lajeado-a-partir-de-segunda-feira\/","og_locale":"pt_BR","og_type":"article","og_title":"Servi\u00e7os p\u00fablicos voltam a funcionar em Lajeado a partir de segunda-feira - Folha Popular","og_description":"A Prefeitura de Lajeado anunciou as primeiras medidas para dar in\u00edcio ao processo de retomada da reconstru\u00e7\u00e3o e recupera\u00e7\u00e3o das \u00e1reas afetadas pela cheia do Rio Taquari. O prefeito Marcelo Caumo e a vice-prefeita Gl\u00e1ucia Schumacher informaram as medidas em suas redes sociais no s\u00e1bado (9\/9). Ap\u00f3s uma reuni\u00e3o da equipe da Prefeitura, ocorrida \u00e0s [&hellip;]","og_url":"https:\/\/folhapopular.info\/index.php\/2023\/09\/10\/servicos-publicos-voltam-a-funcionar-em-lajeado-a-partir-de-segunda-feira\/","og_site_name":"Folha Popular","article_published_time":"2023-09-10T21:28:12+00:00","article_modified_time":"2023-09-10T21:28:15+00:00","og_image":[{"width":1024,"height":768,"url":"http:\/\/folhapopular.info\/wp-content\/uploads\/2023\/09\/WhatsApp-Image-2023-09-10-at-10.08.37.jpeg","type":"image\/jpeg"}],"author":"Reda\u00e7\u00e3o Folha Popular","twitter_card":"summary_large_image","twitter_misc":{"Escrito por":"Reda\u00e7\u00e3o Folha Popular","Est. tempo de leitura":"2 minutos"},"schema":{"@context":"https:\/\/schema.org","@graph":[{"@type":"Article","@id":"https:\/\/folhapopular.info\/index.php\/2023\/09\/10\/servicos-publicos-voltam-a-funcionar-em-lajeado-a-partir-de-segunda-feira\/#article","isPartOf":{"@id":"https:\/\/folhapopular.info\/index.php\/2023\/09\/10\/servicos-publicos-voltam-a-funcionar-em-lajeado-a-partir-de-segunda-feira\/"},"author":{"name":"Reda\u00e7\u00e3o Folha Popular","@id":"https:\/\/folhapopular.info\/#\/schema\/person\/2814e8a0df7643585a9ca38bc6eb9d4b"},"headline":"Servi\u00e7os p\u00fablicos voltam a funcionar em Lajeado a partir de segunda-feira","datePublished":"2023-09-10T21:28:12+00:00","dateModified":"2023-09-10T21:28:15+00:00","mainEntityOfPage":{"@id":"https:\/\/folhapopular.info\/index.php\/2023\/09\/10\/servicos-publicos-voltam-a-funcionar-em-lajeado-a-partir-de-segunda-feira\/"},"wordCount":344,"commentCount":0,"image":{"@id":"https:\/\/folhapopular.info\/index.php\/2023\/09\/10\/servicos-publicos-voltam-a-funcionar-em-lajeado-a-partir-de-segunda-feira\/#primaryimage"},"thumbnailUrl":"https:\/\/folhapopular.info\/wp-content\/uploads\/2023\/09\/WhatsApp-Image-2023-09-10-at-10.08.37.jpeg","articleSection":["Destaques","Geral"],"inLanguage":"pt-BR","potentialAction":[{"@type":"CommentAction","name":"Comment","target":["https:\/\/folhapopular.info\/index.php\/2023\/09\/10\/servicos-publicos-voltam-a-funcionar-em-lajeado-a-partir-de-segunda-feira\/#respond"]}]},{"@type":"WebPage","@id":"https:\/\/folhapopular.info\/index.php\/2023\/09\/10\/servicos-publicos-voltam-a-funcionar-em-lajeado-a-partir-de-segunda-feira\/","url":"https:\/\/folhapopular.info\/index.php\/2023\/09\/10\/servicos-publicos-voltam-a-funcionar-em-lajeado-a-partir-de-segunda-feira\/","name":"Servi\u00e7os p\u00fablicos voltam a funcionar em Lajeado a partir de segunda-feira - Folha Popular","isPartOf":{"@id":"https:\/\/folhapopular.info\/#website"},"primaryImageOfPage":{"@id":"https:\/\/folhapopular.info\/index.php\/2023\/09\/10\/servicos-publicos-voltam-a-funcionar-em-lajeado-a-partir-de-segunda-feira\/#primaryimage"},"image":{"@id":"https:\/\/folhapopular.info\/index.php\/2023\/09\/10\/servicos-publicos-voltam-a-funcionar-em-lajeado-a-partir-de-segunda-feira\/#primaryimage"},"thumbnailUrl":"https:\/\/folhapopular.info\/wp-content\/uploads\/2023\/09\/WhatsApp-Image-2023-09-10-at-10.08.37.jpeg","datePublished":"2023-09-10T21:28:12+00:00","dateModified":"2023-09-10T21:28:15+00:00","author":{"@id":"https:\/\/folhapopular.info\/#\/schema\/person\/2814e8a0df7643585a9ca38bc6eb9d4b"},"breadcrumb":{"@id":"https:\/\/folhapopular.info\/index.php\/2023\/09\/10\/servicos-publicos-voltam-a-funcionar-em-lajeado-a-partir-de-segunda-feira\/#breadcrumb"},"inLanguage":"pt-BR","potentialAction":[{"@type":"ReadAction","target":["https:\/\/folhapopular.info\/index.php\/2023\/09\/10\/servicos-publicos-voltam-a-funcionar-em-lajeado-a-partir-de-segunda-feira\/"]}]},{"@type":"ImageObject","inLanguage":"pt-BR","@id":"https:\/\/folhapopular.info\/index.php\/2023\/09\/10\/servicos-publicos-voltam-a-funcionar-em-lajeado-a-partir-de-segunda-feira\/#primaryimage","url":"https:\/\/folhapopular.info\/wp-content\/uploads\/2023\/09\/WhatsApp-Image-2023-09-10-at-10.08.37.jpeg","contentUrl":"https:\/\/folhapopular.info\/wp-content\/uploads\/2023\/09\/WhatsApp-Image-2023-09-10-at-10.08.37.jpeg","width":1024,"height":768},{"@type":"BreadcrumbList","@id":"https:\/\/folhapopular.info\/index.php\/2023\/09\/10\/servicos-publicos-voltam-a-funcionar-em-lajeado-a-partir-de-segunda-feira\/#breadcrumb","itemListElement":[{"@type":"ListItem","position":1,"name":"In\u00edcio","item":"https:\/\/folhapopular.info\/"},{"@type":"ListItem","position":2,"name":"Servi\u00e7os p\u00fablicos voltam a funcionar em Lajeado a partir de segunda-feira"}]},{"@type":"WebSite","@id":"https:\/\/folhapopular.info\/#website","url":"https:\/\/folhapopular.info\/","name":"Folha Popular","description":"Onde voc\u00ea tem vez e voz","potentialAction":[{"@type":"SearchAction","target":{"@type":"EntryPoint","urlTemplate":"https:\/\/folhapopular.info\/?s={search_term_string}"},"query-input":{"@type":"PropertyValueSpecification","valueRequired":true,"valueName":"search_term_string"}}],"inLanguage":"pt-BR"},{"@type":"Person","@id":"https:\/\/folhapopular.info\/#\/schema\/person\/2814e8a0df7643585a9ca38bc6eb9d4b","name":"Reda\u00e7\u00e3o Folha Popular","image":{"@type":"ImageObject","inLanguage":"pt-BR","@id":"https:\/\/folhapopular.info\/wp-content\/uploads\/2026\/04\/Folha-1.webp","url":"https:\/\/folhapopular.info\/wp-content\/uploads\/2026\/04\/Folha-1.webp","contentUrl":"https:\/\/folhapopular.info\/wp-content\/uploads\/2026\/04\/Folha-1.webp","caption":"Reda\u00e7\u00e3o Folha Popular"},"url":"https:\/\/folhapopular.info\/index.php\/author\/redacao\/"}]}},"jetpack_featured_media_url":"https:\/\/folhapopular.info\/wp-content\/uploads\/2023\/09\/WhatsApp-Image-2023-09-10-at-10.08.37.jpeg","jetpack_sharing_enabled":true,"amp_enabled":true,"_links":{"self":[{"href":"https:\/\/folhapopular.info\/index.php\/wp-json\/wp\/v2\/posts\/139533","targetHints":{"allow":["GET"]}}],"collection":[{"href":"https:\/\/folhapopular.info\/index.php\/wp-json\/wp\/v2\/posts"}],"about":[{"href":"https:\/\/folhapopular.info\/index.php\/wp-json\/wp\/v2\/types\/post"}],"author":[{"embeddable":true,"href":"https:\/\/folhapopular.info\/index.php\/wp-json\/wp\/v2\/users\/8"}],"replies":[{"embeddable":true,"href":"https:\/\/folhapopular.info\/index.php\/wp-json\/wp\/v2\/comments?post=139533"}],"version-history":[{"count":0,"href":"https:\/\/folhapopular.info\/index.php\/wp-json\/wp\/v2\/posts\/139533\/revisions"}],"wp:featuredmedia":[{"embeddable":true,"href":"https:\/\/folhapopular.info\/index.php\/wp-json\/wp\/v2\/media\/139535"}],"wp:attachment":[{"href":"https:\/\/folhapopular.info\/index.php\/wp-json\/wp\/v2\/media?parent=139533"}],"wp:term":[{"taxonomy":"category","embeddable":true,"href":"https:\/\/folhapopular.info\/index.php\/wp-json\/wp\/v2\/categories?post=139533"},{"taxonomy":"post_tag","embeddable":true,"href":"https:\/\/folhapopular.info\/index.php\/wp-json\/wp\/v2\/tags?post=139533"}],"curies":[{"name":"wp","href":"https:\/\/api.w.org\/{rel}","templated":true}]}}