{"id":139542,"date":"2023-09-10T19:41:12","date_gmt":"2023-09-10T22:41:12","guid":{"rendered":"https:\/\/folhapopular.info\/?p=139542"},"modified":"2023-09-10T19:48:03","modified_gmt":"2023-09-10T22:48:03","slug":"prefeito-afirma-que-obito-contabilizado-para-colinas-nao-e-de-morador-do-municipio","status":"publish","type":"post","link":"https:\/\/folhapopular.info\/index.php\/2023\/09\/10\/prefeito-afirma-que-obito-contabilizado-para-colinas-nao-e-de-morador-do-municipio\/","title":{"rendered":"Prefeito afirma que \u00f3bito contabilizado para Colinas n\u00e3o \u00e9 de morador do munic\u00edpio"},"content":{"rendered":"\n<p>O prefeito de Colinas, Sandro Herrmann, afirmou \u00e0 reportagem da Folha Popular que o \u00f3bito contabilizado pela Defesa Civil para Colinas n\u00e3o \u00e9 de um morador de Colinas. Herrmann acredita que o corpo tenha sido trazido pelas \u00e1guas do rio de alguma outra cidade, como Roca Sales e Mu\u00e7um. Segundo ele, n\u00e3o h\u00e1 desaparecidos na cidade.<\/p>\n\n\n\n<p>O corpo de uma mulher foi localizado pelas equipes de buscas na Linha 31 de Outubro neste domingo (10\/9), e a identifica\u00e7\u00e3o deve ser realizada pelo Departamento M\u00e9dico Legal (DML). A morte contabilizada para Colinas entrou no relat\u00f3rio oficial da Defesa Civil no \u00faltimo balan\u00e7o divulgado no in\u00edcio da noite deste domingo (10\/9).<\/p>\n","protected":false},"excerpt":{"rendered":"<p>O prefeito de Colinas, Sandro Herrmann, afirmou \u00e0 reportagem da Folha Popular que o \u00f3bito contabilizado pela Defesa Civil para Colinas n\u00e3o \u00e9 de um morador de Colinas. Herrmann acredita que o corpo tenha sido trazido pelas \u00e1guas do rio de alguma outra cidade, como Roca Sales e Mu\u00e7um. Segundo ele, n\u00e3o h\u00e1 desaparecidos na [&hellip;]<\/p>\n","protected":false},"author":8,"featured_media":139543,"comment_status":"open","ping_status":"open","sticky":false,"template":"","format":"standard","meta":{"pmpro_default_level":"","_jetpack_memberships_contains_paid_content":false,"footnotes":""},"categories":[2,3],"tags":[],"class_list":{"0":"post-139542","1":"post","2":"type-post","3":"status-publish","4":"format-standard","5":"has-post-thumbnail","7":"category-featured","8":"category-geral","9":"pmpro-has-access"},"yoast_head":"<!-- This site is optimized with the Yoast SEO plugin v27.5 - https:\/\/yoast.com\/product\/yoast-seo-wordpress\/ -->\n<title>Prefeito afirma que \u00f3bito contabilizado para Colinas n\u00e3o \u00e9 de morador do munic\u00edpio - Folha Popular<\/title>\n<meta name=\"robots\" content=\"index, follow, max-snippet:-1, max-image-preview:large, max-video-preview:-1\" \/>\n<link rel=\"canonical\" href=\"https:\/\/folhapopular.info\/index.php\/2023\/09\/10\/prefeito-afirma-que-obito-contabilizado-para-colinas-nao-e-de-morador-do-municipio\/\" \/>\n<meta property=\"og:locale\" content=\"pt_BR\" \/>\n<meta property=\"og:type\" content=\"article\" \/>\n<meta property=\"og:title\" content=\"Prefeito afirma que \u00f3bito contabilizado para Colinas n\u00e3o \u00e9 de morador do munic\u00edpio - Folha Popular\" \/>\n<meta property=\"og:description\" content=\"O prefeito de Colinas, Sandro Herrmann, afirmou \u00e0 reportagem da Folha Popular que o \u00f3bito contabilizado pela Defesa Civil para Colinas n\u00e3o \u00e9 de um morador de Colinas. Herrmann acredita que o corpo tenha sido trazido pelas \u00e1guas do rio de alguma outra cidade, como Roca Sales e Mu\u00e7um. Segundo ele, n\u00e3o h\u00e1 desaparecidos na [&hellip;]\" \/>\n<meta property=\"og:url\" content=\"https:\/\/folhapopular.info\/index.php\/2023\/09\/10\/prefeito-afirma-que-obito-contabilizado-para-colinas-nao-e-de-morador-do-municipio\/\" \/>\n<meta property=\"og:site_name\" content=\"Folha Popular\" \/>\n<meta property=\"article:published_time\" content=\"2023-09-10T22:41:12+00:00\" \/>\n<meta property=\"article:modified_time\" content=\"2023-09-10T22:48:03+00:00\" \/>\n<meta property=\"og:image\" content=\"http:\/\/folhapopular.info\/wp-content\/uploads\/2023\/09\/WhatsApp-Image-2023-09-10-at-16.09.44.jpeg\" \/>\n\t<meta property=\"og:image:width\" content=\"720\" \/>\n\t<meta property=\"og:image:height\" content=\"1280\" \/>\n\t<meta property=\"og:image:type\" content=\"image\/jpeg\" \/>\n<meta name=\"author\" content=\"Reda\u00e7\u00e3o Folha Popular\" \/>\n<meta name=\"twitter:card\" content=\"summary_large_image\" \/>\n<meta name=\"twitter:label1\" content=\"Escrito por\" \/>\n\t<meta name=\"twitter:data1\" content=\"Reda\u00e7\u00e3o Folha Popular\" \/>\n\t<meta name=\"twitter:label2\" content=\"Est. tempo de leitura\" \/>\n\t<meta name=\"twitter:data2\" content=\"1 minuto\" \/>\n<script type=\"application\/ld+json\" class=\"yoast-schema-graph\">{\"@context\":\"https:\\\/\\\/schema.org\",\"@graph\":[{\"@type\":\"Article\",\"@id\":\"https:\\\/\\\/folhapopular.info\\\/index.php\\\/2023\\\/09\\\/10\\\/prefeito-afirma-que-obito-contabilizado-para-colinas-nao-e-de-morador-do-municipio\\\/#article\",\"isPartOf\":{\"@id\":\"https:\\\/\\\/folhapopular.info\\\/index.php\\\/2023\\\/09\\\/10\\\/prefeito-afirma-que-obito-contabilizado-para-colinas-nao-e-de-morador-do-municipio\\\/\"},\"author\":{\"name\":\"Reda\u00e7\u00e3o Folha Popular\",\"@id\":\"https:\\\/\\\/folhapopular.info\\\/#\\\/schema\\\/person\\\/2814e8a0df7643585a9ca38bc6eb9d4b\"},\"headline\":\"Prefeito afirma que \u00f3bito contabilizado para Colinas n\u00e3o \u00e9 de morador do munic\u00edpio\",\"datePublished\":\"2023-09-10T22:41:12+00:00\",\"dateModified\":\"2023-09-10T22:48:03+00:00\",\"mainEntityOfPage\":{\"@id\":\"https:\\\/\\\/folhapopular.info\\\/index.php\\\/2023\\\/09\\\/10\\\/prefeito-afirma-que-obito-contabilizado-para-colinas-nao-e-de-morador-do-municipio\\\/\"},\"wordCount\":126,\"commentCount\":0,\"image\":{\"@id\":\"https:\\\/\\\/folhapopular.info\\\/index.php\\\/2023\\\/09\\\/10\\\/prefeito-afirma-que-obito-contabilizado-para-colinas-nao-e-de-morador-do-municipio\\\/#primaryimage\"},\"thumbnailUrl\":\"https:\\\/\\\/folhapopular.info\\\/wp-content\\\/uploads\\\/2023\\\/09\\\/WhatsApp-Image-2023-09-10-at-16.09.44.jpeg\",\"articleSection\":[\"Destaques\",\"Geral\"],\"inLanguage\":\"pt-BR\",\"potentialAction\":[{\"@type\":\"CommentAction\",\"name\":\"Comment\",\"target\":[\"https:\\\/\\\/folhapopular.info\\\/index.php\\\/2023\\\/09\\\/10\\\/prefeito-afirma-que-obito-contabilizado-para-colinas-nao-e-de-morador-do-municipio\\\/#respond\"]}]},{\"@type\":\"WebPage\",\"@id\":\"https:\\\/\\\/folhapopular.info\\\/index.php\\\/2023\\\/09\\\/10\\\/prefeito-afirma-que-obito-contabilizado-para-colinas-nao-e-de-morador-do-municipio\\\/\",\"url\":\"https:\\\/\\\/folhapopular.info\\\/index.php\\\/2023\\\/09\\\/10\\\/prefeito-afirma-que-obito-contabilizado-para-colinas-nao-e-de-morador-do-municipio\\\/\",\"name\":\"Prefeito afirma que \u00f3bito contabilizado para Colinas n\u00e3o \u00e9 de morador do munic\u00edpio - Folha Popular\",\"isPartOf\":{\"@id\":\"https:\\\/\\\/folhapopular.info\\\/#website\"},\"primaryImageOfPage\":{\"@id\":\"https:\\\/\\\/folhapopular.info\\\/index.php\\\/2023\\\/09\\\/10\\\/prefeito-afirma-que-obito-contabilizado-para-colinas-nao-e-de-morador-do-municipio\\\/#primaryimage\"},\"image\":{\"@id\":\"https:\\\/\\\/folhapopular.info\\\/index.php\\\/2023\\\/09\\\/10\\\/prefeito-afirma-que-obito-contabilizado-para-colinas-nao-e-de-morador-do-municipio\\\/#primaryimage\"},\"thumbnailUrl\":\"https:\\\/\\\/folhapopular.info\\\/wp-content\\\/uploads\\\/2023\\\/09\\\/WhatsApp-Image-2023-09-10-at-16.09.44.jpeg\",\"datePublished\":\"2023-09-10T22:41:12+00:00\",\"dateModified\":\"2023-09-10T22:48:03+00:00\",\"author\":{\"@id\":\"https:\\\/\\\/folhapopular.info\\\/#\\\/schema\\\/person\\\/2814e8a0df7643585a9ca38bc6eb9d4b\"},\"breadcrumb\":{\"@id\":\"https:\\\/\\\/folhapopular.info\\\/index.php\\\/2023\\\/09\\\/10\\\/prefeito-afirma-que-obito-contabilizado-para-colinas-nao-e-de-morador-do-municipio\\\/#breadcrumb\"},\"inLanguage\":\"pt-BR\",\"potentialAction\":[{\"@type\":\"ReadAction\",\"target\":[\"https:\\\/\\\/folhapopular.info\\\/index.php\\\/2023\\\/09\\\/10\\\/prefeito-afirma-que-obito-contabilizado-para-colinas-nao-e-de-morador-do-municipio\\\/\"]}]},{\"@type\":\"ImageObject\",\"inLanguage\":\"pt-BR\",\"@id\":\"https:\\\/\\\/folhapopular.info\\\/index.php\\\/2023\\\/09\\\/10\\\/prefeito-afirma-que-obito-contabilizado-para-colinas-nao-e-de-morador-do-municipio\\\/#primaryimage\",\"url\":\"https:\\\/\\\/folhapopular.info\\\/wp-content\\\/uploads\\\/2023\\\/09\\\/WhatsApp-Image-2023-09-10-at-16.09.44.jpeg\",\"contentUrl\":\"https:\\\/\\\/folhapopular.info\\\/wp-content\\\/uploads\\\/2023\\\/09\\\/WhatsApp-Image-2023-09-10-at-16.09.44.jpeg\",\"width\":720,\"height\":1280},{\"@type\":\"BreadcrumbList\",\"@id\":\"https:\\\/\\\/folhapopular.info\\\/index.php\\\/2023\\\/09\\\/10\\\/prefeito-afirma-que-obito-contabilizado-para-colinas-nao-e-de-morador-do-municipio\\\/#breadcrumb\",\"itemListElement\":[{\"@type\":\"ListItem\",\"position\":1,\"name\":\"In\u00edcio\",\"item\":\"https:\\\/\\\/folhapopular.info\\\/\"},{\"@type\":\"ListItem\",\"position\":2,\"name\":\"Prefeito afirma que \u00f3bito contabilizado para Colinas n\u00e3o \u00e9 de morador do munic\u00edpio\"}]},{\"@type\":\"WebSite\",\"@id\":\"https:\\\/\\\/folhapopular.info\\\/#website\",\"url\":\"https:\\\/\\\/folhapopular.info\\\/\",\"name\":\"Folha Popular\",\"description\":\"Onde voc\u00ea tem vez e voz\",\"potentialAction\":[{\"@type\":\"SearchAction\",\"target\":{\"@type\":\"EntryPoint\",\"urlTemplate\":\"https:\\\/\\\/folhapopular.info\\\/?s={search_term_string}\"},\"query-input\":{\"@type\":\"PropertyValueSpecification\",\"valueRequired\":true,\"valueName\":\"search_term_string\"}}],\"inLanguage\":\"pt-BR\"},{\"@type\":\"Person\",\"@id\":\"https:\\\/\\\/folhapopular.info\\\/#\\\/schema\\\/person\\\/2814e8a0df7643585a9ca38bc6eb9d4b\",\"name\":\"Reda\u00e7\u00e3o Folha Popular\",\"image\":{\"@type\":\"ImageObject\",\"inLanguage\":\"pt-BR\",\"@id\":\"https:\\\/\\\/folhapopular.info\\\/wp-content\\\/uploads\\\/2026\\\/04\\\/Folha-1.webp\",\"url\":\"https:\\\/\\\/folhapopular.info\\\/wp-content\\\/uploads\\\/2026\\\/04\\\/Folha-1.webp\",\"contentUrl\":\"https:\\\/\\\/folhapopular.info\\\/wp-content\\\/uploads\\\/2026\\\/04\\\/Folha-1.webp\",\"caption\":\"Reda\u00e7\u00e3o Folha Popular\"},\"url\":\"https:\\\/\\\/folhapopular.info\\\/index.php\\\/author\\\/redacao\\\/\"}]}<\/script>\n<!-- \/ Yoast SEO plugin. -->","yoast_head_json":{"title":"Prefeito afirma que \u00f3bito contabilizado para Colinas n\u00e3o \u00e9 de morador do munic\u00edpio - Folha Popular","robots":{"index":"index","follow":"follow","max-snippet":"max-snippet:-1","max-image-preview":"max-image-preview:large","max-video-preview":"max-video-preview:-1"},"canonical":"https:\/\/folhapopular.info\/index.php\/2023\/09\/10\/prefeito-afirma-que-obito-contabilizado-para-colinas-nao-e-de-morador-do-municipio\/","og_locale":"pt_BR","og_type":"article","og_title":"Prefeito afirma que \u00f3bito contabilizado para Colinas n\u00e3o \u00e9 de morador do munic\u00edpio - Folha Popular","og_description":"O prefeito de Colinas, Sandro Herrmann, afirmou \u00e0 reportagem da Folha Popular que o \u00f3bito contabilizado pela Defesa Civil para Colinas n\u00e3o \u00e9 de um morador de Colinas. Herrmann acredita que o corpo tenha sido trazido pelas \u00e1guas do rio de alguma outra cidade, como Roca Sales e Mu\u00e7um. Segundo ele, n\u00e3o h\u00e1 desaparecidos na [&hellip;]","og_url":"https:\/\/folhapopular.info\/index.php\/2023\/09\/10\/prefeito-afirma-que-obito-contabilizado-para-colinas-nao-e-de-morador-do-municipio\/","og_site_name":"Folha Popular","article_published_time":"2023-09-10T22:41:12+00:00","article_modified_time":"2023-09-10T22:48:03+00:00","og_image":[{"width":720,"height":1280,"url":"http:\/\/folhapopular.info\/wp-content\/uploads\/2023\/09\/WhatsApp-Image-2023-09-10-at-16.09.44.jpeg","type":"image\/jpeg"}],"author":"Reda\u00e7\u00e3o Folha Popular","twitter_card":"summary_large_image","twitter_misc":{"Escrito por":"Reda\u00e7\u00e3o Folha Popular","Est. tempo de leitura":"1 minuto"},"schema":{"@context":"https:\/\/schema.org","@graph":[{"@type":"Article","@id":"https:\/\/folhapopular.info\/index.php\/2023\/09\/10\/prefeito-afirma-que-obito-contabilizado-para-colinas-nao-e-de-morador-do-municipio\/#article","isPartOf":{"@id":"https:\/\/folhapopular.info\/index.php\/2023\/09\/10\/prefeito-afirma-que-obito-contabilizado-para-colinas-nao-e-de-morador-do-municipio\/"},"author":{"name":"Reda\u00e7\u00e3o Folha Popular","@id":"https:\/\/folhapopular.info\/#\/schema\/person\/2814e8a0df7643585a9ca38bc6eb9d4b"},"headline":"Prefeito afirma que \u00f3bito contabilizado para Colinas n\u00e3o \u00e9 de morador do munic\u00edpio","datePublished":"2023-09-10T22:41:12+00:00","dateModified":"2023-09-10T22:48:03+00:00","mainEntityOfPage":{"@id":"https:\/\/folhapopular.info\/index.php\/2023\/09\/10\/prefeito-afirma-que-obito-contabilizado-para-colinas-nao-e-de-morador-do-municipio\/"},"wordCount":126,"commentCount":0,"image":{"@id":"https:\/\/folhapopular.info\/index.php\/2023\/09\/10\/prefeito-afirma-que-obito-contabilizado-para-colinas-nao-e-de-morador-do-municipio\/#primaryimage"},"thumbnailUrl":"https:\/\/folhapopular.info\/wp-content\/uploads\/2023\/09\/WhatsApp-Image-2023-09-10-at-16.09.44.jpeg","articleSection":["Destaques","Geral"],"inLanguage":"pt-BR","potentialAction":[{"@type":"CommentAction","name":"Comment","target":["https:\/\/folhapopular.info\/index.php\/2023\/09\/10\/prefeito-afirma-que-obito-contabilizado-para-colinas-nao-e-de-morador-do-municipio\/#respond"]}]},{"@type":"WebPage","@id":"https:\/\/folhapopular.info\/index.php\/2023\/09\/10\/prefeito-afirma-que-obito-contabilizado-para-colinas-nao-e-de-morador-do-municipio\/","url":"https:\/\/folhapopular.info\/index.php\/2023\/09\/10\/prefeito-afirma-que-obito-contabilizado-para-colinas-nao-e-de-morador-do-municipio\/","name":"Prefeito afirma que \u00f3bito contabilizado para Colinas n\u00e3o \u00e9 de morador do munic\u00edpio - Folha Popular","isPartOf":{"@id":"https:\/\/folhapopular.info\/#website"},"primaryImageOfPage":{"@id":"https:\/\/folhapopular.info\/index.php\/2023\/09\/10\/prefeito-afirma-que-obito-contabilizado-para-colinas-nao-e-de-morador-do-municipio\/#primaryimage"},"image":{"@id":"https:\/\/folhapopular.info\/index.php\/2023\/09\/10\/prefeito-afirma-que-obito-contabilizado-para-colinas-nao-e-de-morador-do-municipio\/#primaryimage"},"thumbnailUrl":"https:\/\/folhapopular.info\/wp-content\/uploads\/2023\/09\/WhatsApp-Image-2023-09-10-at-16.09.44.jpeg","datePublished":"2023-09-10T22:41:12+00:00","dateModified":"2023-09-10T22:48:03+00:00","author":{"@id":"https:\/\/folhapopular.info\/#\/schema\/person\/2814e8a0df7643585a9ca38bc6eb9d4b"},"breadcrumb":{"@id":"https:\/\/folhapopular.info\/index.php\/2023\/09\/10\/prefeito-afirma-que-obito-contabilizado-para-colinas-nao-e-de-morador-do-municipio\/#breadcrumb"},"inLanguage":"pt-BR","potentialAction":[{"@type":"ReadAction","target":["https:\/\/folhapopular.info\/index.php\/2023\/09\/10\/prefeito-afirma-que-obito-contabilizado-para-colinas-nao-e-de-morador-do-municipio\/"]}]},{"@type":"ImageObject","inLanguage":"pt-BR","@id":"https:\/\/folhapopular.info\/index.php\/2023\/09\/10\/prefeito-afirma-que-obito-contabilizado-para-colinas-nao-e-de-morador-do-municipio\/#primaryimage","url":"https:\/\/folhapopular.info\/wp-content\/uploads\/2023\/09\/WhatsApp-Image-2023-09-10-at-16.09.44.jpeg","contentUrl":"https:\/\/folhapopular.info\/wp-content\/uploads\/2023\/09\/WhatsApp-Image-2023-09-10-at-16.09.44.jpeg","width":720,"height":1280},{"@type":"BreadcrumbList","@id":"https:\/\/folhapopular.info\/index.php\/2023\/09\/10\/prefeito-afirma-que-obito-contabilizado-para-colinas-nao-e-de-morador-do-municipio\/#breadcrumb","itemListElement":[{"@type":"ListItem","position":1,"name":"In\u00edcio","item":"https:\/\/folhapopular.info\/"},{"@type":"ListItem","position":2,"name":"Prefeito afirma que \u00f3bito contabilizado para Colinas n\u00e3o \u00e9 de morador do munic\u00edpio"}]},{"@type":"WebSite","@id":"https:\/\/folhapopular.info\/#website","url":"https:\/\/folhapopular.info\/","name":"Folha Popular","description":"Onde voc\u00ea tem vez e voz","potentialAction":[{"@type":"SearchAction","target":{"@type":"EntryPoint","urlTemplate":"https:\/\/folhapopular.info\/?s={search_term_string}"},"query-input":{"@type":"PropertyValueSpecification","valueRequired":true,"valueName":"search_term_string"}}],"inLanguage":"pt-BR"},{"@type":"Person","@id":"https:\/\/folhapopular.info\/#\/schema\/person\/2814e8a0df7643585a9ca38bc6eb9d4b","name":"Reda\u00e7\u00e3o Folha Popular","image":{"@type":"ImageObject","inLanguage":"pt-BR","@id":"https:\/\/folhapopular.info\/wp-content\/uploads\/2026\/04\/Folha-1.webp","url":"https:\/\/folhapopular.info\/wp-content\/uploads\/2026\/04\/Folha-1.webp","contentUrl":"https:\/\/folhapopular.info\/wp-content\/uploads\/2026\/04\/Folha-1.webp","caption":"Reda\u00e7\u00e3o Folha Popular"},"url":"https:\/\/folhapopular.info\/index.php\/author\/redacao\/"}]}},"jetpack_featured_media_url":"https:\/\/folhapopular.info\/wp-content\/uploads\/2023\/09\/WhatsApp-Image-2023-09-10-at-16.09.44.jpeg","jetpack_sharing_enabled":true,"amp_enabled":true,"_links":{"self":[{"href":"https:\/\/folhapopular.info\/index.php\/wp-json\/wp\/v2\/posts\/139542","targetHints":{"allow":["GET"]}}],"collection":[{"href":"https:\/\/folhapopular.info\/index.php\/wp-json\/wp\/v2\/posts"}],"about":[{"href":"https:\/\/folhapopular.info\/index.php\/wp-json\/wp\/v2\/types\/post"}],"author":[{"embeddable":true,"href":"https:\/\/folhapopular.info\/index.php\/wp-json\/wp\/v2\/users\/8"}],"replies":[{"embeddable":true,"href":"https:\/\/folhapopular.info\/index.php\/wp-json\/wp\/v2\/comments?post=139542"}],"version-history":[{"count":0,"href":"https:\/\/folhapopular.info\/index.php\/wp-json\/wp\/v2\/posts\/139542\/revisions"}],"wp:featuredmedia":[{"embeddable":true,"href":"https:\/\/folhapopular.info\/index.php\/wp-json\/wp\/v2\/media\/139543"}],"wp:attachment":[{"href":"https:\/\/folhapopular.info\/index.php\/wp-json\/wp\/v2\/media?parent=139542"}],"wp:term":[{"taxonomy":"category","embeddable":true,"href":"https:\/\/folhapopular.info\/index.php\/wp-json\/wp\/v2\/categories?post=139542"},{"taxonomy":"post_tag","embeddable":true,"href":"https:\/\/folhapopular.info\/index.php\/wp-json\/wp\/v2\/tags?post=139542"}],"curies":[{"name":"wp","href":"https:\/\/api.w.org\/{rel}","templated":true}]}}